{"id":113839,"date":"2020-04-17T15:17:42","date_gmt":"2020-04-17T13:17:42","guid":{"rendered":"http:\/\/www.bellunopress.it\/?p=113839"},"modified":"2020-04-17T15:17:42","modified_gmt":"2020-04-17T13:17:42","slug":"mercati-alimentari-di-piazza-duomo-piazza-delle-erbe-e-castion-approvati-i-criteri-per-lapertura","status":"publish","type":"post","link":"https:\/\/www.bellunopress.it\/fr\/2020\/04\/17\/mercati-alimentari-di-piazza-duomo-piazza-delle-erbe-e-castion-approvati-i-criteri-per-lapertura\/","title":{"rendered":"Mercati alimentari di piazza Duomo, piazza delle Erbe e Castion: approvati i criteri per l&#8217;apertura"},"content":{"rendered":"<figure id=\"attachment_108355\" aria-describedby=\"caption-attachment-108355\" style=\"width: 224px\" class=\"wp-caption alignleft\"><a href=\"http:\/\/www.bellunopress.it\/fr\/2019\/10\/01\/belluno-porta-sulle-dolomiti-turismo-ancora-in-crescita-yuki-demilia-i-dati-del-2018-segnano-un-miglioramento-rispetto-al-2017-e-i-primi-numeri-del-2019-confermano-il-trend-positivo-museo-fulc\/yuki-demilia-assessore\/\" rel=\"attachment wp-att-108355\"><img loading=\"lazy\" decoding=\"async\" class=\"size-full wp-image-108355\" src=\"http:\/\/www.bellunopress.it\/wp-content\/uploads\/2019\/10\/Yuki-dEmilia-assessore.jpg\" alt=\"\" width=\"224\" height=\"300\" \/><\/a><figcaption id=\"caption-attachment-108355\" class=\"wp-caption-text\">Yuki d&#8217;Emilia, assessore<\/figcaption><\/figure>\n<p>Nuove regole a Belluno, per i mercati giornalieri e settimanali, limitatamente alla vendita di generi alimentari, di Piazza Duomo, Piazza delle Erbe e Pian delle Feste, a Castion. Quest&#8217;ultimo pu\u00f2 cos\u00ec tornare in attivit\u00e0 gi\u00e0 da domani sabato 18 aprile, anche se in forma ridotta: la Giunta comunale ha infatti approvato i criteri, in osservanza alle norme nazionali e regionali per il contrasto alla diffusione dell&#8217;epidemia da COVID-19, che dovranno essere rispettati per lo svolgimento delle attivit\u00e0, sulle quali vigiler\u00e0 la Polizia Locale.<\/p>\n<p>I posteggi devono essere distanziati di almeno 20 metri l\u2019uno dall\u2019altro, perimetrati con transenne, nastro segnaletico o altro sistema, e avere un chiaro percorso di accesso, distinto dal percorso di uscita.<br \/>\nI titolari delle attivit\u00e0 dovranno evitare che si formino assembramenti di clienti in attesa; dovranno anche verificare che venga rispettata la distanza sociale di almeno due metri, e che clienti e addetti alla vendita usino guanti e mascherine o altri dispositivi che garantiscano la copertura di naso e bocca. Se il cliente ne fosse sprovvisto, i dispositivi dovranno essere messi a disposizione dal venditore.<\/p>\n<p>Gli accessi, come nelle altre attivit\u00e0, dovranno essere scaglionati, consentendo l\u2019ingresso all\u2019area di vendita di una sola persona alla volta, fatta eccezione per le persone che necessitano di accompagnamento, come minori di 14 anni e disabili.<br \/>\nIl provvedimento non interessa le aree di Cavarzano e di Piazza Piloni perch\u00e9 i due mercati insistono su aree di sosta, che non possono essere soppresse vista l&#8217;impossibilit\u00e0 per i cittadini di uscire solo per \u201cliberarle\u201d spostando l&#8217;auto, quindi senza valida motivazione; inoltre, a Cavarzano non sarebbe possibile far rispettare le distanze tra le attivit\u00e0 ed evitare possibili assembramenti.<\/p>\n<p>\u00ab\u00c8 un segnale che abbiamo voluto dare, cercando di coniugare la necessit\u00e0 di prosecuzione dei servizi per i cittadini con le esigenze di sicurezza dei commercianti e dei clienti. &#8211; spiega l&#8217;assessore Yuki d&#8217;Emilia &#8211; Abbiamo quindi adottato dei criteri di contingentamento e di distanziamento che consentono, laddove reso possibile dagli spazi, lo svolgimento delle attivit\u00e0 commerciali in sicurezza\u00bb.<\/p>","protected":false},"excerpt":{"rendered":"<p>Nuove regole a Belluno, per i mercati giornalieri e settimanali, limitatamente alla vendita di generi alimentari, di Piazza Duomo, Piazza delle Erbe e Pian delle Feste, a Castion. Quest&#8217;ultimo pu\u00f2 cos\u00ec tornare in attivit\u00e0 gi\u00e0 da domani sabato 18 aprile, anche se in forma ridotta: la Giunta comunale ha infatti approvato i criteri, in osservanza [&hellip;]<\/p>\n","protected":false},"author":2,"featured_media":108355,"comment_status":"closed","ping_status":"open","sticky":false,"template":"","format":"standard","meta":{"footnotes":""},"categories":[36,26],"tags":[],"class_list":["post-113839","post","type-post","status-publish","format-standard","has-post-thumbnail","category-lavoro-economia","category-prima-pagina"],"yoast_head":"<!-- This site is optimized with the Yoast SEO plugin v28.4 - https:\/\/yoast.com\/product\/yoast-seo-wordpress\/ -->\n<title>Mercati alimentari di piazza Duomo, piazza delle Erbe e Castion: approvati i criteri per l&#039;apertura - Bellunopress - Dolomiti<\/title>\n<meta name=\"robots\" content=\"index, follow, max-snippet:-1, max-image-preview:large, max-video-preview:-1\" \/>\n<link rel=\"canonical\" href=\"https:\/\/www.bellunopress.it\/fr\/2020\/04\/17\/mercati-alimentari-di-piazza-duomo-piazza-delle-erbe-e-castion-approvati-i-criteri-per-lapertura\/\" \/>\n<meta property=\"og:locale\" content=\"fr_FR\" \/>\n<meta property=\"og:type\" content=\"article\" \/>\n<meta property=\"og:title\" content=\"Mercati alimentari di piazza Duomo, piazza delle Erbe e Castion: approvati i criteri per l&#039;apertura - Bellunopress - Dolomiti\" \/>\n<meta property=\"og:description\" content=\"Nuove regole a Belluno, per i mercati giornalieri e settimanali, limitatamente alla vendita di generi alimentari, di Piazza Duomo, Piazza delle Erbe e Pian delle Feste, a Castion. Quest&#8217;ultimo pu\u00f2 cos\u00ec tornare in attivit\u00e0 gi\u00e0 da domani sabato 18 aprile, anche se in forma ridotta: la Giunta comunale ha infatti approvato i criteri, in osservanza [&hellip;]\" \/>\n<meta property=\"og:url\" content=\"https:\/\/www.bellunopress.it\/fr\/2020\/04\/17\/mercati-alimentari-di-piazza-duomo-piazza-delle-erbe-e-castion-approvati-i-criteri-per-lapertura\/\" \/>\n<meta property=\"og:site_name\" content=\"Bellunopress - Dolomiti\" \/>\n<meta property=\"article:publisher\" content=\"https:\/\/www.facebook.com\/profile.php?id=100008943462799\" \/>\n<meta property=\"article:published_time\" content=\"2020-04-17T13:17:42+00:00\" \/>\n<meta property=\"og:image\" content=\"https:\/\/www.bellunopress.it\/wp-content\/uploads\/2019\/10\/Yuki-dEmilia-assessore.jpg\" \/>\n\t<meta property=\"og:image:width\" content=\"224\" \/>\n\t<meta property=\"og:image:height\" content=\"300\" \/>\n\t<meta property=\"og:image:type\" content=\"image\/jpeg\" \/>\n<meta name=\"author\" content=\"redazione\" \/>\n<meta name=\"twitter:card\" content=\"summary_large_image\" \/>\n<meta name=\"twitter:creator\" content=\"@bellunopress\" \/>\n<meta name=\"twitter:site\" content=\"@bellunopress\" \/>\n<meta name=\"twitter:label1\" content=\"Written by\" \/>\n\t<meta name=\"twitter:data1\" content=\"redazione\" \/>\n\t<meta name=\"twitter:label2\" content=\"Est. reading time\" \/>\n\t<meta name=\"twitter:data2\" content=\"2 minutes\" \/>\n<script type=\"application\/ld+json\" class=\"yoast-schema-graph\">{\"@context\":\"https:\\\/\\\/schema.org\",\"@graph\":[{\"@type\":\"Article\",\"@id\":\"https:\\\/\\\/www.bellunopress.it\\\/2020\\\/04\\\/17\\\/mercati-alimentari-di-piazza-duomo-piazza-delle-erbe-e-castion-approvati-i-criteri-per-lapertura\\\/#article\",\"isPartOf\":{\"@id\":\"https:\\\/\\\/www.bellunopress.it\\\/2020\\\/04\\\/17\\\/mercati-alimentari-di-piazza-duomo-piazza-delle-erbe-e-castion-approvati-i-criteri-per-lapertura\\\/\"},\"author\":{\"name\":\"redazione\",\"@id\":\"https:\\\/\\\/www.bellunopress.it\\\/#\\\/schema\\\/person\\\/79bb06722b37ece1c03d3e94beb30d73\"},\"headline\":\"Mercati alimentari di piazza Duomo, piazza delle Erbe e Castion: approvati i criteri per l&#8217;apertura\",\"datePublished\":\"2020-04-17T13:17:42+00:00\",\"mainEntityOfPage\":{\"@id\":\"https:\\\/\\\/www.bellunopress.it\\\/2020\\\/04\\\/17\\\/mercati-alimentari-di-piazza-duomo-piazza-delle-erbe-e-castion-approvati-i-criteri-per-lapertura\\\/\"},\"wordCount\":365,\"publisher\":{\"@id\":\"https:\\\/\\\/www.bellunopress.it\\\/#organization\"},\"image\":{\"@id\":\"https:\\\/\\\/www.bellunopress.it\\\/2020\\\/04\\\/17\\\/mercati-alimentari-di-piazza-duomo-piazza-delle-erbe-e-castion-approvati-i-criteri-per-lapertura\\\/#primaryimage\"},\"thumbnailUrl\":\"https:\\\/\\\/www.bellunopress.it\\\/wp-content\\\/uploads\\\/2019\\\/10\\\/Yuki-dEmilia-assessore.jpg\",\"articleSection\":[\"Lavoro, Economia, Turismo\",\"Prima Pagina\"],\"inLanguage\":\"fr-FR\"},{\"@type\":\"WebPage\",\"@id\":\"https:\\\/\\\/www.bellunopress.it\\\/2020\\\/04\\\/17\\\/mercati-alimentari-di-piazza-duomo-piazza-delle-erbe-e-castion-approvati-i-criteri-per-lapertura\\\/\",\"url\":\"https:\\\/\\\/www.bellunopress.it\\\/2020\\\/04\\\/17\\\/mercati-alimentari-di-piazza-duomo-piazza-delle-erbe-e-castion-approvati-i-criteri-per-lapertura\\\/\",\"name\":\"Mercati alimentari di piazza Duomo, piazza delle Erbe e Castion: approvati i criteri per l'apertura - Bellunopress - Dolomiti\",\"isPartOf\":{\"@id\":\"https:\\\/\\\/www.bellunopress.it\\\/#website\"},\"primaryImageOfPage\":{\"@id\":\"https:\\\/\\\/www.bellunopress.it\\\/2020\\\/04\\\/17\\\/mercati-alimentari-di-piazza-duomo-piazza-delle-erbe-e-castion-approvati-i-criteri-per-lapertura\\\/#primaryimage\"},\"image\":{\"@id\":\"https:\\\/\\\/www.bellunopress.it\\\/2020\\\/04\\\/17\\\/mercati-alimentari-di-piazza-duomo-piazza-delle-erbe-e-castion-approvati-i-criteri-per-lapertura\\\/#primaryimage\"},\"thumbnailUrl\":\"https:\\\/\\\/www.bellunopress.it\\\/wp-content\\\/uploads\\\/2019\\\/10\\\/Yuki-dEmilia-assessore.jpg\",\"datePublished\":\"2020-04-17T13:17:42+00:00\",\"breadcrumb\":{\"@id\":\"https:\\\/\\\/www.bellunopress.it\\\/2020\\\/04\\\/17\\\/mercati-alimentari-di-piazza-duomo-piazza-delle-erbe-e-castion-approvati-i-criteri-per-lapertura\\\/#breadcrumb\"},\"inLanguage\":\"fr-FR\",\"potentialAction\":[{\"@type\":\"ReadAction\",\"target\":[\"https:\\\/\\\/www.bellunopress.it\\\/2020\\\/04\\\/17\\\/mercati-alimentari-di-piazza-duomo-piazza-delle-erbe-e-castion-approvati-i-criteri-per-lapertura\\\/\"]}]},{\"@type\":\"ImageObject\",\"inLanguage\":\"fr-FR\",\"@id\":\"https:\\\/\\\/www.bellunopress.it\\\/2020\\\/04\\\/17\\\/mercati-alimentari-di-piazza-duomo-piazza-delle-erbe-e-castion-approvati-i-criteri-per-lapertura\\\/#primaryimage\",\"url\":\"https:\\\/\\\/www.bellunopress.it\\\/wp-content\\\/uploads\\\/2019\\\/10\\\/Yuki-dEmilia-assessore.jpg\",\"contentUrl\":\"https:\\\/\\\/www.bellunopress.it\\\/wp-content\\\/uploads\\\/2019\\\/10\\\/Yuki-dEmilia-assessore.jpg\",\"width\":224,\"height\":300,\"caption\":\"Yuki d'Emilia, assessore\"},{\"@type\":\"BreadcrumbList\",\"@id\":\"https:\\\/\\\/www.bellunopress.it\\\/2020\\\/04\\\/17\\\/mercati-alimentari-di-piazza-duomo-piazza-delle-erbe-e-castion-approvati-i-criteri-per-lapertura\\\/#breadcrumb\",\"itemListElement\":[{\"@type\":\"ListItem\",\"position\":1,\"name\":\"Home\",\"item\":\"https:\\\/\\\/www.bellunopress.it\\\/\"},{\"@type\":\"ListItem\",\"position\":2,\"name\":\"Mercati alimentari di piazza Duomo, piazza delle Erbe e Castion: approvati i criteri per l&#8217;apertura\"}]},{\"@type\":\"WebSite\",\"@id\":\"https:\\\/\\\/www.bellunopress.it\\\/#website\",\"url\":\"https:\\\/\\\/www.bellunopress.it\\\/\",\"name\":\"Bellunopress - Dolomiti\",\"description\":\"e-mail: redazione@bellunopress.it\",\"publisher\":{\"@id\":\"https:\\\/\\\/www.bellunopress.it\\\/#organization\"},\"potentialAction\":[{\"@type\":\"SearchAction\",\"target\":{\"@type\":\"EntryPoint\",\"urlTemplate\":\"https:\\\/\\\/www.bellunopress.it\\\/?s={search_term_string}\"},\"query-input\":{\"@type\":\"PropertyValueSpecification\",\"valueRequired\":true,\"valueName\":\"search_term_string\"}}],\"inLanguage\":\"fr-FR\"},{\"@type\":\"Organization\",\"@id\":\"https:\\\/\\\/www.bellunopress.it\\\/#organization\",\"name\":\"Bellunopress\",\"url\":\"https:\\\/\\\/www.bellunopress.it\\\/\",\"logo\":{\"@type\":\"ImageObject\",\"inLanguage\":\"fr-FR\",\"@id\":\"https:\\\/\\\/www.bellunopress.it\\\/#\\\/schema\\\/logo\\\/image\\\/\",\"url\":\"https:\\\/\\\/www.bellunopress.it\\\/wp-content\\\/uploads\\\/2011\\\/05\\\/cropped-logo-bellunopress-.jpg\",\"contentUrl\":\"https:\\\/\\\/www.bellunopress.it\\\/wp-content\\\/uploads\\\/2011\\\/05\\\/cropped-logo-bellunopress-.jpg\",\"width\":512,\"height\":512,\"caption\":\"Bellunopress\"},\"image\":{\"@id\":\"https:\\\/\\\/www.bellunopress.it\\\/#\\\/schema\\\/logo\\\/image\\\/\"},\"sameAs\":[\"https:\\\/\\\/www.facebook.com\\\/profile.php?id=100008943462799\",\"https:\\\/\\\/x.com\\\/bellunopress\",\"https:\\\/\\\/www.linkedin.com\\\/hp\\\/?dnr=JBzUWaJfMUw8vbXJJ2tVW5-I3jZKvC4wsoxE&amp;amp;amp;amp;amp;amp;trk=nav_responsive_tab_home\",\"https:\\\/\\\/www.youtube.com\\\/channel\\\/UCxL0wu1uN0_3_7hGG0306cw\"]},{\"@type\":\"Person\",\"@id\":\"https:\\\/\\\/www.bellunopress.it\\\/#\\\/schema\\\/person\\\/79bb06722b37ece1c03d3e94beb30d73\",\"name\":\"redazione\",\"image\":{\"@type\":\"ImageObject\",\"inLanguage\":\"fr-FR\",\"@id\":\"https:\\\/\\\/secure.gravatar.com\\\/avatar\\\/37d968a2e67a6fd04c169c4bdef102d0bc5d31b2546345219e348575eb80e9a0?s=96&d=mm&r=g\",\"url\":\"https:\\\/\\\/secure.gravatar.com\\\/avatar\\\/37d968a2e67a6fd04c169c4bdef102d0bc5d31b2546345219e348575eb80e9a0?s=96&d=mm&r=g\",\"contentUrl\":\"https:\\\/\\\/secure.gravatar.com\\\/avatar\\\/37d968a2e67a6fd04c169c4bdef102d0bc5d31b2546345219e348575eb80e9a0?s=96&d=mm&r=g\",\"caption\":\"redazione\"},\"sameAs\":[\"http:\\\/\\\/www.bellunopress.it\",\"https:\\\/\\\/x.com\\\/bellunopress\"],\"url\":\"https:\\\/\\\/www.bellunopress.it\\\/fr\\\/author\\\/redazione\\\/\"}]}<\/script>\n<!-- \/ Yoast SEO plugin. -->","yoast_head_json":{"title":"Mercati alimentari di piazza Duomo, piazza delle Erbe e Castion: approvati i criteri per l'apertura - Bellunopress - Dolomiti","robots":{"index":"index","follow":"follow","max-snippet":"max-snippet:-1","max-image-preview":"max-image-preview:large","max-video-preview":"max-video-preview:-1"},"canonical":"https:\/\/www.bellunopress.it\/fr\/2020\/04\/17\/mercati-alimentari-di-piazza-duomo-piazza-delle-erbe-e-castion-approvati-i-criteri-per-lapertura\/","og_locale":"fr_FR","og_type":"article","og_title":"Mercati alimentari di piazza Duomo, piazza delle Erbe e Castion: approvati i criteri per l'apertura - Bellunopress - Dolomiti","og_description":"Nuove regole a Belluno, per i mercati giornalieri e settimanali, limitatamente alla vendita di generi alimentari, di Piazza Duomo, Piazza delle Erbe e Pian delle Feste, a Castion. Quest&#8217;ultimo pu\u00f2 cos\u00ec tornare in attivit\u00e0 gi\u00e0 da domani sabato 18 aprile, anche se in forma ridotta: la Giunta comunale ha infatti approvato i criteri, in osservanza [&hellip;]","og_url":"https:\/\/www.bellunopress.it\/fr\/2020\/04\/17\/mercati-alimentari-di-piazza-duomo-piazza-delle-erbe-e-castion-approvati-i-criteri-per-lapertura\/","og_site_name":"Bellunopress - Dolomiti","article_publisher":"https:\/\/www.facebook.com\/profile.php?id=100008943462799","article_published_time":"2020-04-17T13:17:42+00:00","og_image":[{"width":224,"height":300,"url":"https:\/\/www.bellunopress.it\/wp-content\/uploads\/2019\/10\/Yuki-dEmilia-assessore.jpg","type":"image\/jpeg"}],"author":"redazione","twitter_card":"summary_large_image","twitter_creator":"@bellunopress","twitter_site":"@bellunopress","twitter_misc":{"Written by":"redazione","Est. reading time":"2 minutes"},"schema":{"@context":"https:\/\/schema.org","@graph":[{"@type":"Article","@id":"https:\/\/www.bellunopress.it\/2020\/04\/17\/mercati-alimentari-di-piazza-duomo-piazza-delle-erbe-e-castion-approvati-i-criteri-per-lapertura\/#article","isPartOf":{"@id":"https:\/\/www.bellunopress.it\/2020\/04\/17\/mercati-alimentari-di-piazza-duomo-piazza-delle-erbe-e-castion-approvati-i-criteri-per-lapertura\/"},"author":{"name":"redazione","@id":"https:\/\/www.bellunopress.it\/#\/schema\/person\/79bb06722b37ece1c03d3e94beb30d73"},"headline":"Mercati alimentari di piazza Duomo, piazza delle Erbe e Castion: approvati i criteri per l&#8217;apertura","datePublished":"2020-04-17T13:17:42+00:00","mainEntityOfPage":{"@id":"https:\/\/www.bellunopress.it\/2020\/04\/17\/mercati-alimentari-di-piazza-duomo-piazza-delle-erbe-e-castion-approvati-i-criteri-per-lapertura\/"},"wordCount":365,"publisher":{"@id":"https:\/\/www.bellunopress.it\/#organization"},"image":{"@id":"https:\/\/www.bellunopress.it\/2020\/04\/17\/mercati-alimentari-di-piazza-duomo-piazza-delle-erbe-e-castion-approvati-i-criteri-per-lapertura\/#primaryimage"},"thumbnailUrl":"https:\/\/www.bellunopress.it\/wp-content\/uploads\/2019\/10\/Yuki-dEmilia-assessore.jpg","articleSection":["Lavoro, Economia, Turismo","Prima Pagina"],"inLanguage":"fr-FR"},{"@type":"WebPage","@id":"https:\/\/www.bellunopress.it\/2020\/04\/17\/mercati-alimentari-di-piazza-duomo-piazza-delle-erbe-e-castion-approvati-i-criteri-per-lapertura\/","url":"https:\/\/www.bellunopress.it\/2020\/04\/17\/mercati-alimentari-di-piazza-duomo-piazza-delle-erbe-e-castion-approvati-i-criteri-per-lapertura\/","name":"Mercati alimentari di piazza Duomo, piazza delle Erbe e Castion: approvati i criteri per l'apertura - Bellunopress - Dolomiti","isPartOf":{"@id":"https:\/\/www.bellunopress.it\/#website"},"primaryImageOfPage":{"@id":"https:\/\/www.bellunopress.it\/2020\/04\/17\/mercati-alimentari-di-piazza-duomo-piazza-delle-erbe-e-castion-approvati-i-criteri-per-lapertura\/#primaryimage"},"image":{"@id":"https:\/\/www.bellunopress.it\/2020\/04\/17\/mercati-alimentari-di-piazza-duomo-piazza-delle-erbe-e-castion-approvati-i-criteri-per-lapertura\/#primaryimage"},"thumbnailUrl":"https:\/\/www.bellunopress.it\/wp-content\/uploads\/2019\/10\/Yuki-dEmilia-assessore.jpg","datePublished":"2020-04-17T13:17:42+00:00","breadcrumb":{"@id":"https:\/\/www.bellunopress.it\/2020\/04\/17\/mercati-alimentari-di-piazza-duomo-piazza-delle-erbe-e-castion-approvati-i-criteri-per-lapertura\/#breadcrumb"},"inLanguage":"fr-FR","potentialAction":[{"@type":"ReadAction","target":["https:\/\/www.bellunopress.it\/2020\/04\/17\/mercati-alimentari-di-piazza-duomo-piazza-delle-erbe-e-castion-approvati-i-criteri-per-lapertura\/"]}]},{"@type":"ImageObject","inLanguage":"fr-FR","@id":"https:\/\/www.bellunopress.it\/2020\/04\/17\/mercati-alimentari-di-piazza-duomo-piazza-delle-erbe-e-castion-approvati-i-criteri-per-lapertura\/#primaryimage","url":"https:\/\/www.bellunopress.it\/wp-content\/uploads\/2019\/10\/Yuki-dEmilia-assessore.jpg","contentUrl":"https:\/\/www.bellunopress.it\/wp-content\/uploads\/2019\/10\/Yuki-dEmilia-assessore.jpg","width":224,"height":300,"caption":"Yuki d'Emilia, assessore"},{"@type":"BreadcrumbList","@id":"https:\/\/www.bellunopress.it\/2020\/04\/17\/mercati-alimentari-di-piazza-duomo-piazza-delle-erbe-e-castion-approvati-i-criteri-per-lapertura\/#breadcrumb","itemListElement":[{"@type":"ListItem","position":1,"name":"Home","item":"https:\/\/www.bellunopress.it\/"},{"@type":"ListItem","position":2,"name":"Mercati alimentari di piazza Duomo, piazza delle Erbe e Castion: approvati i criteri per l&#8217;apertura"}]},{"@type":"WebSite","@id":"https:\/\/www.bellunopress.it\/#website","url":"https:\/\/www.bellunopress.it\/","name":"Bellunopress - Dolomiti","description":"e-mail: redazione@bellunopress.it","publisher":{"@id":"https:\/\/www.bellunopress.it\/#organization"},"potentialAction":[{"@type":"SearchAction","target":{"@type":"EntryPoint","urlTemplate":"https:\/\/www.bellunopress.it\/?s={search_term_string}"},"query-input":{"@type":"PropertyValueSpecification","valueRequired":true,"valueName":"search_term_string"}}],"inLanguage":"fr-FR"},{"@type":"Organization","@id":"https:\/\/www.bellunopress.it\/#organization","name":"Bellunopress","url":"https:\/\/www.bellunopress.it\/","logo":{"@type":"ImageObject","inLanguage":"fr-FR","@id":"https:\/\/www.bellunopress.it\/#\/schema\/logo\/image\/","url":"https:\/\/www.bellunopress.it\/wp-content\/uploads\/2011\/05\/cropped-logo-bellunopress-.jpg","contentUrl":"https:\/\/www.bellunopress.it\/wp-content\/uploads\/2011\/05\/cropped-logo-bellunopress-.jpg","width":512,"height":512,"caption":"Bellunopress"},"image":{"@id":"https:\/\/www.bellunopress.it\/#\/schema\/logo\/image\/"},"sameAs":["https:\/\/www.facebook.com\/profile.php?id=100008943462799","https:\/\/x.com\/bellunopress","https:\/\/www.linkedin.com\/hp\/?dnr=JBzUWaJfMUw8vbXJJ2tVW5-I3jZKvC4wsoxE&amp;amp;amp;amp;amp;amp;trk=nav_responsive_tab_home","https:\/\/www.youtube.com\/channel\/UCxL0wu1uN0_3_7hGG0306cw"]},{"@type":"Person","@id":"https:\/\/www.bellunopress.it\/#\/schema\/person\/79bb06722b37ece1c03d3e94beb30d73","name":"r\u00e9daction","image":{"@type":"ImageObject","inLanguage":"fr-FR","@id":"https:\/\/secure.gravatar.com\/avatar\/37d968a2e67a6fd04c169c4bdef102d0bc5d31b2546345219e348575eb80e9a0?s=96&d=mm&r=g","url":"https:\/\/secure.gravatar.com\/avatar\/37d968a2e67a6fd04c169c4bdef102d0bc5d31b2546345219e348575eb80e9a0?s=96&d=mm&r=g","contentUrl":"https:\/\/secure.gravatar.com\/avatar\/37d968a2e67a6fd04c169c4bdef102d0bc5d31b2546345219e348575eb80e9a0?s=96&d=mm&r=g","caption":"redazione"},"sameAs":["http:\/\/www.bellunopress.it","https:\/\/x.com\/bellunopress"],"url":"https:\/\/www.bellunopress.it\/fr\/author\/redazione\/"}]}},"_links":{"self":[{"href":"https:\/\/www.bellunopress.it\/fr\/wp-json\/wp\/v2\/posts\/113839","targetHints":{"allow":["GET"]}}],"collection":[{"href":"https:\/\/www.bellunopress.it\/fr\/wp-json\/wp\/v2\/posts"}],"about":[{"href":"https:\/\/www.bellunopress.it\/fr\/wp-json\/wp\/v2\/types\/post"}],"author":[{"embeddable":true,"href":"https:\/\/www.bellunopress.it\/fr\/wp-json\/wp\/v2\/users\/2"}],"replies":[{"embeddable":true,"href":"https:\/\/www.bellunopress.it\/fr\/wp-json\/wp\/v2\/comments?post=113839"}],"version-history":[{"count":1,"href":"https:\/\/www.bellunopress.it\/fr\/wp-json\/wp\/v2\/posts\/113839\/revisions"}],"predecessor-version":[{"id":113840,"href":"https:\/\/www.bellunopress.it\/fr\/wp-json\/wp\/v2\/posts\/113839\/revisions\/113840"}],"wp:featuredmedia":[{"embeddable":true,"href":"https:\/\/www.bellunopress.it\/fr\/wp-json\/wp\/v2\/media\/108355"}],"wp:attachment":[{"href":"https:\/\/www.bellunopress.it\/fr\/wp-json\/wp\/v2\/media?parent=113839"}],"wp:term":[{"taxonomy":"category","embeddable":true,"href":"https:\/\/www.bellunopress.it\/fr\/wp-json\/wp\/v2\/categories?post=113839"},{"taxonomy":"post_tag","embeddable":true,"href":"https:\/\/www.bellunopress.it\/fr\/wp-json\/wp\/v2\/tags?post=113839"}],"curies":[{"name":"wp","href":"https:\/\/api.w.org\/{rel}","templated":true}]}}