{"id":113837,"date":"2020-04-17T13:09:15","date_gmt":"2020-04-17T11:09:15","guid":{"rendered":"http:\/\/www.bellunopress.it\/?p=113837"},"modified":"2020-04-17T13:09:15","modified_gmt":"2020-04-17T11:09:15","slug":"cessa-lincarico-la-dottoressa-giulia-ghirardo-pediatra-di-libera-scelta-con-ambulatorio-a-stefano-di-cadore","status":"publish","type":"post","link":"https:\/\/www.bellunopress.it\/fr\/2020\/04\/17\/cessa-lincarico-la-dottoressa-giulia-ghirardo-pediatra-di-libera-scelta-con-ambulatorio-a-stefano-di-cadore\/","title":{"rendered":"Cessa l\u2019incarico la dottoressa Giulia Ghirardo, pediatra di libera scelta con ambulatorio a Stefano di Cadore"},"content":{"rendered":"<p><a href=\"http:\/\/www.bellunopress.it\/fr\/2017\/02\/01\/due-ginecologi-operativi-h-24-al-punto-nascite-di-pieve-di-cadore\/ulss-1-dolomiti\/\" rel=\"attachment wp-att-84065\"><img loading=\"lazy\" decoding=\"async\" class=\"alignleft size-full wp-image-84065\" src=\"http:\/\/www.bellunopress.it\/wp-content\/uploads\/2017\/02\/ulss-1-dolomiti.jpg\" alt=\"\" width=\"214\" height=\"110\" \/><\/a>Dal prossimo 30 aprile 2020 la dottoressa Giulia Ghirardo, unica pediatra di libera scelta dell&#8217;ambito territoriale dei Comuni di Santo Stefano di Cadore, San Pietro di Cadore, San Nicol\u00f2 Comelico, Danta di Cadore e Comelico Superiore, cesser\u00e0 la propria attivit\u00e0 per trasferimento presso altra Azienda Ulss. LO comunica la Direzione dell&#8217;Ulss 1 Dolomiti.<\/p>\n<p>In conseguenza di ci\u00f2, e come peraltro avvenuto in analoghe situazioni, l\u2019assistenza medica gratuita sar\u00e0 temporaneamente garantita dai medici della Medicina di Gruppo Integrata del Comelico fino ad inserimento di un nuovo pediatra, a seguito delle procedure previste dalla normativa di settore. A tale riguardo si evidenzia che la zona carente del Comelico sar\u00e0 comunicata entro questa settimana ad Azienda Zero per il seguito di competenza.<br \/>\nE\u2019 pertanto necessario effettuare la scelta di uno dei medici di assistenza primaria dell\u2019ambito territoriale sopra indicato secondo le modalit\u00e0 riportate nella nota inviata in questi giorni agli assistiti della dr.ssa Ghirardo.<\/p>\n<p>L\u2019Azienda ULSS n. 1 Dolomiti d\u00e0 le pi\u00f9 ampie rassicurazioni circa l\u2019attenzione costante rivolta alla situazione dell\u2019assistenza medica in Comelico allo scopo di attuare ogni utile iniziativa atta ad assicurare, in tempi brevi e per quanto possibile, alla popolazione ivi residente le prestazioni pediatriche.<br \/>\nPer qualsiasi informazione \u00e8 possibile rivolgersi all\u2019ufficio sub-distrettuale di Santo Stefano di Cadore contattando il seguente numero telefonico 0435. 62438.<\/p>","protected":false},"excerpt":{"rendered":"<p>Dal prossimo 30 aprile 2020 la dottoressa Giulia Ghirardo, unica pediatra di libera scelta dell&#8217;ambito territoriale dei Comuni di Santo Stefano di Cadore, San Pietro di Cadore, San Nicol\u00f2 Comelico, Danta di Cadore e Comelico Superiore, cesser\u00e0 la propria attivit\u00e0 per trasferimento presso altra Azienda Ulss. LO comunica la Direzione dell&#8217;Ulss 1 Dolomiti. In conseguenza [&hellip;]<\/p>\n","protected":false},"author":2,"featured_media":84065,"comment_status":"closed","ping_status":"open","sticky":false,"template":"","format":"standard","meta":{"footnotes":""},"categories":[26,17],"tags":[],"class_list":["post-113837","post","type-post","status-publish","format-standard","has-post-thumbnail","category-prima-pagina","category-sanita"],"yoast_head":"<!-- This site is optimized with the Yoast SEO plugin v28.4 - https:\/\/yoast.com\/product\/yoast-seo-wordpress\/ -->\n<title>Cessa l\u2019incarico la dottoressa Giulia Ghirardo, pediatra di libera scelta con ambulatorio a Stefano di Cadore - Bellunopress - Dolomiti<\/title>\n<meta name=\"robots\" content=\"index, follow, max-snippet:-1, max-image-preview:large, max-video-preview:-1\" \/>\n<link rel=\"canonical\" href=\"https:\/\/www.bellunopress.it\/fr\/2020\/04\/17\/cessa-lincarico-la-dottoressa-giulia-ghirardo-pediatra-di-libera-scelta-con-ambulatorio-a-stefano-di-cadore\/\" \/>\n<meta property=\"og:locale\" content=\"fr_FR\" \/>\n<meta property=\"og:type\" content=\"article\" \/>\n<meta property=\"og:title\" content=\"Cessa l\u2019incarico la dottoressa Giulia Ghirardo, pediatra di libera scelta con ambulatorio a Stefano di Cadore - Bellunopress - Dolomiti\" \/>\n<meta property=\"og:description\" content=\"Dal prossimo 30 aprile 2020 la dottoressa Giulia Ghirardo, unica pediatra di libera scelta dell&#8217;ambito territoriale dei Comuni di Santo Stefano di Cadore, San Pietro di Cadore, San Nicol\u00f2 Comelico, Danta di Cadore e Comelico Superiore, cesser\u00e0 la propria attivit\u00e0 per trasferimento presso altra Azienda Ulss. LO comunica la Direzione dell&#8217;Ulss 1 Dolomiti. In conseguenza [&hellip;]\" \/>\n<meta property=\"og:url\" content=\"https:\/\/www.bellunopress.it\/fr\/2020\/04\/17\/cessa-lincarico-la-dottoressa-giulia-ghirardo-pediatra-di-libera-scelta-con-ambulatorio-a-stefano-di-cadore\/\" \/>\n<meta property=\"og:site_name\" content=\"Bellunopress - Dolomiti\" \/>\n<meta property=\"article:publisher\" content=\"https:\/\/www.facebook.com\/profile.php?id=100008943462799\" \/>\n<meta property=\"article:published_time\" content=\"2020-04-17T11:09:15+00:00\" \/>\n<meta property=\"og:image\" content=\"https:\/\/www.bellunopress.it\/wp-content\/uploads\/2017\/02\/ulss-1-dolomiti.jpg\" \/>\n\t<meta property=\"og:image:width\" content=\"214\" \/>\n\t<meta property=\"og:image:height\" content=\"110\" \/>\n\t<meta property=\"og:image:type\" content=\"image\/jpeg\" \/>\n<meta name=\"author\" content=\"redazione\" \/>\n<meta name=\"twitter:card\" content=\"summary_large_image\" \/>\n<meta name=\"twitter:creator\" content=\"@bellunopress\" \/>\n<meta name=\"twitter:site\" content=\"@bellunopress\" \/>\n<meta name=\"twitter:label1\" content=\"Written by\" \/>\n\t<meta name=\"twitter:data1\" content=\"redazione\" \/>\n\t<meta name=\"twitter:label2\" content=\"Est. reading time\" \/>\n\t<meta name=\"twitter:data2\" content=\"1 minute\" \/>\n<script type=\"application\/ld+json\" class=\"yoast-schema-graph\">{\"@context\":\"https:\\\/\\\/schema.org\",\"@graph\":[{\"@type\":\"Article\",\"@id\":\"https:\\\/\\\/www.bellunopress.it\\\/2020\\\/04\\\/17\\\/cessa-lincarico-la-dottoressa-giulia-ghirardo-pediatra-di-libera-scelta-con-ambulatorio-a-stefano-di-cadore\\\/#article\",\"isPartOf\":{\"@id\":\"https:\\\/\\\/www.bellunopress.it\\\/2020\\\/04\\\/17\\\/cessa-lincarico-la-dottoressa-giulia-ghirardo-pediatra-di-libera-scelta-con-ambulatorio-a-stefano-di-cadore\\\/\"},\"author\":{\"name\":\"redazione\",\"@id\":\"https:\\\/\\\/www.bellunopress.it\\\/#\\\/schema\\\/person\\\/79bb06722b37ece1c03d3e94beb30d73\"},\"headline\":\"Cessa l\u2019incarico la dottoressa Giulia Ghirardo, pediatra di libera scelta con ambulatorio a Stefano di Cadore\",\"datePublished\":\"2020-04-17T11:09:15+00:00\",\"mainEntityOfPage\":{\"@id\":\"https:\\\/\\\/www.bellunopress.it\\\/2020\\\/04\\\/17\\\/cessa-lincarico-la-dottoressa-giulia-ghirardo-pediatra-di-libera-scelta-con-ambulatorio-a-stefano-di-cadore\\\/\"},\"wordCount\":234,\"publisher\":{\"@id\":\"https:\\\/\\\/www.bellunopress.it\\\/#organization\"},\"image\":{\"@id\":\"https:\\\/\\\/www.bellunopress.it\\\/2020\\\/04\\\/17\\\/cessa-lincarico-la-dottoressa-giulia-ghirardo-pediatra-di-libera-scelta-con-ambulatorio-a-stefano-di-cadore\\\/#primaryimage\"},\"thumbnailUrl\":\"https:\\\/\\\/www.bellunopress.it\\\/wp-content\\\/uploads\\\/2017\\\/02\\\/ulss-1-dolomiti.jpg\",\"articleSection\":[\"Prima Pagina\",\"Sanit\u00e0 Medicina\"],\"inLanguage\":\"fr-FR\"},{\"@type\":\"WebPage\",\"@id\":\"https:\\\/\\\/www.bellunopress.it\\\/2020\\\/04\\\/17\\\/cessa-lincarico-la-dottoressa-giulia-ghirardo-pediatra-di-libera-scelta-con-ambulatorio-a-stefano-di-cadore\\\/\",\"url\":\"https:\\\/\\\/www.bellunopress.it\\\/2020\\\/04\\\/17\\\/cessa-lincarico-la-dottoressa-giulia-ghirardo-pediatra-di-libera-scelta-con-ambulatorio-a-stefano-di-cadore\\\/\",\"name\":\"Cessa l\u2019incarico la dottoressa Giulia Ghirardo, pediatra di libera scelta con ambulatorio a Stefano di Cadore - Bellunopress - Dolomiti\",\"isPartOf\":{\"@id\":\"https:\\\/\\\/www.bellunopress.it\\\/#website\"},\"primaryImageOfPage\":{\"@id\":\"https:\\\/\\\/www.bellunopress.it\\\/2020\\\/04\\\/17\\\/cessa-lincarico-la-dottoressa-giulia-ghirardo-pediatra-di-libera-scelta-con-ambulatorio-a-stefano-di-cadore\\\/#primaryimage\"},\"image\":{\"@id\":\"https:\\\/\\\/www.bellunopress.it\\\/2020\\\/04\\\/17\\\/cessa-lincarico-la-dottoressa-giulia-ghirardo-pediatra-di-libera-scelta-con-ambulatorio-a-stefano-di-cadore\\\/#primaryimage\"},\"thumbnailUrl\":\"https:\\\/\\\/www.bellunopress.it\\\/wp-content\\\/uploads\\\/2017\\\/02\\\/ulss-1-dolomiti.jpg\",\"datePublished\":\"2020-04-17T11:09:15+00:00\",\"breadcrumb\":{\"@id\":\"https:\\\/\\\/www.bellunopress.it\\\/2020\\\/04\\\/17\\\/cessa-lincarico-la-dottoressa-giulia-ghirardo-pediatra-di-libera-scelta-con-ambulatorio-a-stefano-di-cadore\\\/#breadcrumb\"},\"inLanguage\":\"fr-FR\",\"potentialAction\":[{\"@type\":\"ReadAction\",\"target\":[\"https:\\\/\\\/www.bellunopress.it\\\/2020\\\/04\\\/17\\\/cessa-lincarico-la-dottoressa-giulia-ghirardo-pediatra-di-libera-scelta-con-ambulatorio-a-stefano-di-cadore\\\/\"]}]},{\"@type\":\"ImageObject\",\"inLanguage\":\"fr-FR\",\"@id\":\"https:\\\/\\\/www.bellunopress.it\\\/2020\\\/04\\\/17\\\/cessa-lincarico-la-dottoressa-giulia-ghirardo-pediatra-di-libera-scelta-con-ambulatorio-a-stefano-di-cadore\\\/#primaryimage\",\"url\":\"https:\\\/\\\/www.bellunopress.it\\\/wp-content\\\/uploads\\\/2017\\\/02\\\/ulss-1-dolomiti.jpg\",\"contentUrl\":\"https:\\\/\\\/www.bellunopress.it\\\/wp-content\\\/uploads\\\/2017\\\/02\\\/ulss-1-dolomiti.jpg\",\"width\":214,\"height\":110},{\"@type\":\"BreadcrumbList\",\"@id\":\"https:\\\/\\\/www.bellunopress.it\\\/2020\\\/04\\\/17\\\/cessa-lincarico-la-dottoressa-giulia-ghirardo-pediatra-di-libera-scelta-con-ambulatorio-a-stefano-di-cadore\\\/#breadcrumb\",\"itemListElement\":[{\"@type\":\"ListItem\",\"position\":1,\"name\":\"Home\",\"item\":\"https:\\\/\\\/www.bellunopress.it\\\/\"},{\"@type\":\"ListItem\",\"position\":2,\"name\":\"Cessa l\u2019incarico la dottoressa Giulia Ghirardo, pediatra di libera scelta con ambulatorio a Stefano di Cadore\"}]},{\"@type\":\"WebSite\",\"@id\":\"https:\\\/\\\/www.bellunopress.it\\\/#website\",\"url\":\"https:\\\/\\\/www.bellunopress.it\\\/\",\"name\":\"Bellunopress - Dolomiti\",\"description\":\"e-mail: redazione@bellunopress.it\",\"publisher\":{\"@id\":\"https:\\\/\\\/www.bellunopress.it\\\/#organization\"},\"potentialAction\":[{\"@type\":\"SearchAction\",\"target\":{\"@type\":\"EntryPoint\",\"urlTemplate\":\"https:\\\/\\\/www.bellunopress.it\\\/?s={search_term_string}\"},\"query-input\":{\"@type\":\"PropertyValueSpecification\",\"valueRequired\":true,\"valueName\":\"search_term_string\"}}],\"inLanguage\":\"fr-FR\"},{\"@type\":\"Organization\",\"@id\":\"https:\\\/\\\/www.bellunopress.it\\\/#organization\",\"name\":\"Bellunopress\",\"url\":\"https:\\\/\\\/www.bellunopress.it\\\/\",\"logo\":{\"@type\":\"ImageObject\",\"inLanguage\":\"fr-FR\",\"@id\":\"https:\\\/\\\/www.bellunopress.it\\\/#\\\/schema\\\/logo\\\/image\\\/\",\"url\":\"https:\\\/\\\/www.bellunopress.it\\\/wp-content\\\/uploads\\\/2011\\\/05\\\/cropped-logo-bellunopress-.jpg\",\"contentUrl\":\"https:\\\/\\\/www.bellunopress.it\\\/wp-content\\\/uploads\\\/2011\\\/05\\\/cropped-logo-bellunopress-.jpg\",\"width\":512,\"height\":512,\"caption\":\"Bellunopress\"},\"image\":{\"@id\":\"https:\\\/\\\/www.bellunopress.it\\\/#\\\/schema\\\/logo\\\/image\\\/\"},\"sameAs\":[\"https:\\\/\\\/www.facebook.com\\\/profile.php?id=100008943462799\",\"https:\\\/\\\/x.com\\\/bellunopress\",\"https:\\\/\\\/www.linkedin.com\\\/hp\\\/?dnr=JBzUWaJfMUw8vbXJJ2tVW5-I3jZKvC4wsoxE&amp;amp;amp;amp;amp;amp;trk=nav_responsive_tab_home\",\"https:\\\/\\\/www.youtube.com\\\/channel\\\/UCxL0wu1uN0_3_7hGG0306cw\"]},{\"@type\":\"Person\",\"@id\":\"https:\\\/\\\/www.bellunopress.it\\\/#\\\/schema\\\/person\\\/79bb06722b37ece1c03d3e94beb30d73\",\"name\":\"redazione\",\"image\":{\"@type\":\"ImageObject\",\"inLanguage\":\"fr-FR\",\"@id\":\"https:\\\/\\\/secure.gravatar.com\\\/avatar\\\/37d968a2e67a6fd04c169c4bdef102d0bc5d31b2546345219e348575eb80e9a0?s=96&d=mm&r=g\",\"url\":\"https:\\\/\\\/secure.gravatar.com\\\/avatar\\\/37d968a2e67a6fd04c169c4bdef102d0bc5d31b2546345219e348575eb80e9a0?s=96&d=mm&r=g\",\"contentUrl\":\"https:\\\/\\\/secure.gravatar.com\\\/avatar\\\/37d968a2e67a6fd04c169c4bdef102d0bc5d31b2546345219e348575eb80e9a0?s=96&d=mm&r=g\",\"caption\":\"redazione\"},\"sameAs\":[\"http:\\\/\\\/www.bellunopress.it\",\"https:\\\/\\\/x.com\\\/bellunopress\"],\"url\":\"https:\\\/\\\/www.bellunopress.it\\\/fr\\\/author\\\/redazione\\\/\"}]}<\/script>\n<!-- \/ Yoast SEO plugin. -->","yoast_head_json":{"title":"Cessa l\u2019incarico la dottoressa Giulia Ghirardo, pediatra di libera scelta con ambulatorio a Stefano di Cadore - Bellunopress - Dolomiti","robots":{"index":"index","follow":"follow","max-snippet":"max-snippet:-1","max-image-preview":"max-image-preview:large","max-video-preview":"max-video-preview:-1"},"canonical":"https:\/\/www.bellunopress.it\/fr\/2020\/04\/17\/cessa-lincarico-la-dottoressa-giulia-ghirardo-pediatra-di-libera-scelta-con-ambulatorio-a-stefano-di-cadore\/","og_locale":"fr_FR","og_type":"article","og_title":"Cessa l\u2019incarico la dottoressa Giulia Ghirardo, pediatra di libera scelta con ambulatorio a Stefano di Cadore - Bellunopress - Dolomiti","og_description":"Dal prossimo 30 aprile 2020 la dottoressa Giulia Ghirardo, unica pediatra di libera scelta dell&#8217;ambito territoriale dei Comuni di Santo Stefano di Cadore, San Pietro di Cadore, San Nicol\u00f2 Comelico, Danta di Cadore e Comelico Superiore, cesser\u00e0 la propria attivit\u00e0 per trasferimento presso altra Azienda Ulss. LO comunica la Direzione dell&#8217;Ulss 1 Dolomiti. In conseguenza [&hellip;]","og_url":"https:\/\/www.bellunopress.it\/fr\/2020\/04\/17\/cessa-lincarico-la-dottoressa-giulia-ghirardo-pediatra-di-libera-scelta-con-ambulatorio-a-stefano-di-cadore\/","og_site_name":"Bellunopress - Dolomiti","article_publisher":"https:\/\/www.facebook.com\/profile.php?id=100008943462799","article_published_time":"2020-04-17T11:09:15+00:00","og_image":[{"width":214,"height":110,"url":"https:\/\/www.bellunopress.it\/wp-content\/uploads\/2017\/02\/ulss-1-dolomiti.jpg","type":"image\/jpeg"}],"author":"redazione","twitter_card":"summary_large_image","twitter_creator":"@bellunopress","twitter_site":"@bellunopress","twitter_misc":{"Written by":"redazione","Est. reading time":"1 minute"},"schema":{"@context":"https:\/\/schema.org","@graph":[{"@type":"Article","@id":"https:\/\/www.bellunopress.it\/2020\/04\/17\/cessa-lincarico-la-dottoressa-giulia-ghirardo-pediatra-di-libera-scelta-con-ambulatorio-a-stefano-di-cadore\/#article","isPartOf":{"@id":"https:\/\/www.bellunopress.it\/2020\/04\/17\/cessa-lincarico-la-dottoressa-giulia-ghirardo-pediatra-di-libera-scelta-con-ambulatorio-a-stefano-di-cadore\/"},"author":{"name":"redazione","@id":"https:\/\/www.bellunopress.it\/#\/schema\/person\/79bb06722b37ece1c03d3e94beb30d73"},"headline":"Cessa l\u2019incarico la dottoressa Giulia Ghirardo, pediatra di libera scelta con ambulatorio a Stefano di Cadore","datePublished":"2020-04-17T11:09:15+00:00","mainEntityOfPage":{"@id":"https:\/\/www.bellunopress.it\/2020\/04\/17\/cessa-lincarico-la-dottoressa-giulia-ghirardo-pediatra-di-libera-scelta-con-ambulatorio-a-stefano-di-cadore\/"},"wordCount":234,"publisher":{"@id":"https:\/\/www.bellunopress.it\/#organization"},"image":{"@id":"https:\/\/www.bellunopress.it\/2020\/04\/17\/cessa-lincarico-la-dottoressa-giulia-ghirardo-pediatra-di-libera-scelta-con-ambulatorio-a-stefano-di-cadore\/#primaryimage"},"thumbnailUrl":"https:\/\/www.bellunopress.it\/wp-content\/uploads\/2017\/02\/ulss-1-dolomiti.jpg","articleSection":["Prima Pagina","Sanit\u00e0 Medicina"],"inLanguage":"fr-FR"},{"@type":"WebPage","@id":"https:\/\/www.bellunopress.it\/2020\/04\/17\/cessa-lincarico-la-dottoressa-giulia-ghirardo-pediatra-di-libera-scelta-con-ambulatorio-a-stefano-di-cadore\/","url":"https:\/\/www.bellunopress.it\/2020\/04\/17\/cessa-lincarico-la-dottoressa-giulia-ghirardo-pediatra-di-libera-scelta-con-ambulatorio-a-stefano-di-cadore\/","name":"Cessa l\u2019incarico la dottoressa Giulia Ghirardo, pediatra di libera scelta con ambulatorio a Stefano di Cadore - Bellunopress - Dolomiti","isPartOf":{"@id":"https:\/\/www.bellunopress.it\/#website"},"primaryImageOfPage":{"@id":"https:\/\/www.bellunopress.it\/2020\/04\/17\/cessa-lincarico-la-dottoressa-giulia-ghirardo-pediatra-di-libera-scelta-con-ambulatorio-a-stefano-di-cadore\/#primaryimage"},"image":{"@id":"https:\/\/www.bellunopress.it\/2020\/04\/17\/cessa-lincarico-la-dottoressa-giulia-ghirardo-pediatra-di-libera-scelta-con-ambulatorio-a-stefano-di-cadore\/#primaryimage"},"thumbnailUrl":"https:\/\/www.bellunopress.it\/wp-content\/uploads\/2017\/02\/ulss-1-dolomiti.jpg","datePublished":"2020-04-17T11:09:15+00:00","breadcrumb":{"@id":"https:\/\/www.bellunopress.it\/2020\/04\/17\/cessa-lincarico-la-dottoressa-giulia-ghirardo-pediatra-di-libera-scelta-con-ambulatorio-a-stefano-di-cadore\/#breadcrumb"},"inLanguage":"fr-FR","potentialAction":[{"@type":"ReadAction","target":["https:\/\/www.bellunopress.it\/2020\/04\/17\/cessa-lincarico-la-dottoressa-giulia-ghirardo-pediatra-di-libera-scelta-con-ambulatorio-a-stefano-di-cadore\/"]}]},{"@type":"ImageObject","inLanguage":"fr-FR","@id":"https:\/\/www.bellunopress.it\/2020\/04\/17\/cessa-lincarico-la-dottoressa-giulia-ghirardo-pediatra-di-libera-scelta-con-ambulatorio-a-stefano-di-cadore\/#primaryimage","url":"https:\/\/www.bellunopress.it\/wp-content\/uploads\/2017\/02\/ulss-1-dolomiti.jpg","contentUrl":"https:\/\/www.bellunopress.it\/wp-content\/uploads\/2017\/02\/ulss-1-dolomiti.jpg","width":214,"height":110},{"@type":"BreadcrumbList","@id":"https:\/\/www.bellunopress.it\/2020\/04\/17\/cessa-lincarico-la-dottoressa-giulia-ghirardo-pediatra-di-libera-scelta-con-ambulatorio-a-stefano-di-cadore\/#breadcrumb","itemListElement":[{"@type":"ListItem","position":1,"name":"Home","item":"https:\/\/www.bellunopress.it\/"},{"@type":"ListItem","position":2,"name":"Cessa l\u2019incarico la dottoressa Giulia Ghirardo, pediatra di libera scelta con ambulatorio a Stefano di Cadore"}]},{"@type":"WebSite","@id":"https:\/\/www.bellunopress.it\/#website","url":"https:\/\/www.bellunopress.it\/","name":"Bellunopress - Dolomiti","description":"e-mail: redazione@bellunopress.it","publisher":{"@id":"https:\/\/www.bellunopress.it\/#organization"},"potentialAction":[{"@type":"SearchAction","target":{"@type":"EntryPoint","urlTemplate":"https:\/\/www.bellunopress.it\/?s={search_term_string}"},"query-input":{"@type":"PropertyValueSpecification","valueRequired":true,"valueName":"search_term_string"}}],"inLanguage":"fr-FR"},{"@type":"Organization","@id":"https:\/\/www.bellunopress.it\/#organization","name":"Bellunopress","url":"https:\/\/www.bellunopress.it\/","logo":{"@type":"ImageObject","inLanguage":"fr-FR","@id":"https:\/\/www.bellunopress.it\/#\/schema\/logo\/image\/","url":"https:\/\/www.bellunopress.it\/wp-content\/uploads\/2011\/05\/cropped-logo-bellunopress-.jpg","contentUrl":"https:\/\/www.bellunopress.it\/wp-content\/uploads\/2011\/05\/cropped-logo-bellunopress-.jpg","width":512,"height":512,"caption":"Bellunopress"},"image":{"@id":"https:\/\/www.bellunopress.it\/#\/schema\/logo\/image\/"},"sameAs":["https:\/\/www.facebook.com\/profile.php?id=100008943462799","https:\/\/x.com\/bellunopress","https:\/\/www.linkedin.com\/hp\/?dnr=JBzUWaJfMUw8vbXJJ2tVW5-I3jZKvC4wsoxE&amp;amp;amp;amp;amp;amp;trk=nav_responsive_tab_home","https:\/\/www.youtube.com\/channel\/UCxL0wu1uN0_3_7hGG0306cw"]},{"@type":"Person","@id":"https:\/\/www.bellunopress.it\/#\/schema\/person\/79bb06722b37ece1c03d3e94beb30d73","name":"r\u00e9daction","image":{"@type":"ImageObject","inLanguage":"fr-FR","@id":"https:\/\/secure.gravatar.com\/avatar\/37d968a2e67a6fd04c169c4bdef102d0bc5d31b2546345219e348575eb80e9a0?s=96&d=mm&r=g","url":"https:\/\/secure.gravatar.com\/avatar\/37d968a2e67a6fd04c169c4bdef102d0bc5d31b2546345219e348575eb80e9a0?s=96&d=mm&r=g","contentUrl":"https:\/\/secure.gravatar.com\/avatar\/37d968a2e67a6fd04c169c4bdef102d0bc5d31b2546345219e348575eb80e9a0?s=96&d=mm&r=g","caption":"redazione"},"sameAs":["http:\/\/www.bellunopress.it","https:\/\/x.com\/bellunopress"],"url":"https:\/\/www.bellunopress.it\/fr\/author\/redazione\/"}]}},"_links":{"self":[{"href":"https:\/\/www.bellunopress.it\/fr\/wp-json\/wp\/v2\/posts\/113837","targetHints":{"allow":["GET"]}}],"collection":[{"href":"https:\/\/www.bellunopress.it\/fr\/wp-json\/wp\/v2\/posts"}],"about":[{"href":"https:\/\/www.bellunopress.it\/fr\/wp-json\/wp\/v2\/types\/post"}],"author":[{"embeddable":true,"href":"https:\/\/www.bellunopress.it\/fr\/wp-json\/wp\/v2\/users\/2"}],"replies":[{"embeddable":true,"href":"https:\/\/www.bellunopress.it\/fr\/wp-json\/wp\/v2\/comments?post=113837"}],"version-history":[{"count":1,"href":"https:\/\/www.bellunopress.it\/fr\/wp-json\/wp\/v2\/posts\/113837\/revisions"}],"predecessor-version":[{"id":113838,"href":"https:\/\/www.bellunopress.it\/fr\/wp-json\/wp\/v2\/posts\/113837\/revisions\/113838"}],"wp:featuredmedia":[{"embeddable":true,"href":"https:\/\/www.bellunopress.it\/fr\/wp-json\/wp\/v2\/media\/84065"}],"wp:attachment":[{"href":"https:\/\/www.bellunopress.it\/fr\/wp-json\/wp\/v2\/media?parent=113837"}],"wp:term":[{"taxonomy":"category","embeddable":true,"href":"https:\/\/www.bellunopress.it\/fr\/wp-json\/wp\/v2\/categories?post=113837"},{"taxonomy":"post_tag","embeddable":true,"href":"https:\/\/www.bellunopress.it\/fr\/wp-json\/wp\/v2\/tags?post=113837"}],"curies":[{"name":"wp","href":"https:\/\/api.w.org\/{rel}","templated":true}]}}