{"id":11383,"date":"2010-01-10T18:25:56","date_gmt":"2010-01-10T17:25:56","guid":{"rendered":"http:\/\/www.bellunopress.it\/?p=11383"},"modified":"2010-01-10T18:25:56","modified_gmt":"2010-01-10T17:25:56","slug":"coppa-europa-di-snowboardcross-di-cortina-dampezzo-il-15-16-e-17-gennaio-si-attendono-atleti-anche-da-argentina-stati-uniti-e-canada","status":"publish","type":"post","link":"https:\/\/www.bellunopress.it\/fr\/2010\/01\/10\/coppa-europa-di-snowboardcross-di-cortina-dampezzo-il-15-16-e-17-gennaio-si-attendono-atleti-anche-da-argentina-stati-uniti-e-canada\/","title":{"rendered":"Coppa Europa di snowboardcross di Cortina d&#8217;Ampezzo il 15, 16 e 17 gennaio, si attendono atleti anche da Argentina, Stati Uniti e Canada"},"content":{"rendered":"<p><a href=\"http:\/\/www.bellunopress.it\/wp-content\/uploads\/2010\/01\/snowboard-cortina.jpg\"><img loading=\"lazy\" decoding=\"async\" class=\"alignleft size-medium wp-image-11384\" title=\"snowboard-cortina\" src=\"http:\/\/www.bellunopress.it\/wp-content\/uploads\/2010\/01\/snowboard-cortina.jpg\" alt=\"\" width=\"130\" height=\"130\" \/><\/a>Fra pochi giorni si aprir\u00e0 il sipario sulla Coppa Europa di Snowboardcross di Cortina d&#8217;Ampezzo, la manifestazione organizzata dallo Snowboard Club Cortina che prevede due prove di alto livello sulle nevi del Faloria. L&#8217;evento sta suscitando notevole interesse in tutto l&#8217;ambiente internazionale. Fra le iscrizioni alle gare, sono arrivate richieste anche dai Team dell&#8217;Argentina, degli Stati Uniti e del Canada, precisamente da Vancouver, sede delle prossime olimpiadi invernali. A questi si aggiungono atleti provenienti pressoch\u00e9 da tutta Europa: Spagna, Francia, Germania, Austria, Repubblica Ceca, Bulgaria, Russia, Finlandia, Lituania, Croazia, oltre, naturalmente, a un nutrito gruppo dei vari Comitati Regionali Italiani. Gli atleti saranno ospitati presso il Concordia Park Hotel di Cortina che ha raccolto senza esitazione la richiesta di<br \/>\ncollaborazione del comitato organizzatore. Ma l&#8217;importanza dell&#8217;evento \u00e8 anche sottolineata dalla decisione di essere presente personalmente a Cortina d&#8217;Ampezzo in occasione delle competizioni del responsabile FIS della Coppa Europa di Snowboard, Peter Krogoll, colui che compila i calendari e coordina tutto il circuito. Grazie alla fattiva collaborazione di Krogoll, gli organizzatori hanno apportato alcuni aggiustamenti al programma della manifestazione diretti a evitare interventi della giuria dell&#8217;ultimo minuto che avrebbero potuto infastidire le squadre. Intanto si pensa all&#8217;allestimento del percorso che inizier\u00e0 subito dopo<br \/>\nl&#8217;Epifania, il 7 gennaio, per essere completato entro il giorno 12 o al massimo il 13, cos\u00ec da consentire la ricognizione da parte del Delegato Tecnico internazionale che \u00e8 prevista per il giorno 14. Diverse squadre, composte da volontari, da tecnici operatori della societ\u00e0 Faloria e da militari del Comando Truppe Alpine di Bolzano, sotto la guida di Denis Constantini, presidente del comitato organizzatore, si preoccuperanno di creare il percorso, con curve paraboliche, woops (gobbe), salti e quant&#8217;altro. Tutto verr\u00e0 messo in sicurezza grazie ai materiali messi a disposizione dalla ditta specializzata VS di Silvano Vidori di San Vito di Cadore, con soluzioni assolutamente innovative URL: <a href=\"http:\/\/www.snowboardclubcortina.com\">www.snowboardclubcortina.com<\/a> &#8211; Email: <a href=\"mailto:snowboardclubcortina@gmail.com\">snowboardclubcortina@gmail.com<\/a>\u00a0EUROPEAN CUP SNOWBOARDCROSS Cortina d&#8217;Ampezzo 15. 16. 17. Gennaio 2010 e caratterizzate dal colore blu delle strutture, cos\u00ec da distinguerle dal tradizionale<br \/>\nallestimento in rosso della Coppa del Mondo di Sci Alpino, che seguir\u00e0 di pochi giorni la manifestazione di snowboard. Di sicuro interesse per il pubblico sar\u00e0 anche l&#8217;area del traguardo, dove verr\u00e0 allestita a cura della RedBull una zona di intrattenimento con la musica e i DJ di The Radio Club di Radiocortina. Per l&#8217;occasione sar\u00e0 trasportata nelle immediate vicinanze del parterre una speciale e suggestiva autovettura che funger\u00e0 da consolle e che \u00e8 stata fatta arrivare appositamente dall&#8217;estero. In questi giorni diverse sono anche le richieste di accreditamento di stampa e fotografi, a dimostrazione che la novit\u00e0 di Cortina d&#8217;Ampezzo attrae. Appuntamento per tutti il 15 gennaio, con le prove ufficiali e le qualificazioni per la prima gara; il 16 gennaio con le finali della prima gara e le qualificazioni per la seconda gara; il 17 gennaio per la finale della seconda gara. Tutti gli aggiornamenti, con le foto dello stato di avanzamento dei lavori, saranno pubblicati sul sito internet <a href=\"http:\/\/www.snowboardclubcortina.com\">www.snowboardclubcortina.com<\/a> a partire dai<br \/>\nprossimi giorni.<\/p>","protected":false},"excerpt":{"rendered":"<p>Fra pochi giorni si aprir\u00e0 il sipario sulla Coppa Europa di Snowboardcross di Cortina d&#8217;Ampezzo, la manifestazione organizzata dallo Snowboard Club Cortina che prevede due prove di alto livello sulle nevi del Faloria. L&#8217;evento sta suscitando notevole interesse in tutto l&#8217;ambiente internazionale. Fra le iscrizioni alle gare, sono arrivate richieste anche dai Team dell&#8217;Argentina, degli [&hellip;]<\/p>\n","protected":false},"author":2,"featured_media":0,"comment_status":"closed","ping_status":"open","sticky":false,"template":"","format":"standard","meta":{"footnotes":""},"categories":[25,4],"tags":[139,151],"class_list":["post-11383","post","type-post","status-publish","format-standard","category-pausa-caffe","category-sport","tag-belluno","tag-cadore"],"yoast_head":"<!-- This site is optimized with the Yoast SEO plugin v28.4 - https:\/\/yoast.com\/product\/yoast-seo-wordpress\/ -->\n<title>Coppa Europa di snowboardcross di Cortina d&#039;Ampezzo il 15, 16 e 17 gennaio, si attendono atleti anche da Argentina, Stati Uniti e Canada  - Bellunopress - Dolomiti<\/title>\n<meta name=\"robots\" content=\"index, follow, max-snippet:-1, max-image-preview:large, max-video-preview:-1\" \/>\n<link rel=\"canonical\" href=\"https:\/\/www.bellunopress.it\/fr\/2010\/01\/10\/coppa-europa-di-snowboardcross-di-cortina-dampezzo-il-15-16-e-17-gennaio-si-attendono-atleti-anche-da-argentina-stati-uniti-e-canada\/\" \/>\n<meta property=\"og:locale\" content=\"fr_FR\" \/>\n<meta property=\"og:type\" content=\"article\" \/>\n<meta property=\"og:title\" content=\"Coppa Europa di snowboardcross di Cortina d&#039;Ampezzo il 15, 16 e 17 gennaio, si attendono atleti anche da Argentina, Stati Uniti e Canada  - Bellunopress - Dolomiti\" \/>\n<meta property=\"og:description\" content=\"Fra pochi giorni si aprir\u00e0 il sipario sulla Coppa Europa di Snowboardcross di Cortina d&#8217;Ampezzo, la manifestazione organizzata dallo Snowboard Club Cortina che prevede due prove di alto livello sulle nevi del Faloria. L&#8217;evento sta suscitando notevole interesse in tutto l&#8217;ambiente internazionale. Fra le iscrizioni alle gare, sono arrivate richieste anche dai Team dell&#8217;Argentina, degli [&hellip;]\" \/>\n<meta property=\"og:url\" content=\"https:\/\/www.bellunopress.it\/fr\/2010\/01\/10\/coppa-europa-di-snowboardcross-di-cortina-dampezzo-il-15-16-e-17-gennaio-si-attendono-atleti-anche-da-argentina-stati-uniti-e-canada\/\" \/>\n<meta property=\"og:site_name\" content=\"Bellunopress - Dolomiti\" \/>\n<meta property=\"article:publisher\" content=\"https:\/\/www.facebook.com\/profile.php?id=100008943462799\" \/>\n<meta property=\"article:published_time\" content=\"2010-01-10T17:25:56+00:00\" \/>\n<meta property=\"og:image\" content=\"http:\/\/www.bellunopress.it\/wp-content\/uploads\/2010\/01\/snowboard-cortina.jpg\" \/>\n<meta name=\"author\" content=\"redazione\" \/>\n<meta name=\"twitter:card\" content=\"summary_large_image\" \/>\n<meta name=\"twitter:creator\" content=\"@bellunopress\" \/>\n<meta name=\"twitter:site\" content=\"@bellunopress\" \/>\n<meta name=\"twitter:label1\" content=\"\u00c9crit par\" \/>\n\t<meta name=\"twitter:data1\" content=\"redazione\" \/>\n\t<meta name=\"twitter:label2\" content=\"Dur\u00e9e de lecture estim\u00e9e\" \/>\n\t<meta name=\"twitter:data2\" content=\"2 minutes\" \/>\n<script type=\"application\/ld+json\" class=\"yoast-schema-graph\">{\"@context\":\"https:\\\/\\\/schema.org\",\"@graph\":[{\"@type\":\"Article\",\"@id\":\"https:\\\/\\\/www.bellunopress.it\\\/2010\\\/01\\\/10\\\/coppa-europa-di-snowboardcross-di-cortina-dampezzo-il-15-16-e-17-gennaio-si-attendono-atleti-anche-da-argentina-stati-uniti-e-canada\\\/#article\",\"isPartOf\":{\"@id\":\"https:\\\/\\\/www.bellunopress.it\\\/2010\\\/01\\\/10\\\/coppa-europa-di-snowboardcross-di-cortina-dampezzo-il-15-16-e-17-gennaio-si-attendono-atleti-anche-da-argentina-stati-uniti-e-canada\\\/\"},\"author\":{\"name\":\"redazione\",\"@id\":\"https:\\\/\\\/www.bellunopress.it\\\/#\\\/schema\\\/person\\\/79bb06722b37ece1c03d3e94beb30d73\"},\"headline\":\"Coppa Europa di snowboardcross di Cortina d&#8217;Ampezzo il 15, 16 e 17 gennaio, si attendono atleti anche da Argentina, Stati Uniti e Canada\",\"datePublished\":\"2010-01-10T17:25:56+00:00\",\"mainEntityOfPage\":{\"@id\":\"https:\\\/\\\/www.bellunopress.it\\\/2010\\\/01\\\/10\\\/coppa-europa-di-snowboardcross-di-cortina-dampezzo-il-15-16-e-17-gennaio-si-attendono-atleti-anche-da-argentina-stati-uniti-e-canada\\\/\"},\"wordCount\":530,\"publisher\":{\"@id\":\"https:\\\/\\\/www.bellunopress.it\\\/#organization\"},\"image\":{\"@id\":\"https:\\\/\\\/www.bellunopress.it\\\/2010\\\/01\\\/10\\\/coppa-europa-di-snowboardcross-di-cortina-dampezzo-il-15-16-e-17-gennaio-si-attendono-atleti-anche-da-argentina-stati-uniti-e-canada\\\/#primaryimage\"},\"thumbnailUrl\":\"http:\\\/\\\/www.bellunopress.it\\\/wp-content\\\/uploads\\\/2010\\\/01\\\/snowboard-cortina.jpg\",\"keywords\":[\"Belluno\",\"Cadore\"],\"articleSection\":[\"Pausa Caff\u00e8\",\"Sport, tempo libero\"],\"inLanguage\":\"fr-FR\"},{\"@type\":\"WebPage\",\"@id\":\"https:\\\/\\\/www.bellunopress.it\\\/2010\\\/01\\\/10\\\/coppa-europa-di-snowboardcross-di-cortina-dampezzo-il-15-16-e-17-gennaio-si-attendono-atleti-anche-da-argentina-stati-uniti-e-canada\\\/\",\"url\":\"https:\\\/\\\/www.bellunopress.it\\\/2010\\\/01\\\/10\\\/coppa-europa-di-snowboardcross-di-cortina-dampezzo-il-15-16-e-17-gennaio-si-attendono-atleti-anche-da-argentina-stati-uniti-e-canada\\\/\",\"name\":\"Coppa Europa di snowboardcross di Cortina d'Ampezzo il 15, 16 e 17 gennaio, si attendono atleti anche da Argentina, Stati Uniti e Canada - Bellunopress - Dolomiti\",\"isPartOf\":{\"@id\":\"https:\\\/\\\/www.bellunopress.it\\\/#website\"},\"primaryImageOfPage\":{\"@id\":\"https:\\\/\\\/www.bellunopress.it\\\/2010\\\/01\\\/10\\\/coppa-europa-di-snowboardcross-di-cortina-dampezzo-il-15-16-e-17-gennaio-si-attendono-atleti-anche-da-argentina-stati-uniti-e-canada\\\/#primaryimage\"},\"image\":{\"@id\":\"https:\\\/\\\/www.bellunopress.it\\\/2010\\\/01\\\/10\\\/coppa-europa-di-snowboardcross-di-cortina-dampezzo-il-15-16-e-17-gennaio-si-attendono-atleti-anche-da-argentina-stati-uniti-e-canada\\\/#primaryimage\"},\"thumbnailUrl\":\"http:\\\/\\\/www.bellunopress.it\\\/wp-content\\\/uploads\\\/2010\\\/01\\\/snowboard-cortina.jpg\",\"datePublished\":\"2010-01-10T17:25:56+00:00\",\"breadcrumb\":{\"@id\":\"https:\\\/\\\/www.bellunopress.it\\\/2010\\\/01\\\/10\\\/coppa-europa-di-snowboardcross-di-cortina-dampezzo-il-15-16-e-17-gennaio-si-attendono-atleti-anche-da-argentina-stati-uniti-e-canada\\\/#breadcrumb\"},\"inLanguage\":\"fr-FR\",\"potentialAction\":[{\"@type\":\"ReadAction\",\"target\":[\"https:\\\/\\\/www.bellunopress.it\\\/2010\\\/01\\\/10\\\/coppa-europa-di-snowboardcross-di-cortina-dampezzo-il-15-16-e-17-gennaio-si-attendono-atleti-anche-da-argentina-stati-uniti-e-canada\\\/\"]}]},{\"@type\":\"ImageObject\",\"inLanguage\":\"fr-FR\",\"@id\":\"https:\\\/\\\/www.bellunopress.it\\\/2010\\\/01\\\/10\\\/coppa-europa-di-snowboardcross-di-cortina-dampezzo-il-15-16-e-17-gennaio-si-attendono-atleti-anche-da-argentina-stati-uniti-e-canada\\\/#primaryimage\",\"url\":\"http:\\\/\\\/www.bellunopress.it\\\/wp-content\\\/uploads\\\/2010\\\/01\\\/snowboard-cortina.jpg\",\"contentUrl\":\"http:\\\/\\\/www.bellunopress.it\\\/wp-content\\\/uploads\\\/2010\\\/01\\\/snowboard-cortina.jpg\"},{\"@type\":\"BreadcrumbList\",\"@id\":\"https:\\\/\\\/www.bellunopress.it\\\/2010\\\/01\\\/10\\\/coppa-europa-di-snowboardcross-di-cortina-dampezzo-il-15-16-e-17-gennaio-si-attendono-atleti-anche-da-argentina-stati-uniti-e-canada\\\/#breadcrumb\",\"itemListElement\":[{\"@type\":\"ListItem\",\"position\":1,\"name\":\"Home\",\"item\":\"https:\\\/\\\/www.bellunopress.it\\\/\"},{\"@type\":\"ListItem\",\"position\":2,\"name\":\"Coppa Europa di snowboardcross di Cortina d&#8217;Ampezzo il 15, 16 e 17 gennaio, si attendono atleti anche da Argentina, Stati Uniti e Canada\"}]},{\"@type\":\"WebSite\",\"@id\":\"https:\\\/\\\/www.bellunopress.it\\\/#website\",\"url\":\"https:\\\/\\\/www.bellunopress.it\\\/\",\"name\":\"Bellunopress - Dolomiti\",\"description\":\"e-mail: redazione@bellunopress.it\",\"publisher\":{\"@id\":\"https:\\\/\\\/www.bellunopress.it\\\/#organization\"},\"potentialAction\":[{\"@type\":\"SearchAction\",\"target\":{\"@type\":\"EntryPoint\",\"urlTemplate\":\"https:\\\/\\\/www.bellunopress.it\\\/?s={search_term_string}\"},\"query-input\":{\"@type\":\"PropertyValueSpecification\",\"valueRequired\":true,\"valueName\":\"search_term_string\"}}],\"inLanguage\":\"fr-FR\"},{\"@type\":\"Organization\",\"@id\":\"https:\\\/\\\/www.bellunopress.it\\\/#organization\",\"name\":\"Bellunopress\",\"url\":\"https:\\\/\\\/www.bellunopress.it\\\/\",\"logo\":{\"@type\":\"ImageObject\",\"inLanguage\":\"fr-FR\",\"@id\":\"https:\\\/\\\/www.bellunopress.it\\\/#\\\/schema\\\/logo\\\/image\\\/\",\"url\":\"https:\\\/\\\/www.bellunopress.it\\\/wp-content\\\/uploads\\\/2011\\\/05\\\/cropped-logo-bellunopress-.jpg\",\"contentUrl\":\"https:\\\/\\\/www.bellunopress.it\\\/wp-content\\\/uploads\\\/2011\\\/05\\\/cropped-logo-bellunopress-.jpg\",\"width\":512,\"height\":512,\"caption\":\"Bellunopress\"},\"image\":{\"@id\":\"https:\\\/\\\/www.bellunopress.it\\\/#\\\/schema\\\/logo\\\/image\\\/\"},\"sameAs\":[\"https:\\\/\\\/www.facebook.com\\\/profile.php?id=100008943462799\",\"https:\\\/\\\/x.com\\\/bellunopress\",\"https:\\\/\\\/www.linkedin.com\\\/hp\\\/?dnr=JBzUWaJfMUw8vbXJJ2tVW5-I3jZKvC4wsoxE&amp;amp;amp;amp;amp;amp;trk=nav_responsive_tab_home\",\"https:\\\/\\\/www.youtube.com\\\/channel\\\/UCxL0wu1uN0_3_7hGG0306cw\"]},{\"@type\":\"Person\",\"@id\":\"https:\\\/\\\/www.bellunopress.it\\\/#\\\/schema\\\/person\\\/79bb06722b37ece1c03d3e94beb30d73\",\"name\":\"redazione\",\"image\":{\"@type\":\"ImageObject\",\"inLanguage\":\"fr-FR\",\"@id\":\"https:\\\/\\\/secure.gravatar.com\\\/avatar\\\/37d968a2e67a6fd04c169c4bdef102d0bc5d31b2546345219e348575eb80e9a0?s=96&d=mm&r=g\",\"url\":\"https:\\\/\\\/secure.gravatar.com\\\/avatar\\\/37d968a2e67a6fd04c169c4bdef102d0bc5d31b2546345219e348575eb80e9a0?s=96&d=mm&r=g\",\"contentUrl\":\"https:\\\/\\\/secure.gravatar.com\\\/avatar\\\/37d968a2e67a6fd04c169c4bdef102d0bc5d31b2546345219e348575eb80e9a0?s=96&d=mm&r=g\",\"caption\":\"redazione\"},\"sameAs\":[\"http:\\\/\\\/www.bellunopress.it\",\"https:\\\/\\\/x.com\\\/bellunopress\"],\"url\":\"https:\\\/\\\/www.bellunopress.it\\\/fr\\\/author\\\/redazione\\\/\"}]}<\/script>\n<!-- \/ Yoast SEO plugin. -->","yoast_head_json":{"title":"Coppa Europa di snowboardcross di Cortina d'Ampezzo il 15, 16 e 17 gennaio, si attendono atleti anche da Argentina, Stati Uniti e Canada  - Bellunopress - Dolomiti","robots":{"index":"index","follow":"follow","max-snippet":"max-snippet:-1","max-image-preview":"max-image-preview:large","max-video-preview":"max-video-preview:-1"},"canonical":"https:\/\/www.bellunopress.it\/fr\/2010\/01\/10\/coppa-europa-di-snowboardcross-di-cortina-dampezzo-il-15-16-e-17-gennaio-si-attendono-atleti-anche-da-argentina-stati-uniti-e-canada\/","og_locale":"fr_FR","og_type":"article","og_title":"Coppa Europa di snowboardcross di Cortina d'Ampezzo il 15, 16 e 17 gennaio, si attendono atleti anche da Argentina, Stati Uniti e Canada  - Bellunopress - Dolomiti","og_description":"Fra pochi giorni si aprir\u00e0 il sipario sulla Coppa Europa di Snowboardcross di Cortina d&#8217;Ampezzo, la manifestazione organizzata dallo Snowboard Club Cortina che prevede due prove di alto livello sulle nevi del Faloria. L&#8217;evento sta suscitando notevole interesse in tutto l&#8217;ambiente internazionale. Fra le iscrizioni alle gare, sono arrivate richieste anche dai Team dell&#8217;Argentina, degli [&hellip;]","og_url":"https:\/\/www.bellunopress.it\/fr\/2010\/01\/10\/coppa-europa-di-snowboardcross-di-cortina-dampezzo-il-15-16-e-17-gennaio-si-attendono-atleti-anche-da-argentina-stati-uniti-e-canada\/","og_site_name":"Bellunopress - Dolomiti","article_publisher":"https:\/\/www.facebook.com\/profile.php?id=100008943462799","article_published_time":"2010-01-10T17:25:56+00:00","og_image":[{"url":"http:\/\/www.bellunopress.it\/wp-content\/uploads\/2010\/01\/snowboard-cortina.jpg","type":"","width":"","height":""}],"author":"redazione","twitter_card":"summary_large_image","twitter_creator":"@bellunopress","twitter_site":"@bellunopress","twitter_misc":{"\u00c9crit par":"redazione","Dur\u00e9e de lecture estim\u00e9e":"2 minutes"},"schema":{"@context":"https:\/\/schema.org","@graph":[{"@type":"Article","@id":"https:\/\/www.bellunopress.it\/2010\/01\/10\/coppa-europa-di-snowboardcross-di-cortina-dampezzo-il-15-16-e-17-gennaio-si-attendono-atleti-anche-da-argentina-stati-uniti-e-canada\/#article","isPartOf":{"@id":"https:\/\/www.bellunopress.it\/2010\/01\/10\/coppa-europa-di-snowboardcross-di-cortina-dampezzo-il-15-16-e-17-gennaio-si-attendono-atleti-anche-da-argentina-stati-uniti-e-canada\/"},"author":{"name":"redazione","@id":"https:\/\/www.bellunopress.it\/#\/schema\/person\/79bb06722b37ece1c03d3e94beb30d73"},"headline":"Coppa Europa di snowboardcross di Cortina d&#8217;Ampezzo il 15, 16 e 17 gennaio, si attendono atleti anche da Argentina, Stati Uniti e Canada","datePublished":"2010-01-10T17:25:56+00:00","mainEntityOfPage":{"@id":"https:\/\/www.bellunopress.it\/2010\/01\/10\/coppa-europa-di-snowboardcross-di-cortina-dampezzo-il-15-16-e-17-gennaio-si-attendono-atleti-anche-da-argentina-stati-uniti-e-canada\/"},"wordCount":530,"publisher":{"@id":"https:\/\/www.bellunopress.it\/#organization"},"image":{"@id":"https:\/\/www.bellunopress.it\/2010\/01\/10\/coppa-europa-di-snowboardcross-di-cortina-dampezzo-il-15-16-e-17-gennaio-si-attendono-atleti-anche-da-argentina-stati-uniti-e-canada\/#primaryimage"},"thumbnailUrl":"http:\/\/www.bellunopress.it\/wp-content\/uploads\/2010\/01\/snowboard-cortina.jpg","keywords":["Belluno","Cadore"],"articleSection":["Pausa Caff\u00e8","Sport, tempo libero"],"inLanguage":"fr-FR"},{"@type":"WebPage","@id":"https:\/\/www.bellunopress.it\/2010\/01\/10\/coppa-europa-di-snowboardcross-di-cortina-dampezzo-il-15-16-e-17-gennaio-si-attendono-atleti-anche-da-argentina-stati-uniti-e-canada\/","url":"https:\/\/www.bellunopress.it\/2010\/01\/10\/coppa-europa-di-snowboardcross-di-cortina-dampezzo-il-15-16-e-17-gennaio-si-attendono-atleti-anche-da-argentina-stati-uniti-e-canada\/","name":"Coppa Europa di snowboardcross di Cortina d'Ampezzo il 15, 16 e 17 gennaio, si attendono atleti anche da Argentina, Stati Uniti e Canada - Bellunopress - Dolomiti","isPartOf":{"@id":"https:\/\/www.bellunopress.it\/#website"},"primaryImageOfPage":{"@id":"https:\/\/www.bellunopress.it\/2010\/01\/10\/coppa-europa-di-snowboardcross-di-cortina-dampezzo-il-15-16-e-17-gennaio-si-attendono-atleti-anche-da-argentina-stati-uniti-e-canada\/#primaryimage"},"image":{"@id":"https:\/\/www.bellunopress.it\/2010\/01\/10\/coppa-europa-di-snowboardcross-di-cortina-dampezzo-il-15-16-e-17-gennaio-si-attendono-atleti-anche-da-argentina-stati-uniti-e-canada\/#primaryimage"},"thumbnailUrl":"http:\/\/www.bellunopress.it\/wp-content\/uploads\/2010\/01\/snowboard-cortina.jpg","datePublished":"2010-01-10T17:25:56+00:00","breadcrumb":{"@id":"https:\/\/www.bellunopress.it\/2010\/01\/10\/coppa-europa-di-snowboardcross-di-cortina-dampezzo-il-15-16-e-17-gennaio-si-attendono-atleti-anche-da-argentina-stati-uniti-e-canada\/#breadcrumb"},"inLanguage":"fr-FR","potentialAction":[{"@type":"ReadAction","target":["https:\/\/www.bellunopress.it\/2010\/01\/10\/coppa-europa-di-snowboardcross-di-cortina-dampezzo-il-15-16-e-17-gennaio-si-attendono-atleti-anche-da-argentina-stati-uniti-e-canada\/"]}]},{"@type":"ImageObject","inLanguage":"fr-FR","@id":"https:\/\/www.bellunopress.it\/2010\/01\/10\/coppa-europa-di-snowboardcross-di-cortina-dampezzo-il-15-16-e-17-gennaio-si-attendono-atleti-anche-da-argentina-stati-uniti-e-canada\/#primaryimage","url":"http:\/\/www.bellunopress.it\/wp-content\/uploads\/2010\/01\/snowboard-cortina.jpg","contentUrl":"http:\/\/www.bellunopress.it\/wp-content\/uploads\/2010\/01\/snowboard-cortina.jpg"},{"@type":"BreadcrumbList","@id":"https:\/\/www.bellunopress.it\/2010\/01\/10\/coppa-europa-di-snowboardcross-di-cortina-dampezzo-il-15-16-e-17-gennaio-si-attendono-atleti-anche-da-argentina-stati-uniti-e-canada\/#breadcrumb","itemListElement":[{"@type":"ListItem","position":1,"name":"Home","item":"https:\/\/www.bellunopress.it\/"},{"@type":"ListItem","position":2,"name":"Coppa Europa di snowboardcross di Cortina d&#8217;Ampezzo il 15, 16 e 17 gennaio, si attendono atleti anche da Argentina, Stati Uniti e Canada"}]},{"@type":"WebSite","@id":"https:\/\/www.bellunopress.it\/#website","url":"https:\/\/www.bellunopress.it\/","name":"Bellunopress - Dolomiti","description":"e-mail: redazione@bellunopress.it","publisher":{"@id":"https:\/\/www.bellunopress.it\/#organization"},"potentialAction":[{"@type":"SearchAction","target":{"@type":"EntryPoint","urlTemplate":"https:\/\/www.bellunopress.it\/?s={search_term_string}"},"query-input":{"@type":"PropertyValueSpecification","valueRequired":true,"valueName":"search_term_string"}}],"inLanguage":"fr-FR"},{"@type":"Organization","@id":"https:\/\/www.bellunopress.it\/#organization","name":"Bellunopress","url":"https:\/\/www.bellunopress.it\/","logo":{"@type":"ImageObject","inLanguage":"fr-FR","@id":"https:\/\/www.bellunopress.it\/#\/schema\/logo\/image\/","url":"https:\/\/www.bellunopress.it\/wp-content\/uploads\/2011\/05\/cropped-logo-bellunopress-.jpg","contentUrl":"https:\/\/www.bellunopress.it\/wp-content\/uploads\/2011\/05\/cropped-logo-bellunopress-.jpg","width":512,"height":512,"caption":"Bellunopress"},"image":{"@id":"https:\/\/www.bellunopress.it\/#\/schema\/logo\/image\/"},"sameAs":["https:\/\/www.facebook.com\/profile.php?id=100008943462799","https:\/\/x.com\/bellunopress","https:\/\/www.linkedin.com\/hp\/?dnr=JBzUWaJfMUw8vbXJJ2tVW5-I3jZKvC4wsoxE&amp;amp;amp;amp;amp;amp;trk=nav_responsive_tab_home","https:\/\/www.youtube.com\/channel\/UCxL0wu1uN0_3_7hGG0306cw"]},{"@type":"Person","@id":"https:\/\/www.bellunopress.it\/#\/schema\/person\/79bb06722b37ece1c03d3e94beb30d73","name":"r\u00e9daction","image":{"@type":"ImageObject","inLanguage":"fr-FR","@id":"https:\/\/secure.gravatar.com\/avatar\/37d968a2e67a6fd04c169c4bdef102d0bc5d31b2546345219e348575eb80e9a0?s=96&d=mm&r=g","url":"https:\/\/secure.gravatar.com\/avatar\/37d968a2e67a6fd04c169c4bdef102d0bc5d31b2546345219e348575eb80e9a0?s=96&d=mm&r=g","contentUrl":"https:\/\/secure.gravatar.com\/avatar\/37d968a2e67a6fd04c169c4bdef102d0bc5d31b2546345219e348575eb80e9a0?s=96&d=mm&r=g","caption":"redazione"},"sameAs":["http:\/\/www.bellunopress.it","https:\/\/x.com\/bellunopress"],"url":"https:\/\/www.bellunopress.it\/fr\/author\/redazione\/"}]}},"_links":{"self":[{"href":"https:\/\/www.bellunopress.it\/fr\/wp-json\/wp\/v2\/posts\/11383","targetHints":{"allow":["GET"]}}],"collection":[{"href":"https:\/\/www.bellunopress.it\/fr\/wp-json\/wp\/v2\/posts"}],"about":[{"href":"https:\/\/www.bellunopress.it\/fr\/wp-json\/wp\/v2\/types\/post"}],"author":[{"embeddable":true,"href":"https:\/\/www.bellunopress.it\/fr\/wp-json\/wp\/v2\/users\/2"}],"replies":[{"embeddable":true,"href":"https:\/\/www.bellunopress.it\/fr\/wp-json\/wp\/v2\/comments?post=11383"}],"version-history":[{"count":1,"href":"https:\/\/www.bellunopress.it\/fr\/wp-json\/wp\/v2\/posts\/11383\/revisions"}],"predecessor-version":[{"id":11385,"href":"https:\/\/www.bellunopress.it\/fr\/wp-json\/wp\/v2\/posts\/11383\/revisions\/11385"}],"wp:attachment":[{"href":"https:\/\/www.bellunopress.it\/fr\/wp-json\/wp\/v2\/media?parent=11383"}],"wp:term":[{"taxonomy":"category","embeddable":true,"href":"https:\/\/www.bellunopress.it\/fr\/wp-json\/wp\/v2\/categories?post=11383"},{"taxonomy":"post_tag","embeddable":true,"href":"https:\/\/www.bellunopress.it\/fr\/wp-json\/wp\/v2\/tags?post=11383"}],"curies":[{"name":"wp","href":"https:\/\/api.w.org\/{rel}","templated":true}]}}