{"id":113825,"date":"2020-04-16T18:07:14","date_gmt":"2020-04-16T16:07:14","guid":{"rendered":"http:\/\/www.bellunopress.it\/?p=113825"},"modified":"2020-04-16T18:07:16","modified_gmt":"2020-04-16T16:07:16","slug":"mercati-allaperto-in-via-di-ripristino-i-banchi-di-generi-alimentari-degli-ambulanti","status":"publish","type":"post","link":"https:\/\/www.bellunopress.it\/fr\/2020\/04\/16\/mercati-allaperto-in-via-di-ripristino-i-banchi-di-generi-alimentari-degli-ambulanti\/","title":{"rendered":"Mercati all&#8217;aperto. In via di ripristino i banchi di generi alimentari degli ambulanti"},"content":{"rendered":"<p><a href=\"http:\/\/www.bellunopress.it\/fr\/2020\/04\/16\/mercati-allaperto-in-via-di-ripristino-i-banchi-di-generi-alimentari-degli-ambulanti\/associazione_master\/\" rel=\"attachment wp-att-113826\"><img loading=\"lazy\" decoding=\"async\" class=\"alignleft size-full wp-image-113826\" src=\"http:\/\/www.bellunopress.it\/wp-content\/uploads\/2020\/04\/Ascom-Confcommercio-Belluno_edited.jpg\" alt=\"\" width=\"579\" height=\"346\" srcset=\"https:\/\/www.bellunopress.it\/wp-content\/uploads\/2020\/04\/Ascom-Confcommercio-Belluno_edited.jpg 579w, https:\/\/www.bellunopress.it\/wp-content\/uploads\/2020\/04\/Ascom-Confcommercio-Belluno_edited-500x299.jpg 500w\" sizes=\"auto, (max-width: 579px) 100vw, 579px\" \/><\/a>In attesa di un ritorno alla normalit\u00e0 che possa vedere, oltre a negozi e pubblici esercizi, anche la riapertura dei mercati, si sta in questi giorni allargando il fronte di amministrazioni comunali che autorizzano l&#8217;esercizio mercatale per i banchi alimentari.<\/p>\n<p>\u201cDa settimane \u2013 afferma Schenal, presidente del sindacato ambulanti di Confcommercio Belluno \u2013 stiamo proponendo ai sindaci di avviare le procedure necessarie affinch\u00e9 i banchi ambulanti di generi alimentari possano aprire nei mercati bellunesi. Gi\u00e0 dalle prime fasi dell&#8217;emergenza in alcuni mercati il servizio era consentito ad esempio in alcune zone del Cadore e della Valbelluna; ora, nel segno di un graduale ma fondamentale ritorno ad una parvenza di normalit\u00e0 e grazie alla collaborazione di sindaci e Protezione civile sono in via di ripristino mercati importanti come Feltre, Agordo, Ponte nelle Alpi, Longarone; speriamo che la lista si allunghi\u201d<\/p>\n<p>A seguito di un sopralluogo odierno infatti da domani saranno operativi gli alimentaristi nel mercato di Feltre; dalla settimana prossima, in virt\u00f9 degli accordi presi tra Confcommercio ed i sindaci, si aggiungeranno sicuramente anche le piazze di Ponte nelle Alpi e di nuovo Feltre (marted\u00ec), Agordo (mercoled\u00ec), Lamon (gioved\u00ec), Longarone (venerd\u00ec). In attesa ulteriori risposte da altre amministrazioni.<\/p>\n<p>\u201cRingraziamo i sindaci per la collaborazione; \u2013 continua Schenal &#8211; dai primi che hanno aperto i mercati a quelli che li stanno avviando in questi giorni. Un grazie soprattutto a quanti svolgono i servizi di sorveglianza perch\u00e9 le attivit\u00e0 si svolgano correttamente. Da parte loro gli ambulanti presteranno la massima attenzione a non generare assembramenti critici, a sensibilizzare i clienti al mantenimento delle distanze interpersonali e ad indossare mascherine e guanti\u201d<\/p>\n<p>Confcommercio Belluno invita la popolazione a contattare i propri esercenti ambulanti di fiducia o gli uffici comunali per avere gli aggiornamenti in tempo reale sul funzionamento dei mercati e sulla riapertura degli stessi laddove fossero stati sospesi con l&#8217;inizio dell&#8217;emergenza Coronavirus.<\/p>","protected":false},"excerpt":{"rendered":"<p>In attesa di un ritorno alla normalit\u00e0 che possa vedere, oltre a negozi e pubblici esercizi, anche la riapertura dei mercati, si sta in questi giorni allargando il fronte di amministrazioni comunali che autorizzano l&#8217;esercizio mercatale per i banchi alimentari. \u201cDa settimane \u2013 afferma Schenal, presidente del sindacato ambulanti di Confcommercio Belluno \u2013 stiamo proponendo [&hellip;]<\/p>\n","protected":false},"author":2,"featured_media":113826,"comment_status":"closed","ping_status":"open","sticky":false,"template":"","format":"standard","meta":{"footnotes":""},"categories":[36,26],"tags":[],"class_list":["post-113825","post","type-post","status-publish","format-standard","has-post-thumbnail","category-lavoro-economia","category-prima-pagina"],"yoast_head":"<!-- This site is optimized with the Yoast SEO plugin v28.4 - https:\/\/yoast.com\/product\/yoast-seo-wordpress\/ -->\n<title>Mercati all&#039;aperto. In via di ripristino i banchi di generi alimentari degli ambulanti - Bellunopress - Dolomiti<\/title>\n<meta name=\"robots\" content=\"index, follow, max-snippet:-1, max-image-preview:large, max-video-preview:-1\" \/>\n<link rel=\"canonical\" href=\"https:\/\/www.bellunopress.it\/fr\/2020\/04\/16\/mercati-allaperto-in-via-di-ripristino-i-banchi-di-generi-alimentari-degli-ambulanti\/\" \/>\n<meta property=\"og:locale\" content=\"fr_FR\" \/>\n<meta property=\"og:type\" content=\"article\" \/>\n<meta property=\"og:title\" content=\"Mercati all&#039;aperto. In via di ripristino i banchi di generi alimentari degli ambulanti - Bellunopress - Dolomiti\" \/>\n<meta property=\"og:description\" content=\"In attesa di un ritorno alla normalit\u00e0 che possa vedere, oltre a negozi e pubblici esercizi, anche la riapertura dei mercati, si sta in questi giorni allargando il fronte di amministrazioni comunali che autorizzano l&#8217;esercizio mercatale per i banchi alimentari. \u201cDa settimane \u2013 afferma Schenal, presidente del sindacato ambulanti di Confcommercio Belluno \u2013 stiamo proponendo [&hellip;]\" \/>\n<meta property=\"og:url\" content=\"https:\/\/www.bellunopress.it\/fr\/2020\/04\/16\/mercati-allaperto-in-via-di-ripristino-i-banchi-di-generi-alimentari-degli-ambulanti\/\" \/>\n<meta property=\"og:site_name\" content=\"Bellunopress - Dolomiti\" \/>\n<meta property=\"article:publisher\" content=\"https:\/\/www.facebook.com\/profile.php?id=100008943462799\" \/>\n<meta property=\"article:published_time\" content=\"2020-04-16T16:07:14+00:00\" \/>\n<meta property=\"article:modified_time\" content=\"2020-04-16T16:07:16+00:00\" \/>\n<meta property=\"og:image\" content=\"https:\/\/www.bellunopress.it\/wp-content\/uploads\/2020\/04\/Ascom-Confcommercio-Belluno_edited.jpg\" \/>\n\t<meta property=\"og:image:width\" content=\"579\" \/>\n\t<meta property=\"og:image:height\" content=\"346\" \/>\n\t<meta property=\"og:image:type\" content=\"image\/jpeg\" \/>\n<meta name=\"author\" content=\"redazione\" \/>\n<meta name=\"twitter:card\" content=\"summary_large_image\" \/>\n<meta name=\"twitter:creator\" content=\"@bellunopress\" \/>\n<meta name=\"twitter:site\" content=\"@bellunopress\" \/>\n<meta name=\"twitter:label1\" content=\"\u00c9crit par\" \/>\n\t<meta name=\"twitter:data1\" content=\"redazione\" \/>\n\t<meta name=\"twitter:label2\" content=\"Dur\u00e9e de lecture estim\u00e9e\" \/>\n\t<meta name=\"twitter:data2\" content=\"2 minutes\" \/>\n<script type=\"application\/ld+json\" class=\"yoast-schema-graph\">{\"@context\":\"https:\\\/\\\/schema.org\",\"@graph\":[{\"@type\":\"Article\",\"@id\":\"https:\\\/\\\/www.bellunopress.it\\\/2020\\\/04\\\/16\\\/mercati-allaperto-in-via-di-ripristino-i-banchi-di-generi-alimentari-degli-ambulanti\\\/#article\",\"isPartOf\":{\"@id\":\"https:\\\/\\\/www.bellunopress.it\\\/2020\\\/04\\\/16\\\/mercati-allaperto-in-via-di-ripristino-i-banchi-di-generi-alimentari-degli-ambulanti\\\/\"},\"author\":{\"name\":\"redazione\",\"@id\":\"https:\\\/\\\/www.bellunopress.it\\\/#\\\/schema\\\/person\\\/79bb06722b37ece1c03d3e94beb30d73\"},\"headline\":\"Mercati all&#8217;aperto. In via di ripristino i banchi di generi alimentari degli ambulanti\",\"datePublished\":\"2020-04-16T16:07:14+00:00\",\"dateModified\":\"2020-04-16T16:07:16+00:00\",\"mainEntityOfPage\":{\"@id\":\"https:\\\/\\\/www.bellunopress.it\\\/2020\\\/04\\\/16\\\/mercati-allaperto-in-via-di-ripristino-i-banchi-di-generi-alimentari-degli-ambulanti\\\/\"},\"wordCount\":324,\"publisher\":{\"@id\":\"https:\\\/\\\/www.bellunopress.it\\\/#organization\"},\"image\":{\"@id\":\"https:\\\/\\\/www.bellunopress.it\\\/2020\\\/04\\\/16\\\/mercati-allaperto-in-via-di-ripristino-i-banchi-di-generi-alimentari-degli-ambulanti\\\/#primaryimage\"},\"thumbnailUrl\":\"https:\\\/\\\/www.bellunopress.it\\\/wp-content\\\/uploads\\\/2020\\\/04\\\/Ascom-Confcommercio-Belluno_edited.jpg\",\"articleSection\":[\"Lavoro, Economia, Turismo\",\"Prima Pagina\"],\"inLanguage\":\"fr-FR\"},{\"@type\":\"WebPage\",\"@id\":\"https:\\\/\\\/www.bellunopress.it\\\/2020\\\/04\\\/16\\\/mercati-allaperto-in-via-di-ripristino-i-banchi-di-generi-alimentari-degli-ambulanti\\\/\",\"url\":\"https:\\\/\\\/www.bellunopress.it\\\/2020\\\/04\\\/16\\\/mercati-allaperto-in-via-di-ripristino-i-banchi-di-generi-alimentari-degli-ambulanti\\\/\",\"name\":\"Mercati all'aperto. In via di ripristino i banchi di generi alimentari degli ambulanti - Bellunopress - Dolomiti\",\"isPartOf\":{\"@id\":\"https:\\\/\\\/www.bellunopress.it\\\/#website\"},\"primaryImageOfPage\":{\"@id\":\"https:\\\/\\\/www.bellunopress.it\\\/2020\\\/04\\\/16\\\/mercati-allaperto-in-via-di-ripristino-i-banchi-di-generi-alimentari-degli-ambulanti\\\/#primaryimage\"},\"image\":{\"@id\":\"https:\\\/\\\/www.bellunopress.it\\\/2020\\\/04\\\/16\\\/mercati-allaperto-in-via-di-ripristino-i-banchi-di-generi-alimentari-degli-ambulanti\\\/#primaryimage\"},\"thumbnailUrl\":\"https:\\\/\\\/www.bellunopress.it\\\/wp-content\\\/uploads\\\/2020\\\/04\\\/Ascom-Confcommercio-Belluno_edited.jpg\",\"datePublished\":\"2020-04-16T16:07:14+00:00\",\"dateModified\":\"2020-04-16T16:07:16+00:00\",\"breadcrumb\":{\"@id\":\"https:\\\/\\\/www.bellunopress.it\\\/2020\\\/04\\\/16\\\/mercati-allaperto-in-via-di-ripristino-i-banchi-di-generi-alimentari-degli-ambulanti\\\/#breadcrumb\"},\"inLanguage\":\"fr-FR\",\"potentialAction\":[{\"@type\":\"ReadAction\",\"target\":[\"https:\\\/\\\/www.bellunopress.it\\\/2020\\\/04\\\/16\\\/mercati-allaperto-in-via-di-ripristino-i-banchi-di-generi-alimentari-degli-ambulanti\\\/\"]}]},{\"@type\":\"ImageObject\",\"inLanguage\":\"fr-FR\",\"@id\":\"https:\\\/\\\/www.bellunopress.it\\\/2020\\\/04\\\/16\\\/mercati-allaperto-in-via-di-ripristino-i-banchi-di-generi-alimentari-degli-ambulanti\\\/#primaryimage\",\"url\":\"https:\\\/\\\/www.bellunopress.it\\\/wp-content\\\/uploads\\\/2020\\\/04\\\/Ascom-Confcommercio-Belluno_edited.jpg\",\"contentUrl\":\"https:\\\/\\\/www.bellunopress.it\\\/wp-content\\\/uploads\\\/2020\\\/04\\\/Ascom-Confcommercio-Belluno_edited.jpg\",\"width\":579,\"height\":346},{\"@type\":\"BreadcrumbList\",\"@id\":\"https:\\\/\\\/www.bellunopress.it\\\/2020\\\/04\\\/16\\\/mercati-allaperto-in-via-di-ripristino-i-banchi-di-generi-alimentari-degli-ambulanti\\\/#breadcrumb\",\"itemListElement\":[{\"@type\":\"ListItem\",\"position\":1,\"name\":\"Home\",\"item\":\"https:\\\/\\\/www.bellunopress.it\\\/\"},{\"@type\":\"ListItem\",\"position\":2,\"name\":\"Mercati all&#8217;aperto. In via di ripristino i banchi di generi alimentari degli ambulanti\"}]},{\"@type\":\"WebSite\",\"@id\":\"https:\\\/\\\/www.bellunopress.it\\\/#website\",\"url\":\"https:\\\/\\\/www.bellunopress.it\\\/\",\"name\":\"Bellunopress - Dolomiti\",\"description\":\"e-mail: redazione@bellunopress.it\",\"publisher\":{\"@id\":\"https:\\\/\\\/www.bellunopress.it\\\/#organization\"},\"potentialAction\":[{\"@type\":\"SearchAction\",\"target\":{\"@type\":\"EntryPoint\",\"urlTemplate\":\"https:\\\/\\\/www.bellunopress.it\\\/?s={search_term_string}\"},\"query-input\":{\"@type\":\"PropertyValueSpecification\",\"valueRequired\":true,\"valueName\":\"search_term_string\"}}],\"inLanguage\":\"fr-FR\"},{\"@type\":\"Organization\",\"@id\":\"https:\\\/\\\/www.bellunopress.it\\\/#organization\",\"name\":\"Bellunopress\",\"url\":\"https:\\\/\\\/www.bellunopress.it\\\/\",\"logo\":{\"@type\":\"ImageObject\",\"inLanguage\":\"fr-FR\",\"@id\":\"https:\\\/\\\/www.bellunopress.it\\\/#\\\/schema\\\/logo\\\/image\\\/\",\"url\":\"https:\\\/\\\/www.bellunopress.it\\\/wp-content\\\/uploads\\\/2011\\\/05\\\/cropped-logo-bellunopress-.jpg\",\"contentUrl\":\"https:\\\/\\\/www.bellunopress.it\\\/wp-content\\\/uploads\\\/2011\\\/05\\\/cropped-logo-bellunopress-.jpg\",\"width\":512,\"height\":512,\"caption\":\"Bellunopress\"},\"image\":{\"@id\":\"https:\\\/\\\/www.bellunopress.it\\\/#\\\/schema\\\/logo\\\/image\\\/\"},\"sameAs\":[\"https:\\\/\\\/www.facebook.com\\\/profile.php?id=100008943462799\",\"https:\\\/\\\/x.com\\\/bellunopress\",\"https:\\\/\\\/www.linkedin.com\\\/hp\\\/?dnr=JBzUWaJfMUw8vbXJJ2tVW5-I3jZKvC4wsoxE&amp;amp;amp;amp;amp;amp;trk=nav_responsive_tab_home\",\"https:\\\/\\\/www.youtube.com\\\/channel\\\/UCxL0wu1uN0_3_7hGG0306cw\"]},{\"@type\":\"Person\",\"@id\":\"https:\\\/\\\/www.bellunopress.it\\\/#\\\/schema\\\/person\\\/79bb06722b37ece1c03d3e94beb30d73\",\"name\":\"redazione\",\"image\":{\"@type\":\"ImageObject\",\"inLanguage\":\"fr-FR\",\"@id\":\"https:\\\/\\\/secure.gravatar.com\\\/avatar\\\/37d968a2e67a6fd04c169c4bdef102d0bc5d31b2546345219e348575eb80e9a0?s=96&d=mm&r=g\",\"url\":\"https:\\\/\\\/secure.gravatar.com\\\/avatar\\\/37d968a2e67a6fd04c169c4bdef102d0bc5d31b2546345219e348575eb80e9a0?s=96&d=mm&r=g\",\"contentUrl\":\"https:\\\/\\\/secure.gravatar.com\\\/avatar\\\/37d968a2e67a6fd04c169c4bdef102d0bc5d31b2546345219e348575eb80e9a0?s=96&d=mm&r=g\",\"caption\":\"redazione\"},\"sameAs\":[\"http:\\\/\\\/www.bellunopress.it\",\"https:\\\/\\\/x.com\\\/bellunopress\"],\"url\":\"https:\\\/\\\/www.bellunopress.it\\\/fr\\\/author\\\/redazione\\\/\"}]}<\/script>\n<!-- \/ Yoast SEO plugin. -->","yoast_head_json":{"title":"Mercati all'aperto. In via di ripristino i banchi di generi alimentari degli ambulanti - Bellunopress - Dolomiti","robots":{"index":"index","follow":"follow","max-snippet":"max-snippet:-1","max-image-preview":"max-image-preview:large","max-video-preview":"max-video-preview:-1"},"canonical":"https:\/\/www.bellunopress.it\/fr\/2020\/04\/16\/mercati-allaperto-in-via-di-ripristino-i-banchi-di-generi-alimentari-degli-ambulanti\/","og_locale":"fr_FR","og_type":"article","og_title":"Mercati all'aperto. In via di ripristino i banchi di generi alimentari degli ambulanti - Bellunopress - Dolomiti","og_description":"In attesa di un ritorno alla normalit\u00e0 che possa vedere, oltre a negozi e pubblici esercizi, anche la riapertura dei mercati, si sta in questi giorni allargando il fronte di amministrazioni comunali che autorizzano l&#8217;esercizio mercatale per i banchi alimentari. \u201cDa settimane \u2013 afferma Schenal, presidente del sindacato ambulanti di Confcommercio Belluno \u2013 stiamo proponendo [&hellip;]","og_url":"https:\/\/www.bellunopress.it\/fr\/2020\/04\/16\/mercati-allaperto-in-via-di-ripristino-i-banchi-di-generi-alimentari-degli-ambulanti\/","og_site_name":"Bellunopress - Dolomiti","article_publisher":"https:\/\/www.facebook.com\/profile.php?id=100008943462799","article_published_time":"2020-04-16T16:07:14+00:00","article_modified_time":"2020-04-16T16:07:16+00:00","og_image":[{"width":579,"height":346,"url":"https:\/\/www.bellunopress.it\/wp-content\/uploads\/2020\/04\/Ascom-Confcommercio-Belluno_edited.jpg","type":"image\/jpeg"}],"author":"redazione","twitter_card":"summary_large_image","twitter_creator":"@bellunopress","twitter_site":"@bellunopress","twitter_misc":{"\u00c9crit par":"redazione","Dur\u00e9e de lecture estim\u00e9e":"2 minutes"},"schema":{"@context":"https:\/\/schema.org","@graph":[{"@type":"Article","@id":"https:\/\/www.bellunopress.it\/2020\/04\/16\/mercati-allaperto-in-via-di-ripristino-i-banchi-di-generi-alimentari-degli-ambulanti\/#article","isPartOf":{"@id":"https:\/\/www.bellunopress.it\/2020\/04\/16\/mercati-allaperto-in-via-di-ripristino-i-banchi-di-generi-alimentari-degli-ambulanti\/"},"author":{"name":"redazione","@id":"https:\/\/www.bellunopress.it\/#\/schema\/person\/79bb06722b37ece1c03d3e94beb30d73"},"headline":"Mercati all&#8217;aperto. In via di ripristino i banchi di generi alimentari degli ambulanti","datePublished":"2020-04-16T16:07:14+00:00","dateModified":"2020-04-16T16:07:16+00:00","mainEntityOfPage":{"@id":"https:\/\/www.bellunopress.it\/2020\/04\/16\/mercati-allaperto-in-via-di-ripristino-i-banchi-di-generi-alimentari-degli-ambulanti\/"},"wordCount":324,"publisher":{"@id":"https:\/\/www.bellunopress.it\/#organization"},"image":{"@id":"https:\/\/www.bellunopress.it\/2020\/04\/16\/mercati-allaperto-in-via-di-ripristino-i-banchi-di-generi-alimentari-degli-ambulanti\/#primaryimage"},"thumbnailUrl":"https:\/\/www.bellunopress.it\/wp-content\/uploads\/2020\/04\/Ascom-Confcommercio-Belluno_edited.jpg","articleSection":["Lavoro, Economia, Turismo","Prima Pagina"],"inLanguage":"fr-FR"},{"@type":"WebPage","@id":"https:\/\/www.bellunopress.it\/2020\/04\/16\/mercati-allaperto-in-via-di-ripristino-i-banchi-di-generi-alimentari-degli-ambulanti\/","url":"https:\/\/www.bellunopress.it\/2020\/04\/16\/mercati-allaperto-in-via-di-ripristino-i-banchi-di-generi-alimentari-degli-ambulanti\/","name":"Mercati all'aperto. In via di ripristino i banchi di generi alimentari degli ambulanti - Bellunopress - Dolomiti","isPartOf":{"@id":"https:\/\/www.bellunopress.it\/#website"},"primaryImageOfPage":{"@id":"https:\/\/www.bellunopress.it\/2020\/04\/16\/mercati-allaperto-in-via-di-ripristino-i-banchi-di-generi-alimentari-degli-ambulanti\/#primaryimage"},"image":{"@id":"https:\/\/www.bellunopress.it\/2020\/04\/16\/mercati-allaperto-in-via-di-ripristino-i-banchi-di-generi-alimentari-degli-ambulanti\/#primaryimage"},"thumbnailUrl":"https:\/\/www.bellunopress.it\/wp-content\/uploads\/2020\/04\/Ascom-Confcommercio-Belluno_edited.jpg","datePublished":"2020-04-16T16:07:14+00:00","dateModified":"2020-04-16T16:07:16+00:00","breadcrumb":{"@id":"https:\/\/www.bellunopress.it\/2020\/04\/16\/mercati-allaperto-in-via-di-ripristino-i-banchi-di-generi-alimentari-degli-ambulanti\/#breadcrumb"},"inLanguage":"fr-FR","potentialAction":[{"@type":"ReadAction","target":["https:\/\/www.bellunopress.it\/2020\/04\/16\/mercati-allaperto-in-via-di-ripristino-i-banchi-di-generi-alimentari-degli-ambulanti\/"]}]},{"@type":"ImageObject","inLanguage":"fr-FR","@id":"https:\/\/www.bellunopress.it\/2020\/04\/16\/mercati-allaperto-in-via-di-ripristino-i-banchi-di-generi-alimentari-degli-ambulanti\/#primaryimage","url":"https:\/\/www.bellunopress.it\/wp-content\/uploads\/2020\/04\/Ascom-Confcommercio-Belluno_edited.jpg","contentUrl":"https:\/\/www.bellunopress.it\/wp-content\/uploads\/2020\/04\/Ascom-Confcommercio-Belluno_edited.jpg","width":579,"height":346},{"@type":"BreadcrumbList","@id":"https:\/\/www.bellunopress.it\/2020\/04\/16\/mercati-allaperto-in-via-di-ripristino-i-banchi-di-generi-alimentari-degli-ambulanti\/#breadcrumb","itemListElement":[{"@type":"ListItem","position":1,"name":"Home","item":"https:\/\/www.bellunopress.it\/"},{"@type":"ListItem","position":2,"name":"Mercati all&#8217;aperto. In via di ripristino i banchi di generi alimentari degli ambulanti"}]},{"@type":"WebSite","@id":"https:\/\/www.bellunopress.it\/#website","url":"https:\/\/www.bellunopress.it\/","name":"Bellunopress - Dolomiti","description":"e-mail: redazione@bellunopress.it","publisher":{"@id":"https:\/\/www.bellunopress.it\/#organization"},"potentialAction":[{"@type":"SearchAction","target":{"@type":"EntryPoint","urlTemplate":"https:\/\/www.bellunopress.it\/?s={search_term_string}"},"query-input":{"@type":"PropertyValueSpecification","valueRequired":true,"valueName":"search_term_string"}}],"inLanguage":"fr-FR"},{"@type":"Organization","@id":"https:\/\/www.bellunopress.it\/#organization","name":"Bellunopress","url":"https:\/\/www.bellunopress.it\/","logo":{"@type":"ImageObject","inLanguage":"fr-FR","@id":"https:\/\/www.bellunopress.it\/#\/schema\/logo\/image\/","url":"https:\/\/www.bellunopress.it\/wp-content\/uploads\/2011\/05\/cropped-logo-bellunopress-.jpg","contentUrl":"https:\/\/www.bellunopress.it\/wp-content\/uploads\/2011\/05\/cropped-logo-bellunopress-.jpg","width":512,"height":512,"caption":"Bellunopress"},"image":{"@id":"https:\/\/www.bellunopress.it\/#\/schema\/logo\/image\/"},"sameAs":["https:\/\/www.facebook.com\/profile.php?id=100008943462799","https:\/\/x.com\/bellunopress","https:\/\/www.linkedin.com\/hp\/?dnr=JBzUWaJfMUw8vbXJJ2tVW5-I3jZKvC4wsoxE&amp;amp;amp;amp;amp;amp;trk=nav_responsive_tab_home","https:\/\/www.youtube.com\/channel\/UCxL0wu1uN0_3_7hGG0306cw"]},{"@type":"Person","@id":"https:\/\/www.bellunopress.it\/#\/schema\/person\/79bb06722b37ece1c03d3e94beb30d73","name":"r\u00e9daction","image":{"@type":"ImageObject","inLanguage":"fr-FR","@id":"https:\/\/secure.gravatar.com\/avatar\/37d968a2e67a6fd04c169c4bdef102d0bc5d31b2546345219e348575eb80e9a0?s=96&d=mm&r=g","url":"https:\/\/secure.gravatar.com\/avatar\/37d968a2e67a6fd04c169c4bdef102d0bc5d31b2546345219e348575eb80e9a0?s=96&d=mm&r=g","contentUrl":"https:\/\/secure.gravatar.com\/avatar\/37d968a2e67a6fd04c169c4bdef102d0bc5d31b2546345219e348575eb80e9a0?s=96&d=mm&r=g","caption":"redazione"},"sameAs":["http:\/\/www.bellunopress.it","https:\/\/x.com\/bellunopress"],"url":"https:\/\/www.bellunopress.it\/fr\/author\/redazione\/"}]}},"_links":{"self":[{"href":"https:\/\/www.bellunopress.it\/fr\/wp-json\/wp\/v2\/posts\/113825","targetHints":{"allow":["GET"]}}],"collection":[{"href":"https:\/\/www.bellunopress.it\/fr\/wp-json\/wp\/v2\/posts"}],"about":[{"href":"https:\/\/www.bellunopress.it\/fr\/wp-json\/wp\/v2\/types\/post"}],"author":[{"embeddable":true,"href":"https:\/\/www.bellunopress.it\/fr\/wp-json\/wp\/v2\/users\/2"}],"replies":[{"embeddable":true,"href":"https:\/\/www.bellunopress.it\/fr\/wp-json\/wp\/v2\/comments?post=113825"}],"version-history":[{"count":2,"href":"https:\/\/www.bellunopress.it\/fr\/wp-json\/wp\/v2\/posts\/113825\/revisions"}],"predecessor-version":[{"id":113828,"href":"https:\/\/www.bellunopress.it\/fr\/wp-json\/wp\/v2\/posts\/113825\/revisions\/113828"}],"wp:featuredmedia":[{"embeddable":true,"href":"https:\/\/www.bellunopress.it\/fr\/wp-json\/wp\/v2\/media\/113826"}],"wp:attachment":[{"href":"https:\/\/www.bellunopress.it\/fr\/wp-json\/wp\/v2\/media?parent=113825"}],"wp:term":[{"taxonomy":"category","embeddable":true,"href":"https:\/\/www.bellunopress.it\/fr\/wp-json\/wp\/v2\/categories?post=113825"},{"taxonomy":"post_tag","embeddable":true,"href":"https:\/\/www.bellunopress.it\/fr\/wp-json\/wp\/v2\/tags?post=113825"}],"curies":[{"name":"wp","href":"https:\/\/api.w.org\/{rel}","templated":true}]}}