{"id":113823,"date":"2020-04-16T16:36:44","date_gmt":"2020-04-16T14:36:44","guid":{"rendered":"http:\/\/www.bellunopress.it\/?p=113823"},"modified":"2020-04-16T16:36:44","modified_gmt":"2020-04-16T14:36:44","slug":"agricoltura-de-carlo-al-settore-solo-150-milioni-su-25-miliardi-no-a-sanatorie-per-gli-immigrati-si-usino-voucher-e-percettori-di-reddito-di-cittadinanza","status":"publish","type":"post","link":"https:\/\/www.bellunopress.it\/fr\/2020\/04\/16\/agricoltura-de-carlo-al-settore-solo-150-milioni-su-25-miliardi-no-a-sanatorie-per-gli-immigrati-si-usino-voucher-e-percettori-di-reddito-di-cittadinanza\/","title":{"rendered":"Agricoltura. De Carlo: \u201cAl settore solo 150 milioni su 25 miliardi. No a sanatorie per gli immigrati; si usino voucher e percettori di reddito di cittadinanza\u201d"},"content":{"rendered":"<p><a href=\"http:\/\/www.bellunopress.it\/fr\/2020\/04\/03\/controlli-agli-spostamenti-lappello-di-de-carlo-a-prefettura-e-questura-contrastare-larrivo-di-turisti-delle-seconde-case\/luca-de-carlo-6\/\" rel=\"attachment wp-att-113569\"><img loading=\"lazy\" decoding=\"async\" class=\"alignleft size-full wp-image-113569\" src=\"http:\/\/www.bellunopress.it\/wp-content\/uploads\/2020\/04\/luca-de-carlo.jpg\" alt=\"\" width=\"394\" height=\"305\" \/><\/a>Duri attacchi ai provvedimenti &#8211; \u201cinesistenti\u201d &#8211; del Governo a favore del settore agricolo, un \u201cno\u201d forte e chiaro alla sanatoria per regolarizzare gli immigrati, e critiche all&#8217;atteggiamento dell&#8217;esecutivo nei confronti del Parlamento e dei cittadini: questi i punti principali dell&#8217;intervento in aula del deputato di Fratelli d&#8217;Italia, Luca De Carlo, a seguito della lettura dell&#8217;informativa urgente da parte del Ministro delle Politiche agricole alimentari e forestali, Teresa Bellanova.<\/p>\n<p>\u201cPer un settore che gi\u00e0 prima dell&#8217;epidemia stava vivendo una fortissima crisi, mettete a disposizione appena 150 milioni di euro su 25 miliardi di manovra annunciata\u201d, ha attaccato De Carlo. \u201cPensavate che gli agricoltori potessero continuare a lavorare senza problemi per riempire gli scaffali dei nostri supermercati, ma come avrebbero potuto con pochissima liquidit\u00e0, ancor meno manodopera e senza sbocchi commerciali? Anche l&#8217;inserimento della categorie nel Decreto Liquidit\u00e0 non risolve il problema: 6 anni per restituire il prestito, ce lo dicono gli stessi agricoltori, \u00e8 un periodo di tempo troppo breve\u201d.<\/p>\n<p>Al settore mancano ora circa 300mila lavoratori, e De Carlo ha ribadito le proposte di Fratelli d&#8217;Italia: \u201cUsiamo i voucher e arruoliamo senza vincoli i percettori di Reddito Di Cittadinanza. Siamo favorevoli anche all&#8217;utilizzo dei lavoratori stagionali che arrivano dall&#8217;Est Europa, che per\u00f2 sono penalizzati dai decreti flussi promossi negli anni dai governi di sinistra. Gridiamo invece il nostro \u201cno\u201d alla sanatoria per regolarizzare gli immigrati: non usate questa crisi per la vostra propaganda. C&#8217;\u00e8 bisogno di lavoro per i nostri cittadini\u201d.<\/p>\n<p>De Carlo, responsabile nazionale di FdI per il Made in Italy, ha poi lanciato alcune critiche politiche al Governo: dopo aver denunciato la totale mancanza di una strategia nazionale per la costruzione e la tutela del vero prodotto italiano, ha attaccato l&#8217;atteggiamento dell&#8217;esecutivo: \u201cAbbiamo ascoltato con attenzione l&#8217;intervento del Ministro, sia perch\u00e9 il suo intervento era stato pi\u00f9 volte da noi sollecitato, sia perch\u00e9 ormai il Parlamento sembra essere diventato un fastidio per questo governo, un passaggio inutile e superfluo. Siamo arrivati al punto che per fare chiarezza sulle leggi dobbiamo basarci sulle FAQ dei ministeri, \u00e8 una situazione allucinante\u201d.<\/p>","protected":false},"excerpt":{"rendered":"<p>Duri attacchi ai provvedimenti &#8211; \u201cinesistenti\u201d &#8211; del Governo a favore del settore agricolo, un \u201cno\u201d forte e chiaro alla sanatoria per regolarizzare gli immigrati, e critiche all&#8217;atteggiamento dell&#8217;esecutivo nei confronti del Parlamento e dei cittadini: questi i punti principali dell&#8217;intervento in aula del deputato di Fratelli d&#8217;Italia, Luca De Carlo, a seguito della lettura [&hellip;]<\/p>\n","protected":false},"author":2,"featured_media":113569,"comment_status":"closed","ping_status":"open","sticky":false,"template":"","format":"standard","meta":{"footnotes":""},"categories":[5,26],"tags":[],"class_list":["post-113823","post","type-post","status-publish","format-standard","has-post-thumbnail","category-cronaca","category-prima-pagina"],"yoast_head":"<!-- This site is optimized with the Yoast SEO plugin v28.4 - https:\/\/yoast.com\/product\/yoast-seo-wordpress\/ -->\n<title>Agricoltura. De Carlo: \u201cAl settore solo 150 milioni su 25 miliardi. No a sanatorie per gli immigrati; si usino voucher e percettori di reddito di cittadinanza\u201d - Bellunopress - Dolomiti<\/title>\n<meta name=\"robots\" content=\"index, follow, max-snippet:-1, max-image-preview:large, max-video-preview:-1\" \/>\n<link rel=\"canonical\" href=\"https:\/\/www.bellunopress.it\/fr\/2020\/04\/16\/agricoltura-de-carlo-al-settore-solo-150-milioni-su-25-miliardi-no-a-sanatorie-per-gli-immigrati-si-usino-voucher-e-percettori-di-reddito-di-cittadinanza\/\" \/>\n<meta property=\"og:locale\" content=\"fr_FR\" \/>\n<meta property=\"og:type\" content=\"article\" \/>\n<meta property=\"og:title\" content=\"Agricoltura. De Carlo: \u201cAl settore solo 150 milioni su 25 miliardi. No a sanatorie per gli immigrati; si usino voucher e percettori di reddito di cittadinanza\u201d - Bellunopress - Dolomiti\" \/>\n<meta property=\"og:description\" content=\"Duri attacchi ai provvedimenti &#8211; \u201cinesistenti\u201d &#8211; del Governo a favore del settore agricolo, un \u201cno\u201d forte e chiaro alla sanatoria per regolarizzare gli immigrati, e critiche all&#8217;atteggiamento dell&#8217;esecutivo nei confronti del Parlamento e dei cittadini: questi i punti principali dell&#8217;intervento in aula del deputato di Fratelli d&#8217;Italia, Luca De Carlo, a seguito della lettura [&hellip;]\" \/>\n<meta property=\"og:url\" content=\"https:\/\/www.bellunopress.it\/fr\/2020\/04\/16\/agricoltura-de-carlo-al-settore-solo-150-milioni-su-25-miliardi-no-a-sanatorie-per-gli-immigrati-si-usino-voucher-e-percettori-di-reddito-di-cittadinanza\/\" \/>\n<meta property=\"og:site_name\" content=\"Bellunopress - Dolomiti\" \/>\n<meta property=\"article:publisher\" content=\"https:\/\/www.facebook.com\/profile.php?id=100008943462799\" \/>\n<meta property=\"article:published_time\" content=\"2020-04-16T14:36:44+00:00\" \/>\n<meta property=\"og:image\" content=\"https:\/\/www.bellunopress.it\/wp-content\/uploads\/2020\/04\/luca-de-carlo.jpg\" \/>\n\t<meta property=\"og:image:width\" content=\"394\" \/>\n\t<meta property=\"og:image:height\" content=\"305\" \/>\n\t<meta property=\"og:image:type\" content=\"image\/jpeg\" \/>\n<meta name=\"author\" content=\"redazione\" \/>\n<meta name=\"twitter:card\" content=\"summary_large_image\" \/>\n<meta name=\"twitter:creator\" content=\"@bellunopress\" \/>\n<meta name=\"twitter:site\" content=\"@bellunopress\" \/>\n<meta name=\"twitter:label1\" content=\"\u00c9crit par\" \/>\n\t<meta name=\"twitter:data1\" content=\"redazione\" \/>\n\t<meta name=\"twitter:label2\" content=\"Dur\u00e9e de lecture estim\u00e9e\" \/>\n\t<meta name=\"twitter:data2\" content=\"2 minutes\" \/>\n<script type=\"application\/ld+json\" class=\"yoast-schema-graph\">{\"@context\":\"https:\\\/\\\/schema.org\",\"@graph\":[{\"@type\":\"Article\",\"@id\":\"https:\\\/\\\/www.bellunopress.it\\\/2020\\\/04\\\/16\\\/agricoltura-de-carlo-al-settore-solo-150-milioni-su-25-miliardi-no-a-sanatorie-per-gli-immigrati-si-usino-voucher-e-percettori-di-reddito-di-cittadinanza\\\/#article\",\"isPartOf\":{\"@id\":\"https:\\\/\\\/www.bellunopress.it\\\/2020\\\/04\\\/16\\\/agricoltura-de-carlo-al-settore-solo-150-milioni-su-25-miliardi-no-a-sanatorie-per-gli-immigrati-si-usino-voucher-e-percettori-di-reddito-di-cittadinanza\\\/\"},\"author\":{\"name\":\"redazione\",\"@id\":\"https:\\\/\\\/www.bellunopress.it\\\/#\\\/schema\\\/person\\\/79bb06722b37ece1c03d3e94beb30d73\"},\"headline\":\"Agricoltura. De Carlo: \u201cAl settore solo 150 milioni su 25 miliardi. No a sanatorie per gli immigrati; si usino voucher e percettori di reddito di cittadinanza\u201d\",\"datePublished\":\"2020-04-16T14:36:44+00:00\",\"mainEntityOfPage\":{\"@id\":\"https:\\\/\\\/www.bellunopress.it\\\/2020\\\/04\\\/16\\\/agricoltura-de-carlo-al-settore-solo-150-milioni-su-25-miliardi-no-a-sanatorie-per-gli-immigrati-si-usino-voucher-e-percettori-di-reddito-di-cittadinanza\\\/\"},\"wordCount\":374,\"publisher\":{\"@id\":\"https:\\\/\\\/www.bellunopress.it\\\/#organization\"},\"image\":{\"@id\":\"https:\\\/\\\/www.bellunopress.it\\\/2020\\\/04\\\/16\\\/agricoltura-de-carlo-al-settore-solo-150-milioni-su-25-miliardi-no-a-sanatorie-per-gli-immigrati-si-usino-voucher-e-percettori-di-reddito-di-cittadinanza\\\/#primaryimage\"},\"thumbnailUrl\":\"https:\\\/\\\/www.bellunopress.it\\\/wp-content\\\/uploads\\\/2020\\\/04\\\/luca-de-carlo.jpg\",\"articleSection\":[\"Cronaca\\\/Politica\",\"Prima Pagina\"],\"inLanguage\":\"fr-FR\"},{\"@type\":\"WebPage\",\"@id\":\"https:\\\/\\\/www.bellunopress.it\\\/2020\\\/04\\\/16\\\/agricoltura-de-carlo-al-settore-solo-150-milioni-su-25-miliardi-no-a-sanatorie-per-gli-immigrati-si-usino-voucher-e-percettori-di-reddito-di-cittadinanza\\\/\",\"url\":\"https:\\\/\\\/www.bellunopress.it\\\/2020\\\/04\\\/16\\\/agricoltura-de-carlo-al-settore-solo-150-milioni-su-25-miliardi-no-a-sanatorie-per-gli-immigrati-si-usino-voucher-e-percettori-di-reddito-di-cittadinanza\\\/\",\"name\":\"Agricoltura. De Carlo: \u201cAl settore solo 150 milioni su 25 miliardi. No a sanatorie per gli immigrati; si usino voucher e percettori di reddito di cittadinanza\u201d - Bellunopress - Dolomiti\",\"isPartOf\":{\"@id\":\"https:\\\/\\\/www.bellunopress.it\\\/#website\"},\"primaryImageOfPage\":{\"@id\":\"https:\\\/\\\/www.bellunopress.it\\\/2020\\\/04\\\/16\\\/agricoltura-de-carlo-al-settore-solo-150-milioni-su-25-miliardi-no-a-sanatorie-per-gli-immigrati-si-usino-voucher-e-percettori-di-reddito-di-cittadinanza\\\/#primaryimage\"},\"image\":{\"@id\":\"https:\\\/\\\/www.bellunopress.it\\\/2020\\\/04\\\/16\\\/agricoltura-de-carlo-al-settore-solo-150-milioni-su-25-miliardi-no-a-sanatorie-per-gli-immigrati-si-usino-voucher-e-percettori-di-reddito-di-cittadinanza\\\/#primaryimage\"},\"thumbnailUrl\":\"https:\\\/\\\/www.bellunopress.it\\\/wp-content\\\/uploads\\\/2020\\\/04\\\/luca-de-carlo.jpg\",\"datePublished\":\"2020-04-16T14:36:44+00:00\",\"breadcrumb\":{\"@id\":\"https:\\\/\\\/www.bellunopress.it\\\/2020\\\/04\\\/16\\\/agricoltura-de-carlo-al-settore-solo-150-milioni-su-25-miliardi-no-a-sanatorie-per-gli-immigrati-si-usino-voucher-e-percettori-di-reddito-di-cittadinanza\\\/#breadcrumb\"},\"inLanguage\":\"fr-FR\",\"potentialAction\":[{\"@type\":\"ReadAction\",\"target\":[\"https:\\\/\\\/www.bellunopress.it\\\/2020\\\/04\\\/16\\\/agricoltura-de-carlo-al-settore-solo-150-milioni-su-25-miliardi-no-a-sanatorie-per-gli-immigrati-si-usino-voucher-e-percettori-di-reddito-di-cittadinanza\\\/\"]}]},{\"@type\":\"ImageObject\",\"inLanguage\":\"fr-FR\",\"@id\":\"https:\\\/\\\/www.bellunopress.it\\\/2020\\\/04\\\/16\\\/agricoltura-de-carlo-al-settore-solo-150-milioni-su-25-miliardi-no-a-sanatorie-per-gli-immigrati-si-usino-voucher-e-percettori-di-reddito-di-cittadinanza\\\/#primaryimage\",\"url\":\"https:\\\/\\\/www.bellunopress.it\\\/wp-content\\\/uploads\\\/2020\\\/04\\\/luca-de-carlo.jpg\",\"contentUrl\":\"https:\\\/\\\/www.bellunopress.it\\\/wp-content\\\/uploads\\\/2020\\\/04\\\/luca-de-carlo.jpg\",\"width\":394,\"height\":305,\"caption\":\"Luca De Carlo - Senatore\"},{\"@type\":\"BreadcrumbList\",\"@id\":\"https:\\\/\\\/www.bellunopress.it\\\/2020\\\/04\\\/16\\\/agricoltura-de-carlo-al-settore-solo-150-milioni-su-25-miliardi-no-a-sanatorie-per-gli-immigrati-si-usino-voucher-e-percettori-di-reddito-di-cittadinanza\\\/#breadcrumb\",\"itemListElement\":[{\"@type\":\"ListItem\",\"position\":1,\"name\":\"Home\",\"item\":\"https:\\\/\\\/www.bellunopress.it\\\/\"},{\"@type\":\"ListItem\",\"position\":2,\"name\":\"Agricoltura. De Carlo: \u201cAl settore solo 150 milioni su 25 miliardi. No a sanatorie per gli immigrati; si usino voucher e percettori di reddito di cittadinanza\u201d\"}]},{\"@type\":\"WebSite\",\"@id\":\"https:\\\/\\\/www.bellunopress.it\\\/#website\",\"url\":\"https:\\\/\\\/www.bellunopress.it\\\/\",\"name\":\"Bellunopress - Dolomiti\",\"description\":\"e-mail: redazione@bellunopress.it\",\"publisher\":{\"@id\":\"https:\\\/\\\/www.bellunopress.it\\\/#organization\"},\"potentialAction\":[{\"@type\":\"SearchAction\",\"target\":{\"@type\":\"EntryPoint\",\"urlTemplate\":\"https:\\\/\\\/www.bellunopress.it\\\/?s={search_term_string}\"},\"query-input\":{\"@type\":\"PropertyValueSpecification\",\"valueRequired\":true,\"valueName\":\"search_term_string\"}}],\"inLanguage\":\"fr-FR\"},{\"@type\":\"Organization\",\"@id\":\"https:\\\/\\\/www.bellunopress.it\\\/#organization\",\"name\":\"Bellunopress\",\"url\":\"https:\\\/\\\/www.bellunopress.it\\\/\",\"logo\":{\"@type\":\"ImageObject\",\"inLanguage\":\"fr-FR\",\"@id\":\"https:\\\/\\\/www.bellunopress.it\\\/#\\\/schema\\\/logo\\\/image\\\/\",\"url\":\"https:\\\/\\\/www.bellunopress.it\\\/wp-content\\\/uploads\\\/2011\\\/05\\\/cropped-logo-bellunopress-.jpg\",\"contentUrl\":\"https:\\\/\\\/www.bellunopress.it\\\/wp-content\\\/uploads\\\/2011\\\/05\\\/cropped-logo-bellunopress-.jpg\",\"width\":512,\"height\":512,\"caption\":\"Bellunopress\"},\"image\":{\"@id\":\"https:\\\/\\\/www.bellunopress.it\\\/#\\\/schema\\\/logo\\\/image\\\/\"},\"sameAs\":[\"https:\\\/\\\/www.facebook.com\\\/profile.php?id=100008943462799\",\"https:\\\/\\\/x.com\\\/bellunopress\",\"https:\\\/\\\/www.linkedin.com\\\/hp\\\/?dnr=JBzUWaJfMUw8vbXJJ2tVW5-I3jZKvC4wsoxE&amp;amp;amp;amp;amp;amp;trk=nav_responsive_tab_home\",\"https:\\\/\\\/www.youtube.com\\\/channel\\\/UCxL0wu1uN0_3_7hGG0306cw\"]},{\"@type\":\"Person\",\"@id\":\"https:\\\/\\\/www.bellunopress.it\\\/#\\\/schema\\\/person\\\/79bb06722b37ece1c03d3e94beb30d73\",\"name\":\"redazione\",\"image\":{\"@type\":\"ImageObject\",\"inLanguage\":\"fr-FR\",\"@id\":\"https:\\\/\\\/secure.gravatar.com\\\/avatar\\\/37d968a2e67a6fd04c169c4bdef102d0bc5d31b2546345219e348575eb80e9a0?s=96&d=mm&r=g\",\"url\":\"https:\\\/\\\/secure.gravatar.com\\\/avatar\\\/37d968a2e67a6fd04c169c4bdef102d0bc5d31b2546345219e348575eb80e9a0?s=96&d=mm&r=g\",\"contentUrl\":\"https:\\\/\\\/secure.gravatar.com\\\/avatar\\\/37d968a2e67a6fd04c169c4bdef102d0bc5d31b2546345219e348575eb80e9a0?s=96&d=mm&r=g\",\"caption\":\"redazione\"},\"sameAs\":[\"http:\\\/\\\/www.bellunopress.it\",\"https:\\\/\\\/x.com\\\/bellunopress\"],\"url\":\"https:\\\/\\\/www.bellunopress.it\\\/fr\\\/author\\\/redazione\\\/\"}]}<\/script>\n<!-- \/ Yoast SEO plugin. -->","yoast_head_json":{"title":"Agricoltura. De Carlo: \u201cAl settore solo 150 milioni su 25 miliardi. No a sanatorie per gli immigrati; si usino voucher e percettori di reddito di cittadinanza\u201d - Bellunopress - Dolomiti","robots":{"index":"index","follow":"follow","max-snippet":"max-snippet:-1","max-image-preview":"max-image-preview:large","max-video-preview":"max-video-preview:-1"},"canonical":"https:\/\/www.bellunopress.it\/fr\/2020\/04\/16\/agricoltura-de-carlo-al-settore-solo-150-milioni-su-25-miliardi-no-a-sanatorie-per-gli-immigrati-si-usino-voucher-e-percettori-di-reddito-di-cittadinanza\/","og_locale":"fr_FR","og_type":"article","og_title":"Agricoltura. De Carlo: \u201cAl settore solo 150 milioni su 25 miliardi. No a sanatorie per gli immigrati; si usino voucher e percettori di reddito di cittadinanza\u201d - Bellunopress - Dolomiti","og_description":"Duri attacchi ai provvedimenti &#8211; \u201cinesistenti\u201d &#8211; del Governo a favore del settore agricolo, un \u201cno\u201d forte e chiaro alla sanatoria per regolarizzare gli immigrati, e critiche all&#8217;atteggiamento dell&#8217;esecutivo nei confronti del Parlamento e dei cittadini: questi i punti principali dell&#8217;intervento in aula del deputato di Fratelli d&#8217;Italia, Luca De Carlo, a seguito della lettura [&hellip;]","og_url":"https:\/\/www.bellunopress.it\/fr\/2020\/04\/16\/agricoltura-de-carlo-al-settore-solo-150-milioni-su-25-miliardi-no-a-sanatorie-per-gli-immigrati-si-usino-voucher-e-percettori-di-reddito-di-cittadinanza\/","og_site_name":"Bellunopress - Dolomiti","article_publisher":"https:\/\/www.facebook.com\/profile.php?id=100008943462799","article_published_time":"2020-04-16T14:36:44+00:00","og_image":[{"width":394,"height":305,"url":"https:\/\/www.bellunopress.it\/wp-content\/uploads\/2020\/04\/luca-de-carlo.jpg","type":"image\/jpeg"}],"author":"redazione","twitter_card":"summary_large_image","twitter_creator":"@bellunopress","twitter_site":"@bellunopress","twitter_misc":{"\u00c9crit par":"redazione","Dur\u00e9e de lecture estim\u00e9e":"2 minutes"},"schema":{"@context":"https:\/\/schema.org","@graph":[{"@type":"Article","@id":"https:\/\/www.bellunopress.it\/2020\/04\/16\/agricoltura-de-carlo-al-settore-solo-150-milioni-su-25-miliardi-no-a-sanatorie-per-gli-immigrati-si-usino-voucher-e-percettori-di-reddito-di-cittadinanza\/#article","isPartOf":{"@id":"https:\/\/www.bellunopress.it\/2020\/04\/16\/agricoltura-de-carlo-al-settore-solo-150-milioni-su-25-miliardi-no-a-sanatorie-per-gli-immigrati-si-usino-voucher-e-percettori-di-reddito-di-cittadinanza\/"},"author":{"name":"redazione","@id":"https:\/\/www.bellunopress.it\/#\/schema\/person\/79bb06722b37ece1c03d3e94beb30d73"},"headline":"Agricoltura. De Carlo: \u201cAl settore solo 150 milioni su 25 miliardi. No a sanatorie per gli immigrati; si usino voucher e percettori di reddito di cittadinanza\u201d","datePublished":"2020-04-16T14:36:44+00:00","mainEntityOfPage":{"@id":"https:\/\/www.bellunopress.it\/2020\/04\/16\/agricoltura-de-carlo-al-settore-solo-150-milioni-su-25-miliardi-no-a-sanatorie-per-gli-immigrati-si-usino-voucher-e-percettori-di-reddito-di-cittadinanza\/"},"wordCount":374,"publisher":{"@id":"https:\/\/www.bellunopress.it\/#organization"},"image":{"@id":"https:\/\/www.bellunopress.it\/2020\/04\/16\/agricoltura-de-carlo-al-settore-solo-150-milioni-su-25-miliardi-no-a-sanatorie-per-gli-immigrati-si-usino-voucher-e-percettori-di-reddito-di-cittadinanza\/#primaryimage"},"thumbnailUrl":"https:\/\/www.bellunopress.it\/wp-content\/uploads\/2020\/04\/luca-de-carlo.jpg","articleSection":["Cronaca\/Politica","Prima Pagina"],"inLanguage":"fr-FR"},{"@type":"WebPage","@id":"https:\/\/www.bellunopress.it\/2020\/04\/16\/agricoltura-de-carlo-al-settore-solo-150-milioni-su-25-miliardi-no-a-sanatorie-per-gli-immigrati-si-usino-voucher-e-percettori-di-reddito-di-cittadinanza\/","url":"https:\/\/www.bellunopress.it\/2020\/04\/16\/agricoltura-de-carlo-al-settore-solo-150-milioni-su-25-miliardi-no-a-sanatorie-per-gli-immigrati-si-usino-voucher-e-percettori-di-reddito-di-cittadinanza\/","name":"Agricoltura. De Carlo: \u201cAl settore solo 150 milioni su 25 miliardi. No a sanatorie per gli immigrati; si usino voucher e percettori di reddito di cittadinanza\u201d - Bellunopress - Dolomiti","isPartOf":{"@id":"https:\/\/www.bellunopress.it\/#website"},"primaryImageOfPage":{"@id":"https:\/\/www.bellunopress.it\/2020\/04\/16\/agricoltura-de-carlo-al-settore-solo-150-milioni-su-25-miliardi-no-a-sanatorie-per-gli-immigrati-si-usino-voucher-e-percettori-di-reddito-di-cittadinanza\/#primaryimage"},"image":{"@id":"https:\/\/www.bellunopress.it\/2020\/04\/16\/agricoltura-de-carlo-al-settore-solo-150-milioni-su-25-miliardi-no-a-sanatorie-per-gli-immigrati-si-usino-voucher-e-percettori-di-reddito-di-cittadinanza\/#primaryimage"},"thumbnailUrl":"https:\/\/www.bellunopress.it\/wp-content\/uploads\/2020\/04\/luca-de-carlo.jpg","datePublished":"2020-04-16T14:36:44+00:00","breadcrumb":{"@id":"https:\/\/www.bellunopress.it\/2020\/04\/16\/agricoltura-de-carlo-al-settore-solo-150-milioni-su-25-miliardi-no-a-sanatorie-per-gli-immigrati-si-usino-voucher-e-percettori-di-reddito-di-cittadinanza\/#breadcrumb"},"inLanguage":"fr-FR","potentialAction":[{"@type":"ReadAction","target":["https:\/\/www.bellunopress.it\/2020\/04\/16\/agricoltura-de-carlo-al-settore-solo-150-milioni-su-25-miliardi-no-a-sanatorie-per-gli-immigrati-si-usino-voucher-e-percettori-di-reddito-di-cittadinanza\/"]}]},{"@type":"ImageObject","inLanguage":"fr-FR","@id":"https:\/\/www.bellunopress.it\/2020\/04\/16\/agricoltura-de-carlo-al-settore-solo-150-milioni-su-25-miliardi-no-a-sanatorie-per-gli-immigrati-si-usino-voucher-e-percettori-di-reddito-di-cittadinanza\/#primaryimage","url":"https:\/\/www.bellunopress.it\/wp-content\/uploads\/2020\/04\/luca-de-carlo.jpg","contentUrl":"https:\/\/www.bellunopress.it\/wp-content\/uploads\/2020\/04\/luca-de-carlo.jpg","width":394,"height":305,"caption":"Luca De Carlo - Senatore"},{"@type":"BreadcrumbList","@id":"https:\/\/www.bellunopress.it\/2020\/04\/16\/agricoltura-de-carlo-al-settore-solo-150-milioni-su-25-miliardi-no-a-sanatorie-per-gli-immigrati-si-usino-voucher-e-percettori-di-reddito-di-cittadinanza\/#breadcrumb","itemListElement":[{"@type":"ListItem","position":1,"name":"Home","item":"https:\/\/www.bellunopress.it\/"},{"@type":"ListItem","position":2,"name":"Agricoltura. De Carlo: \u201cAl settore solo 150 milioni su 25 miliardi. No a sanatorie per gli immigrati; si usino voucher e percettori di reddito di cittadinanza\u201d"}]},{"@type":"WebSite","@id":"https:\/\/www.bellunopress.it\/#website","url":"https:\/\/www.bellunopress.it\/","name":"Bellunopress - Dolomiti","description":"e-mail: redazione@bellunopress.it","publisher":{"@id":"https:\/\/www.bellunopress.it\/#organization"},"potentialAction":[{"@type":"SearchAction","target":{"@type":"EntryPoint","urlTemplate":"https:\/\/www.bellunopress.it\/?s={search_term_string}"},"query-input":{"@type":"PropertyValueSpecification","valueRequired":true,"valueName":"search_term_string"}}],"inLanguage":"fr-FR"},{"@type":"Organization","@id":"https:\/\/www.bellunopress.it\/#organization","name":"Bellunopress","url":"https:\/\/www.bellunopress.it\/","logo":{"@type":"ImageObject","inLanguage":"fr-FR","@id":"https:\/\/www.bellunopress.it\/#\/schema\/logo\/image\/","url":"https:\/\/www.bellunopress.it\/wp-content\/uploads\/2011\/05\/cropped-logo-bellunopress-.jpg","contentUrl":"https:\/\/www.bellunopress.it\/wp-content\/uploads\/2011\/05\/cropped-logo-bellunopress-.jpg","width":512,"height":512,"caption":"Bellunopress"},"image":{"@id":"https:\/\/www.bellunopress.it\/#\/schema\/logo\/image\/"},"sameAs":["https:\/\/www.facebook.com\/profile.php?id=100008943462799","https:\/\/x.com\/bellunopress","https:\/\/www.linkedin.com\/hp\/?dnr=JBzUWaJfMUw8vbXJJ2tVW5-I3jZKvC4wsoxE&amp;amp;amp;amp;amp;amp;trk=nav_responsive_tab_home","https:\/\/www.youtube.com\/channel\/UCxL0wu1uN0_3_7hGG0306cw"]},{"@type":"Person","@id":"https:\/\/www.bellunopress.it\/#\/schema\/person\/79bb06722b37ece1c03d3e94beb30d73","name":"r\u00e9daction","image":{"@type":"ImageObject","inLanguage":"fr-FR","@id":"https:\/\/secure.gravatar.com\/avatar\/37d968a2e67a6fd04c169c4bdef102d0bc5d31b2546345219e348575eb80e9a0?s=96&d=mm&r=g","url":"https:\/\/secure.gravatar.com\/avatar\/37d968a2e67a6fd04c169c4bdef102d0bc5d31b2546345219e348575eb80e9a0?s=96&d=mm&r=g","contentUrl":"https:\/\/secure.gravatar.com\/avatar\/37d968a2e67a6fd04c169c4bdef102d0bc5d31b2546345219e348575eb80e9a0?s=96&d=mm&r=g","caption":"redazione"},"sameAs":["http:\/\/www.bellunopress.it","https:\/\/x.com\/bellunopress"],"url":"https:\/\/www.bellunopress.it\/fr\/author\/redazione\/"}]}},"_links":{"self":[{"href":"https:\/\/www.bellunopress.it\/fr\/wp-json\/wp\/v2\/posts\/113823","targetHints":{"allow":["GET"]}}],"collection":[{"href":"https:\/\/www.bellunopress.it\/fr\/wp-json\/wp\/v2\/posts"}],"about":[{"href":"https:\/\/www.bellunopress.it\/fr\/wp-json\/wp\/v2\/types\/post"}],"author":[{"embeddable":true,"href":"https:\/\/www.bellunopress.it\/fr\/wp-json\/wp\/v2\/users\/2"}],"replies":[{"embeddable":true,"href":"https:\/\/www.bellunopress.it\/fr\/wp-json\/wp\/v2\/comments?post=113823"}],"version-history":[{"count":1,"href":"https:\/\/www.bellunopress.it\/fr\/wp-json\/wp\/v2\/posts\/113823\/revisions"}],"predecessor-version":[{"id":113824,"href":"https:\/\/www.bellunopress.it\/fr\/wp-json\/wp\/v2\/posts\/113823\/revisions\/113824"}],"wp:featuredmedia":[{"embeddable":true,"href":"https:\/\/www.bellunopress.it\/fr\/wp-json\/wp\/v2\/media\/113569"}],"wp:attachment":[{"href":"https:\/\/www.bellunopress.it\/fr\/wp-json\/wp\/v2\/media?parent=113823"}],"wp:term":[{"taxonomy":"category","embeddable":true,"href":"https:\/\/www.bellunopress.it\/fr\/wp-json\/wp\/v2\/categories?post=113823"},{"taxonomy":"post_tag","embeddable":true,"href":"https:\/\/www.bellunopress.it\/fr\/wp-json\/wp\/v2\/tags?post=113823"}],"curies":[{"name":"wp","href":"https:\/\/api.w.org\/{rel}","templated":true}]}}