{"id":11378,"date":"2010-01-10T18:05:38","date_gmt":"2010-01-10T17:05:38","guid":{"rendered":"http:\/\/www.bellunopress.it\/?p=11378"},"modified":"2010-01-10T18:06:15","modified_gmt":"2010-01-10T17:06:15","slug":"fulvio-scola-sul-tetto-deuropa-oggo-ottavo","status":"publish","type":"post","link":"https:\/\/www.bellunopress.it\/fr\/2010\/01\/10\/fulvio-scola-sul-tetto-deuropa-oggo-ottavo\/","title":{"rendered":"Fulvio Scola sul tetto d&#8217;Europa, oggi ottavo"},"content":{"rendered":"<p><a href=\"http:\/\/www.bellunopress.it\/wp-content\/uploads\/2009\/11\/fulvio-scola_02-leggera.jpg\"><img loading=\"lazy\" decoding=\"async\" class=\"alignleft size-medium wp-image-10050\" title=\"fulvio-scola_02-leggera\" src=\"http:\/\/www.bellunopress.it\/wp-content\/uploads\/2009\/11\/fulvio-scola_02-leggera.jpg\" alt=\"\" width=\"190\" height=\"272\" \/><\/a>Fine settimana eccezionale per Fulvio Scola a Oberwiesenthal, in Germania, nella due giorni di Coppa Europa. Nella sprint a tecnica libera il falcadino ha messo tutti alle spalle, una vittoria importante anche in vista delle convocazioni per le Olimpiadi di Vancouver. Nella 15 chilometri Fulvio Scola ha invece chiuso all&#8217;ottavo posto pagando anche lo sforzo del giorno precedente. &#8220;Ho chiuso all&#8217;ottavo posto anche perch\u00e9 affaticato dalla sprint, quindi un po&#8217; meno brillante. L&#8217;importante era fare un&#8217;ottima gara nella sprint, la mia specialit\u00e0 preferita. E&#8217; andata davvero bene, sia nelle qualifiche che nelle finali. Un&#8217;ottima condizione, proprio come volevo, come avrei voluto andasse anche nell&#8217;ultimo mese ma senza trovare la condizioni ideale. L&#8217;anno inizia davvero bene, era finito altrettanto bene il 2009 con il titolo italiano in Primiero. Una buona fine e&#8230;un miglior principio. Questa volta l&#8217;augurio ha funzionato davvero bene. Mi dispiace non aver potuto partecipare alle gare di Feltre in Pra del Moro. Lo scorso anno mi era piaciuto tanto e avevo vinto. Dispiace, ma purtroppo stiamo rientrando dalla Germania e arriveremo in Italia troppo tardi per poter gareggiare&#8221;. Nel prossimo fine settimana altro impegno importante per Fulvio Scola: la 15 chilemetri e la staffetta a Sappada nell&#8217;appuntamento clou del mese con i campionati italiani.<\/p>","protected":false},"excerpt":{"rendered":"<p>Fine settimana eccezionale per Fulvio Scola a Oberwiesenthal, in Germania, nella due giorni di Coppa Europa. Nella sprint a tecnica libera il falcadino ha messo tutti alle spalle, una vittoria importante anche in vista delle convocazioni per le Olimpiadi di Vancouver. Nella 15 chilometri Fulvio Scola ha invece chiuso all&#8217;ottavo posto pagando anche lo sforzo [&hellip;]<\/p>\n","protected":false},"author":2,"featured_media":0,"comment_status":"closed","ping_status":"open","sticky":false,"template":"","format":"standard","meta":{"footnotes":""},"categories":[26,4],"tags":[139,302],"class_list":["post-11378","post","type-post","status-publish","format-standard","category-prima-pagina","category-sport","tag-belluno","tag-feltre"],"yoast_head":"<!-- This site is optimized with the Yoast SEO plugin v28.4 - https:\/\/yoast.com\/product\/yoast-seo-wordpress\/ -->\n<title>Fulvio Scola sul tetto d&#039;Europa, oggi ottavo - Bellunopress - Dolomiti<\/title>\n<meta name=\"robots\" content=\"index, follow, max-snippet:-1, max-image-preview:large, max-video-preview:-1\" \/>\n<link rel=\"canonical\" href=\"https:\/\/www.bellunopress.it\/fr\/2010\/01\/10\/fulvio-scola-sul-tetto-deuropa-oggo-ottavo\/\" \/>\n<meta property=\"og:locale\" content=\"fr_FR\" \/>\n<meta property=\"og:type\" content=\"article\" \/>\n<meta property=\"og:title\" content=\"Fulvio Scola sul tetto d&#039;Europa, oggi ottavo - Bellunopress - Dolomiti\" \/>\n<meta property=\"og:description\" content=\"Fine settimana eccezionale per Fulvio Scola a Oberwiesenthal, in Germania, nella due giorni di Coppa Europa. Nella sprint a tecnica libera il falcadino ha messo tutti alle spalle, una vittoria importante anche in vista delle convocazioni per le Olimpiadi di Vancouver. Nella 15 chilometri Fulvio Scola ha invece chiuso all&#8217;ottavo posto pagando anche lo sforzo [&hellip;]\" \/>\n<meta property=\"og:url\" content=\"https:\/\/www.bellunopress.it\/fr\/2010\/01\/10\/fulvio-scola-sul-tetto-deuropa-oggo-ottavo\/\" \/>\n<meta property=\"og:site_name\" content=\"Bellunopress - Dolomiti\" \/>\n<meta property=\"article:publisher\" content=\"https:\/\/www.facebook.com\/profile.php?id=100008943462799\" \/>\n<meta property=\"article:published_time\" content=\"2010-01-10T17:05:38+00:00\" \/>\n<meta property=\"article:modified_time\" content=\"2010-01-10T17:06:15+00:00\" \/>\n<meta property=\"og:image\" content=\"http:\/\/www.bellunopress.it\/wp-content\/uploads\/2009\/11\/fulvio-scola_02-leggera.jpg\" \/>\n<meta name=\"author\" content=\"redazione\" \/>\n<meta name=\"twitter:card\" content=\"summary_large_image\" \/>\n<meta name=\"twitter:creator\" content=\"@bellunopress\" \/>\n<meta name=\"twitter:site\" content=\"@bellunopress\" \/>\n<meta name=\"twitter:label1\" content=\"\u00c9crit par\" \/>\n\t<meta name=\"twitter:data1\" content=\"redazione\" \/>\n\t<meta name=\"twitter:label2\" content=\"Dur\u00e9e de lecture estim\u00e9e\" \/>\n\t<meta name=\"twitter:data2\" content=\"1 minute\" \/>\n<script type=\"application\/ld+json\" class=\"yoast-schema-graph\">{\"@context\":\"https:\\\/\\\/schema.org\",\"@graph\":[{\"@type\":\"Article\",\"@id\":\"https:\\\/\\\/www.bellunopress.it\\\/2010\\\/01\\\/10\\\/fulvio-scola-sul-tetto-deuropa-oggo-ottavo\\\/#article\",\"isPartOf\":{\"@id\":\"https:\\\/\\\/www.bellunopress.it\\\/2010\\\/01\\\/10\\\/fulvio-scola-sul-tetto-deuropa-oggo-ottavo\\\/\"},\"author\":{\"name\":\"redazione\",\"@id\":\"https:\\\/\\\/www.bellunopress.it\\\/#\\\/schema\\\/person\\\/79bb06722b37ece1c03d3e94beb30d73\"},\"headline\":\"Fulvio Scola sul tetto d&#8217;Europa, oggi ottavo\",\"datePublished\":\"2010-01-10T17:05:38+00:00\",\"dateModified\":\"2010-01-10T17:06:15+00:00\",\"mainEntityOfPage\":{\"@id\":\"https:\\\/\\\/www.bellunopress.it\\\/2010\\\/01\\\/10\\\/fulvio-scola-sul-tetto-deuropa-oggo-ottavo\\\/\"},\"wordCount\":221,\"publisher\":{\"@id\":\"https:\\\/\\\/www.bellunopress.it\\\/#organization\"},\"image\":{\"@id\":\"https:\\\/\\\/www.bellunopress.it\\\/2010\\\/01\\\/10\\\/fulvio-scola-sul-tetto-deuropa-oggo-ottavo\\\/#primaryimage\"},\"thumbnailUrl\":\"http:\\\/\\\/www.bellunopress.it\\\/wp-content\\\/uploads\\\/2009\\\/11\\\/fulvio-scola_02-leggera.jpg\",\"keywords\":[\"Belluno\",\"Feltre\"],\"articleSection\":[\"Prima Pagina\",\"Sport, tempo libero\"],\"inLanguage\":\"fr-FR\"},{\"@type\":\"WebPage\",\"@id\":\"https:\\\/\\\/www.bellunopress.it\\\/2010\\\/01\\\/10\\\/fulvio-scola-sul-tetto-deuropa-oggo-ottavo\\\/\",\"url\":\"https:\\\/\\\/www.bellunopress.it\\\/2010\\\/01\\\/10\\\/fulvio-scola-sul-tetto-deuropa-oggo-ottavo\\\/\",\"name\":\"Fulvio Scola sul tetto d'Europa, oggi ottavo - Bellunopress - Dolomiti\",\"isPartOf\":{\"@id\":\"https:\\\/\\\/www.bellunopress.it\\\/#website\"},\"primaryImageOfPage\":{\"@id\":\"https:\\\/\\\/www.bellunopress.it\\\/2010\\\/01\\\/10\\\/fulvio-scola-sul-tetto-deuropa-oggo-ottavo\\\/#primaryimage\"},\"image\":{\"@id\":\"https:\\\/\\\/www.bellunopress.it\\\/2010\\\/01\\\/10\\\/fulvio-scola-sul-tetto-deuropa-oggo-ottavo\\\/#primaryimage\"},\"thumbnailUrl\":\"http:\\\/\\\/www.bellunopress.it\\\/wp-content\\\/uploads\\\/2009\\\/11\\\/fulvio-scola_02-leggera.jpg\",\"datePublished\":\"2010-01-10T17:05:38+00:00\",\"dateModified\":\"2010-01-10T17:06:15+00:00\",\"breadcrumb\":{\"@id\":\"https:\\\/\\\/www.bellunopress.it\\\/2010\\\/01\\\/10\\\/fulvio-scola-sul-tetto-deuropa-oggo-ottavo\\\/#breadcrumb\"},\"inLanguage\":\"fr-FR\",\"potentialAction\":[{\"@type\":\"ReadAction\",\"target\":[\"https:\\\/\\\/www.bellunopress.it\\\/2010\\\/01\\\/10\\\/fulvio-scola-sul-tetto-deuropa-oggo-ottavo\\\/\"]}]},{\"@type\":\"ImageObject\",\"inLanguage\":\"fr-FR\",\"@id\":\"https:\\\/\\\/www.bellunopress.it\\\/2010\\\/01\\\/10\\\/fulvio-scola-sul-tetto-deuropa-oggo-ottavo\\\/#primaryimage\",\"url\":\"http:\\\/\\\/www.bellunopress.it\\\/wp-content\\\/uploads\\\/2009\\\/11\\\/fulvio-scola_02-leggera.jpg\",\"contentUrl\":\"http:\\\/\\\/www.bellunopress.it\\\/wp-content\\\/uploads\\\/2009\\\/11\\\/fulvio-scola_02-leggera.jpg\"},{\"@type\":\"BreadcrumbList\",\"@id\":\"https:\\\/\\\/www.bellunopress.it\\\/2010\\\/01\\\/10\\\/fulvio-scola-sul-tetto-deuropa-oggo-ottavo\\\/#breadcrumb\",\"itemListElement\":[{\"@type\":\"ListItem\",\"position\":1,\"name\":\"Home\",\"item\":\"https:\\\/\\\/www.bellunopress.it\\\/\"},{\"@type\":\"ListItem\",\"position\":2,\"name\":\"Fulvio Scola sul tetto d&#8217;Europa, oggi ottavo\"}]},{\"@type\":\"WebSite\",\"@id\":\"https:\\\/\\\/www.bellunopress.it\\\/#website\",\"url\":\"https:\\\/\\\/www.bellunopress.it\\\/\",\"name\":\"Bellunopress - Dolomiti\",\"description\":\"e-mail: redazione@bellunopress.it\",\"publisher\":{\"@id\":\"https:\\\/\\\/www.bellunopress.it\\\/#organization\"},\"potentialAction\":[{\"@type\":\"SearchAction\",\"target\":{\"@type\":\"EntryPoint\",\"urlTemplate\":\"https:\\\/\\\/www.bellunopress.it\\\/?s={search_term_string}\"},\"query-input\":{\"@type\":\"PropertyValueSpecification\",\"valueRequired\":true,\"valueName\":\"search_term_string\"}}],\"inLanguage\":\"fr-FR\"},{\"@type\":\"Organization\",\"@id\":\"https:\\\/\\\/www.bellunopress.it\\\/#organization\",\"name\":\"Bellunopress\",\"url\":\"https:\\\/\\\/www.bellunopress.it\\\/\",\"logo\":{\"@type\":\"ImageObject\",\"inLanguage\":\"fr-FR\",\"@id\":\"https:\\\/\\\/www.bellunopress.it\\\/#\\\/schema\\\/logo\\\/image\\\/\",\"url\":\"https:\\\/\\\/www.bellunopress.it\\\/wp-content\\\/uploads\\\/2011\\\/05\\\/cropped-logo-bellunopress-.jpg\",\"contentUrl\":\"https:\\\/\\\/www.bellunopress.it\\\/wp-content\\\/uploads\\\/2011\\\/05\\\/cropped-logo-bellunopress-.jpg\",\"width\":512,\"height\":512,\"caption\":\"Bellunopress\"},\"image\":{\"@id\":\"https:\\\/\\\/www.bellunopress.it\\\/#\\\/schema\\\/logo\\\/image\\\/\"},\"sameAs\":[\"https:\\\/\\\/www.facebook.com\\\/profile.php?id=100008943462799\",\"https:\\\/\\\/x.com\\\/bellunopress\",\"https:\\\/\\\/www.linkedin.com\\\/hp\\\/?dnr=JBzUWaJfMUw8vbXJJ2tVW5-I3jZKvC4wsoxE&amp;amp;amp;amp;amp;amp;trk=nav_responsive_tab_home\",\"https:\\\/\\\/www.youtube.com\\\/channel\\\/UCxL0wu1uN0_3_7hGG0306cw\"]},{\"@type\":\"Person\",\"@id\":\"https:\\\/\\\/www.bellunopress.it\\\/#\\\/schema\\\/person\\\/79bb06722b37ece1c03d3e94beb30d73\",\"name\":\"redazione\",\"image\":{\"@type\":\"ImageObject\",\"inLanguage\":\"fr-FR\",\"@id\":\"https:\\\/\\\/secure.gravatar.com\\\/avatar\\\/37d968a2e67a6fd04c169c4bdef102d0bc5d31b2546345219e348575eb80e9a0?s=96&d=mm&r=g\",\"url\":\"https:\\\/\\\/secure.gravatar.com\\\/avatar\\\/37d968a2e67a6fd04c169c4bdef102d0bc5d31b2546345219e348575eb80e9a0?s=96&d=mm&r=g\",\"contentUrl\":\"https:\\\/\\\/secure.gravatar.com\\\/avatar\\\/37d968a2e67a6fd04c169c4bdef102d0bc5d31b2546345219e348575eb80e9a0?s=96&d=mm&r=g\",\"caption\":\"redazione\"},\"sameAs\":[\"http:\\\/\\\/www.bellunopress.it\",\"https:\\\/\\\/x.com\\\/bellunopress\"],\"url\":\"https:\\\/\\\/www.bellunopress.it\\\/fr\\\/author\\\/redazione\\\/\"}]}<\/script>\n<!-- \/ Yoast SEO plugin. -->","yoast_head_json":{"title":"Fulvio Scola sul tetto d'Europa, oggi ottavo - Bellunopress - Dolomiti","robots":{"index":"index","follow":"follow","max-snippet":"max-snippet:-1","max-image-preview":"max-image-preview:large","max-video-preview":"max-video-preview:-1"},"canonical":"https:\/\/www.bellunopress.it\/fr\/2010\/01\/10\/fulvio-scola-sul-tetto-deuropa-oggo-ottavo\/","og_locale":"fr_FR","og_type":"article","og_title":"Fulvio Scola sul tetto d'Europa, oggi ottavo - Bellunopress - Dolomiti","og_description":"Fine settimana eccezionale per Fulvio Scola a Oberwiesenthal, in Germania, nella due giorni di Coppa Europa. Nella sprint a tecnica libera il falcadino ha messo tutti alle spalle, una vittoria importante anche in vista delle convocazioni per le Olimpiadi di Vancouver. Nella 15 chilometri Fulvio Scola ha invece chiuso all&#8217;ottavo posto pagando anche lo sforzo [&hellip;]","og_url":"https:\/\/www.bellunopress.it\/fr\/2010\/01\/10\/fulvio-scola-sul-tetto-deuropa-oggo-ottavo\/","og_site_name":"Bellunopress - Dolomiti","article_publisher":"https:\/\/www.facebook.com\/profile.php?id=100008943462799","article_published_time":"2010-01-10T17:05:38+00:00","article_modified_time":"2010-01-10T17:06:15+00:00","og_image":[{"url":"http:\/\/www.bellunopress.it\/wp-content\/uploads\/2009\/11\/fulvio-scola_02-leggera.jpg","type":"","width":"","height":""}],"author":"redazione","twitter_card":"summary_large_image","twitter_creator":"@bellunopress","twitter_site":"@bellunopress","twitter_misc":{"\u00c9crit par":"redazione","Dur\u00e9e de lecture estim\u00e9e":"1 minute"},"schema":{"@context":"https:\/\/schema.org","@graph":[{"@type":"Article","@id":"https:\/\/www.bellunopress.it\/2010\/01\/10\/fulvio-scola-sul-tetto-deuropa-oggo-ottavo\/#article","isPartOf":{"@id":"https:\/\/www.bellunopress.it\/2010\/01\/10\/fulvio-scola-sul-tetto-deuropa-oggo-ottavo\/"},"author":{"name":"redazione","@id":"https:\/\/www.bellunopress.it\/#\/schema\/person\/79bb06722b37ece1c03d3e94beb30d73"},"headline":"Fulvio Scola sul tetto d&#8217;Europa, oggi ottavo","datePublished":"2010-01-10T17:05:38+00:00","dateModified":"2010-01-10T17:06:15+00:00","mainEntityOfPage":{"@id":"https:\/\/www.bellunopress.it\/2010\/01\/10\/fulvio-scola-sul-tetto-deuropa-oggo-ottavo\/"},"wordCount":221,"publisher":{"@id":"https:\/\/www.bellunopress.it\/#organization"},"image":{"@id":"https:\/\/www.bellunopress.it\/2010\/01\/10\/fulvio-scola-sul-tetto-deuropa-oggo-ottavo\/#primaryimage"},"thumbnailUrl":"http:\/\/www.bellunopress.it\/wp-content\/uploads\/2009\/11\/fulvio-scola_02-leggera.jpg","keywords":["Belluno","Feltre"],"articleSection":["Prima Pagina","Sport, tempo libero"],"inLanguage":"fr-FR"},{"@type":"WebPage","@id":"https:\/\/www.bellunopress.it\/2010\/01\/10\/fulvio-scola-sul-tetto-deuropa-oggo-ottavo\/","url":"https:\/\/www.bellunopress.it\/2010\/01\/10\/fulvio-scola-sul-tetto-deuropa-oggo-ottavo\/","name":"Fulvio Scola sul tetto d'Europa, oggi ottavo - Bellunopress - Dolomiti","isPartOf":{"@id":"https:\/\/www.bellunopress.it\/#website"},"primaryImageOfPage":{"@id":"https:\/\/www.bellunopress.it\/2010\/01\/10\/fulvio-scola-sul-tetto-deuropa-oggo-ottavo\/#primaryimage"},"image":{"@id":"https:\/\/www.bellunopress.it\/2010\/01\/10\/fulvio-scola-sul-tetto-deuropa-oggo-ottavo\/#primaryimage"},"thumbnailUrl":"http:\/\/www.bellunopress.it\/wp-content\/uploads\/2009\/11\/fulvio-scola_02-leggera.jpg","datePublished":"2010-01-10T17:05:38+00:00","dateModified":"2010-01-10T17:06:15+00:00","breadcrumb":{"@id":"https:\/\/www.bellunopress.it\/2010\/01\/10\/fulvio-scola-sul-tetto-deuropa-oggo-ottavo\/#breadcrumb"},"inLanguage":"fr-FR","potentialAction":[{"@type":"ReadAction","target":["https:\/\/www.bellunopress.it\/2010\/01\/10\/fulvio-scola-sul-tetto-deuropa-oggo-ottavo\/"]}]},{"@type":"ImageObject","inLanguage":"fr-FR","@id":"https:\/\/www.bellunopress.it\/2010\/01\/10\/fulvio-scola-sul-tetto-deuropa-oggo-ottavo\/#primaryimage","url":"http:\/\/www.bellunopress.it\/wp-content\/uploads\/2009\/11\/fulvio-scola_02-leggera.jpg","contentUrl":"http:\/\/www.bellunopress.it\/wp-content\/uploads\/2009\/11\/fulvio-scola_02-leggera.jpg"},{"@type":"BreadcrumbList","@id":"https:\/\/www.bellunopress.it\/2010\/01\/10\/fulvio-scola-sul-tetto-deuropa-oggo-ottavo\/#breadcrumb","itemListElement":[{"@type":"ListItem","position":1,"name":"Home","item":"https:\/\/www.bellunopress.it\/"},{"@type":"ListItem","position":2,"name":"Fulvio Scola sul tetto d&#8217;Europa, oggi ottavo"}]},{"@type":"WebSite","@id":"https:\/\/www.bellunopress.it\/#website","url":"https:\/\/www.bellunopress.it\/","name":"Bellunopress - Dolomiti","description":"e-mail: redazione@bellunopress.it","publisher":{"@id":"https:\/\/www.bellunopress.it\/#organization"},"potentialAction":[{"@type":"SearchAction","target":{"@type":"EntryPoint","urlTemplate":"https:\/\/www.bellunopress.it\/?s={search_term_string}"},"query-input":{"@type":"PropertyValueSpecification","valueRequired":true,"valueName":"search_term_string"}}],"inLanguage":"fr-FR"},{"@type":"Organization","@id":"https:\/\/www.bellunopress.it\/#organization","name":"Bellunopress","url":"https:\/\/www.bellunopress.it\/","logo":{"@type":"ImageObject","inLanguage":"fr-FR","@id":"https:\/\/www.bellunopress.it\/#\/schema\/logo\/image\/","url":"https:\/\/www.bellunopress.it\/wp-content\/uploads\/2011\/05\/cropped-logo-bellunopress-.jpg","contentUrl":"https:\/\/www.bellunopress.it\/wp-content\/uploads\/2011\/05\/cropped-logo-bellunopress-.jpg","width":512,"height":512,"caption":"Bellunopress"},"image":{"@id":"https:\/\/www.bellunopress.it\/#\/schema\/logo\/image\/"},"sameAs":["https:\/\/www.facebook.com\/profile.php?id=100008943462799","https:\/\/x.com\/bellunopress","https:\/\/www.linkedin.com\/hp\/?dnr=JBzUWaJfMUw8vbXJJ2tVW5-I3jZKvC4wsoxE&amp;amp;amp;amp;amp;amp;trk=nav_responsive_tab_home","https:\/\/www.youtube.com\/channel\/UCxL0wu1uN0_3_7hGG0306cw"]},{"@type":"Person","@id":"https:\/\/www.bellunopress.it\/#\/schema\/person\/79bb06722b37ece1c03d3e94beb30d73","name":"r\u00e9daction","image":{"@type":"ImageObject","inLanguage":"fr-FR","@id":"https:\/\/secure.gravatar.com\/avatar\/37d968a2e67a6fd04c169c4bdef102d0bc5d31b2546345219e348575eb80e9a0?s=96&d=mm&r=g","url":"https:\/\/secure.gravatar.com\/avatar\/37d968a2e67a6fd04c169c4bdef102d0bc5d31b2546345219e348575eb80e9a0?s=96&d=mm&r=g","contentUrl":"https:\/\/secure.gravatar.com\/avatar\/37d968a2e67a6fd04c169c4bdef102d0bc5d31b2546345219e348575eb80e9a0?s=96&d=mm&r=g","caption":"redazione"},"sameAs":["http:\/\/www.bellunopress.it","https:\/\/x.com\/bellunopress"],"url":"https:\/\/www.bellunopress.it\/fr\/author\/redazione\/"}]}},"_links":{"self":[{"href":"https:\/\/www.bellunopress.it\/fr\/wp-json\/wp\/v2\/posts\/11378","targetHints":{"allow":["GET"]}}],"collection":[{"href":"https:\/\/www.bellunopress.it\/fr\/wp-json\/wp\/v2\/posts"}],"about":[{"href":"https:\/\/www.bellunopress.it\/fr\/wp-json\/wp\/v2\/types\/post"}],"author":[{"embeddable":true,"href":"https:\/\/www.bellunopress.it\/fr\/wp-json\/wp\/v2\/users\/2"}],"replies":[{"embeddable":true,"href":"https:\/\/www.bellunopress.it\/fr\/wp-json\/wp\/v2\/comments?post=11378"}],"version-history":[{"count":2,"href":"https:\/\/www.bellunopress.it\/fr\/wp-json\/wp\/v2\/posts\/11378\/revisions"}],"predecessor-version":[{"id":11380,"href":"https:\/\/www.bellunopress.it\/fr\/wp-json\/wp\/v2\/posts\/11378\/revisions\/11380"}],"wp:attachment":[{"href":"https:\/\/www.bellunopress.it\/fr\/wp-json\/wp\/v2\/media?parent=11378"}],"wp:term":[{"taxonomy":"category","embeddable":true,"href":"https:\/\/www.bellunopress.it\/fr\/wp-json\/wp\/v2\/categories?post=11378"},{"taxonomy":"post_tag","embeddable":true,"href":"https:\/\/www.bellunopress.it\/fr\/wp-json\/wp\/v2\/tags?post=11378"}],"curies":[{"name":"wp","href":"https:\/\/api.w.org\/{rel}","templated":true}]}}