{"id":11336,"date":"2010-01-09T08:03:13","date_gmt":"2010-01-09T07:03:13","guid":{"rendered":"http:\/\/www.bellunopress.it\/?p=11336"},"modified":"2010-01-09T08:03:13","modified_gmt":"2010-01-09T07:03:13","slug":"ultimati-i-lavori-sulla-strada-rivai-tol-in-comune-di-arsie","status":"publish","type":"post","link":"https:\/\/www.bellunopress.it\/fr\/2010\/01\/09\/ultimati-i-lavori-sulla-strada-rivai-tol-in-comune-di-arsie\/","title":{"rendered":"Ultimati i lavori sulla strada Rivai-Tol in Comune di Arsi\u00e9"},"content":{"rendered":"<p><a href=\"http:\/\/www.bellunopress.it\/wp-content\/uploads\/2010\/01\/strada-tol-prima.jpg\"><img loading=\"lazy\" decoding=\"async\" class=\"alignleft size-medium wp-image-11337\" title=\"strada-tol-prima\" src=\"http:\/\/www.bellunopress.it\/wp-content\/uploads\/2010\/01\/strada-tol-prima.jpg\" alt=\"\" width=\"270\" height=\"202\" \/><\/a><a href=\"http:\/\/www.bellunopress.it\/wp-content\/uploads\/2010\/01\/strada-tol-dopo.jpg\"><img loading=\"lazy\" decoding=\"async\" class=\"alignleft size-medium wp-image-11338\" title=\"strada-tol-dopo\" src=\"http:\/\/www.bellunopress.it\/wp-content\/uploads\/2010\/01\/strada-tol-dopo.jpg\" alt=\"\" width=\"270\" height=\"202\" \/><\/a>Sono stati ultimati i lavori lungo il versante della strada che da Rivai conduce a Tol, l\u2019altra frazione del Comune di Arsi\u00e8. \u00abAbbiamo finalmente risolto un problema viario che si era venuto a creare in quella zona a seguito di una considerevole frana &#8211; ha spiegato il presidente della Provincia, Gianpaolo Bottacin &#8211; . L\u2019importo complessivo dei lavori \u00e8 stato di circa trecentocinquantamila euro: una spesa in cui abbiamo fatto rientrare anche una completa messa in sicurezza della strada\u00bb. \u00ab\u00c8 stato necessario rimuovere ben cinquemila metri cubi di materiale che era sceso sulla strada, e che per molto tempo ha creato seri disagi agli automobilisti in transito &#8211; ha commentato l\u2019assessore provinciale Ivano Faoro &#8211; . Siamo intervenuti su un\u2019area complessivamente di circa seimila metri quadrati, realizzando i lavori di coronamento e pulizia del versante, oltre che della strada\u00bb. \u00abIl progetto di recupero ha previsto diverse fasi, con la posa di protezioni superficiali e con quattro file di fermaneve che potranno arginare future possibili valanghe. Sono inoltre stati creati dei drenaggi con canalette per il convogliamento delle acque\u00bb.<\/p>","protected":false},"excerpt":{"rendered":"<p>Sono stati ultimati i lavori lungo il versante della strada che da Rivai conduce a Tol, l\u2019altra frazione del Comune di Arsi\u00e8. \u00abAbbiamo finalmente risolto un problema viario che si era venuto a creare in quella zona a seguito di una considerevole frana &#8211; ha spiegato il presidente della Provincia, Gianpaolo Bottacin &#8211; . L\u2019importo [&hellip;]<\/p>\n","protected":false},"author":2,"featured_media":0,"comment_status":"closed","ping_status":"open","sticky":false,"template":"","format":"standard","meta":{"footnotes":""},"categories":[5,26],"tags":[139],"class_list":["post-11336","post","type-post","status-publish","format-standard","category-cronaca","category-prima-pagina","tag-belluno"],"yoast_head":"<!-- This site is optimized with the Yoast SEO plugin v28.4 - https:\/\/yoast.com\/product\/yoast-seo-wordpress\/ -->\n<title>Ultimati i lavori sulla strada Rivai-Tol in Comune di Arsi\u00e9  - Bellunopress - Dolomiti<\/title>\n<meta name=\"robots\" content=\"index, follow, max-snippet:-1, max-image-preview:large, max-video-preview:-1\" \/>\n<link rel=\"canonical\" href=\"https:\/\/www.bellunopress.it\/fr\/2010\/01\/09\/ultimati-i-lavori-sulla-strada-rivai-tol-in-comune-di-arsie\/\" \/>\n<meta property=\"og:locale\" content=\"fr_FR\" \/>\n<meta property=\"og:type\" content=\"article\" \/>\n<meta property=\"og:title\" content=\"Ultimati i lavori sulla strada Rivai-Tol in Comune di Arsi\u00e9  - Bellunopress - Dolomiti\" \/>\n<meta property=\"og:description\" content=\"Sono stati ultimati i lavori lungo il versante della strada che da Rivai conduce a Tol, l\u2019altra frazione del Comune di Arsi\u00e8. \u00abAbbiamo finalmente risolto un problema viario che si era venuto a creare in quella zona a seguito di una considerevole frana &#8211; ha spiegato il presidente della Provincia, Gianpaolo Bottacin &#8211; . L\u2019importo [&hellip;]\" \/>\n<meta property=\"og:url\" content=\"https:\/\/www.bellunopress.it\/fr\/2010\/01\/09\/ultimati-i-lavori-sulla-strada-rivai-tol-in-comune-di-arsie\/\" \/>\n<meta property=\"og:site_name\" content=\"Bellunopress - Dolomiti\" \/>\n<meta property=\"article:publisher\" content=\"https:\/\/www.facebook.com\/profile.php?id=100008943462799\" \/>\n<meta property=\"article:published_time\" content=\"2010-01-09T07:03:13+00:00\" \/>\n<meta property=\"og:image\" content=\"http:\/\/www.bellunopress.it\/wp-content\/uploads\/2010\/01\/strada-tol-prima.jpg\" \/>\n<meta name=\"author\" content=\"redazione\" \/>\n<meta name=\"twitter:card\" content=\"summary_large_image\" \/>\n<meta name=\"twitter:creator\" content=\"@bellunopress\" \/>\n<meta name=\"twitter:site\" content=\"@bellunopress\" \/>\n<meta name=\"twitter:label1\" content=\"\u00c9crit par\" \/>\n\t<meta name=\"twitter:data1\" content=\"redazione\" \/>\n\t<meta name=\"twitter:label2\" content=\"Dur\u00e9e de lecture estim\u00e9e\" \/>\n\t<meta name=\"twitter:data2\" content=\"1 minute\" \/>\n<script type=\"application\/ld+json\" class=\"yoast-schema-graph\">{\"@context\":\"https:\\\/\\\/schema.org\",\"@graph\":[{\"@type\":\"Article\",\"@id\":\"https:\\\/\\\/www.bellunopress.it\\\/2010\\\/01\\\/09\\\/ultimati-i-lavori-sulla-strada-rivai-tol-in-comune-di-arsie\\\/#article\",\"isPartOf\":{\"@id\":\"https:\\\/\\\/www.bellunopress.it\\\/2010\\\/01\\\/09\\\/ultimati-i-lavori-sulla-strada-rivai-tol-in-comune-di-arsie\\\/\"},\"author\":{\"name\":\"redazione\",\"@id\":\"https:\\\/\\\/www.bellunopress.it\\\/#\\\/schema\\\/person\\\/79bb06722b37ece1c03d3e94beb30d73\"},\"headline\":\"Ultimati i lavori sulla strada Rivai-Tol in Comune di Arsi\u00e9\",\"datePublished\":\"2010-01-09T07:03:13+00:00\",\"mainEntityOfPage\":{\"@id\":\"https:\\\/\\\/www.bellunopress.it\\\/2010\\\/01\\\/09\\\/ultimati-i-lavori-sulla-strada-rivai-tol-in-comune-di-arsie\\\/\"},\"wordCount\":188,\"publisher\":{\"@id\":\"https:\\\/\\\/www.bellunopress.it\\\/#organization\"},\"image\":{\"@id\":\"https:\\\/\\\/www.bellunopress.it\\\/2010\\\/01\\\/09\\\/ultimati-i-lavori-sulla-strada-rivai-tol-in-comune-di-arsie\\\/#primaryimage\"},\"thumbnailUrl\":\"http:\\\/\\\/www.bellunopress.it\\\/wp-content\\\/uploads\\\/2010\\\/01\\\/strada-tol-prima.jpg\",\"keywords\":[\"Belluno\"],\"articleSection\":[\"Cronaca\\\/Politica\",\"Prima Pagina\"],\"inLanguage\":\"fr-FR\"},{\"@type\":\"WebPage\",\"@id\":\"https:\\\/\\\/www.bellunopress.it\\\/2010\\\/01\\\/09\\\/ultimati-i-lavori-sulla-strada-rivai-tol-in-comune-di-arsie\\\/\",\"url\":\"https:\\\/\\\/www.bellunopress.it\\\/2010\\\/01\\\/09\\\/ultimati-i-lavori-sulla-strada-rivai-tol-in-comune-di-arsie\\\/\",\"name\":\"Ultimati i lavori sulla strada Rivai-Tol in Comune di Arsi\u00e9 - Bellunopress - Dolomiti\",\"isPartOf\":{\"@id\":\"https:\\\/\\\/www.bellunopress.it\\\/#website\"},\"primaryImageOfPage\":{\"@id\":\"https:\\\/\\\/www.bellunopress.it\\\/2010\\\/01\\\/09\\\/ultimati-i-lavori-sulla-strada-rivai-tol-in-comune-di-arsie\\\/#primaryimage\"},\"image\":{\"@id\":\"https:\\\/\\\/www.bellunopress.it\\\/2010\\\/01\\\/09\\\/ultimati-i-lavori-sulla-strada-rivai-tol-in-comune-di-arsie\\\/#primaryimage\"},\"thumbnailUrl\":\"http:\\\/\\\/www.bellunopress.it\\\/wp-content\\\/uploads\\\/2010\\\/01\\\/strada-tol-prima.jpg\",\"datePublished\":\"2010-01-09T07:03:13+00:00\",\"breadcrumb\":{\"@id\":\"https:\\\/\\\/www.bellunopress.it\\\/2010\\\/01\\\/09\\\/ultimati-i-lavori-sulla-strada-rivai-tol-in-comune-di-arsie\\\/#breadcrumb\"},\"inLanguage\":\"fr-FR\",\"potentialAction\":[{\"@type\":\"ReadAction\",\"target\":[\"https:\\\/\\\/www.bellunopress.it\\\/2010\\\/01\\\/09\\\/ultimati-i-lavori-sulla-strada-rivai-tol-in-comune-di-arsie\\\/\"]}]},{\"@type\":\"ImageObject\",\"inLanguage\":\"fr-FR\",\"@id\":\"https:\\\/\\\/www.bellunopress.it\\\/2010\\\/01\\\/09\\\/ultimati-i-lavori-sulla-strada-rivai-tol-in-comune-di-arsie\\\/#primaryimage\",\"url\":\"http:\\\/\\\/www.bellunopress.it\\\/wp-content\\\/uploads\\\/2010\\\/01\\\/strada-tol-prima.jpg\",\"contentUrl\":\"http:\\\/\\\/www.bellunopress.it\\\/wp-content\\\/uploads\\\/2010\\\/01\\\/strada-tol-prima.jpg\"},{\"@type\":\"BreadcrumbList\",\"@id\":\"https:\\\/\\\/www.bellunopress.it\\\/2010\\\/01\\\/09\\\/ultimati-i-lavori-sulla-strada-rivai-tol-in-comune-di-arsie\\\/#breadcrumb\",\"itemListElement\":[{\"@type\":\"ListItem\",\"position\":1,\"name\":\"Home\",\"item\":\"https:\\\/\\\/www.bellunopress.it\\\/\"},{\"@type\":\"ListItem\",\"position\":2,\"name\":\"Ultimati i lavori sulla strada Rivai-Tol in Comune di Arsi\u00e9\"}]},{\"@type\":\"WebSite\",\"@id\":\"https:\\\/\\\/www.bellunopress.it\\\/#website\",\"url\":\"https:\\\/\\\/www.bellunopress.it\\\/\",\"name\":\"Bellunopress - Dolomiti\",\"description\":\"e-mail: redazione@bellunopress.it\",\"publisher\":{\"@id\":\"https:\\\/\\\/www.bellunopress.it\\\/#organization\"},\"potentialAction\":[{\"@type\":\"SearchAction\",\"target\":{\"@type\":\"EntryPoint\",\"urlTemplate\":\"https:\\\/\\\/www.bellunopress.it\\\/?s={search_term_string}\"},\"query-input\":{\"@type\":\"PropertyValueSpecification\",\"valueRequired\":true,\"valueName\":\"search_term_string\"}}],\"inLanguage\":\"fr-FR\"},{\"@type\":\"Organization\",\"@id\":\"https:\\\/\\\/www.bellunopress.it\\\/#organization\",\"name\":\"Bellunopress\",\"url\":\"https:\\\/\\\/www.bellunopress.it\\\/\",\"logo\":{\"@type\":\"ImageObject\",\"inLanguage\":\"fr-FR\",\"@id\":\"https:\\\/\\\/www.bellunopress.it\\\/#\\\/schema\\\/logo\\\/image\\\/\",\"url\":\"https:\\\/\\\/www.bellunopress.it\\\/wp-content\\\/uploads\\\/2011\\\/05\\\/cropped-logo-bellunopress-.jpg\",\"contentUrl\":\"https:\\\/\\\/www.bellunopress.it\\\/wp-content\\\/uploads\\\/2011\\\/05\\\/cropped-logo-bellunopress-.jpg\",\"width\":512,\"height\":512,\"caption\":\"Bellunopress\"},\"image\":{\"@id\":\"https:\\\/\\\/www.bellunopress.it\\\/#\\\/schema\\\/logo\\\/image\\\/\"},\"sameAs\":[\"https:\\\/\\\/www.facebook.com\\\/profile.php?id=100008943462799\",\"https:\\\/\\\/x.com\\\/bellunopress\",\"https:\\\/\\\/www.linkedin.com\\\/hp\\\/?dnr=JBzUWaJfMUw8vbXJJ2tVW5-I3jZKvC4wsoxE&amp;amp;amp;amp;amp;amp;trk=nav_responsive_tab_home\",\"https:\\\/\\\/www.youtube.com\\\/channel\\\/UCxL0wu1uN0_3_7hGG0306cw\"]},{\"@type\":\"Person\",\"@id\":\"https:\\\/\\\/www.bellunopress.it\\\/#\\\/schema\\\/person\\\/79bb06722b37ece1c03d3e94beb30d73\",\"name\":\"redazione\",\"image\":{\"@type\":\"ImageObject\",\"inLanguage\":\"fr-FR\",\"@id\":\"https:\\\/\\\/secure.gravatar.com\\\/avatar\\\/37d968a2e67a6fd04c169c4bdef102d0bc5d31b2546345219e348575eb80e9a0?s=96&d=mm&r=g\",\"url\":\"https:\\\/\\\/secure.gravatar.com\\\/avatar\\\/37d968a2e67a6fd04c169c4bdef102d0bc5d31b2546345219e348575eb80e9a0?s=96&d=mm&r=g\",\"contentUrl\":\"https:\\\/\\\/secure.gravatar.com\\\/avatar\\\/37d968a2e67a6fd04c169c4bdef102d0bc5d31b2546345219e348575eb80e9a0?s=96&d=mm&r=g\",\"caption\":\"redazione\"},\"sameAs\":[\"http:\\\/\\\/www.bellunopress.it\",\"https:\\\/\\\/x.com\\\/bellunopress\"],\"url\":\"https:\\\/\\\/www.bellunopress.it\\\/fr\\\/author\\\/redazione\\\/\"}]}<\/script>\n<!-- \/ Yoast SEO plugin. -->","yoast_head_json":{"title":"Ultimati i lavori sulla strada Rivai-Tol in Comune di Arsi\u00e9  - Bellunopress - Dolomiti","robots":{"index":"index","follow":"follow","max-snippet":"max-snippet:-1","max-image-preview":"max-image-preview:large","max-video-preview":"max-video-preview:-1"},"canonical":"https:\/\/www.bellunopress.it\/fr\/2010\/01\/09\/ultimati-i-lavori-sulla-strada-rivai-tol-in-comune-di-arsie\/","og_locale":"fr_FR","og_type":"article","og_title":"Ultimati i lavori sulla strada Rivai-Tol in Comune di Arsi\u00e9  - Bellunopress - Dolomiti","og_description":"Sono stati ultimati i lavori lungo il versante della strada che da Rivai conduce a Tol, l\u2019altra frazione del Comune di Arsi\u00e8. \u00abAbbiamo finalmente risolto un problema viario che si era venuto a creare in quella zona a seguito di una considerevole frana &#8211; ha spiegato il presidente della Provincia, Gianpaolo Bottacin &#8211; . L\u2019importo [&hellip;]","og_url":"https:\/\/www.bellunopress.it\/fr\/2010\/01\/09\/ultimati-i-lavori-sulla-strada-rivai-tol-in-comune-di-arsie\/","og_site_name":"Bellunopress - Dolomiti","article_publisher":"https:\/\/www.facebook.com\/profile.php?id=100008943462799","article_published_time":"2010-01-09T07:03:13+00:00","og_image":[{"url":"http:\/\/www.bellunopress.it\/wp-content\/uploads\/2010\/01\/strada-tol-prima.jpg","type":"","width":"","height":""}],"author":"redazione","twitter_card":"summary_large_image","twitter_creator":"@bellunopress","twitter_site":"@bellunopress","twitter_misc":{"\u00c9crit par":"redazione","Dur\u00e9e de lecture estim\u00e9e":"1 minute"},"schema":{"@context":"https:\/\/schema.org","@graph":[{"@type":"Article","@id":"https:\/\/www.bellunopress.it\/2010\/01\/09\/ultimati-i-lavori-sulla-strada-rivai-tol-in-comune-di-arsie\/#article","isPartOf":{"@id":"https:\/\/www.bellunopress.it\/2010\/01\/09\/ultimati-i-lavori-sulla-strada-rivai-tol-in-comune-di-arsie\/"},"author":{"name":"redazione","@id":"https:\/\/www.bellunopress.it\/#\/schema\/person\/79bb06722b37ece1c03d3e94beb30d73"},"headline":"Ultimati i lavori sulla strada Rivai-Tol in Comune di Arsi\u00e9","datePublished":"2010-01-09T07:03:13+00:00","mainEntityOfPage":{"@id":"https:\/\/www.bellunopress.it\/2010\/01\/09\/ultimati-i-lavori-sulla-strada-rivai-tol-in-comune-di-arsie\/"},"wordCount":188,"publisher":{"@id":"https:\/\/www.bellunopress.it\/#organization"},"image":{"@id":"https:\/\/www.bellunopress.it\/2010\/01\/09\/ultimati-i-lavori-sulla-strada-rivai-tol-in-comune-di-arsie\/#primaryimage"},"thumbnailUrl":"http:\/\/www.bellunopress.it\/wp-content\/uploads\/2010\/01\/strada-tol-prima.jpg","keywords":["Belluno"],"articleSection":["Cronaca\/Politica","Prima Pagina"],"inLanguage":"fr-FR"},{"@type":"WebPage","@id":"https:\/\/www.bellunopress.it\/2010\/01\/09\/ultimati-i-lavori-sulla-strada-rivai-tol-in-comune-di-arsie\/","url":"https:\/\/www.bellunopress.it\/2010\/01\/09\/ultimati-i-lavori-sulla-strada-rivai-tol-in-comune-di-arsie\/","name":"Ultimati i lavori sulla strada Rivai-Tol in Comune di Arsi\u00e9 - Bellunopress - Dolomiti","isPartOf":{"@id":"https:\/\/www.bellunopress.it\/#website"},"primaryImageOfPage":{"@id":"https:\/\/www.bellunopress.it\/2010\/01\/09\/ultimati-i-lavori-sulla-strada-rivai-tol-in-comune-di-arsie\/#primaryimage"},"image":{"@id":"https:\/\/www.bellunopress.it\/2010\/01\/09\/ultimati-i-lavori-sulla-strada-rivai-tol-in-comune-di-arsie\/#primaryimage"},"thumbnailUrl":"http:\/\/www.bellunopress.it\/wp-content\/uploads\/2010\/01\/strada-tol-prima.jpg","datePublished":"2010-01-09T07:03:13+00:00","breadcrumb":{"@id":"https:\/\/www.bellunopress.it\/2010\/01\/09\/ultimati-i-lavori-sulla-strada-rivai-tol-in-comune-di-arsie\/#breadcrumb"},"inLanguage":"fr-FR","potentialAction":[{"@type":"ReadAction","target":["https:\/\/www.bellunopress.it\/2010\/01\/09\/ultimati-i-lavori-sulla-strada-rivai-tol-in-comune-di-arsie\/"]}]},{"@type":"ImageObject","inLanguage":"fr-FR","@id":"https:\/\/www.bellunopress.it\/2010\/01\/09\/ultimati-i-lavori-sulla-strada-rivai-tol-in-comune-di-arsie\/#primaryimage","url":"http:\/\/www.bellunopress.it\/wp-content\/uploads\/2010\/01\/strada-tol-prima.jpg","contentUrl":"http:\/\/www.bellunopress.it\/wp-content\/uploads\/2010\/01\/strada-tol-prima.jpg"},{"@type":"BreadcrumbList","@id":"https:\/\/www.bellunopress.it\/2010\/01\/09\/ultimati-i-lavori-sulla-strada-rivai-tol-in-comune-di-arsie\/#breadcrumb","itemListElement":[{"@type":"ListItem","position":1,"name":"Home","item":"https:\/\/www.bellunopress.it\/"},{"@type":"ListItem","position":2,"name":"Ultimati i lavori sulla strada Rivai-Tol in Comune di Arsi\u00e9"}]},{"@type":"WebSite","@id":"https:\/\/www.bellunopress.it\/#website","url":"https:\/\/www.bellunopress.it\/","name":"Bellunopress - Dolomiti","description":"e-mail: redazione@bellunopress.it","publisher":{"@id":"https:\/\/www.bellunopress.it\/#organization"},"potentialAction":[{"@type":"SearchAction","target":{"@type":"EntryPoint","urlTemplate":"https:\/\/www.bellunopress.it\/?s={search_term_string}"},"query-input":{"@type":"PropertyValueSpecification","valueRequired":true,"valueName":"search_term_string"}}],"inLanguage":"fr-FR"},{"@type":"Organization","@id":"https:\/\/www.bellunopress.it\/#organization","name":"Bellunopress","url":"https:\/\/www.bellunopress.it\/","logo":{"@type":"ImageObject","inLanguage":"fr-FR","@id":"https:\/\/www.bellunopress.it\/#\/schema\/logo\/image\/","url":"https:\/\/www.bellunopress.it\/wp-content\/uploads\/2011\/05\/cropped-logo-bellunopress-.jpg","contentUrl":"https:\/\/www.bellunopress.it\/wp-content\/uploads\/2011\/05\/cropped-logo-bellunopress-.jpg","width":512,"height":512,"caption":"Bellunopress"},"image":{"@id":"https:\/\/www.bellunopress.it\/#\/schema\/logo\/image\/"},"sameAs":["https:\/\/www.facebook.com\/profile.php?id=100008943462799","https:\/\/x.com\/bellunopress","https:\/\/www.linkedin.com\/hp\/?dnr=JBzUWaJfMUw8vbXJJ2tVW5-I3jZKvC4wsoxE&amp;amp;amp;amp;amp;amp;trk=nav_responsive_tab_home","https:\/\/www.youtube.com\/channel\/UCxL0wu1uN0_3_7hGG0306cw"]},{"@type":"Person","@id":"https:\/\/www.bellunopress.it\/#\/schema\/person\/79bb06722b37ece1c03d3e94beb30d73","name":"r\u00e9daction","image":{"@type":"ImageObject","inLanguage":"fr-FR","@id":"https:\/\/secure.gravatar.com\/avatar\/37d968a2e67a6fd04c169c4bdef102d0bc5d31b2546345219e348575eb80e9a0?s=96&d=mm&r=g","url":"https:\/\/secure.gravatar.com\/avatar\/37d968a2e67a6fd04c169c4bdef102d0bc5d31b2546345219e348575eb80e9a0?s=96&d=mm&r=g","contentUrl":"https:\/\/secure.gravatar.com\/avatar\/37d968a2e67a6fd04c169c4bdef102d0bc5d31b2546345219e348575eb80e9a0?s=96&d=mm&r=g","caption":"redazione"},"sameAs":["http:\/\/www.bellunopress.it","https:\/\/x.com\/bellunopress"],"url":"https:\/\/www.bellunopress.it\/fr\/author\/redazione\/"}]}},"_links":{"self":[{"href":"https:\/\/www.bellunopress.it\/fr\/wp-json\/wp\/v2\/posts\/11336","targetHints":{"allow":["GET"]}}],"collection":[{"href":"https:\/\/www.bellunopress.it\/fr\/wp-json\/wp\/v2\/posts"}],"about":[{"href":"https:\/\/www.bellunopress.it\/fr\/wp-json\/wp\/v2\/types\/post"}],"author":[{"embeddable":true,"href":"https:\/\/www.bellunopress.it\/fr\/wp-json\/wp\/v2\/users\/2"}],"replies":[{"embeddable":true,"href":"https:\/\/www.bellunopress.it\/fr\/wp-json\/wp\/v2\/comments?post=11336"}],"version-history":[{"count":1,"href":"https:\/\/www.bellunopress.it\/fr\/wp-json\/wp\/v2\/posts\/11336\/revisions"}],"predecessor-version":[{"id":11339,"href":"https:\/\/www.bellunopress.it\/fr\/wp-json\/wp\/v2\/posts\/11336\/revisions\/11339"}],"wp:attachment":[{"href":"https:\/\/www.bellunopress.it\/fr\/wp-json\/wp\/v2\/media?parent=11336"}],"wp:term":[{"taxonomy":"category","embeddable":true,"href":"https:\/\/www.bellunopress.it\/fr\/wp-json\/wp\/v2\/categories?post=11336"},{"taxonomy":"post_tag","embeddable":true,"href":"https:\/\/www.bellunopress.it\/fr\/wp-json\/wp\/v2\/tags?post=11336"}],"curies":[{"name":"wp","href":"https:\/\/api.w.org\/{rel}","templated":true}]}}