{"id":11334,"date":"2010-01-08T20:35:16","date_gmt":"2010-01-08T19:35:16","guid":{"rendered":"http:\/\/www.bellunopress.it\/?p=11334"},"modified":"2010-01-08T20:35:16","modified_gmt":"2010-01-08T19:35:16","slug":"sci-alpinismo-martedi-tutti-in-pista-con-i-vigili-del-fuoco-alla-ski-alp-laresei","status":"publish","type":"post","link":"https:\/\/www.bellunopress.it\/fr\/2010\/01\/08\/sci-alpinismo-martedi-tutti-in-pista-con-i-vigili-del-fuoco-alla-ski-alp-laresei\/","title":{"rendered":"Sci alpinismo: marted\u00ec tutti in pista con i Vigili del fuoco alla ski Alp Laresei"},"content":{"rendered":"<p>L\u2019appuntamento con il grande sci alpinismo \u00e8 fissato per marted\u00ec 12 gennaio sulle nevi dolomitiche della ski area 3 Valli, per la precisione al Passo Valles sopra l\u2019abitato di Falcade. Ad andare in scena sar\u00e0 la Ski Alp Laresei &#8211; IV criterium Vigili del Fuoco, gara organizzata dal Gruppo Sportivo de \u201cI Veci dei Vigili del Fuoco\u201d di Belluno e inserita nel calendario del prestigioso circuito dello sci alpinismo by night denominato \u201cDolomiti sotto le stelle\u201d che ha preso il via con la prima prova lo scorso 3 dicembre. Main sponsor dell\u2019evento, al quale prenderanno parte oltre 200 concorrenti provenienti da tutta la penisola e tra i quali figurano alcune delle stelle mondiali della specialit\u00e0 qui in allenamento in vista della Coppa del Mondo, sar\u00e0 l\u2019azienda trevigiana H.Robert. Un\u2019azienda dinamica che propone capi tecnici di intimo all\u2019avanguardia ideali per l\u2019utilizzo durante la performance sportiva. Qualit\u00e0 invidiabili che potranno essere direttamente testate in pista dai concorrenti che nel pacco gara troveranno la t-shirt manica lunga completa di zip e collo alta firmata H.Robert. La gara, aperta a tutti ma con una speciale classifica riservata ai Vigili del Fuoco, prender\u00e0 il via alle ore 20.00 dalla splendida cornice del Passo Valles (ritiro pettorali ore 18.30 al passo). I<br \/>\nconcorrenti armati di sci e pelli affronteranno un dislivello complessivo di 339 mt salendo lungo<br \/>\nla pista fino al Rifugio Laresei, da qui un rapido tuffo in discesa prima di affrontare nuovamente lo<br \/>\nstrappo con arrivo in salita sotto l\u2019arco d\u2019arrivo posizionato a quota 2279 mt presso il rifugio<br \/>\ndove seguir\u00e0 una gustosissima spaghettata, le premiazioni (assoluta e di categoria dei VV.F) e la<br \/>\nfesta del dopo gara. Alla gara organizzata dai Vigili del Fuoco di Belluno con la collaborazione dei volontari di Canale d\u2019Agordo e del Soccorso Alpino Val Biois \u00e8 possibile iscriversi fino al 10 gennaio direttamente on<br \/>\nline al sito <a href=\"http:\/\/www.sportis.it\">www.sportis.it<\/a> alla quota di 15.00 Euro, oppure presso: Ski Bar di Caverson, Kiwi Sport<br \/>\ndi Alleghe e Tabacchi Vanzetta Enrico a Ziano.<\/p>\n<p>Come arrivare:<br \/>\nIn auto: dall\u2019 autostrada A22, uscita al casello Egna\/Ora. Si prosegue sulla SS48 direzione Moena. Da qui attraverso la nuova circonvallazione si prende la SS346 e si prosegue per Moena-Ronchi (circa 2km) e per il Passo S.Pellegrino (circa 10 km). Quaranta minuti circa da Egna\/Ora. Dall\u2019 autostrada A27, uscita Belluno. Si prosegue sulla SS203 per Agordo. A Cencenighe, SS346 per Falcade e, 9 km dopo, Passo S.Pellegrino. A 45 minuti dall\u2019 uscita Belluno. Dal passo a Moena circa 10 km.<br \/>\nIn aereo: sono in funzione servizi shuttle da e per gli aeroporti di VE, TR, VR, MI, BG.<br \/>\nIn treno+pullman: collegamenti dalle stazioni ferroviarie di Ora e Belluno.<\/p>","protected":false},"excerpt":{"rendered":"<p>L\u2019appuntamento con il grande sci alpinismo \u00e8 fissato per marted\u00ec 12 gennaio sulle nevi dolomitiche della ski area 3 Valli, per la precisione al Passo Valles sopra l\u2019abitato di Falcade. Ad andare in scena sar\u00e0 la Ski Alp Laresei &#8211; IV criterium Vigili del Fuoco, gara organizzata dal Gruppo Sportivo de \u201cI Veci dei Vigili [&hellip;]<\/p>\n","protected":false},"author":2,"featured_media":0,"comment_status":"closed","ping_status":"open","sticky":false,"template":"","format":"standard","meta":{"footnotes":""},"categories":[25,4],"tags":[139,63],"class_list":["post-11334","post","type-post","status-publish","format-standard","category-pausa-caffe","category-sport","tag-belluno","tag-dolomiti"],"yoast_head":"<!-- This site is optimized with the Yoast SEO plugin v28.4 - https:\/\/yoast.com\/product\/yoast-seo-wordpress\/ -->\n<title>Sci alpinismo: marted\u00ec tutti in pista con i Vigili del fuoco alla ski Alp Laresei - Bellunopress - Dolomiti<\/title>\n<meta name=\"robots\" content=\"index, follow, max-snippet:-1, max-image-preview:large, max-video-preview:-1\" \/>\n<link rel=\"canonical\" href=\"https:\/\/www.bellunopress.it\/fr\/2010\/01\/08\/sci-alpinismo-martedi-tutti-in-pista-con-i-vigili-del-fuoco-alla-ski-alp-laresei\/\" \/>\n<meta property=\"og:locale\" content=\"fr_FR\" \/>\n<meta property=\"og:type\" content=\"article\" \/>\n<meta property=\"og:title\" content=\"Sci alpinismo: marted\u00ec tutti in pista con i Vigili del fuoco alla ski Alp Laresei - Bellunopress - Dolomiti\" \/>\n<meta property=\"og:description\" content=\"L\u2019appuntamento con il grande sci alpinismo \u00e8 fissato per marted\u00ec 12 gennaio sulle nevi dolomitiche della ski area 3 Valli, per la precisione al Passo Valles sopra l\u2019abitato di Falcade. Ad andare in scena sar\u00e0 la Ski Alp Laresei &#8211; IV criterium Vigili del Fuoco, gara organizzata dal Gruppo Sportivo de \u201cI Veci dei Vigili [&hellip;]\" \/>\n<meta property=\"og:url\" content=\"https:\/\/www.bellunopress.it\/fr\/2010\/01\/08\/sci-alpinismo-martedi-tutti-in-pista-con-i-vigili-del-fuoco-alla-ski-alp-laresei\/\" \/>\n<meta property=\"og:site_name\" content=\"Bellunopress - Dolomiti\" \/>\n<meta property=\"article:publisher\" content=\"https:\/\/www.facebook.com\/profile.php?id=100008943462799\" \/>\n<meta property=\"article:published_time\" content=\"2010-01-08T19:35:16+00:00\" \/>\n<meta property=\"og:image\" content=\"http:\/\/www.bellunopress.it\/wp-content\/uploads\/2012\/07\/logo-bellunopress-250x250-2012.jpg\" \/>\n<meta name=\"author\" content=\"redazione\" \/>\n<meta name=\"twitter:card\" content=\"summary_large_image\" \/>\n<meta name=\"twitter:creator\" content=\"@bellunopress\" \/>\n<meta name=\"twitter:site\" content=\"@bellunopress\" \/>\n<meta name=\"twitter:label1\" content=\"\u00c9crit par\" \/>\n\t<meta name=\"twitter:data1\" content=\"redazione\" \/>\n\t<meta name=\"twitter:label2\" content=\"Dur\u00e9e de lecture estim\u00e9e\" \/>\n\t<meta name=\"twitter:data2\" content=\"2 minutes\" \/>\n<script type=\"application\/ld+json\" class=\"yoast-schema-graph\">{\"@context\":\"https:\\\/\\\/schema.org\",\"@graph\":[{\"@type\":\"Article\",\"@id\":\"https:\\\/\\\/www.bellunopress.it\\\/2010\\\/01\\\/08\\\/sci-alpinismo-martedi-tutti-in-pista-con-i-vigili-del-fuoco-alla-ski-alp-laresei\\\/#article\",\"isPartOf\":{\"@id\":\"https:\\\/\\\/www.bellunopress.it\\\/2010\\\/01\\\/08\\\/sci-alpinismo-martedi-tutti-in-pista-con-i-vigili-del-fuoco-alla-ski-alp-laresei\\\/\"},\"author\":{\"name\":\"redazione\",\"@id\":\"https:\\\/\\\/www.bellunopress.it\\\/#\\\/schema\\\/person\\\/79bb06722b37ece1c03d3e94beb30d73\"},\"headline\":\"Sci alpinismo: marted\u00ec tutti in pista con i Vigili del fuoco alla ski Alp Laresei\",\"datePublished\":\"2010-01-08T19:35:16+00:00\",\"mainEntityOfPage\":{\"@id\":\"https:\\\/\\\/www.bellunopress.it\\\/2010\\\/01\\\/08\\\/sci-alpinismo-martedi-tutti-in-pista-con-i-vigili-del-fuoco-alla-ski-alp-laresei\\\/\"},\"wordCount\":460,\"publisher\":{\"@id\":\"https:\\\/\\\/www.bellunopress.it\\\/#organization\"},\"keywords\":[\"Belluno\",\"Dolomiti\"],\"articleSection\":[\"Pausa Caff\u00e8\",\"Sport, tempo libero\"],\"inLanguage\":\"fr-FR\"},{\"@type\":\"WebPage\",\"@id\":\"https:\\\/\\\/www.bellunopress.it\\\/2010\\\/01\\\/08\\\/sci-alpinismo-martedi-tutti-in-pista-con-i-vigili-del-fuoco-alla-ski-alp-laresei\\\/\",\"url\":\"https:\\\/\\\/www.bellunopress.it\\\/2010\\\/01\\\/08\\\/sci-alpinismo-martedi-tutti-in-pista-con-i-vigili-del-fuoco-alla-ski-alp-laresei\\\/\",\"name\":\"Sci alpinismo: marted\u00ec tutti in pista con i Vigili del fuoco alla ski Alp Laresei - Bellunopress - Dolomiti\",\"isPartOf\":{\"@id\":\"https:\\\/\\\/www.bellunopress.it\\\/#website\"},\"datePublished\":\"2010-01-08T19:35:16+00:00\",\"breadcrumb\":{\"@id\":\"https:\\\/\\\/www.bellunopress.it\\\/2010\\\/01\\\/08\\\/sci-alpinismo-martedi-tutti-in-pista-con-i-vigili-del-fuoco-alla-ski-alp-laresei\\\/#breadcrumb\"},\"inLanguage\":\"fr-FR\",\"potentialAction\":[{\"@type\":\"ReadAction\",\"target\":[\"https:\\\/\\\/www.bellunopress.it\\\/2010\\\/01\\\/08\\\/sci-alpinismo-martedi-tutti-in-pista-con-i-vigili-del-fuoco-alla-ski-alp-laresei\\\/\"]}]},{\"@type\":\"BreadcrumbList\",\"@id\":\"https:\\\/\\\/www.bellunopress.it\\\/2010\\\/01\\\/08\\\/sci-alpinismo-martedi-tutti-in-pista-con-i-vigili-del-fuoco-alla-ski-alp-laresei\\\/#breadcrumb\",\"itemListElement\":[{\"@type\":\"ListItem\",\"position\":1,\"name\":\"Home\",\"item\":\"https:\\\/\\\/www.bellunopress.it\\\/\"},{\"@type\":\"ListItem\",\"position\":2,\"name\":\"Sci alpinismo: marted\u00ec tutti in pista con i Vigili del fuoco alla ski Alp Laresei\"}]},{\"@type\":\"WebSite\",\"@id\":\"https:\\\/\\\/www.bellunopress.it\\\/#website\",\"url\":\"https:\\\/\\\/www.bellunopress.it\\\/\",\"name\":\"Bellunopress - Dolomiti\",\"description\":\"e-mail: redazione@bellunopress.it\",\"publisher\":{\"@id\":\"https:\\\/\\\/www.bellunopress.it\\\/#organization\"},\"potentialAction\":[{\"@type\":\"SearchAction\",\"target\":{\"@type\":\"EntryPoint\",\"urlTemplate\":\"https:\\\/\\\/www.bellunopress.it\\\/?s={search_term_string}\"},\"query-input\":{\"@type\":\"PropertyValueSpecification\",\"valueRequired\":true,\"valueName\":\"search_term_string\"}}],\"inLanguage\":\"fr-FR\"},{\"@type\":\"Organization\",\"@id\":\"https:\\\/\\\/www.bellunopress.it\\\/#organization\",\"name\":\"Bellunopress\",\"url\":\"https:\\\/\\\/www.bellunopress.it\\\/\",\"logo\":{\"@type\":\"ImageObject\",\"inLanguage\":\"fr-FR\",\"@id\":\"https:\\\/\\\/www.bellunopress.it\\\/#\\\/schema\\\/logo\\\/image\\\/\",\"url\":\"https:\\\/\\\/www.bellunopress.it\\\/wp-content\\\/uploads\\\/2011\\\/05\\\/cropped-logo-bellunopress-.jpg\",\"contentUrl\":\"https:\\\/\\\/www.bellunopress.it\\\/wp-content\\\/uploads\\\/2011\\\/05\\\/cropped-logo-bellunopress-.jpg\",\"width\":512,\"height\":512,\"caption\":\"Bellunopress\"},\"image\":{\"@id\":\"https:\\\/\\\/www.bellunopress.it\\\/#\\\/schema\\\/logo\\\/image\\\/\"},\"sameAs\":[\"https:\\\/\\\/www.facebook.com\\\/profile.php?id=100008943462799\",\"https:\\\/\\\/x.com\\\/bellunopress\",\"https:\\\/\\\/www.linkedin.com\\\/hp\\\/?dnr=JBzUWaJfMUw8vbXJJ2tVW5-I3jZKvC4wsoxE&amp;amp;amp;amp;amp;amp;trk=nav_responsive_tab_home\",\"https:\\\/\\\/www.youtube.com\\\/channel\\\/UCxL0wu1uN0_3_7hGG0306cw\"]},{\"@type\":\"Person\",\"@id\":\"https:\\\/\\\/www.bellunopress.it\\\/#\\\/schema\\\/person\\\/79bb06722b37ece1c03d3e94beb30d73\",\"name\":\"redazione\",\"image\":{\"@type\":\"ImageObject\",\"inLanguage\":\"fr-FR\",\"@id\":\"https:\\\/\\\/secure.gravatar.com\\\/avatar\\\/37d968a2e67a6fd04c169c4bdef102d0bc5d31b2546345219e348575eb80e9a0?s=96&d=mm&r=g\",\"url\":\"https:\\\/\\\/secure.gravatar.com\\\/avatar\\\/37d968a2e67a6fd04c169c4bdef102d0bc5d31b2546345219e348575eb80e9a0?s=96&d=mm&r=g\",\"contentUrl\":\"https:\\\/\\\/secure.gravatar.com\\\/avatar\\\/37d968a2e67a6fd04c169c4bdef102d0bc5d31b2546345219e348575eb80e9a0?s=96&d=mm&r=g\",\"caption\":\"redazione\"},\"sameAs\":[\"http:\\\/\\\/www.bellunopress.it\",\"https:\\\/\\\/x.com\\\/bellunopress\"],\"url\":\"https:\\\/\\\/www.bellunopress.it\\\/fr\\\/author\\\/redazione\\\/\"}]}<\/script>\n<!-- \/ Yoast SEO plugin. -->","yoast_head_json":{"title":"Sci alpinismo: marted\u00ec tutti in pista con i Vigili del fuoco alla ski Alp Laresei - Bellunopress - Dolomiti","robots":{"index":"index","follow":"follow","max-snippet":"max-snippet:-1","max-image-preview":"max-image-preview:large","max-video-preview":"max-video-preview:-1"},"canonical":"https:\/\/www.bellunopress.it\/fr\/2010\/01\/08\/sci-alpinismo-martedi-tutti-in-pista-con-i-vigili-del-fuoco-alla-ski-alp-laresei\/","og_locale":"fr_FR","og_type":"article","og_title":"Sci alpinismo: marted\u00ec tutti in pista con i Vigili del fuoco alla ski Alp Laresei - Bellunopress - Dolomiti","og_description":"L\u2019appuntamento con il grande sci alpinismo \u00e8 fissato per marted\u00ec 12 gennaio sulle nevi dolomitiche della ski area 3 Valli, per la precisione al Passo Valles sopra l\u2019abitato di Falcade. Ad andare in scena sar\u00e0 la Ski Alp Laresei &#8211; IV criterium Vigili del Fuoco, gara organizzata dal Gruppo Sportivo de \u201cI Veci dei Vigili [&hellip;]","og_url":"https:\/\/www.bellunopress.it\/fr\/2010\/01\/08\/sci-alpinismo-martedi-tutti-in-pista-con-i-vigili-del-fuoco-alla-ski-alp-laresei\/","og_site_name":"Bellunopress - Dolomiti","article_publisher":"https:\/\/www.facebook.com\/profile.php?id=100008943462799","article_published_time":"2010-01-08T19:35:16+00:00","og_image":[{"url":"http:\/\/www.bellunopress.it\/wp-content\/uploads\/2012\/07\/logo-bellunopress-250x250-2012.jpg","type":"","width":"","height":""}],"author":"redazione","twitter_card":"summary_large_image","twitter_creator":"@bellunopress","twitter_site":"@bellunopress","twitter_misc":{"\u00c9crit par":"redazione","Dur\u00e9e de lecture estim\u00e9e":"2 minutes"},"schema":{"@context":"https:\/\/schema.org","@graph":[{"@type":"Article","@id":"https:\/\/www.bellunopress.it\/2010\/01\/08\/sci-alpinismo-martedi-tutti-in-pista-con-i-vigili-del-fuoco-alla-ski-alp-laresei\/#article","isPartOf":{"@id":"https:\/\/www.bellunopress.it\/2010\/01\/08\/sci-alpinismo-martedi-tutti-in-pista-con-i-vigili-del-fuoco-alla-ski-alp-laresei\/"},"author":{"name":"redazione","@id":"https:\/\/www.bellunopress.it\/#\/schema\/person\/79bb06722b37ece1c03d3e94beb30d73"},"headline":"Sci alpinismo: marted\u00ec tutti in pista con i Vigili del fuoco alla ski Alp Laresei","datePublished":"2010-01-08T19:35:16+00:00","mainEntityOfPage":{"@id":"https:\/\/www.bellunopress.it\/2010\/01\/08\/sci-alpinismo-martedi-tutti-in-pista-con-i-vigili-del-fuoco-alla-ski-alp-laresei\/"},"wordCount":460,"publisher":{"@id":"https:\/\/www.bellunopress.it\/#organization"},"keywords":["Belluno","Dolomiti"],"articleSection":["Pausa Caff\u00e8","Sport, tempo libero"],"inLanguage":"fr-FR"},{"@type":"WebPage","@id":"https:\/\/www.bellunopress.it\/2010\/01\/08\/sci-alpinismo-martedi-tutti-in-pista-con-i-vigili-del-fuoco-alla-ski-alp-laresei\/","url":"https:\/\/www.bellunopress.it\/2010\/01\/08\/sci-alpinismo-martedi-tutti-in-pista-con-i-vigili-del-fuoco-alla-ski-alp-laresei\/","name":"Sci alpinismo: marted\u00ec tutti in pista con i Vigili del fuoco alla ski Alp Laresei - Bellunopress - Dolomiti","isPartOf":{"@id":"https:\/\/www.bellunopress.it\/#website"},"datePublished":"2010-01-08T19:35:16+00:00","breadcrumb":{"@id":"https:\/\/www.bellunopress.it\/2010\/01\/08\/sci-alpinismo-martedi-tutti-in-pista-con-i-vigili-del-fuoco-alla-ski-alp-laresei\/#breadcrumb"},"inLanguage":"fr-FR","potentialAction":[{"@type":"ReadAction","target":["https:\/\/www.bellunopress.it\/2010\/01\/08\/sci-alpinismo-martedi-tutti-in-pista-con-i-vigili-del-fuoco-alla-ski-alp-laresei\/"]}]},{"@type":"BreadcrumbList","@id":"https:\/\/www.bellunopress.it\/2010\/01\/08\/sci-alpinismo-martedi-tutti-in-pista-con-i-vigili-del-fuoco-alla-ski-alp-laresei\/#breadcrumb","itemListElement":[{"@type":"ListItem","position":1,"name":"Home","item":"https:\/\/www.bellunopress.it\/"},{"@type":"ListItem","position":2,"name":"Sci alpinismo: marted\u00ec tutti in pista con i Vigili del fuoco alla ski Alp Laresei"}]},{"@type":"WebSite","@id":"https:\/\/www.bellunopress.it\/#website","url":"https:\/\/www.bellunopress.it\/","name":"Bellunopress - Dolomiti","description":"e-mail: redazione@bellunopress.it","publisher":{"@id":"https:\/\/www.bellunopress.it\/#organization"},"potentialAction":[{"@type":"SearchAction","target":{"@type":"EntryPoint","urlTemplate":"https:\/\/www.bellunopress.it\/?s={search_term_string}"},"query-input":{"@type":"PropertyValueSpecification","valueRequired":true,"valueName":"search_term_string"}}],"inLanguage":"fr-FR"},{"@type":"Organization","@id":"https:\/\/www.bellunopress.it\/#organization","name":"Bellunopress","url":"https:\/\/www.bellunopress.it\/","logo":{"@type":"ImageObject","inLanguage":"fr-FR","@id":"https:\/\/www.bellunopress.it\/#\/schema\/logo\/image\/","url":"https:\/\/www.bellunopress.it\/wp-content\/uploads\/2011\/05\/cropped-logo-bellunopress-.jpg","contentUrl":"https:\/\/www.bellunopress.it\/wp-content\/uploads\/2011\/05\/cropped-logo-bellunopress-.jpg","width":512,"height":512,"caption":"Bellunopress"},"image":{"@id":"https:\/\/www.bellunopress.it\/#\/schema\/logo\/image\/"},"sameAs":["https:\/\/www.facebook.com\/profile.php?id=100008943462799","https:\/\/x.com\/bellunopress","https:\/\/www.linkedin.com\/hp\/?dnr=JBzUWaJfMUw8vbXJJ2tVW5-I3jZKvC4wsoxE&amp;amp;amp;amp;amp;amp;trk=nav_responsive_tab_home","https:\/\/www.youtube.com\/channel\/UCxL0wu1uN0_3_7hGG0306cw"]},{"@type":"Person","@id":"https:\/\/www.bellunopress.it\/#\/schema\/person\/79bb06722b37ece1c03d3e94beb30d73","name":"r\u00e9daction","image":{"@type":"ImageObject","inLanguage":"fr-FR","@id":"https:\/\/secure.gravatar.com\/avatar\/37d968a2e67a6fd04c169c4bdef102d0bc5d31b2546345219e348575eb80e9a0?s=96&d=mm&r=g","url":"https:\/\/secure.gravatar.com\/avatar\/37d968a2e67a6fd04c169c4bdef102d0bc5d31b2546345219e348575eb80e9a0?s=96&d=mm&r=g","contentUrl":"https:\/\/secure.gravatar.com\/avatar\/37d968a2e67a6fd04c169c4bdef102d0bc5d31b2546345219e348575eb80e9a0?s=96&d=mm&r=g","caption":"redazione"},"sameAs":["http:\/\/www.bellunopress.it","https:\/\/x.com\/bellunopress"],"url":"https:\/\/www.bellunopress.it\/fr\/author\/redazione\/"}]}},"_links":{"self":[{"href":"https:\/\/www.bellunopress.it\/fr\/wp-json\/wp\/v2\/posts\/11334","targetHints":{"allow":["GET"]}}],"collection":[{"href":"https:\/\/www.bellunopress.it\/fr\/wp-json\/wp\/v2\/posts"}],"about":[{"href":"https:\/\/www.bellunopress.it\/fr\/wp-json\/wp\/v2\/types\/post"}],"author":[{"embeddable":true,"href":"https:\/\/www.bellunopress.it\/fr\/wp-json\/wp\/v2\/users\/2"}],"replies":[{"embeddable":true,"href":"https:\/\/www.bellunopress.it\/fr\/wp-json\/wp\/v2\/comments?post=11334"}],"version-history":[{"count":1,"href":"https:\/\/www.bellunopress.it\/fr\/wp-json\/wp\/v2\/posts\/11334\/revisions"}],"predecessor-version":[{"id":11335,"href":"https:\/\/www.bellunopress.it\/fr\/wp-json\/wp\/v2\/posts\/11334\/revisions\/11335"}],"wp:attachment":[{"href":"https:\/\/www.bellunopress.it\/fr\/wp-json\/wp\/v2\/media?parent=11334"}],"wp:term":[{"taxonomy":"category","embeddable":true,"href":"https:\/\/www.bellunopress.it\/fr\/wp-json\/wp\/v2\/categories?post=11334"},{"taxonomy":"post_tag","embeddable":true,"href":"https:\/\/www.bellunopress.it\/fr\/wp-json\/wp\/v2\/tags?post=11334"}],"curies":[{"name":"wp","href":"https:\/\/api.w.org\/{rel}","templated":true}]}}