{"id":11332,"date":"2010-01-08T18:12:09","date_gmt":"2010-01-08T17:12:09","guid":{"rendered":"http:\/\/www.bellunopress.it\/?p=11332"},"modified":"2010-01-08T18:12:09","modified_gmt":"2010-01-08T17:12:09","slug":"prosegue-la-campagna-di-vaccinazione-antirabbica-delluls-bellunese","status":"publish","type":"post","link":"https:\/\/www.bellunopress.it\/fr\/2010\/01\/08\/prosegue-la-campagna-di-vaccinazione-antirabbica-delluls-bellunese\/","title":{"rendered":"Prosegue la campagna di vaccinazione antirabbica dell&#8217;Uls bellunese"},"content":{"rendered":"<p>Prosegue la campagna di vaccinazione antirabbica dell\u2019Ulss 1 di Belluno, cos\u00ec come stabilito dalla Regione Veneto. Le vaccinazioni saranno effettuate dal Servizio Veterinario dell\u2019Ulss. Il costo \u00e8 di cinque euro. I cani dovranno avere la museruola e dovranno essere portati al guinzaglio da una persona adulta. La vaccinazione sar\u00e0 effettuata solo agli animali gi\u00e0 identificati con tatuaggio o microchip. Viene comunque lasciata libert\u00e0 al proprietario di rivolgersi ad ambulatori privati. La vaccinazione dovr\u00e0 essere ultimata entro il 31 gennaio, cos\u00ec come deciso dalla Regione Veneto, ed \u00e8 obbligatoria per tutti i cani della provincia.<br \/>\nIl calendario prevede i seguenti appuntamenti:<br \/>\nCOMUNE DI PONTE NELLE ALPI: marted\u00ec 12 e mercoled\u00ec 13 gennaio presso sede riserva di caccia a Nuova Erto; gioved\u00ec 14 presso magazzini della Ponte Servizi loc. Paiane; venerd\u00ec 15 presso magazzini comunali a Col di Cugnan (sotto l\u2019ufficio postale) \u2013 Orario dalle 9 alle 12.30.<br \/>\nCOMUNE DI SAN VITO DI CADORE: sabato 9 presso Capannone della Societ\u00e0 Gescom in loc. La Scura (Zona Industriale)- Orario dalle 09.30 alle 12.30.<br \/>\nCOMUNE DI SAPPADA: marted\u00ec 12 presso magazzini comunali in Borgata Bach &#8211; Orario dalle 10.00 alle 13.00.<br \/>\nCOMUNE DI PERAROLO DI CADORE: gioved\u00ec 14 gennaio presso le ex scuole elementari &#8211; Orario dalle 10.00 alle 12.00.<br \/>\nCOMUNE DI CORTINA D\u2019AMPEZZO: mercoled\u00ec 13 presso Canile Comunale in via del Parco, 8 &#8211; Orario dalle 09.30 alle 12.30.<br \/>\nCOMUNE DI LIVINALLONGO DEL COL DI LANA: mercoled\u00ec 13 presso Sala ex Bersaglio \u201cTaulac\u201d loc. Pieve &#8211; Orario dalle 09.30.<br \/>\nCOMUNE DI CENCENIGHE AGORDINO: luned\u00ec 18 e marted\u00ec 19 presso Centro Culturale \u201cNof Fil\u00f2\u201d &#8211; Orario dalle 09.30 alle 13.30<br \/>\nCOMUNE DI ROCCA PIETORE: mercoled\u00ec 20 presso garage comunale di Rocca Pietore &#8211; Orario dalle 09.30.<br \/>\nCOMUNE DI ALLEGHE: gioved\u00ec 21 gennaio presso la sede dei cacciatori in loc. Masari\u00e8 &#8211;\u00a0 Orario dalle 09.30 alle 13.30.<br \/>\nCOMUNE DI VALLADA AGORDINA: venerd\u00ec 22 presso il Municipio di Vallada &#8211; Orario dalle 09.30 alle 13.30<br \/>\nCOMUNE DI CANALE D\u2019AGORDO: luned\u00ec 25 presso Magazzini comunali loc. Ai Forn &#8211; Orario dalle 09.30 alle 13.30.<br \/>\nCOMUNE DI COLLE SANTA LUCIA: mercoled\u00ec 27 presso il Municipio &#8211; Orario dalle 09.30 alle 13.30<br \/>\nCOMUNE DI FALCADE: marted\u00ec 26 e gioved\u00ec 28 presso la Sala Polifunzionale Dolomiti c\/o Scuola Alberghiera di via Trieste &#8211; Orario dalle 09.30 alle 13.30<br \/>\nCOMUNE DI SAN TOMASO AGORDINO: venerd\u00ec 29 presso Biblioteca comunale in loc. Celat- Orario dalle 09.30 alle 13.30.<\/p>","protected":false},"excerpt":{"rendered":"<p>Prosegue la campagna di vaccinazione antirabbica dell\u2019Ulss 1 di Belluno, cos\u00ec come stabilito dalla Regione Veneto. Le vaccinazioni saranno effettuate dal Servizio Veterinario dell\u2019Ulss. Il costo \u00e8 di cinque euro. I cani dovranno avere la museruola e dovranno essere portati al guinzaglio da una persona adulta. La vaccinazione sar\u00e0 effettuata solo agli animali gi\u00e0 identificati [&hellip;]<\/p>\n","protected":false},"author":2,"featured_media":0,"comment_status":"closed","ping_status":"open","sticky":false,"template":"","format":"standard","meta":{"footnotes":""},"categories":[5,26,17],"tags":[3050],"class_list":["post-11332","post","type-post","status-publish","format-standard","category-cronaca","category-prima-pagina","category-sanita","tag-sanita"],"yoast_head":"<!-- This site is optimized with the Yoast SEO plugin v28.4 - https:\/\/yoast.com\/product\/yoast-seo-wordpress\/ -->\n<title>Prosegue la campagna di vaccinazione antirabbica dell&#039;Uls bellunese - Bellunopress - Dolomiti<\/title>\n<meta name=\"robots\" content=\"index, follow, max-snippet:-1, max-image-preview:large, max-video-preview:-1\" \/>\n<link rel=\"canonical\" href=\"https:\/\/www.bellunopress.it\/fr\/2010\/01\/08\/prosegue-la-campagna-di-vaccinazione-antirabbica-delluls-bellunese\/\" \/>\n<meta property=\"og:locale\" content=\"fr_FR\" \/>\n<meta property=\"og:type\" content=\"article\" \/>\n<meta property=\"og:title\" content=\"Prosegue la campagna di vaccinazione antirabbica dell&#039;Uls bellunese - Bellunopress - Dolomiti\" \/>\n<meta property=\"og:description\" content=\"Prosegue la campagna di vaccinazione antirabbica dell\u2019Ulss 1 di Belluno, cos\u00ec come stabilito dalla Regione Veneto. Le vaccinazioni saranno effettuate dal Servizio Veterinario dell\u2019Ulss. Il costo \u00e8 di cinque euro. I cani dovranno avere la museruola e dovranno essere portati al guinzaglio da una persona adulta. La vaccinazione sar\u00e0 effettuata solo agli animali gi\u00e0 identificati [&hellip;]\" \/>\n<meta property=\"og:url\" content=\"https:\/\/www.bellunopress.it\/fr\/2010\/01\/08\/prosegue-la-campagna-di-vaccinazione-antirabbica-delluls-bellunese\/\" \/>\n<meta property=\"og:site_name\" content=\"Bellunopress - Dolomiti\" \/>\n<meta property=\"article:publisher\" content=\"https:\/\/www.facebook.com\/profile.php?id=100008943462799\" \/>\n<meta property=\"article:published_time\" content=\"2010-01-08T17:12:09+00:00\" \/>\n<meta property=\"og:image\" content=\"http:\/\/www.bellunopress.it\/wp-content\/uploads\/2012\/07\/logo-bellunopress-250x250-2012.jpg\" \/>\n<meta name=\"author\" content=\"redazione\" \/>\n<meta name=\"twitter:card\" content=\"summary_large_image\" \/>\n<meta name=\"twitter:creator\" content=\"@bellunopress\" \/>\n<meta name=\"twitter:site\" content=\"@bellunopress\" \/>\n<meta name=\"twitter:label1\" content=\"\u00c9crit par\" \/>\n\t<meta name=\"twitter:data1\" content=\"redazione\" \/>\n\t<meta name=\"twitter:label2\" content=\"Dur\u00e9e de lecture estim\u00e9e\" \/>\n\t<meta name=\"twitter:data2\" content=\"2 minutes\" \/>\n<script type=\"application\/ld+json\" class=\"yoast-schema-graph\">{\"@context\":\"https:\\\/\\\/schema.org\",\"@graph\":[{\"@type\":\"Article\",\"@id\":\"https:\\\/\\\/www.bellunopress.it\\\/2010\\\/01\\\/08\\\/prosegue-la-campagna-di-vaccinazione-antirabbica-delluls-bellunese\\\/#article\",\"isPartOf\":{\"@id\":\"https:\\\/\\\/www.bellunopress.it\\\/2010\\\/01\\\/08\\\/prosegue-la-campagna-di-vaccinazione-antirabbica-delluls-bellunese\\\/\"},\"author\":{\"name\":\"redazione\",\"@id\":\"https:\\\/\\\/www.bellunopress.it\\\/#\\\/schema\\\/person\\\/79bb06722b37ece1c03d3e94beb30d73\"},\"headline\":\"Prosegue la campagna di vaccinazione antirabbica dell&#8217;Uls bellunese\",\"datePublished\":\"2010-01-08T17:12:09+00:00\",\"mainEntityOfPage\":{\"@id\":\"https:\\\/\\\/www.bellunopress.it\\\/2010\\\/01\\\/08\\\/prosegue-la-campagna-di-vaccinazione-antirabbica-delluls-bellunese\\\/\"},\"wordCount\":361,\"publisher\":{\"@id\":\"https:\\\/\\\/www.bellunopress.it\\\/#organization\"},\"keywords\":[\"Sanit\u00e0\"],\"articleSection\":[\"Cronaca\\\/Politica\",\"Prima Pagina\",\"Sanit\u00e0 Medicina\"],\"inLanguage\":\"fr-FR\"},{\"@type\":\"WebPage\",\"@id\":\"https:\\\/\\\/www.bellunopress.it\\\/2010\\\/01\\\/08\\\/prosegue-la-campagna-di-vaccinazione-antirabbica-delluls-bellunese\\\/\",\"url\":\"https:\\\/\\\/www.bellunopress.it\\\/2010\\\/01\\\/08\\\/prosegue-la-campagna-di-vaccinazione-antirabbica-delluls-bellunese\\\/\",\"name\":\"Prosegue la campagna di vaccinazione antirabbica dell'Uls bellunese - Bellunopress - Dolomiti\",\"isPartOf\":{\"@id\":\"https:\\\/\\\/www.bellunopress.it\\\/#website\"},\"datePublished\":\"2010-01-08T17:12:09+00:00\",\"breadcrumb\":{\"@id\":\"https:\\\/\\\/www.bellunopress.it\\\/2010\\\/01\\\/08\\\/prosegue-la-campagna-di-vaccinazione-antirabbica-delluls-bellunese\\\/#breadcrumb\"},\"inLanguage\":\"fr-FR\",\"potentialAction\":[{\"@type\":\"ReadAction\",\"target\":[\"https:\\\/\\\/www.bellunopress.it\\\/2010\\\/01\\\/08\\\/prosegue-la-campagna-di-vaccinazione-antirabbica-delluls-bellunese\\\/\"]}]},{\"@type\":\"BreadcrumbList\",\"@id\":\"https:\\\/\\\/www.bellunopress.it\\\/2010\\\/01\\\/08\\\/prosegue-la-campagna-di-vaccinazione-antirabbica-delluls-bellunese\\\/#breadcrumb\",\"itemListElement\":[{\"@type\":\"ListItem\",\"position\":1,\"name\":\"Home\",\"item\":\"https:\\\/\\\/www.bellunopress.it\\\/\"},{\"@type\":\"ListItem\",\"position\":2,\"name\":\"Prosegue la campagna di vaccinazione antirabbica dell&#8217;Uls bellunese\"}]},{\"@type\":\"WebSite\",\"@id\":\"https:\\\/\\\/www.bellunopress.it\\\/#website\",\"url\":\"https:\\\/\\\/www.bellunopress.it\\\/\",\"name\":\"Bellunopress - Dolomiti\",\"description\":\"e-mail: redazione@bellunopress.it\",\"publisher\":{\"@id\":\"https:\\\/\\\/www.bellunopress.it\\\/#organization\"},\"potentialAction\":[{\"@type\":\"SearchAction\",\"target\":{\"@type\":\"EntryPoint\",\"urlTemplate\":\"https:\\\/\\\/www.bellunopress.it\\\/?s={search_term_string}\"},\"query-input\":{\"@type\":\"PropertyValueSpecification\",\"valueRequired\":true,\"valueName\":\"search_term_string\"}}],\"inLanguage\":\"fr-FR\"},{\"@type\":\"Organization\",\"@id\":\"https:\\\/\\\/www.bellunopress.it\\\/#organization\",\"name\":\"Bellunopress\",\"url\":\"https:\\\/\\\/www.bellunopress.it\\\/\",\"logo\":{\"@type\":\"ImageObject\",\"inLanguage\":\"fr-FR\",\"@id\":\"https:\\\/\\\/www.bellunopress.it\\\/#\\\/schema\\\/logo\\\/image\\\/\",\"url\":\"https:\\\/\\\/www.bellunopress.it\\\/wp-content\\\/uploads\\\/2011\\\/05\\\/cropped-logo-bellunopress-.jpg\",\"contentUrl\":\"https:\\\/\\\/www.bellunopress.it\\\/wp-content\\\/uploads\\\/2011\\\/05\\\/cropped-logo-bellunopress-.jpg\",\"width\":512,\"height\":512,\"caption\":\"Bellunopress\"},\"image\":{\"@id\":\"https:\\\/\\\/www.bellunopress.it\\\/#\\\/schema\\\/logo\\\/image\\\/\"},\"sameAs\":[\"https:\\\/\\\/www.facebook.com\\\/profile.php?id=100008943462799\",\"https:\\\/\\\/x.com\\\/bellunopress\",\"https:\\\/\\\/www.linkedin.com\\\/hp\\\/?dnr=JBzUWaJfMUw8vbXJJ2tVW5-I3jZKvC4wsoxE&amp;amp;amp;amp;amp;amp;trk=nav_responsive_tab_home\",\"https:\\\/\\\/www.youtube.com\\\/channel\\\/UCxL0wu1uN0_3_7hGG0306cw\"]},{\"@type\":\"Person\",\"@id\":\"https:\\\/\\\/www.bellunopress.it\\\/#\\\/schema\\\/person\\\/79bb06722b37ece1c03d3e94beb30d73\",\"name\":\"redazione\",\"image\":{\"@type\":\"ImageObject\",\"inLanguage\":\"fr-FR\",\"@id\":\"https:\\\/\\\/secure.gravatar.com\\\/avatar\\\/37d968a2e67a6fd04c169c4bdef102d0bc5d31b2546345219e348575eb80e9a0?s=96&d=mm&r=g\",\"url\":\"https:\\\/\\\/secure.gravatar.com\\\/avatar\\\/37d968a2e67a6fd04c169c4bdef102d0bc5d31b2546345219e348575eb80e9a0?s=96&d=mm&r=g\",\"contentUrl\":\"https:\\\/\\\/secure.gravatar.com\\\/avatar\\\/37d968a2e67a6fd04c169c4bdef102d0bc5d31b2546345219e348575eb80e9a0?s=96&d=mm&r=g\",\"caption\":\"redazione\"},\"sameAs\":[\"http:\\\/\\\/www.bellunopress.it\",\"https:\\\/\\\/x.com\\\/bellunopress\"],\"url\":\"https:\\\/\\\/www.bellunopress.it\\\/fr\\\/author\\\/redazione\\\/\"}]}<\/script>\n<!-- \/ Yoast SEO plugin. -->","yoast_head_json":{"title":"Prosegue la campagna di vaccinazione antirabbica dell'Uls bellunese - Bellunopress - Dolomiti","robots":{"index":"index","follow":"follow","max-snippet":"max-snippet:-1","max-image-preview":"max-image-preview:large","max-video-preview":"max-video-preview:-1"},"canonical":"https:\/\/www.bellunopress.it\/fr\/2010\/01\/08\/prosegue-la-campagna-di-vaccinazione-antirabbica-delluls-bellunese\/","og_locale":"fr_FR","og_type":"article","og_title":"Prosegue la campagna di vaccinazione antirabbica dell'Uls bellunese - Bellunopress - Dolomiti","og_description":"Prosegue la campagna di vaccinazione antirabbica dell\u2019Ulss 1 di Belluno, cos\u00ec come stabilito dalla Regione Veneto. Le vaccinazioni saranno effettuate dal Servizio Veterinario dell\u2019Ulss. Il costo \u00e8 di cinque euro. I cani dovranno avere la museruola e dovranno essere portati al guinzaglio da una persona adulta. La vaccinazione sar\u00e0 effettuata solo agli animali gi\u00e0 identificati [&hellip;]","og_url":"https:\/\/www.bellunopress.it\/fr\/2010\/01\/08\/prosegue-la-campagna-di-vaccinazione-antirabbica-delluls-bellunese\/","og_site_name":"Bellunopress - Dolomiti","article_publisher":"https:\/\/www.facebook.com\/profile.php?id=100008943462799","article_published_time":"2010-01-08T17:12:09+00:00","og_image":[{"url":"http:\/\/www.bellunopress.it\/wp-content\/uploads\/2012\/07\/logo-bellunopress-250x250-2012.jpg","type":"","width":"","height":""}],"author":"redazione","twitter_card":"summary_large_image","twitter_creator":"@bellunopress","twitter_site":"@bellunopress","twitter_misc":{"\u00c9crit par":"redazione","Dur\u00e9e de lecture estim\u00e9e":"2 minutes"},"schema":{"@context":"https:\/\/schema.org","@graph":[{"@type":"Article","@id":"https:\/\/www.bellunopress.it\/2010\/01\/08\/prosegue-la-campagna-di-vaccinazione-antirabbica-delluls-bellunese\/#article","isPartOf":{"@id":"https:\/\/www.bellunopress.it\/2010\/01\/08\/prosegue-la-campagna-di-vaccinazione-antirabbica-delluls-bellunese\/"},"author":{"name":"redazione","@id":"https:\/\/www.bellunopress.it\/#\/schema\/person\/79bb06722b37ece1c03d3e94beb30d73"},"headline":"Prosegue la campagna di vaccinazione antirabbica dell&#8217;Uls bellunese","datePublished":"2010-01-08T17:12:09+00:00","mainEntityOfPage":{"@id":"https:\/\/www.bellunopress.it\/2010\/01\/08\/prosegue-la-campagna-di-vaccinazione-antirabbica-delluls-bellunese\/"},"wordCount":361,"publisher":{"@id":"https:\/\/www.bellunopress.it\/#organization"},"keywords":["Sanit\u00e0"],"articleSection":["Cronaca\/Politica","Prima Pagina","Sanit\u00e0 Medicina"],"inLanguage":"fr-FR"},{"@type":"WebPage","@id":"https:\/\/www.bellunopress.it\/2010\/01\/08\/prosegue-la-campagna-di-vaccinazione-antirabbica-delluls-bellunese\/","url":"https:\/\/www.bellunopress.it\/2010\/01\/08\/prosegue-la-campagna-di-vaccinazione-antirabbica-delluls-bellunese\/","name":"Prosegue la campagna di vaccinazione antirabbica dell'Uls bellunese - Bellunopress - Dolomiti","isPartOf":{"@id":"https:\/\/www.bellunopress.it\/#website"},"datePublished":"2010-01-08T17:12:09+00:00","breadcrumb":{"@id":"https:\/\/www.bellunopress.it\/2010\/01\/08\/prosegue-la-campagna-di-vaccinazione-antirabbica-delluls-bellunese\/#breadcrumb"},"inLanguage":"fr-FR","potentialAction":[{"@type":"ReadAction","target":["https:\/\/www.bellunopress.it\/2010\/01\/08\/prosegue-la-campagna-di-vaccinazione-antirabbica-delluls-bellunese\/"]}]},{"@type":"BreadcrumbList","@id":"https:\/\/www.bellunopress.it\/2010\/01\/08\/prosegue-la-campagna-di-vaccinazione-antirabbica-delluls-bellunese\/#breadcrumb","itemListElement":[{"@type":"ListItem","position":1,"name":"Home","item":"https:\/\/www.bellunopress.it\/"},{"@type":"ListItem","position":2,"name":"Prosegue la campagna di vaccinazione antirabbica dell&#8217;Uls bellunese"}]},{"@type":"WebSite","@id":"https:\/\/www.bellunopress.it\/#website","url":"https:\/\/www.bellunopress.it\/","name":"Bellunopress - Dolomiti","description":"e-mail: redazione@bellunopress.it","publisher":{"@id":"https:\/\/www.bellunopress.it\/#organization"},"potentialAction":[{"@type":"SearchAction","target":{"@type":"EntryPoint","urlTemplate":"https:\/\/www.bellunopress.it\/?s={search_term_string}"},"query-input":{"@type":"PropertyValueSpecification","valueRequired":true,"valueName":"search_term_string"}}],"inLanguage":"fr-FR"},{"@type":"Organization","@id":"https:\/\/www.bellunopress.it\/#organization","name":"Bellunopress","url":"https:\/\/www.bellunopress.it\/","logo":{"@type":"ImageObject","inLanguage":"fr-FR","@id":"https:\/\/www.bellunopress.it\/#\/schema\/logo\/image\/","url":"https:\/\/www.bellunopress.it\/wp-content\/uploads\/2011\/05\/cropped-logo-bellunopress-.jpg","contentUrl":"https:\/\/www.bellunopress.it\/wp-content\/uploads\/2011\/05\/cropped-logo-bellunopress-.jpg","width":512,"height":512,"caption":"Bellunopress"},"image":{"@id":"https:\/\/www.bellunopress.it\/#\/schema\/logo\/image\/"},"sameAs":["https:\/\/www.facebook.com\/profile.php?id=100008943462799","https:\/\/x.com\/bellunopress","https:\/\/www.linkedin.com\/hp\/?dnr=JBzUWaJfMUw8vbXJJ2tVW5-I3jZKvC4wsoxE&amp;amp;amp;amp;amp;amp;trk=nav_responsive_tab_home","https:\/\/www.youtube.com\/channel\/UCxL0wu1uN0_3_7hGG0306cw"]},{"@type":"Person","@id":"https:\/\/www.bellunopress.it\/#\/schema\/person\/79bb06722b37ece1c03d3e94beb30d73","name":"r\u00e9daction","image":{"@type":"ImageObject","inLanguage":"fr-FR","@id":"https:\/\/secure.gravatar.com\/avatar\/37d968a2e67a6fd04c169c4bdef102d0bc5d31b2546345219e348575eb80e9a0?s=96&d=mm&r=g","url":"https:\/\/secure.gravatar.com\/avatar\/37d968a2e67a6fd04c169c4bdef102d0bc5d31b2546345219e348575eb80e9a0?s=96&d=mm&r=g","contentUrl":"https:\/\/secure.gravatar.com\/avatar\/37d968a2e67a6fd04c169c4bdef102d0bc5d31b2546345219e348575eb80e9a0?s=96&d=mm&r=g","caption":"redazione"},"sameAs":["http:\/\/www.bellunopress.it","https:\/\/x.com\/bellunopress"],"url":"https:\/\/www.bellunopress.it\/fr\/author\/redazione\/"}]}},"_links":{"self":[{"href":"https:\/\/www.bellunopress.it\/fr\/wp-json\/wp\/v2\/posts\/11332","targetHints":{"allow":["GET"]}}],"collection":[{"href":"https:\/\/www.bellunopress.it\/fr\/wp-json\/wp\/v2\/posts"}],"about":[{"href":"https:\/\/www.bellunopress.it\/fr\/wp-json\/wp\/v2\/types\/post"}],"author":[{"embeddable":true,"href":"https:\/\/www.bellunopress.it\/fr\/wp-json\/wp\/v2\/users\/2"}],"replies":[{"embeddable":true,"href":"https:\/\/www.bellunopress.it\/fr\/wp-json\/wp\/v2\/comments?post=11332"}],"version-history":[{"count":1,"href":"https:\/\/www.bellunopress.it\/fr\/wp-json\/wp\/v2\/posts\/11332\/revisions"}],"predecessor-version":[{"id":11333,"href":"https:\/\/www.bellunopress.it\/fr\/wp-json\/wp\/v2\/posts\/11332\/revisions\/11333"}],"wp:attachment":[{"href":"https:\/\/www.bellunopress.it\/fr\/wp-json\/wp\/v2\/media?parent=11332"}],"wp:term":[{"taxonomy":"category","embeddable":true,"href":"https:\/\/www.bellunopress.it\/fr\/wp-json\/wp\/v2\/categories?post=11332"},{"taxonomy":"post_tag","embeddable":true,"href":"https:\/\/www.bellunopress.it\/fr\/wp-json\/wp\/v2\/tags?post=11332"}],"curies":[{"name":"wp","href":"https:\/\/api.w.org\/{rel}","templated":true}]}}