{"id":113314,"date":"2020-03-25T10:38:45","date_gmt":"2020-03-25T09:38:45","guid":{"rendered":"http:\/\/www.bellunopress.it\/?p=113314"},"modified":"2020-03-25T10:39:07","modified_gmt":"2020-03-25T09:39:07","slug":"crac-banche-a-due-anni-dalle-promesse-elettorali-e-in-arrivo-lanticipo-dellindennizzo-unoperazione-a-somma-zero-che-servira-per-pagare-gli-avvocati","status":"publish","type":"post","link":"https:\/\/www.bellunopress.it\/fr\/2020\/03\/25\/crac-banche-a-due-anni-dalle-promesse-elettorali-e-in-arrivo-lanticipo-dellindennizzo-unoperazione-a-somma-zero-che-servira-per-pagare-gli-avvocati\/","title":{"rendered":"Crac banche. A due anni dalle promesse elettorali \u00e8 in arrivo l&#8217;anticipo dell\u2019indennizzo. Un&#8217;operazione a somma zero che servir\u00e0 per pagare gli avvocati\u00a0"},"content":{"rendered":"<p><a href=\"http:\/\/www.bellunopress.it\/fr\/2018\/08\/18\/crack-banche-venete-le-associazioni-riunite-a-padova-chiedono-al-governo-limmediata-pubblicazione-del-decreto-lunedi-a-vicenza-la-riunione-a-palazzo-trissino\/banche-venete-popolare-vicenza\/\" rel=\"attachment wp-att-97237\"><img loading=\"lazy\" decoding=\"async\" class=\"alignleft size-full wp-image-97237\" src=\"http:\/\/www.bellunopress.it\/wp-content\/uploads\/2018\/08\/banche-venete-popolare-vicenza.jpg\" alt=\"\" width=\"300\" height=\"178\" \/><\/a>Fallita la prima prova, buona la seconda! Bocciato in occasione del precedente decreto \u201cmille proroghe\u201d, a cura di Lega e 5 Stelle alla Camera dei deputati, il primo tentativo di inserire il 40% sul 30% del concedibile per azioni ed obbligazioni svaporate con la messa in liquidazione delle due banche popolari venete, chiss\u00e0 se questa volta avr\u00e0 miglior sorte nel decreto \u201cCura Italia\u201d.<br \/>\nDetta norma, battezzata dal suo ideatore &#8211; Patrizio Miatello dell\u2019associazione Ezzelino III da Onara &#8211; \u201csveglia indennizzi\u201d, \u00e8 collocata all\u2019art. 50 del decreto-legge dove fa bella mostra assieme agli altri 125 articoli del Corona virus che ne motiva anche l\u2019urgenza e la necessit\u00e0. Ad onore del vero, l\u2019unica cosa certa \u00e8 lo spostamento in avanti del termine utile per presentare le \u201cistanze\u201d di rimborso al FIR. Come nelle migliori telenovele, le puntate sono state tre. La prima venne fissata con l\u2019apparire in Gazzetta del decreto del 22 agosto dell\u2019anno scorso che stabiliva una prima scadenza per gli aventi titolo entro il 22 febbraio anno corrente, la seconda sempre in rispettoso ossequio delle norme cogenti al 18 di aprile anno corrente, per arrivare alla scadenza oggi in vigore stabilita al 18 giugno. La richiesta partita dai comitati era solo di trenta giorni, ma a Roma quando si tratta di mandare alle calende greche la liquidazione dell\u2019obolo di stato spettante ai danneggiati, diventano generosi.<br \/>\nD\u2019altra parte, oltre al Covid 19 che positivamente estende i suoi effetti per un\u2019ulteriore proroga, vi sono altre ragioni addotte dal testo governativo che riguardano e l\u2019elevato numero di risparmiatori interessati e la difficolt\u00e0 incontrate dagli stessi nell\u2019ottenere la documentazione appropriata dagli operatori creditizi. In realt\u00e0,, la platea dei potenziali beneficiari -oltre 200 mila- \u00e8 nota da almeno tre anni e le relazioni intrattenute da tempo e con incontri periodici tra intermediari bancari e gli organismi pro-truffati, per avere quanto dovuto non hanno, evidentemente, sortito alcun esito \u201cproficuo\u201d, come usano invece scrivere nei loro comunicati stampa.<br \/>\nMeglio sorvolare su altri aspetti, quali il fatto che Consap gi\u00e0 da luglio 2019 avrebbe dovuto rendere \u201coperativo\u201d il software di funzionamento, \u201csistemato\u201d a primavera 2020. Questa circostanza, peraltro, non ha maturato alcuna azione legale a cura di chi cura gli interessi degli azzerati, n\u00e9 avverso la societ\u00e0 affidataria di conio MEF n\u00e9 contro il Ministero del Tesoro, della serie non disturbiamo chi dovr\u00e0 darci, a tempo debito e con calma, i soldi previsti dalla legge. Come gi\u00e0 annotato, a settembre 2019, il gruppo Intesa San Paolo si \u00e8 dato una mossa dopo che in Puglia un giudice ha dato ragione a dei ricorrenti cui veniva ritardata la consegna dei dossier per l\u2019accesso al FIR. Infatti, \u00e8 notorio che gran parte degli azzerati risiedono nel tavoliere d\u2019Italia, mentre in Veneto \u2013 dove il popolo tradito nel risparmio \u00e8 nel frattempo invitato a tenere \u201cduri i banchi\u201d \u2013 abitano poche decine di persone per lo pi\u00f9 di indole bonacciona e non litigiosa.<br \/>\nVenendo quindi al merito della proposta, resta confermata l\u2019opinione espressa da tempo, siamo di fronte ad una soluzione da mercato paesano che -in tempi di Covid 19-, \u00e8 perfino intercluso all\u2019accesso della pubblica utenza. Erogare in anteprima agli azzerati un miserevole 12%, ovvero la percentuale che risulta dalla moltiplicazione del 40% sul 30% fissato dalla norma vigente e corrispondente ad un ristoro medio ed accolto di 13.000,00 \u20ac pro-capite \u00e8 davvero stucchevole!. Questa cifra, unico dato reale, \u00e8 rinvenibile da ACF per l\u2019incarico svolto nel 2018. L\u2019arbitro per le controversie finanziarie, una sezione della Consob, aveva ben funzionato e probabilmente per queste ragioni non \u00e8 stato pi\u00f9 confermato nella stessa funzione dal Governo Giallo Verde per il 2019, 2020 e 2021. Sia come sia, il quantum prevedibile sar\u00e0 di \u20ac 5.200,00 ad oltre due anni data dalla promessa elettorale \u201cvi daremo il 100%\u201d, della serie fantasie narrate al popolo votante e credulone.<br \/>\nSe il danneggiato ha aderito alla transazione offerta a suo tempo dalle due popolari venete, in tasca ha un risarcimento del 15% sul valore del patrimonio mobiliare andato in fumo che va sottratto all\u2019anticipo dell\u2019indennizzo, trattasi di circa altri 800 \u20ac e si scende ad \u20ac 4.400,00. Si segnala, ancora una volta, che in Veneto hanno aderito alla proposta lanciata da Veneto Banca e Popolare di Vicenza ben 121.000 persone.<br \/>\nLa tempistica procedimentale obbligata dalla legge vigente prevede: esame ed istruttoria delle migliaia di domande da parte di Consap, decisione di merito della Commissione in riunioni periodiche cadenzate a frequenza consona con gli impegni degli illustrissimi componenti, predisposizione ed attesa dell\u2019apposito piano di riparto, delega -infine- al funzionario Consap &#8211; di procedere alla liquidazione. Quest\u2019ultimo aspetto di scarsa importanza per il legislatore e per i giuristi che lo assistono, avr\u00e0 luogo in corso d\u2019anno o pi\u00f9 probabilmente ad inizio del prossimo. Non di poco importanza \u00e8 che nel testo di legge presentato, la Commissione \u201cpu\u00f2\u201d accordare il beneficio dell\u2019anticipo, non \u201ccorrisponde\u201d; ma si sa queste sono questioni da legulei.<br \/>\nRicevuti i primi soldi, essendo il danneggiato una persona proba, dovr\u00e0 soddisfare le parcelle dell\u2019avvocato di qualche tempo fa dato che le prestazioni legali gli sono state rese, ad esempio, per essere ammesso al passivo e\/o per chiamare in causa gli amministratori della banca fallita e magari si \u00e8 affidato, sempre all\u2019epoca della firma del primo conferimento d\u2019incarico al medesimo legale, anche nel caso fossero arrivati aiuti di stato. Va da s\u00e9 che il costo delle prestazioni garantite ad oggi dal professionista, sar\u00e0 di poco inferiore alla somma erogata con l\u2019anticipo dell\u2019indennizzo. Se invece, per la domanda al FIR egli si \u00e8 avvalso di un \u201corganismo no-profit\u201d o di altro professionista (anche se ci\u00f2 \u00e8 vietato dalla norma), il prezzo corrente varia dal 5 al 7 % dell\u2019incassato dal Fir oppure in via forfettaria da 200 a 700 \u20ac per pratica e chiss\u00e0 se, in questa evenienza, l\u2019anticipo sar\u00e0 sufficiente.<br \/>\nCome spesso capita, una legge \u00e8 votata in Parlamento per una determinata categoria di persone, nel caso concreto i truffati in lista d\u2019attesa da anni. Strombazzato l\u2019esito nei mass media come si conviene di questi tempi, l\u2019attuale esecutivo Giallo-Rosso sar\u00e0 reso edotto \u2013 a tempo debito e con le dovute cautele- che i soldi sono andati per pagare avvocati e consulenti di parte, pi\u00f9 avanti ne mesi l\u2019azzerato scoprir\u00e0 che poco gli \u00e8 rimasto in conto corrente, pazienza. Si sa il popolo \u00e8 tardivo, come il radicchio fuori stagione.<br \/>\nViceversa, gli attuali gestori della res publica, a trazione maggioritaria pentastellata avendo permutato il socio di minoranza, potranno sempre dire che con l\u2019art. 50 del decreto-legge \u201cCura Italia\u201d hanno voluto accogliere il lamento dell\u2019ordine forense. Infatti il CNF (Consiglio Nazionale Forense) in un suo comunicato pubblicizzato lo stesso giorno del decreto, ha criticato il Governo riscontrando \u201c La mancanza di altrettanta cura e sensibilit\u00e0 per la tutela dei professionisti e in particolare per gli avvocati, a cui non \u00e8 diretta, se non in maniera esigua, derivativa e residuale, alcuna forma di sostegno economico e di tutela in una situazione destinata a durare ben oltre l&#8217;emergenza sanitaria, le cui ripercussioni negative sulla professione e, di conseguenza, sul reddito degli avvocati, sono destinate a durare a lungo\u201d.<br \/>\nTra truffati ed avvocati, i 5 stelle ed il Partito Democratico non hanno avuto remore, meglio i secondi che i primi, anche perch\u00e9 \u2013 Berlusconi docet- si pu\u00f2 sempre aver bisogno delle loro \u201c cure premurose\u201d.<br \/>\nSe l\u2019anticipo \u00e8 inutile, cosa occorre fare. La risposta sta gi\u00e0 nelle mani del Governo Giallo-Rosso, basta dare il via dopo il 18 giugno all\u2019operazione del 30% che -prevedibilmente -comporter\u00e0 somme pro-capite di modesta entit\u00e0, gran parte sotto la soglia dei 50.000,00 \u20ac a cui \u00e8 accordata priorit\u00e0 nella liquidazione. D\u2019altra parte, se a febbraio scorso le richieste d\u2019accesso al FIR erano state pari a 100.000 unit\u00e0, la cifra -nonostante i sessanta giorni concessi di spostamento- non \u00e8 destinata a raddoppiare. Piuttosto occorre domandarsi, quante istanze saranno definitivamente presentate, quante di queste saranno accolte e quante, infine, di quelle accolte lo saranno in prima battuta non avendo rilevato l\u2019incaricato procedurale (cosi appella la Consap la Commissione Tecnica) alcuna necessit\u00e0 di ulteriori approfondimenti o rilievi; vuoi ad esempio sul versante della dichiarazione dei redditi che su quello della compravendita di titoli, azioni e\/o obbligazioni.<br \/>\nIl criterio da stabilire nella redigenda norma \u00e8 quello di accettare e liquidare, unicamente quest\u2019ultima fattispecie stabilendo un piano di riparto a cadenza mensile ad opera della Commissione Tecnica preposta.<br \/>\nIl presupposto di tutto questo, \u00e8 che esista davvero la disponibilit\u00e0 di 1 miliardo e 575 milioni di \u20ac. Proprio ieri, il servizio ispettivo del Senato, esaminando il provvedimento ha annotato \u2013 a latere- che in realt\u00e0 non risultano in bilancio i 525 milioni del 2019 n\u00e9 -per altri aspetti- il Governo ha indicato l\u2019incidenza dell\u2019art. 50 sui flussi di cassa nell\u2019esercizio corrente. Domanda della domestica, approvato il \u201cCura Italia\u201d quanti soldi lo stato presume di liquidare nell\u2019anno di grazia 2020? Come annotano, sempre i filosofi del diritto, questi sono dettagli minimali che saranno al pi\u00f9 presto chiariti. Altrimenti se hanno ragione i contabili degli uffici, il Governo prima detto del \u201cCambiamento\u201d ed ora della \u201cdiscontinuit\u00e0\u201d, \u00e8 composto da dilettanti allo sbaraglio.<br \/>\n<strong>25 marzo 2020 Enzo De Biasi<\/strong><\/p>","protected":false},"excerpt":{"rendered":"<p>Fallita la prima prova, buona la seconda! Bocciato in occasione del precedente decreto \u201cmille proroghe\u201d, a cura di Lega e 5 Stelle alla Camera dei deputati, il primo tentativo di inserire il 40% sul 30% del concedibile per azioni ed obbligazioni svaporate con la messa in liquidazione delle due banche popolari venete, chiss\u00e0 se questa [&hellip;]<\/p>\n","protected":false},"author":2,"featured_media":97237,"comment_status":"closed","ping_status":"open","sticky":false,"template":"","format":"standard","meta":{"footnotes":""},"categories":[3368,5,26],"tags":[],"class_list":["post-113314","post","type-post","status-publish","format-standard","has-post-thumbnail","category-cahiers-de-doleances","category-cronaca","category-prima-pagina"],"yoast_head":"<!-- This site is optimized with the Yoast SEO plugin v28.4 - https:\/\/yoast.com\/product\/yoast-seo-wordpress\/ -->\n<title>Crac banche. A due anni dalle promesse elettorali \u00e8 in arrivo l&#039;anticipo dell\u2019indennizzo. Un&#039;operazione a somma zero che servir\u00e0 per pagare gli avvocati\u00a0 - Bellunopress - Dolomiti<\/title>\n<meta name=\"robots\" content=\"index, follow, max-snippet:-1, max-image-preview:large, max-video-preview:-1\" \/>\n<link rel=\"canonical\" href=\"https:\/\/www.bellunopress.it\/fr\/2020\/03\/25\/crac-banche-a-due-anni-dalle-promesse-elettorali-e-in-arrivo-lanticipo-dellindennizzo-unoperazione-a-somma-zero-che-servira-per-pagare-gli-avvocati\/\" \/>\n<meta property=\"og:locale\" content=\"fr_FR\" \/>\n<meta property=\"og:type\" content=\"article\" \/>\n<meta property=\"og:title\" content=\"Crac banche. A due anni dalle promesse elettorali \u00e8 in arrivo l&#039;anticipo dell\u2019indennizzo. Un&#039;operazione a somma zero che servir\u00e0 per pagare gli avvocati\u00a0 - Bellunopress - Dolomiti\" \/>\n<meta property=\"og:description\" content=\"Fallita la prima prova, buona la seconda! Bocciato in occasione del precedente decreto \u201cmille proroghe\u201d, a cura di Lega e 5 Stelle alla Camera dei deputati, il primo tentativo di inserire il 40% sul 30% del concedibile per azioni ed obbligazioni svaporate con la messa in liquidazione delle due banche popolari venete, chiss\u00e0 se questa [&hellip;]\" \/>\n<meta property=\"og:url\" content=\"https:\/\/www.bellunopress.it\/fr\/2020\/03\/25\/crac-banche-a-due-anni-dalle-promesse-elettorali-e-in-arrivo-lanticipo-dellindennizzo-unoperazione-a-somma-zero-che-servira-per-pagare-gli-avvocati\/\" \/>\n<meta property=\"og:site_name\" content=\"Bellunopress - Dolomiti\" \/>\n<meta property=\"article:publisher\" content=\"https:\/\/www.facebook.com\/profile.php?id=100008943462799\" \/>\n<meta property=\"article:published_time\" content=\"2020-03-25T09:38:45+00:00\" \/>\n<meta property=\"article:modified_time\" content=\"2020-03-25T09:39:07+00:00\" \/>\n<meta property=\"og:image\" content=\"https:\/\/www.bellunopress.it\/wp-content\/uploads\/2018\/08\/banche-venete-popolare-vicenza.jpg\" \/>\n\t<meta property=\"og:image:width\" content=\"300\" \/>\n\t<meta property=\"og:image:height\" content=\"178\" \/>\n\t<meta property=\"og:image:type\" content=\"image\/jpeg\" \/>\n<meta name=\"author\" content=\"redazione\" \/>\n<meta name=\"twitter:card\" content=\"summary_large_image\" \/>\n<meta name=\"twitter:creator\" content=\"@bellunopress\" \/>\n<meta name=\"twitter:site\" content=\"@bellunopress\" \/>\n<meta name=\"twitter:label1\" content=\"Written by\" \/>\n\t<meta name=\"twitter:data1\" content=\"redazione\" \/>\n\t<meta name=\"twitter:label2\" content=\"Est. reading time\" \/>\n\t<meta name=\"twitter:data2\" content=\"7 minutes\" \/>\n<script type=\"application\/ld+json\" class=\"yoast-schema-graph\">{\"@context\":\"https:\\\/\\\/schema.org\",\"@graph\":[{\"@type\":\"Article\",\"@id\":\"https:\\\/\\\/www.bellunopress.it\\\/2020\\\/03\\\/25\\\/crac-banche-a-due-anni-dalle-promesse-elettorali-e-in-arrivo-lanticipo-dellindennizzo-unoperazione-a-somma-zero-che-servira-per-pagare-gli-avvocati\\\/#article\",\"isPartOf\":{\"@id\":\"https:\\\/\\\/www.bellunopress.it\\\/2020\\\/03\\\/25\\\/crac-banche-a-due-anni-dalle-promesse-elettorali-e-in-arrivo-lanticipo-dellindennizzo-unoperazione-a-somma-zero-che-servira-per-pagare-gli-avvocati\\\/\"},\"author\":{\"name\":\"redazione\",\"@id\":\"https:\\\/\\\/www.bellunopress.it\\\/#\\\/schema\\\/person\\\/79bb06722b37ece1c03d3e94beb30d73\"},\"headline\":\"Crac banche. A due anni dalle promesse elettorali \u00e8 in arrivo l&#8217;anticipo dell\u2019indennizzo. Un&#8217;operazione a somma zero che servir\u00e0 per pagare gli avvocati\u00a0\",\"datePublished\":\"2020-03-25T09:38:45+00:00\",\"dateModified\":\"2020-03-25T09:39:07+00:00\",\"mainEntityOfPage\":{\"@id\":\"https:\\\/\\\/www.bellunopress.it\\\/2020\\\/03\\\/25\\\/crac-banche-a-due-anni-dalle-promesse-elettorali-e-in-arrivo-lanticipo-dellindennizzo-unoperazione-a-somma-zero-che-servira-per-pagare-gli-avvocati\\\/\"},\"wordCount\":1503,\"publisher\":{\"@id\":\"https:\\\/\\\/www.bellunopress.it\\\/#organization\"},\"image\":{\"@id\":\"https:\\\/\\\/www.bellunopress.it\\\/2020\\\/03\\\/25\\\/crac-banche-a-due-anni-dalle-promesse-elettorali-e-in-arrivo-lanticipo-dellindennizzo-unoperazione-a-somma-zero-che-servira-per-pagare-gli-avvocati\\\/#primaryimage\"},\"thumbnailUrl\":\"https:\\\/\\\/www.bellunopress.it\\\/wp-content\\\/uploads\\\/2018\\\/08\\\/banche-venete-popolare-vicenza.jpg\",\"articleSection\":[\"Cahiers de dol\u00e9ances\",\"Cronaca\\\/Politica\",\"Prima Pagina\"],\"inLanguage\":\"fr-FR\"},{\"@type\":\"WebPage\",\"@id\":\"https:\\\/\\\/www.bellunopress.it\\\/2020\\\/03\\\/25\\\/crac-banche-a-due-anni-dalle-promesse-elettorali-e-in-arrivo-lanticipo-dellindennizzo-unoperazione-a-somma-zero-che-servira-per-pagare-gli-avvocati\\\/\",\"url\":\"https:\\\/\\\/www.bellunopress.it\\\/2020\\\/03\\\/25\\\/crac-banche-a-due-anni-dalle-promesse-elettorali-e-in-arrivo-lanticipo-dellindennizzo-unoperazione-a-somma-zero-che-servira-per-pagare-gli-avvocati\\\/\",\"name\":\"Crac banche. A due anni dalle promesse elettorali \u00e8 in arrivo l'anticipo dell\u2019indennizzo. Un'operazione a somma zero che servir\u00e0 per pagare gli avvocati\u00a0 - Bellunopress - Dolomiti\",\"isPartOf\":{\"@id\":\"https:\\\/\\\/www.bellunopress.it\\\/#website\"},\"primaryImageOfPage\":{\"@id\":\"https:\\\/\\\/www.bellunopress.it\\\/2020\\\/03\\\/25\\\/crac-banche-a-due-anni-dalle-promesse-elettorali-e-in-arrivo-lanticipo-dellindennizzo-unoperazione-a-somma-zero-che-servira-per-pagare-gli-avvocati\\\/#primaryimage\"},\"image\":{\"@id\":\"https:\\\/\\\/www.bellunopress.it\\\/2020\\\/03\\\/25\\\/crac-banche-a-due-anni-dalle-promesse-elettorali-e-in-arrivo-lanticipo-dellindennizzo-unoperazione-a-somma-zero-che-servira-per-pagare-gli-avvocati\\\/#primaryimage\"},\"thumbnailUrl\":\"https:\\\/\\\/www.bellunopress.it\\\/wp-content\\\/uploads\\\/2018\\\/08\\\/banche-venete-popolare-vicenza.jpg\",\"datePublished\":\"2020-03-25T09:38:45+00:00\",\"dateModified\":\"2020-03-25T09:39:07+00:00\",\"breadcrumb\":{\"@id\":\"https:\\\/\\\/www.bellunopress.it\\\/2020\\\/03\\\/25\\\/crac-banche-a-due-anni-dalle-promesse-elettorali-e-in-arrivo-lanticipo-dellindennizzo-unoperazione-a-somma-zero-che-servira-per-pagare-gli-avvocati\\\/#breadcrumb\"},\"inLanguage\":\"fr-FR\",\"potentialAction\":[{\"@type\":\"ReadAction\",\"target\":[\"https:\\\/\\\/www.bellunopress.it\\\/2020\\\/03\\\/25\\\/crac-banche-a-due-anni-dalle-promesse-elettorali-e-in-arrivo-lanticipo-dellindennizzo-unoperazione-a-somma-zero-che-servira-per-pagare-gli-avvocati\\\/\"]}]},{\"@type\":\"ImageObject\",\"inLanguage\":\"fr-FR\",\"@id\":\"https:\\\/\\\/www.bellunopress.it\\\/2020\\\/03\\\/25\\\/crac-banche-a-due-anni-dalle-promesse-elettorali-e-in-arrivo-lanticipo-dellindennizzo-unoperazione-a-somma-zero-che-servira-per-pagare-gli-avvocati\\\/#primaryimage\",\"url\":\"https:\\\/\\\/www.bellunopress.it\\\/wp-content\\\/uploads\\\/2018\\\/08\\\/banche-venete-popolare-vicenza.jpg\",\"contentUrl\":\"https:\\\/\\\/www.bellunopress.it\\\/wp-content\\\/uploads\\\/2018\\\/08\\\/banche-venete-popolare-vicenza.jpg\",\"width\":300,\"height\":178},{\"@type\":\"BreadcrumbList\",\"@id\":\"https:\\\/\\\/www.bellunopress.it\\\/2020\\\/03\\\/25\\\/crac-banche-a-due-anni-dalle-promesse-elettorali-e-in-arrivo-lanticipo-dellindennizzo-unoperazione-a-somma-zero-che-servira-per-pagare-gli-avvocati\\\/#breadcrumb\",\"itemListElement\":[{\"@type\":\"ListItem\",\"position\":1,\"name\":\"Home\",\"item\":\"https:\\\/\\\/www.bellunopress.it\\\/\"},{\"@type\":\"ListItem\",\"position\":2,\"name\":\"Crac banche. A due anni dalle promesse elettorali \u00e8 in arrivo l&#8217;anticipo dell\u2019indennizzo. Un&#8217;operazione a somma zero che servir\u00e0 per pagare gli avvocati\u00a0\"}]},{\"@type\":\"WebSite\",\"@id\":\"https:\\\/\\\/www.bellunopress.it\\\/#website\",\"url\":\"https:\\\/\\\/www.bellunopress.it\\\/\",\"name\":\"Bellunopress - Dolomiti\",\"description\":\"e-mail: redazione@bellunopress.it\",\"publisher\":{\"@id\":\"https:\\\/\\\/www.bellunopress.it\\\/#organization\"},\"potentialAction\":[{\"@type\":\"SearchAction\",\"target\":{\"@type\":\"EntryPoint\",\"urlTemplate\":\"https:\\\/\\\/www.bellunopress.it\\\/?s={search_term_string}\"},\"query-input\":{\"@type\":\"PropertyValueSpecification\",\"valueRequired\":true,\"valueName\":\"search_term_string\"}}],\"inLanguage\":\"fr-FR\"},{\"@type\":\"Organization\",\"@id\":\"https:\\\/\\\/www.bellunopress.it\\\/#organization\",\"name\":\"Bellunopress\",\"url\":\"https:\\\/\\\/www.bellunopress.it\\\/\",\"logo\":{\"@type\":\"ImageObject\",\"inLanguage\":\"fr-FR\",\"@id\":\"https:\\\/\\\/www.bellunopress.it\\\/#\\\/schema\\\/logo\\\/image\\\/\",\"url\":\"https:\\\/\\\/www.bellunopress.it\\\/wp-content\\\/uploads\\\/2011\\\/05\\\/cropped-logo-bellunopress-.jpg\",\"contentUrl\":\"https:\\\/\\\/www.bellunopress.it\\\/wp-content\\\/uploads\\\/2011\\\/05\\\/cropped-logo-bellunopress-.jpg\",\"width\":512,\"height\":512,\"caption\":\"Bellunopress\"},\"image\":{\"@id\":\"https:\\\/\\\/www.bellunopress.it\\\/#\\\/schema\\\/logo\\\/image\\\/\"},\"sameAs\":[\"https:\\\/\\\/www.facebook.com\\\/profile.php?id=100008943462799\",\"https:\\\/\\\/x.com\\\/bellunopress\",\"https:\\\/\\\/www.linkedin.com\\\/hp\\\/?dnr=JBzUWaJfMUw8vbXJJ2tVW5-I3jZKvC4wsoxE&amp;amp;amp;amp;amp;amp;trk=nav_responsive_tab_home\",\"https:\\\/\\\/www.youtube.com\\\/channel\\\/UCxL0wu1uN0_3_7hGG0306cw\"]},{\"@type\":\"Person\",\"@id\":\"https:\\\/\\\/www.bellunopress.it\\\/#\\\/schema\\\/person\\\/79bb06722b37ece1c03d3e94beb30d73\",\"name\":\"redazione\",\"image\":{\"@type\":\"ImageObject\",\"inLanguage\":\"fr-FR\",\"@id\":\"https:\\\/\\\/secure.gravatar.com\\\/avatar\\\/37d968a2e67a6fd04c169c4bdef102d0bc5d31b2546345219e348575eb80e9a0?s=96&d=mm&r=g\",\"url\":\"https:\\\/\\\/secure.gravatar.com\\\/avatar\\\/37d968a2e67a6fd04c169c4bdef102d0bc5d31b2546345219e348575eb80e9a0?s=96&d=mm&r=g\",\"contentUrl\":\"https:\\\/\\\/secure.gravatar.com\\\/avatar\\\/37d968a2e67a6fd04c169c4bdef102d0bc5d31b2546345219e348575eb80e9a0?s=96&d=mm&r=g\",\"caption\":\"redazione\"},\"sameAs\":[\"http:\\\/\\\/www.bellunopress.it\",\"https:\\\/\\\/x.com\\\/bellunopress\"],\"url\":\"https:\\\/\\\/www.bellunopress.it\\\/fr\\\/author\\\/redazione\\\/\"}]}<\/script>\n<!-- \/ Yoast SEO plugin. -->","yoast_head_json":{"title":"Crac banche. A due anni dalle promesse elettorali \u00e8 in arrivo l'anticipo dell\u2019indennizzo. Un'operazione a somma zero che servir\u00e0 per pagare gli avvocati\u00a0 - Bellunopress - Dolomiti","robots":{"index":"index","follow":"follow","max-snippet":"max-snippet:-1","max-image-preview":"max-image-preview:large","max-video-preview":"max-video-preview:-1"},"canonical":"https:\/\/www.bellunopress.it\/fr\/2020\/03\/25\/crac-banche-a-due-anni-dalle-promesse-elettorali-e-in-arrivo-lanticipo-dellindennizzo-unoperazione-a-somma-zero-che-servira-per-pagare-gli-avvocati\/","og_locale":"fr_FR","og_type":"article","og_title":"Crac banche. A due anni dalle promesse elettorali \u00e8 in arrivo l'anticipo dell\u2019indennizzo. Un'operazione a somma zero che servir\u00e0 per pagare gli avvocati\u00a0 - Bellunopress - Dolomiti","og_description":"Fallita la prima prova, buona la seconda! Bocciato in occasione del precedente decreto \u201cmille proroghe\u201d, a cura di Lega e 5 Stelle alla Camera dei deputati, il primo tentativo di inserire il 40% sul 30% del concedibile per azioni ed obbligazioni svaporate con la messa in liquidazione delle due banche popolari venete, chiss\u00e0 se questa [&hellip;]","og_url":"https:\/\/www.bellunopress.it\/fr\/2020\/03\/25\/crac-banche-a-due-anni-dalle-promesse-elettorali-e-in-arrivo-lanticipo-dellindennizzo-unoperazione-a-somma-zero-che-servira-per-pagare-gli-avvocati\/","og_site_name":"Bellunopress - Dolomiti","article_publisher":"https:\/\/www.facebook.com\/profile.php?id=100008943462799","article_published_time":"2020-03-25T09:38:45+00:00","article_modified_time":"2020-03-25T09:39:07+00:00","og_image":[{"width":300,"height":178,"url":"https:\/\/www.bellunopress.it\/wp-content\/uploads\/2018\/08\/banche-venete-popolare-vicenza.jpg","type":"image\/jpeg"}],"author":"redazione","twitter_card":"summary_large_image","twitter_creator":"@bellunopress","twitter_site":"@bellunopress","twitter_misc":{"Written by":"redazione","Est. reading time":"7 minutes"},"schema":{"@context":"https:\/\/schema.org","@graph":[{"@type":"Article","@id":"https:\/\/www.bellunopress.it\/2020\/03\/25\/crac-banche-a-due-anni-dalle-promesse-elettorali-e-in-arrivo-lanticipo-dellindennizzo-unoperazione-a-somma-zero-che-servira-per-pagare-gli-avvocati\/#article","isPartOf":{"@id":"https:\/\/www.bellunopress.it\/2020\/03\/25\/crac-banche-a-due-anni-dalle-promesse-elettorali-e-in-arrivo-lanticipo-dellindennizzo-unoperazione-a-somma-zero-che-servira-per-pagare-gli-avvocati\/"},"author":{"name":"redazione","@id":"https:\/\/www.bellunopress.it\/#\/schema\/person\/79bb06722b37ece1c03d3e94beb30d73"},"headline":"Crac banche. A due anni dalle promesse elettorali \u00e8 in arrivo l&#8217;anticipo dell\u2019indennizzo. Un&#8217;operazione a somma zero che servir\u00e0 per pagare gli avvocati\u00a0","datePublished":"2020-03-25T09:38:45+00:00","dateModified":"2020-03-25T09:39:07+00:00","mainEntityOfPage":{"@id":"https:\/\/www.bellunopress.it\/2020\/03\/25\/crac-banche-a-due-anni-dalle-promesse-elettorali-e-in-arrivo-lanticipo-dellindennizzo-unoperazione-a-somma-zero-che-servira-per-pagare-gli-avvocati\/"},"wordCount":1503,"publisher":{"@id":"https:\/\/www.bellunopress.it\/#organization"},"image":{"@id":"https:\/\/www.bellunopress.it\/2020\/03\/25\/crac-banche-a-due-anni-dalle-promesse-elettorali-e-in-arrivo-lanticipo-dellindennizzo-unoperazione-a-somma-zero-che-servira-per-pagare-gli-avvocati\/#primaryimage"},"thumbnailUrl":"https:\/\/www.bellunopress.it\/wp-content\/uploads\/2018\/08\/banche-venete-popolare-vicenza.jpg","articleSection":["Cahiers de dol\u00e9ances","Cronaca\/Politica","Prima Pagina"],"inLanguage":"fr-FR"},{"@type":"WebPage","@id":"https:\/\/www.bellunopress.it\/2020\/03\/25\/crac-banche-a-due-anni-dalle-promesse-elettorali-e-in-arrivo-lanticipo-dellindennizzo-unoperazione-a-somma-zero-che-servira-per-pagare-gli-avvocati\/","url":"https:\/\/www.bellunopress.it\/2020\/03\/25\/crac-banche-a-due-anni-dalle-promesse-elettorali-e-in-arrivo-lanticipo-dellindennizzo-unoperazione-a-somma-zero-che-servira-per-pagare-gli-avvocati\/","name":"Crac banche. A due anni dalle promesse elettorali \u00e8 in arrivo l'anticipo dell\u2019indennizzo. Un'operazione a somma zero che servir\u00e0 per pagare gli avvocati\u00a0 - Bellunopress - Dolomiti","isPartOf":{"@id":"https:\/\/www.bellunopress.it\/#website"},"primaryImageOfPage":{"@id":"https:\/\/www.bellunopress.it\/2020\/03\/25\/crac-banche-a-due-anni-dalle-promesse-elettorali-e-in-arrivo-lanticipo-dellindennizzo-unoperazione-a-somma-zero-che-servira-per-pagare-gli-avvocati\/#primaryimage"},"image":{"@id":"https:\/\/www.bellunopress.it\/2020\/03\/25\/crac-banche-a-due-anni-dalle-promesse-elettorali-e-in-arrivo-lanticipo-dellindennizzo-unoperazione-a-somma-zero-che-servira-per-pagare-gli-avvocati\/#primaryimage"},"thumbnailUrl":"https:\/\/www.bellunopress.it\/wp-content\/uploads\/2018\/08\/banche-venete-popolare-vicenza.jpg","datePublished":"2020-03-25T09:38:45+00:00","dateModified":"2020-03-25T09:39:07+00:00","breadcrumb":{"@id":"https:\/\/www.bellunopress.it\/2020\/03\/25\/crac-banche-a-due-anni-dalle-promesse-elettorali-e-in-arrivo-lanticipo-dellindennizzo-unoperazione-a-somma-zero-che-servira-per-pagare-gli-avvocati\/#breadcrumb"},"inLanguage":"fr-FR","potentialAction":[{"@type":"ReadAction","target":["https:\/\/www.bellunopress.it\/2020\/03\/25\/crac-banche-a-due-anni-dalle-promesse-elettorali-e-in-arrivo-lanticipo-dellindennizzo-unoperazione-a-somma-zero-che-servira-per-pagare-gli-avvocati\/"]}]},{"@type":"ImageObject","inLanguage":"fr-FR","@id":"https:\/\/www.bellunopress.it\/2020\/03\/25\/crac-banche-a-due-anni-dalle-promesse-elettorali-e-in-arrivo-lanticipo-dellindennizzo-unoperazione-a-somma-zero-che-servira-per-pagare-gli-avvocati\/#primaryimage","url":"https:\/\/www.bellunopress.it\/wp-content\/uploads\/2018\/08\/banche-venete-popolare-vicenza.jpg","contentUrl":"https:\/\/www.bellunopress.it\/wp-content\/uploads\/2018\/08\/banche-venete-popolare-vicenza.jpg","width":300,"height":178},{"@type":"BreadcrumbList","@id":"https:\/\/www.bellunopress.it\/2020\/03\/25\/crac-banche-a-due-anni-dalle-promesse-elettorali-e-in-arrivo-lanticipo-dellindennizzo-unoperazione-a-somma-zero-che-servira-per-pagare-gli-avvocati\/#breadcrumb","itemListElement":[{"@type":"ListItem","position":1,"name":"Home","item":"https:\/\/www.bellunopress.it\/"},{"@type":"ListItem","position":2,"name":"Crac banche. A due anni dalle promesse elettorali \u00e8 in arrivo l&#8217;anticipo dell\u2019indennizzo. Un&#8217;operazione a somma zero che servir\u00e0 per pagare gli avvocati\u00a0"}]},{"@type":"WebSite","@id":"https:\/\/www.bellunopress.it\/#website","url":"https:\/\/www.bellunopress.it\/","name":"Bellunopress - Dolomiti","description":"e-mail: redazione@bellunopress.it","publisher":{"@id":"https:\/\/www.bellunopress.it\/#organization"},"potentialAction":[{"@type":"SearchAction","target":{"@type":"EntryPoint","urlTemplate":"https:\/\/www.bellunopress.it\/?s={search_term_string}"},"query-input":{"@type":"PropertyValueSpecification","valueRequired":true,"valueName":"search_term_string"}}],"inLanguage":"fr-FR"},{"@type":"Organization","@id":"https:\/\/www.bellunopress.it\/#organization","name":"Bellunopress","url":"https:\/\/www.bellunopress.it\/","logo":{"@type":"ImageObject","inLanguage":"fr-FR","@id":"https:\/\/www.bellunopress.it\/#\/schema\/logo\/image\/","url":"https:\/\/www.bellunopress.it\/wp-content\/uploads\/2011\/05\/cropped-logo-bellunopress-.jpg","contentUrl":"https:\/\/www.bellunopress.it\/wp-content\/uploads\/2011\/05\/cropped-logo-bellunopress-.jpg","width":512,"height":512,"caption":"Bellunopress"},"image":{"@id":"https:\/\/www.bellunopress.it\/#\/schema\/logo\/image\/"},"sameAs":["https:\/\/www.facebook.com\/profile.php?id=100008943462799","https:\/\/x.com\/bellunopress","https:\/\/www.linkedin.com\/hp\/?dnr=JBzUWaJfMUw8vbXJJ2tVW5-I3jZKvC4wsoxE&amp;amp;amp;amp;amp;amp;trk=nav_responsive_tab_home","https:\/\/www.youtube.com\/channel\/UCxL0wu1uN0_3_7hGG0306cw"]},{"@type":"Person","@id":"https:\/\/www.bellunopress.it\/#\/schema\/person\/79bb06722b37ece1c03d3e94beb30d73","name":"r\u00e9daction","image":{"@type":"ImageObject","inLanguage":"fr-FR","@id":"https:\/\/secure.gravatar.com\/avatar\/37d968a2e67a6fd04c169c4bdef102d0bc5d31b2546345219e348575eb80e9a0?s=96&d=mm&r=g","url":"https:\/\/secure.gravatar.com\/avatar\/37d968a2e67a6fd04c169c4bdef102d0bc5d31b2546345219e348575eb80e9a0?s=96&d=mm&r=g","contentUrl":"https:\/\/secure.gravatar.com\/avatar\/37d968a2e67a6fd04c169c4bdef102d0bc5d31b2546345219e348575eb80e9a0?s=96&d=mm&r=g","caption":"redazione"},"sameAs":["http:\/\/www.bellunopress.it","https:\/\/x.com\/bellunopress"],"url":"https:\/\/www.bellunopress.it\/fr\/author\/redazione\/"}]}},"_links":{"self":[{"href":"https:\/\/www.bellunopress.it\/fr\/wp-json\/wp\/v2\/posts\/113314","targetHints":{"allow":["GET"]}}],"collection":[{"href":"https:\/\/www.bellunopress.it\/fr\/wp-json\/wp\/v2\/posts"}],"about":[{"href":"https:\/\/www.bellunopress.it\/fr\/wp-json\/wp\/v2\/types\/post"}],"author":[{"embeddable":true,"href":"https:\/\/www.bellunopress.it\/fr\/wp-json\/wp\/v2\/users\/2"}],"replies":[{"embeddable":true,"href":"https:\/\/www.bellunopress.it\/fr\/wp-json\/wp\/v2\/comments?post=113314"}],"version-history":[{"count":2,"href":"https:\/\/www.bellunopress.it\/fr\/wp-json\/wp\/v2\/posts\/113314\/revisions"}],"predecessor-version":[{"id":113316,"href":"https:\/\/www.bellunopress.it\/fr\/wp-json\/wp\/v2\/posts\/113314\/revisions\/113316"}],"wp:featuredmedia":[{"embeddable":true,"href":"https:\/\/www.bellunopress.it\/fr\/wp-json\/wp\/v2\/media\/97237"}],"wp:attachment":[{"href":"https:\/\/www.bellunopress.it\/fr\/wp-json\/wp\/v2\/media?parent=113314"}],"wp:term":[{"taxonomy":"category","embeddable":true,"href":"https:\/\/www.bellunopress.it\/fr\/wp-json\/wp\/v2\/categories?post=113314"},{"taxonomy":"post_tag","embeddable":true,"href":"https:\/\/www.bellunopress.it\/fr\/wp-json\/wp\/v2\/tags?post=113314"}],"curies":[{"name":"wp","href":"https:\/\/api.w.org\/{rel}","templated":true}]}}