{"id":11322,"date":"2010-01-08T16:12:36","date_gmt":"2010-01-08T15:12:36","guid":{"rendered":"http:\/\/www.bellunopress.it\/?p=11322"},"modified":"2010-01-08T14:16:16","modified_gmt":"2010-01-08T13:16:16","slug":"il-vicegovernatore-manzato-replica-al-consigliere-regionale-guido-trento-dei-signorino-non-me-ne-frega-nulla-la-montagna-non-ha-tempo-da-perdere","status":"publish","type":"post","link":"https:\/\/www.bellunopress.it\/fr\/2010\/01\/08\/il-vicegovernatore-manzato-replica-al-consigliere-regionale-guido-trento-dei-signorino-non-me-ne-frega-nulla-la-montagna-non-ha-tempo-da-perdere\/","title":{"rendered":"Il vicegovernatore Manzato replica al consigliere regionale Guido Trento: &#8220;Dei signori.no non me ne frega nulla! La montagna non ha tempo da perdere&#8221;"},"content":{"rendered":"<figure id=\"attachment_6725\" aria-describedby=\"caption-attachment-6725\" style=\"width: 290px\" class=\"wp-caption alignleft\"><a href=\"http:\/\/www.bellunopress.it\/wp-content\/uploads\/2009\/08\/franco-manzato-vicepresidente-regione.jpg\"><img loading=\"lazy\" decoding=\"async\" class=\"size-medium wp-image-6725\" title=\"franco-manzato-vicepresidente-regione\" src=\"http:\/\/www.bellunopress.it\/wp-content\/uploads\/2009\/08\/franco-manzato-vicepresidente-regione.jpg\" alt=\"Franco Manzato vicepresidente Regione Veneto\" width=\"290\" height=\"193\" \/><\/a><figcaption id=\"caption-attachment-6725\" class=\"wp-caption-text\">Franco Manzato vicepresidente Regione Veneto<\/figcaption><\/figure>\n<p>\u201cIn mezzo a una crisi economica e di fronte a un progetto serio di rilancio com\u2019\u00e8 la Legge sulla Montagna, non me ne frega niente dei Signori-No che vanno contro a tutto per partito preso. La montagna veneta non ha tempo da perdere con queste polemiche, e mi stupisco che invece ci sia chi, abitando nel Bellunese e (spero) vedendone i problemi, abbia voglia di inutili chiacchiere che hanno il sapore di strumentalizzazioni pre-elettorali\u201d. Replica cos\u00ec il vicepresidente della Giunta del Veneto Franco Manzato alle dichiarazioni del consigliere regionale Guido Trento, che oggi ha fortemente criticato il Ddl sulla montagna presentato ieri a Belluno assieme al presidente della Provincia Gianpaolo Bottacin. \u201cIl consigliere Trento forse non sa che questo disegno di legge \u00e8 stato fortemente voluto da chi vive in montagna, e che non \u00e8 stato calato dall\u2019alto, cio\u00e8 dalla Giunta veneta, ma \u00e8 arrivato su input delle Comunit\u00e0 montane, delle associazioni, delle categorie, delle Province.<\/p>\n<figure id=\"attachment_450\" aria-describedby=\"caption-attachment-450\" style=\"width: 181px\" class=\"wp-caption alignleft\"><a href=\"http:\/\/www.bellunopress.it\/wp-content\/uploads\/2009\/02\/guido-trento.jpg\"><img loading=\"lazy\" decoding=\"async\" class=\"size-medium wp-image-450\" title=\"guido-trento\" src=\"http:\/\/www.bellunopress.it\/wp-content\/uploads\/2009\/02\/guido-trento.jpg\" alt=\"Guido Trento\" width=\"181\" height=\"241\" \/><\/a><figcaption id=\"caption-attachment-450\" class=\"wp-caption-text\">Guido Trento<\/figcaption><\/figure>\n<p>E Trento non considera ci\u00f2 che stiamo facendo per rilanciare le terre alte, la loro economia, il loro turismo: elenco soltanto ad esempio il fondo di rotazione per le imprese turistiche da 25 milioni di euro, il fondo di garanzia di prima istanza, i prestiti partecipativi\u2026 Per non parlare del Psr, che quest\u2019anno destina un quarto del finanziamento alla montagna. Trento dovrebbe informarsi prima di parlare, lavorando nelle sedi in cui \u00e8 stato eletto per tutelare le terre alte invece di perder tempo in inutili polemiche\u201d. \u201cIo questo tempo non ce l\u2019ho \u2013 conclude Manzato \u2013 e mi permetto di dire che in questi due anni ho lavorato per la montagna, per la sua autonomia, per l\u2019afflusso alle terre alte di finanziamenti basati non sul numero di abitanti ma sull\u2019intenzione di investire nel territorio in senso federalista. Il consigliere Trento pu\u00f2 dire altrettanto?\u201d.<\/p>","protected":false},"excerpt":{"rendered":"<p>\u201cIn mezzo a una crisi economica e di fronte a un progetto serio di rilancio com\u2019\u00e8 la Legge sulla Montagna, non me ne frega niente dei Signori-No che vanno contro a tutto per partito preso. La montagna veneta non ha tempo da perdere con queste polemiche, e mi stupisco che invece ci sia chi, abitando [&hellip;]<\/p>\n","protected":false},"author":2,"featured_media":0,"comment_status":"closed","ping_status":"open","sticky":false,"template":"","format":"standard","meta":{"footnotes":""},"categories":[5],"tags":[139],"class_list":["post-11322","post","type-post","status-publish","format-standard","category-cronaca","tag-belluno"],"yoast_head":"<!-- This site is optimized with the Yoast SEO plugin v28.4 - https:\/\/yoast.com\/product\/yoast-seo-wordpress\/ -->\n<title>Il vicegovernatore Manzato replica al consigliere regionale Guido Trento: &quot;Dei signori.no non me ne frega nulla! La montagna non ha tempo da perdere&quot;  - Bellunopress - Dolomiti<\/title>\n<meta name=\"robots\" content=\"index, follow, max-snippet:-1, max-image-preview:large, max-video-preview:-1\" \/>\n<link rel=\"canonical\" href=\"https:\/\/www.bellunopress.it\/fr\/2010\/01\/08\/il-vicegovernatore-manzato-replica-al-consigliere-regionale-guido-trento-dei-signorino-non-me-ne-frega-nulla-la-montagna-non-ha-tempo-da-perdere\/\" \/>\n<meta property=\"og:locale\" content=\"fr_FR\" \/>\n<meta property=\"og:type\" content=\"article\" \/>\n<meta property=\"og:title\" content=\"Il vicegovernatore Manzato replica al consigliere regionale Guido Trento: &quot;Dei signori.no non me ne frega nulla! La montagna non ha tempo da perdere&quot;  - Bellunopress - Dolomiti\" \/>\n<meta property=\"og:description\" content=\"\u201cIn mezzo a una crisi economica e di fronte a un progetto serio di rilancio com\u2019\u00e8 la Legge sulla Montagna, non me ne frega niente dei Signori-No che vanno contro a tutto per partito preso. La montagna veneta non ha tempo da perdere con queste polemiche, e mi stupisco che invece ci sia chi, abitando [&hellip;]\" \/>\n<meta property=\"og:url\" content=\"https:\/\/www.bellunopress.it\/fr\/2010\/01\/08\/il-vicegovernatore-manzato-replica-al-consigliere-regionale-guido-trento-dei-signorino-non-me-ne-frega-nulla-la-montagna-non-ha-tempo-da-perdere\/\" \/>\n<meta property=\"og:site_name\" content=\"Bellunopress - Dolomiti\" \/>\n<meta property=\"article:publisher\" content=\"https:\/\/www.facebook.com\/profile.php?id=100008943462799\" \/>\n<meta property=\"article:published_time\" content=\"2010-01-08T15:12:36+00:00\" \/>\n<meta property=\"og:image\" content=\"http:\/\/www.bellunopress.it\/wp-content\/uploads\/2009\/08\/franco-manzato-vicepresidente-regione.jpg\" \/>\n<meta name=\"author\" content=\"redazione\" \/>\n<meta name=\"twitter:card\" content=\"summary_large_image\" \/>\n<meta name=\"twitter:creator\" content=\"@bellunopress\" \/>\n<meta name=\"twitter:site\" content=\"@bellunopress\" \/>\n<meta name=\"twitter:label1\" content=\"\u00c9crit par\" \/>\n\t<meta name=\"twitter:data1\" content=\"redazione\" \/>\n\t<meta name=\"twitter:label2\" content=\"Dur\u00e9e de lecture estim\u00e9e\" \/>\n\t<meta name=\"twitter:data2\" content=\"2 minutes\" \/>\n<script type=\"application\/ld+json\" class=\"yoast-schema-graph\">{\"@context\":\"https:\\\/\\\/schema.org\",\"@graph\":[{\"@type\":\"Article\",\"@id\":\"https:\\\/\\\/www.bellunopress.it\\\/2010\\\/01\\\/08\\\/il-vicegovernatore-manzato-replica-al-consigliere-regionale-guido-trento-dei-signorino-non-me-ne-frega-nulla-la-montagna-non-ha-tempo-da-perdere\\\/#article\",\"isPartOf\":{\"@id\":\"https:\\\/\\\/www.bellunopress.it\\\/2010\\\/01\\\/08\\\/il-vicegovernatore-manzato-replica-al-consigliere-regionale-guido-trento-dei-signorino-non-me-ne-frega-nulla-la-montagna-non-ha-tempo-da-perdere\\\/\"},\"author\":{\"name\":\"redazione\",\"@id\":\"https:\\\/\\\/www.bellunopress.it\\\/#\\\/schema\\\/person\\\/79bb06722b37ece1c03d3e94beb30d73\"},\"headline\":\"Il vicegovernatore Manzato replica al consigliere regionale Guido Trento: &#8220;Dei signori.no non me ne frega nulla! La montagna non ha tempo da perdere&#8221;\",\"datePublished\":\"2010-01-08T15:12:36+00:00\",\"mainEntityOfPage\":{\"@id\":\"https:\\\/\\\/www.bellunopress.it\\\/2010\\\/01\\\/08\\\/il-vicegovernatore-manzato-replica-al-consigliere-regionale-guido-trento-dei-signorino-non-me-ne-frega-nulla-la-montagna-non-ha-tempo-da-perdere\\\/\"},\"wordCount\":344,\"publisher\":{\"@id\":\"https:\\\/\\\/www.bellunopress.it\\\/#organization\"},\"image\":{\"@id\":\"https:\\\/\\\/www.bellunopress.it\\\/2010\\\/01\\\/08\\\/il-vicegovernatore-manzato-replica-al-consigliere-regionale-guido-trento-dei-signorino-non-me-ne-frega-nulla-la-montagna-non-ha-tempo-da-perdere\\\/#primaryimage\"},\"thumbnailUrl\":\"http:\\\/\\\/www.bellunopress.it\\\/wp-content\\\/uploads\\\/2009\\\/08\\\/franco-manzato-vicepresidente-regione.jpg\",\"keywords\":[\"Belluno\"],\"articleSection\":[\"Cronaca\\\/Politica\"],\"inLanguage\":\"fr-FR\"},{\"@type\":\"WebPage\",\"@id\":\"https:\\\/\\\/www.bellunopress.it\\\/2010\\\/01\\\/08\\\/il-vicegovernatore-manzato-replica-al-consigliere-regionale-guido-trento-dei-signorino-non-me-ne-frega-nulla-la-montagna-non-ha-tempo-da-perdere\\\/\",\"url\":\"https:\\\/\\\/www.bellunopress.it\\\/2010\\\/01\\\/08\\\/il-vicegovernatore-manzato-replica-al-consigliere-regionale-guido-trento-dei-signorino-non-me-ne-frega-nulla-la-montagna-non-ha-tempo-da-perdere\\\/\",\"name\":\"Il vicegovernatore Manzato replica al consigliere regionale Guido Trento: \\\"Dei signori.no non me ne frega nulla! La montagna non ha tempo da perdere\\\" - Bellunopress - Dolomiti\",\"isPartOf\":{\"@id\":\"https:\\\/\\\/www.bellunopress.it\\\/#website\"},\"primaryImageOfPage\":{\"@id\":\"https:\\\/\\\/www.bellunopress.it\\\/2010\\\/01\\\/08\\\/il-vicegovernatore-manzato-replica-al-consigliere-regionale-guido-trento-dei-signorino-non-me-ne-frega-nulla-la-montagna-non-ha-tempo-da-perdere\\\/#primaryimage\"},\"image\":{\"@id\":\"https:\\\/\\\/www.bellunopress.it\\\/2010\\\/01\\\/08\\\/il-vicegovernatore-manzato-replica-al-consigliere-regionale-guido-trento-dei-signorino-non-me-ne-frega-nulla-la-montagna-non-ha-tempo-da-perdere\\\/#primaryimage\"},\"thumbnailUrl\":\"http:\\\/\\\/www.bellunopress.it\\\/wp-content\\\/uploads\\\/2009\\\/08\\\/franco-manzato-vicepresidente-regione.jpg\",\"datePublished\":\"2010-01-08T15:12:36+00:00\",\"breadcrumb\":{\"@id\":\"https:\\\/\\\/www.bellunopress.it\\\/2010\\\/01\\\/08\\\/il-vicegovernatore-manzato-replica-al-consigliere-regionale-guido-trento-dei-signorino-non-me-ne-frega-nulla-la-montagna-non-ha-tempo-da-perdere\\\/#breadcrumb\"},\"inLanguage\":\"fr-FR\",\"potentialAction\":[{\"@type\":\"ReadAction\",\"target\":[\"https:\\\/\\\/www.bellunopress.it\\\/2010\\\/01\\\/08\\\/il-vicegovernatore-manzato-replica-al-consigliere-regionale-guido-trento-dei-signorino-non-me-ne-frega-nulla-la-montagna-non-ha-tempo-da-perdere\\\/\"]}]},{\"@type\":\"ImageObject\",\"inLanguage\":\"fr-FR\",\"@id\":\"https:\\\/\\\/www.bellunopress.it\\\/2010\\\/01\\\/08\\\/il-vicegovernatore-manzato-replica-al-consigliere-regionale-guido-trento-dei-signorino-non-me-ne-frega-nulla-la-montagna-non-ha-tempo-da-perdere\\\/#primaryimage\",\"url\":\"http:\\\/\\\/www.bellunopress.it\\\/wp-content\\\/uploads\\\/2009\\\/08\\\/franco-manzato-vicepresidente-regione.jpg\",\"contentUrl\":\"http:\\\/\\\/www.bellunopress.it\\\/wp-content\\\/uploads\\\/2009\\\/08\\\/franco-manzato-vicepresidente-regione.jpg\"},{\"@type\":\"BreadcrumbList\",\"@id\":\"https:\\\/\\\/www.bellunopress.it\\\/2010\\\/01\\\/08\\\/il-vicegovernatore-manzato-replica-al-consigliere-regionale-guido-trento-dei-signorino-non-me-ne-frega-nulla-la-montagna-non-ha-tempo-da-perdere\\\/#breadcrumb\",\"itemListElement\":[{\"@type\":\"ListItem\",\"position\":1,\"name\":\"Home\",\"item\":\"https:\\\/\\\/www.bellunopress.it\\\/\"},{\"@type\":\"ListItem\",\"position\":2,\"name\":\"Il vicegovernatore Manzato replica al consigliere regionale Guido Trento: &#8220;Dei signori.no non me ne frega nulla! La montagna non ha tempo da perdere&#8221;\"}]},{\"@type\":\"WebSite\",\"@id\":\"https:\\\/\\\/www.bellunopress.it\\\/#website\",\"url\":\"https:\\\/\\\/www.bellunopress.it\\\/\",\"name\":\"Bellunopress - Dolomiti\",\"description\":\"e-mail: redazione@bellunopress.it\",\"publisher\":{\"@id\":\"https:\\\/\\\/www.bellunopress.it\\\/#organization\"},\"potentialAction\":[{\"@type\":\"SearchAction\",\"target\":{\"@type\":\"EntryPoint\",\"urlTemplate\":\"https:\\\/\\\/www.bellunopress.it\\\/?s={search_term_string}\"},\"query-input\":{\"@type\":\"PropertyValueSpecification\",\"valueRequired\":true,\"valueName\":\"search_term_string\"}}],\"inLanguage\":\"fr-FR\"},{\"@type\":\"Organization\",\"@id\":\"https:\\\/\\\/www.bellunopress.it\\\/#organization\",\"name\":\"Bellunopress\",\"url\":\"https:\\\/\\\/www.bellunopress.it\\\/\",\"logo\":{\"@type\":\"ImageObject\",\"inLanguage\":\"fr-FR\",\"@id\":\"https:\\\/\\\/www.bellunopress.it\\\/#\\\/schema\\\/logo\\\/image\\\/\",\"url\":\"https:\\\/\\\/www.bellunopress.it\\\/wp-content\\\/uploads\\\/2011\\\/05\\\/cropped-logo-bellunopress-.jpg\",\"contentUrl\":\"https:\\\/\\\/www.bellunopress.it\\\/wp-content\\\/uploads\\\/2011\\\/05\\\/cropped-logo-bellunopress-.jpg\",\"width\":512,\"height\":512,\"caption\":\"Bellunopress\"},\"image\":{\"@id\":\"https:\\\/\\\/www.bellunopress.it\\\/#\\\/schema\\\/logo\\\/image\\\/\"},\"sameAs\":[\"https:\\\/\\\/www.facebook.com\\\/profile.php?id=100008943462799\",\"https:\\\/\\\/x.com\\\/bellunopress\",\"https:\\\/\\\/www.linkedin.com\\\/hp\\\/?dnr=JBzUWaJfMUw8vbXJJ2tVW5-I3jZKvC4wsoxE&amp;amp;amp;amp;amp;amp;trk=nav_responsive_tab_home\",\"https:\\\/\\\/www.youtube.com\\\/channel\\\/UCxL0wu1uN0_3_7hGG0306cw\"]},{\"@type\":\"Person\",\"@id\":\"https:\\\/\\\/www.bellunopress.it\\\/#\\\/schema\\\/person\\\/79bb06722b37ece1c03d3e94beb30d73\",\"name\":\"redazione\",\"image\":{\"@type\":\"ImageObject\",\"inLanguage\":\"fr-FR\",\"@id\":\"https:\\\/\\\/secure.gravatar.com\\\/avatar\\\/37d968a2e67a6fd04c169c4bdef102d0bc5d31b2546345219e348575eb80e9a0?s=96&d=mm&r=g\",\"url\":\"https:\\\/\\\/secure.gravatar.com\\\/avatar\\\/37d968a2e67a6fd04c169c4bdef102d0bc5d31b2546345219e348575eb80e9a0?s=96&d=mm&r=g\",\"contentUrl\":\"https:\\\/\\\/secure.gravatar.com\\\/avatar\\\/37d968a2e67a6fd04c169c4bdef102d0bc5d31b2546345219e348575eb80e9a0?s=96&d=mm&r=g\",\"caption\":\"redazione\"},\"sameAs\":[\"http:\\\/\\\/www.bellunopress.it\",\"https:\\\/\\\/x.com\\\/bellunopress\"],\"url\":\"https:\\\/\\\/www.bellunopress.it\\\/fr\\\/author\\\/redazione\\\/\"}]}<\/script>\n<!-- \/ Yoast SEO plugin. -->","yoast_head_json":{"title":"Il vicegovernatore Manzato replica al consigliere regionale Guido Trento: \"Dei signori.no non me ne frega nulla! La montagna non ha tempo da perdere\"  - Bellunopress - Dolomiti","robots":{"index":"index","follow":"follow","max-snippet":"max-snippet:-1","max-image-preview":"max-image-preview:large","max-video-preview":"max-video-preview:-1"},"canonical":"https:\/\/www.bellunopress.it\/fr\/2010\/01\/08\/il-vicegovernatore-manzato-replica-al-consigliere-regionale-guido-trento-dei-signorino-non-me-ne-frega-nulla-la-montagna-non-ha-tempo-da-perdere\/","og_locale":"fr_FR","og_type":"article","og_title":"Il vicegovernatore Manzato replica al consigliere regionale Guido Trento: \"Dei signori.no non me ne frega nulla! La montagna non ha tempo da perdere\"  - Bellunopress - Dolomiti","og_description":"\u201cIn mezzo a una crisi economica e di fronte a un progetto serio di rilancio com\u2019\u00e8 la Legge sulla Montagna, non me ne frega niente dei Signori-No che vanno contro a tutto per partito preso. La montagna veneta non ha tempo da perdere con queste polemiche, e mi stupisco che invece ci sia chi, abitando [&hellip;]","og_url":"https:\/\/www.bellunopress.it\/fr\/2010\/01\/08\/il-vicegovernatore-manzato-replica-al-consigliere-regionale-guido-trento-dei-signorino-non-me-ne-frega-nulla-la-montagna-non-ha-tempo-da-perdere\/","og_site_name":"Bellunopress - Dolomiti","article_publisher":"https:\/\/www.facebook.com\/profile.php?id=100008943462799","article_published_time":"2010-01-08T15:12:36+00:00","og_image":[{"url":"http:\/\/www.bellunopress.it\/wp-content\/uploads\/2009\/08\/franco-manzato-vicepresidente-regione.jpg","type":"","width":"","height":""}],"author":"redazione","twitter_card":"summary_large_image","twitter_creator":"@bellunopress","twitter_site":"@bellunopress","twitter_misc":{"\u00c9crit par":"redazione","Dur\u00e9e de lecture estim\u00e9e":"2 minutes"},"schema":{"@context":"https:\/\/schema.org","@graph":[{"@type":"Article","@id":"https:\/\/www.bellunopress.it\/2010\/01\/08\/il-vicegovernatore-manzato-replica-al-consigliere-regionale-guido-trento-dei-signorino-non-me-ne-frega-nulla-la-montagna-non-ha-tempo-da-perdere\/#article","isPartOf":{"@id":"https:\/\/www.bellunopress.it\/2010\/01\/08\/il-vicegovernatore-manzato-replica-al-consigliere-regionale-guido-trento-dei-signorino-non-me-ne-frega-nulla-la-montagna-non-ha-tempo-da-perdere\/"},"author":{"name":"redazione","@id":"https:\/\/www.bellunopress.it\/#\/schema\/person\/79bb06722b37ece1c03d3e94beb30d73"},"headline":"Il vicegovernatore Manzato replica al consigliere regionale Guido Trento: &#8220;Dei signori.no non me ne frega nulla! La montagna non ha tempo da perdere&#8221;","datePublished":"2010-01-08T15:12:36+00:00","mainEntityOfPage":{"@id":"https:\/\/www.bellunopress.it\/2010\/01\/08\/il-vicegovernatore-manzato-replica-al-consigliere-regionale-guido-trento-dei-signorino-non-me-ne-frega-nulla-la-montagna-non-ha-tempo-da-perdere\/"},"wordCount":344,"publisher":{"@id":"https:\/\/www.bellunopress.it\/#organization"},"image":{"@id":"https:\/\/www.bellunopress.it\/2010\/01\/08\/il-vicegovernatore-manzato-replica-al-consigliere-regionale-guido-trento-dei-signorino-non-me-ne-frega-nulla-la-montagna-non-ha-tempo-da-perdere\/#primaryimage"},"thumbnailUrl":"http:\/\/www.bellunopress.it\/wp-content\/uploads\/2009\/08\/franco-manzato-vicepresidente-regione.jpg","keywords":["Belluno"],"articleSection":["Cronaca\/Politica"],"inLanguage":"fr-FR"},{"@type":"WebPage","@id":"https:\/\/www.bellunopress.it\/2010\/01\/08\/il-vicegovernatore-manzato-replica-al-consigliere-regionale-guido-trento-dei-signorino-non-me-ne-frega-nulla-la-montagna-non-ha-tempo-da-perdere\/","url":"https:\/\/www.bellunopress.it\/2010\/01\/08\/il-vicegovernatore-manzato-replica-al-consigliere-regionale-guido-trento-dei-signorino-non-me-ne-frega-nulla-la-montagna-non-ha-tempo-da-perdere\/","name":"Il vicegovernatore Manzato replica al consigliere regionale Guido Trento: \"Dei signori.no non me ne frega nulla! La montagna non ha tempo da perdere\" - Bellunopress - Dolomiti","isPartOf":{"@id":"https:\/\/www.bellunopress.it\/#website"},"primaryImageOfPage":{"@id":"https:\/\/www.bellunopress.it\/2010\/01\/08\/il-vicegovernatore-manzato-replica-al-consigliere-regionale-guido-trento-dei-signorino-non-me-ne-frega-nulla-la-montagna-non-ha-tempo-da-perdere\/#primaryimage"},"image":{"@id":"https:\/\/www.bellunopress.it\/2010\/01\/08\/il-vicegovernatore-manzato-replica-al-consigliere-regionale-guido-trento-dei-signorino-non-me-ne-frega-nulla-la-montagna-non-ha-tempo-da-perdere\/#primaryimage"},"thumbnailUrl":"http:\/\/www.bellunopress.it\/wp-content\/uploads\/2009\/08\/franco-manzato-vicepresidente-regione.jpg","datePublished":"2010-01-08T15:12:36+00:00","breadcrumb":{"@id":"https:\/\/www.bellunopress.it\/2010\/01\/08\/il-vicegovernatore-manzato-replica-al-consigliere-regionale-guido-trento-dei-signorino-non-me-ne-frega-nulla-la-montagna-non-ha-tempo-da-perdere\/#breadcrumb"},"inLanguage":"fr-FR","potentialAction":[{"@type":"ReadAction","target":["https:\/\/www.bellunopress.it\/2010\/01\/08\/il-vicegovernatore-manzato-replica-al-consigliere-regionale-guido-trento-dei-signorino-non-me-ne-frega-nulla-la-montagna-non-ha-tempo-da-perdere\/"]}]},{"@type":"ImageObject","inLanguage":"fr-FR","@id":"https:\/\/www.bellunopress.it\/2010\/01\/08\/il-vicegovernatore-manzato-replica-al-consigliere-regionale-guido-trento-dei-signorino-non-me-ne-frega-nulla-la-montagna-non-ha-tempo-da-perdere\/#primaryimage","url":"http:\/\/www.bellunopress.it\/wp-content\/uploads\/2009\/08\/franco-manzato-vicepresidente-regione.jpg","contentUrl":"http:\/\/www.bellunopress.it\/wp-content\/uploads\/2009\/08\/franco-manzato-vicepresidente-regione.jpg"},{"@type":"BreadcrumbList","@id":"https:\/\/www.bellunopress.it\/2010\/01\/08\/il-vicegovernatore-manzato-replica-al-consigliere-regionale-guido-trento-dei-signorino-non-me-ne-frega-nulla-la-montagna-non-ha-tempo-da-perdere\/#breadcrumb","itemListElement":[{"@type":"ListItem","position":1,"name":"Home","item":"https:\/\/www.bellunopress.it\/"},{"@type":"ListItem","position":2,"name":"Il vicegovernatore Manzato replica al consigliere regionale Guido Trento: &#8220;Dei signori.no non me ne frega nulla! La montagna non ha tempo da perdere&#8221;"}]},{"@type":"WebSite","@id":"https:\/\/www.bellunopress.it\/#website","url":"https:\/\/www.bellunopress.it\/","name":"Bellunopress - Dolomiti","description":"e-mail: redazione@bellunopress.it","publisher":{"@id":"https:\/\/www.bellunopress.it\/#organization"},"potentialAction":[{"@type":"SearchAction","target":{"@type":"EntryPoint","urlTemplate":"https:\/\/www.bellunopress.it\/?s={search_term_string}"},"query-input":{"@type":"PropertyValueSpecification","valueRequired":true,"valueName":"search_term_string"}}],"inLanguage":"fr-FR"},{"@type":"Organization","@id":"https:\/\/www.bellunopress.it\/#organization","name":"Bellunopress","url":"https:\/\/www.bellunopress.it\/","logo":{"@type":"ImageObject","inLanguage":"fr-FR","@id":"https:\/\/www.bellunopress.it\/#\/schema\/logo\/image\/","url":"https:\/\/www.bellunopress.it\/wp-content\/uploads\/2011\/05\/cropped-logo-bellunopress-.jpg","contentUrl":"https:\/\/www.bellunopress.it\/wp-content\/uploads\/2011\/05\/cropped-logo-bellunopress-.jpg","width":512,"height":512,"caption":"Bellunopress"},"image":{"@id":"https:\/\/www.bellunopress.it\/#\/schema\/logo\/image\/"},"sameAs":["https:\/\/www.facebook.com\/profile.php?id=100008943462799","https:\/\/x.com\/bellunopress","https:\/\/www.linkedin.com\/hp\/?dnr=JBzUWaJfMUw8vbXJJ2tVW5-I3jZKvC4wsoxE&amp;amp;amp;amp;amp;amp;trk=nav_responsive_tab_home","https:\/\/www.youtube.com\/channel\/UCxL0wu1uN0_3_7hGG0306cw"]},{"@type":"Person","@id":"https:\/\/www.bellunopress.it\/#\/schema\/person\/79bb06722b37ece1c03d3e94beb30d73","name":"r\u00e9daction","image":{"@type":"ImageObject","inLanguage":"fr-FR","@id":"https:\/\/secure.gravatar.com\/avatar\/37d968a2e67a6fd04c169c4bdef102d0bc5d31b2546345219e348575eb80e9a0?s=96&d=mm&r=g","url":"https:\/\/secure.gravatar.com\/avatar\/37d968a2e67a6fd04c169c4bdef102d0bc5d31b2546345219e348575eb80e9a0?s=96&d=mm&r=g","contentUrl":"https:\/\/secure.gravatar.com\/avatar\/37d968a2e67a6fd04c169c4bdef102d0bc5d31b2546345219e348575eb80e9a0?s=96&d=mm&r=g","caption":"redazione"},"sameAs":["http:\/\/www.bellunopress.it","https:\/\/x.com\/bellunopress"],"url":"https:\/\/www.bellunopress.it\/fr\/author\/redazione\/"}]}},"_links":{"self":[{"href":"https:\/\/www.bellunopress.it\/fr\/wp-json\/wp\/v2\/posts\/11322","targetHints":{"allow":["GET"]}}],"collection":[{"href":"https:\/\/www.bellunopress.it\/fr\/wp-json\/wp\/v2\/posts"}],"about":[{"href":"https:\/\/www.bellunopress.it\/fr\/wp-json\/wp\/v2\/types\/post"}],"author":[{"embeddable":true,"href":"https:\/\/www.bellunopress.it\/fr\/wp-json\/wp\/v2\/users\/2"}],"replies":[{"embeddable":true,"href":"https:\/\/www.bellunopress.it\/fr\/wp-json\/wp\/v2\/comments?post=11322"}],"version-history":[{"count":1,"href":"https:\/\/www.bellunopress.it\/fr\/wp-json\/wp\/v2\/posts\/11322\/revisions"}],"predecessor-version":[{"id":11323,"href":"https:\/\/www.bellunopress.it\/fr\/wp-json\/wp\/v2\/posts\/11322\/revisions\/11323"}],"wp:attachment":[{"href":"https:\/\/www.bellunopress.it\/fr\/wp-json\/wp\/v2\/media?parent=11322"}],"wp:term":[{"taxonomy":"category","embeddable":true,"href":"https:\/\/www.bellunopress.it\/fr\/wp-json\/wp\/v2\/categories?post=11322"},{"taxonomy":"post_tag","embeddable":true,"href":"https:\/\/www.bellunopress.it\/fr\/wp-json\/wp\/v2\/tags?post=11322"}],"curies":[{"name":"wp","href":"https:\/\/api.w.org\/{rel}","templated":true}]}}