{"id":11257,"date":"2010-01-06T16:40:39","date_gmt":"2010-01-06T15:40:39","guid":{"rendered":"http:\/\/www.bellunopress.it\/?p=11257"},"modified":"2010-01-06T16:40:39","modified_gmt":"2010-01-06T15:40:39","slug":"antonia-arslan-rivela-sto-scrivendo-un-nuovo-libro-sulla-mia-rianimazione","status":"publish","type":"post","link":"https:\/\/www.bellunopress.it\/fr\/2010\/01\/06\/antonia-arslan-rivela-sto-scrivendo-un-nuovo-libro-sulla-mia-rianimazione\/","title":{"rendered":"Antonia Arslan rivela: &#8220;Sto scrivendo un nuovo libro sulla mia rianimazione&#8221;"},"content":{"rendered":"<p><a href=\"http:\/\/www.bellunopress.it\/wp-content\/uploads\/2010\/01\/antonia-arslan.jpg\"><img loading=\"lazy\" decoding=\"async\" class=\"alignleft size-medium wp-image-11168\" title=\"antonia-arslan\" src=\"http:\/\/www.bellunopress.it\/wp-content\/uploads\/2010\/01\/antonia-arslan.jpg\" alt=\"\" width=\"130\" height=\"130\" \/><\/a>&#8220;Un piccolo libro che mi sta sgorgando dal cuore, che si \u00e8 coagulato in me una settimana fa, tornando da un viaggio a New York\u201d. Antonia Arslan \u00e8 al lavoro su una nuova opera. Racconter\u00e0 la vicenda drammatica della malattia che l\u2019ha colpita la primavera scorsa, e soprattutto l\u2019esperienza della rianimazione. E\u2019 stata l\u2019autrice stessa a rivelarlo in anteprima, ieri sera, mentre era ospite di Una Montagna di Libri, la nuova rassegna di incontri con l\u2019Autore a Cortina d\u2019Ampezzo, presso la Sala Cultura del Palazzo delle Poste. La Arslan presentava &#8211; davanti a un pubblico numerosissimo &#8211; il suo ultimo romanzo, \u201cLa strada di Smirne\u201d, in una conversazione con Omar Monestier, Direttore del Mattino di Padova, e Francesco Chiamulera, responsabile della manifestazione. \u201cE\u2019 da quando ho cominciato la convalescenza\u201d, spiega, \u201cche sono un po\u2019 perseguitata dall\u2019esperienza della rianimazione. E\u2019 una cosa che ti cambia internamente: sei l\u00e0, immobile, sul letto dell\u2019ospedale, come un bambino in fasce, nelle mani delle infermiere, che ti tirano verso la vita\u201d, racconta la scrittrice, colpita ad aprile da una gravissima, improvvisa, setticemia, che ha tenuto per giorni i suoi tanti ammiratori col fiato sospeso, fino alla completa guarigione. Ma la Arslan non ha in mente solo il \u2018piccolo libro\u2019 sulla malattia: ad attenderla c\u2019\u00e8 anche un nuovo romanzo. \u201cLa strada di Smirne\u201d \u00e8 il seguito della \u201cMasseria delle allodole\u201d. Siamo di fronte a una saga? \u201cS\u00ec. Ho sempre pensato che sarebbe stata una trilogia\u201d.\u00a0 Di che cosa tratter\u00e0 il terzo \u2018episodio\u2019, il nuovo romanzo? \u201cSar\u00e0 la storia della stessa bambina che compare negli altri due libri, che poi sono io stessa. Non a caso il prologo di entrambe le opere comincia con la bambina: i miei sono s\u00ec dei romanzi storici, ma sempre filtrati attraverso i suoi occhi. E forse ora \u00e8 il momento che la bambina venga in primo piano\u201d. Che giudizio si sente di esprimere nei confronti delle nuove relazioni armeno-turche? \u201cDirei di cauto ottimismo. Cauto, perch\u00e9 stiamo pur sempre parlando dell\u2019Oriente; cauto, perch\u00e9 si tratta di due popoli divisi da un lago di sangue. Cauto, soprattutto, per il mancato riconoscimento, da parte turca, del genocidio degli armeni. Ogni processo di riconciliazione deve passare per il riconoscimento della tragedia che il popolo armeno ha subito. E\u2019 il minimo\u201d. Una Montagna di Libri \u00e8 organizzata da Francesco Chiamulera, cortinese, sotto la responsabilit\u00e0 scientifica di Vera Slepoj, psicologa e psicoterapeuta, e di Alberto Sinigaglia, giornalista della Stampa. Il prossimo appuntamento di Una Montagna di Libri \u00e8 con Camillo Langone, sabato 20 febbraio 2010. E poi, altri tre incontri, a Carnevale, e a Pasqua, con Andrea Vitali, Antonello Caporale, Vera Slepoj, Sabino Acquaviva. La manifestazione gode del patrocinio della Provincia di Belluno e del Comune di Cortina d\u2019Ampezzo. <a href=\"http:\/\/www.unamontagnadilibri.it\">www.unamontagnadilibri.it<\/a> <a href=\"mailto:info@unamontagnadilibri.it\">info@unamontagnadilibri.it<\/a> &#8211; Tel. 333 7170499<\/p>","protected":false},"excerpt":{"rendered":"<p>&#8220;Un piccolo libro che mi sta sgorgando dal cuore, che si \u00e8 coagulato in me una settimana fa, tornando da un viaggio a New York\u201d. Antonia Arslan \u00e8 al lavoro su una nuova opera. Racconter\u00e0 la vicenda drammatica della malattia che l\u2019ha colpita la primavera scorsa, e soprattutto l\u2019esperienza della rianimazione. E\u2019 stata l\u2019autrice stessa [&hellip;]<\/p>\n","protected":false},"author":2,"featured_media":0,"comment_status":"closed","ping_status":"open","sticky":false,"template":"","format":"standard","meta":{"footnotes":""},"categories":[3,26],"tags":[139],"class_list":["post-11257","post","type-post","status-publish","format-standard","category-arte-cultura-spettacoli-scienza-archivi","category-prima-pagina","tag-belluno"],"yoast_head":"<!-- This site is optimized with the Yoast SEO plugin v28.4 - https:\/\/yoast.com\/product\/yoast-seo-wordpress\/ -->\n<title>Antonia Arslan rivela: &quot;Sto scrivendo un nuovo libro sulla mia rianimazione&quot; - Bellunopress - Dolomiti<\/title>\n<meta name=\"robots\" content=\"index, follow, max-snippet:-1, max-image-preview:large, max-video-preview:-1\" \/>\n<link rel=\"canonical\" href=\"https:\/\/www.bellunopress.it\/fr\/2010\/01\/06\/antonia-arslan-rivela-sto-scrivendo-un-nuovo-libro-sulla-mia-rianimazione\/\" \/>\n<meta property=\"og:locale\" content=\"fr_FR\" \/>\n<meta property=\"og:type\" content=\"article\" \/>\n<meta property=\"og:title\" content=\"Antonia Arslan rivela: &quot;Sto scrivendo un nuovo libro sulla mia rianimazione&quot; - Bellunopress - Dolomiti\" \/>\n<meta property=\"og:description\" content=\"&#8220;Un piccolo libro che mi sta sgorgando dal cuore, che si \u00e8 coagulato in me una settimana fa, tornando da un viaggio a New York\u201d. Antonia Arslan \u00e8 al lavoro su una nuova opera. Racconter\u00e0 la vicenda drammatica della malattia che l\u2019ha colpita la primavera scorsa, e soprattutto l\u2019esperienza della rianimazione. E\u2019 stata l\u2019autrice stessa [&hellip;]\" \/>\n<meta property=\"og:url\" content=\"https:\/\/www.bellunopress.it\/fr\/2010\/01\/06\/antonia-arslan-rivela-sto-scrivendo-un-nuovo-libro-sulla-mia-rianimazione\/\" \/>\n<meta property=\"og:site_name\" content=\"Bellunopress - Dolomiti\" \/>\n<meta property=\"article:publisher\" content=\"https:\/\/www.facebook.com\/profile.php?id=100008943462799\" \/>\n<meta property=\"article:published_time\" content=\"2010-01-06T15:40:39+00:00\" \/>\n<meta property=\"og:image\" content=\"http:\/\/www.bellunopress.it\/wp-content\/uploads\/2010\/01\/antonia-arslan.jpg\" \/>\n<meta name=\"author\" content=\"redazione\" \/>\n<meta name=\"twitter:card\" content=\"summary_large_image\" \/>\n<meta name=\"twitter:creator\" content=\"@bellunopress\" \/>\n<meta name=\"twitter:site\" content=\"@bellunopress\" \/>\n<meta name=\"twitter:label1\" content=\"\u00c9crit par\" \/>\n\t<meta name=\"twitter:data1\" content=\"redazione\" \/>\n\t<meta name=\"twitter:label2\" content=\"Dur\u00e9e de lecture estim\u00e9e\" \/>\n\t<meta name=\"twitter:data2\" content=\"2 minutes\" \/>\n<script type=\"application\/ld+json\" class=\"yoast-schema-graph\">{\"@context\":\"https:\\\/\\\/schema.org\",\"@graph\":[{\"@type\":\"Article\",\"@id\":\"https:\\\/\\\/www.bellunopress.it\\\/2010\\\/01\\\/06\\\/antonia-arslan-rivela-sto-scrivendo-un-nuovo-libro-sulla-mia-rianimazione\\\/#article\",\"isPartOf\":{\"@id\":\"https:\\\/\\\/www.bellunopress.it\\\/2010\\\/01\\\/06\\\/antonia-arslan-rivela-sto-scrivendo-un-nuovo-libro-sulla-mia-rianimazione\\\/\"},\"author\":{\"name\":\"redazione\",\"@id\":\"https:\\\/\\\/www.bellunopress.it\\\/#\\\/schema\\\/person\\\/79bb06722b37ece1c03d3e94beb30d73\"},\"headline\":\"Antonia Arslan rivela: &#8220;Sto scrivendo un nuovo libro sulla mia rianimazione&#8221;\",\"datePublished\":\"2010-01-06T15:40:39+00:00\",\"mainEntityOfPage\":{\"@id\":\"https:\\\/\\\/www.bellunopress.it\\\/2010\\\/01\\\/06\\\/antonia-arslan-rivela-sto-scrivendo-un-nuovo-libro-sulla-mia-rianimazione\\\/\"},\"wordCount\":472,\"publisher\":{\"@id\":\"https:\\\/\\\/www.bellunopress.it\\\/#organization\"},\"image\":{\"@id\":\"https:\\\/\\\/www.bellunopress.it\\\/2010\\\/01\\\/06\\\/antonia-arslan-rivela-sto-scrivendo-un-nuovo-libro-sulla-mia-rianimazione\\\/#primaryimage\"},\"thumbnailUrl\":\"http:\\\/\\\/www.bellunopress.it\\\/wp-content\\\/uploads\\\/2010\\\/01\\\/antonia-arslan.jpg\",\"keywords\":[\"Belluno\"],\"articleSection\":[\"Arte, Cultura, Spettacoli, Scienza\",\"Prima Pagina\"],\"inLanguage\":\"fr-FR\"},{\"@type\":\"WebPage\",\"@id\":\"https:\\\/\\\/www.bellunopress.it\\\/2010\\\/01\\\/06\\\/antonia-arslan-rivela-sto-scrivendo-un-nuovo-libro-sulla-mia-rianimazione\\\/\",\"url\":\"https:\\\/\\\/www.bellunopress.it\\\/2010\\\/01\\\/06\\\/antonia-arslan-rivela-sto-scrivendo-un-nuovo-libro-sulla-mia-rianimazione\\\/\",\"name\":\"Antonia Arslan rivela: \\\"Sto scrivendo un nuovo libro sulla mia rianimazione\\\" - Bellunopress - Dolomiti\",\"isPartOf\":{\"@id\":\"https:\\\/\\\/www.bellunopress.it\\\/#website\"},\"primaryImageOfPage\":{\"@id\":\"https:\\\/\\\/www.bellunopress.it\\\/2010\\\/01\\\/06\\\/antonia-arslan-rivela-sto-scrivendo-un-nuovo-libro-sulla-mia-rianimazione\\\/#primaryimage\"},\"image\":{\"@id\":\"https:\\\/\\\/www.bellunopress.it\\\/2010\\\/01\\\/06\\\/antonia-arslan-rivela-sto-scrivendo-un-nuovo-libro-sulla-mia-rianimazione\\\/#primaryimage\"},\"thumbnailUrl\":\"http:\\\/\\\/www.bellunopress.it\\\/wp-content\\\/uploads\\\/2010\\\/01\\\/antonia-arslan.jpg\",\"datePublished\":\"2010-01-06T15:40:39+00:00\",\"breadcrumb\":{\"@id\":\"https:\\\/\\\/www.bellunopress.it\\\/2010\\\/01\\\/06\\\/antonia-arslan-rivela-sto-scrivendo-un-nuovo-libro-sulla-mia-rianimazione\\\/#breadcrumb\"},\"inLanguage\":\"fr-FR\",\"potentialAction\":[{\"@type\":\"ReadAction\",\"target\":[\"https:\\\/\\\/www.bellunopress.it\\\/2010\\\/01\\\/06\\\/antonia-arslan-rivela-sto-scrivendo-un-nuovo-libro-sulla-mia-rianimazione\\\/\"]}]},{\"@type\":\"ImageObject\",\"inLanguage\":\"fr-FR\",\"@id\":\"https:\\\/\\\/www.bellunopress.it\\\/2010\\\/01\\\/06\\\/antonia-arslan-rivela-sto-scrivendo-un-nuovo-libro-sulla-mia-rianimazione\\\/#primaryimage\",\"url\":\"http:\\\/\\\/www.bellunopress.it\\\/wp-content\\\/uploads\\\/2010\\\/01\\\/antonia-arslan.jpg\",\"contentUrl\":\"http:\\\/\\\/www.bellunopress.it\\\/wp-content\\\/uploads\\\/2010\\\/01\\\/antonia-arslan.jpg\"},{\"@type\":\"BreadcrumbList\",\"@id\":\"https:\\\/\\\/www.bellunopress.it\\\/2010\\\/01\\\/06\\\/antonia-arslan-rivela-sto-scrivendo-un-nuovo-libro-sulla-mia-rianimazione\\\/#breadcrumb\",\"itemListElement\":[{\"@type\":\"ListItem\",\"position\":1,\"name\":\"Home\",\"item\":\"https:\\\/\\\/www.bellunopress.it\\\/\"},{\"@type\":\"ListItem\",\"position\":2,\"name\":\"Antonia Arslan rivela: &#8220;Sto scrivendo un nuovo libro sulla mia rianimazione&#8221;\"}]},{\"@type\":\"WebSite\",\"@id\":\"https:\\\/\\\/www.bellunopress.it\\\/#website\",\"url\":\"https:\\\/\\\/www.bellunopress.it\\\/\",\"name\":\"Bellunopress - Dolomiti\",\"description\":\"e-mail: redazione@bellunopress.it\",\"publisher\":{\"@id\":\"https:\\\/\\\/www.bellunopress.it\\\/#organization\"},\"potentialAction\":[{\"@type\":\"SearchAction\",\"target\":{\"@type\":\"EntryPoint\",\"urlTemplate\":\"https:\\\/\\\/www.bellunopress.it\\\/?s={search_term_string}\"},\"query-input\":{\"@type\":\"PropertyValueSpecification\",\"valueRequired\":true,\"valueName\":\"search_term_string\"}}],\"inLanguage\":\"fr-FR\"},{\"@type\":\"Organization\",\"@id\":\"https:\\\/\\\/www.bellunopress.it\\\/#organization\",\"name\":\"Bellunopress\",\"url\":\"https:\\\/\\\/www.bellunopress.it\\\/\",\"logo\":{\"@type\":\"ImageObject\",\"inLanguage\":\"fr-FR\",\"@id\":\"https:\\\/\\\/www.bellunopress.it\\\/#\\\/schema\\\/logo\\\/image\\\/\",\"url\":\"https:\\\/\\\/www.bellunopress.it\\\/wp-content\\\/uploads\\\/2011\\\/05\\\/cropped-logo-bellunopress-.jpg\",\"contentUrl\":\"https:\\\/\\\/www.bellunopress.it\\\/wp-content\\\/uploads\\\/2011\\\/05\\\/cropped-logo-bellunopress-.jpg\",\"width\":512,\"height\":512,\"caption\":\"Bellunopress\"},\"image\":{\"@id\":\"https:\\\/\\\/www.bellunopress.it\\\/#\\\/schema\\\/logo\\\/image\\\/\"},\"sameAs\":[\"https:\\\/\\\/www.facebook.com\\\/profile.php?id=100008943462799\",\"https:\\\/\\\/x.com\\\/bellunopress\",\"https:\\\/\\\/www.linkedin.com\\\/hp\\\/?dnr=JBzUWaJfMUw8vbXJJ2tVW5-I3jZKvC4wsoxE&amp;amp;amp;amp;amp;amp;trk=nav_responsive_tab_home\",\"https:\\\/\\\/www.youtube.com\\\/channel\\\/UCxL0wu1uN0_3_7hGG0306cw\"]},{\"@type\":\"Person\",\"@id\":\"https:\\\/\\\/www.bellunopress.it\\\/#\\\/schema\\\/person\\\/79bb06722b37ece1c03d3e94beb30d73\",\"name\":\"redazione\",\"image\":{\"@type\":\"ImageObject\",\"inLanguage\":\"fr-FR\",\"@id\":\"https:\\\/\\\/secure.gravatar.com\\\/avatar\\\/37d968a2e67a6fd04c169c4bdef102d0bc5d31b2546345219e348575eb80e9a0?s=96&d=mm&r=g\",\"url\":\"https:\\\/\\\/secure.gravatar.com\\\/avatar\\\/37d968a2e67a6fd04c169c4bdef102d0bc5d31b2546345219e348575eb80e9a0?s=96&d=mm&r=g\",\"contentUrl\":\"https:\\\/\\\/secure.gravatar.com\\\/avatar\\\/37d968a2e67a6fd04c169c4bdef102d0bc5d31b2546345219e348575eb80e9a0?s=96&d=mm&r=g\",\"caption\":\"redazione\"},\"sameAs\":[\"http:\\\/\\\/www.bellunopress.it\",\"https:\\\/\\\/x.com\\\/bellunopress\"],\"url\":\"https:\\\/\\\/www.bellunopress.it\\\/fr\\\/author\\\/redazione\\\/\"}]}<\/script>\n<!-- \/ Yoast SEO plugin. -->","yoast_head_json":{"title":"Antonia Arslan rivela: \"Sto scrivendo un nuovo libro sulla mia rianimazione\" - Bellunopress - Dolomiti","robots":{"index":"index","follow":"follow","max-snippet":"max-snippet:-1","max-image-preview":"max-image-preview:large","max-video-preview":"max-video-preview:-1"},"canonical":"https:\/\/www.bellunopress.it\/fr\/2010\/01\/06\/antonia-arslan-rivela-sto-scrivendo-un-nuovo-libro-sulla-mia-rianimazione\/","og_locale":"fr_FR","og_type":"article","og_title":"Antonia Arslan rivela: \"Sto scrivendo un nuovo libro sulla mia rianimazione\" - Bellunopress - Dolomiti","og_description":"&#8220;Un piccolo libro che mi sta sgorgando dal cuore, che si \u00e8 coagulato in me una settimana fa, tornando da un viaggio a New York\u201d. Antonia Arslan \u00e8 al lavoro su una nuova opera. Racconter\u00e0 la vicenda drammatica della malattia che l\u2019ha colpita la primavera scorsa, e soprattutto l\u2019esperienza della rianimazione. E\u2019 stata l\u2019autrice stessa [&hellip;]","og_url":"https:\/\/www.bellunopress.it\/fr\/2010\/01\/06\/antonia-arslan-rivela-sto-scrivendo-un-nuovo-libro-sulla-mia-rianimazione\/","og_site_name":"Bellunopress - Dolomiti","article_publisher":"https:\/\/www.facebook.com\/profile.php?id=100008943462799","article_published_time":"2010-01-06T15:40:39+00:00","og_image":[{"url":"http:\/\/www.bellunopress.it\/wp-content\/uploads\/2010\/01\/antonia-arslan.jpg","type":"","width":"","height":""}],"author":"redazione","twitter_card":"summary_large_image","twitter_creator":"@bellunopress","twitter_site":"@bellunopress","twitter_misc":{"\u00c9crit par":"redazione","Dur\u00e9e de lecture estim\u00e9e":"2 minutes"},"schema":{"@context":"https:\/\/schema.org","@graph":[{"@type":"Article","@id":"https:\/\/www.bellunopress.it\/2010\/01\/06\/antonia-arslan-rivela-sto-scrivendo-un-nuovo-libro-sulla-mia-rianimazione\/#article","isPartOf":{"@id":"https:\/\/www.bellunopress.it\/2010\/01\/06\/antonia-arslan-rivela-sto-scrivendo-un-nuovo-libro-sulla-mia-rianimazione\/"},"author":{"name":"redazione","@id":"https:\/\/www.bellunopress.it\/#\/schema\/person\/79bb06722b37ece1c03d3e94beb30d73"},"headline":"Antonia Arslan rivela: &#8220;Sto scrivendo un nuovo libro sulla mia rianimazione&#8221;","datePublished":"2010-01-06T15:40:39+00:00","mainEntityOfPage":{"@id":"https:\/\/www.bellunopress.it\/2010\/01\/06\/antonia-arslan-rivela-sto-scrivendo-un-nuovo-libro-sulla-mia-rianimazione\/"},"wordCount":472,"publisher":{"@id":"https:\/\/www.bellunopress.it\/#organization"},"image":{"@id":"https:\/\/www.bellunopress.it\/2010\/01\/06\/antonia-arslan-rivela-sto-scrivendo-un-nuovo-libro-sulla-mia-rianimazione\/#primaryimage"},"thumbnailUrl":"http:\/\/www.bellunopress.it\/wp-content\/uploads\/2010\/01\/antonia-arslan.jpg","keywords":["Belluno"],"articleSection":["Arte, Cultura, Spettacoli, Scienza","Prima Pagina"],"inLanguage":"fr-FR"},{"@type":"WebPage","@id":"https:\/\/www.bellunopress.it\/2010\/01\/06\/antonia-arslan-rivela-sto-scrivendo-un-nuovo-libro-sulla-mia-rianimazione\/","url":"https:\/\/www.bellunopress.it\/2010\/01\/06\/antonia-arslan-rivela-sto-scrivendo-un-nuovo-libro-sulla-mia-rianimazione\/","name":"Antonia Arslan rivela: \"Sto scrivendo un nuovo libro sulla mia rianimazione\" - Bellunopress - Dolomiti","isPartOf":{"@id":"https:\/\/www.bellunopress.it\/#website"},"primaryImageOfPage":{"@id":"https:\/\/www.bellunopress.it\/2010\/01\/06\/antonia-arslan-rivela-sto-scrivendo-un-nuovo-libro-sulla-mia-rianimazione\/#primaryimage"},"image":{"@id":"https:\/\/www.bellunopress.it\/2010\/01\/06\/antonia-arslan-rivela-sto-scrivendo-un-nuovo-libro-sulla-mia-rianimazione\/#primaryimage"},"thumbnailUrl":"http:\/\/www.bellunopress.it\/wp-content\/uploads\/2010\/01\/antonia-arslan.jpg","datePublished":"2010-01-06T15:40:39+00:00","breadcrumb":{"@id":"https:\/\/www.bellunopress.it\/2010\/01\/06\/antonia-arslan-rivela-sto-scrivendo-un-nuovo-libro-sulla-mia-rianimazione\/#breadcrumb"},"inLanguage":"fr-FR","potentialAction":[{"@type":"ReadAction","target":["https:\/\/www.bellunopress.it\/2010\/01\/06\/antonia-arslan-rivela-sto-scrivendo-un-nuovo-libro-sulla-mia-rianimazione\/"]}]},{"@type":"ImageObject","inLanguage":"fr-FR","@id":"https:\/\/www.bellunopress.it\/2010\/01\/06\/antonia-arslan-rivela-sto-scrivendo-un-nuovo-libro-sulla-mia-rianimazione\/#primaryimage","url":"http:\/\/www.bellunopress.it\/wp-content\/uploads\/2010\/01\/antonia-arslan.jpg","contentUrl":"http:\/\/www.bellunopress.it\/wp-content\/uploads\/2010\/01\/antonia-arslan.jpg"},{"@type":"BreadcrumbList","@id":"https:\/\/www.bellunopress.it\/2010\/01\/06\/antonia-arslan-rivela-sto-scrivendo-un-nuovo-libro-sulla-mia-rianimazione\/#breadcrumb","itemListElement":[{"@type":"ListItem","position":1,"name":"Home","item":"https:\/\/www.bellunopress.it\/"},{"@type":"ListItem","position":2,"name":"Antonia Arslan rivela: &#8220;Sto scrivendo un nuovo libro sulla mia rianimazione&#8221;"}]},{"@type":"WebSite","@id":"https:\/\/www.bellunopress.it\/#website","url":"https:\/\/www.bellunopress.it\/","name":"Bellunopress - Dolomiti","description":"e-mail: redazione@bellunopress.it","publisher":{"@id":"https:\/\/www.bellunopress.it\/#organization"},"potentialAction":[{"@type":"SearchAction","target":{"@type":"EntryPoint","urlTemplate":"https:\/\/www.bellunopress.it\/?s={search_term_string}"},"query-input":{"@type":"PropertyValueSpecification","valueRequired":true,"valueName":"search_term_string"}}],"inLanguage":"fr-FR"},{"@type":"Organization","@id":"https:\/\/www.bellunopress.it\/#organization","name":"Bellunopress","url":"https:\/\/www.bellunopress.it\/","logo":{"@type":"ImageObject","inLanguage":"fr-FR","@id":"https:\/\/www.bellunopress.it\/#\/schema\/logo\/image\/","url":"https:\/\/www.bellunopress.it\/wp-content\/uploads\/2011\/05\/cropped-logo-bellunopress-.jpg","contentUrl":"https:\/\/www.bellunopress.it\/wp-content\/uploads\/2011\/05\/cropped-logo-bellunopress-.jpg","width":512,"height":512,"caption":"Bellunopress"},"image":{"@id":"https:\/\/www.bellunopress.it\/#\/schema\/logo\/image\/"},"sameAs":["https:\/\/www.facebook.com\/profile.php?id=100008943462799","https:\/\/x.com\/bellunopress","https:\/\/www.linkedin.com\/hp\/?dnr=JBzUWaJfMUw8vbXJJ2tVW5-I3jZKvC4wsoxE&amp;amp;amp;amp;amp;amp;trk=nav_responsive_tab_home","https:\/\/www.youtube.com\/channel\/UCxL0wu1uN0_3_7hGG0306cw"]},{"@type":"Person","@id":"https:\/\/www.bellunopress.it\/#\/schema\/person\/79bb06722b37ece1c03d3e94beb30d73","name":"r\u00e9daction","image":{"@type":"ImageObject","inLanguage":"fr-FR","@id":"https:\/\/secure.gravatar.com\/avatar\/37d968a2e67a6fd04c169c4bdef102d0bc5d31b2546345219e348575eb80e9a0?s=96&d=mm&r=g","url":"https:\/\/secure.gravatar.com\/avatar\/37d968a2e67a6fd04c169c4bdef102d0bc5d31b2546345219e348575eb80e9a0?s=96&d=mm&r=g","contentUrl":"https:\/\/secure.gravatar.com\/avatar\/37d968a2e67a6fd04c169c4bdef102d0bc5d31b2546345219e348575eb80e9a0?s=96&d=mm&r=g","caption":"redazione"},"sameAs":["http:\/\/www.bellunopress.it","https:\/\/x.com\/bellunopress"],"url":"https:\/\/www.bellunopress.it\/fr\/author\/redazione\/"}]}},"_links":{"self":[{"href":"https:\/\/www.bellunopress.it\/fr\/wp-json\/wp\/v2\/posts\/11257","targetHints":{"allow":["GET"]}}],"collection":[{"href":"https:\/\/www.bellunopress.it\/fr\/wp-json\/wp\/v2\/posts"}],"about":[{"href":"https:\/\/www.bellunopress.it\/fr\/wp-json\/wp\/v2\/types\/post"}],"author":[{"embeddable":true,"href":"https:\/\/www.bellunopress.it\/fr\/wp-json\/wp\/v2\/users\/2"}],"replies":[{"embeddable":true,"href":"https:\/\/www.bellunopress.it\/fr\/wp-json\/wp\/v2\/comments?post=11257"}],"version-history":[{"count":1,"href":"https:\/\/www.bellunopress.it\/fr\/wp-json\/wp\/v2\/posts\/11257\/revisions"}],"predecessor-version":[{"id":11258,"href":"https:\/\/www.bellunopress.it\/fr\/wp-json\/wp\/v2\/posts\/11257\/revisions\/11258"}],"wp:attachment":[{"href":"https:\/\/www.bellunopress.it\/fr\/wp-json\/wp\/v2\/media?parent=11257"}],"wp:term":[{"taxonomy":"category","embeddable":true,"href":"https:\/\/www.bellunopress.it\/fr\/wp-json\/wp\/v2\/categories?post=11257"},{"taxonomy":"post_tag","embeddable":true,"href":"https:\/\/www.bellunopress.it\/fr\/wp-json\/wp\/v2\/tags?post=11257"}],"curies":[{"name":"wp","href":"https:\/\/api.w.org\/{rel}","templated":true}]}}