{"id":11250,"date":"2010-01-06T16:19:14","date_gmt":"2010-01-06T15:19:14","guid":{"rendered":"http:\/\/www.bellunopress.it\/?p=11250"},"modified":"2010-01-06T16:19:14","modified_gmt":"2010-01-06T15:19:14","slug":"sappada-di-nuovo-tricolore-dal-15-al-17-gennaio-i-campionati-italiani-assoluti-di-sci-di-fondo","status":"publish","type":"post","link":"https:\/\/www.bellunopress.it\/fr\/2010\/01\/06\/sappada-di-nuovo-tricolore-dal-15-al-17-gennaio-i-campionati-italiani-assoluti-di-sci-di-fondo\/","title":{"rendered":"Sappada di nuovo tricolore: dal 15 al 17 gennaio i Campionati italiani assoluti di sci di fondo"},"content":{"rendered":"<p><a href=\"http:\/\/www.bellunopress.it\/wp-content\/uploads\/2010\/01\/sappada-sci-fondo.jpg\"><img loading=\"lazy\" decoding=\"async\" class=\"alignleft size-medium wp-image-11251\" title=\"sappada-sci-fondo\" src=\"http:\/\/www.bellunopress.it\/wp-content\/uploads\/2010\/01\/sappada-sci-fondo.jpg\" alt=\"\" width=\"270\" height=\"181\" \/><\/a>La tre giorni prevede la disputa della 10 km femminile, della 15 km maschile skating e delle staffetta. In programma anche il Campionato italiano Master e la Nazionale Giovani. Sono attesi oltre 500 atleti.\u00a0 Sappada si veste nuovamente di tricolore. La localit\u00e0 bellunese ospiter\u00e0 infatti i Campionati italiani assoluti di sci di fondo. L\u2019appuntamento \u00e8 dal 15 al 17 gennaio prossimi. Venerd\u00ec 15 sar\u00e0 dedicato agli allenamenti ufficiali (al mattino) e alla cerimonia di inaugurazione (ore 17). Il sabato invece, si svolgeranno le gare individuali: una 10 km femminile e una 15 km maschile, entrambe a tecnica libera. Domenica, infine, spazio alle staffette. L\u2019appuntamento con l\u2019assegnazione dei titoli nazionali rivestir\u00e0 particolare importanza in quanto sar\u00e0 una delle ultime occasioni che gli atleti italiani avranno per guadagnarsi la convocazione per le Olimpiadi di Vancouver. La tre giorni ai piedi del Peralba non prevede solo le gare dei \u201cbig\u201d. In programma, infatti, ci sono anche il Campionato italiano Master (10 km femminile skating, 15 km maschile skating e staffette), e la Nazionale Giovani (5 km femminile skating, 10 km maschile skating e sprint skating) riservata alle categorie Aspiranti e Juniores. Sono attesi complessivamente oltre 500 atleti. Per l\u2019Associazione sportiva Camosci, che nella prossima primavera festegger\u00e0 i 30 anni di attivit\u00e0, si tratta dell\u2019ennesimo impegno organizzativo di alto livello. Il sodalizio guidato da Eliseo Sartor negli anni ha infatti proposto diverse manifestazioni di richiamo assoluto: su tutti, i due appuntamenti di Coppa del Mondo che, nel 1994 e nel 1999, hanno richiamato a Sappada i migliori interpreti internazionali degli sci stretti. Ma non si possono dimenticare i tanti campionati italiani, sia giovanili che assoluti, n\u00e9 le cinque edizioni di Ski for fun, l\u2019evento internazionale dedicato ai giovanissimi che ritorner\u00e0 quest\u2019anno il 7 febbraio.<\/p>","protected":false},"excerpt":{"rendered":"<p>La tre giorni prevede la disputa della 10 km femminile, della 15 km maschile skating e delle staffetta. In programma anche il Campionato italiano Master e la Nazionale Giovani. Sono attesi oltre 500 atleti.\u00a0 Sappada si veste nuovamente di tricolore. La localit\u00e0 bellunese ospiter\u00e0 infatti i Campionati italiani assoluti di sci di fondo. L\u2019appuntamento \u00e8 [&hellip;]<\/p>\n","protected":false},"author":2,"featured_media":0,"comment_status":"closed","ping_status":"open","sticky":false,"template":"","format":"standard","meta":{"footnotes":""},"categories":[25,4],"tags":[139],"class_list":["post-11250","post","type-post","status-publish","format-standard","category-pausa-caffe","category-sport","tag-belluno"],"yoast_head":"<!-- This site is optimized with the Yoast SEO plugin v28.4 - https:\/\/yoast.com\/product\/yoast-seo-wordpress\/ -->\n<title>Sappada di nuovo tricolore: dal 15 al 17 gennaio i Campionati italiani assoluti di sci di fondo - Bellunopress - Dolomiti<\/title>\n<meta name=\"robots\" content=\"index, follow, max-snippet:-1, max-image-preview:large, max-video-preview:-1\" \/>\n<link rel=\"canonical\" href=\"https:\/\/www.bellunopress.it\/fr\/2010\/01\/06\/sappada-di-nuovo-tricolore-dal-15-al-17-gennaio-i-campionati-italiani-assoluti-di-sci-di-fondo\/\" \/>\n<meta property=\"og:locale\" content=\"fr_FR\" \/>\n<meta property=\"og:type\" content=\"article\" \/>\n<meta property=\"og:title\" content=\"Sappada di nuovo tricolore: dal 15 al 17 gennaio i Campionati italiani assoluti di sci di fondo - Bellunopress - Dolomiti\" \/>\n<meta property=\"og:description\" content=\"La tre giorni prevede la disputa della 10 km femminile, della 15 km maschile skating e delle staffetta. In programma anche il Campionato italiano Master e la Nazionale Giovani. Sono attesi oltre 500 atleti.\u00a0 Sappada si veste nuovamente di tricolore. La localit\u00e0 bellunese ospiter\u00e0 infatti i Campionati italiani assoluti di sci di fondo. L\u2019appuntamento \u00e8 [&hellip;]\" \/>\n<meta property=\"og:url\" content=\"https:\/\/www.bellunopress.it\/fr\/2010\/01\/06\/sappada-di-nuovo-tricolore-dal-15-al-17-gennaio-i-campionati-italiani-assoluti-di-sci-di-fondo\/\" \/>\n<meta property=\"og:site_name\" content=\"Bellunopress - Dolomiti\" \/>\n<meta property=\"article:publisher\" content=\"https:\/\/www.facebook.com\/profile.php?id=100008943462799\" \/>\n<meta property=\"article:published_time\" content=\"2010-01-06T15:19:14+00:00\" \/>\n<meta property=\"og:image\" content=\"http:\/\/www.bellunopress.it\/wp-content\/uploads\/2010\/01\/sappada-sci-fondo.jpg\" \/>\n<meta name=\"author\" content=\"redazione\" \/>\n<meta name=\"twitter:card\" content=\"summary_large_image\" \/>\n<meta name=\"twitter:creator\" content=\"@bellunopress\" \/>\n<meta name=\"twitter:site\" content=\"@bellunopress\" \/>\n<meta name=\"twitter:label1\" content=\"\u00c9crit par\" \/>\n\t<meta name=\"twitter:data1\" content=\"redazione\" \/>\n\t<meta name=\"twitter:label2\" content=\"Dur\u00e9e de lecture estim\u00e9e\" \/>\n\t<meta name=\"twitter:data2\" content=\"1 minute\" \/>\n<script type=\"application\/ld+json\" class=\"yoast-schema-graph\">{\"@context\":\"https:\\\/\\\/schema.org\",\"@graph\":[{\"@type\":\"Article\",\"@id\":\"https:\\\/\\\/www.bellunopress.it\\\/2010\\\/01\\\/06\\\/sappada-di-nuovo-tricolore-dal-15-al-17-gennaio-i-campionati-italiani-assoluti-di-sci-di-fondo\\\/#article\",\"isPartOf\":{\"@id\":\"https:\\\/\\\/www.bellunopress.it\\\/2010\\\/01\\\/06\\\/sappada-di-nuovo-tricolore-dal-15-al-17-gennaio-i-campionati-italiani-assoluti-di-sci-di-fondo\\\/\"},\"author\":{\"name\":\"redazione\",\"@id\":\"https:\\\/\\\/www.bellunopress.it\\\/#\\\/schema\\\/person\\\/79bb06722b37ece1c03d3e94beb30d73\"},\"headline\":\"Sappada di nuovo tricolore: dal 15 al 17 gennaio i Campionati italiani assoluti di sci di fondo\",\"datePublished\":\"2010-01-06T15:19:14+00:00\",\"mainEntityOfPage\":{\"@id\":\"https:\\\/\\\/www.bellunopress.it\\\/2010\\\/01\\\/06\\\/sappada-di-nuovo-tricolore-dal-15-al-17-gennaio-i-campionati-italiani-assoluti-di-sci-di-fondo\\\/\"},\"wordCount\":293,\"publisher\":{\"@id\":\"https:\\\/\\\/www.bellunopress.it\\\/#organization\"},\"image\":{\"@id\":\"https:\\\/\\\/www.bellunopress.it\\\/2010\\\/01\\\/06\\\/sappada-di-nuovo-tricolore-dal-15-al-17-gennaio-i-campionati-italiani-assoluti-di-sci-di-fondo\\\/#primaryimage\"},\"thumbnailUrl\":\"http:\\\/\\\/www.bellunopress.it\\\/wp-content\\\/uploads\\\/2010\\\/01\\\/sappada-sci-fondo.jpg\",\"keywords\":[\"Belluno\"],\"articleSection\":[\"Pausa Caff\u00e8\",\"Sport, tempo libero\"],\"inLanguage\":\"fr-FR\"},{\"@type\":\"WebPage\",\"@id\":\"https:\\\/\\\/www.bellunopress.it\\\/2010\\\/01\\\/06\\\/sappada-di-nuovo-tricolore-dal-15-al-17-gennaio-i-campionati-italiani-assoluti-di-sci-di-fondo\\\/\",\"url\":\"https:\\\/\\\/www.bellunopress.it\\\/2010\\\/01\\\/06\\\/sappada-di-nuovo-tricolore-dal-15-al-17-gennaio-i-campionati-italiani-assoluti-di-sci-di-fondo\\\/\",\"name\":\"Sappada di nuovo tricolore: dal 15 al 17 gennaio i Campionati italiani assoluti di sci di fondo - Bellunopress - Dolomiti\",\"isPartOf\":{\"@id\":\"https:\\\/\\\/www.bellunopress.it\\\/#website\"},\"primaryImageOfPage\":{\"@id\":\"https:\\\/\\\/www.bellunopress.it\\\/2010\\\/01\\\/06\\\/sappada-di-nuovo-tricolore-dal-15-al-17-gennaio-i-campionati-italiani-assoluti-di-sci-di-fondo\\\/#primaryimage\"},\"image\":{\"@id\":\"https:\\\/\\\/www.bellunopress.it\\\/2010\\\/01\\\/06\\\/sappada-di-nuovo-tricolore-dal-15-al-17-gennaio-i-campionati-italiani-assoluti-di-sci-di-fondo\\\/#primaryimage\"},\"thumbnailUrl\":\"http:\\\/\\\/www.bellunopress.it\\\/wp-content\\\/uploads\\\/2010\\\/01\\\/sappada-sci-fondo.jpg\",\"datePublished\":\"2010-01-06T15:19:14+00:00\",\"breadcrumb\":{\"@id\":\"https:\\\/\\\/www.bellunopress.it\\\/2010\\\/01\\\/06\\\/sappada-di-nuovo-tricolore-dal-15-al-17-gennaio-i-campionati-italiani-assoluti-di-sci-di-fondo\\\/#breadcrumb\"},\"inLanguage\":\"fr-FR\",\"potentialAction\":[{\"@type\":\"ReadAction\",\"target\":[\"https:\\\/\\\/www.bellunopress.it\\\/2010\\\/01\\\/06\\\/sappada-di-nuovo-tricolore-dal-15-al-17-gennaio-i-campionati-italiani-assoluti-di-sci-di-fondo\\\/\"]}]},{\"@type\":\"ImageObject\",\"inLanguage\":\"fr-FR\",\"@id\":\"https:\\\/\\\/www.bellunopress.it\\\/2010\\\/01\\\/06\\\/sappada-di-nuovo-tricolore-dal-15-al-17-gennaio-i-campionati-italiani-assoluti-di-sci-di-fondo\\\/#primaryimage\",\"url\":\"http:\\\/\\\/www.bellunopress.it\\\/wp-content\\\/uploads\\\/2010\\\/01\\\/sappada-sci-fondo.jpg\",\"contentUrl\":\"http:\\\/\\\/www.bellunopress.it\\\/wp-content\\\/uploads\\\/2010\\\/01\\\/sappada-sci-fondo.jpg\"},{\"@type\":\"BreadcrumbList\",\"@id\":\"https:\\\/\\\/www.bellunopress.it\\\/2010\\\/01\\\/06\\\/sappada-di-nuovo-tricolore-dal-15-al-17-gennaio-i-campionati-italiani-assoluti-di-sci-di-fondo\\\/#breadcrumb\",\"itemListElement\":[{\"@type\":\"ListItem\",\"position\":1,\"name\":\"Home\",\"item\":\"https:\\\/\\\/www.bellunopress.it\\\/\"},{\"@type\":\"ListItem\",\"position\":2,\"name\":\"Sappada di nuovo tricolore: dal 15 al 17 gennaio i Campionati italiani assoluti di sci di fondo\"}]},{\"@type\":\"WebSite\",\"@id\":\"https:\\\/\\\/www.bellunopress.it\\\/#website\",\"url\":\"https:\\\/\\\/www.bellunopress.it\\\/\",\"name\":\"Bellunopress - Dolomiti\",\"description\":\"e-mail: redazione@bellunopress.it\",\"publisher\":{\"@id\":\"https:\\\/\\\/www.bellunopress.it\\\/#organization\"},\"potentialAction\":[{\"@type\":\"SearchAction\",\"target\":{\"@type\":\"EntryPoint\",\"urlTemplate\":\"https:\\\/\\\/www.bellunopress.it\\\/?s={search_term_string}\"},\"query-input\":{\"@type\":\"PropertyValueSpecification\",\"valueRequired\":true,\"valueName\":\"search_term_string\"}}],\"inLanguage\":\"fr-FR\"},{\"@type\":\"Organization\",\"@id\":\"https:\\\/\\\/www.bellunopress.it\\\/#organization\",\"name\":\"Bellunopress\",\"url\":\"https:\\\/\\\/www.bellunopress.it\\\/\",\"logo\":{\"@type\":\"ImageObject\",\"inLanguage\":\"fr-FR\",\"@id\":\"https:\\\/\\\/www.bellunopress.it\\\/#\\\/schema\\\/logo\\\/image\\\/\",\"url\":\"https:\\\/\\\/www.bellunopress.it\\\/wp-content\\\/uploads\\\/2011\\\/05\\\/cropped-logo-bellunopress-.jpg\",\"contentUrl\":\"https:\\\/\\\/www.bellunopress.it\\\/wp-content\\\/uploads\\\/2011\\\/05\\\/cropped-logo-bellunopress-.jpg\",\"width\":512,\"height\":512,\"caption\":\"Bellunopress\"},\"image\":{\"@id\":\"https:\\\/\\\/www.bellunopress.it\\\/#\\\/schema\\\/logo\\\/image\\\/\"},\"sameAs\":[\"https:\\\/\\\/www.facebook.com\\\/profile.php?id=100008943462799\",\"https:\\\/\\\/x.com\\\/bellunopress\",\"https:\\\/\\\/www.linkedin.com\\\/hp\\\/?dnr=JBzUWaJfMUw8vbXJJ2tVW5-I3jZKvC4wsoxE&amp;amp;amp;amp;amp;amp;trk=nav_responsive_tab_home\",\"https:\\\/\\\/www.youtube.com\\\/channel\\\/UCxL0wu1uN0_3_7hGG0306cw\"]},{\"@type\":\"Person\",\"@id\":\"https:\\\/\\\/www.bellunopress.it\\\/#\\\/schema\\\/person\\\/79bb06722b37ece1c03d3e94beb30d73\",\"name\":\"redazione\",\"image\":{\"@type\":\"ImageObject\",\"inLanguage\":\"fr-FR\",\"@id\":\"https:\\\/\\\/secure.gravatar.com\\\/avatar\\\/37d968a2e67a6fd04c169c4bdef102d0bc5d31b2546345219e348575eb80e9a0?s=96&d=mm&r=g\",\"url\":\"https:\\\/\\\/secure.gravatar.com\\\/avatar\\\/37d968a2e67a6fd04c169c4bdef102d0bc5d31b2546345219e348575eb80e9a0?s=96&d=mm&r=g\",\"contentUrl\":\"https:\\\/\\\/secure.gravatar.com\\\/avatar\\\/37d968a2e67a6fd04c169c4bdef102d0bc5d31b2546345219e348575eb80e9a0?s=96&d=mm&r=g\",\"caption\":\"redazione\"},\"sameAs\":[\"http:\\\/\\\/www.bellunopress.it\",\"https:\\\/\\\/x.com\\\/bellunopress\"],\"url\":\"https:\\\/\\\/www.bellunopress.it\\\/fr\\\/author\\\/redazione\\\/\"}]}<\/script>\n<!-- \/ Yoast SEO plugin. -->","yoast_head_json":{"title":"Sappada di nuovo tricolore: dal 15 al 17 gennaio i Campionati italiani assoluti di sci di fondo - Bellunopress - Dolomiti","robots":{"index":"index","follow":"follow","max-snippet":"max-snippet:-1","max-image-preview":"max-image-preview:large","max-video-preview":"max-video-preview:-1"},"canonical":"https:\/\/www.bellunopress.it\/fr\/2010\/01\/06\/sappada-di-nuovo-tricolore-dal-15-al-17-gennaio-i-campionati-italiani-assoluti-di-sci-di-fondo\/","og_locale":"fr_FR","og_type":"article","og_title":"Sappada di nuovo tricolore: dal 15 al 17 gennaio i Campionati italiani assoluti di sci di fondo - Bellunopress - Dolomiti","og_description":"La tre giorni prevede la disputa della 10 km femminile, della 15 km maschile skating e delle staffetta. In programma anche il Campionato italiano Master e la Nazionale Giovani. Sono attesi oltre 500 atleti.\u00a0 Sappada si veste nuovamente di tricolore. La localit\u00e0 bellunese ospiter\u00e0 infatti i Campionati italiani assoluti di sci di fondo. L\u2019appuntamento \u00e8 [&hellip;]","og_url":"https:\/\/www.bellunopress.it\/fr\/2010\/01\/06\/sappada-di-nuovo-tricolore-dal-15-al-17-gennaio-i-campionati-italiani-assoluti-di-sci-di-fondo\/","og_site_name":"Bellunopress - Dolomiti","article_publisher":"https:\/\/www.facebook.com\/profile.php?id=100008943462799","article_published_time":"2010-01-06T15:19:14+00:00","og_image":[{"url":"http:\/\/www.bellunopress.it\/wp-content\/uploads\/2010\/01\/sappada-sci-fondo.jpg","type":"","width":"","height":""}],"author":"redazione","twitter_card":"summary_large_image","twitter_creator":"@bellunopress","twitter_site":"@bellunopress","twitter_misc":{"\u00c9crit par":"redazione","Dur\u00e9e de lecture estim\u00e9e":"1 minute"},"schema":{"@context":"https:\/\/schema.org","@graph":[{"@type":"Article","@id":"https:\/\/www.bellunopress.it\/2010\/01\/06\/sappada-di-nuovo-tricolore-dal-15-al-17-gennaio-i-campionati-italiani-assoluti-di-sci-di-fondo\/#article","isPartOf":{"@id":"https:\/\/www.bellunopress.it\/2010\/01\/06\/sappada-di-nuovo-tricolore-dal-15-al-17-gennaio-i-campionati-italiani-assoluti-di-sci-di-fondo\/"},"author":{"name":"redazione","@id":"https:\/\/www.bellunopress.it\/#\/schema\/person\/79bb06722b37ece1c03d3e94beb30d73"},"headline":"Sappada di nuovo tricolore: dal 15 al 17 gennaio i Campionati italiani assoluti di sci di fondo","datePublished":"2010-01-06T15:19:14+00:00","mainEntityOfPage":{"@id":"https:\/\/www.bellunopress.it\/2010\/01\/06\/sappada-di-nuovo-tricolore-dal-15-al-17-gennaio-i-campionati-italiani-assoluti-di-sci-di-fondo\/"},"wordCount":293,"publisher":{"@id":"https:\/\/www.bellunopress.it\/#organization"},"image":{"@id":"https:\/\/www.bellunopress.it\/2010\/01\/06\/sappada-di-nuovo-tricolore-dal-15-al-17-gennaio-i-campionati-italiani-assoluti-di-sci-di-fondo\/#primaryimage"},"thumbnailUrl":"http:\/\/www.bellunopress.it\/wp-content\/uploads\/2010\/01\/sappada-sci-fondo.jpg","keywords":["Belluno"],"articleSection":["Pausa Caff\u00e8","Sport, tempo libero"],"inLanguage":"fr-FR"},{"@type":"WebPage","@id":"https:\/\/www.bellunopress.it\/2010\/01\/06\/sappada-di-nuovo-tricolore-dal-15-al-17-gennaio-i-campionati-italiani-assoluti-di-sci-di-fondo\/","url":"https:\/\/www.bellunopress.it\/2010\/01\/06\/sappada-di-nuovo-tricolore-dal-15-al-17-gennaio-i-campionati-italiani-assoluti-di-sci-di-fondo\/","name":"Sappada di nuovo tricolore: dal 15 al 17 gennaio i Campionati italiani assoluti di sci di fondo - Bellunopress - Dolomiti","isPartOf":{"@id":"https:\/\/www.bellunopress.it\/#website"},"primaryImageOfPage":{"@id":"https:\/\/www.bellunopress.it\/2010\/01\/06\/sappada-di-nuovo-tricolore-dal-15-al-17-gennaio-i-campionati-italiani-assoluti-di-sci-di-fondo\/#primaryimage"},"image":{"@id":"https:\/\/www.bellunopress.it\/2010\/01\/06\/sappada-di-nuovo-tricolore-dal-15-al-17-gennaio-i-campionati-italiani-assoluti-di-sci-di-fondo\/#primaryimage"},"thumbnailUrl":"http:\/\/www.bellunopress.it\/wp-content\/uploads\/2010\/01\/sappada-sci-fondo.jpg","datePublished":"2010-01-06T15:19:14+00:00","breadcrumb":{"@id":"https:\/\/www.bellunopress.it\/2010\/01\/06\/sappada-di-nuovo-tricolore-dal-15-al-17-gennaio-i-campionati-italiani-assoluti-di-sci-di-fondo\/#breadcrumb"},"inLanguage":"fr-FR","potentialAction":[{"@type":"ReadAction","target":["https:\/\/www.bellunopress.it\/2010\/01\/06\/sappada-di-nuovo-tricolore-dal-15-al-17-gennaio-i-campionati-italiani-assoluti-di-sci-di-fondo\/"]}]},{"@type":"ImageObject","inLanguage":"fr-FR","@id":"https:\/\/www.bellunopress.it\/2010\/01\/06\/sappada-di-nuovo-tricolore-dal-15-al-17-gennaio-i-campionati-italiani-assoluti-di-sci-di-fondo\/#primaryimage","url":"http:\/\/www.bellunopress.it\/wp-content\/uploads\/2010\/01\/sappada-sci-fondo.jpg","contentUrl":"http:\/\/www.bellunopress.it\/wp-content\/uploads\/2010\/01\/sappada-sci-fondo.jpg"},{"@type":"BreadcrumbList","@id":"https:\/\/www.bellunopress.it\/2010\/01\/06\/sappada-di-nuovo-tricolore-dal-15-al-17-gennaio-i-campionati-italiani-assoluti-di-sci-di-fondo\/#breadcrumb","itemListElement":[{"@type":"ListItem","position":1,"name":"Home","item":"https:\/\/www.bellunopress.it\/"},{"@type":"ListItem","position":2,"name":"Sappada di nuovo tricolore: dal 15 al 17 gennaio i Campionati italiani assoluti di sci di fondo"}]},{"@type":"WebSite","@id":"https:\/\/www.bellunopress.it\/#website","url":"https:\/\/www.bellunopress.it\/","name":"Bellunopress - Dolomiti","description":"e-mail: redazione@bellunopress.it","publisher":{"@id":"https:\/\/www.bellunopress.it\/#organization"},"potentialAction":[{"@type":"SearchAction","target":{"@type":"EntryPoint","urlTemplate":"https:\/\/www.bellunopress.it\/?s={search_term_string}"},"query-input":{"@type":"PropertyValueSpecification","valueRequired":true,"valueName":"search_term_string"}}],"inLanguage":"fr-FR"},{"@type":"Organization","@id":"https:\/\/www.bellunopress.it\/#organization","name":"Bellunopress","url":"https:\/\/www.bellunopress.it\/","logo":{"@type":"ImageObject","inLanguage":"fr-FR","@id":"https:\/\/www.bellunopress.it\/#\/schema\/logo\/image\/","url":"https:\/\/www.bellunopress.it\/wp-content\/uploads\/2011\/05\/cropped-logo-bellunopress-.jpg","contentUrl":"https:\/\/www.bellunopress.it\/wp-content\/uploads\/2011\/05\/cropped-logo-bellunopress-.jpg","width":512,"height":512,"caption":"Bellunopress"},"image":{"@id":"https:\/\/www.bellunopress.it\/#\/schema\/logo\/image\/"},"sameAs":["https:\/\/www.facebook.com\/profile.php?id=100008943462799","https:\/\/x.com\/bellunopress","https:\/\/www.linkedin.com\/hp\/?dnr=JBzUWaJfMUw8vbXJJ2tVW5-I3jZKvC4wsoxE&amp;amp;amp;amp;amp;amp;trk=nav_responsive_tab_home","https:\/\/www.youtube.com\/channel\/UCxL0wu1uN0_3_7hGG0306cw"]},{"@type":"Person","@id":"https:\/\/www.bellunopress.it\/#\/schema\/person\/79bb06722b37ece1c03d3e94beb30d73","name":"r\u00e9daction","image":{"@type":"ImageObject","inLanguage":"fr-FR","@id":"https:\/\/secure.gravatar.com\/avatar\/37d968a2e67a6fd04c169c4bdef102d0bc5d31b2546345219e348575eb80e9a0?s=96&d=mm&r=g","url":"https:\/\/secure.gravatar.com\/avatar\/37d968a2e67a6fd04c169c4bdef102d0bc5d31b2546345219e348575eb80e9a0?s=96&d=mm&r=g","contentUrl":"https:\/\/secure.gravatar.com\/avatar\/37d968a2e67a6fd04c169c4bdef102d0bc5d31b2546345219e348575eb80e9a0?s=96&d=mm&r=g","caption":"redazione"},"sameAs":["http:\/\/www.bellunopress.it","https:\/\/x.com\/bellunopress"],"url":"https:\/\/www.bellunopress.it\/fr\/author\/redazione\/"}]}},"_links":{"self":[{"href":"https:\/\/www.bellunopress.it\/fr\/wp-json\/wp\/v2\/posts\/11250","targetHints":{"allow":["GET"]}}],"collection":[{"href":"https:\/\/www.bellunopress.it\/fr\/wp-json\/wp\/v2\/posts"}],"about":[{"href":"https:\/\/www.bellunopress.it\/fr\/wp-json\/wp\/v2\/types\/post"}],"author":[{"embeddable":true,"href":"https:\/\/www.bellunopress.it\/fr\/wp-json\/wp\/v2\/users\/2"}],"replies":[{"embeddable":true,"href":"https:\/\/www.bellunopress.it\/fr\/wp-json\/wp\/v2\/comments?post=11250"}],"version-history":[{"count":2,"href":"https:\/\/www.bellunopress.it\/fr\/wp-json\/wp\/v2\/posts\/11250\/revisions"}],"predecessor-version":[{"id":11253,"href":"https:\/\/www.bellunopress.it\/fr\/wp-json\/wp\/v2\/posts\/11250\/revisions\/11253"}],"wp:attachment":[{"href":"https:\/\/www.bellunopress.it\/fr\/wp-json\/wp\/v2\/media?parent=11250"}],"wp:term":[{"taxonomy":"category","embeddable":true,"href":"https:\/\/www.bellunopress.it\/fr\/wp-json\/wp\/v2\/categories?post=11250"},{"taxonomy":"post_tag","embeddable":true,"href":"https:\/\/www.bellunopress.it\/fr\/wp-json\/wp\/v2\/tags?post=11250"}],"curies":[{"name":"wp","href":"https:\/\/api.w.org\/{rel}","templated":true}]}}