{"id":112441,"date":"2020-02-26T13:38:15","date_gmt":"2020-02-26T12:38:15","guid":{"rendered":"http:\/\/www.bellunopress.it\/?p=112441"},"modified":"2020-02-26T13:38:15","modified_gmt":"2020-02-26T12:38:15","slug":"corona-virus-massaro-propone-allanci-il-rinvio-delle-scadenze-fiscali-lallarmismo-mette-in-ginocchio-il-turismo","status":"publish","type":"post","link":"https:\/\/www.bellunopress.it\/fr\/2020\/02\/26\/corona-virus-massaro-propone-allanci-il-rinvio-delle-scadenze-fiscali-lallarmismo-mette-in-ginocchio-il-turismo\/","title":{"rendered":"Corona-virus. Massaro propone all&#8217;Anci il rinvio delle scadenze fiscali: \u00abL&#8217;allarmismo mette in ginocchio il turismo\u00bb"},"content":{"rendered":"<p><a href=\"http:\/\/www.bellunopress.it\/fr\/2019\/12\/18\/belluno-bus-gratuiti-per-le-feste-natalizie-e-linea-per-il-nevegal-oltre-11mila-euro-per-sostenere-ambiente-turismo-e-commercio\/massaro-sindaco\/\" rel=\"attachment wp-att-110555\"><img loading=\"lazy\" decoding=\"async\" class=\"alignleft size-full wp-image-110555\" src=\"http:\/\/www.bellunopress.it\/wp-content\/uploads\/2019\/12\/Massaro-sindaco.jpg\" alt=\"\" width=\"250\" height=\"300\" \/><\/a>Belluno, 26 febbraio 2020\u00a0 &#8211;\u00a0 Non c&#8217;\u00e8 solo l&#8217;allerta sanitaria nei pensieri del sindaco di Belluno per quanto riguarda la diffusione del Coronavirus: il primo cittadino denuncia i rischi per l&#8217;economia e il turismo provinciale.<\/p>\n<p>\u00abHo gi\u00e0 interessato ANCI affinch\u00e9 proponga al Governo il rinvio delle prossime scadenze fiscali, la prima delle quali fissata gi\u00e0 per il prossimo 29 febbraio (come le dichiarazioni IVA; scadenza che slitta a luned\u00ec 2 marzo, visto che il 29 cade di sabato). &#8211; spiega il sindaco Massaro \u2013 Un conto \u00e8 mantenere alta l&#8217;allerta, un altro \u00e8 diffondere un assurdo allarmismo che mette in ginocchio la nostra economia. Dobbiamo sostenere i nostri imprenditori in un momento gi\u00e0 particolarmente difficile: non possiamo infatti dimenticare come questo evento arrivi a pochi mesi dalla tempesta Vaia, i cui danni ed effetti sulla nostra economia ancora si fanno sentire\u00bb.<\/p>\n<p>In particolare, il primo cittadino guarda alla situazione turistica: \u00abStanno fioccando le disdette in tutte le localit\u00e0 della provincia, situazione che poi si riversa sul commercio locale. Sono disdette che, se si guarda alla reale situazione, non hanno logica. Sono a conoscenza di imprese che hanno rinviato le visite esterne, con evidenti ricadute sulle prenotazioni nei nostri alberghi; ci sono gi\u00e0 hotel che chiudono i ristoranti per mancanza di clienti, e albergatori pronti a chiudere gi\u00e0 ora la stagione; leggo di persone che diffondono timori legati agli importanti appuntamenti delle finali di Coppa del mondo di sci alpino di Cortina, previste per met\u00e0 marzo, nonostante l&#8217;ordinanza regionale abbia come scadenza il primo marzo: questo scenario rischia di provocare un vero disastro economico per la nostra provincia. Non possiamo permetterci in piena stagione turistica una simile desertificazione. L&#8217;attenzione \u00e8 giustamente alta, ma il panico, soprattutto se ingiustificato, non genera mai risultati positivi per nessuno\u00bb.<\/p>\n<p>Il sindaco di Belluno lancia quindi la richiesta al Governo, \u00abaffinch\u00e9, oltre all&#8217;accesso alla\u00a0cassa integrazione, ci sia un rinvio delle scadenze fiscali e vengano introdotti delle modalit\u00e0 di incentivo e sostegno da parte dello Stato in queste zone\u00bb.<\/p>","protected":false},"excerpt":{"rendered":"<p>Belluno, 26 febbraio 2020\u00a0 &#8211;\u00a0 Non c&#8217;\u00e8 solo l&#8217;allerta sanitaria nei pensieri del sindaco di Belluno per quanto riguarda la diffusione del Coronavirus: il primo cittadino denuncia i rischi per l&#8217;economia e il turismo provinciale. \u00abHo gi\u00e0 interessato ANCI affinch\u00e9 proponga al Governo il rinvio delle prossime scadenze fiscali, la prima delle quali fissata gi\u00e0 [&hellip;]<\/p>\n","protected":false},"author":2,"featured_media":87543,"comment_status":"closed","ping_status":"open","sticky":false,"template":"","format":"standard","meta":{"footnotes":""},"categories":[5,26],"tags":[],"class_list":["post-112441","post","type-post","status-publish","format-standard","has-post-thumbnail","category-cronaca","category-prima-pagina"],"yoast_head":"<!-- This site is optimized with the Yoast SEO plugin v28.4 - https:\/\/yoast.com\/product\/yoast-seo-wordpress\/ -->\n<title>Corona-virus. Massaro propone all&#039;Anci il rinvio delle scadenze fiscali: \u00abL&#039;allarmismo mette in ginocchio il turismo\u00bb - Bellunopress - Dolomiti<\/title>\n<meta name=\"robots\" content=\"index, follow, max-snippet:-1, max-image-preview:large, max-video-preview:-1\" \/>\n<link rel=\"canonical\" href=\"https:\/\/www.bellunopress.it\/fr\/2020\/02\/26\/corona-virus-massaro-propone-allanci-il-rinvio-delle-scadenze-fiscali-lallarmismo-mette-in-ginocchio-il-turismo\/\" \/>\n<meta property=\"og:locale\" content=\"fr_FR\" \/>\n<meta property=\"og:type\" content=\"article\" \/>\n<meta property=\"og:title\" content=\"Corona-virus. Massaro propone all&#039;Anci il rinvio delle scadenze fiscali: \u00abL&#039;allarmismo mette in ginocchio il turismo\u00bb - Bellunopress - Dolomiti\" \/>\n<meta property=\"og:description\" content=\"Belluno, 26 febbraio 2020\u00a0 &#8211;\u00a0 Non c&#8217;\u00e8 solo l&#8217;allerta sanitaria nei pensieri del sindaco di Belluno per quanto riguarda la diffusione del Coronavirus: il primo cittadino denuncia i rischi per l&#8217;economia e il turismo provinciale. \u00abHo gi\u00e0 interessato ANCI affinch\u00e9 proponga al Governo il rinvio delle prossime scadenze fiscali, la prima delle quali fissata gi\u00e0 [&hellip;]\" \/>\n<meta property=\"og:url\" content=\"https:\/\/www.bellunopress.it\/fr\/2020\/02\/26\/corona-virus-massaro-propone-allanci-il-rinvio-delle-scadenze-fiscali-lallarmismo-mette-in-ginocchio-il-turismo\/\" \/>\n<meta property=\"og:site_name\" content=\"Bellunopress - Dolomiti\" \/>\n<meta property=\"article:publisher\" content=\"https:\/\/www.facebook.com\/profile.php?id=100008943462799\" \/>\n<meta property=\"article:published_time\" content=\"2020-02-26T12:38:15+00:00\" \/>\n<meta property=\"og:image\" content=\"https:\/\/www.bellunopress.it\/wp-content\/uploads\/2017\/07\/Insediamento-Massaro-5.jpg\" \/>\n\t<meta property=\"og:image:width\" content=\"300\" \/>\n\t<meta property=\"og:image:height\" content=\"282\" \/>\n\t<meta property=\"og:image:type\" content=\"image\/jpeg\" \/>\n<meta name=\"author\" content=\"redazione\" \/>\n<meta name=\"twitter:card\" content=\"summary_large_image\" \/>\n<meta name=\"twitter:creator\" content=\"@bellunopress\" \/>\n<meta name=\"twitter:site\" content=\"@bellunopress\" \/>\n<meta name=\"twitter:label1\" content=\"\u00c9crit par\" \/>\n\t<meta name=\"twitter:data1\" content=\"redazione\" \/>\n\t<meta name=\"twitter:label2\" content=\"Dur\u00e9e de lecture estim\u00e9e\" \/>\n\t<meta name=\"twitter:data2\" content=\"2 minutes\" \/>\n<script type=\"application\/ld+json\" class=\"yoast-schema-graph\">{\"@context\":\"https:\\\/\\\/schema.org\",\"@graph\":[{\"@type\":\"Article\",\"@id\":\"https:\\\/\\\/www.bellunopress.it\\\/2020\\\/02\\\/26\\\/corona-virus-massaro-propone-allanci-il-rinvio-delle-scadenze-fiscali-lallarmismo-mette-in-ginocchio-il-turismo\\\/#article\",\"isPartOf\":{\"@id\":\"https:\\\/\\\/www.bellunopress.it\\\/2020\\\/02\\\/26\\\/corona-virus-massaro-propone-allanci-il-rinvio-delle-scadenze-fiscali-lallarmismo-mette-in-ginocchio-il-turismo\\\/\"},\"author\":{\"name\":\"redazione\",\"@id\":\"https:\\\/\\\/www.bellunopress.it\\\/#\\\/schema\\\/person\\\/79bb06722b37ece1c03d3e94beb30d73\"},\"headline\":\"Corona-virus. Massaro propone all&#8217;Anci il rinvio delle scadenze fiscali: \u00abL&#8217;allarmismo mette in ginocchio il turismo\u00bb\",\"datePublished\":\"2020-02-26T12:38:15+00:00\",\"mainEntityOfPage\":{\"@id\":\"https:\\\/\\\/www.bellunopress.it\\\/2020\\\/02\\\/26\\\/corona-virus-massaro-propone-allanci-il-rinvio-delle-scadenze-fiscali-lallarmismo-mette-in-ginocchio-il-turismo\\\/\"},\"wordCount\":347,\"publisher\":{\"@id\":\"https:\\\/\\\/www.bellunopress.it\\\/#organization\"},\"image\":{\"@id\":\"https:\\\/\\\/www.bellunopress.it\\\/2020\\\/02\\\/26\\\/corona-virus-massaro-propone-allanci-il-rinvio-delle-scadenze-fiscali-lallarmismo-mette-in-ginocchio-il-turismo\\\/#primaryimage\"},\"thumbnailUrl\":\"https:\\\/\\\/www.bellunopress.it\\\/wp-content\\\/uploads\\\/2017\\\/07\\\/Insediamento-Massaro-5.jpg\",\"articleSection\":[\"Cronaca\\\/Politica\",\"Prima Pagina\"],\"inLanguage\":\"fr-FR\"},{\"@type\":\"WebPage\",\"@id\":\"https:\\\/\\\/www.bellunopress.it\\\/2020\\\/02\\\/26\\\/corona-virus-massaro-propone-allanci-il-rinvio-delle-scadenze-fiscali-lallarmismo-mette-in-ginocchio-il-turismo\\\/\",\"url\":\"https:\\\/\\\/www.bellunopress.it\\\/2020\\\/02\\\/26\\\/corona-virus-massaro-propone-allanci-il-rinvio-delle-scadenze-fiscali-lallarmismo-mette-in-ginocchio-il-turismo\\\/\",\"name\":\"Corona-virus. Massaro propone all'Anci il rinvio delle scadenze fiscali: \u00abL'allarmismo mette in ginocchio il turismo\u00bb - Bellunopress - Dolomiti\",\"isPartOf\":{\"@id\":\"https:\\\/\\\/www.bellunopress.it\\\/#website\"},\"primaryImageOfPage\":{\"@id\":\"https:\\\/\\\/www.bellunopress.it\\\/2020\\\/02\\\/26\\\/corona-virus-massaro-propone-allanci-il-rinvio-delle-scadenze-fiscali-lallarmismo-mette-in-ginocchio-il-turismo\\\/#primaryimage\"},\"image\":{\"@id\":\"https:\\\/\\\/www.bellunopress.it\\\/2020\\\/02\\\/26\\\/corona-virus-massaro-propone-allanci-il-rinvio-delle-scadenze-fiscali-lallarmismo-mette-in-ginocchio-il-turismo\\\/#primaryimage\"},\"thumbnailUrl\":\"https:\\\/\\\/www.bellunopress.it\\\/wp-content\\\/uploads\\\/2017\\\/07\\\/Insediamento-Massaro-5.jpg\",\"datePublished\":\"2020-02-26T12:38:15+00:00\",\"breadcrumb\":{\"@id\":\"https:\\\/\\\/www.bellunopress.it\\\/2020\\\/02\\\/26\\\/corona-virus-massaro-propone-allanci-il-rinvio-delle-scadenze-fiscali-lallarmismo-mette-in-ginocchio-il-turismo\\\/#breadcrumb\"},\"inLanguage\":\"fr-FR\",\"potentialAction\":[{\"@type\":\"ReadAction\",\"target\":[\"https:\\\/\\\/www.bellunopress.it\\\/2020\\\/02\\\/26\\\/corona-virus-massaro-propone-allanci-il-rinvio-delle-scadenze-fiscali-lallarmismo-mette-in-ginocchio-il-turismo\\\/\"]}]},{\"@type\":\"ImageObject\",\"inLanguage\":\"fr-FR\",\"@id\":\"https:\\\/\\\/www.bellunopress.it\\\/2020\\\/02\\\/26\\\/corona-virus-massaro-propone-allanci-il-rinvio-delle-scadenze-fiscali-lallarmismo-mette-in-ginocchio-il-turismo\\\/#primaryimage\",\"url\":\"https:\\\/\\\/www.bellunopress.it\\\/wp-content\\\/uploads\\\/2017\\\/07\\\/Insediamento-Massaro-5.jpg\",\"contentUrl\":\"https:\\\/\\\/www.bellunopress.it\\\/wp-content\\\/uploads\\\/2017\\\/07\\\/Insediamento-Massaro-5.jpg\",\"width\":300,\"height\":282,\"caption\":\"Jacopo Massaro\"},{\"@type\":\"BreadcrumbList\",\"@id\":\"https:\\\/\\\/www.bellunopress.it\\\/2020\\\/02\\\/26\\\/corona-virus-massaro-propone-allanci-il-rinvio-delle-scadenze-fiscali-lallarmismo-mette-in-ginocchio-il-turismo\\\/#breadcrumb\",\"itemListElement\":[{\"@type\":\"ListItem\",\"position\":1,\"name\":\"Home\",\"item\":\"https:\\\/\\\/www.bellunopress.it\\\/\"},{\"@type\":\"ListItem\",\"position\":2,\"name\":\"Corona-virus. Massaro propone all&#8217;Anci il rinvio delle scadenze fiscali: \u00abL&#8217;allarmismo mette in ginocchio il turismo\u00bb\"}]},{\"@type\":\"WebSite\",\"@id\":\"https:\\\/\\\/www.bellunopress.it\\\/#website\",\"url\":\"https:\\\/\\\/www.bellunopress.it\\\/\",\"name\":\"Bellunopress - Dolomiti\",\"description\":\"e-mail: redazione@bellunopress.it\",\"publisher\":{\"@id\":\"https:\\\/\\\/www.bellunopress.it\\\/#organization\"},\"potentialAction\":[{\"@type\":\"SearchAction\",\"target\":{\"@type\":\"EntryPoint\",\"urlTemplate\":\"https:\\\/\\\/www.bellunopress.it\\\/?s={search_term_string}\"},\"query-input\":{\"@type\":\"PropertyValueSpecification\",\"valueRequired\":true,\"valueName\":\"search_term_string\"}}],\"inLanguage\":\"fr-FR\"},{\"@type\":\"Organization\",\"@id\":\"https:\\\/\\\/www.bellunopress.it\\\/#organization\",\"name\":\"Bellunopress\",\"url\":\"https:\\\/\\\/www.bellunopress.it\\\/\",\"logo\":{\"@type\":\"ImageObject\",\"inLanguage\":\"fr-FR\",\"@id\":\"https:\\\/\\\/www.bellunopress.it\\\/#\\\/schema\\\/logo\\\/image\\\/\",\"url\":\"https:\\\/\\\/www.bellunopress.it\\\/wp-content\\\/uploads\\\/2011\\\/05\\\/cropped-logo-bellunopress-.jpg\",\"contentUrl\":\"https:\\\/\\\/www.bellunopress.it\\\/wp-content\\\/uploads\\\/2011\\\/05\\\/cropped-logo-bellunopress-.jpg\",\"width\":512,\"height\":512,\"caption\":\"Bellunopress\"},\"image\":{\"@id\":\"https:\\\/\\\/www.bellunopress.it\\\/#\\\/schema\\\/logo\\\/image\\\/\"},\"sameAs\":[\"https:\\\/\\\/www.facebook.com\\\/profile.php?id=100008943462799\",\"https:\\\/\\\/x.com\\\/bellunopress\",\"https:\\\/\\\/www.linkedin.com\\\/hp\\\/?dnr=JBzUWaJfMUw8vbXJJ2tVW5-I3jZKvC4wsoxE&amp;amp;amp;amp;amp;amp;trk=nav_responsive_tab_home\",\"https:\\\/\\\/www.youtube.com\\\/channel\\\/UCxL0wu1uN0_3_7hGG0306cw\"]},{\"@type\":\"Person\",\"@id\":\"https:\\\/\\\/www.bellunopress.it\\\/#\\\/schema\\\/person\\\/79bb06722b37ece1c03d3e94beb30d73\",\"name\":\"redazione\",\"image\":{\"@type\":\"ImageObject\",\"inLanguage\":\"fr-FR\",\"@id\":\"https:\\\/\\\/secure.gravatar.com\\\/avatar\\\/37d968a2e67a6fd04c169c4bdef102d0bc5d31b2546345219e348575eb80e9a0?s=96&d=mm&r=g\",\"url\":\"https:\\\/\\\/secure.gravatar.com\\\/avatar\\\/37d968a2e67a6fd04c169c4bdef102d0bc5d31b2546345219e348575eb80e9a0?s=96&d=mm&r=g\",\"contentUrl\":\"https:\\\/\\\/secure.gravatar.com\\\/avatar\\\/37d968a2e67a6fd04c169c4bdef102d0bc5d31b2546345219e348575eb80e9a0?s=96&d=mm&r=g\",\"caption\":\"redazione\"},\"sameAs\":[\"http:\\\/\\\/www.bellunopress.it\",\"https:\\\/\\\/x.com\\\/bellunopress\"],\"url\":\"https:\\\/\\\/www.bellunopress.it\\\/fr\\\/author\\\/redazione\\\/\"}]}<\/script>\n<!-- \/ Yoast SEO plugin. -->","yoast_head_json":{"title":"Corona-virus. Massaro propone all'Anci il rinvio delle scadenze fiscali: \u00abL'allarmismo mette in ginocchio il turismo\u00bb - Bellunopress - Dolomiti","robots":{"index":"index","follow":"follow","max-snippet":"max-snippet:-1","max-image-preview":"max-image-preview:large","max-video-preview":"max-video-preview:-1"},"canonical":"https:\/\/www.bellunopress.it\/fr\/2020\/02\/26\/corona-virus-massaro-propone-allanci-il-rinvio-delle-scadenze-fiscali-lallarmismo-mette-in-ginocchio-il-turismo\/","og_locale":"fr_FR","og_type":"article","og_title":"Corona-virus. Massaro propone all'Anci il rinvio delle scadenze fiscali: \u00abL'allarmismo mette in ginocchio il turismo\u00bb - Bellunopress - Dolomiti","og_description":"Belluno, 26 febbraio 2020\u00a0 &#8211;\u00a0 Non c&#8217;\u00e8 solo l&#8217;allerta sanitaria nei pensieri del sindaco di Belluno per quanto riguarda la diffusione del Coronavirus: il primo cittadino denuncia i rischi per l&#8217;economia e il turismo provinciale. \u00abHo gi\u00e0 interessato ANCI affinch\u00e9 proponga al Governo il rinvio delle prossime scadenze fiscali, la prima delle quali fissata gi\u00e0 [&hellip;]","og_url":"https:\/\/www.bellunopress.it\/fr\/2020\/02\/26\/corona-virus-massaro-propone-allanci-il-rinvio-delle-scadenze-fiscali-lallarmismo-mette-in-ginocchio-il-turismo\/","og_site_name":"Bellunopress - Dolomiti","article_publisher":"https:\/\/www.facebook.com\/profile.php?id=100008943462799","article_published_time":"2020-02-26T12:38:15+00:00","og_image":[{"width":300,"height":282,"url":"https:\/\/www.bellunopress.it\/wp-content\/uploads\/2017\/07\/Insediamento-Massaro-5.jpg","type":"image\/jpeg"}],"author":"redazione","twitter_card":"summary_large_image","twitter_creator":"@bellunopress","twitter_site":"@bellunopress","twitter_misc":{"\u00c9crit par":"redazione","Dur\u00e9e de lecture estim\u00e9e":"2 minutes"},"schema":{"@context":"https:\/\/schema.org","@graph":[{"@type":"Article","@id":"https:\/\/www.bellunopress.it\/2020\/02\/26\/corona-virus-massaro-propone-allanci-il-rinvio-delle-scadenze-fiscali-lallarmismo-mette-in-ginocchio-il-turismo\/#article","isPartOf":{"@id":"https:\/\/www.bellunopress.it\/2020\/02\/26\/corona-virus-massaro-propone-allanci-il-rinvio-delle-scadenze-fiscali-lallarmismo-mette-in-ginocchio-il-turismo\/"},"author":{"name":"redazione","@id":"https:\/\/www.bellunopress.it\/#\/schema\/person\/79bb06722b37ece1c03d3e94beb30d73"},"headline":"Corona-virus. Massaro propone all&#8217;Anci il rinvio delle scadenze fiscali: \u00abL&#8217;allarmismo mette in ginocchio il turismo\u00bb","datePublished":"2020-02-26T12:38:15+00:00","mainEntityOfPage":{"@id":"https:\/\/www.bellunopress.it\/2020\/02\/26\/corona-virus-massaro-propone-allanci-il-rinvio-delle-scadenze-fiscali-lallarmismo-mette-in-ginocchio-il-turismo\/"},"wordCount":347,"publisher":{"@id":"https:\/\/www.bellunopress.it\/#organization"},"image":{"@id":"https:\/\/www.bellunopress.it\/2020\/02\/26\/corona-virus-massaro-propone-allanci-il-rinvio-delle-scadenze-fiscali-lallarmismo-mette-in-ginocchio-il-turismo\/#primaryimage"},"thumbnailUrl":"https:\/\/www.bellunopress.it\/wp-content\/uploads\/2017\/07\/Insediamento-Massaro-5.jpg","articleSection":["Cronaca\/Politica","Prima Pagina"],"inLanguage":"fr-FR"},{"@type":"WebPage","@id":"https:\/\/www.bellunopress.it\/2020\/02\/26\/corona-virus-massaro-propone-allanci-il-rinvio-delle-scadenze-fiscali-lallarmismo-mette-in-ginocchio-il-turismo\/","url":"https:\/\/www.bellunopress.it\/2020\/02\/26\/corona-virus-massaro-propone-allanci-il-rinvio-delle-scadenze-fiscali-lallarmismo-mette-in-ginocchio-il-turismo\/","name":"Corona-virus. Massaro propone all'Anci il rinvio delle scadenze fiscali: \u00abL'allarmismo mette in ginocchio il turismo\u00bb - Bellunopress - Dolomiti","isPartOf":{"@id":"https:\/\/www.bellunopress.it\/#website"},"primaryImageOfPage":{"@id":"https:\/\/www.bellunopress.it\/2020\/02\/26\/corona-virus-massaro-propone-allanci-il-rinvio-delle-scadenze-fiscali-lallarmismo-mette-in-ginocchio-il-turismo\/#primaryimage"},"image":{"@id":"https:\/\/www.bellunopress.it\/2020\/02\/26\/corona-virus-massaro-propone-allanci-il-rinvio-delle-scadenze-fiscali-lallarmismo-mette-in-ginocchio-il-turismo\/#primaryimage"},"thumbnailUrl":"https:\/\/www.bellunopress.it\/wp-content\/uploads\/2017\/07\/Insediamento-Massaro-5.jpg","datePublished":"2020-02-26T12:38:15+00:00","breadcrumb":{"@id":"https:\/\/www.bellunopress.it\/2020\/02\/26\/corona-virus-massaro-propone-allanci-il-rinvio-delle-scadenze-fiscali-lallarmismo-mette-in-ginocchio-il-turismo\/#breadcrumb"},"inLanguage":"fr-FR","potentialAction":[{"@type":"ReadAction","target":["https:\/\/www.bellunopress.it\/2020\/02\/26\/corona-virus-massaro-propone-allanci-il-rinvio-delle-scadenze-fiscali-lallarmismo-mette-in-ginocchio-il-turismo\/"]}]},{"@type":"ImageObject","inLanguage":"fr-FR","@id":"https:\/\/www.bellunopress.it\/2020\/02\/26\/corona-virus-massaro-propone-allanci-il-rinvio-delle-scadenze-fiscali-lallarmismo-mette-in-ginocchio-il-turismo\/#primaryimage","url":"https:\/\/www.bellunopress.it\/wp-content\/uploads\/2017\/07\/Insediamento-Massaro-5.jpg","contentUrl":"https:\/\/www.bellunopress.it\/wp-content\/uploads\/2017\/07\/Insediamento-Massaro-5.jpg","width":300,"height":282,"caption":"Jacopo Massaro"},{"@type":"BreadcrumbList","@id":"https:\/\/www.bellunopress.it\/2020\/02\/26\/corona-virus-massaro-propone-allanci-il-rinvio-delle-scadenze-fiscali-lallarmismo-mette-in-ginocchio-il-turismo\/#breadcrumb","itemListElement":[{"@type":"ListItem","position":1,"name":"Home","item":"https:\/\/www.bellunopress.it\/"},{"@type":"ListItem","position":2,"name":"Corona-virus. Massaro propone all&#8217;Anci il rinvio delle scadenze fiscali: \u00abL&#8217;allarmismo mette in ginocchio il turismo\u00bb"}]},{"@type":"WebSite","@id":"https:\/\/www.bellunopress.it\/#website","url":"https:\/\/www.bellunopress.it\/","name":"Bellunopress - Dolomiti","description":"e-mail: redazione@bellunopress.it","publisher":{"@id":"https:\/\/www.bellunopress.it\/#organization"},"potentialAction":[{"@type":"SearchAction","target":{"@type":"EntryPoint","urlTemplate":"https:\/\/www.bellunopress.it\/?s={search_term_string}"},"query-input":{"@type":"PropertyValueSpecification","valueRequired":true,"valueName":"search_term_string"}}],"inLanguage":"fr-FR"},{"@type":"Organization","@id":"https:\/\/www.bellunopress.it\/#organization","name":"Bellunopress","url":"https:\/\/www.bellunopress.it\/","logo":{"@type":"ImageObject","inLanguage":"fr-FR","@id":"https:\/\/www.bellunopress.it\/#\/schema\/logo\/image\/","url":"https:\/\/www.bellunopress.it\/wp-content\/uploads\/2011\/05\/cropped-logo-bellunopress-.jpg","contentUrl":"https:\/\/www.bellunopress.it\/wp-content\/uploads\/2011\/05\/cropped-logo-bellunopress-.jpg","width":512,"height":512,"caption":"Bellunopress"},"image":{"@id":"https:\/\/www.bellunopress.it\/#\/schema\/logo\/image\/"},"sameAs":["https:\/\/www.facebook.com\/profile.php?id=100008943462799","https:\/\/x.com\/bellunopress","https:\/\/www.linkedin.com\/hp\/?dnr=JBzUWaJfMUw8vbXJJ2tVW5-I3jZKvC4wsoxE&amp;amp;amp;amp;amp;amp;trk=nav_responsive_tab_home","https:\/\/www.youtube.com\/channel\/UCxL0wu1uN0_3_7hGG0306cw"]},{"@type":"Person","@id":"https:\/\/www.bellunopress.it\/#\/schema\/person\/79bb06722b37ece1c03d3e94beb30d73","name":"r\u00e9daction","image":{"@type":"ImageObject","inLanguage":"fr-FR","@id":"https:\/\/secure.gravatar.com\/avatar\/37d968a2e67a6fd04c169c4bdef102d0bc5d31b2546345219e348575eb80e9a0?s=96&d=mm&r=g","url":"https:\/\/secure.gravatar.com\/avatar\/37d968a2e67a6fd04c169c4bdef102d0bc5d31b2546345219e348575eb80e9a0?s=96&d=mm&r=g","contentUrl":"https:\/\/secure.gravatar.com\/avatar\/37d968a2e67a6fd04c169c4bdef102d0bc5d31b2546345219e348575eb80e9a0?s=96&d=mm&r=g","caption":"redazione"},"sameAs":["http:\/\/www.bellunopress.it","https:\/\/x.com\/bellunopress"],"url":"https:\/\/www.bellunopress.it\/fr\/author\/redazione\/"}]}},"_links":{"self":[{"href":"https:\/\/www.bellunopress.it\/fr\/wp-json\/wp\/v2\/posts\/112441","targetHints":{"allow":["GET"]}}],"collection":[{"href":"https:\/\/www.bellunopress.it\/fr\/wp-json\/wp\/v2\/posts"}],"about":[{"href":"https:\/\/www.bellunopress.it\/fr\/wp-json\/wp\/v2\/types\/post"}],"author":[{"embeddable":true,"href":"https:\/\/www.bellunopress.it\/fr\/wp-json\/wp\/v2\/users\/2"}],"replies":[{"embeddable":true,"href":"https:\/\/www.bellunopress.it\/fr\/wp-json\/wp\/v2\/comments?post=112441"}],"version-history":[{"count":1,"href":"https:\/\/www.bellunopress.it\/fr\/wp-json\/wp\/v2\/posts\/112441\/revisions"}],"predecessor-version":[{"id":112442,"href":"https:\/\/www.bellunopress.it\/fr\/wp-json\/wp\/v2\/posts\/112441\/revisions\/112442"}],"wp:featuredmedia":[{"embeddable":true,"href":"https:\/\/www.bellunopress.it\/fr\/wp-json\/wp\/v2\/media\/87543"}],"wp:attachment":[{"href":"https:\/\/www.bellunopress.it\/fr\/wp-json\/wp\/v2\/media?parent=112441"}],"wp:term":[{"taxonomy":"category","embeddable":true,"href":"https:\/\/www.bellunopress.it\/fr\/wp-json\/wp\/v2\/categories?post=112441"},{"taxonomy":"post_tag","embeddable":true,"href":"https:\/\/www.bellunopress.it\/fr\/wp-json\/wp\/v2\/tags?post=112441"}],"curies":[{"name":"wp","href":"https:\/\/api.w.org\/{rel}","templated":true}]}}