{"id":112437,"date":"2020-02-26T13:17:47","date_gmt":"2020-02-26T12:17:47","guid":{"rendered":"http:\/\/www.bellunopress.it\/?p=112437"},"modified":"2020-02-26T13:17:47","modified_gmt":"2020-02-26T12:17:47","slug":"coronavirus-215-assunzioni-immediate-nella-sanita-veneta-zaia-altre-forze-in-campo","status":"publish","type":"post","link":"https:\/\/www.bellunopress.it\/fr\/2020\/02\/26\/coronavirus-215-assunzioni-immediate-nella-sanita-veneta-zaia-altre-forze-in-campo\/","title":{"rendered":"Coronavirus. 215 assunzioni immediate nella sanit\u00e0 veneta. Zaia: &#8220;Altre forze in campo&#8221;"},"content":{"rendered":"<figure id=\"attachment_107382\" aria-describedby=\"caption-attachment-107382\" style=\"width: 241px\" class=\"wp-caption alignleft\"><a href=\"http:\/\/www.bellunopress.it\/fr\/2019\/08\/27\/edilizia-popolare-zaia-14mila-famiglie-in-stato-di-bisogno-attendono-casa\/luca-zaia-4\/\" rel=\"attachment wp-att-107382\"><img loading=\"lazy\" decoding=\"async\" class=\"size-thumbnail wp-image-107382\" src=\"http:\/\/www.bellunopress.it\/wp-content\/uploads\/2019\/08\/Luca-Zaia-241x300.jpg\" alt=\"\" width=\"241\" height=\"300\" \/><\/a><figcaption id=\"caption-attachment-107382\" class=\"wp-caption-text\">Luca Zaia &#8211; Presidente della Regione del Veneto<\/figcaption><\/figure>\n<p>Venezia, 26 febbraio 2020\u00a0 &#8211;\u00a0\u00a0Assunzione immediata a tempo indeterminato per 215 figure professionali della sanit\u00e0, per far fronte ai maggiori carichi di lavoro legati all\u2019emergenza coronavirus.<\/p>\n<p>Lo ha deciso il presidente della Regione del Veneto Luca Zaia, utilizzando i poteri derivatigli dall\u2019essere soggetto attuatore per l\u2019emergenza coronavirus in Veneto, e attingendo con procedura d\u2019urgenza ai candidati risultati idonei nelle graduatorie dei concorsi gi\u00e0 effettuati da Azienda Zero.<\/p>\n<p>Si tratta di 100 infermieri professionali; 80 operatori sociosanitari; 20 assistenti sanitari, 10 tecnici; e 5 autisti, che vengono distribuiti alle diverse Ullss sulla base delle esigenze emerse.<\/p>\n<p>\u201cAnche su questo fronte siamo sul pezzo \u2013 commenta il governatore del Veneto \u2013 e rafforziamo l\u2019organico, che pur negli ultimi anni \u00e8 continuamente aumentato, per mettere altre forze in campo e aiutare chi \u00e8 gi\u00e0 all\u2019opera, creando comunque nuove disponibilit\u00e0 anche in via precauzionale. L\u2019assunzione \u00e8 a tempo indeterminato \u2013 conclude \u2013 per cui queste 215 figure rimarranno in servizio, dove sar\u00e0 pi\u00f9 utile, anche dopo la fine dell\u2019emergenza\u201d.<\/p>","protected":false},"excerpt":{"rendered":"<p>Venezia, 26 febbraio 2020\u00a0 &#8211;\u00a0\u00a0Assunzione immediata a tempo indeterminato per 215 figure professionali della sanit\u00e0, per far fronte ai maggiori carichi di lavoro legati all\u2019emergenza coronavirus. Lo ha deciso il presidente della Regione del Veneto Luca Zaia, utilizzando i poteri derivatigli dall\u2019essere soggetto attuatore per l\u2019emergenza coronavirus in Veneto, e attingendo con procedura d\u2019urgenza ai [&hellip;]<\/p>\n","protected":false},"author":2,"featured_media":107382,"comment_status":"closed","ping_status":"open","sticky":false,"template":"","format":"standard","meta":{"footnotes":""},"categories":[5,26,17],"tags":[],"class_list":["post-112437","post","type-post","status-publish","format-standard","has-post-thumbnail","category-cronaca","category-prima-pagina","category-sanita"],"yoast_head":"<!-- This site is optimized with the Yoast SEO plugin v28.4 - https:\/\/yoast.com\/product\/yoast-seo-wordpress\/ -->\n<title>Coronavirus. 215 assunzioni immediate nella sanit\u00e0 veneta. Zaia: &quot;Altre forze in campo&quot; - Bellunopress - Dolomiti<\/title>\n<meta name=\"robots\" content=\"index, follow, max-snippet:-1, max-image-preview:large, max-video-preview:-1\" \/>\n<link rel=\"canonical\" href=\"https:\/\/www.bellunopress.it\/fr\/2020\/02\/26\/coronavirus-215-assunzioni-immediate-nella-sanita-veneta-zaia-altre-forze-in-campo\/\" \/>\n<meta property=\"og:locale\" content=\"fr_FR\" \/>\n<meta property=\"og:type\" content=\"article\" \/>\n<meta property=\"og:title\" content=\"Coronavirus. 215 assunzioni immediate nella sanit\u00e0 veneta. Zaia: &quot;Altre forze in campo&quot; - Bellunopress - Dolomiti\" \/>\n<meta property=\"og:description\" content=\"Venezia, 26 febbraio 2020\u00a0 &#8211;\u00a0\u00a0Assunzione immediata a tempo indeterminato per 215 figure professionali della sanit\u00e0, per far fronte ai maggiori carichi di lavoro legati all\u2019emergenza coronavirus. Lo ha deciso il presidente della Regione del Veneto Luca Zaia, utilizzando i poteri derivatigli dall\u2019essere soggetto attuatore per l\u2019emergenza coronavirus in Veneto, e attingendo con procedura d\u2019urgenza ai [&hellip;]\" \/>\n<meta property=\"og:url\" content=\"https:\/\/www.bellunopress.it\/fr\/2020\/02\/26\/coronavirus-215-assunzioni-immediate-nella-sanita-veneta-zaia-altre-forze-in-campo\/\" \/>\n<meta property=\"og:site_name\" content=\"Bellunopress - Dolomiti\" \/>\n<meta property=\"article:publisher\" content=\"https:\/\/www.facebook.com\/profile.php?id=100008943462799\" \/>\n<meta property=\"article:published_time\" content=\"2020-02-26T12:17:47+00:00\" \/>\n<meta property=\"og:image\" content=\"https:\/\/www.bellunopress.it\/wp-content\/uploads\/2019\/08\/Luca-Zaia.jpg\" \/>\n\t<meta property=\"og:image:width\" content=\"241\" \/>\n\t<meta property=\"og:image:height\" content=\"300\" \/>\n\t<meta property=\"og:image:type\" content=\"image\/jpeg\" \/>\n<meta name=\"author\" content=\"redazione\" \/>\n<meta name=\"twitter:card\" content=\"summary_large_image\" \/>\n<meta name=\"twitter:creator\" content=\"@bellunopress\" \/>\n<meta name=\"twitter:site\" content=\"@bellunopress\" \/>\n<meta name=\"twitter:label1\" content=\"\u00c9crit par\" \/>\n\t<meta name=\"twitter:data1\" content=\"redazione\" \/>\n\t<meta name=\"twitter:label2\" content=\"Dur\u00e9e de lecture estim\u00e9e\" \/>\n\t<meta name=\"twitter:data2\" content=\"1 minute\" \/>\n<script type=\"application\/ld+json\" class=\"yoast-schema-graph\">{\"@context\":\"https:\\\/\\\/schema.org\",\"@graph\":[{\"@type\":\"Article\",\"@id\":\"https:\\\/\\\/www.bellunopress.it\\\/2020\\\/02\\\/26\\\/coronavirus-215-assunzioni-immediate-nella-sanita-veneta-zaia-altre-forze-in-campo\\\/#article\",\"isPartOf\":{\"@id\":\"https:\\\/\\\/www.bellunopress.it\\\/2020\\\/02\\\/26\\\/coronavirus-215-assunzioni-immediate-nella-sanita-veneta-zaia-altre-forze-in-campo\\\/\"},\"author\":{\"name\":\"redazione\",\"@id\":\"https:\\\/\\\/www.bellunopress.it\\\/#\\\/schema\\\/person\\\/79bb06722b37ece1c03d3e94beb30d73\"},\"headline\":\"Coronavirus. 215 assunzioni immediate nella sanit\u00e0 veneta. Zaia: &#8220;Altre forze in campo&#8221;\",\"datePublished\":\"2020-02-26T12:17:47+00:00\",\"mainEntityOfPage\":{\"@id\":\"https:\\\/\\\/www.bellunopress.it\\\/2020\\\/02\\\/26\\\/coronavirus-215-assunzioni-immediate-nella-sanita-veneta-zaia-altre-forze-in-campo\\\/\"},\"wordCount\":184,\"publisher\":{\"@id\":\"https:\\\/\\\/www.bellunopress.it\\\/#organization\"},\"image\":{\"@id\":\"https:\\\/\\\/www.bellunopress.it\\\/2020\\\/02\\\/26\\\/coronavirus-215-assunzioni-immediate-nella-sanita-veneta-zaia-altre-forze-in-campo\\\/#primaryimage\"},\"thumbnailUrl\":\"https:\\\/\\\/www.bellunopress.it\\\/wp-content\\\/uploads\\\/2019\\\/08\\\/Luca-Zaia.jpg\",\"articleSection\":[\"Cronaca\\\/Politica\",\"Prima Pagina\",\"Sanit\u00e0 Medicina\"],\"inLanguage\":\"fr-FR\"},{\"@type\":\"WebPage\",\"@id\":\"https:\\\/\\\/www.bellunopress.it\\\/2020\\\/02\\\/26\\\/coronavirus-215-assunzioni-immediate-nella-sanita-veneta-zaia-altre-forze-in-campo\\\/\",\"url\":\"https:\\\/\\\/www.bellunopress.it\\\/2020\\\/02\\\/26\\\/coronavirus-215-assunzioni-immediate-nella-sanita-veneta-zaia-altre-forze-in-campo\\\/\",\"name\":\"Coronavirus. 215 assunzioni immediate nella sanit\u00e0 veneta. Zaia: \\\"Altre forze in campo\\\" - Bellunopress - Dolomiti\",\"isPartOf\":{\"@id\":\"https:\\\/\\\/www.bellunopress.it\\\/#website\"},\"primaryImageOfPage\":{\"@id\":\"https:\\\/\\\/www.bellunopress.it\\\/2020\\\/02\\\/26\\\/coronavirus-215-assunzioni-immediate-nella-sanita-veneta-zaia-altre-forze-in-campo\\\/#primaryimage\"},\"image\":{\"@id\":\"https:\\\/\\\/www.bellunopress.it\\\/2020\\\/02\\\/26\\\/coronavirus-215-assunzioni-immediate-nella-sanita-veneta-zaia-altre-forze-in-campo\\\/#primaryimage\"},\"thumbnailUrl\":\"https:\\\/\\\/www.bellunopress.it\\\/wp-content\\\/uploads\\\/2019\\\/08\\\/Luca-Zaia.jpg\",\"datePublished\":\"2020-02-26T12:17:47+00:00\",\"breadcrumb\":{\"@id\":\"https:\\\/\\\/www.bellunopress.it\\\/2020\\\/02\\\/26\\\/coronavirus-215-assunzioni-immediate-nella-sanita-veneta-zaia-altre-forze-in-campo\\\/#breadcrumb\"},\"inLanguage\":\"fr-FR\",\"potentialAction\":[{\"@type\":\"ReadAction\",\"target\":[\"https:\\\/\\\/www.bellunopress.it\\\/2020\\\/02\\\/26\\\/coronavirus-215-assunzioni-immediate-nella-sanita-veneta-zaia-altre-forze-in-campo\\\/\"]}]},{\"@type\":\"ImageObject\",\"inLanguage\":\"fr-FR\",\"@id\":\"https:\\\/\\\/www.bellunopress.it\\\/2020\\\/02\\\/26\\\/coronavirus-215-assunzioni-immediate-nella-sanita-veneta-zaia-altre-forze-in-campo\\\/#primaryimage\",\"url\":\"https:\\\/\\\/www.bellunopress.it\\\/wp-content\\\/uploads\\\/2019\\\/08\\\/Luca-Zaia.jpg\",\"contentUrl\":\"https:\\\/\\\/www.bellunopress.it\\\/wp-content\\\/uploads\\\/2019\\\/08\\\/Luca-Zaia.jpg\",\"width\":241,\"height\":300,\"caption\":\"Luca Zaia, presidente della Regione del Veneto\"},{\"@type\":\"BreadcrumbList\",\"@id\":\"https:\\\/\\\/www.bellunopress.it\\\/2020\\\/02\\\/26\\\/coronavirus-215-assunzioni-immediate-nella-sanita-veneta-zaia-altre-forze-in-campo\\\/#breadcrumb\",\"itemListElement\":[{\"@type\":\"ListItem\",\"position\":1,\"name\":\"Home\",\"item\":\"https:\\\/\\\/www.bellunopress.it\\\/\"},{\"@type\":\"ListItem\",\"position\":2,\"name\":\"Coronavirus. 215 assunzioni immediate nella sanit\u00e0 veneta. Zaia: &#8220;Altre forze in campo&#8221;\"}]},{\"@type\":\"WebSite\",\"@id\":\"https:\\\/\\\/www.bellunopress.it\\\/#website\",\"url\":\"https:\\\/\\\/www.bellunopress.it\\\/\",\"name\":\"Bellunopress - Dolomiti\",\"description\":\"e-mail: redazione@bellunopress.it\",\"publisher\":{\"@id\":\"https:\\\/\\\/www.bellunopress.it\\\/#organization\"},\"potentialAction\":[{\"@type\":\"SearchAction\",\"target\":{\"@type\":\"EntryPoint\",\"urlTemplate\":\"https:\\\/\\\/www.bellunopress.it\\\/?s={search_term_string}\"},\"query-input\":{\"@type\":\"PropertyValueSpecification\",\"valueRequired\":true,\"valueName\":\"search_term_string\"}}],\"inLanguage\":\"fr-FR\"},{\"@type\":\"Organization\",\"@id\":\"https:\\\/\\\/www.bellunopress.it\\\/#organization\",\"name\":\"Bellunopress\",\"url\":\"https:\\\/\\\/www.bellunopress.it\\\/\",\"logo\":{\"@type\":\"ImageObject\",\"inLanguage\":\"fr-FR\",\"@id\":\"https:\\\/\\\/www.bellunopress.it\\\/#\\\/schema\\\/logo\\\/image\\\/\",\"url\":\"https:\\\/\\\/www.bellunopress.it\\\/wp-content\\\/uploads\\\/2011\\\/05\\\/cropped-logo-bellunopress-.jpg\",\"contentUrl\":\"https:\\\/\\\/www.bellunopress.it\\\/wp-content\\\/uploads\\\/2011\\\/05\\\/cropped-logo-bellunopress-.jpg\",\"width\":512,\"height\":512,\"caption\":\"Bellunopress\"},\"image\":{\"@id\":\"https:\\\/\\\/www.bellunopress.it\\\/#\\\/schema\\\/logo\\\/image\\\/\"},\"sameAs\":[\"https:\\\/\\\/www.facebook.com\\\/profile.php?id=100008943462799\",\"https:\\\/\\\/x.com\\\/bellunopress\",\"https:\\\/\\\/www.linkedin.com\\\/hp\\\/?dnr=JBzUWaJfMUw8vbXJJ2tVW5-I3jZKvC4wsoxE&amp;amp;amp;amp;amp;amp;trk=nav_responsive_tab_home\",\"https:\\\/\\\/www.youtube.com\\\/channel\\\/UCxL0wu1uN0_3_7hGG0306cw\"]},{\"@type\":\"Person\",\"@id\":\"https:\\\/\\\/www.bellunopress.it\\\/#\\\/schema\\\/person\\\/79bb06722b37ece1c03d3e94beb30d73\",\"name\":\"redazione\",\"image\":{\"@type\":\"ImageObject\",\"inLanguage\":\"fr-FR\",\"@id\":\"https:\\\/\\\/secure.gravatar.com\\\/avatar\\\/37d968a2e67a6fd04c169c4bdef102d0bc5d31b2546345219e348575eb80e9a0?s=96&d=mm&r=g\",\"url\":\"https:\\\/\\\/secure.gravatar.com\\\/avatar\\\/37d968a2e67a6fd04c169c4bdef102d0bc5d31b2546345219e348575eb80e9a0?s=96&d=mm&r=g\",\"contentUrl\":\"https:\\\/\\\/secure.gravatar.com\\\/avatar\\\/37d968a2e67a6fd04c169c4bdef102d0bc5d31b2546345219e348575eb80e9a0?s=96&d=mm&r=g\",\"caption\":\"redazione\"},\"sameAs\":[\"http:\\\/\\\/www.bellunopress.it\",\"https:\\\/\\\/x.com\\\/bellunopress\"],\"url\":\"https:\\\/\\\/www.bellunopress.it\\\/fr\\\/author\\\/redazione\\\/\"}]}<\/script>\n<!-- \/ Yoast SEO plugin. -->","yoast_head_json":{"title":"Coronavirus. 215 assunzioni immediate nella sanit\u00e0 veneta. Zaia: \"Altre forze in campo\" - Bellunopress - Dolomiti","robots":{"index":"index","follow":"follow","max-snippet":"max-snippet:-1","max-image-preview":"max-image-preview:large","max-video-preview":"max-video-preview:-1"},"canonical":"https:\/\/www.bellunopress.it\/fr\/2020\/02\/26\/coronavirus-215-assunzioni-immediate-nella-sanita-veneta-zaia-altre-forze-in-campo\/","og_locale":"fr_FR","og_type":"article","og_title":"Coronavirus. 215 assunzioni immediate nella sanit\u00e0 veneta. Zaia: \"Altre forze in campo\" - Bellunopress - Dolomiti","og_description":"Venezia, 26 febbraio 2020\u00a0 &#8211;\u00a0\u00a0Assunzione immediata a tempo indeterminato per 215 figure professionali della sanit\u00e0, per far fronte ai maggiori carichi di lavoro legati all\u2019emergenza coronavirus. Lo ha deciso il presidente della Regione del Veneto Luca Zaia, utilizzando i poteri derivatigli dall\u2019essere soggetto attuatore per l\u2019emergenza coronavirus in Veneto, e attingendo con procedura d\u2019urgenza ai [&hellip;]","og_url":"https:\/\/www.bellunopress.it\/fr\/2020\/02\/26\/coronavirus-215-assunzioni-immediate-nella-sanita-veneta-zaia-altre-forze-in-campo\/","og_site_name":"Bellunopress - Dolomiti","article_publisher":"https:\/\/www.facebook.com\/profile.php?id=100008943462799","article_published_time":"2020-02-26T12:17:47+00:00","og_image":[{"width":241,"height":300,"url":"https:\/\/www.bellunopress.it\/wp-content\/uploads\/2019\/08\/Luca-Zaia.jpg","type":"image\/jpeg"}],"author":"redazione","twitter_card":"summary_large_image","twitter_creator":"@bellunopress","twitter_site":"@bellunopress","twitter_misc":{"\u00c9crit par":"redazione","Dur\u00e9e de lecture estim\u00e9e":"1 minute"},"schema":{"@context":"https:\/\/schema.org","@graph":[{"@type":"Article","@id":"https:\/\/www.bellunopress.it\/2020\/02\/26\/coronavirus-215-assunzioni-immediate-nella-sanita-veneta-zaia-altre-forze-in-campo\/#article","isPartOf":{"@id":"https:\/\/www.bellunopress.it\/2020\/02\/26\/coronavirus-215-assunzioni-immediate-nella-sanita-veneta-zaia-altre-forze-in-campo\/"},"author":{"name":"redazione","@id":"https:\/\/www.bellunopress.it\/#\/schema\/person\/79bb06722b37ece1c03d3e94beb30d73"},"headline":"Coronavirus. 215 assunzioni immediate nella sanit\u00e0 veneta. Zaia: &#8220;Altre forze in campo&#8221;","datePublished":"2020-02-26T12:17:47+00:00","mainEntityOfPage":{"@id":"https:\/\/www.bellunopress.it\/2020\/02\/26\/coronavirus-215-assunzioni-immediate-nella-sanita-veneta-zaia-altre-forze-in-campo\/"},"wordCount":184,"publisher":{"@id":"https:\/\/www.bellunopress.it\/#organization"},"image":{"@id":"https:\/\/www.bellunopress.it\/2020\/02\/26\/coronavirus-215-assunzioni-immediate-nella-sanita-veneta-zaia-altre-forze-in-campo\/#primaryimage"},"thumbnailUrl":"https:\/\/www.bellunopress.it\/wp-content\/uploads\/2019\/08\/Luca-Zaia.jpg","articleSection":["Cronaca\/Politica","Prima Pagina","Sanit\u00e0 Medicina"],"inLanguage":"fr-FR"},{"@type":"WebPage","@id":"https:\/\/www.bellunopress.it\/2020\/02\/26\/coronavirus-215-assunzioni-immediate-nella-sanita-veneta-zaia-altre-forze-in-campo\/","url":"https:\/\/www.bellunopress.it\/2020\/02\/26\/coronavirus-215-assunzioni-immediate-nella-sanita-veneta-zaia-altre-forze-in-campo\/","name":"Coronavirus. 215 assunzioni immediate nella sanit\u00e0 veneta. Zaia: \"Altre forze in campo\" - Bellunopress - Dolomiti","isPartOf":{"@id":"https:\/\/www.bellunopress.it\/#website"},"primaryImageOfPage":{"@id":"https:\/\/www.bellunopress.it\/2020\/02\/26\/coronavirus-215-assunzioni-immediate-nella-sanita-veneta-zaia-altre-forze-in-campo\/#primaryimage"},"image":{"@id":"https:\/\/www.bellunopress.it\/2020\/02\/26\/coronavirus-215-assunzioni-immediate-nella-sanita-veneta-zaia-altre-forze-in-campo\/#primaryimage"},"thumbnailUrl":"https:\/\/www.bellunopress.it\/wp-content\/uploads\/2019\/08\/Luca-Zaia.jpg","datePublished":"2020-02-26T12:17:47+00:00","breadcrumb":{"@id":"https:\/\/www.bellunopress.it\/2020\/02\/26\/coronavirus-215-assunzioni-immediate-nella-sanita-veneta-zaia-altre-forze-in-campo\/#breadcrumb"},"inLanguage":"fr-FR","potentialAction":[{"@type":"ReadAction","target":["https:\/\/www.bellunopress.it\/2020\/02\/26\/coronavirus-215-assunzioni-immediate-nella-sanita-veneta-zaia-altre-forze-in-campo\/"]}]},{"@type":"ImageObject","inLanguage":"fr-FR","@id":"https:\/\/www.bellunopress.it\/2020\/02\/26\/coronavirus-215-assunzioni-immediate-nella-sanita-veneta-zaia-altre-forze-in-campo\/#primaryimage","url":"https:\/\/www.bellunopress.it\/wp-content\/uploads\/2019\/08\/Luca-Zaia.jpg","contentUrl":"https:\/\/www.bellunopress.it\/wp-content\/uploads\/2019\/08\/Luca-Zaia.jpg","width":241,"height":300,"caption":"Luca Zaia, presidente della Regione del Veneto"},{"@type":"BreadcrumbList","@id":"https:\/\/www.bellunopress.it\/2020\/02\/26\/coronavirus-215-assunzioni-immediate-nella-sanita-veneta-zaia-altre-forze-in-campo\/#breadcrumb","itemListElement":[{"@type":"ListItem","position":1,"name":"Home","item":"https:\/\/www.bellunopress.it\/"},{"@type":"ListItem","position":2,"name":"Coronavirus. 215 assunzioni immediate nella sanit\u00e0 veneta. Zaia: &#8220;Altre forze in campo&#8221;"}]},{"@type":"WebSite","@id":"https:\/\/www.bellunopress.it\/#website","url":"https:\/\/www.bellunopress.it\/","name":"Bellunopress - Dolomiti","description":"e-mail: redazione@bellunopress.it","publisher":{"@id":"https:\/\/www.bellunopress.it\/#organization"},"potentialAction":[{"@type":"SearchAction","target":{"@type":"EntryPoint","urlTemplate":"https:\/\/www.bellunopress.it\/?s={search_term_string}"},"query-input":{"@type":"PropertyValueSpecification","valueRequired":true,"valueName":"search_term_string"}}],"inLanguage":"fr-FR"},{"@type":"Organization","@id":"https:\/\/www.bellunopress.it\/#organization","name":"Bellunopress","url":"https:\/\/www.bellunopress.it\/","logo":{"@type":"ImageObject","inLanguage":"fr-FR","@id":"https:\/\/www.bellunopress.it\/#\/schema\/logo\/image\/","url":"https:\/\/www.bellunopress.it\/wp-content\/uploads\/2011\/05\/cropped-logo-bellunopress-.jpg","contentUrl":"https:\/\/www.bellunopress.it\/wp-content\/uploads\/2011\/05\/cropped-logo-bellunopress-.jpg","width":512,"height":512,"caption":"Bellunopress"},"image":{"@id":"https:\/\/www.bellunopress.it\/#\/schema\/logo\/image\/"},"sameAs":["https:\/\/www.facebook.com\/profile.php?id=100008943462799","https:\/\/x.com\/bellunopress","https:\/\/www.linkedin.com\/hp\/?dnr=JBzUWaJfMUw8vbXJJ2tVW5-I3jZKvC4wsoxE&amp;amp;amp;amp;amp;amp;trk=nav_responsive_tab_home","https:\/\/www.youtube.com\/channel\/UCxL0wu1uN0_3_7hGG0306cw"]},{"@type":"Person","@id":"https:\/\/www.bellunopress.it\/#\/schema\/person\/79bb06722b37ece1c03d3e94beb30d73","name":"r\u00e9daction","image":{"@type":"ImageObject","inLanguage":"fr-FR","@id":"https:\/\/secure.gravatar.com\/avatar\/37d968a2e67a6fd04c169c4bdef102d0bc5d31b2546345219e348575eb80e9a0?s=96&d=mm&r=g","url":"https:\/\/secure.gravatar.com\/avatar\/37d968a2e67a6fd04c169c4bdef102d0bc5d31b2546345219e348575eb80e9a0?s=96&d=mm&r=g","contentUrl":"https:\/\/secure.gravatar.com\/avatar\/37d968a2e67a6fd04c169c4bdef102d0bc5d31b2546345219e348575eb80e9a0?s=96&d=mm&r=g","caption":"redazione"},"sameAs":["http:\/\/www.bellunopress.it","https:\/\/x.com\/bellunopress"],"url":"https:\/\/www.bellunopress.it\/fr\/author\/redazione\/"}]}},"_links":{"self":[{"href":"https:\/\/www.bellunopress.it\/fr\/wp-json\/wp\/v2\/posts\/112437","targetHints":{"allow":["GET"]}}],"collection":[{"href":"https:\/\/www.bellunopress.it\/fr\/wp-json\/wp\/v2\/posts"}],"about":[{"href":"https:\/\/www.bellunopress.it\/fr\/wp-json\/wp\/v2\/types\/post"}],"author":[{"embeddable":true,"href":"https:\/\/www.bellunopress.it\/fr\/wp-json\/wp\/v2\/users\/2"}],"replies":[{"embeddable":true,"href":"https:\/\/www.bellunopress.it\/fr\/wp-json\/wp\/v2\/comments?post=112437"}],"version-history":[{"count":1,"href":"https:\/\/www.bellunopress.it\/fr\/wp-json\/wp\/v2\/posts\/112437\/revisions"}],"predecessor-version":[{"id":112438,"href":"https:\/\/www.bellunopress.it\/fr\/wp-json\/wp\/v2\/posts\/112437\/revisions\/112438"}],"wp:featuredmedia":[{"embeddable":true,"href":"https:\/\/www.bellunopress.it\/fr\/wp-json\/wp\/v2\/media\/107382"}],"wp:attachment":[{"href":"https:\/\/www.bellunopress.it\/fr\/wp-json\/wp\/v2\/media?parent=112437"}],"wp:term":[{"taxonomy":"category","embeddable":true,"href":"https:\/\/www.bellunopress.it\/fr\/wp-json\/wp\/v2\/categories?post=112437"},{"taxonomy":"post_tag","embeddable":true,"href":"https:\/\/www.bellunopress.it\/fr\/wp-json\/wp\/v2\/tags?post=112437"}],"curies":[{"name":"wp","href":"https:\/\/api.w.org\/{rel}","templated":true}]}}