{"id":11242,"date":"2010-01-05T18:29:41","date_gmt":"2010-01-05T17:29:41","guid":{"rendered":"http:\/\/www.bellunopress.it\/?p=11242"},"modified":"2010-01-05T18:29:41","modified_gmt":"2010-01-05T17:29:41","slug":"50mila-euro-dalla-regione-per-la-promozione-della-pecora-alpagota","status":"publish","type":"post","link":"https:\/\/www.bellunopress.it\/fr\/2010\/01\/05\/50mila-euro-dalla-regione-per-la-promozione-della-pecora-alpagota\/","title":{"rendered":"50mila euro dalla Regione per la promozione della pecora alpagota"},"content":{"rendered":"<p>La Giunta provinciale ha approvato lo stanziamento dei fondi relativi alla promozione della pecora dell\u2019Alpago. Il piano, realizzato con il contributo del Ministero alle Politiche Agricole, prevede un impegno di spesa di circa sessantottomila euro. Il progetto di promozione prevede il coinvolgimento, oltre che di Palazzo Piloni, anche degli allevatori, dei ristoratori e delle aziende agricole locali, della Fardima Societ\u00e0 Agricola Cooperativa e del Consorzio per la Tutela dei Vini del Piave. <a href=\"http:\/\/www.bellunopress.it\/wp-content\/uploads\/2009\/09\/pecore.jpg\"><img loading=\"lazy\" decoding=\"async\" class=\"alignleft size-medium wp-image-7694\" title=\"pecore\" src=\"http:\/\/www.bellunopress.it\/wp-content\/uploads\/2009\/09\/pecore.jpg\" alt=\"\" width=\"280\" height=\"187\" \/><\/a>\u00abGli attori chiamati a partecipare alla strategia vanno dal settore della carne a quello vinicolo, non solo della zona: si tratta di un lavoro in linea con la sinergia prevista da quel protocollo d\u2019intesa firmato con le Province di Treviso e Venezia, seguendo la linea del Piave &#8211; ha detto il presidente Gianpaolo Bottacin &#8211; . L\u2019ampio coinvolgimento delle realt\u00e0 attive sul nostro territorio comincer\u00e0 presto a dare i suoi frutti, sia nel campo eno-gastronomico, sia in altri settori strategicamente importanti per lo sviluppo del bellunese\u00bb. Il Ministero delle Politiche Agricole contribuir\u00e0 con cinquantamila euro, mentre il restante verr\u00e0 speso dall\u2019ente bellunese: \u00abSi tratta di una operazione che mira a far conoscere a coloro che visitano le nostre terre la qualit\u00e0 dei prodotti locali, in questo caso di uno di nicchia &#8211; ha spiegato l\u2019assessore al Turismo e all\u2019Agricoltura della Provincia di Belluno, Matteo Toscani &#8211; . La pecora dell\u2019Alpago \u00e8 gi\u00e0 un marchio noto che ricorda qualit\u00e0. Da ora potremo promuoverla ulteriormente, dando un valore aggiunto per gli allevatori alpagoti che ringraziamo anche per l\u2019ottima manutenzione del territori\u00bb.<\/p>","protected":false},"excerpt":{"rendered":"<p>La Giunta provinciale ha approvato lo stanziamento dei fondi relativi alla promozione della pecora dell\u2019Alpago. Il piano, realizzato con il contributo del Ministero alle Politiche Agricole, prevede un impegno di spesa di circa sessantottomila euro. Il progetto di promozione prevede il coinvolgimento, oltre che di Palazzo Piloni, anche degli allevatori, dei ristoratori e delle aziende [&hellip;]<\/p>\n","protected":false},"author":2,"featured_media":0,"comment_status":"closed","ping_status":"open","sticky":false,"template":"","format":"standard","meta":{"footnotes":""},"categories":[5,26],"tags":[139],"class_list":["post-11242","post","type-post","status-publish","format-standard","category-cronaca","category-prima-pagina","tag-belluno"],"yoast_head":"<!-- This site is optimized with the Yoast SEO plugin v28.4 - https:\/\/yoast.com\/product\/yoast-seo-wordpress\/ -->\n<title>50mila euro dalla Regione per la promozione della pecora alpagota - Bellunopress - Dolomiti<\/title>\n<meta name=\"robots\" content=\"index, follow, max-snippet:-1, max-image-preview:large, max-video-preview:-1\" \/>\n<link rel=\"canonical\" href=\"https:\/\/www.bellunopress.it\/fr\/2010\/01\/05\/50mila-euro-dalla-regione-per-la-promozione-della-pecora-alpagota\/\" \/>\n<meta property=\"og:locale\" content=\"fr_FR\" \/>\n<meta property=\"og:type\" content=\"article\" \/>\n<meta property=\"og:title\" content=\"50mila euro dalla Regione per la promozione della pecora alpagota - Bellunopress - Dolomiti\" \/>\n<meta property=\"og:description\" content=\"La Giunta provinciale ha approvato lo stanziamento dei fondi relativi alla promozione della pecora dell\u2019Alpago. Il piano, realizzato con il contributo del Ministero alle Politiche Agricole, prevede un impegno di spesa di circa sessantottomila euro. Il progetto di promozione prevede il coinvolgimento, oltre che di Palazzo Piloni, anche degli allevatori, dei ristoratori e delle aziende [&hellip;]\" \/>\n<meta property=\"og:url\" content=\"https:\/\/www.bellunopress.it\/fr\/2010\/01\/05\/50mila-euro-dalla-regione-per-la-promozione-della-pecora-alpagota\/\" \/>\n<meta property=\"og:site_name\" content=\"Bellunopress - Dolomiti\" \/>\n<meta property=\"article:publisher\" content=\"https:\/\/www.facebook.com\/profile.php?id=100008943462799\" \/>\n<meta property=\"article:published_time\" content=\"2010-01-05T17:29:41+00:00\" \/>\n<meta property=\"og:image\" content=\"http:\/\/www.bellunopress.it\/wp-content\/uploads\/2009\/09\/pecore.jpg\" \/>\n<meta name=\"author\" content=\"redazione\" \/>\n<meta name=\"twitter:card\" content=\"summary_large_image\" \/>\n<meta name=\"twitter:creator\" content=\"@bellunopress\" \/>\n<meta name=\"twitter:site\" content=\"@bellunopress\" \/>\n<meta name=\"twitter:label1\" content=\"\u00c9crit par\" \/>\n\t<meta name=\"twitter:data1\" content=\"redazione\" \/>\n\t<meta name=\"twitter:label2\" content=\"Dur\u00e9e de lecture estim\u00e9e\" \/>\n\t<meta name=\"twitter:data2\" content=\"1 minute\" \/>\n<script type=\"application\/ld+json\" class=\"yoast-schema-graph\">{\"@context\":\"https:\\\/\\\/schema.org\",\"@graph\":[{\"@type\":\"Article\",\"@id\":\"https:\\\/\\\/www.bellunopress.it\\\/2010\\\/01\\\/05\\\/50mila-euro-dalla-regione-per-la-promozione-della-pecora-alpagota\\\/#article\",\"isPartOf\":{\"@id\":\"https:\\\/\\\/www.bellunopress.it\\\/2010\\\/01\\\/05\\\/50mila-euro-dalla-regione-per-la-promozione-della-pecora-alpagota\\\/\"},\"author\":{\"name\":\"redazione\",\"@id\":\"https:\\\/\\\/www.bellunopress.it\\\/#\\\/schema\\\/person\\\/79bb06722b37ece1c03d3e94beb30d73\"},\"headline\":\"50mila euro dalla Regione per la promozione della pecora alpagota\",\"datePublished\":\"2010-01-05T17:29:41+00:00\",\"mainEntityOfPage\":{\"@id\":\"https:\\\/\\\/www.bellunopress.it\\\/2010\\\/01\\\/05\\\/50mila-euro-dalla-regione-per-la-promozione-della-pecora-alpagota\\\/\"},\"wordCount\":266,\"publisher\":{\"@id\":\"https:\\\/\\\/www.bellunopress.it\\\/#organization\"},\"image\":{\"@id\":\"https:\\\/\\\/www.bellunopress.it\\\/2010\\\/01\\\/05\\\/50mila-euro-dalla-regione-per-la-promozione-della-pecora-alpagota\\\/#primaryimage\"},\"thumbnailUrl\":\"http:\\\/\\\/www.bellunopress.it\\\/wp-content\\\/uploads\\\/2009\\\/09\\\/pecore.jpg\",\"keywords\":[\"Belluno\"],\"articleSection\":[\"Cronaca\\\/Politica\",\"Prima Pagina\"],\"inLanguage\":\"fr-FR\"},{\"@type\":\"WebPage\",\"@id\":\"https:\\\/\\\/www.bellunopress.it\\\/2010\\\/01\\\/05\\\/50mila-euro-dalla-regione-per-la-promozione-della-pecora-alpagota\\\/\",\"url\":\"https:\\\/\\\/www.bellunopress.it\\\/2010\\\/01\\\/05\\\/50mila-euro-dalla-regione-per-la-promozione-della-pecora-alpagota\\\/\",\"name\":\"50mila euro dalla Regione per la promozione della pecora alpagota - Bellunopress - Dolomiti\",\"isPartOf\":{\"@id\":\"https:\\\/\\\/www.bellunopress.it\\\/#website\"},\"primaryImageOfPage\":{\"@id\":\"https:\\\/\\\/www.bellunopress.it\\\/2010\\\/01\\\/05\\\/50mila-euro-dalla-regione-per-la-promozione-della-pecora-alpagota\\\/#primaryimage\"},\"image\":{\"@id\":\"https:\\\/\\\/www.bellunopress.it\\\/2010\\\/01\\\/05\\\/50mila-euro-dalla-regione-per-la-promozione-della-pecora-alpagota\\\/#primaryimage\"},\"thumbnailUrl\":\"http:\\\/\\\/www.bellunopress.it\\\/wp-content\\\/uploads\\\/2009\\\/09\\\/pecore.jpg\",\"datePublished\":\"2010-01-05T17:29:41+00:00\",\"breadcrumb\":{\"@id\":\"https:\\\/\\\/www.bellunopress.it\\\/2010\\\/01\\\/05\\\/50mila-euro-dalla-regione-per-la-promozione-della-pecora-alpagota\\\/#breadcrumb\"},\"inLanguage\":\"fr-FR\",\"potentialAction\":[{\"@type\":\"ReadAction\",\"target\":[\"https:\\\/\\\/www.bellunopress.it\\\/2010\\\/01\\\/05\\\/50mila-euro-dalla-regione-per-la-promozione-della-pecora-alpagota\\\/\"]}]},{\"@type\":\"ImageObject\",\"inLanguage\":\"fr-FR\",\"@id\":\"https:\\\/\\\/www.bellunopress.it\\\/2010\\\/01\\\/05\\\/50mila-euro-dalla-regione-per-la-promozione-della-pecora-alpagota\\\/#primaryimage\",\"url\":\"http:\\\/\\\/www.bellunopress.it\\\/wp-content\\\/uploads\\\/2009\\\/09\\\/pecore.jpg\",\"contentUrl\":\"http:\\\/\\\/www.bellunopress.it\\\/wp-content\\\/uploads\\\/2009\\\/09\\\/pecore.jpg\"},{\"@type\":\"BreadcrumbList\",\"@id\":\"https:\\\/\\\/www.bellunopress.it\\\/2010\\\/01\\\/05\\\/50mila-euro-dalla-regione-per-la-promozione-della-pecora-alpagota\\\/#breadcrumb\",\"itemListElement\":[{\"@type\":\"ListItem\",\"position\":1,\"name\":\"Home\",\"item\":\"https:\\\/\\\/www.bellunopress.it\\\/\"},{\"@type\":\"ListItem\",\"position\":2,\"name\":\"50mila euro dalla Regione per la promozione della pecora alpagota\"}]},{\"@type\":\"WebSite\",\"@id\":\"https:\\\/\\\/www.bellunopress.it\\\/#website\",\"url\":\"https:\\\/\\\/www.bellunopress.it\\\/\",\"name\":\"Bellunopress - Dolomiti\",\"description\":\"e-mail: redazione@bellunopress.it\",\"publisher\":{\"@id\":\"https:\\\/\\\/www.bellunopress.it\\\/#organization\"},\"potentialAction\":[{\"@type\":\"SearchAction\",\"target\":{\"@type\":\"EntryPoint\",\"urlTemplate\":\"https:\\\/\\\/www.bellunopress.it\\\/?s={search_term_string}\"},\"query-input\":{\"@type\":\"PropertyValueSpecification\",\"valueRequired\":true,\"valueName\":\"search_term_string\"}}],\"inLanguage\":\"fr-FR\"},{\"@type\":\"Organization\",\"@id\":\"https:\\\/\\\/www.bellunopress.it\\\/#organization\",\"name\":\"Bellunopress\",\"url\":\"https:\\\/\\\/www.bellunopress.it\\\/\",\"logo\":{\"@type\":\"ImageObject\",\"inLanguage\":\"fr-FR\",\"@id\":\"https:\\\/\\\/www.bellunopress.it\\\/#\\\/schema\\\/logo\\\/image\\\/\",\"url\":\"https:\\\/\\\/www.bellunopress.it\\\/wp-content\\\/uploads\\\/2011\\\/05\\\/cropped-logo-bellunopress-.jpg\",\"contentUrl\":\"https:\\\/\\\/www.bellunopress.it\\\/wp-content\\\/uploads\\\/2011\\\/05\\\/cropped-logo-bellunopress-.jpg\",\"width\":512,\"height\":512,\"caption\":\"Bellunopress\"},\"image\":{\"@id\":\"https:\\\/\\\/www.bellunopress.it\\\/#\\\/schema\\\/logo\\\/image\\\/\"},\"sameAs\":[\"https:\\\/\\\/www.facebook.com\\\/profile.php?id=100008943462799\",\"https:\\\/\\\/x.com\\\/bellunopress\",\"https:\\\/\\\/www.linkedin.com\\\/hp\\\/?dnr=JBzUWaJfMUw8vbXJJ2tVW5-I3jZKvC4wsoxE&amp;amp;amp;amp;amp;amp;trk=nav_responsive_tab_home\",\"https:\\\/\\\/www.youtube.com\\\/channel\\\/UCxL0wu1uN0_3_7hGG0306cw\"]},{\"@type\":\"Person\",\"@id\":\"https:\\\/\\\/www.bellunopress.it\\\/#\\\/schema\\\/person\\\/79bb06722b37ece1c03d3e94beb30d73\",\"name\":\"redazione\",\"image\":{\"@type\":\"ImageObject\",\"inLanguage\":\"fr-FR\",\"@id\":\"https:\\\/\\\/secure.gravatar.com\\\/avatar\\\/37d968a2e67a6fd04c169c4bdef102d0bc5d31b2546345219e348575eb80e9a0?s=96&d=mm&r=g\",\"url\":\"https:\\\/\\\/secure.gravatar.com\\\/avatar\\\/37d968a2e67a6fd04c169c4bdef102d0bc5d31b2546345219e348575eb80e9a0?s=96&d=mm&r=g\",\"contentUrl\":\"https:\\\/\\\/secure.gravatar.com\\\/avatar\\\/37d968a2e67a6fd04c169c4bdef102d0bc5d31b2546345219e348575eb80e9a0?s=96&d=mm&r=g\",\"caption\":\"redazione\"},\"sameAs\":[\"http:\\\/\\\/www.bellunopress.it\",\"https:\\\/\\\/x.com\\\/bellunopress\"],\"url\":\"https:\\\/\\\/www.bellunopress.it\\\/fr\\\/author\\\/redazione\\\/\"}]}<\/script>\n<!-- \/ Yoast SEO plugin. -->","yoast_head_json":{"title":"50mila euro dalla Regione per la promozione della pecora alpagota - Bellunopress - Dolomiti","robots":{"index":"index","follow":"follow","max-snippet":"max-snippet:-1","max-image-preview":"max-image-preview:large","max-video-preview":"max-video-preview:-1"},"canonical":"https:\/\/www.bellunopress.it\/fr\/2010\/01\/05\/50mila-euro-dalla-regione-per-la-promozione-della-pecora-alpagota\/","og_locale":"fr_FR","og_type":"article","og_title":"50mila euro dalla Regione per la promozione della pecora alpagota - Bellunopress - Dolomiti","og_description":"La Giunta provinciale ha approvato lo stanziamento dei fondi relativi alla promozione della pecora dell\u2019Alpago. Il piano, realizzato con il contributo del Ministero alle Politiche Agricole, prevede un impegno di spesa di circa sessantottomila euro. Il progetto di promozione prevede il coinvolgimento, oltre che di Palazzo Piloni, anche degli allevatori, dei ristoratori e delle aziende [&hellip;]","og_url":"https:\/\/www.bellunopress.it\/fr\/2010\/01\/05\/50mila-euro-dalla-regione-per-la-promozione-della-pecora-alpagota\/","og_site_name":"Bellunopress - Dolomiti","article_publisher":"https:\/\/www.facebook.com\/profile.php?id=100008943462799","article_published_time":"2010-01-05T17:29:41+00:00","og_image":[{"url":"http:\/\/www.bellunopress.it\/wp-content\/uploads\/2009\/09\/pecore.jpg","type":"","width":"","height":""}],"author":"redazione","twitter_card":"summary_large_image","twitter_creator":"@bellunopress","twitter_site":"@bellunopress","twitter_misc":{"\u00c9crit par":"redazione","Dur\u00e9e de lecture estim\u00e9e":"1 minute"},"schema":{"@context":"https:\/\/schema.org","@graph":[{"@type":"Article","@id":"https:\/\/www.bellunopress.it\/2010\/01\/05\/50mila-euro-dalla-regione-per-la-promozione-della-pecora-alpagota\/#article","isPartOf":{"@id":"https:\/\/www.bellunopress.it\/2010\/01\/05\/50mila-euro-dalla-regione-per-la-promozione-della-pecora-alpagota\/"},"author":{"name":"redazione","@id":"https:\/\/www.bellunopress.it\/#\/schema\/person\/79bb06722b37ece1c03d3e94beb30d73"},"headline":"50mila euro dalla Regione per la promozione della pecora alpagota","datePublished":"2010-01-05T17:29:41+00:00","mainEntityOfPage":{"@id":"https:\/\/www.bellunopress.it\/2010\/01\/05\/50mila-euro-dalla-regione-per-la-promozione-della-pecora-alpagota\/"},"wordCount":266,"publisher":{"@id":"https:\/\/www.bellunopress.it\/#organization"},"image":{"@id":"https:\/\/www.bellunopress.it\/2010\/01\/05\/50mila-euro-dalla-regione-per-la-promozione-della-pecora-alpagota\/#primaryimage"},"thumbnailUrl":"http:\/\/www.bellunopress.it\/wp-content\/uploads\/2009\/09\/pecore.jpg","keywords":["Belluno"],"articleSection":["Cronaca\/Politica","Prima Pagina"],"inLanguage":"fr-FR"},{"@type":"WebPage","@id":"https:\/\/www.bellunopress.it\/2010\/01\/05\/50mila-euro-dalla-regione-per-la-promozione-della-pecora-alpagota\/","url":"https:\/\/www.bellunopress.it\/2010\/01\/05\/50mila-euro-dalla-regione-per-la-promozione-della-pecora-alpagota\/","name":"50mila euro dalla Regione per la promozione della pecora alpagota - Bellunopress - Dolomiti","isPartOf":{"@id":"https:\/\/www.bellunopress.it\/#website"},"primaryImageOfPage":{"@id":"https:\/\/www.bellunopress.it\/2010\/01\/05\/50mila-euro-dalla-regione-per-la-promozione-della-pecora-alpagota\/#primaryimage"},"image":{"@id":"https:\/\/www.bellunopress.it\/2010\/01\/05\/50mila-euro-dalla-regione-per-la-promozione-della-pecora-alpagota\/#primaryimage"},"thumbnailUrl":"http:\/\/www.bellunopress.it\/wp-content\/uploads\/2009\/09\/pecore.jpg","datePublished":"2010-01-05T17:29:41+00:00","breadcrumb":{"@id":"https:\/\/www.bellunopress.it\/2010\/01\/05\/50mila-euro-dalla-regione-per-la-promozione-della-pecora-alpagota\/#breadcrumb"},"inLanguage":"fr-FR","potentialAction":[{"@type":"ReadAction","target":["https:\/\/www.bellunopress.it\/2010\/01\/05\/50mila-euro-dalla-regione-per-la-promozione-della-pecora-alpagota\/"]}]},{"@type":"ImageObject","inLanguage":"fr-FR","@id":"https:\/\/www.bellunopress.it\/2010\/01\/05\/50mila-euro-dalla-regione-per-la-promozione-della-pecora-alpagota\/#primaryimage","url":"http:\/\/www.bellunopress.it\/wp-content\/uploads\/2009\/09\/pecore.jpg","contentUrl":"http:\/\/www.bellunopress.it\/wp-content\/uploads\/2009\/09\/pecore.jpg"},{"@type":"BreadcrumbList","@id":"https:\/\/www.bellunopress.it\/2010\/01\/05\/50mila-euro-dalla-regione-per-la-promozione-della-pecora-alpagota\/#breadcrumb","itemListElement":[{"@type":"ListItem","position":1,"name":"Home","item":"https:\/\/www.bellunopress.it\/"},{"@type":"ListItem","position":2,"name":"50mila euro dalla Regione per la promozione della pecora alpagota"}]},{"@type":"WebSite","@id":"https:\/\/www.bellunopress.it\/#website","url":"https:\/\/www.bellunopress.it\/","name":"Bellunopress - Dolomiti","description":"e-mail: redazione@bellunopress.it","publisher":{"@id":"https:\/\/www.bellunopress.it\/#organization"},"potentialAction":[{"@type":"SearchAction","target":{"@type":"EntryPoint","urlTemplate":"https:\/\/www.bellunopress.it\/?s={search_term_string}"},"query-input":{"@type":"PropertyValueSpecification","valueRequired":true,"valueName":"search_term_string"}}],"inLanguage":"fr-FR"},{"@type":"Organization","@id":"https:\/\/www.bellunopress.it\/#organization","name":"Bellunopress","url":"https:\/\/www.bellunopress.it\/","logo":{"@type":"ImageObject","inLanguage":"fr-FR","@id":"https:\/\/www.bellunopress.it\/#\/schema\/logo\/image\/","url":"https:\/\/www.bellunopress.it\/wp-content\/uploads\/2011\/05\/cropped-logo-bellunopress-.jpg","contentUrl":"https:\/\/www.bellunopress.it\/wp-content\/uploads\/2011\/05\/cropped-logo-bellunopress-.jpg","width":512,"height":512,"caption":"Bellunopress"},"image":{"@id":"https:\/\/www.bellunopress.it\/#\/schema\/logo\/image\/"},"sameAs":["https:\/\/www.facebook.com\/profile.php?id=100008943462799","https:\/\/x.com\/bellunopress","https:\/\/www.linkedin.com\/hp\/?dnr=JBzUWaJfMUw8vbXJJ2tVW5-I3jZKvC4wsoxE&amp;amp;amp;amp;amp;amp;trk=nav_responsive_tab_home","https:\/\/www.youtube.com\/channel\/UCxL0wu1uN0_3_7hGG0306cw"]},{"@type":"Person","@id":"https:\/\/www.bellunopress.it\/#\/schema\/person\/79bb06722b37ece1c03d3e94beb30d73","name":"r\u00e9daction","image":{"@type":"ImageObject","inLanguage":"fr-FR","@id":"https:\/\/secure.gravatar.com\/avatar\/37d968a2e67a6fd04c169c4bdef102d0bc5d31b2546345219e348575eb80e9a0?s=96&d=mm&r=g","url":"https:\/\/secure.gravatar.com\/avatar\/37d968a2e67a6fd04c169c4bdef102d0bc5d31b2546345219e348575eb80e9a0?s=96&d=mm&r=g","contentUrl":"https:\/\/secure.gravatar.com\/avatar\/37d968a2e67a6fd04c169c4bdef102d0bc5d31b2546345219e348575eb80e9a0?s=96&d=mm&r=g","caption":"redazione"},"sameAs":["http:\/\/www.bellunopress.it","https:\/\/x.com\/bellunopress"],"url":"https:\/\/www.bellunopress.it\/fr\/author\/redazione\/"}]}},"_links":{"self":[{"href":"https:\/\/www.bellunopress.it\/fr\/wp-json\/wp\/v2\/posts\/11242","targetHints":{"allow":["GET"]}}],"collection":[{"href":"https:\/\/www.bellunopress.it\/fr\/wp-json\/wp\/v2\/posts"}],"about":[{"href":"https:\/\/www.bellunopress.it\/fr\/wp-json\/wp\/v2\/types\/post"}],"author":[{"embeddable":true,"href":"https:\/\/www.bellunopress.it\/fr\/wp-json\/wp\/v2\/users\/2"}],"replies":[{"embeddable":true,"href":"https:\/\/www.bellunopress.it\/fr\/wp-json\/wp\/v2\/comments?post=11242"}],"version-history":[{"count":1,"href":"https:\/\/www.bellunopress.it\/fr\/wp-json\/wp\/v2\/posts\/11242\/revisions"}],"predecessor-version":[{"id":11244,"href":"https:\/\/www.bellunopress.it\/fr\/wp-json\/wp\/v2\/posts\/11242\/revisions\/11244"}],"wp:attachment":[{"href":"https:\/\/www.bellunopress.it\/fr\/wp-json\/wp\/v2\/media?parent=11242"}],"wp:term":[{"taxonomy":"category","embeddable":true,"href":"https:\/\/www.bellunopress.it\/fr\/wp-json\/wp\/v2\/categories?post=11242"},{"taxonomy":"post_tag","embeddable":true,"href":"https:\/\/www.bellunopress.it\/fr\/wp-json\/wp\/v2\/tags?post=11242"}],"curies":[{"name":"wp","href":"https:\/\/api.w.org\/{rel}","templated":true}]}}