{"id":112384,"date":"2020-02-25T21:12:44","date_gmt":"2020-02-25T20:12:44","guid":{"rendered":"http:\/\/www.bellunopress.it\/?p=112384"},"modified":"2020-02-26T11:03:24","modified_gmt":"2020-02-26T10:03:24","slug":"un-nuovo-progetto-di-sensibilizzazione-contro-lutilizzo-della-plastica","status":"publish","type":"post","link":"https:\/\/www.bellunopress.it\/fr\/2020\/02\/25\/un-nuovo-progetto-di-sensibilizzazione-contro-lutilizzo-della-plastica\/","title":{"rendered":"Un nuovo progetto di sensibilizzazione contro l&#8217;utilizzo della plastica"},"content":{"rendered":"<p><a href=\"http:\/\/www.bellunopress.it\/fr\/2020\/02\/25\/un-nuovo-progetto-di-sensibilizzazione-contro-lutilizzo-della-plastica\/comitato-intesa-csv-no-plastica\/\" rel=\"attachment wp-att-112385\"><img loading=\"lazy\" decoding=\"async\" class=\"alignleft size-full wp-image-112385\" src=\"http:\/\/www.bellunopress.it\/wp-content\/uploads\/2020\/02\/comitato-intesa-csv-no-plastica.jpg\" alt=\"\" width=\"211\" height=\"300\" \/><\/a>Un rinnovato invito a sensibilizzare contro l&#8217;utilizzo della plastica. \u00c8 l&#8217;intento della nuova azione solidale intrapresa nell&#8217;ambito del progetto &#8220;Community change makers&#8221;, promosso dal Comitato d&#8217;intesa\/Csv Belluno e finanziato da Agenzia nazionale per i giovani grazie al programma European Solidarity Corps.<\/p>\n<p>Dopo il successo dei tre pranzi solidali di fundraising e della campagna natalizia di food raising, ideati per sensibilizzare la cittadinanza alla tematica dello spreco alimentare e per raccogliere cibo e fondi da destinare alla mensa &#8220;Il pane quotidiano&#8221; di Feltre, i protagonisti del &#8220;Community change makers&#8221; sono ora pronti ad inaugurare una nuova iniziativa solidale di raccolta fondi. Al centro dell&#8217;inedita campagna ci saranno un centinaio di &#8220;borse solidali&#8221;, ideate dai giovani volontari, il cui ricavato andr\u00e0 a sostenere, ancora una volta, le attivit\u00e0 della mensa feltrina. Si tratta di borse di cotone, personalizzate con il logo di progetto, pensate con uno scopo ben preciso: sensibilizzare la cittadinanza a ridurre l&#8217;utilizzo delle buste di plastica e a sostituire i sacchetti della spesa mono uso con shopper ecologiche e riutilizzabili.<\/p>\n<p>Un gadget non soltanto sostenibile, ma anche solidale. Le borse sono ad offerta libera; si consiglia, tuttavia, di contribuire con un minimo di 5 euro. \u00c8 possibile riservare una o pi\u00f9 borse inviando un&#8217;email all&#8217;indirizzo europa@csvbelluno.it.<\/p>","protected":false},"excerpt":{"rendered":"<p>Un rinnovato invito a sensibilizzare contro l&#8217;utilizzo della plastica. \u00c8 l&#8217;intento della nuova azione solidale intrapresa nell&#8217;ambito del progetto &#8220;Community change makers&#8221;, promosso dal Comitato d&#8217;intesa\/Csv Belluno e finanziato da Agenzia nazionale per i giovani grazie al programma European Solidarity Corps. Dopo il successo dei tre pranzi solidali di fundraising e della campagna natalizia di [&hellip;]<\/p>\n","protected":false},"author":2,"featured_media":112385,"comment_status":"closed","ping_status":"open","sticky":true,"template":"","format":"standard","meta":{"footnotes":""},"categories":[3446,26,8],"tags":[],"class_list":["post-112384","post","type-post","status-publish","format-standard","has-post-thumbnail","category-featured","category-prima-pagina","category-societa-istituzioni"],"yoast_head":"<!-- This site is optimized with the Yoast SEO plugin v28.4 - https:\/\/yoast.com\/product\/yoast-seo-wordpress\/ -->\n<title>Un nuovo progetto di sensibilizzazione contro l&#039;utilizzo della plastica - Bellunopress - Dolomiti<\/title>\n<meta name=\"robots\" content=\"index, follow, max-snippet:-1, max-image-preview:large, max-video-preview:-1\" \/>\n<link rel=\"canonical\" href=\"https:\/\/www.bellunopress.it\/fr\/2020\/02\/25\/un-nuovo-progetto-di-sensibilizzazione-contro-lutilizzo-della-plastica\/\" \/>\n<meta property=\"og:locale\" content=\"fr_FR\" \/>\n<meta property=\"og:type\" content=\"article\" \/>\n<meta property=\"og:title\" content=\"Un nuovo progetto di sensibilizzazione contro l&#039;utilizzo della plastica - Bellunopress - Dolomiti\" \/>\n<meta property=\"og:description\" content=\"Un rinnovato invito a sensibilizzare contro l&#8217;utilizzo della plastica. \u00c8 l&#8217;intento della nuova azione solidale intrapresa nell&#8217;ambito del progetto &#8220;Community change makers&#8221;, promosso dal Comitato d&#8217;intesa\/Csv Belluno e finanziato da Agenzia nazionale per i giovani grazie al programma European Solidarity Corps. Dopo il successo dei tre pranzi solidali di fundraising e della campagna natalizia di [&hellip;]\" \/>\n<meta property=\"og:url\" content=\"https:\/\/www.bellunopress.it\/fr\/2020\/02\/25\/un-nuovo-progetto-di-sensibilizzazione-contro-lutilizzo-della-plastica\/\" \/>\n<meta property=\"og:site_name\" content=\"Bellunopress - Dolomiti\" \/>\n<meta property=\"article:publisher\" content=\"https:\/\/www.facebook.com\/profile.php?id=100008943462799\" \/>\n<meta property=\"article:published_time\" content=\"2020-02-25T20:12:44+00:00\" \/>\n<meta property=\"article:modified_time\" content=\"2020-02-26T10:03:24+00:00\" \/>\n<meta property=\"og:image\" content=\"https:\/\/www.bellunopress.it\/wp-content\/uploads\/2020\/02\/comitato-intesa-csv-no-plastica.jpg\" \/>\n\t<meta property=\"og:image:width\" content=\"211\" \/>\n\t<meta property=\"og:image:height\" content=\"300\" \/>\n\t<meta property=\"og:image:type\" content=\"image\/jpeg\" \/>\n<meta name=\"author\" content=\"redazione\" \/>\n<meta name=\"twitter:card\" content=\"summary_large_image\" \/>\n<meta name=\"twitter:creator\" content=\"@bellunopress\" \/>\n<meta name=\"twitter:site\" content=\"@bellunopress\" \/>\n<meta name=\"twitter:label1\" content=\"\u00c9crit par\" \/>\n\t<meta name=\"twitter:data1\" content=\"redazione\" \/>\n\t<meta name=\"twitter:label2\" content=\"Dur\u00e9e de lecture estim\u00e9e\" \/>\n\t<meta name=\"twitter:data2\" content=\"1 minute\" \/>\n<script type=\"application\/ld+json\" class=\"yoast-schema-graph\">{\"@context\":\"https:\\\/\\\/schema.org\",\"@graph\":[{\"@type\":\"Article\",\"@id\":\"https:\\\/\\\/www.bellunopress.it\\\/2020\\\/02\\\/25\\\/un-nuovo-progetto-di-sensibilizzazione-contro-lutilizzo-della-plastica\\\/#article\",\"isPartOf\":{\"@id\":\"https:\\\/\\\/www.bellunopress.it\\\/2020\\\/02\\\/25\\\/un-nuovo-progetto-di-sensibilizzazione-contro-lutilizzo-della-plastica\\\/\"},\"author\":{\"name\":\"redazione\",\"@id\":\"https:\\\/\\\/www.bellunopress.it\\\/#\\\/schema\\\/person\\\/79bb06722b37ece1c03d3e94beb30d73\"},\"headline\":\"Un nuovo progetto di sensibilizzazione contro l&#8217;utilizzo della plastica\",\"datePublished\":\"2020-02-25T20:12:44+00:00\",\"dateModified\":\"2020-02-26T10:03:24+00:00\",\"mainEntityOfPage\":{\"@id\":\"https:\\\/\\\/www.bellunopress.it\\\/2020\\\/02\\\/25\\\/un-nuovo-progetto-di-sensibilizzazione-contro-lutilizzo-della-plastica\\\/\"},\"wordCount\":225,\"publisher\":{\"@id\":\"https:\\\/\\\/www.bellunopress.it\\\/#organization\"},\"image\":{\"@id\":\"https:\\\/\\\/www.bellunopress.it\\\/2020\\\/02\\\/25\\\/un-nuovo-progetto-di-sensibilizzazione-contro-lutilizzo-della-plastica\\\/#primaryimage\"},\"thumbnailUrl\":\"https:\\\/\\\/www.bellunopress.it\\\/wp-content\\\/uploads\\\/2020\\\/02\\\/comitato-intesa-csv-no-plastica.jpg\",\"articleSection\":[\"Featured\",\"Prima Pagina\",\"Societ\u00e0, Associazioni, Istituzioni\"],\"inLanguage\":\"fr-FR\"},{\"@type\":\"WebPage\",\"@id\":\"https:\\\/\\\/www.bellunopress.it\\\/2020\\\/02\\\/25\\\/un-nuovo-progetto-di-sensibilizzazione-contro-lutilizzo-della-plastica\\\/\",\"url\":\"https:\\\/\\\/www.bellunopress.it\\\/2020\\\/02\\\/25\\\/un-nuovo-progetto-di-sensibilizzazione-contro-lutilizzo-della-plastica\\\/\",\"name\":\"Un nuovo progetto di sensibilizzazione contro l'utilizzo della plastica - Bellunopress - Dolomiti\",\"isPartOf\":{\"@id\":\"https:\\\/\\\/www.bellunopress.it\\\/#website\"},\"primaryImageOfPage\":{\"@id\":\"https:\\\/\\\/www.bellunopress.it\\\/2020\\\/02\\\/25\\\/un-nuovo-progetto-di-sensibilizzazione-contro-lutilizzo-della-plastica\\\/#primaryimage\"},\"image\":{\"@id\":\"https:\\\/\\\/www.bellunopress.it\\\/2020\\\/02\\\/25\\\/un-nuovo-progetto-di-sensibilizzazione-contro-lutilizzo-della-plastica\\\/#primaryimage\"},\"thumbnailUrl\":\"https:\\\/\\\/www.bellunopress.it\\\/wp-content\\\/uploads\\\/2020\\\/02\\\/comitato-intesa-csv-no-plastica.jpg\",\"datePublished\":\"2020-02-25T20:12:44+00:00\",\"dateModified\":\"2020-02-26T10:03:24+00:00\",\"breadcrumb\":{\"@id\":\"https:\\\/\\\/www.bellunopress.it\\\/2020\\\/02\\\/25\\\/un-nuovo-progetto-di-sensibilizzazione-contro-lutilizzo-della-plastica\\\/#breadcrumb\"},\"inLanguage\":\"fr-FR\",\"potentialAction\":[{\"@type\":\"ReadAction\",\"target\":[\"https:\\\/\\\/www.bellunopress.it\\\/2020\\\/02\\\/25\\\/un-nuovo-progetto-di-sensibilizzazione-contro-lutilizzo-della-plastica\\\/\"]}]},{\"@type\":\"ImageObject\",\"inLanguage\":\"fr-FR\",\"@id\":\"https:\\\/\\\/www.bellunopress.it\\\/2020\\\/02\\\/25\\\/un-nuovo-progetto-di-sensibilizzazione-contro-lutilizzo-della-plastica\\\/#primaryimage\",\"url\":\"https:\\\/\\\/www.bellunopress.it\\\/wp-content\\\/uploads\\\/2020\\\/02\\\/comitato-intesa-csv-no-plastica.jpg\",\"contentUrl\":\"https:\\\/\\\/www.bellunopress.it\\\/wp-content\\\/uploads\\\/2020\\\/02\\\/comitato-intesa-csv-no-plastica.jpg\",\"width\":211,\"height\":300},{\"@type\":\"BreadcrumbList\",\"@id\":\"https:\\\/\\\/www.bellunopress.it\\\/2020\\\/02\\\/25\\\/un-nuovo-progetto-di-sensibilizzazione-contro-lutilizzo-della-plastica\\\/#breadcrumb\",\"itemListElement\":[{\"@type\":\"ListItem\",\"position\":1,\"name\":\"Home\",\"item\":\"https:\\\/\\\/www.bellunopress.it\\\/\"},{\"@type\":\"ListItem\",\"position\":2,\"name\":\"Un nuovo progetto di sensibilizzazione contro l&#8217;utilizzo della plastica\"}]},{\"@type\":\"WebSite\",\"@id\":\"https:\\\/\\\/www.bellunopress.it\\\/#website\",\"url\":\"https:\\\/\\\/www.bellunopress.it\\\/\",\"name\":\"Bellunopress - Dolomiti\",\"description\":\"e-mail: redazione@bellunopress.it\",\"publisher\":{\"@id\":\"https:\\\/\\\/www.bellunopress.it\\\/#organization\"},\"potentialAction\":[{\"@type\":\"SearchAction\",\"target\":{\"@type\":\"EntryPoint\",\"urlTemplate\":\"https:\\\/\\\/www.bellunopress.it\\\/?s={search_term_string}\"},\"query-input\":{\"@type\":\"PropertyValueSpecification\",\"valueRequired\":true,\"valueName\":\"search_term_string\"}}],\"inLanguage\":\"fr-FR\"},{\"@type\":\"Organization\",\"@id\":\"https:\\\/\\\/www.bellunopress.it\\\/#organization\",\"name\":\"Bellunopress\",\"url\":\"https:\\\/\\\/www.bellunopress.it\\\/\",\"logo\":{\"@type\":\"ImageObject\",\"inLanguage\":\"fr-FR\",\"@id\":\"https:\\\/\\\/www.bellunopress.it\\\/#\\\/schema\\\/logo\\\/image\\\/\",\"url\":\"https:\\\/\\\/www.bellunopress.it\\\/wp-content\\\/uploads\\\/2011\\\/05\\\/cropped-logo-bellunopress-.jpg\",\"contentUrl\":\"https:\\\/\\\/www.bellunopress.it\\\/wp-content\\\/uploads\\\/2011\\\/05\\\/cropped-logo-bellunopress-.jpg\",\"width\":512,\"height\":512,\"caption\":\"Bellunopress\"},\"image\":{\"@id\":\"https:\\\/\\\/www.bellunopress.it\\\/#\\\/schema\\\/logo\\\/image\\\/\"},\"sameAs\":[\"https:\\\/\\\/www.facebook.com\\\/profile.php?id=100008943462799\",\"https:\\\/\\\/x.com\\\/bellunopress\",\"https:\\\/\\\/www.linkedin.com\\\/hp\\\/?dnr=JBzUWaJfMUw8vbXJJ2tVW5-I3jZKvC4wsoxE&amp;amp;amp;amp;amp;amp;trk=nav_responsive_tab_home\",\"https:\\\/\\\/www.youtube.com\\\/channel\\\/UCxL0wu1uN0_3_7hGG0306cw\"]},{\"@type\":\"Person\",\"@id\":\"https:\\\/\\\/www.bellunopress.it\\\/#\\\/schema\\\/person\\\/79bb06722b37ece1c03d3e94beb30d73\",\"name\":\"redazione\",\"image\":{\"@type\":\"ImageObject\",\"inLanguage\":\"fr-FR\",\"@id\":\"https:\\\/\\\/secure.gravatar.com\\\/avatar\\\/37d968a2e67a6fd04c169c4bdef102d0bc5d31b2546345219e348575eb80e9a0?s=96&d=mm&r=g\",\"url\":\"https:\\\/\\\/secure.gravatar.com\\\/avatar\\\/37d968a2e67a6fd04c169c4bdef102d0bc5d31b2546345219e348575eb80e9a0?s=96&d=mm&r=g\",\"contentUrl\":\"https:\\\/\\\/secure.gravatar.com\\\/avatar\\\/37d968a2e67a6fd04c169c4bdef102d0bc5d31b2546345219e348575eb80e9a0?s=96&d=mm&r=g\",\"caption\":\"redazione\"},\"sameAs\":[\"http:\\\/\\\/www.bellunopress.it\",\"https:\\\/\\\/x.com\\\/bellunopress\"],\"url\":\"https:\\\/\\\/www.bellunopress.it\\\/fr\\\/author\\\/redazione\\\/\"}]}<\/script>\n<!-- \/ Yoast SEO plugin. -->","yoast_head_json":{"title":"Un nuovo progetto di sensibilizzazione contro l'utilizzo della plastica - Bellunopress - Dolomiti","robots":{"index":"index","follow":"follow","max-snippet":"max-snippet:-1","max-image-preview":"max-image-preview:large","max-video-preview":"max-video-preview:-1"},"canonical":"https:\/\/www.bellunopress.it\/fr\/2020\/02\/25\/un-nuovo-progetto-di-sensibilizzazione-contro-lutilizzo-della-plastica\/","og_locale":"fr_FR","og_type":"article","og_title":"Un nuovo progetto di sensibilizzazione contro l'utilizzo della plastica - Bellunopress - Dolomiti","og_description":"Un rinnovato invito a sensibilizzare contro l&#8217;utilizzo della plastica. \u00c8 l&#8217;intento della nuova azione solidale intrapresa nell&#8217;ambito del progetto &#8220;Community change makers&#8221;, promosso dal Comitato d&#8217;intesa\/Csv Belluno e finanziato da Agenzia nazionale per i giovani grazie al programma European Solidarity Corps. Dopo il successo dei tre pranzi solidali di fundraising e della campagna natalizia di [&hellip;]","og_url":"https:\/\/www.bellunopress.it\/fr\/2020\/02\/25\/un-nuovo-progetto-di-sensibilizzazione-contro-lutilizzo-della-plastica\/","og_site_name":"Bellunopress - Dolomiti","article_publisher":"https:\/\/www.facebook.com\/profile.php?id=100008943462799","article_published_time":"2020-02-25T20:12:44+00:00","article_modified_time":"2020-02-26T10:03:24+00:00","og_image":[{"width":211,"height":300,"url":"https:\/\/www.bellunopress.it\/wp-content\/uploads\/2020\/02\/comitato-intesa-csv-no-plastica.jpg","type":"image\/jpeg"}],"author":"redazione","twitter_card":"summary_large_image","twitter_creator":"@bellunopress","twitter_site":"@bellunopress","twitter_misc":{"\u00c9crit par":"redazione","Dur\u00e9e de lecture estim\u00e9e":"1 minute"},"schema":{"@context":"https:\/\/schema.org","@graph":[{"@type":"Article","@id":"https:\/\/www.bellunopress.it\/2020\/02\/25\/un-nuovo-progetto-di-sensibilizzazione-contro-lutilizzo-della-plastica\/#article","isPartOf":{"@id":"https:\/\/www.bellunopress.it\/2020\/02\/25\/un-nuovo-progetto-di-sensibilizzazione-contro-lutilizzo-della-plastica\/"},"author":{"name":"redazione","@id":"https:\/\/www.bellunopress.it\/#\/schema\/person\/79bb06722b37ece1c03d3e94beb30d73"},"headline":"Un nuovo progetto di sensibilizzazione contro l&#8217;utilizzo della plastica","datePublished":"2020-02-25T20:12:44+00:00","dateModified":"2020-02-26T10:03:24+00:00","mainEntityOfPage":{"@id":"https:\/\/www.bellunopress.it\/2020\/02\/25\/un-nuovo-progetto-di-sensibilizzazione-contro-lutilizzo-della-plastica\/"},"wordCount":225,"publisher":{"@id":"https:\/\/www.bellunopress.it\/#organization"},"image":{"@id":"https:\/\/www.bellunopress.it\/2020\/02\/25\/un-nuovo-progetto-di-sensibilizzazione-contro-lutilizzo-della-plastica\/#primaryimage"},"thumbnailUrl":"https:\/\/www.bellunopress.it\/wp-content\/uploads\/2020\/02\/comitato-intesa-csv-no-plastica.jpg","articleSection":["Featured","Prima Pagina","Societ\u00e0, Associazioni, Istituzioni"],"inLanguage":"fr-FR"},{"@type":"WebPage","@id":"https:\/\/www.bellunopress.it\/2020\/02\/25\/un-nuovo-progetto-di-sensibilizzazione-contro-lutilizzo-della-plastica\/","url":"https:\/\/www.bellunopress.it\/2020\/02\/25\/un-nuovo-progetto-di-sensibilizzazione-contro-lutilizzo-della-plastica\/","name":"Un nuovo progetto di sensibilizzazione contro l'utilizzo della plastica - Bellunopress - Dolomiti","isPartOf":{"@id":"https:\/\/www.bellunopress.it\/#website"},"primaryImageOfPage":{"@id":"https:\/\/www.bellunopress.it\/2020\/02\/25\/un-nuovo-progetto-di-sensibilizzazione-contro-lutilizzo-della-plastica\/#primaryimage"},"image":{"@id":"https:\/\/www.bellunopress.it\/2020\/02\/25\/un-nuovo-progetto-di-sensibilizzazione-contro-lutilizzo-della-plastica\/#primaryimage"},"thumbnailUrl":"https:\/\/www.bellunopress.it\/wp-content\/uploads\/2020\/02\/comitato-intesa-csv-no-plastica.jpg","datePublished":"2020-02-25T20:12:44+00:00","dateModified":"2020-02-26T10:03:24+00:00","breadcrumb":{"@id":"https:\/\/www.bellunopress.it\/2020\/02\/25\/un-nuovo-progetto-di-sensibilizzazione-contro-lutilizzo-della-plastica\/#breadcrumb"},"inLanguage":"fr-FR","potentialAction":[{"@type":"ReadAction","target":["https:\/\/www.bellunopress.it\/2020\/02\/25\/un-nuovo-progetto-di-sensibilizzazione-contro-lutilizzo-della-plastica\/"]}]},{"@type":"ImageObject","inLanguage":"fr-FR","@id":"https:\/\/www.bellunopress.it\/2020\/02\/25\/un-nuovo-progetto-di-sensibilizzazione-contro-lutilizzo-della-plastica\/#primaryimage","url":"https:\/\/www.bellunopress.it\/wp-content\/uploads\/2020\/02\/comitato-intesa-csv-no-plastica.jpg","contentUrl":"https:\/\/www.bellunopress.it\/wp-content\/uploads\/2020\/02\/comitato-intesa-csv-no-plastica.jpg","width":211,"height":300},{"@type":"BreadcrumbList","@id":"https:\/\/www.bellunopress.it\/2020\/02\/25\/un-nuovo-progetto-di-sensibilizzazione-contro-lutilizzo-della-plastica\/#breadcrumb","itemListElement":[{"@type":"ListItem","position":1,"name":"Home","item":"https:\/\/www.bellunopress.it\/"},{"@type":"ListItem","position":2,"name":"Un nuovo progetto di sensibilizzazione contro l&#8217;utilizzo della plastica"}]},{"@type":"WebSite","@id":"https:\/\/www.bellunopress.it\/#website","url":"https:\/\/www.bellunopress.it\/","name":"Bellunopress - Dolomiti","description":"e-mail: redazione@bellunopress.it","publisher":{"@id":"https:\/\/www.bellunopress.it\/#organization"},"potentialAction":[{"@type":"SearchAction","target":{"@type":"EntryPoint","urlTemplate":"https:\/\/www.bellunopress.it\/?s={search_term_string}"},"query-input":{"@type":"PropertyValueSpecification","valueRequired":true,"valueName":"search_term_string"}}],"inLanguage":"fr-FR"},{"@type":"Organization","@id":"https:\/\/www.bellunopress.it\/#organization","name":"Bellunopress","url":"https:\/\/www.bellunopress.it\/","logo":{"@type":"ImageObject","inLanguage":"fr-FR","@id":"https:\/\/www.bellunopress.it\/#\/schema\/logo\/image\/","url":"https:\/\/www.bellunopress.it\/wp-content\/uploads\/2011\/05\/cropped-logo-bellunopress-.jpg","contentUrl":"https:\/\/www.bellunopress.it\/wp-content\/uploads\/2011\/05\/cropped-logo-bellunopress-.jpg","width":512,"height":512,"caption":"Bellunopress"},"image":{"@id":"https:\/\/www.bellunopress.it\/#\/schema\/logo\/image\/"},"sameAs":["https:\/\/www.facebook.com\/profile.php?id=100008943462799","https:\/\/x.com\/bellunopress","https:\/\/www.linkedin.com\/hp\/?dnr=JBzUWaJfMUw8vbXJJ2tVW5-I3jZKvC4wsoxE&amp;amp;amp;amp;amp;amp;trk=nav_responsive_tab_home","https:\/\/www.youtube.com\/channel\/UCxL0wu1uN0_3_7hGG0306cw"]},{"@type":"Person","@id":"https:\/\/www.bellunopress.it\/#\/schema\/person\/79bb06722b37ece1c03d3e94beb30d73","name":"r\u00e9daction","image":{"@type":"ImageObject","inLanguage":"fr-FR","@id":"https:\/\/secure.gravatar.com\/avatar\/37d968a2e67a6fd04c169c4bdef102d0bc5d31b2546345219e348575eb80e9a0?s=96&d=mm&r=g","url":"https:\/\/secure.gravatar.com\/avatar\/37d968a2e67a6fd04c169c4bdef102d0bc5d31b2546345219e348575eb80e9a0?s=96&d=mm&r=g","contentUrl":"https:\/\/secure.gravatar.com\/avatar\/37d968a2e67a6fd04c169c4bdef102d0bc5d31b2546345219e348575eb80e9a0?s=96&d=mm&r=g","caption":"redazione"},"sameAs":["http:\/\/www.bellunopress.it","https:\/\/x.com\/bellunopress"],"url":"https:\/\/www.bellunopress.it\/fr\/author\/redazione\/"}]}},"_links":{"self":[{"href":"https:\/\/www.bellunopress.it\/fr\/wp-json\/wp\/v2\/posts\/112384","targetHints":{"allow":["GET"]}}],"collection":[{"href":"https:\/\/www.bellunopress.it\/fr\/wp-json\/wp\/v2\/posts"}],"about":[{"href":"https:\/\/www.bellunopress.it\/fr\/wp-json\/wp\/v2\/types\/post"}],"author":[{"embeddable":true,"href":"https:\/\/www.bellunopress.it\/fr\/wp-json\/wp\/v2\/users\/2"}],"replies":[{"embeddable":true,"href":"https:\/\/www.bellunopress.it\/fr\/wp-json\/wp\/v2\/comments?post=112384"}],"version-history":[{"count":3,"href":"https:\/\/www.bellunopress.it\/fr\/wp-json\/wp\/v2\/posts\/112384\/revisions"}],"predecessor-version":[{"id":112428,"href":"https:\/\/www.bellunopress.it\/fr\/wp-json\/wp\/v2\/posts\/112384\/revisions\/112428"}],"wp:featuredmedia":[{"embeddable":true,"href":"https:\/\/www.bellunopress.it\/fr\/wp-json\/wp\/v2\/media\/112385"}],"wp:attachment":[{"href":"https:\/\/www.bellunopress.it\/fr\/wp-json\/wp\/v2\/media?parent=112384"}],"wp:term":[{"taxonomy":"category","embeddable":true,"href":"https:\/\/www.bellunopress.it\/fr\/wp-json\/wp\/v2\/categories?post=112384"},{"taxonomy":"post_tag","embeddable":true,"href":"https:\/\/www.bellunopress.it\/fr\/wp-json\/wp\/v2\/tags?post=112384"}],"curies":[{"name":"wp","href":"https:\/\/api.w.org\/{rel}","templated":true}]}}