{"id":112382,"date":"2020-02-25T21:04:36","date_gmt":"2020-02-25T20:04:36","guid":{"rendered":"http:\/\/www.bellunopress.it\/?p=112382"},"modified":"2020-02-26T11:05:33","modified_gmt":"2020-02-26T10:05:33","slug":"coronavirus-lassessore-al-turismo-istituisce-il-tavolo-operativo-per-superare-lemergenza","status":"publish","type":"post","link":"https:\/\/www.bellunopress.it\/fr\/2020\/02\/25\/coronavirus-lassessore-al-turismo-istituisce-il-tavolo-operativo-per-superare-lemergenza\/","title":{"rendered":"Coronavirus. L&#8217;assessore al Turismo istituisce il tavolo operativo per superare l&#8217;emergenza"},"content":{"rendered":"<figure id=\"attachment_98275\" aria-describedby=\"caption-attachment-98275\" style=\"width: 212px\" class=\"wp-caption alignleft\"><a href=\"http:\/\/www.bellunopress.it\/fr\/2018\/09\/28\/wine-south-america-lassessore-caner-in-brasile-la-vitivinicoltura-continua-a-crescere-in-sudamerica-e-il-veneto-e-presente\/caner\/\" rel=\"attachment wp-att-98275\"><img loading=\"lazy\" decoding=\"async\" class=\"size-thumbnail wp-image-98275\" src=\"http:\/\/www.bellunopress.it\/wp-content\/uploads\/2018\/09\/Caner-212x300.jpg\" alt=\"\" width=\"212\" height=\"300\" \/><\/a><figcaption id=\"caption-attachment-98275\" class=\"wp-caption-text\">Federico Caner, assessore regionale<\/figcaption><\/figure>\n<p>Venezia, 25 febbraio 2020\u00a0 \u00a0\u201cHo gi\u00e0 istituito un primo tavolo operativo per fronteggiare l\u2019emergenza Coronavirus, che rischia di mettere in ginocchio la prima industria del Veneto con oltre 70 milioni di presenze e 18 miliardi di fatturato\u201d.<\/p>\n<p>Lo ha annunciato oggi l\u2019assessore regionale al turismo Federico Caner, incontrando i rappresentanti del mondo economico e produttivo nel centro operativo della protezione Civile del Veneto, insieme agli altri colleghi di giunta e al<\/p>\n<p>A preoccupare operatori e categorie sono il trend delle disdette e la campagna negativa di questi giorni dei media mondiali nei confronti del Nord Italia e dell\u2019intero Paese. Ma anche l\u2019assenza di ammortizzatori sociali per gli operatori dei servizi turistici.<\/p>\n<p>\u201cAbbiamo gi\u00e0 messo a punto le prime proposte da presentare al governo, al ministero competente e alla Farnesina \u2013 ha riassunto il referente delle politiche regionali per la promozione turistica e l\u2019accoglienza \u2013 Il Veneto chiede ammortizzatori sociali anche per gli operatori del turismo, che \u00e8 la prima industria del nostro paese, indicazioni omogenei e condivise perch\u00e9 i nostri operatori correttamente presentare la situazione e l\u2019offerta turistica italiana e veneta alle fiere e sui mercati esteri e una campagna promozionale nazionale massiccia, una volta superata l\u2019emergenza Coronavirus\u201d.<\/p>\n<p>Il tavolo regionale per il turismo chiede, inoltre un dialogo diretto con il Ministero degli Esteri per rassicurare i paesi esteri e gli operatori internazionali sulle garanzie di salubrit\u00e0 e accoglienza del sistema ricettivo del Veneto e dell\u2019Italia.<\/p>\n<p>\u201cInfine faccio appello al coordinamento tra tutti i soggetti in campo per evitare interpretazioni inutilmente restrittive delle ordinanze \u2013 ha esortato l\u2019assessore \u2013 E\u2019 inutile e dannoso chiudere gli impianti a fune prima del termine della stagione o imporre al personale di accoglienza negli hotel di indossare la mascherina: sono misure che non valgono nulla in termine di prevenzione dal contagio e producono solo danno all\u2019immagine turistica del veneto. Ricordo che gli uffici regionali al pubblico sono e restano aperti a tutti, a partire da quelli di informazione e accoglienza turistica\u201d.<\/p>\n<p>&nbsp;<\/p>","protected":false},"excerpt":{"rendered":"<p>Venezia, 25 febbraio 2020\u00a0 \u00a0\u201cHo gi\u00e0 istituito un primo tavolo operativo per fronteggiare l\u2019emergenza Coronavirus, che rischia di mettere in ginocchio la prima industria del Veneto con oltre 70 milioni di presenze e 18 miliardi di fatturato\u201d. Lo ha annunciato oggi l\u2019assessore regionale al turismo Federico Caner, incontrando i rappresentanti del mondo economico e produttivo [&hellip;]<\/p>\n","protected":false},"author":2,"featured_media":98275,"comment_status":"closed","ping_status":"open","sticky":true,"template":"","format":"standard","meta":{"footnotes":""},"categories":[5,26,17],"tags":[],"class_list":["post-112382","post","type-post","status-publish","format-standard","has-post-thumbnail","category-cronaca","category-prima-pagina","category-sanita"],"yoast_head":"<!-- This site is optimized with the Yoast SEO plugin v28.4 - https:\/\/yoast.com\/product\/yoast-seo-wordpress\/ -->\n<title>Coronavirus. L&#039;assessore al Turismo istituisce il tavolo operativo per superare l&#039;emergenza - Bellunopress - Dolomiti<\/title>\n<meta name=\"robots\" content=\"index, follow, max-snippet:-1, max-image-preview:large, max-video-preview:-1\" \/>\n<link rel=\"canonical\" href=\"https:\/\/www.bellunopress.it\/fr\/2020\/02\/25\/coronavirus-lassessore-al-turismo-istituisce-il-tavolo-operativo-per-superare-lemergenza\/\" \/>\n<meta property=\"og:locale\" content=\"fr_FR\" \/>\n<meta property=\"og:type\" content=\"article\" \/>\n<meta property=\"og:title\" content=\"Coronavirus. L&#039;assessore al Turismo istituisce il tavolo operativo per superare l&#039;emergenza - Bellunopress - Dolomiti\" \/>\n<meta property=\"og:description\" content=\"Venezia, 25 febbraio 2020\u00a0 \u00a0\u201cHo gi\u00e0 istituito un primo tavolo operativo per fronteggiare l\u2019emergenza Coronavirus, che rischia di mettere in ginocchio la prima industria del Veneto con oltre 70 milioni di presenze e 18 miliardi di fatturato\u201d. Lo ha annunciato oggi l\u2019assessore regionale al turismo Federico Caner, incontrando i rappresentanti del mondo economico e produttivo [&hellip;]\" \/>\n<meta property=\"og:url\" content=\"https:\/\/www.bellunopress.it\/fr\/2020\/02\/25\/coronavirus-lassessore-al-turismo-istituisce-il-tavolo-operativo-per-superare-lemergenza\/\" \/>\n<meta property=\"og:site_name\" content=\"Bellunopress - Dolomiti\" \/>\n<meta property=\"article:publisher\" content=\"https:\/\/www.facebook.com\/profile.php?id=100008943462799\" \/>\n<meta property=\"article:published_time\" content=\"2020-02-25T20:04:36+00:00\" \/>\n<meta property=\"article:modified_time\" content=\"2020-02-26T10:05:33+00:00\" \/>\n<meta property=\"og:image\" content=\"https:\/\/www.bellunopress.it\/wp-content\/uploads\/2018\/09\/Caner.jpg\" \/>\n\t<meta property=\"og:image:width\" content=\"212\" \/>\n\t<meta property=\"og:image:height\" content=\"300\" \/>\n\t<meta property=\"og:image:type\" content=\"image\/jpeg\" \/>\n<meta name=\"author\" content=\"redazione\" \/>\n<meta name=\"twitter:card\" content=\"summary_large_image\" \/>\n<meta name=\"twitter:creator\" content=\"@bellunopress\" \/>\n<meta name=\"twitter:site\" content=\"@bellunopress\" \/>\n<meta name=\"twitter:label1\" content=\"\u00c9crit par\" \/>\n\t<meta name=\"twitter:data1\" content=\"redazione\" \/>\n\t<meta name=\"twitter:label2\" content=\"Dur\u00e9e de lecture estim\u00e9e\" \/>\n\t<meta name=\"twitter:data2\" content=\"2 minutes\" \/>\n<script type=\"application\/ld+json\" class=\"yoast-schema-graph\">{\"@context\":\"https:\\\/\\\/schema.org\",\"@graph\":[{\"@type\":\"Article\",\"@id\":\"https:\\\/\\\/www.bellunopress.it\\\/2020\\\/02\\\/25\\\/coronavirus-lassessore-al-turismo-istituisce-il-tavolo-operativo-per-superare-lemergenza\\\/#article\",\"isPartOf\":{\"@id\":\"https:\\\/\\\/www.bellunopress.it\\\/2020\\\/02\\\/25\\\/coronavirus-lassessore-al-turismo-istituisce-il-tavolo-operativo-per-superare-lemergenza\\\/\"},\"author\":{\"name\":\"redazione\",\"@id\":\"https:\\\/\\\/www.bellunopress.it\\\/#\\\/schema\\\/person\\\/79bb06722b37ece1c03d3e94beb30d73\"},\"headline\":\"Coronavirus. L&#8217;assessore al Turismo istituisce il tavolo operativo per superare l&#8217;emergenza\",\"datePublished\":\"2020-02-25T20:04:36+00:00\",\"dateModified\":\"2020-02-26T10:05:33+00:00\",\"mainEntityOfPage\":{\"@id\":\"https:\\\/\\\/www.bellunopress.it\\\/2020\\\/02\\\/25\\\/coronavirus-lassessore-al-turismo-istituisce-il-tavolo-operativo-per-superare-lemergenza\\\/\"},\"wordCount\":353,\"publisher\":{\"@id\":\"https:\\\/\\\/www.bellunopress.it\\\/#organization\"},\"image\":{\"@id\":\"https:\\\/\\\/www.bellunopress.it\\\/2020\\\/02\\\/25\\\/coronavirus-lassessore-al-turismo-istituisce-il-tavolo-operativo-per-superare-lemergenza\\\/#primaryimage\"},\"thumbnailUrl\":\"https:\\\/\\\/www.bellunopress.it\\\/wp-content\\\/uploads\\\/2018\\\/09\\\/Caner.jpg\",\"articleSection\":[\"Cronaca\\\/Politica\",\"Prima Pagina\",\"Sanit\u00e0 Medicina\"],\"inLanguage\":\"fr-FR\"},{\"@type\":\"WebPage\",\"@id\":\"https:\\\/\\\/www.bellunopress.it\\\/2020\\\/02\\\/25\\\/coronavirus-lassessore-al-turismo-istituisce-il-tavolo-operativo-per-superare-lemergenza\\\/\",\"url\":\"https:\\\/\\\/www.bellunopress.it\\\/2020\\\/02\\\/25\\\/coronavirus-lassessore-al-turismo-istituisce-il-tavolo-operativo-per-superare-lemergenza\\\/\",\"name\":\"Coronavirus. L'assessore al Turismo istituisce il tavolo operativo per superare l'emergenza - Bellunopress - Dolomiti\",\"isPartOf\":{\"@id\":\"https:\\\/\\\/www.bellunopress.it\\\/#website\"},\"primaryImageOfPage\":{\"@id\":\"https:\\\/\\\/www.bellunopress.it\\\/2020\\\/02\\\/25\\\/coronavirus-lassessore-al-turismo-istituisce-il-tavolo-operativo-per-superare-lemergenza\\\/#primaryimage\"},\"image\":{\"@id\":\"https:\\\/\\\/www.bellunopress.it\\\/2020\\\/02\\\/25\\\/coronavirus-lassessore-al-turismo-istituisce-il-tavolo-operativo-per-superare-lemergenza\\\/#primaryimage\"},\"thumbnailUrl\":\"https:\\\/\\\/www.bellunopress.it\\\/wp-content\\\/uploads\\\/2018\\\/09\\\/Caner.jpg\",\"datePublished\":\"2020-02-25T20:04:36+00:00\",\"dateModified\":\"2020-02-26T10:05:33+00:00\",\"breadcrumb\":{\"@id\":\"https:\\\/\\\/www.bellunopress.it\\\/2020\\\/02\\\/25\\\/coronavirus-lassessore-al-turismo-istituisce-il-tavolo-operativo-per-superare-lemergenza\\\/#breadcrumb\"},\"inLanguage\":\"fr-FR\",\"potentialAction\":[{\"@type\":\"ReadAction\",\"target\":[\"https:\\\/\\\/www.bellunopress.it\\\/2020\\\/02\\\/25\\\/coronavirus-lassessore-al-turismo-istituisce-il-tavolo-operativo-per-superare-lemergenza\\\/\"]}]},{\"@type\":\"ImageObject\",\"inLanguage\":\"fr-FR\",\"@id\":\"https:\\\/\\\/www.bellunopress.it\\\/2020\\\/02\\\/25\\\/coronavirus-lassessore-al-turismo-istituisce-il-tavolo-operativo-per-superare-lemergenza\\\/#primaryimage\",\"url\":\"https:\\\/\\\/www.bellunopress.it\\\/wp-content\\\/uploads\\\/2018\\\/09\\\/Caner.jpg\",\"contentUrl\":\"https:\\\/\\\/www.bellunopress.it\\\/wp-content\\\/uploads\\\/2018\\\/09\\\/Caner.jpg\",\"width\":212,\"height\":300,\"caption\":\"Federico Caner, assessore regionale\"},{\"@type\":\"BreadcrumbList\",\"@id\":\"https:\\\/\\\/www.bellunopress.it\\\/2020\\\/02\\\/25\\\/coronavirus-lassessore-al-turismo-istituisce-il-tavolo-operativo-per-superare-lemergenza\\\/#breadcrumb\",\"itemListElement\":[{\"@type\":\"ListItem\",\"position\":1,\"name\":\"Home\",\"item\":\"https:\\\/\\\/www.bellunopress.it\\\/\"},{\"@type\":\"ListItem\",\"position\":2,\"name\":\"Coronavirus. L&#8217;assessore al Turismo istituisce il tavolo operativo per superare l&#8217;emergenza\"}]},{\"@type\":\"WebSite\",\"@id\":\"https:\\\/\\\/www.bellunopress.it\\\/#website\",\"url\":\"https:\\\/\\\/www.bellunopress.it\\\/\",\"name\":\"Bellunopress - Dolomiti\",\"description\":\"e-mail: redazione@bellunopress.it\",\"publisher\":{\"@id\":\"https:\\\/\\\/www.bellunopress.it\\\/#organization\"},\"potentialAction\":[{\"@type\":\"SearchAction\",\"target\":{\"@type\":\"EntryPoint\",\"urlTemplate\":\"https:\\\/\\\/www.bellunopress.it\\\/?s={search_term_string}\"},\"query-input\":{\"@type\":\"PropertyValueSpecification\",\"valueRequired\":true,\"valueName\":\"search_term_string\"}}],\"inLanguage\":\"fr-FR\"},{\"@type\":\"Organization\",\"@id\":\"https:\\\/\\\/www.bellunopress.it\\\/#organization\",\"name\":\"Bellunopress\",\"url\":\"https:\\\/\\\/www.bellunopress.it\\\/\",\"logo\":{\"@type\":\"ImageObject\",\"inLanguage\":\"fr-FR\",\"@id\":\"https:\\\/\\\/www.bellunopress.it\\\/#\\\/schema\\\/logo\\\/image\\\/\",\"url\":\"https:\\\/\\\/www.bellunopress.it\\\/wp-content\\\/uploads\\\/2011\\\/05\\\/cropped-logo-bellunopress-.jpg\",\"contentUrl\":\"https:\\\/\\\/www.bellunopress.it\\\/wp-content\\\/uploads\\\/2011\\\/05\\\/cropped-logo-bellunopress-.jpg\",\"width\":512,\"height\":512,\"caption\":\"Bellunopress\"},\"image\":{\"@id\":\"https:\\\/\\\/www.bellunopress.it\\\/#\\\/schema\\\/logo\\\/image\\\/\"},\"sameAs\":[\"https:\\\/\\\/www.facebook.com\\\/profile.php?id=100008943462799\",\"https:\\\/\\\/x.com\\\/bellunopress\",\"https:\\\/\\\/www.linkedin.com\\\/hp\\\/?dnr=JBzUWaJfMUw8vbXJJ2tVW5-I3jZKvC4wsoxE&amp;amp;amp;amp;amp;amp;trk=nav_responsive_tab_home\",\"https:\\\/\\\/www.youtube.com\\\/channel\\\/UCxL0wu1uN0_3_7hGG0306cw\"]},{\"@type\":\"Person\",\"@id\":\"https:\\\/\\\/www.bellunopress.it\\\/#\\\/schema\\\/person\\\/79bb06722b37ece1c03d3e94beb30d73\",\"name\":\"redazione\",\"image\":{\"@type\":\"ImageObject\",\"inLanguage\":\"fr-FR\",\"@id\":\"https:\\\/\\\/secure.gravatar.com\\\/avatar\\\/37d968a2e67a6fd04c169c4bdef102d0bc5d31b2546345219e348575eb80e9a0?s=96&d=mm&r=g\",\"url\":\"https:\\\/\\\/secure.gravatar.com\\\/avatar\\\/37d968a2e67a6fd04c169c4bdef102d0bc5d31b2546345219e348575eb80e9a0?s=96&d=mm&r=g\",\"contentUrl\":\"https:\\\/\\\/secure.gravatar.com\\\/avatar\\\/37d968a2e67a6fd04c169c4bdef102d0bc5d31b2546345219e348575eb80e9a0?s=96&d=mm&r=g\",\"caption\":\"redazione\"},\"sameAs\":[\"http:\\\/\\\/www.bellunopress.it\",\"https:\\\/\\\/x.com\\\/bellunopress\"],\"url\":\"https:\\\/\\\/www.bellunopress.it\\\/fr\\\/author\\\/redazione\\\/\"}]}<\/script>\n<!-- \/ Yoast SEO plugin. -->","yoast_head_json":{"title":"Coronavirus. L'assessore al Turismo istituisce il tavolo operativo per superare l'emergenza - Bellunopress - Dolomiti","robots":{"index":"index","follow":"follow","max-snippet":"max-snippet:-1","max-image-preview":"max-image-preview:large","max-video-preview":"max-video-preview:-1"},"canonical":"https:\/\/www.bellunopress.it\/fr\/2020\/02\/25\/coronavirus-lassessore-al-turismo-istituisce-il-tavolo-operativo-per-superare-lemergenza\/","og_locale":"fr_FR","og_type":"article","og_title":"Coronavirus. L'assessore al Turismo istituisce il tavolo operativo per superare l'emergenza - Bellunopress - Dolomiti","og_description":"Venezia, 25 febbraio 2020\u00a0 \u00a0\u201cHo gi\u00e0 istituito un primo tavolo operativo per fronteggiare l\u2019emergenza Coronavirus, che rischia di mettere in ginocchio la prima industria del Veneto con oltre 70 milioni di presenze e 18 miliardi di fatturato\u201d. Lo ha annunciato oggi l\u2019assessore regionale al turismo Federico Caner, incontrando i rappresentanti del mondo economico e produttivo [&hellip;]","og_url":"https:\/\/www.bellunopress.it\/fr\/2020\/02\/25\/coronavirus-lassessore-al-turismo-istituisce-il-tavolo-operativo-per-superare-lemergenza\/","og_site_name":"Bellunopress - Dolomiti","article_publisher":"https:\/\/www.facebook.com\/profile.php?id=100008943462799","article_published_time":"2020-02-25T20:04:36+00:00","article_modified_time":"2020-02-26T10:05:33+00:00","og_image":[{"width":212,"height":300,"url":"https:\/\/www.bellunopress.it\/wp-content\/uploads\/2018\/09\/Caner.jpg","type":"image\/jpeg"}],"author":"redazione","twitter_card":"summary_large_image","twitter_creator":"@bellunopress","twitter_site":"@bellunopress","twitter_misc":{"\u00c9crit par":"redazione","Dur\u00e9e de lecture estim\u00e9e":"2 minutes"},"schema":{"@context":"https:\/\/schema.org","@graph":[{"@type":"Article","@id":"https:\/\/www.bellunopress.it\/2020\/02\/25\/coronavirus-lassessore-al-turismo-istituisce-il-tavolo-operativo-per-superare-lemergenza\/#article","isPartOf":{"@id":"https:\/\/www.bellunopress.it\/2020\/02\/25\/coronavirus-lassessore-al-turismo-istituisce-il-tavolo-operativo-per-superare-lemergenza\/"},"author":{"name":"redazione","@id":"https:\/\/www.bellunopress.it\/#\/schema\/person\/79bb06722b37ece1c03d3e94beb30d73"},"headline":"Coronavirus. L&#8217;assessore al Turismo istituisce il tavolo operativo per superare l&#8217;emergenza","datePublished":"2020-02-25T20:04:36+00:00","dateModified":"2020-02-26T10:05:33+00:00","mainEntityOfPage":{"@id":"https:\/\/www.bellunopress.it\/2020\/02\/25\/coronavirus-lassessore-al-turismo-istituisce-il-tavolo-operativo-per-superare-lemergenza\/"},"wordCount":353,"publisher":{"@id":"https:\/\/www.bellunopress.it\/#organization"},"image":{"@id":"https:\/\/www.bellunopress.it\/2020\/02\/25\/coronavirus-lassessore-al-turismo-istituisce-il-tavolo-operativo-per-superare-lemergenza\/#primaryimage"},"thumbnailUrl":"https:\/\/www.bellunopress.it\/wp-content\/uploads\/2018\/09\/Caner.jpg","articleSection":["Cronaca\/Politica","Prima Pagina","Sanit\u00e0 Medicina"],"inLanguage":"fr-FR"},{"@type":"WebPage","@id":"https:\/\/www.bellunopress.it\/2020\/02\/25\/coronavirus-lassessore-al-turismo-istituisce-il-tavolo-operativo-per-superare-lemergenza\/","url":"https:\/\/www.bellunopress.it\/2020\/02\/25\/coronavirus-lassessore-al-turismo-istituisce-il-tavolo-operativo-per-superare-lemergenza\/","name":"Coronavirus. L'assessore al Turismo istituisce il tavolo operativo per superare l'emergenza - Bellunopress - Dolomiti","isPartOf":{"@id":"https:\/\/www.bellunopress.it\/#website"},"primaryImageOfPage":{"@id":"https:\/\/www.bellunopress.it\/2020\/02\/25\/coronavirus-lassessore-al-turismo-istituisce-il-tavolo-operativo-per-superare-lemergenza\/#primaryimage"},"image":{"@id":"https:\/\/www.bellunopress.it\/2020\/02\/25\/coronavirus-lassessore-al-turismo-istituisce-il-tavolo-operativo-per-superare-lemergenza\/#primaryimage"},"thumbnailUrl":"https:\/\/www.bellunopress.it\/wp-content\/uploads\/2018\/09\/Caner.jpg","datePublished":"2020-02-25T20:04:36+00:00","dateModified":"2020-02-26T10:05:33+00:00","breadcrumb":{"@id":"https:\/\/www.bellunopress.it\/2020\/02\/25\/coronavirus-lassessore-al-turismo-istituisce-il-tavolo-operativo-per-superare-lemergenza\/#breadcrumb"},"inLanguage":"fr-FR","potentialAction":[{"@type":"ReadAction","target":["https:\/\/www.bellunopress.it\/2020\/02\/25\/coronavirus-lassessore-al-turismo-istituisce-il-tavolo-operativo-per-superare-lemergenza\/"]}]},{"@type":"ImageObject","inLanguage":"fr-FR","@id":"https:\/\/www.bellunopress.it\/2020\/02\/25\/coronavirus-lassessore-al-turismo-istituisce-il-tavolo-operativo-per-superare-lemergenza\/#primaryimage","url":"https:\/\/www.bellunopress.it\/wp-content\/uploads\/2018\/09\/Caner.jpg","contentUrl":"https:\/\/www.bellunopress.it\/wp-content\/uploads\/2018\/09\/Caner.jpg","width":212,"height":300,"caption":"Federico Caner, assessore regionale"},{"@type":"BreadcrumbList","@id":"https:\/\/www.bellunopress.it\/2020\/02\/25\/coronavirus-lassessore-al-turismo-istituisce-il-tavolo-operativo-per-superare-lemergenza\/#breadcrumb","itemListElement":[{"@type":"ListItem","position":1,"name":"Home","item":"https:\/\/www.bellunopress.it\/"},{"@type":"ListItem","position":2,"name":"Coronavirus. L&#8217;assessore al Turismo istituisce il tavolo operativo per superare l&#8217;emergenza"}]},{"@type":"WebSite","@id":"https:\/\/www.bellunopress.it\/#website","url":"https:\/\/www.bellunopress.it\/","name":"Bellunopress - Dolomiti","description":"e-mail: redazione@bellunopress.it","publisher":{"@id":"https:\/\/www.bellunopress.it\/#organization"},"potentialAction":[{"@type":"SearchAction","target":{"@type":"EntryPoint","urlTemplate":"https:\/\/www.bellunopress.it\/?s={search_term_string}"},"query-input":{"@type":"PropertyValueSpecification","valueRequired":true,"valueName":"search_term_string"}}],"inLanguage":"fr-FR"},{"@type":"Organization","@id":"https:\/\/www.bellunopress.it\/#organization","name":"Bellunopress","url":"https:\/\/www.bellunopress.it\/","logo":{"@type":"ImageObject","inLanguage":"fr-FR","@id":"https:\/\/www.bellunopress.it\/#\/schema\/logo\/image\/","url":"https:\/\/www.bellunopress.it\/wp-content\/uploads\/2011\/05\/cropped-logo-bellunopress-.jpg","contentUrl":"https:\/\/www.bellunopress.it\/wp-content\/uploads\/2011\/05\/cropped-logo-bellunopress-.jpg","width":512,"height":512,"caption":"Bellunopress"},"image":{"@id":"https:\/\/www.bellunopress.it\/#\/schema\/logo\/image\/"},"sameAs":["https:\/\/www.facebook.com\/profile.php?id=100008943462799","https:\/\/x.com\/bellunopress","https:\/\/www.linkedin.com\/hp\/?dnr=JBzUWaJfMUw8vbXJJ2tVW5-I3jZKvC4wsoxE&amp;amp;amp;amp;amp;amp;trk=nav_responsive_tab_home","https:\/\/www.youtube.com\/channel\/UCxL0wu1uN0_3_7hGG0306cw"]},{"@type":"Person","@id":"https:\/\/www.bellunopress.it\/#\/schema\/person\/79bb06722b37ece1c03d3e94beb30d73","name":"r\u00e9daction","image":{"@type":"ImageObject","inLanguage":"fr-FR","@id":"https:\/\/secure.gravatar.com\/avatar\/37d968a2e67a6fd04c169c4bdef102d0bc5d31b2546345219e348575eb80e9a0?s=96&d=mm&r=g","url":"https:\/\/secure.gravatar.com\/avatar\/37d968a2e67a6fd04c169c4bdef102d0bc5d31b2546345219e348575eb80e9a0?s=96&d=mm&r=g","contentUrl":"https:\/\/secure.gravatar.com\/avatar\/37d968a2e67a6fd04c169c4bdef102d0bc5d31b2546345219e348575eb80e9a0?s=96&d=mm&r=g","caption":"redazione"},"sameAs":["http:\/\/www.bellunopress.it","https:\/\/x.com\/bellunopress"],"url":"https:\/\/www.bellunopress.it\/fr\/author\/redazione\/"}]}},"_links":{"self":[{"href":"https:\/\/www.bellunopress.it\/fr\/wp-json\/wp\/v2\/posts\/112382","targetHints":{"allow":["GET"]}}],"collection":[{"href":"https:\/\/www.bellunopress.it\/fr\/wp-json\/wp\/v2\/posts"}],"about":[{"href":"https:\/\/www.bellunopress.it\/fr\/wp-json\/wp\/v2\/types\/post"}],"author":[{"embeddable":true,"href":"https:\/\/www.bellunopress.it\/fr\/wp-json\/wp\/v2\/users\/2"}],"replies":[{"embeddable":true,"href":"https:\/\/www.bellunopress.it\/fr\/wp-json\/wp\/v2\/comments?post=112382"}],"version-history":[{"count":1,"href":"https:\/\/www.bellunopress.it\/fr\/wp-json\/wp\/v2\/posts\/112382\/revisions"}],"predecessor-version":[{"id":112383,"href":"https:\/\/www.bellunopress.it\/fr\/wp-json\/wp\/v2\/posts\/112382\/revisions\/112383"}],"wp:featuredmedia":[{"embeddable":true,"href":"https:\/\/www.bellunopress.it\/fr\/wp-json\/wp\/v2\/media\/98275"}],"wp:attachment":[{"href":"https:\/\/www.bellunopress.it\/fr\/wp-json\/wp\/v2\/media?parent=112382"}],"wp:term":[{"taxonomy":"category","embeddable":true,"href":"https:\/\/www.bellunopress.it\/fr\/wp-json\/wp\/v2\/categories?post=112382"},{"taxonomy":"post_tag","embeddable":true,"href":"https:\/\/www.bellunopress.it\/fr\/wp-json\/wp\/v2\/tags?post=112382"}],"curies":[{"name":"wp","href":"https:\/\/api.w.org\/{rel}","templated":true}]}}