{"id":112380,"date":"2020-02-25T20:57:25","date_gmt":"2020-02-25T19:57:25","guid":{"rendered":"http:\/\/www.bellunopress.it\/?p=112380"},"modified":"2020-02-26T11:04:43","modified_gmt":"2020-02-26T10:04:43","slug":"il-presidente-di-unioncamere-veneto-mario-pozza-scrive-ai-ministri","status":"publish","type":"post","link":"https:\/\/www.bellunopress.it\/fr\/2020\/02\/25\/il-presidente-di-unioncamere-veneto-mario-pozza-scrive-ai-ministri\/","title":{"rendered":"Il presidente di Unioncamere Veneto Mario Pozza scrive ai ministri"},"content":{"rendered":"<figure id=\"attachment_98121\" aria-describedby=\"caption-attachment-98121\" style=\"width: 232px\" class=\"wp-caption alignleft\"><a href=\"http:\/\/www.bellunopress.it\/fr\/2018\/09\/21\/unioncamere-veneto-pozza-confermato-alla-presidenza-fino-al-2021\/mario-pozza-2\/\" rel=\"attachment wp-att-98121\"><img loading=\"lazy\" decoding=\"async\" class=\"size-thumbnail wp-image-98121\" src=\"http:\/\/www.bellunopress.it\/wp-content\/uploads\/2018\/09\/Mario-Pozza-232x300.jpg\" alt=\"\" width=\"232\" height=\"300\" \/><\/a><figcaption id=\"caption-attachment-98121\" class=\"wp-caption-text\">Mario Pozza<\/figcaption><\/figure>\n<p>In seguito al vertice con le categorie economiche e le parti sociali, tenutosi questa mattina a Marghera (Venezia) nella sede della Protezione civile e convocato dal governatore del Veneto Luca Zaia, il presidente di Unioncamere del Veneto Mario Pozza ha scritto due lettere indirizzate a Stefano Patuanelli, ministro dello Sviluppo economico, e a Roberto Gualtieri, ministro dell&#8217;Economia e delle Finanze.<\/p>\n<p>Ecco di seguito la sintesi della lettera inviata<\/p>\n<p>Caro Ministro,<\/p>\n<p>venerd\u00ec scorso a Padova abbiamo constatato il tuo rammarico per la mancata presentazione della norma che consente il completamento della Riforma delle Camere di commercio a causa delle &#8220;appartenenze territoriali dei parlamentari&#8221;, che hanno sinora impedito di raggiungere l&#8217;importante obbiettivo.<\/p>\n<p>Stiamo vivendo ore di estrema difficolt\u00e0 per le imprese non solo nei Comuni al centro dell&#8217;emergenza Coronavirus ma, per quanto riguarda il Veneto, nell&#8217;intero territorio regionale.<\/p>\n<p>I settori pi\u00f9 colpiti sono quelli che fino ad ora hanno trainato l&#8217;economia del Paese. Mi riferisco al turismo ed alla manifattura, che va in tutto il mondo. E&#8217; doveroso oggi fronteggiare l&#8217;emergenza e nel contempo pensare subito a quello che dobbiamo fare domani per ripristinare le condizioni di normalit\u00e0 e rilanciare il sistema imprenditoriale.<\/p>\n<p>Ci sono almeno tre questioni che devono essere affrontate, anche nell&#8217;ambito dei provvedimenti di urgenza che si stanno adottando in queste ore:<\/p>\n<p>1. Il decreto di approvazione dei programmi speciali finanziati dalle imprese con il 20% del diritto annuale, che riguardano proprio l&#8217;internazionalizzazione, il turismo, la formazione ed il lavoro per i giovani. Con la sua adozione le Camere di commercio potranno spendere immediatamente le risorse ed indirizzarle proprio alle imprese, poich\u00e9 si tratta per oltre la met\u00e0 dell&#8217;importo di voucher. Nel Veneto stiamo parlando di poco pi\u00f9 di 22.500.000 di \u20ac nel triennio 2020 \u2013 2022;<\/p>\n<p>2. la Legge di bilancio per l&#8217;esercizio in corso prevede l&#8217;inserimento anche delle Camere di commercio tra gli enti obbligati a non spendere totalmente le proprie risorse per gli interventi di promozione economica. E&#8217; una norma ancor pi\u00f9 incomprensibile in un momento in cui tali interventi sono urgenti ed indispensabili. Attendiamo celermente una circolare interpretativa del MISE, d&#8217;intesa con il MEF, che chiarisca l&#8217;esclusione di tale previsione;<\/p>\n<p>3. infine il quadro, ulteriormente aggravato dall&#8217;ultima Legge di bilancio, relativo<br \/>\nalle norme cosiddette &#8220;Tagliaspese&#8221; che nel decennio appena trascorso hanno coinvolto anche le Camere di commercio e le loro Unioni regionali. Ti propongo nuovamente di destinare le somme da versare al bilancio dello Stato annualmente (nella nostra regione ammontano a 5,5 milioni all&#8217;anno) a<br \/>\nprogrammi di intervento strategico a sostegno della competitivit\u00e0 e della crescita del sistema economico, anche a fronte delle emergenze che dovremo affrontare nel prossimo futuro. C&#8217;\u00e8 bisogno di ripristinare una immagine internazionale favorevole alle nostre imprese, oggi gravemente compromessa.<\/p>\n<p>Questa mia nota si aggiunge a quella che gi\u00e0 il Presidente nazionale Carlo Sangalli ti ha fatto tempestivamente pervenire e un&#8217;analoga comunicazione ho inviato al Ministro dell&#8217;Economia e delle Finanze.<\/p>\n<p>Certo di poter contare sulla tua grande attenzione e sollecitudine, ti porgo un cordiale saluto quale imprenditore di una delle 550.000 imprese venete.<\/p>\n<p>Mario Pozza<\/p>\n<p>Presidente Unioncamere del Veneto<\/p>","protected":false},"excerpt":{"rendered":"<p>In seguito al vertice con le categorie economiche e le parti sociali, tenutosi questa mattina a Marghera (Venezia) nella sede della Protezione civile e convocato dal governatore del Veneto Luca Zaia, il presidente di Unioncamere del Veneto Mario Pozza ha scritto due lettere indirizzate a Stefano Patuanelli, ministro dello Sviluppo economico, e a Roberto Gualtieri, [&hellip;]<\/p>\n","protected":false},"author":2,"featured_media":98121,"comment_status":"closed","ping_status":"open","sticky":true,"template":"","format":"standard","meta":{"footnotes":""},"categories":[36,26],"tags":[],"class_list":["post-112380","post","type-post","status-publish","format-standard","has-post-thumbnail","category-lavoro-economia","category-prima-pagina"],"yoast_head":"<!-- This site is optimized with the Yoast SEO plugin v28.4 - https:\/\/yoast.com\/product\/yoast-seo-wordpress\/ -->\n<title>Il presidente di Unioncamere Veneto Mario Pozza scrive ai ministri - Bellunopress - Dolomiti<\/title>\n<meta name=\"robots\" content=\"index, follow, max-snippet:-1, max-image-preview:large, max-video-preview:-1\" \/>\n<link rel=\"canonical\" href=\"https:\/\/www.bellunopress.it\/fr\/2020\/02\/25\/il-presidente-di-unioncamere-veneto-mario-pozza-scrive-ai-ministri\/\" \/>\n<meta property=\"og:locale\" content=\"fr_FR\" \/>\n<meta property=\"og:type\" content=\"article\" \/>\n<meta property=\"og:title\" content=\"Il presidente di Unioncamere Veneto Mario Pozza scrive ai ministri - Bellunopress - Dolomiti\" \/>\n<meta property=\"og:description\" content=\"In seguito al vertice con le categorie economiche e le parti sociali, tenutosi questa mattina a Marghera (Venezia) nella sede della Protezione civile e convocato dal governatore del Veneto Luca Zaia, il presidente di Unioncamere del Veneto Mario Pozza ha scritto due lettere indirizzate a Stefano Patuanelli, ministro dello Sviluppo economico, e a Roberto Gualtieri, [&hellip;]\" \/>\n<meta property=\"og:url\" content=\"https:\/\/www.bellunopress.it\/fr\/2020\/02\/25\/il-presidente-di-unioncamere-veneto-mario-pozza-scrive-ai-ministri\/\" \/>\n<meta property=\"og:site_name\" content=\"Bellunopress - Dolomiti\" \/>\n<meta property=\"article:publisher\" content=\"https:\/\/www.facebook.com\/profile.php?id=100008943462799\" \/>\n<meta property=\"article:published_time\" content=\"2020-02-25T19:57:25+00:00\" \/>\n<meta property=\"article:modified_time\" content=\"2020-02-26T10:04:43+00:00\" \/>\n<meta property=\"og:image\" content=\"https:\/\/www.bellunopress.it\/wp-content\/uploads\/2018\/09\/Mario-Pozza.jpg\" \/>\n\t<meta property=\"og:image:width\" content=\"232\" \/>\n\t<meta property=\"og:image:height\" content=\"300\" \/>\n\t<meta property=\"og:image:type\" content=\"image\/jpeg\" \/>\n<meta name=\"author\" content=\"redazione\" \/>\n<meta name=\"twitter:card\" content=\"summary_large_image\" \/>\n<meta name=\"twitter:creator\" content=\"@bellunopress\" \/>\n<meta name=\"twitter:site\" content=\"@bellunopress\" \/>\n<meta name=\"twitter:label1\" content=\"\u00c9crit par\" \/>\n\t<meta name=\"twitter:data1\" content=\"redazione\" \/>\n\t<meta name=\"twitter:label2\" content=\"Dur\u00e9e de lecture estim\u00e9e\" \/>\n\t<meta name=\"twitter:data2\" content=\"3 minutes\" \/>\n<script type=\"application\/ld+json\" class=\"yoast-schema-graph\">{\"@context\":\"https:\\\/\\\/schema.org\",\"@graph\":[{\"@type\":\"Article\",\"@id\":\"https:\\\/\\\/www.bellunopress.it\\\/2020\\\/02\\\/25\\\/il-presidente-di-unioncamere-veneto-mario-pozza-scrive-ai-ministri\\\/#article\",\"isPartOf\":{\"@id\":\"https:\\\/\\\/www.bellunopress.it\\\/2020\\\/02\\\/25\\\/il-presidente-di-unioncamere-veneto-mario-pozza-scrive-ai-ministri\\\/\"},\"author\":{\"name\":\"redazione\",\"@id\":\"https:\\\/\\\/www.bellunopress.it\\\/#\\\/schema\\\/person\\\/79bb06722b37ece1c03d3e94beb30d73\"},\"headline\":\"Il presidente di Unioncamere Veneto Mario Pozza scrive ai ministri\",\"datePublished\":\"2020-02-25T19:57:25+00:00\",\"dateModified\":\"2020-02-26T10:04:43+00:00\",\"mainEntityOfPage\":{\"@id\":\"https:\\\/\\\/www.bellunopress.it\\\/2020\\\/02\\\/25\\\/il-presidente-di-unioncamere-veneto-mario-pozza-scrive-ai-ministri\\\/\"},\"wordCount\":533,\"publisher\":{\"@id\":\"https:\\\/\\\/www.bellunopress.it\\\/#organization\"},\"image\":{\"@id\":\"https:\\\/\\\/www.bellunopress.it\\\/2020\\\/02\\\/25\\\/il-presidente-di-unioncamere-veneto-mario-pozza-scrive-ai-ministri\\\/#primaryimage\"},\"thumbnailUrl\":\"https:\\\/\\\/www.bellunopress.it\\\/wp-content\\\/uploads\\\/2018\\\/09\\\/Mario-Pozza.jpg\",\"articleSection\":[\"Lavoro, Economia, Turismo\",\"Prima Pagina\"],\"inLanguage\":\"fr-FR\"},{\"@type\":\"WebPage\",\"@id\":\"https:\\\/\\\/www.bellunopress.it\\\/2020\\\/02\\\/25\\\/il-presidente-di-unioncamere-veneto-mario-pozza-scrive-ai-ministri\\\/\",\"url\":\"https:\\\/\\\/www.bellunopress.it\\\/2020\\\/02\\\/25\\\/il-presidente-di-unioncamere-veneto-mario-pozza-scrive-ai-ministri\\\/\",\"name\":\"Il presidente di Unioncamere Veneto Mario Pozza scrive ai ministri - Bellunopress - Dolomiti\",\"isPartOf\":{\"@id\":\"https:\\\/\\\/www.bellunopress.it\\\/#website\"},\"primaryImageOfPage\":{\"@id\":\"https:\\\/\\\/www.bellunopress.it\\\/2020\\\/02\\\/25\\\/il-presidente-di-unioncamere-veneto-mario-pozza-scrive-ai-ministri\\\/#primaryimage\"},\"image\":{\"@id\":\"https:\\\/\\\/www.bellunopress.it\\\/2020\\\/02\\\/25\\\/il-presidente-di-unioncamere-veneto-mario-pozza-scrive-ai-ministri\\\/#primaryimage\"},\"thumbnailUrl\":\"https:\\\/\\\/www.bellunopress.it\\\/wp-content\\\/uploads\\\/2018\\\/09\\\/Mario-Pozza.jpg\",\"datePublished\":\"2020-02-25T19:57:25+00:00\",\"dateModified\":\"2020-02-26T10:04:43+00:00\",\"breadcrumb\":{\"@id\":\"https:\\\/\\\/www.bellunopress.it\\\/2020\\\/02\\\/25\\\/il-presidente-di-unioncamere-veneto-mario-pozza-scrive-ai-ministri\\\/#breadcrumb\"},\"inLanguage\":\"fr-FR\",\"potentialAction\":[{\"@type\":\"ReadAction\",\"target\":[\"https:\\\/\\\/www.bellunopress.it\\\/2020\\\/02\\\/25\\\/il-presidente-di-unioncamere-veneto-mario-pozza-scrive-ai-ministri\\\/\"]}]},{\"@type\":\"ImageObject\",\"inLanguage\":\"fr-FR\",\"@id\":\"https:\\\/\\\/www.bellunopress.it\\\/2020\\\/02\\\/25\\\/il-presidente-di-unioncamere-veneto-mario-pozza-scrive-ai-ministri\\\/#primaryimage\",\"url\":\"https:\\\/\\\/www.bellunopress.it\\\/wp-content\\\/uploads\\\/2018\\\/09\\\/Mario-Pozza.jpg\",\"contentUrl\":\"https:\\\/\\\/www.bellunopress.it\\\/wp-content\\\/uploads\\\/2018\\\/09\\\/Mario-Pozza.jpg\",\"width\":232,\"height\":300,\"caption\":\"Mario Pozza - Presidente Camera di Commercio Treviso\\\/Belluno\\\/Dolomiti\"},{\"@type\":\"BreadcrumbList\",\"@id\":\"https:\\\/\\\/www.bellunopress.it\\\/2020\\\/02\\\/25\\\/il-presidente-di-unioncamere-veneto-mario-pozza-scrive-ai-ministri\\\/#breadcrumb\",\"itemListElement\":[{\"@type\":\"ListItem\",\"position\":1,\"name\":\"Home\",\"item\":\"https:\\\/\\\/www.bellunopress.it\\\/\"},{\"@type\":\"ListItem\",\"position\":2,\"name\":\"Il presidente di Unioncamere Veneto Mario Pozza scrive ai ministri\"}]},{\"@type\":\"WebSite\",\"@id\":\"https:\\\/\\\/www.bellunopress.it\\\/#website\",\"url\":\"https:\\\/\\\/www.bellunopress.it\\\/\",\"name\":\"Bellunopress - Dolomiti\",\"description\":\"e-mail: redazione@bellunopress.it\",\"publisher\":{\"@id\":\"https:\\\/\\\/www.bellunopress.it\\\/#organization\"},\"potentialAction\":[{\"@type\":\"SearchAction\",\"target\":{\"@type\":\"EntryPoint\",\"urlTemplate\":\"https:\\\/\\\/www.bellunopress.it\\\/?s={search_term_string}\"},\"query-input\":{\"@type\":\"PropertyValueSpecification\",\"valueRequired\":true,\"valueName\":\"search_term_string\"}}],\"inLanguage\":\"fr-FR\"},{\"@type\":\"Organization\",\"@id\":\"https:\\\/\\\/www.bellunopress.it\\\/#organization\",\"name\":\"Bellunopress\",\"url\":\"https:\\\/\\\/www.bellunopress.it\\\/\",\"logo\":{\"@type\":\"ImageObject\",\"inLanguage\":\"fr-FR\",\"@id\":\"https:\\\/\\\/www.bellunopress.it\\\/#\\\/schema\\\/logo\\\/image\\\/\",\"url\":\"https:\\\/\\\/www.bellunopress.it\\\/wp-content\\\/uploads\\\/2011\\\/05\\\/cropped-logo-bellunopress-.jpg\",\"contentUrl\":\"https:\\\/\\\/www.bellunopress.it\\\/wp-content\\\/uploads\\\/2011\\\/05\\\/cropped-logo-bellunopress-.jpg\",\"width\":512,\"height\":512,\"caption\":\"Bellunopress\"},\"image\":{\"@id\":\"https:\\\/\\\/www.bellunopress.it\\\/#\\\/schema\\\/logo\\\/image\\\/\"},\"sameAs\":[\"https:\\\/\\\/www.facebook.com\\\/profile.php?id=100008943462799\",\"https:\\\/\\\/x.com\\\/bellunopress\",\"https:\\\/\\\/www.linkedin.com\\\/hp\\\/?dnr=JBzUWaJfMUw8vbXJJ2tVW5-I3jZKvC4wsoxE&amp;amp;amp;amp;amp;amp;trk=nav_responsive_tab_home\",\"https:\\\/\\\/www.youtube.com\\\/channel\\\/UCxL0wu1uN0_3_7hGG0306cw\"]},{\"@type\":\"Person\",\"@id\":\"https:\\\/\\\/www.bellunopress.it\\\/#\\\/schema\\\/person\\\/79bb06722b37ece1c03d3e94beb30d73\",\"name\":\"redazione\",\"image\":{\"@type\":\"ImageObject\",\"inLanguage\":\"fr-FR\",\"@id\":\"https:\\\/\\\/secure.gravatar.com\\\/avatar\\\/37d968a2e67a6fd04c169c4bdef102d0bc5d31b2546345219e348575eb80e9a0?s=96&d=mm&r=g\",\"url\":\"https:\\\/\\\/secure.gravatar.com\\\/avatar\\\/37d968a2e67a6fd04c169c4bdef102d0bc5d31b2546345219e348575eb80e9a0?s=96&d=mm&r=g\",\"contentUrl\":\"https:\\\/\\\/secure.gravatar.com\\\/avatar\\\/37d968a2e67a6fd04c169c4bdef102d0bc5d31b2546345219e348575eb80e9a0?s=96&d=mm&r=g\",\"caption\":\"redazione\"},\"sameAs\":[\"http:\\\/\\\/www.bellunopress.it\",\"https:\\\/\\\/x.com\\\/bellunopress\"],\"url\":\"https:\\\/\\\/www.bellunopress.it\\\/fr\\\/author\\\/redazione\\\/\"}]}<\/script>\n<!-- \/ Yoast SEO plugin. -->","yoast_head_json":{"title":"Il presidente di Unioncamere Veneto Mario Pozza scrive ai ministri - Bellunopress - Dolomiti","robots":{"index":"index","follow":"follow","max-snippet":"max-snippet:-1","max-image-preview":"max-image-preview:large","max-video-preview":"max-video-preview:-1"},"canonical":"https:\/\/www.bellunopress.it\/fr\/2020\/02\/25\/il-presidente-di-unioncamere-veneto-mario-pozza-scrive-ai-ministri\/","og_locale":"fr_FR","og_type":"article","og_title":"Il presidente di Unioncamere Veneto Mario Pozza scrive ai ministri - Bellunopress - Dolomiti","og_description":"In seguito al vertice con le categorie economiche e le parti sociali, tenutosi questa mattina a Marghera (Venezia) nella sede della Protezione civile e convocato dal governatore del Veneto Luca Zaia, il presidente di Unioncamere del Veneto Mario Pozza ha scritto due lettere indirizzate a Stefano Patuanelli, ministro dello Sviluppo economico, e a Roberto Gualtieri, [&hellip;]","og_url":"https:\/\/www.bellunopress.it\/fr\/2020\/02\/25\/il-presidente-di-unioncamere-veneto-mario-pozza-scrive-ai-ministri\/","og_site_name":"Bellunopress - Dolomiti","article_publisher":"https:\/\/www.facebook.com\/profile.php?id=100008943462799","article_published_time":"2020-02-25T19:57:25+00:00","article_modified_time":"2020-02-26T10:04:43+00:00","og_image":[{"width":232,"height":300,"url":"https:\/\/www.bellunopress.it\/wp-content\/uploads\/2018\/09\/Mario-Pozza.jpg","type":"image\/jpeg"}],"author":"redazione","twitter_card":"summary_large_image","twitter_creator":"@bellunopress","twitter_site":"@bellunopress","twitter_misc":{"\u00c9crit par":"redazione","Dur\u00e9e de lecture estim\u00e9e":"3 minutes"},"schema":{"@context":"https:\/\/schema.org","@graph":[{"@type":"Article","@id":"https:\/\/www.bellunopress.it\/2020\/02\/25\/il-presidente-di-unioncamere-veneto-mario-pozza-scrive-ai-ministri\/#article","isPartOf":{"@id":"https:\/\/www.bellunopress.it\/2020\/02\/25\/il-presidente-di-unioncamere-veneto-mario-pozza-scrive-ai-ministri\/"},"author":{"name":"redazione","@id":"https:\/\/www.bellunopress.it\/#\/schema\/person\/79bb06722b37ece1c03d3e94beb30d73"},"headline":"Il presidente di Unioncamere Veneto Mario Pozza scrive ai ministri","datePublished":"2020-02-25T19:57:25+00:00","dateModified":"2020-02-26T10:04:43+00:00","mainEntityOfPage":{"@id":"https:\/\/www.bellunopress.it\/2020\/02\/25\/il-presidente-di-unioncamere-veneto-mario-pozza-scrive-ai-ministri\/"},"wordCount":533,"publisher":{"@id":"https:\/\/www.bellunopress.it\/#organization"},"image":{"@id":"https:\/\/www.bellunopress.it\/2020\/02\/25\/il-presidente-di-unioncamere-veneto-mario-pozza-scrive-ai-ministri\/#primaryimage"},"thumbnailUrl":"https:\/\/www.bellunopress.it\/wp-content\/uploads\/2018\/09\/Mario-Pozza.jpg","articleSection":["Lavoro, Economia, Turismo","Prima Pagina"],"inLanguage":"fr-FR"},{"@type":"WebPage","@id":"https:\/\/www.bellunopress.it\/2020\/02\/25\/il-presidente-di-unioncamere-veneto-mario-pozza-scrive-ai-ministri\/","url":"https:\/\/www.bellunopress.it\/2020\/02\/25\/il-presidente-di-unioncamere-veneto-mario-pozza-scrive-ai-ministri\/","name":"Il presidente di Unioncamere Veneto Mario Pozza scrive ai ministri - Bellunopress - Dolomiti","isPartOf":{"@id":"https:\/\/www.bellunopress.it\/#website"},"primaryImageOfPage":{"@id":"https:\/\/www.bellunopress.it\/2020\/02\/25\/il-presidente-di-unioncamere-veneto-mario-pozza-scrive-ai-ministri\/#primaryimage"},"image":{"@id":"https:\/\/www.bellunopress.it\/2020\/02\/25\/il-presidente-di-unioncamere-veneto-mario-pozza-scrive-ai-ministri\/#primaryimage"},"thumbnailUrl":"https:\/\/www.bellunopress.it\/wp-content\/uploads\/2018\/09\/Mario-Pozza.jpg","datePublished":"2020-02-25T19:57:25+00:00","dateModified":"2020-02-26T10:04:43+00:00","breadcrumb":{"@id":"https:\/\/www.bellunopress.it\/2020\/02\/25\/il-presidente-di-unioncamere-veneto-mario-pozza-scrive-ai-ministri\/#breadcrumb"},"inLanguage":"fr-FR","potentialAction":[{"@type":"ReadAction","target":["https:\/\/www.bellunopress.it\/2020\/02\/25\/il-presidente-di-unioncamere-veneto-mario-pozza-scrive-ai-ministri\/"]}]},{"@type":"ImageObject","inLanguage":"fr-FR","@id":"https:\/\/www.bellunopress.it\/2020\/02\/25\/il-presidente-di-unioncamere-veneto-mario-pozza-scrive-ai-ministri\/#primaryimage","url":"https:\/\/www.bellunopress.it\/wp-content\/uploads\/2018\/09\/Mario-Pozza.jpg","contentUrl":"https:\/\/www.bellunopress.it\/wp-content\/uploads\/2018\/09\/Mario-Pozza.jpg","width":232,"height":300,"caption":"Mario Pozza - Presidente Camera di Commercio Treviso\/Belluno\/Dolomiti"},{"@type":"BreadcrumbList","@id":"https:\/\/www.bellunopress.it\/2020\/02\/25\/il-presidente-di-unioncamere-veneto-mario-pozza-scrive-ai-ministri\/#breadcrumb","itemListElement":[{"@type":"ListItem","position":1,"name":"Home","item":"https:\/\/www.bellunopress.it\/"},{"@type":"ListItem","position":2,"name":"Il presidente di Unioncamere Veneto Mario Pozza scrive ai ministri"}]},{"@type":"WebSite","@id":"https:\/\/www.bellunopress.it\/#website","url":"https:\/\/www.bellunopress.it\/","name":"Bellunopress - Dolomiti","description":"e-mail: redazione@bellunopress.it","publisher":{"@id":"https:\/\/www.bellunopress.it\/#organization"},"potentialAction":[{"@type":"SearchAction","target":{"@type":"EntryPoint","urlTemplate":"https:\/\/www.bellunopress.it\/?s={search_term_string}"},"query-input":{"@type":"PropertyValueSpecification","valueRequired":true,"valueName":"search_term_string"}}],"inLanguage":"fr-FR"},{"@type":"Organization","@id":"https:\/\/www.bellunopress.it\/#organization","name":"Bellunopress","url":"https:\/\/www.bellunopress.it\/","logo":{"@type":"ImageObject","inLanguage":"fr-FR","@id":"https:\/\/www.bellunopress.it\/#\/schema\/logo\/image\/","url":"https:\/\/www.bellunopress.it\/wp-content\/uploads\/2011\/05\/cropped-logo-bellunopress-.jpg","contentUrl":"https:\/\/www.bellunopress.it\/wp-content\/uploads\/2011\/05\/cropped-logo-bellunopress-.jpg","width":512,"height":512,"caption":"Bellunopress"},"image":{"@id":"https:\/\/www.bellunopress.it\/#\/schema\/logo\/image\/"},"sameAs":["https:\/\/www.facebook.com\/profile.php?id=100008943462799","https:\/\/x.com\/bellunopress","https:\/\/www.linkedin.com\/hp\/?dnr=JBzUWaJfMUw8vbXJJ2tVW5-I3jZKvC4wsoxE&amp;amp;amp;amp;amp;amp;trk=nav_responsive_tab_home","https:\/\/www.youtube.com\/channel\/UCxL0wu1uN0_3_7hGG0306cw"]},{"@type":"Person","@id":"https:\/\/www.bellunopress.it\/#\/schema\/person\/79bb06722b37ece1c03d3e94beb30d73","name":"r\u00e9daction","image":{"@type":"ImageObject","inLanguage":"fr-FR","@id":"https:\/\/secure.gravatar.com\/avatar\/37d968a2e67a6fd04c169c4bdef102d0bc5d31b2546345219e348575eb80e9a0?s=96&d=mm&r=g","url":"https:\/\/secure.gravatar.com\/avatar\/37d968a2e67a6fd04c169c4bdef102d0bc5d31b2546345219e348575eb80e9a0?s=96&d=mm&r=g","contentUrl":"https:\/\/secure.gravatar.com\/avatar\/37d968a2e67a6fd04c169c4bdef102d0bc5d31b2546345219e348575eb80e9a0?s=96&d=mm&r=g","caption":"redazione"},"sameAs":["http:\/\/www.bellunopress.it","https:\/\/x.com\/bellunopress"],"url":"https:\/\/www.bellunopress.it\/fr\/author\/redazione\/"}]}},"_links":{"self":[{"href":"https:\/\/www.bellunopress.it\/fr\/wp-json\/wp\/v2\/posts\/112380","targetHints":{"allow":["GET"]}}],"collection":[{"href":"https:\/\/www.bellunopress.it\/fr\/wp-json\/wp\/v2\/posts"}],"about":[{"href":"https:\/\/www.bellunopress.it\/fr\/wp-json\/wp\/v2\/types\/post"}],"author":[{"embeddable":true,"href":"https:\/\/www.bellunopress.it\/fr\/wp-json\/wp\/v2\/users\/2"}],"replies":[{"embeddable":true,"href":"https:\/\/www.bellunopress.it\/fr\/wp-json\/wp\/v2\/comments?post=112380"}],"version-history":[{"count":1,"href":"https:\/\/www.bellunopress.it\/fr\/wp-json\/wp\/v2\/posts\/112380\/revisions"}],"predecessor-version":[{"id":112381,"href":"https:\/\/www.bellunopress.it\/fr\/wp-json\/wp\/v2\/posts\/112380\/revisions\/112381"}],"wp:featuredmedia":[{"embeddable":true,"href":"https:\/\/www.bellunopress.it\/fr\/wp-json\/wp\/v2\/media\/98121"}],"wp:attachment":[{"href":"https:\/\/www.bellunopress.it\/fr\/wp-json\/wp\/v2\/media?parent=112380"}],"wp:term":[{"taxonomy":"category","embeddable":true,"href":"https:\/\/www.bellunopress.it\/fr\/wp-json\/wp\/v2\/categories?post=112380"},{"taxonomy":"post_tag","embeddable":true,"href":"https:\/\/www.bellunopress.it\/fr\/wp-json\/wp\/v2\/tags?post=112380"}],"curies":[{"name":"wp","href":"https:\/\/api.w.org\/{rel}","templated":true}]}}