{"id":11231,"date":"2010-01-05T12:50:59","date_gmt":"2010-01-05T11:50:59","guid":{"rendered":"http:\/\/www.bellunopress.it\/?p=11231"},"modified":"2010-01-05T12:50:59","modified_gmt":"2010-01-05T11:50:59","slug":"continua-il-winter-tour-della-birra-che-sta-animando-le-localita-sciistiche-delle-sue-origini-le-dolomiti","status":"publish","type":"post","link":"https:\/\/www.bellunopress.it\/fr\/2010\/01\/05\/continua-il-winter-tour-della-birra-che-sta-animando-le-localita-sciistiche-delle-sue-origini-le-dolomiti\/","title":{"rendered":"Continua il Winter tour della birra che sta animando le localit\u00e0 sciistiche delle sue origini: le Dolomiti"},"content":{"rendered":"<p><a href=\"http:\/\/www.bellunopress.it\/wp-content\/uploads\/2010\/01\/birra-dolomiti-leggera.jpg\"><img loading=\"lazy\" decoding=\"async\" class=\"alignleft size-medium wp-image-11233\" title=\"birra-dolomiti-leggera\" src=\"http:\/\/www.bellunopress.it\/wp-content\/uploads\/2010\/01\/birra-dolomiti-leggera.jpg\" alt=\"\" width=\"270\" height=\"158\" \/><\/a>Continuano gli eventi organizzati nella splendida cornice delle Dolomiti dove si brinda con il prodotto realizzato con le materie prime locali: la Birra Dolomiti. Nasce da un progetto unico nel suo genere, in grado di evocare a tutti i turisti i magnifici paesaggi e le bellezze del suo territorio, assieme alla qualit\u00e0 dei suoi prodotti e di ricordare agli operatori locali la ricchezza delle proprie terre capace di tradursi anche in ricadute positive per il territorio stesso.<br \/>\nGrande successo sabato 2 al \u201cBar Ristorante El Faral\u201d di Cortina (BL) e domenica 3 all\u2019 \u201cApreski\u201d, nel Nevegal (BL): gi\u00e0 sulle piste da sci le \u201cDolomitine\u201d hanno invitato i numerosi sciatori agli appuntamenti della giornata che hanno animato il pomeriggio e la serata con gadget, foto e musica, accompagnati dall\u2019immancabile Birra Dolomiti.<br \/>\nCoreografico il dj set installato sul pickup \u201cDolomiti\u201d che ha accompagnato gli sciatori con la musica fin dal mattino per poi proseguire la festa all\u2019interno dei locali, nell\u2019apr\u00e8s-ski, il fenomeno di tendenza dell\u2019inverno dove gli appassionati della montagna e del divertimento si scatenano e socializzano dopo una giornata trascorsa sulla neve.<\/p>\n<p>Tutto \u00e8 pronto per le prossime tappe del bellunese: il 6 gennaio dalle 10.30 alle 17 al \u201cSelf Service Pezz\u00e8\u201d e al \u201cRistorante Fontanabona\u201d di Pian di Pezz\u00e8, Alleghe e nella serata, dalle 21 fino a tarda notte, al Pub \u201cColdai\u201d, di Alleghe.<\/p>\n<p>Ancora territorio, prodotto e divertimento legati al \u201clocale\u201d, nella splendida cornice delle Dolomiti che si chiuder\u00e0 simbolicamente a Feltre sabato 9 gennaio, dove l\u2019intera Via XXI Ottobre sar\u00e0 chiusa al traffico e interamente dedicata alla Birra Dolomiti, prodotta nel vicino stabilimento di Pedavena.<\/p>\n<p>Alleghiamo alcuni scatti delle due giornate.<\/p>\n<p>La Birra Dolomiti<br \/>\nIl Gruppo Birra Castello Spa oltre ai tradizionali marchi Birra Castello e Pedavena ha lanciato sul mercato una nuova linea di prodotto fortemente legata al territorio e che proprio dai requisiti collegati alla territorialit\u00e0 trae le sue caratteristiche inconfondibili. La nuova Birra Dolomiti, oltre ad utilizzare l\u2019acqua sorgiva delle Dolomiti, come tutte le birre Pedavena, \u00e8 stata prodotta rispettando l\u2019ambiente, con l\u2019orzo coltivato nell\u2019area circostante al Parco Nazionale delle Dolomiti Bellunesi.<br \/>\nUna birra che nasce nel cuore delle Dolomiti in uno scenario di rara bellezza, circondato da una natura ancora incontaminata, eletto ufficialmente dall\u2019Unesco, lo scorso 26 giugno, a bene naturale Patrimonio Universale dell\u2019Umanit\u00e0.<br \/>\nDisponibile nella classica bottiglia da 33 cl e in fusti da 20 e 30 litri, presente nelle versioni doppio malto 6.7\u00b0, dal gusto complesso e fruttato con note di mela, vaniglia e mandorla, e Pils 4.9\u00b0, dissetante ed equilibrata dal gusto pieno e armonioso.<\/p>","protected":false},"excerpt":{"rendered":"<p>Continuano gli eventi organizzati nella splendida cornice delle Dolomiti dove si brinda con il prodotto realizzato con le materie prime locali: la Birra Dolomiti. Nasce da un progetto unico nel suo genere, in grado di evocare a tutti i turisti i magnifici paesaggi e le bellezze del suo territorio, assieme alla qualit\u00e0 dei suoi prodotti [&hellip;]<\/p>\n","protected":false},"author":2,"featured_media":0,"comment_status":"closed","ping_status":"open","sticky":false,"template":"","format":"standard","meta":{"footnotes":""},"categories":[27,36,26],"tags":[139,63,302],"class_list":["post-11231","post","type-post","status-publish","format-standard","category-appuntamenti","category-lavoro-economia","category-prima-pagina","tag-belluno","tag-dolomiti","tag-feltre"],"yoast_head":"<!-- This site is optimized with the Yoast SEO plugin v28.4 - https:\/\/yoast.com\/product\/yoast-seo-wordpress\/ -->\n<title>Continua il Winter tour della birra che sta animando le localit\u00e0 sciistiche delle sue origini: le Dolomiti - Bellunopress - Dolomiti<\/title>\n<meta name=\"robots\" content=\"index, follow, max-snippet:-1, max-image-preview:large, max-video-preview:-1\" \/>\n<link rel=\"canonical\" href=\"https:\/\/www.bellunopress.it\/fr\/2010\/01\/05\/continua-il-winter-tour-della-birra-che-sta-animando-le-localita-sciistiche-delle-sue-origini-le-dolomiti\/\" \/>\n<meta property=\"og:locale\" content=\"fr_FR\" \/>\n<meta property=\"og:type\" content=\"article\" \/>\n<meta property=\"og:title\" content=\"Continua il Winter tour della birra che sta animando le localit\u00e0 sciistiche delle sue origini: le Dolomiti - Bellunopress - Dolomiti\" \/>\n<meta property=\"og:description\" content=\"Continuano gli eventi organizzati nella splendida cornice delle Dolomiti dove si brinda con il prodotto realizzato con le materie prime locali: la Birra Dolomiti. Nasce da un progetto unico nel suo genere, in grado di evocare a tutti i turisti i magnifici paesaggi e le bellezze del suo territorio, assieme alla qualit\u00e0 dei suoi prodotti [&hellip;]\" \/>\n<meta property=\"og:url\" content=\"https:\/\/www.bellunopress.it\/fr\/2010\/01\/05\/continua-il-winter-tour-della-birra-che-sta-animando-le-localita-sciistiche-delle-sue-origini-le-dolomiti\/\" \/>\n<meta property=\"og:site_name\" content=\"Bellunopress - Dolomiti\" \/>\n<meta property=\"article:publisher\" content=\"https:\/\/www.facebook.com\/profile.php?id=100008943462799\" \/>\n<meta property=\"article:published_time\" content=\"2010-01-05T11:50:59+00:00\" \/>\n<meta property=\"og:image\" content=\"http:\/\/www.bellunopress.it\/wp-content\/uploads\/2010\/01\/birra-dolomiti-leggera.jpg\" \/>\n<meta name=\"author\" content=\"redazione\" \/>\n<meta name=\"twitter:card\" content=\"summary_large_image\" \/>\n<meta name=\"twitter:creator\" content=\"@bellunopress\" \/>\n<meta name=\"twitter:site\" content=\"@bellunopress\" \/>\n<meta name=\"twitter:label1\" content=\"\u00c9crit par\" \/>\n\t<meta name=\"twitter:data1\" content=\"redazione\" \/>\n\t<meta name=\"twitter:label2\" content=\"Dur\u00e9e de lecture estim\u00e9e\" \/>\n\t<meta name=\"twitter:data2\" content=\"2 minutes\" \/>\n<script type=\"application\/ld+json\" class=\"yoast-schema-graph\">{\"@context\":\"https:\\\/\\\/schema.org\",\"@graph\":[{\"@type\":\"Article\",\"@id\":\"https:\\\/\\\/www.bellunopress.it\\\/2010\\\/01\\\/05\\\/continua-il-winter-tour-della-birra-che-sta-animando-le-localita-sciistiche-delle-sue-origini-le-dolomiti\\\/#article\",\"isPartOf\":{\"@id\":\"https:\\\/\\\/www.bellunopress.it\\\/2010\\\/01\\\/05\\\/continua-il-winter-tour-della-birra-che-sta-animando-le-localita-sciistiche-delle-sue-origini-le-dolomiti\\\/\"},\"author\":{\"name\":\"redazione\",\"@id\":\"https:\\\/\\\/www.bellunopress.it\\\/#\\\/schema\\\/person\\\/79bb06722b37ece1c03d3e94beb30d73\"},\"headline\":\"Continua il Winter tour della birra che sta animando le localit\u00e0 sciistiche delle sue origini: le Dolomiti\",\"datePublished\":\"2010-01-05T11:50:59+00:00\",\"mainEntityOfPage\":{\"@id\":\"https:\\\/\\\/www.bellunopress.it\\\/2010\\\/01\\\/05\\\/continua-il-winter-tour-della-birra-che-sta-animando-le-localita-sciistiche-delle-sue-origini-le-dolomiti\\\/\"},\"wordCount\":438,\"publisher\":{\"@id\":\"https:\\\/\\\/www.bellunopress.it\\\/#organization\"},\"image\":{\"@id\":\"https:\\\/\\\/www.bellunopress.it\\\/2010\\\/01\\\/05\\\/continua-il-winter-tour-della-birra-che-sta-animando-le-localita-sciistiche-delle-sue-origini-le-dolomiti\\\/#primaryimage\"},\"thumbnailUrl\":\"http:\\\/\\\/www.bellunopress.it\\\/wp-content\\\/uploads\\\/2010\\\/01\\\/birra-dolomiti-leggera.jpg\",\"keywords\":[\"Belluno\",\"Dolomiti\",\"Feltre\"],\"articleSection\":[\"Appuntamenti, Eventi\",\"Lavoro, Economia, Turismo\",\"Prima Pagina\"],\"inLanguage\":\"fr-FR\"},{\"@type\":\"WebPage\",\"@id\":\"https:\\\/\\\/www.bellunopress.it\\\/2010\\\/01\\\/05\\\/continua-il-winter-tour-della-birra-che-sta-animando-le-localita-sciistiche-delle-sue-origini-le-dolomiti\\\/\",\"url\":\"https:\\\/\\\/www.bellunopress.it\\\/2010\\\/01\\\/05\\\/continua-il-winter-tour-della-birra-che-sta-animando-le-localita-sciistiche-delle-sue-origini-le-dolomiti\\\/\",\"name\":\"Continua il Winter tour della birra che sta animando le localit\u00e0 sciistiche delle sue origini: le Dolomiti - Bellunopress - Dolomiti\",\"isPartOf\":{\"@id\":\"https:\\\/\\\/www.bellunopress.it\\\/#website\"},\"primaryImageOfPage\":{\"@id\":\"https:\\\/\\\/www.bellunopress.it\\\/2010\\\/01\\\/05\\\/continua-il-winter-tour-della-birra-che-sta-animando-le-localita-sciistiche-delle-sue-origini-le-dolomiti\\\/#primaryimage\"},\"image\":{\"@id\":\"https:\\\/\\\/www.bellunopress.it\\\/2010\\\/01\\\/05\\\/continua-il-winter-tour-della-birra-che-sta-animando-le-localita-sciistiche-delle-sue-origini-le-dolomiti\\\/#primaryimage\"},\"thumbnailUrl\":\"http:\\\/\\\/www.bellunopress.it\\\/wp-content\\\/uploads\\\/2010\\\/01\\\/birra-dolomiti-leggera.jpg\",\"datePublished\":\"2010-01-05T11:50:59+00:00\",\"breadcrumb\":{\"@id\":\"https:\\\/\\\/www.bellunopress.it\\\/2010\\\/01\\\/05\\\/continua-il-winter-tour-della-birra-che-sta-animando-le-localita-sciistiche-delle-sue-origini-le-dolomiti\\\/#breadcrumb\"},\"inLanguage\":\"fr-FR\",\"potentialAction\":[{\"@type\":\"ReadAction\",\"target\":[\"https:\\\/\\\/www.bellunopress.it\\\/2010\\\/01\\\/05\\\/continua-il-winter-tour-della-birra-che-sta-animando-le-localita-sciistiche-delle-sue-origini-le-dolomiti\\\/\"]}]},{\"@type\":\"ImageObject\",\"inLanguage\":\"fr-FR\",\"@id\":\"https:\\\/\\\/www.bellunopress.it\\\/2010\\\/01\\\/05\\\/continua-il-winter-tour-della-birra-che-sta-animando-le-localita-sciistiche-delle-sue-origini-le-dolomiti\\\/#primaryimage\",\"url\":\"http:\\\/\\\/www.bellunopress.it\\\/wp-content\\\/uploads\\\/2010\\\/01\\\/birra-dolomiti-leggera.jpg\",\"contentUrl\":\"http:\\\/\\\/www.bellunopress.it\\\/wp-content\\\/uploads\\\/2010\\\/01\\\/birra-dolomiti-leggera.jpg\"},{\"@type\":\"BreadcrumbList\",\"@id\":\"https:\\\/\\\/www.bellunopress.it\\\/2010\\\/01\\\/05\\\/continua-il-winter-tour-della-birra-che-sta-animando-le-localita-sciistiche-delle-sue-origini-le-dolomiti\\\/#breadcrumb\",\"itemListElement\":[{\"@type\":\"ListItem\",\"position\":1,\"name\":\"Home\",\"item\":\"https:\\\/\\\/www.bellunopress.it\\\/\"},{\"@type\":\"ListItem\",\"position\":2,\"name\":\"Continua il Winter tour della birra che sta animando le localit\u00e0 sciistiche delle sue origini: le Dolomiti\"}]},{\"@type\":\"WebSite\",\"@id\":\"https:\\\/\\\/www.bellunopress.it\\\/#website\",\"url\":\"https:\\\/\\\/www.bellunopress.it\\\/\",\"name\":\"Bellunopress - Dolomiti\",\"description\":\"e-mail: redazione@bellunopress.it\",\"publisher\":{\"@id\":\"https:\\\/\\\/www.bellunopress.it\\\/#organization\"},\"potentialAction\":[{\"@type\":\"SearchAction\",\"target\":{\"@type\":\"EntryPoint\",\"urlTemplate\":\"https:\\\/\\\/www.bellunopress.it\\\/?s={search_term_string}\"},\"query-input\":{\"@type\":\"PropertyValueSpecification\",\"valueRequired\":true,\"valueName\":\"search_term_string\"}}],\"inLanguage\":\"fr-FR\"},{\"@type\":\"Organization\",\"@id\":\"https:\\\/\\\/www.bellunopress.it\\\/#organization\",\"name\":\"Bellunopress\",\"url\":\"https:\\\/\\\/www.bellunopress.it\\\/\",\"logo\":{\"@type\":\"ImageObject\",\"inLanguage\":\"fr-FR\",\"@id\":\"https:\\\/\\\/www.bellunopress.it\\\/#\\\/schema\\\/logo\\\/image\\\/\",\"url\":\"https:\\\/\\\/www.bellunopress.it\\\/wp-content\\\/uploads\\\/2011\\\/05\\\/cropped-logo-bellunopress-.jpg\",\"contentUrl\":\"https:\\\/\\\/www.bellunopress.it\\\/wp-content\\\/uploads\\\/2011\\\/05\\\/cropped-logo-bellunopress-.jpg\",\"width\":512,\"height\":512,\"caption\":\"Bellunopress\"},\"image\":{\"@id\":\"https:\\\/\\\/www.bellunopress.it\\\/#\\\/schema\\\/logo\\\/image\\\/\"},\"sameAs\":[\"https:\\\/\\\/www.facebook.com\\\/profile.php?id=100008943462799\",\"https:\\\/\\\/x.com\\\/bellunopress\",\"https:\\\/\\\/www.linkedin.com\\\/hp\\\/?dnr=JBzUWaJfMUw8vbXJJ2tVW5-I3jZKvC4wsoxE&amp;amp;amp;amp;amp;amp;trk=nav_responsive_tab_home\",\"https:\\\/\\\/www.youtube.com\\\/channel\\\/UCxL0wu1uN0_3_7hGG0306cw\"]},{\"@type\":\"Person\",\"@id\":\"https:\\\/\\\/www.bellunopress.it\\\/#\\\/schema\\\/person\\\/79bb06722b37ece1c03d3e94beb30d73\",\"name\":\"redazione\",\"image\":{\"@type\":\"ImageObject\",\"inLanguage\":\"fr-FR\",\"@id\":\"https:\\\/\\\/secure.gravatar.com\\\/avatar\\\/37d968a2e67a6fd04c169c4bdef102d0bc5d31b2546345219e348575eb80e9a0?s=96&d=mm&r=g\",\"url\":\"https:\\\/\\\/secure.gravatar.com\\\/avatar\\\/37d968a2e67a6fd04c169c4bdef102d0bc5d31b2546345219e348575eb80e9a0?s=96&d=mm&r=g\",\"contentUrl\":\"https:\\\/\\\/secure.gravatar.com\\\/avatar\\\/37d968a2e67a6fd04c169c4bdef102d0bc5d31b2546345219e348575eb80e9a0?s=96&d=mm&r=g\",\"caption\":\"redazione\"},\"sameAs\":[\"http:\\\/\\\/www.bellunopress.it\",\"https:\\\/\\\/x.com\\\/bellunopress\"],\"url\":\"https:\\\/\\\/www.bellunopress.it\\\/fr\\\/author\\\/redazione\\\/\"}]}<\/script>\n<!-- \/ Yoast SEO plugin. -->","yoast_head_json":{"title":"Continua il Winter tour della birra che sta animando le localit\u00e0 sciistiche delle sue origini: le Dolomiti - Bellunopress - Dolomiti","robots":{"index":"index","follow":"follow","max-snippet":"max-snippet:-1","max-image-preview":"max-image-preview:large","max-video-preview":"max-video-preview:-1"},"canonical":"https:\/\/www.bellunopress.it\/fr\/2010\/01\/05\/continua-il-winter-tour-della-birra-che-sta-animando-le-localita-sciistiche-delle-sue-origini-le-dolomiti\/","og_locale":"fr_FR","og_type":"article","og_title":"Continua il Winter tour della birra che sta animando le localit\u00e0 sciistiche delle sue origini: le Dolomiti - Bellunopress - Dolomiti","og_description":"Continuano gli eventi organizzati nella splendida cornice delle Dolomiti dove si brinda con il prodotto realizzato con le materie prime locali: la Birra Dolomiti. Nasce da un progetto unico nel suo genere, in grado di evocare a tutti i turisti i magnifici paesaggi e le bellezze del suo territorio, assieme alla qualit\u00e0 dei suoi prodotti [&hellip;]","og_url":"https:\/\/www.bellunopress.it\/fr\/2010\/01\/05\/continua-il-winter-tour-della-birra-che-sta-animando-le-localita-sciistiche-delle-sue-origini-le-dolomiti\/","og_site_name":"Bellunopress - Dolomiti","article_publisher":"https:\/\/www.facebook.com\/profile.php?id=100008943462799","article_published_time":"2010-01-05T11:50:59+00:00","og_image":[{"url":"http:\/\/www.bellunopress.it\/wp-content\/uploads\/2010\/01\/birra-dolomiti-leggera.jpg","type":"","width":"","height":""}],"author":"redazione","twitter_card":"summary_large_image","twitter_creator":"@bellunopress","twitter_site":"@bellunopress","twitter_misc":{"\u00c9crit par":"redazione","Dur\u00e9e de lecture estim\u00e9e":"2 minutes"},"schema":{"@context":"https:\/\/schema.org","@graph":[{"@type":"Article","@id":"https:\/\/www.bellunopress.it\/2010\/01\/05\/continua-il-winter-tour-della-birra-che-sta-animando-le-localita-sciistiche-delle-sue-origini-le-dolomiti\/#article","isPartOf":{"@id":"https:\/\/www.bellunopress.it\/2010\/01\/05\/continua-il-winter-tour-della-birra-che-sta-animando-le-localita-sciistiche-delle-sue-origini-le-dolomiti\/"},"author":{"name":"redazione","@id":"https:\/\/www.bellunopress.it\/#\/schema\/person\/79bb06722b37ece1c03d3e94beb30d73"},"headline":"Continua il Winter tour della birra che sta animando le localit\u00e0 sciistiche delle sue origini: le Dolomiti","datePublished":"2010-01-05T11:50:59+00:00","mainEntityOfPage":{"@id":"https:\/\/www.bellunopress.it\/2010\/01\/05\/continua-il-winter-tour-della-birra-che-sta-animando-le-localita-sciistiche-delle-sue-origini-le-dolomiti\/"},"wordCount":438,"publisher":{"@id":"https:\/\/www.bellunopress.it\/#organization"},"image":{"@id":"https:\/\/www.bellunopress.it\/2010\/01\/05\/continua-il-winter-tour-della-birra-che-sta-animando-le-localita-sciistiche-delle-sue-origini-le-dolomiti\/#primaryimage"},"thumbnailUrl":"http:\/\/www.bellunopress.it\/wp-content\/uploads\/2010\/01\/birra-dolomiti-leggera.jpg","keywords":["Belluno","Dolomiti","Feltre"],"articleSection":["Appuntamenti, Eventi","Lavoro, Economia, Turismo","Prima Pagina"],"inLanguage":"fr-FR"},{"@type":"WebPage","@id":"https:\/\/www.bellunopress.it\/2010\/01\/05\/continua-il-winter-tour-della-birra-che-sta-animando-le-localita-sciistiche-delle-sue-origini-le-dolomiti\/","url":"https:\/\/www.bellunopress.it\/2010\/01\/05\/continua-il-winter-tour-della-birra-che-sta-animando-le-localita-sciistiche-delle-sue-origini-le-dolomiti\/","name":"Continua il Winter tour della birra che sta animando le localit\u00e0 sciistiche delle sue origini: le Dolomiti - Bellunopress - Dolomiti","isPartOf":{"@id":"https:\/\/www.bellunopress.it\/#website"},"primaryImageOfPage":{"@id":"https:\/\/www.bellunopress.it\/2010\/01\/05\/continua-il-winter-tour-della-birra-che-sta-animando-le-localita-sciistiche-delle-sue-origini-le-dolomiti\/#primaryimage"},"image":{"@id":"https:\/\/www.bellunopress.it\/2010\/01\/05\/continua-il-winter-tour-della-birra-che-sta-animando-le-localita-sciistiche-delle-sue-origini-le-dolomiti\/#primaryimage"},"thumbnailUrl":"http:\/\/www.bellunopress.it\/wp-content\/uploads\/2010\/01\/birra-dolomiti-leggera.jpg","datePublished":"2010-01-05T11:50:59+00:00","breadcrumb":{"@id":"https:\/\/www.bellunopress.it\/2010\/01\/05\/continua-il-winter-tour-della-birra-che-sta-animando-le-localita-sciistiche-delle-sue-origini-le-dolomiti\/#breadcrumb"},"inLanguage":"fr-FR","potentialAction":[{"@type":"ReadAction","target":["https:\/\/www.bellunopress.it\/2010\/01\/05\/continua-il-winter-tour-della-birra-che-sta-animando-le-localita-sciistiche-delle-sue-origini-le-dolomiti\/"]}]},{"@type":"ImageObject","inLanguage":"fr-FR","@id":"https:\/\/www.bellunopress.it\/2010\/01\/05\/continua-il-winter-tour-della-birra-che-sta-animando-le-localita-sciistiche-delle-sue-origini-le-dolomiti\/#primaryimage","url":"http:\/\/www.bellunopress.it\/wp-content\/uploads\/2010\/01\/birra-dolomiti-leggera.jpg","contentUrl":"http:\/\/www.bellunopress.it\/wp-content\/uploads\/2010\/01\/birra-dolomiti-leggera.jpg"},{"@type":"BreadcrumbList","@id":"https:\/\/www.bellunopress.it\/2010\/01\/05\/continua-il-winter-tour-della-birra-che-sta-animando-le-localita-sciistiche-delle-sue-origini-le-dolomiti\/#breadcrumb","itemListElement":[{"@type":"ListItem","position":1,"name":"Home","item":"https:\/\/www.bellunopress.it\/"},{"@type":"ListItem","position":2,"name":"Continua il Winter tour della birra che sta animando le localit\u00e0 sciistiche delle sue origini: le Dolomiti"}]},{"@type":"WebSite","@id":"https:\/\/www.bellunopress.it\/#website","url":"https:\/\/www.bellunopress.it\/","name":"Bellunopress - Dolomiti","description":"e-mail: redazione@bellunopress.it","publisher":{"@id":"https:\/\/www.bellunopress.it\/#organization"},"potentialAction":[{"@type":"SearchAction","target":{"@type":"EntryPoint","urlTemplate":"https:\/\/www.bellunopress.it\/?s={search_term_string}"},"query-input":{"@type":"PropertyValueSpecification","valueRequired":true,"valueName":"search_term_string"}}],"inLanguage":"fr-FR"},{"@type":"Organization","@id":"https:\/\/www.bellunopress.it\/#organization","name":"Bellunopress","url":"https:\/\/www.bellunopress.it\/","logo":{"@type":"ImageObject","inLanguage":"fr-FR","@id":"https:\/\/www.bellunopress.it\/#\/schema\/logo\/image\/","url":"https:\/\/www.bellunopress.it\/wp-content\/uploads\/2011\/05\/cropped-logo-bellunopress-.jpg","contentUrl":"https:\/\/www.bellunopress.it\/wp-content\/uploads\/2011\/05\/cropped-logo-bellunopress-.jpg","width":512,"height":512,"caption":"Bellunopress"},"image":{"@id":"https:\/\/www.bellunopress.it\/#\/schema\/logo\/image\/"},"sameAs":["https:\/\/www.facebook.com\/profile.php?id=100008943462799","https:\/\/x.com\/bellunopress","https:\/\/www.linkedin.com\/hp\/?dnr=JBzUWaJfMUw8vbXJJ2tVW5-I3jZKvC4wsoxE&amp;amp;amp;amp;amp;amp;trk=nav_responsive_tab_home","https:\/\/www.youtube.com\/channel\/UCxL0wu1uN0_3_7hGG0306cw"]},{"@type":"Person","@id":"https:\/\/www.bellunopress.it\/#\/schema\/person\/79bb06722b37ece1c03d3e94beb30d73","name":"r\u00e9daction","image":{"@type":"ImageObject","inLanguage":"fr-FR","@id":"https:\/\/secure.gravatar.com\/avatar\/37d968a2e67a6fd04c169c4bdef102d0bc5d31b2546345219e348575eb80e9a0?s=96&d=mm&r=g","url":"https:\/\/secure.gravatar.com\/avatar\/37d968a2e67a6fd04c169c4bdef102d0bc5d31b2546345219e348575eb80e9a0?s=96&d=mm&r=g","contentUrl":"https:\/\/secure.gravatar.com\/avatar\/37d968a2e67a6fd04c169c4bdef102d0bc5d31b2546345219e348575eb80e9a0?s=96&d=mm&r=g","caption":"redazione"},"sameAs":["http:\/\/www.bellunopress.it","https:\/\/x.com\/bellunopress"],"url":"https:\/\/www.bellunopress.it\/fr\/author\/redazione\/"}]}},"_links":{"self":[{"href":"https:\/\/www.bellunopress.it\/fr\/wp-json\/wp\/v2\/posts\/11231","targetHints":{"allow":["GET"]}}],"collection":[{"href":"https:\/\/www.bellunopress.it\/fr\/wp-json\/wp\/v2\/posts"}],"about":[{"href":"https:\/\/www.bellunopress.it\/fr\/wp-json\/wp\/v2\/types\/post"}],"author":[{"embeddable":true,"href":"https:\/\/www.bellunopress.it\/fr\/wp-json\/wp\/v2\/users\/2"}],"replies":[{"embeddable":true,"href":"https:\/\/www.bellunopress.it\/fr\/wp-json\/wp\/v2\/comments?post=11231"}],"version-history":[{"count":1,"href":"https:\/\/www.bellunopress.it\/fr\/wp-json\/wp\/v2\/posts\/11231\/revisions"}],"predecessor-version":[{"id":11234,"href":"https:\/\/www.bellunopress.it\/fr\/wp-json\/wp\/v2\/posts\/11231\/revisions\/11234"}],"wp:attachment":[{"href":"https:\/\/www.bellunopress.it\/fr\/wp-json\/wp\/v2\/media?parent=11231"}],"wp:term":[{"taxonomy":"category","embeddable":true,"href":"https:\/\/www.bellunopress.it\/fr\/wp-json\/wp\/v2\/categories?post=11231"},{"taxonomy":"post_tag","embeddable":true,"href":"https:\/\/www.bellunopress.it\/fr\/wp-json\/wp\/v2\/tags?post=11231"}],"curies":[{"name":"wp","href":"https:\/\/api.w.org\/{rel}","templated":true}]}}