{"id":112276,"date":"2020-02-23T12:03:19","date_gmt":"2020-02-23T11:03:19","guid":{"rendered":"http:\/\/www.bellunopress.it\/?p=112276"},"modified":"2020-02-21T12:07:22","modified_gmt":"2020-02-21T11:07:22","slug":"lunedi-a-belluno-massimiliano-ossini-presenta-il-suo-libro-kalipe-il-cammino-della-semplicita","status":"publish","type":"post","link":"https:\/\/www.bellunopress.it\/fr\/2020\/02\/23\/lunedi-a-belluno-massimiliano-ossini-presenta-il-suo-libro-kalipe-il-cammino-della-semplicita\/","title":{"rendered":"Luned\u00ec a Belluno Massimiliano Ossini presenta il suo libro Kalip\u00e8 Il cammino della semplicit\u00e0"},"content":{"rendered":"<p>La Proloco Pieve Castionese in collaborazione con il Comune Di Belluno e la DMO Dolomiti, ha organizzato per luned\u00ec 24 febbraio alle ore 20:45 nella Sala Convegni del Centro Giovanni XXIII di Belluno, un appuntamento con Massimiliano Ossini il quale presenter\u00e0 in prima assoluta nazionale il suo nuovo libro Kalip\u00e8 Il cammino alla semplicit\u00e0.<\/p>\n<figure id=\"attachment_21840\" aria-describedby=\"caption-attachment-21840\" style=\"width: 280px\" class=\"wp-caption alignleft\"><a href=\"http:\/\/www.bellunopress.it\/fr\/2010\/12\/06\/oltre-300-persone-per-%e2%80%9cthe-wall%e2%80%9d-lo-scorso-sabato-sera-al-giovanni-xxiii-il-tributo-live-ai-pink-floyd-ha-sconfitto-il-muro-dell%e2%80%99indifferenza-admo-e-ail-ringraziano-i-bellun\/giovanni-23\/\" rel=\"attachment wp-att-21840\"><img loading=\"lazy\" decoding=\"async\" class=\"size-full wp-image-21840\" src=\"http:\/\/www.bellunopress.it\/wp-content\/uploads\/2010\/12\/giovanni-23.jpg\" alt=\"\" width=\"280\" height=\"233\" \/><\/a><figcaption id=\"caption-attachment-21840\" class=\"wp-caption-text\">Centro Giovanni 23mo Belluno, piazza Piloni<\/figcaption><\/figure>\n<p>Massimiliano Ossini non ha bisogno di presentazioni, volto Rai legato alla trasmissione Linea Bianca, \u00e8 un amante conoscitore della Provincia di Belluno.<br \/>\nL\u2019ingresso \u00e8 libero.<\/p>","protected":false},"excerpt":{"rendered":"<p>La Proloco Pieve Castionese in collaborazione con il Comune Di Belluno e la DMO Dolomiti, ha organizzato per luned\u00ec 24 febbraio alle ore 20:45 nella Sala Convegni del Centro Giovanni XXIII di Belluno, un appuntamento con Massimiliano Ossini il quale presenter\u00e0 in prima assoluta nazionale il suo nuovo libro Kalip\u00e8 Il cammino alla semplicit\u00e0. Massimiliano [&hellip;]<\/p>\n","protected":false},"author":2,"featured_media":0,"comment_status":"closed","ping_status":"open","sticky":false,"template":"","format":"standard","meta":{"footnotes":""},"categories":[27,3,25],"tags":[],"class_list":["post-112276","post","type-post","status-publish","format-standard","category-appuntamenti","category-arte-cultura-spettacoli-scienza-archivi","category-pausa-caffe"],"yoast_head":"<!-- This site is optimized with the Yoast SEO plugin v28.4 - https:\/\/yoast.com\/product\/yoast-seo-wordpress\/ -->\n<title>Luned\u00ec a Belluno Massimiliano Ossini presenta il suo libro Kalip\u00e8 Il cammino della semplicit\u00e0 - Bellunopress - Dolomiti<\/title>\n<meta name=\"robots\" content=\"index, follow, max-snippet:-1, max-image-preview:large, max-video-preview:-1\" \/>\n<link rel=\"canonical\" href=\"https:\/\/www.bellunopress.it\/fr\/2020\/02\/23\/lunedi-a-belluno-massimiliano-ossini-presenta-il-suo-libro-kalipe-il-cammino-della-semplicita\/\" \/>\n<meta property=\"og:locale\" content=\"fr_FR\" \/>\n<meta property=\"og:type\" content=\"article\" \/>\n<meta property=\"og:title\" content=\"Luned\u00ec a Belluno Massimiliano Ossini presenta il suo libro Kalip\u00e8 Il cammino della semplicit\u00e0 - Bellunopress - Dolomiti\" \/>\n<meta property=\"og:description\" content=\"La Proloco Pieve Castionese in collaborazione con il Comune Di Belluno e la DMO Dolomiti, ha organizzato per luned\u00ec 24 febbraio alle ore 20:45 nella Sala Convegni del Centro Giovanni XXIII di Belluno, un appuntamento con Massimiliano Ossini il quale presenter\u00e0 in prima assoluta nazionale il suo nuovo libro Kalip\u00e8 Il cammino alla semplicit\u00e0. Massimiliano [&hellip;]\" \/>\n<meta property=\"og:url\" content=\"https:\/\/www.bellunopress.it\/fr\/2020\/02\/23\/lunedi-a-belluno-massimiliano-ossini-presenta-il-suo-libro-kalipe-il-cammino-della-semplicita\/\" \/>\n<meta property=\"og:site_name\" content=\"Bellunopress - Dolomiti\" \/>\n<meta property=\"article:publisher\" content=\"https:\/\/www.facebook.com\/profile.php?id=100008943462799\" \/>\n<meta property=\"article:published_time\" content=\"2020-02-23T11:03:19+00:00\" \/>\n<meta property=\"og:image\" content=\"http:\/\/www.bellunopress.it\/wp-content\/uploads\/2010\/12\/giovanni-23.jpg\" \/>\n<meta name=\"author\" content=\"redazione\" \/>\n<meta name=\"twitter:card\" content=\"summary_large_image\" \/>\n<meta name=\"twitter:creator\" content=\"@bellunopress\" \/>\n<meta name=\"twitter:site\" content=\"@bellunopress\" \/>\n<meta name=\"twitter:label1\" content=\"\u00c9crit par\" \/>\n\t<meta name=\"twitter:data1\" content=\"redazione\" \/>\n<script type=\"application\/ld+json\" class=\"yoast-schema-graph\">{\"@context\":\"https:\\\/\\\/schema.org\",\"@graph\":[{\"@type\":\"Article\",\"@id\":\"https:\\\/\\\/www.bellunopress.it\\\/2020\\\/02\\\/23\\\/lunedi-a-belluno-massimiliano-ossini-presenta-il-suo-libro-kalipe-il-cammino-della-semplicita\\\/#article\",\"isPartOf\":{\"@id\":\"https:\\\/\\\/www.bellunopress.it\\\/2020\\\/02\\\/23\\\/lunedi-a-belluno-massimiliano-ossini-presenta-il-suo-libro-kalipe-il-cammino-della-semplicita\\\/\"},\"author\":{\"name\":\"redazione\",\"@id\":\"https:\\\/\\\/www.bellunopress.it\\\/#\\\/schema\\\/person\\\/79bb06722b37ece1c03d3e94beb30d73\"},\"headline\":\"Luned\u00ec a Belluno Massimiliano Ossini presenta il suo libro Kalip\u00e8 Il cammino della semplicit\u00e0\",\"datePublished\":\"2020-02-23T11:03:19+00:00\",\"mainEntityOfPage\":{\"@id\":\"https:\\\/\\\/www.bellunopress.it\\\/2020\\\/02\\\/23\\\/lunedi-a-belluno-massimiliano-ossini-presenta-il-suo-libro-kalipe-il-cammino-della-semplicita\\\/\"},\"wordCount\":103,\"publisher\":{\"@id\":\"https:\\\/\\\/www.bellunopress.it\\\/#organization\"},\"image\":{\"@id\":\"https:\\\/\\\/www.bellunopress.it\\\/2020\\\/02\\\/23\\\/lunedi-a-belluno-massimiliano-ossini-presenta-il-suo-libro-kalipe-il-cammino-della-semplicita\\\/#primaryimage\"},\"thumbnailUrl\":\"http:\\\/\\\/www.bellunopress.it\\\/wp-content\\\/uploads\\\/2010\\\/12\\\/giovanni-23.jpg\",\"articleSection\":[\"Appuntamenti, Eventi\",\"Arte, Cultura, Spettacoli, Scienza\",\"Pausa Caff\u00e8\"],\"inLanguage\":\"fr-FR\"},{\"@type\":\"WebPage\",\"@id\":\"https:\\\/\\\/www.bellunopress.it\\\/2020\\\/02\\\/23\\\/lunedi-a-belluno-massimiliano-ossini-presenta-il-suo-libro-kalipe-il-cammino-della-semplicita\\\/\",\"url\":\"https:\\\/\\\/www.bellunopress.it\\\/2020\\\/02\\\/23\\\/lunedi-a-belluno-massimiliano-ossini-presenta-il-suo-libro-kalipe-il-cammino-della-semplicita\\\/\",\"name\":\"Luned\u00ec a Belluno Massimiliano Ossini presenta il suo libro Kalip\u00e8 Il cammino della semplicit\u00e0 - Bellunopress - Dolomiti\",\"isPartOf\":{\"@id\":\"https:\\\/\\\/www.bellunopress.it\\\/#website\"},\"primaryImageOfPage\":{\"@id\":\"https:\\\/\\\/www.bellunopress.it\\\/2020\\\/02\\\/23\\\/lunedi-a-belluno-massimiliano-ossini-presenta-il-suo-libro-kalipe-il-cammino-della-semplicita\\\/#primaryimage\"},\"image\":{\"@id\":\"https:\\\/\\\/www.bellunopress.it\\\/2020\\\/02\\\/23\\\/lunedi-a-belluno-massimiliano-ossini-presenta-il-suo-libro-kalipe-il-cammino-della-semplicita\\\/#primaryimage\"},\"thumbnailUrl\":\"http:\\\/\\\/www.bellunopress.it\\\/wp-content\\\/uploads\\\/2010\\\/12\\\/giovanni-23.jpg\",\"datePublished\":\"2020-02-23T11:03:19+00:00\",\"breadcrumb\":{\"@id\":\"https:\\\/\\\/www.bellunopress.it\\\/2020\\\/02\\\/23\\\/lunedi-a-belluno-massimiliano-ossini-presenta-il-suo-libro-kalipe-il-cammino-della-semplicita\\\/#breadcrumb\"},\"inLanguage\":\"fr-FR\",\"potentialAction\":[{\"@type\":\"ReadAction\",\"target\":[\"https:\\\/\\\/www.bellunopress.it\\\/2020\\\/02\\\/23\\\/lunedi-a-belluno-massimiliano-ossini-presenta-il-suo-libro-kalipe-il-cammino-della-semplicita\\\/\"]}]},{\"@type\":\"ImageObject\",\"inLanguage\":\"fr-FR\",\"@id\":\"https:\\\/\\\/www.bellunopress.it\\\/2020\\\/02\\\/23\\\/lunedi-a-belluno-massimiliano-ossini-presenta-il-suo-libro-kalipe-il-cammino-della-semplicita\\\/#primaryimage\",\"url\":\"http:\\\/\\\/www.bellunopress.it\\\/wp-content\\\/uploads\\\/2010\\\/12\\\/giovanni-23.jpg\",\"contentUrl\":\"http:\\\/\\\/www.bellunopress.it\\\/wp-content\\\/uploads\\\/2010\\\/12\\\/giovanni-23.jpg\"},{\"@type\":\"BreadcrumbList\",\"@id\":\"https:\\\/\\\/www.bellunopress.it\\\/2020\\\/02\\\/23\\\/lunedi-a-belluno-massimiliano-ossini-presenta-il-suo-libro-kalipe-il-cammino-della-semplicita\\\/#breadcrumb\",\"itemListElement\":[{\"@type\":\"ListItem\",\"position\":1,\"name\":\"Home\",\"item\":\"https:\\\/\\\/www.bellunopress.it\\\/\"},{\"@type\":\"ListItem\",\"position\":2,\"name\":\"Luned\u00ec a Belluno Massimiliano Ossini presenta il suo libro Kalip\u00e8 Il cammino della semplicit\u00e0\"}]},{\"@type\":\"WebSite\",\"@id\":\"https:\\\/\\\/www.bellunopress.it\\\/#website\",\"url\":\"https:\\\/\\\/www.bellunopress.it\\\/\",\"name\":\"Bellunopress - Dolomiti\",\"description\":\"e-mail: redazione@bellunopress.it\",\"publisher\":{\"@id\":\"https:\\\/\\\/www.bellunopress.it\\\/#organization\"},\"potentialAction\":[{\"@type\":\"SearchAction\",\"target\":{\"@type\":\"EntryPoint\",\"urlTemplate\":\"https:\\\/\\\/www.bellunopress.it\\\/?s={search_term_string}\"},\"query-input\":{\"@type\":\"PropertyValueSpecification\",\"valueRequired\":true,\"valueName\":\"search_term_string\"}}],\"inLanguage\":\"fr-FR\"},{\"@type\":\"Organization\",\"@id\":\"https:\\\/\\\/www.bellunopress.it\\\/#organization\",\"name\":\"Bellunopress\",\"url\":\"https:\\\/\\\/www.bellunopress.it\\\/\",\"logo\":{\"@type\":\"ImageObject\",\"inLanguage\":\"fr-FR\",\"@id\":\"https:\\\/\\\/www.bellunopress.it\\\/#\\\/schema\\\/logo\\\/image\\\/\",\"url\":\"https:\\\/\\\/www.bellunopress.it\\\/wp-content\\\/uploads\\\/2011\\\/05\\\/cropped-logo-bellunopress-.jpg\",\"contentUrl\":\"https:\\\/\\\/www.bellunopress.it\\\/wp-content\\\/uploads\\\/2011\\\/05\\\/cropped-logo-bellunopress-.jpg\",\"width\":512,\"height\":512,\"caption\":\"Bellunopress\"},\"image\":{\"@id\":\"https:\\\/\\\/www.bellunopress.it\\\/#\\\/schema\\\/logo\\\/image\\\/\"},\"sameAs\":[\"https:\\\/\\\/www.facebook.com\\\/profile.php?id=100008943462799\",\"https:\\\/\\\/x.com\\\/bellunopress\",\"https:\\\/\\\/www.linkedin.com\\\/hp\\\/?dnr=JBzUWaJfMUw8vbXJJ2tVW5-I3jZKvC4wsoxE&amp;amp;amp;amp;amp;amp;trk=nav_responsive_tab_home\",\"https:\\\/\\\/www.youtube.com\\\/channel\\\/UCxL0wu1uN0_3_7hGG0306cw\"]},{\"@type\":\"Person\",\"@id\":\"https:\\\/\\\/www.bellunopress.it\\\/#\\\/schema\\\/person\\\/79bb06722b37ece1c03d3e94beb30d73\",\"name\":\"redazione\",\"image\":{\"@type\":\"ImageObject\",\"inLanguage\":\"fr-FR\",\"@id\":\"https:\\\/\\\/secure.gravatar.com\\\/avatar\\\/37d968a2e67a6fd04c169c4bdef102d0bc5d31b2546345219e348575eb80e9a0?s=96&d=mm&r=g\",\"url\":\"https:\\\/\\\/secure.gravatar.com\\\/avatar\\\/37d968a2e67a6fd04c169c4bdef102d0bc5d31b2546345219e348575eb80e9a0?s=96&d=mm&r=g\",\"contentUrl\":\"https:\\\/\\\/secure.gravatar.com\\\/avatar\\\/37d968a2e67a6fd04c169c4bdef102d0bc5d31b2546345219e348575eb80e9a0?s=96&d=mm&r=g\",\"caption\":\"redazione\"},\"sameAs\":[\"http:\\\/\\\/www.bellunopress.it\",\"https:\\\/\\\/x.com\\\/bellunopress\"],\"url\":\"https:\\\/\\\/www.bellunopress.it\\\/fr\\\/author\\\/redazione\\\/\"}]}<\/script>\n<!-- \/ Yoast SEO plugin. -->","yoast_head_json":{"title":"Luned\u00ec a Belluno Massimiliano Ossini presenta il suo libro Kalip\u00e8 Il cammino della semplicit\u00e0 - Bellunopress - Dolomiti","robots":{"index":"index","follow":"follow","max-snippet":"max-snippet:-1","max-image-preview":"max-image-preview:large","max-video-preview":"max-video-preview:-1"},"canonical":"https:\/\/www.bellunopress.it\/fr\/2020\/02\/23\/lunedi-a-belluno-massimiliano-ossini-presenta-il-suo-libro-kalipe-il-cammino-della-semplicita\/","og_locale":"fr_FR","og_type":"article","og_title":"Luned\u00ec a Belluno Massimiliano Ossini presenta il suo libro Kalip\u00e8 Il cammino della semplicit\u00e0 - Bellunopress - Dolomiti","og_description":"La Proloco Pieve Castionese in collaborazione con il Comune Di Belluno e la DMO Dolomiti, ha organizzato per luned\u00ec 24 febbraio alle ore 20:45 nella Sala Convegni del Centro Giovanni XXIII di Belluno, un appuntamento con Massimiliano Ossini il quale presenter\u00e0 in prima assoluta nazionale il suo nuovo libro Kalip\u00e8 Il cammino alla semplicit\u00e0. Massimiliano [&hellip;]","og_url":"https:\/\/www.bellunopress.it\/fr\/2020\/02\/23\/lunedi-a-belluno-massimiliano-ossini-presenta-il-suo-libro-kalipe-il-cammino-della-semplicita\/","og_site_name":"Bellunopress - Dolomiti","article_publisher":"https:\/\/www.facebook.com\/profile.php?id=100008943462799","article_published_time":"2020-02-23T11:03:19+00:00","og_image":[{"url":"http:\/\/www.bellunopress.it\/wp-content\/uploads\/2010\/12\/giovanni-23.jpg","type":"","width":"","height":""}],"author":"redazione","twitter_card":"summary_large_image","twitter_creator":"@bellunopress","twitter_site":"@bellunopress","twitter_misc":{"\u00c9crit par":"redazione"},"schema":{"@context":"https:\/\/schema.org","@graph":[{"@type":"Article","@id":"https:\/\/www.bellunopress.it\/2020\/02\/23\/lunedi-a-belluno-massimiliano-ossini-presenta-il-suo-libro-kalipe-il-cammino-della-semplicita\/#article","isPartOf":{"@id":"https:\/\/www.bellunopress.it\/2020\/02\/23\/lunedi-a-belluno-massimiliano-ossini-presenta-il-suo-libro-kalipe-il-cammino-della-semplicita\/"},"author":{"name":"redazione","@id":"https:\/\/www.bellunopress.it\/#\/schema\/person\/79bb06722b37ece1c03d3e94beb30d73"},"headline":"Luned\u00ec a Belluno Massimiliano Ossini presenta il suo libro Kalip\u00e8 Il cammino della semplicit\u00e0","datePublished":"2020-02-23T11:03:19+00:00","mainEntityOfPage":{"@id":"https:\/\/www.bellunopress.it\/2020\/02\/23\/lunedi-a-belluno-massimiliano-ossini-presenta-il-suo-libro-kalipe-il-cammino-della-semplicita\/"},"wordCount":103,"publisher":{"@id":"https:\/\/www.bellunopress.it\/#organization"},"image":{"@id":"https:\/\/www.bellunopress.it\/2020\/02\/23\/lunedi-a-belluno-massimiliano-ossini-presenta-il-suo-libro-kalipe-il-cammino-della-semplicita\/#primaryimage"},"thumbnailUrl":"http:\/\/www.bellunopress.it\/wp-content\/uploads\/2010\/12\/giovanni-23.jpg","articleSection":["Appuntamenti, Eventi","Arte, Cultura, Spettacoli, Scienza","Pausa Caff\u00e8"],"inLanguage":"fr-FR"},{"@type":"WebPage","@id":"https:\/\/www.bellunopress.it\/2020\/02\/23\/lunedi-a-belluno-massimiliano-ossini-presenta-il-suo-libro-kalipe-il-cammino-della-semplicita\/","url":"https:\/\/www.bellunopress.it\/2020\/02\/23\/lunedi-a-belluno-massimiliano-ossini-presenta-il-suo-libro-kalipe-il-cammino-della-semplicita\/","name":"Luned\u00ec a Belluno Massimiliano Ossini presenta il suo libro Kalip\u00e8 Il cammino della semplicit\u00e0 - Bellunopress - Dolomiti","isPartOf":{"@id":"https:\/\/www.bellunopress.it\/#website"},"primaryImageOfPage":{"@id":"https:\/\/www.bellunopress.it\/2020\/02\/23\/lunedi-a-belluno-massimiliano-ossini-presenta-il-suo-libro-kalipe-il-cammino-della-semplicita\/#primaryimage"},"image":{"@id":"https:\/\/www.bellunopress.it\/2020\/02\/23\/lunedi-a-belluno-massimiliano-ossini-presenta-il-suo-libro-kalipe-il-cammino-della-semplicita\/#primaryimage"},"thumbnailUrl":"http:\/\/www.bellunopress.it\/wp-content\/uploads\/2010\/12\/giovanni-23.jpg","datePublished":"2020-02-23T11:03:19+00:00","breadcrumb":{"@id":"https:\/\/www.bellunopress.it\/2020\/02\/23\/lunedi-a-belluno-massimiliano-ossini-presenta-il-suo-libro-kalipe-il-cammino-della-semplicita\/#breadcrumb"},"inLanguage":"fr-FR","potentialAction":[{"@type":"ReadAction","target":["https:\/\/www.bellunopress.it\/2020\/02\/23\/lunedi-a-belluno-massimiliano-ossini-presenta-il-suo-libro-kalipe-il-cammino-della-semplicita\/"]}]},{"@type":"ImageObject","inLanguage":"fr-FR","@id":"https:\/\/www.bellunopress.it\/2020\/02\/23\/lunedi-a-belluno-massimiliano-ossini-presenta-il-suo-libro-kalipe-il-cammino-della-semplicita\/#primaryimage","url":"http:\/\/www.bellunopress.it\/wp-content\/uploads\/2010\/12\/giovanni-23.jpg","contentUrl":"http:\/\/www.bellunopress.it\/wp-content\/uploads\/2010\/12\/giovanni-23.jpg"},{"@type":"BreadcrumbList","@id":"https:\/\/www.bellunopress.it\/2020\/02\/23\/lunedi-a-belluno-massimiliano-ossini-presenta-il-suo-libro-kalipe-il-cammino-della-semplicita\/#breadcrumb","itemListElement":[{"@type":"ListItem","position":1,"name":"Home","item":"https:\/\/www.bellunopress.it\/"},{"@type":"ListItem","position":2,"name":"Luned\u00ec a Belluno Massimiliano Ossini presenta il suo libro Kalip\u00e8 Il cammino della semplicit\u00e0"}]},{"@type":"WebSite","@id":"https:\/\/www.bellunopress.it\/#website","url":"https:\/\/www.bellunopress.it\/","name":"Bellunopress - Dolomiti","description":"e-mail: redazione@bellunopress.it","publisher":{"@id":"https:\/\/www.bellunopress.it\/#organization"},"potentialAction":[{"@type":"SearchAction","target":{"@type":"EntryPoint","urlTemplate":"https:\/\/www.bellunopress.it\/?s={search_term_string}"},"query-input":{"@type":"PropertyValueSpecification","valueRequired":true,"valueName":"search_term_string"}}],"inLanguage":"fr-FR"},{"@type":"Organization","@id":"https:\/\/www.bellunopress.it\/#organization","name":"Bellunopress","url":"https:\/\/www.bellunopress.it\/","logo":{"@type":"ImageObject","inLanguage":"fr-FR","@id":"https:\/\/www.bellunopress.it\/#\/schema\/logo\/image\/","url":"https:\/\/www.bellunopress.it\/wp-content\/uploads\/2011\/05\/cropped-logo-bellunopress-.jpg","contentUrl":"https:\/\/www.bellunopress.it\/wp-content\/uploads\/2011\/05\/cropped-logo-bellunopress-.jpg","width":512,"height":512,"caption":"Bellunopress"},"image":{"@id":"https:\/\/www.bellunopress.it\/#\/schema\/logo\/image\/"},"sameAs":["https:\/\/www.facebook.com\/profile.php?id=100008943462799","https:\/\/x.com\/bellunopress","https:\/\/www.linkedin.com\/hp\/?dnr=JBzUWaJfMUw8vbXJJ2tVW5-I3jZKvC4wsoxE&amp;amp;amp;amp;amp;amp;trk=nav_responsive_tab_home","https:\/\/www.youtube.com\/channel\/UCxL0wu1uN0_3_7hGG0306cw"]},{"@type":"Person","@id":"https:\/\/www.bellunopress.it\/#\/schema\/person\/79bb06722b37ece1c03d3e94beb30d73","name":"r\u00e9daction","image":{"@type":"ImageObject","inLanguage":"fr-FR","@id":"https:\/\/secure.gravatar.com\/avatar\/37d968a2e67a6fd04c169c4bdef102d0bc5d31b2546345219e348575eb80e9a0?s=96&d=mm&r=g","url":"https:\/\/secure.gravatar.com\/avatar\/37d968a2e67a6fd04c169c4bdef102d0bc5d31b2546345219e348575eb80e9a0?s=96&d=mm&r=g","contentUrl":"https:\/\/secure.gravatar.com\/avatar\/37d968a2e67a6fd04c169c4bdef102d0bc5d31b2546345219e348575eb80e9a0?s=96&d=mm&r=g","caption":"redazione"},"sameAs":["http:\/\/www.bellunopress.it","https:\/\/x.com\/bellunopress"],"url":"https:\/\/www.bellunopress.it\/fr\/author\/redazione\/"}]}},"_links":{"self":[{"href":"https:\/\/www.bellunopress.it\/fr\/wp-json\/wp\/v2\/posts\/112276","targetHints":{"allow":["GET"]}}],"collection":[{"href":"https:\/\/www.bellunopress.it\/fr\/wp-json\/wp\/v2\/posts"}],"about":[{"href":"https:\/\/www.bellunopress.it\/fr\/wp-json\/wp\/v2\/types\/post"}],"author":[{"embeddable":true,"href":"https:\/\/www.bellunopress.it\/fr\/wp-json\/wp\/v2\/users\/2"}],"replies":[{"embeddable":true,"href":"https:\/\/www.bellunopress.it\/fr\/wp-json\/wp\/v2\/comments?post=112276"}],"version-history":[{"count":1,"href":"https:\/\/www.bellunopress.it\/fr\/wp-json\/wp\/v2\/posts\/112276\/revisions"}],"predecessor-version":[{"id":112277,"href":"https:\/\/www.bellunopress.it\/fr\/wp-json\/wp\/v2\/posts\/112276\/revisions\/112277"}],"wp:attachment":[{"href":"https:\/\/www.bellunopress.it\/fr\/wp-json\/wp\/v2\/media?parent=112276"}],"wp:term":[{"taxonomy":"category","embeddable":true,"href":"https:\/\/www.bellunopress.it\/fr\/wp-json\/wp\/v2\/categories?post=112276"},{"taxonomy":"post_tag","embeddable":true,"href":"https:\/\/www.bellunopress.it\/fr\/wp-json\/wp\/v2\/tags?post=112276"}],"curies":[{"name":"wp","href":"https:\/\/api.w.org\/{rel}","templated":true}]}}