{"id":11226,"date":"2010-01-05T12:35:44","date_gmt":"2010-01-05T11:35:44","guid":{"rendered":"http:\/\/www.bellunopress.it\/?p=11226"},"modified":"2010-01-05T12:35:44","modified_gmt":"2010-01-05T11:35:44","slug":"secondo-appuntamento-con-%e2%80%9cun-libro-un-tema-un%e2%80%99idea%e2%80%9d-protagonista-il-libro-di-vecchiato-%e2%80%9cmanuale-operativo-di-relazioni-pubbliche-%e2%80%93-metodologia-e-case-history","status":"publish","type":"post","link":"https:\/\/www.bellunopress.it\/fr\/2010\/01\/05\/secondo-appuntamento-con-%e2%80%9cun-libro-un-tema-un%e2%80%99idea%e2%80%9d-protagonista-il-libro-di-vecchiato-%e2%80%9cmanuale-operativo-di-relazioni-pubbliche-%e2%80%93-metodologia-e-case-history\/","title":{"rendered":"Secondo appuntamento con \u201cUn libro, un tema, un\u2019idea\u201d protagonista il libro di Vecchiato \u201cManuale operativo di relazioni pubbliche \u2013 metodologia e case history\u201d"},"content":{"rendered":"<p>A venti giorni di distanza dal primo incontro, torna venerd\u00ec 8 gennaio 2010 alle ore 17.30 in Sala Affreschi di Palazzo Piloni a Belluno l\u2019appuntamento con il percorso letterario nel mondo della comunicazione \u201cUn libro, un tema, un\u2019idea\u201d promosso dall\u2019Associazioni Italiana della comunicazione pubblica e istituzionale \u2013 delegazione del Triveneto. Percorso che ha come obiettivo, da un lato, avvicinare il cittadino comune, destinatario principale della attivit\u00e0 del comunicatore, ai temi della comunicazione in modo semplice, divulgativo, assolutamente non tecnico e, dall&#8217;altro, diventare per gli operatori\u00a0un&#8217;occasione di riflessione e di approfondimento culturale e professionale.<br \/>\nProtagonista dell\u2019incontro dell\u20198 gennaio sar\u00e0 il libro di Giampietro Vecchiato \u201cManuale di Relazioni pubbliche\u201d.<br \/>\nAttraverso il suo libro, il prof. Vecchiato, vuole innanzitutto proporre una griglia metodologica per gestire in maniera sistemica e processuale le diverse fasi nelle quali si articola un corretto ed efficace piano di comunicazione. In secondo luogo, intende contribuire a definire il ruolo managerariale e strategico della professione che si declina nel governo dei sistemi di relazioni all\u2019interno dei quali ogni organizzazione si trova a operare e che richiede l\u2019applicazione di strumenti di pianificazione, gestione, controllo, misurazione e valutazione dei risultati. Un terzo obiettivo \u00e8 quello di presentare la metodologia proposta attraverso otto case history relative ad alcune delle migliori best practises oggi presenti nel nostro Paese. Tra i casi anche quello di un piano di comunicazione interna proposto dalla dott.ssa Lucia Fenti per il Comune di Belluno.<br \/>\nPer ultimo, la pubblicazione vuole contribuire a diffondere presso i professionisti del settore e gli studenti la cultura della misurazione e della valutazione dei risultati. Accettare la sfida del metodo e della valutazione significa infatti valorizzare non solo gli aspetti manageriali della professione, ma anche la dimensione etica del professionista e, pi\u00f9 in generale, la reputazione della professione stessa.<br \/>\nChi \u00e8 Giampietro Vecchiato?<br \/>\nGiampietro Vecchiato \u00e8 direttore clienti di P.R. Consulting srl, agenzia di relazioni pubbliche di Padova e Vicepresidente di Ferpi, Federazione Relazioni Pubbliche Italiana. \u00c8 inoltre docente di Teoria e tecnica delle relazioni pubbliche presso l\u2019Universit\u00e0 degli Studi di Padova e l\u2019Universit\u00e0 degli studi di Udine, sede di Gorizia. Per la FrancoAngeli ha pubblicato: Relazioni pubbliche e comunicazione. Strumenti concettuali. Metodologia. Case History (2003), Relazioni pubbliche: valore che crea valore (2005), Relazioni pubbliche: l\u2019etica e le nuove aree professionali (2006) e, con Enzo Mario Napoletano, Marketing, comunicazione e relazioni pubbliche per gli studi professionali (2007). Insieme a Francesco Peraro ha inoltre curato \u201cResponsabilit\u00e0 sociale del territorio\u201d (2007).<\/p>","protected":false},"excerpt":{"rendered":"<p>A venti giorni di distanza dal primo incontro, torna venerd\u00ec 8 gennaio 2010 alle ore 17.30 in Sala Affreschi di Palazzo Piloni a Belluno l\u2019appuntamento con il percorso letterario nel mondo della comunicazione \u201cUn libro, un tema, un\u2019idea\u201d promosso dall\u2019Associazioni Italiana della comunicazione pubblica e istituzionale \u2013 delegazione del Triveneto. Percorso che ha come obiettivo, [&hellip;]<\/p>\n","protected":false},"author":2,"featured_media":0,"comment_status":"closed","ping_status":"open","sticky":false,"template":"","format":"standard","meta":{"footnotes":""},"categories":[27,3,25],"tags":[139],"class_list":["post-11226","post","type-post","status-publish","format-standard","category-appuntamenti","category-arte-cultura-spettacoli-scienza-archivi","category-pausa-caffe","tag-belluno"],"yoast_head":"<!-- This site is optimized with the Yoast SEO plugin v28.4 - https:\/\/yoast.com\/product\/yoast-seo-wordpress\/ -->\n<title>Secondo appuntamento con \u201cUn libro, un tema, un\u2019idea\u201d protagonista il libro di Vecchiato \u201cManuale operativo di relazioni pubbliche \u2013 metodologia e case history\u201d - Bellunopress - Dolomiti<\/title>\n<meta name=\"robots\" content=\"index, follow, max-snippet:-1, max-image-preview:large, max-video-preview:-1\" \/>\n<link rel=\"canonical\" href=\"https:\/\/www.bellunopress.it\/fr\/2010\/01\/05\/secondo-appuntamento-con-\u201cun-libro-un-tema-un\u2019idea\u201d-protagonista-il-libro-di-vecchiato-\u201cmanuale-operativo-di-relazioni-pubbliche-\u2013-metodologia-e-case-history\/\" \/>\n<meta property=\"og:locale\" content=\"fr_FR\" \/>\n<meta property=\"og:type\" content=\"article\" \/>\n<meta property=\"og:title\" content=\"Secondo appuntamento con \u201cUn libro, un tema, un\u2019idea\u201d protagonista il libro di Vecchiato \u201cManuale operativo di relazioni pubbliche \u2013 metodologia e case history\u201d - Bellunopress - Dolomiti\" \/>\n<meta property=\"og:description\" content=\"A venti giorni di distanza dal primo incontro, torna venerd\u00ec 8 gennaio 2010 alle ore 17.30 in Sala Affreschi di Palazzo Piloni a Belluno l\u2019appuntamento con il percorso letterario nel mondo della comunicazione \u201cUn libro, un tema, un\u2019idea\u201d promosso dall\u2019Associazioni Italiana della comunicazione pubblica e istituzionale \u2013 delegazione del Triveneto. Percorso che ha come obiettivo, [&hellip;]\" \/>\n<meta property=\"og:url\" content=\"https:\/\/www.bellunopress.it\/fr\/2010\/01\/05\/secondo-appuntamento-con-\u201cun-libro-un-tema-un\u2019idea\u201d-protagonista-il-libro-di-vecchiato-\u201cmanuale-operativo-di-relazioni-pubbliche-\u2013-metodologia-e-case-history\/\" \/>\n<meta property=\"og:site_name\" content=\"Bellunopress - Dolomiti\" \/>\n<meta property=\"article:publisher\" content=\"https:\/\/www.facebook.com\/profile.php?id=100008943462799\" \/>\n<meta property=\"article:published_time\" content=\"2010-01-05T11:35:44+00:00\" \/>\n<meta property=\"og:image\" content=\"http:\/\/www.bellunopress.it\/wp-content\/uploads\/2012\/07\/logo-bellunopress-250x250-2012.jpg\" \/>\n<meta name=\"author\" content=\"redazione\" \/>\n<meta name=\"twitter:card\" content=\"summary_large_image\" \/>\n<meta name=\"twitter:creator\" content=\"@bellunopress\" \/>\n<meta name=\"twitter:site\" content=\"@bellunopress\" \/>\n<meta name=\"twitter:label1\" content=\"\u00c9crit par\" \/>\n\t<meta name=\"twitter:data1\" content=\"redazione\" \/>\n\t<meta name=\"twitter:label2\" content=\"Dur\u00e9e de lecture estim\u00e9e\" \/>\n\t<meta name=\"twitter:data2\" content=\"2 minutes\" \/>\n<script type=\"application\/ld+json\" class=\"yoast-schema-graph\">{\"@context\":\"https:\\\/\\\/schema.org\",\"@graph\":[{\"@type\":\"Article\",\"@id\":\"https:\\\/\\\/www.bellunopress.it\\\/2010\\\/01\\\/05\\\/secondo-appuntamento-con-%e2%80%9cun-libro-un-tema-un%e2%80%99idea%e2%80%9d-protagonista-il-libro-di-vecchiato-%e2%80%9cmanuale-operativo-di-relazioni-pubbliche-%e2%80%93-metodologia-e-case-history\\\/#article\",\"isPartOf\":{\"@id\":\"https:\\\/\\\/www.bellunopress.it\\\/2010\\\/01\\\/05\\\/secondo-appuntamento-con-%e2%80%9cun-libro-un-tema-un%e2%80%99idea%e2%80%9d-protagonista-il-libro-di-vecchiato-%e2%80%9cmanuale-operativo-di-relazioni-pubbliche-%e2%80%93-metodologia-e-case-history\\\/\"},\"author\":{\"name\":\"redazione\",\"@id\":\"https:\\\/\\\/www.bellunopress.it\\\/#\\\/schema\\\/person\\\/79bb06722b37ece1c03d3e94beb30d73\"},\"headline\":\"Secondo appuntamento con \u201cUn libro, un tema, un\u2019idea\u201d protagonista il libro di Vecchiato \u201cManuale operativo di relazioni pubbliche \u2013 metodologia e case history\u201d\",\"datePublished\":\"2010-01-05T11:35:44+00:00\",\"mainEntityOfPage\":{\"@id\":\"https:\\\/\\\/www.bellunopress.it\\\/2010\\\/01\\\/05\\\/secondo-appuntamento-con-%e2%80%9cun-libro-un-tema-un%e2%80%99idea%e2%80%9d-protagonista-il-libro-di-vecchiato-%e2%80%9cmanuale-operativo-di-relazioni-pubbliche-%e2%80%93-metodologia-e-case-history\\\/\"},\"wordCount\":428,\"publisher\":{\"@id\":\"https:\\\/\\\/www.bellunopress.it\\\/#organization\"},\"keywords\":[\"Belluno\"],\"articleSection\":[\"Appuntamenti, Eventi\",\"Arte, Cultura, Spettacoli, Scienza\",\"Pausa Caff\u00e8\"],\"inLanguage\":\"fr-FR\"},{\"@type\":\"WebPage\",\"@id\":\"https:\\\/\\\/www.bellunopress.it\\\/2010\\\/01\\\/05\\\/secondo-appuntamento-con-%e2%80%9cun-libro-un-tema-un%e2%80%99idea%e2%80%9d-protagonista-il-libro-di-vecchiato-%e2%80%9cmanuale-operativo-di-relazioni-pubbliche-%e2%80%93-metodologia-e-case-history\\\/\",\"url\":\"https:\\\/\\\/www.bellunopress.it\\\/2010\\\/01\\\/05\\\/secondo-appuntamento-con-%e2%80%9cun-libro-un-tema-un%e2%80%99idea%e2%80%9d-protagonista-il-libro-di-vecchiato-%e2%80%9cmanuale-operativo-di-relazioni-pubbliche-%e2%80%93-metodologia-e-case-history\\\/\",\"name\":\"Secondo appuntamento con \u201cUn libro, un tema, un\u2019idea\u201d protagonista il libro di Vecchiato \u201cManuale operativo di relazioni pubbliche \u2013 metodologia e case history\u201d - Bellunopress - Dolomiti\",\"isPartOf\":{\"@id\":\"https:\\\/\\\/www.bellunopress.it\\\/#website\"},\"datePublished\":\"2010-01-05T11:35:44+00:00\",\"breadcrumb\":{\"@id\":\"https:\\\/\\\/www.bellunopress.it\\\/2010\\\/01\\\/05\\\/secondo-appuntamento-con-%e2%80%9cun-libro-un-tema-un%e2%80%99idea%e2%80%9d-protagonista-il-libro-di-vecchiato-%e2%80%9cmanuale-operativo-di-relazioni-pubbliche-%e2%80%93-metodologia-e-case-history\\\/#breadcrumb\"},\"inLanguage\":\"fr-FR\",\"potentialAction\":[{\"@type\":\"ReadAction\",\"target\":[\"https:\\\/\\\/www.bellunopress.it\\\/2010\\\/01\\\/05\\\/secondo-appuntamento-con-%e2%80%9cun-libro-un-tema-un%e2%80%99idea%e2%80%9d-protagonista-il-libro-di-vecchiato-%e2%80%9cmanuale-operativo-di-relazioni-pubbliche-%e2%80%93-metodologia-e-case-history\\\/\"]}]},{\"@type\":\"BreadcrumbList\",\"@id\":\"https:\\\/\\\/www.bellunopress.it\\\/2010\\\/01\\\/05\\\/secondo-appuntamento-con-%e2%80%9cun-libro-un-tema-un%e2%80%99idea%e2%80%9d-protagonista-il-libro-di-vecchiato-%e2%80%9cmanuale-operativo-di-relazioni-pubbliche-%e2%80%93-metodologia-e-case-history\\\/#breadcrumb\",\"itemListElement\":[{\"@type\":\"ListItem\",\"position\":1,\"name\":\"Home\",\"item\":\"https:\\\/\\\/www.bellunopress.it\\\/\"},{\"@type\":\"ListItem\",\"position\":2,\"name\":\"Secondo appuntamento con \u201cUn libro, un tema, un\u2019idea\u201d protagonista il libro di Vecchiato \u201cManuale operativo di relazioni pubbliche \u2013 metodologia e case history\u201d\"}]},{\"@type\":\"WebSite\",\"@id\":\"https:\\\/\\\/www.bellunopress.it\\\/#website\",\"url\":\"https:\\\/\\\/www.bellunopress.it\\\/\",\"name\":\"Bellunopress - Dolomiti\",\"description\":\"e-mail: redazione@bellunopress.it\",\"publisher\":{\"@id\":\"https:\\\/\\\/www.bellunopress.it\\\/#organization\"},\"potentialAction\":[{\"@type\":\"SearchAction\",\"target\":{\"@type\":\"EntryPoint\",\"urlTemplate\":\"https:\\\/\\\/www.bellunopress.it\\\/?s={search_term_string}\"},\"query-input\":{\"@type\":\"PropertyValueSpecification\",\"valueRequired\":true,\"valueName\":\"search_term_string\"}}],\"inLanguage\":\"fr-FR\"},{\"@type\":\"Organization\",\"@id\":\"https:\\\/\\\/www.bellunopress.it\\\/#organization\",\"name\":\"Bellunopress\",\"url\":\"https:\\\/\\\/www.bellunopress.it\\\/\",\"logo\":{\"@type\":\"ImageObject\",\"inLanguage\":\"fr-FR\",\"@id\":\"https:\\\/\\\/www.bellunopress.it\\\/#\\\/schema\\\/logo\\\/image\\\/\",\"url\":\"https:\\\/\\\/www.bellunopress.it\\\/wp-content\\\/uploads\\\/2011\\\/05\\\/cropped-logo-bellunopress-.jpg\",\"contentUrl\":\"https:\\\/\\\/www.bellunopress.it\\\/wp-content\\\/uploads\\\/2011\\\/05\\\/cropped-logo-bellunopress-.jpg\",\"width\":512,\"height\":512,\"caption\":\"Bellunopress\"},\"image\":{\"@id\":\"https:\\\/\\\/www.bellunopress.it\\\/#\\\/schema\\\/logo\\\/image\\\/\"},\"sameAs\":[\"https:\\\/\\\/www.facebook.com\\\/profile.php?id=100008943462799\",\"https:\\\/\\\/x.com\\\/bellunopress\",\"https:\\\/\\\/www.linkedin.com\\\/hp\\\/?dnr=JBzUWaJfMUw8vbXJJ2tVW5-I3jZKvC4wsoxE&amp;amp;amp;amp;amp;amp;trk=nav_responsive_tab_home\",\"https:\\\/\\\/www.youtube.com\\\/channel\\\/UCxL0wu1uN0_3_7hGG0306cw\"]},{\"@type\":\"Person\",\"@id\":\"https:\\\/\\\/www.bellunopress.it\\\/#\\\/schema\\\/person\\\/79bb06722b37ece1c03d3e94beb30d73\",\"name\":\"redazione\",\"image\":{\"@type\":\"ImageObject\",\"inLanguage\":\"fr-FR\",\"@id\":\"https:\\\/\\\/secure.gravatar.com\\\/avatar\\\/37d968a2e67a6fd04c169c4bdef102d0bc5d31b2546345219e348575eb80e9a0?s=96&d=mm&r=g\",\"url\":\"https:\\\/\\\/secure.gravatar.com\\\/avatar\\\/37d968a2e67a6fd04c169c4bdef102d0bc5d31b2546345219e348575eb80e9a0?s=96&d=mm&r=g\",\"contentUrl\":\"https:\\\/\\\/secure.gravatar.com\\\/avatar\\\/37d968a2e67a6fd04c169c4bdef102d0bc5d31b2546345219e348575eb80e9a0?s=96&d=mm&r=g\",\"caption\":\"redazione\"},\"sameAs\":[\"http:\\\/\\\/www.bellunopress.it\",\"https:\\\/\\\/x.com\\\/bellunopress\"],\"url\":\"https:\\\/\\\/www.bellunopress.it\\\/fr\\\/author\\\/redazione\\\/\"}]}<\/script>\n<!-- \/ Yoast SEO plugin. -->","yoast_head_json":{"title":"Secondo appuntamento con \u201cUn libro, un tema, un\u2019idea\u201d protagonista il libro di Vecchiato \u201cManuale operativo di relazioni pubbliche \u2013 metodologia e case history\u201d - Bellunopress - Dolomiti","robots":{"index":"index","follow":"follow","max-snippet":"max-snippet:-1","max-image-preview":"max-image-preview:large","max-video-preview":"max-video-preview:-1"},"canonical":"https:\/\/www.bellunopress.it\/fr\/2010\/01\/05\/secondo-appuntamento-con-\u201cun-libro-un-tema-un\u2019idea\u201d-protagonista-il-libro-di-vecchiato-\u201cmanuale-operativo-di-relazioni-pubbliche-\u2013-metodologia-e-case-history\/","og_locale":"fr_FR","og_type":"article","og_title":"Secondo appuntamento con \u201cUn libro, un tema, un\u2019idea\u201d protagonista il libro di Vecchiato \u201cManuale operativo di relazioni pubbliche \u2013 metodologia e case history\u201d - Bellunopress - Dolomiti","og_description":"A venti giorni di distanza dal primo incontro, torna venerd\u00ec 8 gennaio 2010 alle ore 17.30 in Sala Affreschi di Palazzo Piloni a Belluno l\u2019appuntamento con il percorso letterario nel mondo della comunicazione \u201cUn libro, un tema, un\u2019idea\u201d promosso dall\u2019Associazioni Italiana della comunicazione pubblica e istituzionale \u2013 delegazione del Triveneto. Percorso che ha come obiettivo, [&hellip;]","og_url":"https:\/\/www.bellunopress.it\/fr\/2010\/01\/05\/secondo-appuntamento-con-\u201cun-libro-un-tema-un\u2019idea\u201d-protagonista-il-libro-di-vecchiato-\u201cmanuale-operativo-di-relazioni-pubbliche-\u2013-metodologia-e-case-history\/","og_site_name":"Bellunopress - Dolomiti","article_publisher":"https:\/\/www.facebook.com\/profile.php?id=100008943462799","article_published_time":"2010-01-05T11:35:44+00:00","og_image":[{"url":"http:\/\/www.bellunopress.it\/wp-content\/uploads\/2012\/07\/logo-bellunopress-250x250-2012.jpg","type":"","width":"","height":""}],"author":"redazione","twitter_card":"summary_large_image","twitter_creator":"@bellunopress","twitter_site":"@bellunopress","twitter_misc":{"\u00c9crit par":"redazione","Dur\u00e9e de lecture estim\u00e9e":"2 minutes"},"schema":{"@context":"https:\/\/schema.org","@graph":[{"@type":"Article","@id":"https:\/\/www.bellunopress.it\/2010\/01\/05\/secondo-appuntamento-con-%e2%80%9cun-libro-un-tema-un%e2%80%99idea%e2%80%9d-protagonista-il-libro-di-vecchiato-%e2%80%9cmanuale-operativo-di-relazioni-pubbliche-%e2%80%93-metodologia-e-case-history\/#article","isPartOf":{"@id":"https:\/\/www.bellunopress.it\/2010\/01\/05\/secondo-appuntamento-con-%e2%80%9cun-libro-un-tema-un%e2%80%99idea%e2%80%9d-protagonista-il-libro-di-vecchiato-%e2%80%9cmanuale-operativo-di-relazioni-pubbliche-%e2%80%93-metodologia-e-case-history\/"},"author":{"name":"redazione","@id":"https:\/\/www.bellunopress.it\/#\/schema\/person\/79bb06722b37ece1c03d3e94beb30d73"},"headline":"Secondo appuntamento con \u201cUn libro, un tema, un\u2019idea\u201d protagonista il libro di Vecchiato \u201cManuale operativo di relazioni pubbliche \u2013 metodologia e case history\u201d","datePublished":"2010-01-05T11:35:44+00:00","mainEntityOfPage":{"@id":"https:\/\/www.bellunopress.it\/2010\/01\/05\/secondo-appuntamento-con-%e2%80%9cun-libro-un-tema-un%e2%80%99idea%e2%80%9d-protagonista-il-libro-di-vecchiato-%e2%80%9cmanuale-operativo-di-relazioni-pubbliche-%e2%80%93-metodologia-e-case-history\/"},"wordCount":428,"publisher":{"@id":"https:\/\/www.bellunopress.it\/#organization"},"keywords":["Belluno"],"articleSection":["Appuntamenti, Eventi","Arte, Cultura, Spettacoli, Scienza","Pausa Caff\u00e8"],"inLanguage":"fr-FR"},{"@type":"WebPage","@id":"https:\/\/www.bellunopress.it\/2010\/01\/05\/secondo-appuntamento-con-%e2%80%9cun-libro-un-tema-un%e2%80%99idea%e2%80%9d-protagonista-il-libro-di-vecchiato-%e2%80%9cmanuale-operativo-di-relazioni-pubbliche-%e2%80%93-metodologia-e-case-history\/","url":"https:\/\/www.bellunopress.it\/2010\/01\/05\/secondo-appuntamento-con-%e2%80%9cun-libro-un-tema-un%e2%80%99idea%e2%80%9d-protagonista-il-libro-di-vecchiato-%e2%80%9cmanuale-operativo-di-relazioni-pubbliche-%e2%80%93-metodologia-e-case-history\/","name":"Secondo appuntamento con \u201cUn libro, un tema, un\u2019idea\u201d protagonista il libro di Vecchiato \u201cManuale operativo di relazioni pubbliche \u2013 metodologia e case history\u201d - Bellunopress - Dolomiti","isPartOf":{"@id":"https:\/\/www.bellunopress.it\/#website"},"datePublished":"2010-01-05T11:35:44+00:00","breadcrumb":{"@id":"https:\/\/www.bellunopress.it\/2010\/01\/05\/secondo-appuntamento-con-%e2%80%9cun-libro-un-tema-un%e2%80%99idea%e2%80%9d-protagonista-il-libro-di-vecchiato-%e2%80%9cmanuale-operativo-di-relazioni-pubbliche-%e2%80%93-metodologia-e-case-history\/#breadcrumb"},"inLanguage":"fr-FR","potentialAction":[{"@type":"ReadAction","target":["https:\/\/www.bellunopress.it\/2010\/01\/05\/secondo-appuntamento-con-%e2%80%9cun-libro-un-tema-un%e2%80%99idea%e2%80%9d-protagonista-il-libro-di-vecchiato-%e2%80%9cmanuale-operativo-di-relazioni-pubbliche-%e2%80%93-metodologia-e-case-history\/"]}]},{"@type":"BreadcrumbList","@id":"https:\/\/www.bellunopress.it\/2010\/01\/05\/secondo-appuntamento-con-%e2%80%9cun-libro-un-tema-un%e2%80%99idea%e2%80%9d-protagonista-il-libro-di-vecchiato-%e2%80%9cmanuale-operativo-di-relazioni-pubbliche-%e2%80%93-metodologia-e-case-history\/#breadcrumb","itemListElement":[{"@type":"ListItem","position":1,"name":"Home","item":"https:\/\/www.bellunopress.it\/"},{"@type":"ListItem","position":2,"name":"Secondo appuntamento con \u201cUn libro, un tema, un\u2019idea\u201d protagonista il libro di Vecchiato \u201cManuale operativo di relazioni pubbliche \u2013 metodologia e case history\u201d"}]},{"@type":"WebSite","@id":"https:\/\/www.bellunopress.it\/#website","url":"https:\/\/www.bellunopress.it\/","name":"Bellunopress - Dolomiti","description":"e-mail: redazione@bellunopress.it","publisher":{"@id":"https:\/\/www.bellunopress.it\/#organization"},"potentialAction":[{"@type":"SearchAction","target":{"@type":"EntryPoint","urlTemplate":"https:\/\/www.bellunopress.it\/?s={search_term_string}"},"query-input":{"@type":"PropertyValueSpecification","valueRequired":true,"valueName":"search_term_string"}}],"inLanguage":"fr-FR"},{"@type":"Organization","@id":"https:\/\/www.bellunopress.it\/#organization","name":"Bellunopress","url":"https:\/\/www.bellunopress.it\/","logo":{"@type":"ImageObject","inLanguage":"fr-FR","@id":"https:\/\/www.bellunopress.it\/#\/schema\/logo\/image\/","url":"https:\/\/www.bellunopress.it\/wp-content\/uploads\/2011\/05\/cropped-logo-bellunopress-.jpg","contentUrl":"https:\/\/www.bellunopress.it\/wp-content\/uploads\/2011\/05\/cropped-logo-bellunopress-.jpg","width":512,"height":512,"caption":"Bellunopress"},"image":{"@id":"https:\/\/www.bellunopress.it\/#\/schema\/logo\/image\/"},"sameAs":["https:\/\/www.facebook.com\/profile.php?id=100008943462799","https:\/\/x.com\/bellunopress","https:\/\/www.linkedin.com\/hp\/?dnr=JBzUWaJfMUw8vbXJJ2tVW5-I3jZKvC4wsoxE&amp;amp;amp;amp;amp;amp;trk=nav_responsive_tab_home","https:\/\/www.youtube.com\/channel\/UCxL0wu1uN0_3_7hGG0306cw"]},{"@type":"Person","@id":"https:\/\/www.bellunopress.it\/#\/schema\/person\/79bb06722b37ece1c03d3e94beb30d73","name":"r\u00e9daction","image":{"@type":"ImageObject","inLanguage":"fr-FR","@id":"https:\/\/secure.gravatar.com\/avatar\/37d968a2e67a6fd04c169c4bdef102d0bc5d31b2546345219e348575eb80e9a0?s=96&d=mm&r=g","url":"https:\/\/secure.gravatar.com\/avatar\/37d968a2e67a6fd04c169c4bdef102d0bc5d31b2546345219e348575eb80e9a0?s=96&d=mm&r=g","contentUrl":"https:\/\/secure.gravatar.com\/avatar\/37d968a2e67a6fd04c169c4bdef102d0bc5d31b2546345219e348575eb80e9a0?s=96&d=mm&r=g","caption":"redazione"},"sameAs":["http:\/\/www.bellunopress.it","https:\/\/x.com\/bellunopress"],"url":"https:\/\/www.bellunopress.it\/fr\/author\/redazione\/"}]}},"_links":{"self":[{"href":"https:\/\/www.bellunopress.it\/fr\/wp-json\/wp\/v2\/posts\/11226","targetHints":{"allow":["GET"]}}],"collection":[{"href":"https:\/\/www.bellunopress.it\/fr\/wp-json\/wp\/v2\/posts"}],"about":[{"href":"https:\/\/www.bellunopress.it\/fr\/wp-json\/wp\/v2\/types\/post"}],"author":[{"embeddable":true,"href":"https:\/\/www.bellunopress.it\/fr\/wp-json\/wp\/v2\/users\/2"}],"replies":[{"embeddable":true,"href":"https:\/\/www.bellunopress.it\/fr\/wp-json\/wp\/v2\/comments?post=11226"}],"version-history":[{"count":1,"href":"https:\/\/www.bellunopress.it\/fr\/wp-json\/wp\/v2\/posts\/11226\/revisions"}],"predecessor-version":[{"id":11227,"href":"https:\/\/www.bellunopress.it\/fr\/wp-json\/wp\/v2\/posts\/11226\/revisions\/11227"}],"wp:attachment":[{"href":"https:\/\/www.bellunopress.it\/fr\/wp-json\/wp\/v2\/media?parent=11226"}],"wp:term":[{"taxonomy":"category","embeddable":true,"href":"https:\/\/www.bellunopress.it\/fr\/wp-json\/wp\/v2\/categories?post=11226"},{"taxonomy":"post_tag","embeddable":true,"href":"https:\/\/www.bellunopress.it\/fr\/wp-json\/wp\/v2\/tags?post=11226"}],"curies":[{"name":"wp","href":"https:\/\/api.w.org\/{rel}","templated":true}]}}