{"id":112021,"date":"2020-02-11T13:34:11","date_gmt":"2020-02-11T12:34:11","guid":{"rendered":"http:\/\/www.bellunopress.it\/?p=112021"},"modified":"2020-02-11T13:34:11","modified_gmt":"2020-02-11T12:34:11","slug":"tavolo-verde-a-cesiomaggiore-incontro-tra-agricoltori-e-mondo-venatorio","status":"publish","type":"post","link":"https:\/\/www.bellunopress.it\/fr\/2020\/02\/11\/tavolo-verde-a-cesiomaggiore-incontro-tra-agricoltori-e-mondo-venatorio\/","title":{"rendered":"Tavolo verde a Cesiomaggiore: incontro tra agricoltori e mondo venatorio"},"content":{"rendered":"<p><a href=\"http:\/\/www.bellunopress.it\/fr\/2020\/02\/11\/tavolo-verde-a-cesiomaggiore-incontro-tra-agricoltori-e-mondo-venatorio\/coldiretti-cesiomaggiore\/\" rel=\"attachment wp-att-112022\"><img loading=\"lazy\" decoding=\"async\" class=\"alignleft size-full wp-image-112022\" src=\"http:\/\/www.bellunopress.it\/wp-content\/uploads\/2020\/02\/coldiretti-cesiomaggiore.jpg\" alt=\"\" width=\"300\" height=\"199\" \/><\/a>Continuano gli incontri tra agricoltori e mondo venatorio, promossi dalla Coldiretti, in collaborazione con la Provincia di Belluno. Ieri sera, \u00e8 stata la volta di Cesiomaggiore, dove \u00e8 stato affrontato il tema dei danni provocati dalla fauna selvatica.<\/p>\n<p>\u00abDanni che creano un problema non soltanto alle attivit\u00e0 agricole, ma anche alla biodiversit\u00e0 del nostro territorio &#8211; afferma il consigliere provinciale delegato a Caccia e Pesca -. L\u2019eccessivo numero di ungulati, ad esempio, interferisce con il delicato equilibrio dell\u2019ecosistema e di conseguenza compromette la presenza di altre specie animali e arboree; succede ad esempio nei prati a narciso della zona di Pian Coltura. \u00c8 per questo che ancora un anno fa abbiamo istituito il \u201cTavolo verde\u201d, per far dialogare in maniera sempre pi\u00f9 stretta e collaborativa il mondo venatorio e le aziende agricole\u00bb.<\/p>\n<p>L\u2019incontro di Cesiomaggiore, che rappresenta proprio una ulteriore tappa del \u201cTavolo verde\u201d, ha messo in fila alcune delle problematiche principali riscontrate dagli agricoltori della Valbelluna: la presenza sempre pi\u00f9 frequente e numerosa dei cinghiali, che distruggono le colture e e rovinano sensibilmente anche il cotico erboso degli alpeggi; il numero crescente di cervi che sono responsabili dei danni soprattutto ai campi di mais, devastati l\u2019ultimo anno a tal punto da mettere in discussione la prossima produzione della variet\u00e0 di sponcio.<\/p>\n<p>\u00abLe ultime stime degli uffici provinciali ci dicono che la popolazione di ungulati, cinghiali esclusi, si aggira tra i 33 e i 35mila capi. E le domande di risarcimento da parte degli agricoltori si moltiplicano; nel 2019 abbiamo registrato 135 denunce, di cui 98 da aziende agricole e 37 da privati, per un ammontare complessivo di oltre 220mila euro di danni &#8211; continua il consigliere provinciale -. Con questi incontri &#8211; il prossimo sar\u00e0 luned\u00ec a Belluno, nella sede di Coldiretti &#8211; intendiamo far crescere la collaborazione tra cacciatori e agricoltori. Abbiamo bisogno che il mondo venatorio metta le sue conoscenze e competenze a disposizione dell\u2019agricoltura di montagna e del territorio, per la tutela delle biodiversit\u00e0 e del fragile equilibrio che rende il nostro patrimonio ambientale unico al mondo. La folta presenza in sala a Cesiomaggiore \u00e8 significativa non solo di quanto sia sentito il problema, ma anche di quanto i cacciatori siano consapevoli del nuovo ruolo che sono chiamati a svolgere a servizio della societ\u00e0 civile\u00bb.<\/p>","protected":false},"excerpt":{"rendered":"<p>Continuano gli incontri tra agricoltori e mondo venatorio, promossi dalla Coldiretti, in collaborazione con la Provincia di Belluno. Ieri sera, \u00e8 stata la volta di Cesiomaggiore, dove \u00e8 stato affrontato il tema dei danni provocati dalla fauna selvatica. \u00abDanni che creano un problema non soltanto alle attivit\u00e0 agricole, ma anche alla biodiversit\u00e0 del nostro territorio [&hellip;]<\/p>\n","protected":false},"author":2,"featured_media":0,"comment_status":"closed","ping_status":"open","sticky":false,"template":"","format":"standard","meta":{"footnotes":""},"categories":[38,8],"tags":[],"class_list":["post-112021","post","type-post","status-publish","format-standard","category-natura-ambiente","category-societa-istituzioni"],"yoast_head":"<!-- This site is optimized with the Yoast SEO plugin v28.4 - https:\/\/yoast.com\/product\/yoast-seo-wordpress\/ -->\n<title>Tavolo verde a Cesiomaggiore: incontro tra agricoltori e mondo venatorio - Bellunopress - Dolomiti<\/title>\n<meta name=\"robots\" content=\"index, follow, max-snippet:-1, max-image-preview:large, max-video-preview:-1\" \/>\n<link rel=\"canonical\" href=\"https:\/\/www.bellunopress.it\/fr\/2020\/02\/11\/tavolo-verde-a-cesiomaggiore-incontro-tra-agricoltori-e-mondo-venatorio\/\" \/>\n<meta property=\"og:locale\" content=\"fr_FR\" \/>\n<meta property=\"og:type\" content=\"article\" \/>\n<meta property=\"og:title\" content=\"Tavolo verde a Cesiomaggiore: incontro tra agricoltori e mondo venatorio - Bellunopress - Dolomiti\" \/>\n<meta property=\"og:description\" content=\"Continuano gli incontri tra agricoltori e mondo venatorio, promossi dalla Coldiretti, in collaborazione con la Provincia di Belluno. Ieri sera, \u00e8 stata la volta di Cesiomaggiore, dove \u00e8 stato affrontato il tema dei danni provocati dalla fauna selvatica. \u00abDanni che creano un problema non soltanto alle attivit\u00e0 agricole, ma anche alla biodiversit\u00e0 del nostro territorio [&hellip;]\" \/>\n<meta property=\"og:url\" content=\"https:\/\/www.bellunopress.it\/fr\/2020\/02\/11\/tavolo-verde-a-cesiomaggiore-incontro-tra-agricoltori-e-mondo-venatorio\/\" \/>\n<meta property=\"og:site_name\" content=\"Bellunopress - Dolomiti\" \/>\n<meta property=\"article:publisher\" content=\"https:\/\/www.facebook.com\/profile.php?id=100008943462799\" \/>\n<meta property=\"article:published_time\" content=\"2020-02-11T12:34:11+00:00\" \/>\n<meta property=\"og:image\" content=\"http:\/\/www.bellunopress.it\/wp-content\/uploads\/2020\/02\/coldiretti-cesiomaggiore.jpg\" \/>\n<meta name=\"author\" content=\"redazione\" \/>\n<meta name=\"twitter:card\" content=\"summary_large_image\" \/>\n<meta name=\"twitter:creator\" content=\"@bellunopress\" \/>\n<meta name=\"twitter:site\" content=\"@bellunopress\" \/>\n<meta name=\"twitter:label1\" content=\"\u00c9crit par\" \/>\n\t<meta name=\"twitter:data1\" content=\"redazione\" \/>\n\t<meta name=\"twitter:label2\" content=\"Dur\u00e9e de lecture estim\u00e9e\" \/>\n\t<meta name=\"twitter:data2\" content=\"2 minutes\" \/>\n<script type=\"application\/ld+json\" class=\"yoast-schema-graph\">{\"@context\":\"https:\\\/\\\/schema.org\",\"@graph\":[{\"@type\":\"Article\",\"@id\":\"https:\\\/\\\/www.bellunopress.it\\\/2020\\\/02\\\/11\\\/tavolo-verde-a-cesiomaggiore-incontro-tra-agricoltori-e-mondo-venatorio\\\/#article\",\"isPartOf\":{\"@id\":\"https:\\\/\\\/www.bellunopress.it\\\/2020\\\/02\\\/11\\\/tavolo-verde-a-cesiomaggiore-incontro-tra-agricoltori-e-mondo-venatorio\\\/\"},\"author\":{\"name\":\"redazione\",\"@id\":\"https:\\\/\\\/www.bellunopress.it\\\/#\\\/schema\\\/person\\\/79bb06722b37ece1c03d3e94beb30d73\"},\"headline\":\"Tavolo verde a Cesiomaggiore: incontro tra agricoltori e mondo venatorio\",\"datePublished\":\"2020-02-11T12:34:11+00:00\",\"mainEntityOfPage\":{\"@id\":\"https:\\\/\\\/www.bellunopress.it\\\/2020\\\/02\\\/11\\\/tavolo-verde-a-cesiomaggiore-incontro-tra-agricoltori-e-mondo-venatorio\\\/\"},\"wordCount\":385,\"publisher\":{\"@id\":\"https:\\\/\\\/www.bellunopress.it\\\/#organization\"},\"image\":{\"@id\":\"https:\\\/\\\/www.bellunopress.it\\\/2020\\\/02\\\/11\\\/tavolo-verde-a-cesiomaggiore-incontro-tra-agricoltori-e-mondo-venatorio\\\/#primaryimage\"},\"thumbnailUrl\":\"http:\\\/\\\/www.bellunopress.it\\\/wp-content\\\/uploads\\\/2020\\\/02\\\/coldiretti-cesiomaggiore.jpg\",\"articleSection\":[\"Meteo, natura, ambiente, animali\",\"Societ\u00e0, Associazioni, Istituzioni\"],\"inLanguage\":\"fr-FR\"},{\"@type\":\"WebPage\",\"@id\":\"https:\\\/\\\/www.bellunopress.it\\\/2020\\\/02\\\/11\\\/tavolo-verde-a-cesiomaggiore-incontro-tra-agricoltori-e-mondo-venatorio\\\/\",\"url\":\"https:\\\/\\\/www.bellunopress.it\\\/2020\\\/02\\\/11\\\/tavolo-verde-a-cesiomaggiore-incontro-tra-agricoltori-e-mondo-venatorio\\\/\",\"name\":\"Tavolo verde a Cesiomaggiore: incontro tra agricoltori e mondo venatorio - Bellunopress - Dolomiti\",\"isPartOf\":{\"@id\":\"https:\\\/\\\/www.bellunopress.it\\\/#website\"},\"primaryImageOfPage\":{\"@id\":\"https:\\\/\\\/www.bellunopress.it\\\/2020\\\/02\\\/11\\\/tavolo-verde-a-cesiomaggiore-incontro-tra-agricoltori-e-mondo-venatorio\\\/#primaryimage\"},\"image\":{\"@id\":\"https:\\\/\\\/www.bellunopress.it\\\/2020\\\/02\\\/11\\\/tavolo-verde-a-cesiomaggiore-incontro-tra-agricoltori-e-mondo-venatorio\\\/#primaryimage\"},\"thumbnailUrl\":\"http:\\\/\\\/www.bellunopress.it\\\/wp-content\\\/uploads\\\/2020\\\/02\\\/coldiretti-cesiomaggiore.jpg\",\"datePublished\":\"2020-02-11T12:34:11+00:00\",\"breadcrumb\":{\"@id\":\"https:\\\/\\\/www.bellunopress.it\\\/2020\\\/02\\\/11\\\/tavolo-verde-a-cesiomaggiore-incontro-tra-agricoltori-e-mondo-venatorio\\\/#breadcrumb\"},\"inLanguage\":\"fr-FR\",\"potentialAction\":[{\"@type\":\"ReadAction\",\"target\":[\"https:\\\/\\\/www.bellunopress.it\\\/2020\\\/02\\\/11\\\/tavolo-verde-a-cesiomaggiore-incontro-tra-agricoltori-e-mondo-venatorio\\\/\"]}]},{\"@type\":\"ImageObject\",\"inLanguage\":\"fr-FR\",\"@id\":\"https:\\\/\\\/www.bellunopress.it\\\/2020\\\/02\\\/11\\\/tavolo-verde-a-cesiomaggiore-incontro-tra-agricoltori-e-mondo-venatorio\\\/#primaryimage\",\"url\":\"http:\\\/\\\/www.bellunopress.it\\\/wp-content\\\/uploads\\\/2020\\\/02\\\/coldiretti-cesiomaggiore.jpg\",\"contentUrl\":\"http:\\\/\\\/www.bellunopress.it\\\/wp-content\\\/uploads\\\/2020\\\/02\\\/coldiretti-cesiomaggiore.jpg\"},{\"@type\":\"BreadcrumbList\",\"@id\":\"https:\\\/\\\/www.bellunopress.it\\\/2020\\\/02\\\/11\\\/tavolo-verde-a-cesiomaggiore-incontro-tra-agricoltori-e-mondo-venatorio\\\/#breadcrumb\",\"itemListElement\":[{\"@type\":\"ListItem\",\"position\":1,\"name\":\"Home\",\"item\":\"https:\\\/\\\/www.bellunopress.it\\\/\"},{\"@type\":\"ListItem\",\"position\":2,\"name\":\"Tavolo verde a Cesiomaggiore: incontro tra agricoltori e mondo venatorio\"}]},{\"@type\":\"WebSite\",\"@id\":\"https:\\\/\\\/www.bellunopress.it\\\/#website\",\"url\":\"https:\\\/\\\/www.bellunopress.it\\\/\",\"name\":\"Bellunopress - Dolomiti\",\"description\":\"e-mail: redazione@bellunopress.it\",\"publisher\":{\"@id\":\"https:\\\/\\\/www.bellunopress.it\\\/#organization\"},\"potentialAction\":[{\"@type\":\"SearchAction\",\"target\":{\"@type\":\"EntryPoint\",\"urlTemplate\":\"https:\\\/\\\/www.bellunopress.it\\\/?s={search_term_string}\"},\"query-input\":{\"@type\":\"PropertyValueSpecification\",\"valueRequired\":true,\"valueName\":\"search_term_string\"}}],\"inLanguage\":\"fr-FR\"},{\"@type\":\"Organization\",\"@id\":\"https:\\\/\\\/www.bellunopress.it\\\/#organization\",\"name\":\"Bellunopress\",\"url\":\"https:\\\/\\\/www.bellunopress.it\\\/\",\"logo\":{\"@type\":\"ImageObject\",\"inLanguage\":\"fr-FR\",\"@id\":\"https:\\\/\\\/www.bellunopress.it\\\/#\\\/schema\\\/logo\\\/image\\\/\",\"url\":\"https:\\\/\\\/www.bellunopress.it\\\/wp-content\\\/uploads\\\/2011\\\/05\\\/cropped-logo-bellunopress-.jpg\",\"contentUrl\":\"https:\\\/\\\/www.bellunopress.it\\\/wp-content\\\/uploads\\\/2011\\\/05\\\/cropped-logo-bellunopress-.jpg\",\"width\":512,\"height\":512,\"caption\":\"Bellunopress\"},\"image\":{\"@id\":\"https:\\\/\\\/www.bellunopress.it\\\/#\\\/schema\\\/logo\\\/image\\\/\"},\"sameAs\":[\"https:\\\/\\\/www.facebook.com\\\/profile.php?id=100008943462799\",\"https:\\\/\\\/x.com\\\/bellunopress\",\"https:\\\/\\\/www.linkedin.com\\\/hp\\\/?dnr=JBzUWaJfMUw8vbXJJ2tVW5-I3jZKvC4wsoxE&amp;amp;amp;amp;amp;amp;trk=nav_responsive_tab_home\",\"https:\\\/\\\/www.youtube.com\\\/channel\\\/UCxL0wu1uN0_3_7hGG0306cw\"]},{\"@type\":\"Person\",\"@id\":\"https:\\\/\\\/www.bellunopress.it\\\/#\\\/schema\\\/person\\\/79bb06722b37ece1c03d3e94beb30d73\",\"name\":\"redazione\",\"image\":{\"@type\":\"ImageObject\",\"inLanguage\":\"fr-FR\",\"@id\":\"https:\\\/\\\/secure.gravatar.com\\\/avatar\\\/37d968a2e67a6fd04c169c4bdef102d0bc5d31b2546345219e348575eb80e9a0?s=96&d=mm&r=g\",\"url\":\"https:\\\/\\\/secure.gravatar.com\\\/avatar\\\/37d968a2e67a6fd04c169c4bdef102d0bc5d31b2546345219e348575eb80e9a0?s=96&d=mm&r=g\",\"contentUrl\":\"https:\\\/\\\/secure.gravatar.com\\\/avatar\\\/37d968a2e67a6fd04c169c4bdef102d0bc5d31b2546345219e348575eb80e9a0?s=96&d=mm&r=g\",\"caption\":\"redazione\"},\"sameAs\":[\"http:\\\/\\\/www.bellunopress.it\",\"https:\\\/\\\/x.com\\\/bellunopress\"],\"url\":\"https:\\\/\\\/www.bellunopress.it\\\/fr\\\/author\\\/redazione\\\/\"}]}<\/script>\n<!-- \/ Yoast SEO plugin. -->","yoast_head_json":{"title":"Tavolo verde a Cesiomaggiore: incontro tra agricoltori e mondo venatorio - Bellunopress - Dolomiti","robots":{"index":"index","follow":"follow","max-snippet":"max-snippet:-1","max-image-preview":"max-image-preview:large","max-video-preview":"max-video-preview:-1"},"canonical":"https:\/\/www.bellunopress.it\/fr\/2020\/02\/11\/tavolo-verde-a-cesiomaggiore-incontro-tra-agricoltori-e-mondo-venatorio\/","og_locale":"fr_FR","og_type":"article","og_title":"Tavolo verde a Cesiomaggiore: incontro tra agricoltori e mondo venatorio - Bellunopress - Dolomiti","og_description":"Continuano gli incontri tra agricoltori e mondo venatorio, promossi dalla Coldiretti, in collaborazione con la Provincia di Belluno. Ieri sera, \u00e8 stata la volta di Cesiomaggiore, dove \u00e8 stato affrontato il tema dei danni provocati dalla fauna selvatica. \u00abDanni che creano un problema non soltanto alle attivit\u00e0 agricole, ma anche alla biodiversit\u00e0 del nostro territorio [&hellip;]","og_url":"https:\/\/www.bellunopress.it\/fr\/2020\/02\/11\/tavolo-verde-a-cesiomaggiore-incontro-tra-agricoltori-e-mondo-venatorio\/","og_site_name":"Bellunopress - Dolomiti","article_publisher":"https:\/\/www.facebook.com\/profile.php?id=100008943462799","article_published_time":"2020-02-11T12:34:11+00:00","og_image":[{"url":"http:\/\/www.bellunopress.it\/wp-content\/uploads\/2020\/02\/coldiretti-cesiomaggiore.jpg","type":"","width":"","height":""}],"author":"redazione","twitter_card":"summary_large_image","twitter_creator":"@bellunopress","twitter_site":"@bellunopress","twitter_misc":{"\u00c9crit par":"redazione","Dur\u00e9e de lecture estim\u00e9e":"2 minutes"},"schema":{"@context":"https:\/\/schema.org","@graph":[{"@type":"Article","@id":"https:\/\/www.bellunopress.it\/2020\/02\/11\/tavolo-verde-a-cesiomaggiore-incontro-tra-agricoltori-e-mondo-venatorio\/#article","isPartOf":{"@id":"https:\/\/www.bellunopress.it\/2020\/02\/11\/tavolo-verde-a-cesiomaggiore-incontro-tra-agricoltori-e-mondo-venatorio\/"},"author":{"name":"redazione","@id":"https:\/\/www.bellunopress.it\/#\/schema\/person\/79bb06722b37ece1c03d3e94beb30d73"},"headline":"Tavolo verde a Cesiomaggiore: incontro tra agricoltori e mondo venatorio","datePublished":"2020-02-11T12:34:11+00:00","mainEntityOfPage":{"@id":"https:\/\/www.bellunopress.it\/2020\/02\/11\/tavolo-verde-a-cesiomaggiore-incontro-tra-agricoltori-e-mondo-venatorio\/"},"wordCount":385,"publisher":{"@id":"https:\/\/www.bellunopress.it\/#organization"},"image":{"@id":"https:\/\/www.bellunopress.it\/2020\/02\/11\/tavolo-verde-a-cesiomaggiore-incontro-tra-agricoltori-e-mondo-venatorio\/#primaryimage"},"thumbnailUrl":"http:\/\/www.bellunopress.it\/wp-content\/uploads\/2020\/02\/coldiretti-cesiomaggiore.jpg","articleSection":["Meteo, natura, ambiente, animali","Societ\u00e0, Associazioni, Istituzioni"],"inLanguage":"fr-FR"},{"@type":"WebPage","@id":"https:\/\/www.bellunopress.it\/2020\/02\/11\/tavolo-verde-a-cesiomaggiore-incontro-tra-agricoltori-e-mondo-venatorio\/","url":"https:\/\/www.bellunopress.it\/2020\/02\/11\/tavolo-verde-a-cesiomaggiore-incontro-tra-agricoltori-e-mondo-venatorio\/","name":"Tavolo verde a Cesiomaggiore: incontro tra agricoltori e mondo venatorio - Bellunopress - Dolomiti","isPartOf":{"@id":"https:\/\/www.bellunopress.it\/#website"},"primaryImageOfPage":{"@id":"https:\/\/www.bellunopress.it\/2020\/02\/11\/tavolo-verde-a-cesiomaggiore-incontro-tra-agricoltori-e-mondo-venatorio\/#primaryimage"},"image":{"@id":"https:\/\/www.bellunopress.it\/2020\/02\/11\/tavolo-verde-a-cesiomaggiore-incontro-tra-agricoltori-e-mondo-venatorio\/#primaryimage"},"thumbnailUrl":"http:\/\/www.bellunopress.it\/wp-content\/uploads\/2020\/02\/coldiretti-cesiomaggiore.jpg","datePublished":"2020-02-11T12:34:11+00:00","breadcrumb":{"@id":"https:\/\/www.bellunopress.it\/2020\/02\/11\/tavolo-verde-a-cesiomaggiore-incontro-tra-agricoltori-e-mondo-venatorio\/#breadcrumb"},"inLanguage":"fr-FR","potentialAction":[{"@type":"ReadAction","target":["https:\/\/www.bellunopress.it\/2020\/02\/11\/tavolo-verde-a-cesiomaggiore-incontro-tra-agricoltori-e-mondo-venatorio\/"]}]},{"@type":"ImageObject","inLanguage":"fr-FR","@id":"https:\/\/www.bellunopress.it\/2020\/02\/11\/tavolo-verde-a-cesiomaggiore-incontro-tra-agricoltori-e-mondo-venatorio\/#primaryimage","url":"http:\/\/www.bellunopress.it\/wp-content\/uploads\/2020\/02\/coldiretti-cesiomaggiore.jpg","contentUrl":"http:\/\/www.bellunopress.it\/wp-content\/uploads\/2020\/02\/coldiretti-cesiomaggiore.jpg"},{"@type":"BreadcrumbList","@id":"https:\/\/www.bellunopress.it\/2020\/02\/11\/tavolo-verde-a-cesiomaggiore-incontro-tra-agricoltori-e-mondo-venatorio\/#breadcrumb","itemListElement":[{"@type":"ListItem","position":1,"name":"Home","item":"https:\/\/www.bellunopress.it\/"},{"@type":"ListItem","position":2,"name":"Tavolo verde a Cesiomaggiore: incontro tra agricoltori e mondo venatorio"}]},{"@type":"WebSite","@id":"https:\/\/www.bellunopress.it\/#website","url":"https:\/\/www.bellunopress.it\/","name":"Bellunopress - Dolomiti","description":"e-mail: redazione@bellunopress.it","publisher":{"@id":"https:\/\/www.bellunopress.it\/#organization"},"potentialAction":[{"@type":"SearchAction","target":{"@type":"EntryPoint","urlTemplate":"https:\/\/www.bellunopress.it\/?s={search_term_string}"},"query-input":{"@type":"PropertyValueSpecification","valueRequired":true,"valueName":"search_term_string"}}],"inLanguage":"fr-FR"},{"@type":"Organization","@id":"https:\/\/www.bellunopress.it\/#organization","name":"Bellunopress","url":"https:\/\/www.bellunopress.it\/","logo":{"@type":"ImageObject","inLanguage":"fr-FR","@id":"https:\/\/www.bellunopress.it\/#\/schema\/logo\/image\/","url":"https:\/\/www.bellunopress.it\/wp-content\/uploads\/2011\/05\/cropped-logo-bellunopress-.jpg","contentUrl":"https:\/\/www.bellunopress.it\/wp-content\/uploads\/2011\/05\/cropped-logo-bellunopress-.jpg","width":512,"height":512,"caption":"Bellunopress"},"image":{"@id":"https:\/\/www.bellunopress.it\/#\/schema\/logo\/image\/"},"sameAs":["https:\/\/www.facebook.com\/profile.php?id=100008943462799","https:\/\/x.com\/bellunopress","https:\/\/www.linkedin.com\/hp\/?dnr=JBzUWaJfMUw8vbXJJ2tVW5-I3jZKvC4wsoxE&amp;amp;amp;amp;amp;amp;trk=nav_responsive_tab_home","https:\/\/www.youtube.com\/channel\/UCxL0wu1uN0_3_7hGG0306cw"]},{"@type":"Person","@id":"https:\/\/www.bellunopress.it\/#\/schema\/person\/79bb06722b37ece1c03d3e94beb30d73","name":"r\u00e9daction","image":{"@type":"ImageObject","inLanguage":"fr-FR","@id":"https:\/\/secure.gravatar.com\/avatar\/37d968a2e67a6fd04c169c4bdef102d0bc5d31b2546345219e348575eb80e9a0?s=96&d=mm&r=g","url":"https:\/\/secure.gravatar.com\/avatar\/37d968a2e67a6fd04c169c4bdef102d0bc5d31b2546345219e348575eb80e9a0?s=96&d=mm&r=g","contentUrl":"https:\/\/secure.gravatar.com\/avatar\/37d968a2e67a6fd04c169c4bdef102d0bc5d31b2546345219e348575eb80e9a0?s=96&d=mm&r=g","caption":"redazione"},"sameAs":["http:\/\/www.bellunopress.it","https:\/\/x.com\/bellunopress"],"url":"https:\/\/www.bellunopress.it\/fr\/author\/redazione\/"}]}},"_links":{"self":[{"href":"https:\/\/www.bellunopress.it\/fr\/wp-json\/wp\/v2\/posts\/112021","targetHints":{"allow":["GET"]}}],"collection":[{"href":"https:\/\/www.bellunopress.it\/fr\/wp-json\/wp\/v2\/posts"}],"about":[{"href":"https:\/\/www.bellunopress.it\/fr\/wp-json\/wp\/v2\/types\/post"}],"author":[{"embeddable":true,"href":"https:\/\/www.bellunopress.it\/fr\/wp-json\/wp\/v2\/users\/2"}],"replies":[{"embeddable":true,"href":"https:\/\/www.bellunopress.it\/fr\/wp-json\/wp\/v2\/comments?post=112021"}],"version-history":[{"count":2,"href":"https:\/\/www.bellunopress.it\/fr\/wp-json\/wp\/v2\/posts\/112021\/revisions"}],"predecessor-version":[{"id":112024,"href":"https:\/\/www.bellunopress.it\/fr\/wp-json\/wp\/v2\/posts\/112021\/revisions\/112024"}],"wp:attachment":[{"href":"https:\/\/www.bellunopress.it\/fr\/wp-json\/wp\/v2\/media?parent=112021"}],"wp:term":[{"taxonomy":"category","embeddable":true,"href":"https:\/\/www.bellunopress.it\/fr\/wp-json\/wp\/v2\/categories?post=112021"},{"taxonomy":"post_tag","embeddable":true,"href":"https:\/\/www.bellunopress.it\/fr\/wp-json\/wp\/v2\/tags?post=112021"}],"curies":[{"name":"wp","href":"https:\/\/api.w.org\/{rel}","templated":true}]}}