{"id":111904,"date":"2020-02-09T16:13:07","date_gmt":"2020-02-09T15:13:07","guid":{"rendered":"http:\/\/www.bellunopress.it\/?p=111904"},"modified":"2020-02-06T16:16:50","modified_gmt":"2020-02-06T15:16:50","slug":"domenica-al-comunale-di-belluno-va-in-scena-my-land-spettacolo-di-danza-contemporanea","status":"publish","type":"post","link":"https:\/\/www.bellunopress.it\/fr\/2020\/02\/09\/domenica-al-comunale-di-belluno-va-in-scena-my-land-spettacolo-di-danza-contemporanea\/","title":{"rendered":"Domenica al Comunale di Belluno va in scena My Land, spettacolo di danza contemporanea"},"content":{"rendered":"<p>Domenica 16 febbraio 2020\u00a0alle ore\u00a018.00, al Teatro Comunale di Belluno, si terr\u00e0 il primo, dei due appuntamenti,\u00a0 della rassegna BellunoDanza.<\/p>\n<figure id=\"attachment_104120\" aria-describedby=\"caption-attachment-104120\" style=\"width: 300px\" class=\"wp-caption alignleft\"><a href=\"http:\/\/www.bellunopress.it\/fr\/2019\/04\/29\/giovedi-9-maggio-gli-abbadreams-al-comunale-di-belluno-per-la-rassegna-parole-e-pensieri\/rbsh\/\" rel=\"attachment wp-att-104120\"><img loading=\"lazy\" decoding=\"async\" class=\"size-full wp-image-104120\" src=\"http:\/\/www.bellunopress.it\/wp-content\/uploads\/2019\/04\/teatro-comunale.jpg\" alt=\"\" width=\"300\" height=\"226\" \/><\/a><figcaption id=\"caption-attachment-104120\" class=\"wp-caption-text\">Teatro Comunale di Belluno<\/figcaption><\/figure>\n<p>Un evento, organizzato da Arteven\u00a0e la Fondazione Teatri delle Dolomiti,\u00a0 dal sapore internazionale con nomi di assoluto rilievo nel panorama della danza contemporanea.<\/p>\n<p>&#8211; Titolo dello spettacolo:\u00a0\u00a0<a href=\"http:\/\/www.fondazioneteatridolomiti.it\/event\/my-land\/\" target=\"_blank\" rel=\"noopener noreferrer\">MY LAND<\/a>\u00a0(clicca sul titolo per accedere alla pagina dello spettacolo sul sito ufficiale Fondazione Teatri delle Dolomiti)<\/p>\n<p>&#8211;\u00a0<a href=\"https:\/\/www.youtube.com\/watch?v=Foq9o7uMKC4\" target=\"_blank\" rel=\"noopener noreferrer\">Trailer dello spettacolo<\/a><\/p>\n<p>&#8211; Un progetto di:\u00a0Bence V\u00e0gi &#8211;\u00a0\u00a0Recirquel\u00a0Company Budapest<\/p>\n<p>&#8211; A cura di:\u00a0Fondazione Teatri delle Dolomiti &amp; Arteven<\/p>","protected":false},"excerpt":{"rendered":"<p>Domenica 16 febbraio 2020\u00a0alle ore\u00a018.00, al Teatro Comunale di Belluno, si terr\u00e0 il primo, dei due appuntamenti,\u00a0 della rassegna BellunoDanza. Un evento, organizzato da Arteven\u00a0e la Fondazione Teatri delle Dolomiti,\u00a0 dal sapore internazionale con nomi di assoluto rilievo nel panorama della danza contemporanea. &#8211; Titolo dello spettacolo:\u00a0\u00a0MY LAND\u00a0(clicca sul titolo per accedere alla pagina dello [&hellip;]<\/p>\n","protected":false},"author":2,"featured_media":0,"comment_status":"closed","ping_status":"open","sticky":false,"template":"","format":"standard","meta":{"footnotes":""},"categories":[27,3,25],"tags":[],"class_list":["post-111904","post","type-post","status-publish","format-standard","category-appuntamenti","category-arte-cultura-spettacoli-scienza-archivi","category-pausa-caffe"],"yoast_head":"<!-- This site is optimized with the Yoast SEO plugin v28.4 - https:\/\/yoast.com\/product\/yoast-seo-wordpress\/ -->\n<title>Domenica al Comunale di Belluno va in scena My Land, spettacolo di danza contemporanea - Bellunopress - Dolomiti<\/title>\n<meta name=\"robots\" content=\"index, follow, max-snippet:-1, max-image-preview:large, max-video-preview:-1\" \/>\n<link rel=\"canonical\" href=\"https:\/\/www.bellunopress.it\/fr\/2020\/02\/09\/domenica-al-comunale-di-belluno-va-in-scena-my-land-spettacolo-di-danza-contemporanea\/\" \/>\n<meta property=\"og:locale\" content=\"fr_FR\" \/>\n<meta property=\"og:type\" content=\"article\" \/>\n<meta property=\"og:title\" content=\"Domenica al Comunale di Belluno va in scena My Land, spettacolo di danza contemporanea - Bellunopress - Dolomiti\" \/>\n<meta property=\"og:description\" content=\"Domenica 16 febbraio 2020\u00a0alle ore\u00a018.00, al Teatro Comunale di Belluno, si terr\u00e0 il primo, dei due appuntamenti,\u00a0 della rassegna BellunoDanza. Un evento, organizzato da Arteven\u00a0e la Fondazione Teatri delle Dolomiti,\u00a0 dal sapore internazionale con nomi di assoluto rilievo nel panorama della danza contemporanea. &#8211; Titolo dello spettacolo:\u00a0\u00a0MY LAND\u00a0(clicca sul titolo per accedere alla pagina dello [&hellip;]\" \/>\n<meta property=\"og:url\" content=\"https:\/\/www.bellunopress.it\/fr\/2020\/02\/09\/domenica-al-comunale-di-belluno-va-in-scena-my-land-spettacolo-di-danza-contemporanea\/\" \/>\n<meta property=\"og:site_name\" content=\"Bellunopress - Dolomiti\" \/>\n<meta property=\"article:publisher\" content=\"https:\/\/www.facebook.com\/profile.php?id=100008943462799\" \/>\n<meta property=\"article:published_time\" content=\"2020-02-09T15:13:07+00:00\" \/>\n<meta property=\"og:image\" content=\"http:\/\/www.bellunopress.it\/wp-content\/uploads\/2019\/04\/teatro-comunale.jpg\" \/>\n<meta name=\"author\" content=\"redazione\" \/>\n<meta name=\"twitter:card\" content=\"summary_large_image\" \/>\n<meta name=\"twitter:creator\" content=\"@bellunopress\" \/>\n<meta name=\"twitter:site\" content=\"@bellunopress\" \/>\n<meta name=\"twitter:label1\" content=\"\u00c9crit par\" \/>\n\t<meta name=\"twitter:data1\" content=\"redazione\" \/>\n\t<meta name=\"twitter:label2\" content=\"Dur\u00e9e de lecture estim\u00e9e\" \/>\n\t<meta name=\"twitter:data2\" content=\"1 minute\" \/>\n<script type=\"application\/ld+json\" class=\"yoast-schema-graph\">{\"@context\":\"https:\\\/\\\/schema.org\",\"@graph\":[{\"@type\":\"Article\",\"@id\":\"https:\\\/\\\/www.bellunopress.it\\\/2020\\\/02\\\/09\\\/domenica-al-comunale-di-belluno-va-in-scena-my-land-spettacolo-di-danza-contemporanea\\\/#article\",\"isPartOf\":{\"@id\":\"https:\\\/\\\/www.bellunopress.it\\\/2020\\\/02\\\/09\\\/domenica-al-comunale-di-belluno-va-in-scena-my-land-spettacolo-di-danza-contemporanea\\\/\"},\"author\":{\"name\":\"redazione\",\"@id\":\"https:\\\/\\\/www.bellunopress.it\\\/#\\\/schema\\\/person\\\/79bb06722b37ece1c03d3e94beb30d73\"},\"headline\":\"Domenica al Comunale di Belluno va in scena My Land, spettacolo di danza contemporanea\",\"datePublished\":\"2020-02-09T15:13:07+00:00\",\"mainEntityOfPage\":{\"@id\":\"https:\\\/\\\/www.bellunopress.it\\\/2020\\\/02\\\/09\\\/domenica-al-comunale-di-belluno-va-in-scena-my-land-spettacolo-di-danza-contemporanea\\\/\"},\"wordCount\":115,\"publisher\":{\"@id\":\"https:\\\/\\\/www.bellunopress.it\\\/#organization\"},\"image\":{\"@id\":\"https:\\\/\\\/www.bellunopress.it\\\/2020\\\/02\\\/09\\\/domenica-al-comunale-di-belluno-va-in-scena-my-land-spettacolo-di-danza-contemporanea\\\/#primaryimage\"},\"thumbnailUrl\":\"http:\\\/\\\/www.bellunopress.it\\\/wp-content\\\/uploads\\\/2019\\\/04\\\/teatro-comunale.jpg\",\"articleSection\":[\"Appuntamenti, Eventi\",\"Arte, Cultura, Spettacoli, Scienza\",\"Pausa Caff\u00e8\"],\"inLanguage\":\"fr-FR\"},{\"@type\":\"WebPage\",\"@id\":\"https:\\\/\\\/www.bellunopress.it\\\/2020\\\/02\\\/09\\\/domenica-al-comunale-di-belluno-va-in-scena-my-land-spettacolo-di-danza-contemporanea\\\/\",\"url\":\"https:\\\/\\\/www.bellunopress.it\\\/2020\\\/02\\\/09\\\/domenica-al-comunale-di-belluno-va-in-scena-my-land-spettacolo-di-danza-contemporanea\\\/\",\"name\":\"Domenica al Comunale di Belluno va in scena My Land, spettacolo di danza contemporanea - Bellunopress - Dolomiti\",\"isPartOf\":{\"@id\":\"https:\\\/\\\/www.bellunopress.it\\\/#website\"},\"primaryImageOfPage\":{\"@id\":\"https:\\\/\\\/www.bellunopress.it\\\/2020\\\/02\\\/09\\\/domenica-al-comunale-di-belluno-va-in-scena-my-land-spettacolo-di-danza-contemporanea\\\/#primaryimage\"},\"image\":{\"@id\":\"https:\\\/\\\/www.bellunopress.it\\\/2020\\\/02\\\/09\\\/domenica-al-comunale-di-belluno-va-in-scena-my-land-spettacolo-di-danza-contemporanea\\\/#primaryimage\"},\"thumbnailUrl\":\"http:\\\/\\\/www.bellunopress.it\\\/wp-content\\\/uploads\\\/2019\\\/04\\\/teatro-comunale.jpg\",\"datePublished\":\"2020-02-09T15:13:07+00:00\",\"breadcrumb\":{\"@id\":\"https:\\\/\\\/www.bellunopress.it\\\/2020\\\/02\\\/09\\\/domenica-al-comunale-di-belluno-va-in-scena-my-land-spettacolo-di-danza-contemporanea\\\/#breadcrumb\"},\"inLanguage\":\"fr-FR\",\"potentialAction\":[{\"@type\":\"ReadAction\",\"target\":[\"https:\\\/\\\/www.bellunopress.it\\\/2020\\\/02\\\/09\\\/domenica-al-comunale-di-belluno-va-in-scena-my-land-spettacolo-di-danza-contemporanea\\\/\"]}]},{\"@type\":\"ImageObject\",\"inLanguage\":\"fr-FR\",\"@id\":\"https:\\\/\\\/www.bellunopress.it\\\/2020\\\/02\\\/09\\\/domenica-al-comunale-di-belluno-va-in-scena-my-land-spettacolo-di-danza-contemporanea\\\/#primaryimage\",\"url\":\"http:\\\/\\\/www.bellunopress.it\\\/wp-content\\\/uploads\\\/2019\\\/04\\\/teatro-comunale.jpg\",\"contentUrl\":\"http:\\\/\\\/www.bellunopress.it\\\/wp-content\\\/uploads\\\/2019\\\/04\\\/teatro-comunale.jpg\"},{\"@type\":\"BreadcrumbList\",\"@id\":\"https:\\\/\\\/www.bellunopress.it\\\/2020\\\/02\\\/09\\\/domenica-al-comunale-di-belluno-va-in-scena-my-land-spettacolo-di-danza-contemporanea\\\/#breadcrumb\",\"itemListElement\":[{\"@type\":\"ListItem\",\"position\":1,\"name\":\"Home\",\"item\":\"https:\\\/\\\/www.bellunopress.it\\\/\"},{\"@type\":\"ListItem\",\"position\":2,\"name\":\"Domenica al Comunale di Belluno va in scena My Land, spettacolo di danza contemporanea\"}]},{\"@type\":\"WebSite\",\"@id\":\"https:\\\/\\\/www.bellunopress.it\\\/#website\",\"url\":\"https:\\\/\\\/www.bellunopress.it\\\/\",\"name\":\"Bellunopress - Dolomiti\",\"description\":\"e-mail: redazione@bellunopress.it\",\"publisher\":{\"@id\":\"https:\\\/\\\/www.bellunopress.it\\\/#organization\"},\"potentialAction\":[{\"@type\":\"SearchAction\",\"target\":{\"@type\":\"EntryPoint\",\"urlTemplate\":\"https:\\\/\\\/www.bellunopress.it\\\/?s={search_term_string}\"},\"query-input\":{\"@type\":\"PropertyValueSpecification\",\"valueRequired\":true,\"valueName\":\"search_term_string\"}}],\"inLanguage\":\"fr-FR\"},{\"@type\":\"Organization\",\"@id\":\"https:\\\/\\\/www.bellunopress.it\\\/#organization\",\"name\":\"Bellunopress\",\"url\":\"https:\\\/\\\/www.bellunopress.it\\\/\",\"logo\":{\"@type\":\"ImageObject\",\"inLanguage\":\"fr-FR\",\"@id\":\"https:\\\/\\\/www.bellunopress.it\\\/#\\\/schema\\\/logo\\\/image\\\/\",\"url\":\"https:\\\/\\\/www.bellunopress.it\\\/wp-content\\\/uploads\\\/2011\\\/05\\\/cropped-logo-bellunopress-.jpg\",\"contentUrl\":\"https:\\\/\\\/www.bellunopress.it\\\/wp-content\\\/uploads\\\/2011\\\/05\\\/cropped-logo-bellunopress-.jpg\",\"width\":512,\"height\":512,\"caption\":\"Bellunopress\"},\"image\":{\"@id\":\"https:\\\/\\\/www.bellunopress.it\\\/#\\\/schema\\\/logo\\\/image\\\/\"},\"sameAs\":[\"https:\\\/\\\/www.facebook.com\\\/profile.php?id=100008943462799\",\"https:\\\/\\\/x.com\\\/bellunopress\",\"https:\\\/\\\/www.linkedin.com\\\/hp\\\/?dnr=JBzUWaJfMUw8vbXJJ2tVW5-I3jZKvC4wsoxE&amp;amp;amp;amp;amp;amp;trk=nav_responsive_tab_home\",\"https:\\\/\\\/www.youtube.com\\\/channel\\\/UCxL0wu1uN0_3_7hGG0306cw\"]},{\"@type\":\"Person\",\"@id\":\"https:\\\/\\\/www.bellunopress.it\\\/#\\\/schema\\\/person\\\/79bb06722b37ece1c03d3e94beb30d73\",\"name\":\"redazione\",\"image\":{\"@type\":\"ImageObject\",\"inLanguage\":\"fr-FR\",\"@id\":\"https:\\\/\\\/secure.gravatar.com\\\/avatar\\\/37d968a2e67a6fd04c169c4bdef102d0bc5d31b2546345219e348575eb80e9a0?s=96&d=mm&r=g\",\"url\":\"https:\\\/\\\/secure.gravatar.com\\\/avatar\\\/37d968a2e67a6fd04c169c4bdef102d0bc5d31b2546345219e348575eb80e9a0?s=96&d=mm&r=g\",\"contentUrl\":\"https:\\\/\\\/secure.gravatar.com\\\/avatar\\\/37d968a2e67a6fd04c169c4bdef102d0bc5d31b2546345219e348575eb80e9a0?s=96&d=mm&r=g\",\"caption\":\"redazione\"},\"sameAs\":[\"http:\\\/\\\/www.bellunopress.it\",\"https:\\\/\\\/x.com\\\/bellunopress\"],\"url\":\"https:\\\/\\\/www.bellunopress.it\\\/fr\\\/author\\\/redazione\\\/\"}]}<\/script>\n<!-- \/ Yoast SEO plugin. -->","yoast_head_json":{"title":"Domenica al Comunale di Belluno va in scena My Land, spettacolo di danza contemporanea - Bellunopress - Dolomiti","robots":{"index":"index","follow":"follow","max-snippet":"max-snippet:-1","max-image-preview":"max-image-preview:large","max-video-preview":"max-video-preview:-1"},"canonical":"https:\/\/www.bellunopress.it\/fr\/2020\/02\/09\/domenica-al-comunale-di-belluno-va-in-scena-my-land-spettacolo-di-danza-contemporanea\/","og_locale":"fr_FR","og_type":"article","og_title":"Domenica al Comunale di Belluno va in scena My Land, spettacolo di danza contemporanea - Bellunopress - Dolomiti","og_description":"Domenica 16 febbraio 2020\u00a0alle ore\u00a018.00, al Teatro Comunale di Belluno, si terr\u00e0 il primo, dei due appuntamenti,\u00a0 della rassegna BellunoDanza. Un evento, organizzato da Arteven\u00a0e la Fondazione Teatri delle Dolomiti,\u00a0 dal sapore internazionale con nomi di assoluto rilievo nel panorama della danza contemporanea. &#8211; Titolo dello spettacolo:\u00a0\u00a0MY LAND\u00a0(clicca sul titolo per accedere alla pagina dello [&hellip;]","og_url":"https:\/\/www.bellunopress.it\/fr\/2020\/02\/09\/domenica-al-comunale-di-belluno-va-in-scena-my-land-spettacolo-di-danza-contemporanea\/","og_site_name":"Bellunopress - Dolomiti","article_publisher":"https:\/\/www.facebook.com\/profile.php?id=100008943462799","article_published_time":"2020-02-09T15:13:07+00:00","og_image":[{"url":"http:\/\/www.bellunopress.it\/wp-content\/uploads\/2019\/04\/teatro-comunale.jpg","type":"","width":"","height":""}],"author":"redazione","twitter_card":"summary_large_image","twitter_creator":"@bellunopress","twitter_site":"@bellunopress","twitter_misc":{"\u00c9crit par":"redazione","Dur\u00e9e de lecture estim\u00e9e":"1 minute"},"schema":{"@context":"https:\/\/schema.org","@graph":[{"@type":"Article","@id":"https:\/\/www.bellunopress.it\/2020\/02\/09\/domenica-al-comunale-di-belluno-va-in-scena-my-land-spettacolo-di-danza-contemporanea\/#article","isPartOf":{"@id":"https:\/\/www.bellunopress.it\/2020\/02\/09\/domenica-al-comunale-di-belluno-va-in-scena-my-land-spettacolo-di-danza-contemporanea\/"},"author":{"name":"redazione","@id":"https:\/\/www.bellunopress.it\/#\/schema\/person\/79bb06722b37ece1c03d3e94beb30d73"},"headline":"Domenica al Comunale di Belluno va in scena My Land, spettacolo di danza contemporanea","datePublished":"2020-02-09T15:13:07+00:00","mainEntityOfPage":{"@id":"https:\/\/www.bellunopress.it\/2020\/02\/09\/domenica-al-comunale-di-belluno-va-in-scena-my-land-spettacolo-di-danza-contemporanea\/"},"wordCount":115,"publisher":{"@id":"https:\/\/www.bellunopress.it\/#organization"},"image":{"@id":"https:\/\/www.bellunopress.it\/2020\/02\/09\/domenica-al-comunale-di-belluno-va-in-scena-my-land-spettacolo-di-danza-contemporanea\/#primaryimage"},"thumbnailUrl":"http:\/\/www.bellunopress.it\/wp-content\/uploads\/2019\/04\/teatro-comunale.jpg","articleSection":["Appuntamenti, Eventi","Arte, Cultura, Spettacoli, Scienza","Pausa Caff\u00e8"],"inLanguage":"fr-FR"},{"@type":"WebPage","@id":"https:\/\/www.bellunopress.it\/2020\/02\/09\/domenica-al-comunale-di-belluno-va-in-scena-my-land-spettacolo-di-danza-contemporanea\/","url":"https:\/\/www.bellunopress.it\/2020\/02\/09\/domenica-al-comunale-di-belluno-va-in-scena-my-land-spettacolo-di-danza-contemporanea\/","name":"Domenica al Comunale di Belluno va in scena My Land, spettacolo di danza contemporanea - Bellunopress - Dolomiti","isPartOf":{"@id":"https:\/\/www.bellunopress.it\/#website"},"primaryImageOfPage":{"@id":"https:\/\/www.bellunopress.it\/2020\/02\/09\/domenica-al-comunale-di-belluno-va-in-scena-my-land-spettacolo-di-danza-contemporanea\/#primaryimage"},"image":{"@id":"https:\/\/www.bellunopress.it\/2020\/02\/09\/domenica-al-comunale-di-belluno-va-in-scena-my-land-spettacolo-di-danza-contemporanea\/#primaryimage"},"thumbnailUrl":"http:\/\/www.bellunopress.it\/wp-content\/uploads\/2019\/04\/teatro-comunale.jpg","datePublished":"2020-02-09T15:13:07+00:00","breadcrumb":{"@id":"https:\/\/www.bellunopress.it\/2020\/02\/09\/domenica-al-comunale-di-belluno-va-in-scena-my-land-spettacolo-di-danza-contemporanea\/#breadcrumb"},"inLanguage":"fr-FR","potentialAction":[{"@type":"ReadAction","target":["https:\/\/www.bellunopress.it\/2020\/02\/09\/domenica-al-comunale-di-belluno-va-in-scena-my-land-spettacolo-di-danza-contemporanea\/"]}]},{"@type":"ImageObject","inLanguage":"fr-FR","@id":"https:\/\/www.bellunopress.it\/2020\/02\/09\/domenica-al-comunale-di-belluno-va-in-scena-my-land-spettacolo-di-danza-contemporanea\/#primaryimage","url":"http:\/\/www.bellunopress.it\/wp-content\/uploads\/2019\/04\/teatro-comunale.jpg","contentUrl":"http:\/\/www.bellunopress.it\/wp-content\/uploads\/2019\/04\/teatro-comunale.jpg"},{"@type":"BreadcrumbList","@id":"https:\/\/www.bellunopress.it\/2020\/02\/09\/domenica-al-comunale-di-belluno-va-in-scena-my-land-spettacolo-di-danza-contemporanea\/#breadcrumb","itemListElement":[{"@type":"ListItem","position":1,"name":"Home","item":"https:\/\/www.bellunopress.it\/"},{"@type":"ListItem","position":2,"name":"Domenica al Comunale di Belluno va in scena My Land, spettacolo di danza contemporanea"}]},{"@type":"WebSite","@id":"https:\/\/www.bellunopress.it\/#website","url":"https:\/\/www.bellunopress.it\/","name":"Bellunopress - Dolomiti","description":"e-mail: redazione@bellunopress.it","publisher":{"@id":"https:\/\/www.bellunopress.it\/#organization"},"potentialAction":[{"@type":"SearchAction","target":{"@type":"EntryPoint","urlTemplate":"https:\/\/www.bellunopress.it\/?s={search_term_string}"},"query-input":{"@type":"PropertyValueSpecification","valueRequired":true,"valueName":"search_term_string"}}],"inLanguage":"fr-FR"},{"@type":"Organization","@id":"https:\/\/www.bellunopress.it\/#organization","name":"Bellunopress","url":"https:\/\/www.bellunopress.it\/","logo":{"@type":"ImageObject","inLanguage":"fr-FR","@id":"https:\/\/www.bellunopress.it\/#\/schema\/logo\/image\/","url":"https:\/\/www.bellunopress.it\/wp-content\/uploads\/2011\/05\/cropped-logo-bellunopress-.jpg","contentUrl":"https:\/\/www.bellunopress.it\/wp-content\/uploads\/2011\/05\/cropped-logo-bellunopress-.jpg","width":512,"height":512,"caption":"Bellunopress"},"image":{"@id":"https:\/\/www.bellunopress.it\/#\/schema\/logo\/image\/"},"sameAs":["https:\/\/www.facebook.com\/profile.php?id=100008943462799","https:\/\/x.com\/bellunopress","https:\/\/www.linkedin.com\/hp\/?dnr=JBzUWaJfMUw8vbXJJ2tVW5-I3jZKvC4wsoxE&amp;amp;amp;amp;amp;amp;trk=nav_responsive_tab_home","https:\/\/www.youtube.com\/channel\/UCxL0wu1uN0_3_7hGG0306cw"]},{"@type":"Person","@id":"https:\/\/www.bellunopress.it\/#\/schema\/person\/79bb06722b37ece1c03d3e94beb30d73","name":"r\u00e9daction","image":{"@type":"ImageObject","inLanguage":"fr-FR","@id":"https:\/\/secure.gravatar.com\/avatar\/37d968a2e67a6fd04c169c4bdef102d0bc5d31b2546345219e348575eb80e9a0?s=96&d=mm&r=g","url":"https:\/\/secure.gravatar.com\/avatar\/37d968a2e67a6fd04c169c4bdef102d0bc5d31b2546345219e348575eb80e9a0?s=96&d=mm&r=g","contentUrl":"https:\/\/secure.gravatar.com\/avatar\/37d968a2e67a6fd04c169c4bdef102d0bc5d31b2546345219e348575eb80e9a0?s=96&d=mm&r=g","caption":"redazione"},"sameAs":["http:\/\/www.bellunopress.it","https:\/\/x.com\/bellunopress"],"url":"https:\/\/www.bellunopress.it\/fr\/author\/redazione\/"}]}},"_links":{"self":[{"href":"https:\/\/www.bellunopress.it\/fr\/wp-json\/wp\/v2\/posts\/111904","targetHints":{"allow":["GET"]}}],"collection":[{"href":"https:\/\/www.bellunopress.it\/fr\/wp-json\/wp\/v2\/posts"}],"about":[{"href":"https:\/\/www.bellunopress.it\/fr\/wp-json\/wp\/v2\/types\/post"}],"author":[{"embeddable":true,"href":"https:\/\/www.bellunopress.it\/fr\/wp-json\/wp\/v2\/users\/2"}],"replies":[{"embeddable":true,"href":"https:\/\/www.bellunopress.it\/fr\/wp-json\/wp\/v2\/comments?post=111904"}],"version-history":[{"count":1,"href":"https:\/\/www.bellunopress.it\/fr\/wp-json\/wp\/v2\/posts\/111904\/revisions"}],"predecessor-version":[{"id":111905,"href":"https:\/\/www.bellunopress.it\/fr\/wp-json\/wp\/v2\/posts\/111904\/revisions\/111905"}],"wp:attachment":[{"href":"https:\/\/www.bellunopress.it\/fr\/wp-json\/wp\/v2\/media?parent=111904"}],"wp:term":[{"taxonomy":"category","embeddable":true,"href":"https:\/\/www.bellunopress.it\/fr\/wp-json\/wp\/v2\/categories?post=111904"},{"taxonomy":"post_tag","embeddable":true,"href":"https:\/\/www.bellunopress.it\/fr\/wp-json\/wp\/v2\/tags?post=111904"}],"curies":[{"name":"wp","href":"https:\/\/api.w.org\/{rel}","templated":true}]}}