{"id":111884,"date":"2020-02-06T13:19:48","date_gmt":"2020-02-06T12:19:48","guid":{"rendered":"http:\/\/www.bellunopress.it\/?p=111884"},"modified":"2020-02-06T13:19:48","modified_gmt":"2020-02-06T12:19:48","slug":"carnevale-a-belluno-2020-mascherine-e-carri-scaldano-i-motori","status":"publish","type":"post","link":"https:\/\/www.bellunopress.it\/fr\/2020\/02\/06\/carnevale-a-belluno-2020-mascherine-e-carri-scaldano-i-motori\/","title":{"rendered":"Carnevale a Belluno 2020, mascherine e carri scaldano i motori"},"content":{"rendered":"<p><a href=\"http:\/\/www.bellunopress.it\/fr\/2019\/03\/03\/carnevale-di-belluno-folla-in-piazza-dei-martiri-per-i-carri-mascherati\/carnevale-2019\/\" rel=\"attachment wp-att-102558\"><img loading=\"lazy\" decoding=\"async\" class=\"alignleft size-full wp-image-102558\" src=\"http:\/\/www.bellunopress.it\/wp-content\/uploads\/2019\/03\/carnevale-2019.jpg\" alt=\"\" width=\"300\" height=\"228\" \/><\/a>Conto alla rovescia per il Carnevale bellunese 2020: si \u00e8 tenuto nella giornata di ieri a Palazzo Rosso l&#8217;incontro tecnico per definire gli ultimi dettagli per la manifestazione che per due fine settimana animer\u00e0 il Castionese e il centro storico. Alla riunione hanno partecipato i rappresentanti della Pro Loco Castionese e del Consorzio Belluno Centro Storico, binomio che come gi\u00e0 fatto nel 2019 organizzer\u00e0 gli eventi con il Comune di Belluno, presente all&#8217;incontro con gli uffici delle attivit\u00e0 economiche, della protezione civile, gli addetti alle manifestazioni e la polizia locale.<\/p>\n<p>\u00abAnche per quest&#8217;anno quindi si conferma la collaborazione tra il Comune di Belluno, la Pro Loco Castionese e il Consorzio Belluno Centro Storico: &#8211; spiega l&#8217;assessore al turismo e alle manifestazioni del capoluogo \u2013 dopo gli ottimi riscontri avuti dal Natale delle Dolomiti, in queste settimane abbiamo lavorato per l&#8217;organizzazione del Carnevale che, come lo scorso anno, sar\u00e0 un evento di sicuro richiamo, che porter\u00e0 nelle piazze e nelle strade centinaia di persone, soprattutto bambini\u00bb.<\/p>\n<p>Il programma definitivo sar\u00e0 annunciato nei prossimi giorni: due le domeniche di animazione, il 16 a Castion e il 23 in centro, per\u00a0chiudere come da tradizione con la sfilata delle mascherine in Piazza dei Martiri marted\u00ec grasso, il 25 febbraio.<\/p>\n<p>\u00abRispetto allo scorso anno, ci saranno alcune interessanti novit\u00e0 per gli eventi dei weekend che presenteremo presto\u00bb, annuncia l&#8217;assessore, che concede comunque qualche anticipazione: confermatissima la sfilata dei carri &#8211; oltre una ventina lo scorso anno, sfilati tra le strade di Castion e il centro citt\u00e0 \u2013 cos\u00ec come la Color Run, che lo scorso anno aveva visto quasi 300 partecipanti; grande attesa anche per la sfilata conclusiva dei piccoli in costume: nel 2019 erano stati centinaia i bambini che avevano animato la piazza.<\/p>","protected":false},"excerpt":{"rendered":"<p>Conto alla rovescia per il Carnevale bellunese 2020: si \u00e8 tenuto nella giornata di ieri a Palazzo Rosso l&#8217;incontro tecnico per definire gli ultimi dettagli per la manifestazione che per due fine settimana animer\u00e0 il Castionese e il centro storico. Alla riunione hanno partecipato i rappresentanti della Pro Loco Castionese e del Consorzio Belluno Centro [&hellip;]<\/p>\n","protected":false},"author":2,"featured_media":0,"comment_status":"closed","ping_status":"open","sticky":false,"template":"","format":"standard","meta":{"footnotes":""},"categories":[27,26,8,4],"tags":[],"class_list":["post-111884","post","type-post","status-publish","format-standard","category-appuntamenti","category-prima-pagina","category-societa-istituzioni","category-sport"],"yoast_head":"<!-- This site is optimized with the Yoast SEO plugin v28.4 - https:\/\/yoast.com\/product\/yoast-seo-wordpress\/ -->\n<title>Carnevale a Belluno 2020, mascherine e carri scaldano i motori - Bellunopress - Dolomiti<\/title>\n<meta name=\"robots\" content=\"index, follow, max-snippet:-1, max-image-preview:large, max-video-preview:-1\" \/>\n<link rel=\"canonical\" href=\"https:\/\/www.bellunopress.it\/fr\/2020\/02\/06\/carnevale-a-belluno-2020-mascherine-e-carri-scaldano-i-motori\/\" \/>\n<meta property=\"og:locale\" content=\"fr_FR\" \/>\n<meta property=\"og:type\" content=\"article\" \/>\n<meta property=\"og:title\" content=\"Carnevale a Belluno 2020, mascherine e carri scaldano i motori - Bellunopress - Dolomiti\" \/>\n<meta property=\"og:description\" content=\"Conto alla rovescia per il Carnevale bellunese 2020: si \u00e8 tenuto nella giornata di ieri a Palazzo Rosso l&#8217;incontro tecnico per definire gli ultimi dettagli per la manifestazione che per due fine settimana animer\u00e0 il Castionese e il centro storico. Alla riunione hanno partecipato i rappresentanti della Pro Loco Castionese e del Consorzio Belluno Centro [&hellip;]\" \/>\n<meta property=\"og:url\" content=\"https:\/\/www.bellunopress.it\/fr\/2020\/02\/06\/carnevale-a-belluno-2020-mascherine-e-carri-scaldano-i-motori\/\" \/>\n<meta property=\"og:site_name\" content=\"Bellunopress - Dolomiti\" \/>\n<meta property=\"article:publisher\" content=\"https:\/\/www.facebook.com\/profile.php?id=100008943462799\" \/>\n<meta property=\"article:published_time\" content=\"2020-02-06T12:19:48+00:00\" \/>\n<meta property=\"og:image\" content=\"http:\/\/www.bellunopress.it\/wp-content\/uploads\/2019\/03\/carnevale-2019.jpg\" \/>\n<meta name=\"author\" content=\"redazione\" \/>\n<meta name=\"twitter:card\" content=\"summary_large_image\" \/>\n<meta name=\"twitter:creator\" content=\"@bellunopress\" \/>\n<meta name=\"twitter:site\" content=\"@bellunopress\" \/>\n<meta name=\"twitter:label1\" content=\"\u00c9crit par\" \/>\n\t<meta name=\"twitter:data1\" content=\"redazione\" \/>\n\t<meta name=\"twitter:label2\" content=\"Dur\u00e9e de lecture estim\u00e9e\" \/>\n\t<meta name=\"twitter:data2\" content=\"1 minute\" \/>\n<script type=\"application\/ld+json\" class=\"yoast-schema-graph\">{\"@context\":\"https:\\\/\\\/schema.org\",\"@graph\":[{\"@type\":\"Article\",\"@id\":\"https:\\\/\\\/www.bellunopress.it\\\/2020\\\/02\\\/06\\\/carnevale-a-belluno-2020-mascherine-e-carri-scaldano-i-motori\\\/#article\",\"isPartOf\":{\"@id\":\"https:\\\/\\\/www.bellunopress.it\\\/2020\\\/02\\\/06\\\/carnevale-a-belluno-2020-mascherine-e-carri-scaldano-i-motori\\\/\"},\"author\":{\"name\":\"redazione\",\"@id\":\"https:\\\/\\\/www.bellunopress.it\\\/#\\\/schema\\\/person\\\/79bb06722b37ece1c03d3e94beb30d73\"},\"headline\":\"Carnevale a Belluno 2020, mascherine e carri scaldano i motori\",\"datePublished\":\"2020-02-06T12:19:48+00:00\",\"mainEntityOfPage\":{\"@id\":\"https:\\\/\\\/www.bellunopress.it\\\/2020\\\/02\\\/06\\\/carnevale-a-belluno-2020-mascherine-e-carri-scaldano-i-motori\\\/\"},\"wordCount\":295,\"publisher\":{\"@id\":\"https:\\\/\\\/www.bellunopress.it\\\/#organization\"},\"image\":{\"@id\":\"https:\\\/\\\/www.bellunopress.it\\\/2020\\\/02\\\/06\\\/carnevale-a-belluno-2020-mascherine-e-carri-scaldano-i-motori\\\/#primaryimage\"},\"thumbnailUrl\":\"http:\\\/\\\/www.bellunopress.it\\\/wp-content\\\/uploads\\\/2019\\\/03\\\/carnevale-2019.jpg\",\"articleSection\":[\"Appuntamenti, Eventi\",\"Prima Pagina\",\"Societ\u00e0, Associazioni, Istituzioni\",\"Sport, tempo libero\"],\"inLanguage\":\"fr-FR\"},{\"@type\":\"WebPage\",\"@id\":\"https:\\\/\\\/www.bellunopress.it\\\/2020\\\/02\\\/06\\\/carnevale-a-belluno-2020-mascherine-e-carri-scaldano-i-motori\\\/\",\"url\":\"https:\\\/\\\/www.bellunopress.it\\\/2020\\\/02\\\/06\\\/carnevale-a-belluno-2020-mascherine-e-carri-scaldano-i-motori\\\/\",\"name\":\"Carnevale a Belluno 2020, mascherine e carri scaldano i motori - Bellunopress - Dolomiti\",\"isPartOf\":{\"@id\":\"https:\\\/\\\/www.bellunopress.it\\\/#website\"},\"primaryImageOfPage\":{\"@id\":\"https:\\\/\\\/www.bellunopress.it\\\/2020\\\/02\\\/06\\\/carnevale-a-belluno-2020-mascherine-e-carri-scaldano-i-motori\\\/#primaryimage\"},\"image\":{\"@id\":\"https:\\\/\\\/www.bellunopress.it\\\/2020\\\/02\\\/06\\\/carnevale-a-belluno-2020-mascherine-e-carri-scaldano-i-motori\\\/#primaryimage\"},\"thumbnailUrl\":\"http:\\\/\\\/www.bellunopress.it\\\/wp-content\\\/uploads\\\/2019\\\/03\\\/carnevale-2019.jpg\",\"datePublished\":\"2020-02-06T12:19:48+00:00\",\"breadcrumb\":{\"@id\":\"https:\\\/\\\/www.bellunopress.it\\\/2020\\\/02\\\/06\\\/carnevale-a-belluno-2020-mascherine-e-carri-scaldano-i-motori\\\/#breadcrumb\"},\"inLanguage\":\"fr-FR\",\"potentialAction\":[{\"@type\":\"ReadAction\",\"target\":[\"https:\\\/\\\/www.bellunopress.it\\\/2020\\\/02\\\/06\\\/carnevale-a-belluno-2020-mascherine-e-carri-scaldano-i-motori\\\/\"]}]},{\"@type\":\"ImageObject\",\"inLanguage\":\"fr-FR\",\"@id\":\"https:\\\/\\\/www.bellunopress.it\\\/2020\\\/02\\\/06\\\/carnevale-a-belluno-2020-mascherine-e-carri-scaldano-i-motori\\\/#primaryimage\",\"url\":\"http:\\\/\\\/www.bellunopress.it\\\/wp-content\\\/uploads\\\/2019\\\/03\\\/carnevale-2019.jpg\",\"contentUrl\":\"http:\\\/\\\/www.bellunopress.it\\\/wp-content\\\/uploads\\\/2019\\\/03\\\/carnevale-2019.jpg\"},{\"@type\":\"BreadcrumbList\",\"@id\":\"https:\\\/\\\/www.bellunopress.it\\\/2020\\\/02\\\/06\\\/carnevale-a-belluno-2020-mascherine-e-carri-scaldano-i-motori\\\/#breadcrumb\",\"itemListElement\":[{\"@type\":\"ListItem\",\"position\":1,\"name\":\"Home\",\"item\":\"https:\\\/\\\/www.bellunopress.it\\\/\"},{\"@type\":\"ListItem\",\"position\":2,\"name\":\"Carnevale a Belluno 2020, mascherine e carri scaldano i motori\"}]},{\"@type\":\"WebSite\",\"@id\":\"https:\\\/\\\/www.bellunopress.it\\\/#website\",\"url\":\"https:\\\/\\\/www.bellunopress.it\\\/\",\"name\":\"Bellunopress - Dolomiti\",\"description\":\"e-mail: redazione@bellunopress.it\",\"publisher\":{\"@id\":\"https:\\\/\\\/www.bellunopress.it\\\/#organization\"},\"potentialAction\":[{\"@type\":\"SearchAction\",\"target\":{\"@type\":\"EntryPoint\",\"urlTemplate\":\"https:\\\/\\\/www.bellunopress.it\\\/?s={search_term_string}\"},\"query-input\":{\"@type\":\"PropertyValueSpecification\",\"valueRequired\":true,\"valueName\":\"search_term_string\"}}],\"inLanguage\":\"fr-FR\"},{\"@type\":\"Organization\",\"@id\":\"https:\\\/\\\/www.bellunopress.it\\\/#organization\",\"name\":\"Bellunopress\",\"url\":\"https:\\\/\\\/www.bellunopress.it\\\/\",\"logo\":{\"@type\":\"ImageObject\",\"inLanguage\":\"fr-FR\",\"@id\":\"https:\\\/\\\/www.bellunopress.it\\\/#\\\/schema\\\/logo\\\/image\\\/\",\"url\":\"https:\\\/\\\/www.bellunopress.it\\\/wp-content\\\/uploads\\\/2011\\\/05\\\/cropped-logo-bellunopress-.jpg\",\"contentUrl\":\"https:\\\/\\\/www.bellunopress.it\\\/wp-content\\\/uploads\\\/2011\\\/05\\\/cropped-logo-bellunopress-.jpg\",\"width\":512,\"height\":512,\"caption\":\"Bellunopress\"},\"image\":{\"@id\":\"https:\\\/\\\/www.bellunopress.it\\\/#\\\/schema\\\/logo\\\/image\\\/\"},\"sameAs\":[\"https:\\\/\\\/www.facebook.com\\\/profile.php?id=100008943462799\",\"https:\\\/\\\/x.com\\\/bellunopress\",\"https:\\\/\\\/www.linkedin.com\\\/hp\\\/?dnr=JBzUWaJfMUw8vbXJJ2tVW5-I3jZKvC4wsoxE&amp;amp;amp;amp;amp;amp;trk=nav_responsive_tab_home\",\"https:\\\/\\\/www.youtube.com\\\/channel\\\/UCxL0wu1uN0_3_7hGG0306cw\"]},{\"@type\":\"Person\",\"@id\":\"https:\\\/\\\/www.bellunopress.it\\\/#\\\/schema\\\/person\\\/79bb06722b37ece1c03d3e94beb30d73\",\"name\":\"redazione\",\"image\":{\"@type\":\"ImageObject\",\"inLanguage\":\"fr-FR\",\"@id\":\"https:\\\/\\\/secure.gravatar.com\\\/avatar\\\/37d968a2e67a6fd04c169c4bdef102d0bc5d31b2546345219e348575eb80e9a0?s=96&d=mm&r=g\",\"url\":\"https:\\\/\\\/secure.gravatar.com\\\/avatar\\\/37d968a2e67a6fd04c169c4bdef102d0bc5d31b2546345219e348575eb80e9a0?s=96&d=mm&r=g\",\"contentUrl\":\"https:\\\/\\\/secure.gravatar.com\\\/avatar\\\/37d968a2e67a6fd04c169c4bdef102d0bc5d31b2546345219e348575eb80e9a0?s=96&d=mm&r=g\",\"caption\":\"redazione\"},\"sameAs\":[\"http:\\\/\\\/www.bellunopress.it\",\"https:\\\/\\\/x.com\\\/bellunopress\"],\"url\":\"https:\\\/\\\/www.bellunopress.it\\\/fr\\\/author\\\/redazione\\\/\"}]}<\/script>\n<!-- \/ Yoast SEO plugin. -->","yoast_head_json":{"title":"Carnevale a Belluno 2020, mascherine e carri scaldano i motori - Bellunopress - Dolomiti","robots":{"index":"index","follow":"follow","max-snippet":"max-snippet:-1","max-image-preview":"max-image-preview:large","max-video-preview":"max-video-preview:-1"},"canonical":"https:\/\/www.bellunopress.it\/fr\/2020\/02\/06\/carnevale-a-belluno-2020-mascherine-e-carri-scaldano-i-motori\/","og_locale":"fr_FR","og_type":"article","og_title":"Carnevale a Belluno 2020, mascherine e carri scaldano i motori - Bellunopress - Dolomiti","og_description":"Conto alla rovescia per il Carnevale bellunese 2020: si \u00e8 tenuto nella giornata di ieri a Palazzo Rosso l&#8217;incontro tecnico per definire gli ultimi dettagli per la manifestazione che per due fine settimana animer\u00e0 il Castionese e il centro storico. Alla riunione hanno partecipato i rappresentanti della Pro Loco Castionese e del Consorzio Belluno Centro [&hellip;]","og_url":"https:\/\/www.bellunopress.it\/fr\/2020\/02\/06\/carnevale-a-belluno-2020-mascherine-e-carri-scaldano-i-motori\/","og_site_name":"Bellunopress - Dolomiti","article_publisher":"https:\/\/www.facebook.com\/profile.php?id=100008943462799","article_published_time":"2020-02-06T12:19:48+00:00","og_image":[{"url":"http:\/\/www.bellunopress.it\/wp-content\/uploads\/2019\/03\/carnevale-2019.jpg","type":"","width":"","height":""}],"author":"redazione","twitter_card":"summary_large_image","twitter_creator":"@bellunopress","twitter_site":"@bellunopress","twitter_misc":{"\u00c9crit par":"redazione","Dur\u00e9e de lecture estim\u00e9e":"1 minute"},"schema":{"@context":"https:\/\/schema.org","@graph":[{"@type":"Article","@id":"https:\/\/www.bellunopress.it\/2020\/02\/06\/carnevale-a-belluno-2020-mascherine-e-carri-scaldano-i-motori\/#article","isPartOf":{"@id":"https:\/\/www.bellunopress.it\/2020\/02\/06\/carnevale-a-belluno-2020-mascherine-e-carri-scaldano-i-motori\/"},"author":{"name":"redazione","@id":"https:\/\/www.bellunopress.it\/#\/schema\/person\/79bb06722b37ece1c03d3e94beb30d73"},"headline":"Carnevale a Belluno 2020, mascherine e carri scaldano i motori","datePublished":"2020-02-06T12:19:48+00:00","mainEntityOfPage":{"@id":"https:\/\/www.bellunopress.it\/2020\/02\/06\/carnevale-a-belluno-2020-mascherine-e-carri-scaldano-i-motori\/"},"wordCount":295,"publisher":{"@id":"https:\/\/www.bellunopress.it\/#organization"},"image":{"@id":"https:\/\/www.bellunopress.it\/2020\/02\/06\/carnevale-a-belluno-2020-mascherine-e-carri-scaldano-i-motori\/#primaryimage"},"thumbnailUrl":"http:\/\/www.bellunopress.it\/wp-content\/uploads\/2019\/03\/carnevale-2019.jpg","articleSection":["Appuntamenti, Eventi","Prima Pagina","Societ\u00e0, Associazioni, Istituzioni","Sport, tempo libero"],"inLanguage":"fr-FR"},{"@type":"WebPage","@id":"https:\/\/www.bellunopress.it\/2020\/02\/06\/carnevale-a-belluno-2020-mascherine-e-carri-scaldano-i-motori\/","url":"https:\/\/www.bellunopress.it\/2020\/02\/06\/carnevale-a-belluno-2020-mascherine-e-carri-scaldano-i-motori\/","name":"Carnevale a Belluno 2020, mascherine e carri scaldano i motori - Bellunopress - Dolomiti","isPartOf":{"@id":"https:\/\/www.bellunopress.it\/#website"},"primaryImageOfPage":{"@id":"https:\/\/www.bellunopress.it\/2020\/02\/06\/carnevale-a-belluno-2020-mascherine-e-carri-scaldano-i-motori\/#primaryimage"},"image":{"@id":"https:\/\/www.bellunopress.it\/2020\/02\/06\/carnevale-a-belluno-2020-mascherine-e-carri-scaldano-i-motori\/#primaryimage"},"thumbnailUrl":"http:\/\/www.bellunopress.it\/wp-content\/uploads\/2019\/03\/carnevale-2019.jpg","datePublished":"2020-02-06T12:19:48+00:00","breadcrumb":{"@id":"https:\/\/www.bellunopress.it\/2020\/02\/06\/carnevale-a-belluno-2020-mascherine-e-carri-scaldano-i-motori\/#breadcrumb"},"inLanguage":"fr-FR","potentialAction":[{"@type":"ReadAction","target":["https:\/\/www.bellunopress.it\/2020\/02\/06\/carnevale-a-belluno-2020-mascherine-e-carri-scaldano-i-motori\/"]}]},{"@type":"ImageObject","inLanguage":"fr-FR","@id":"https:\/\/www.bellunopress.it\/2020\/02\/06\/carnevale-a-belluno-2020-mascherine-e-carri-scaldano-i-motori\/#primaryimage","url":"http:\/\/www.bellunopress.it\/wp-content\/uploads\/2019\/03\/carnevale-2019.jpg","contentUrl":"http:\/\/www.bellunopress.it\/wp-content\/uploads\/2019\/03\/carnevale-2019.jpg"},{"@type":"BreadcrumbList","@id":"https:\/\/www.bellunopress.it\/2020\/02\/06\/carnevale-a-belluno-2020-mascherine-e-carri-scaldano-i-motori\/#breadcrumb","itemListElement":[{"@type":"ListItem","position":1,"name":"Home","item":"https:\/\/www.bellunopress.it\/"},{"@type":"ListItem","position":2,"name":"Carnevale a Belluno 2020, mascherine e carri scaldano i motori"}]},{"@type":"WebSite","@id":"https:\/\/www.bellunopress.it\/#website","url":"https:\/\/www.bellunopress.it\/","name":"Bellunopress - Dolomiti","description":"e-mail: redazione@bellunopress.it","publisher":{"@id":"https:\/\/www.bellunopress.it\/#organization"},"potentialAction":[{"@type":"SearchAction","target":{"@type":"EntryPoint","urlTemplate":"https:\/\/www.bellunopress.it\/?s={search_term_string}"},"query-input":{"@type":"PropertyValueSpecification","valueRequired":true,"valueName":"search_term_string"}}],"inLanguage":"fr-FR"},{"@type":"Organization","@id":"https:\/\/www.bellunopress.it\/#organization","name":"Bellunopress","url":"https:\/\/www.bellunopress.it\/","logo":{"@type":"ImageObject","inLanguage":"fr-FR","@id":"https:\/\/www.bellunopress.it\/#\/schema\/logo\/image\/","url":"https:\/\/www.bellunopress.it\/wp-content\/uploads\/2011\/05\/cropped-logo-bellunopress-.jpg","contentUrl":"https:\/\/www.bellunopress.it\/wp-content\/uploads\/2011\/05\/cropped-logo-bellunopress-.jpg","width":512,"height":512,"caption":"Bellunopress"},"image":{"@id":"https:\/\/www.bellunopress.it\/#\/schema\/logo\/image\/"},"sameAs":["https:\/\/www.facebook.com\/profile.php?id=100008943462799","https:\/\/x.com\/bellunopress","https:\/\/www.linkedin.com\/hp\/?dnr=JBzUWaJfMUw8vbXJJ2tVW5-I3jZKvC4wsoxE&amp;amp;amp;amp;amp;amp;trk=nav_responsive_tab_home","https:\/\/www.youtube.com\/channel\/UCxL0wu1uN0_3_7hGG0306cw"]},{"@type":"Person","@id":"https:\/\/www.bellunopress.it\/#\/schema\/person\/79bb06722b37ece1c03d3e94beb30d73","name":"r\u00e9daction","image":{"@type":"ImageObject","inLanguage":"fr-FR","@id":"https:\/\/secure.gravatar.com\/avatar\/37d968a2e67a6fd04c169c4bdef102d0bc5d31b2546345219e348575eb80e9a0?s=96&d=mm&r=g","url":"https:\/\/secure.gravatar.com\/avatar\/37d968a2e67a6fd04c169c4bdef102d0bc5d31b2546345219e348575eb80e9a0?s=96&d=mm&r=g","contentUrl":"https:\/\/secure.gravatar.com\/avatar\/37d968a2e67a6fd04c169c4bdef102d0bc5d31b2546345219e348575eb80e9a0?s=96&d=mm&r=g","caption":"redazione"},"sameAs":["http:\/\/www.bellunopress.it","https:\/\/x.com\/bellunopress"],"url":"https:\/\/www.bellunopress.it\/fr\/author\/redazione\/"}]}},"_links":{"self":[{"href":"https:\/\/www.bellunopress.it\/fr\/wp-json\/wp\/v2\/posts\/111884","targetHints":{"allow":["GET"]}}],"collection":[{"href":"https:\/\/www.bellunopress.it\/fr\/wp-json\/wp\/v2\/posts"}],"about":[{"href":"https:\/\/www.bellunopress.it\/fr\/wp-json\/wp\/v2\/types\/post"}],"author":[{"embeddable":true,"href":"https:\/\/www.bellunopress.it\/fr\/wp-json\/wp\/v2\/users\/2"}],"replies":[{"embeddable":true,"href":"https:\/\/www.bellunopress.it\/fr\/wp-json\/wp\/v2\/comments?post=111884"}],"version-history":[{"count":1,"href":"https:\/\/www.bellunopress.it\/fr\/wp-json\/wp\/v2\/posts\/111884\/revisions"}],"predecessor-version":[{"id":111885,"href":"https:\/\/www.bellunopress.it\/fr\/wp-json\/wp\/v2\/posts\/111884\/revisions\/111885"}],"wp:attachment":[{"href":"https:\/\/www.bellunopress.it\/fr\/wp-json\/wp\/v2\/media?parent=111884"}],"wp:term":[{"taxonomy":"category","embeddable":true,"href":"https:\/\/www.bellunopress.it\/fr\/wp-json\/wp\/v2\/categories?post=111884"},{"taxonomy":"post_tag","embeddable":true,"href":"https:\/\/www.bellunopress.it\/fr\/wp-json\/wp\/v2\/tags?post=111884"}],"curies":[{"name":"wp","href":"https:\/\/api.w.org\/{rel}","templated":true}]}}