{"id":111882,"date":"2020-02-06T10:46:05","date_gmt":"2020-02-06T09:46:05","guid":{"rendered":"http:\/\/www.bellunopress.it\/?p=111882"},"modified":"2020-02-06T10:46:05","modified_gmt":"2020-02-06T09:46:05","slug":"difesa-delle-minoranze-consegnate-a-bruxelles-un-milione-e-200mila-firme-dorfmann-chiediamo-una-legge-a-protezione-dei-diritti-linguistici-e-le-differenti-culture","status":"publish","type":"post","link":"https:\/\/www.bellunopress.it\/fr\/2020\/02\/06\/difesa-delle-minoranze-consegnate-a-bruxelles-un-milione-e-200mila-firme-dorfmann-chiediamo-una-legge-a-protezione-dei-diritti-linguistici-e-le-differenti-culture\/","title":{"rendered":"Difesa delle minoranze. Consegnate a Bruxelles un milione e 200mila firme. Dorfmann: &#8220;Chiediamo una legge a protezione dei diritti linguistici e le differenti culture&#8221;"},"content":{"rendered":"<figure id=\"attachment_106495\" aria-describedby=\"caption-attachment-106495\" style=\"width: 213px\" class=\"wp-caption alignleft\"><a href=\"http:\/\/www.bellunopress.it\/fr\/2019\/07\/23\/fondo-di-solidarieta-europeo-via-alla-discussione-in-commissione-bilancio-dorfmann-il-partito-popolare-europeo-sostiene-lassegnazione-di-oltre-227-milioni-allitalia\/herbert-dorfmann-2\/\" rel=\"attachment wp-att-106495\"><img loading=\"lazy\" decoding=\"async\" class=\"size-full wp-image-106495\" src=\"http:\/\/www.bellunopress.it\/wp-content\/uploads\/2019\/07\/Herbert-Dorfmann-2.jpg\" alt=\"\" width=\"213\" height=\"300\" \/><\/a><figcaption id=\"caption-attachment-106495\" class=\"wp-caption-text\">Herbert Dorfmann, europarlamentare<\/figcaption><\/figure>\n<p>Sono state consegnate ieri mattina ai rappresentanti della Commissione Europea nella sede del Parlamento Europeo di Bruxelles le firme a sostegno dell&#8217;iniziativa \u201cMinority SafePack\u201d per chiedere maggiori diritti per le minoranze in Europa: una campagna di grandissimo successo, che ha portato i promotori a raccogliere oltre 1,2 milioni di firme in tutto il continente, oltre 80mila solo in Italia, soprattutto in Alto Adige e nella provincia di Belluno, dove \u00e8 consistente la minoranza linguistica ladina.<\/p>\n<p>&#8220;Il Minority SafePack \u00e8 la pi\u00f9 importante iniziativa a sostegno delle minoranze in Europa degli ultimi decenni. &#8211; ha sottolineato l&#8217;europarlamentare Herbert Dorfmann, che ha sostenuto attivamente questa iniziativa fin dall&#8217;inizio &#8211; Ci\u00f2 che \u00e8 importante ora \u00e8 che la campagna porti a una maggiore protezione delle minoranze: il nostro compito sar\u00e0 quello di convincere la Commissione e il Consiglio dell&#8217;UE ad attuare tutti i suoi contenuti e a mettere in atto una legge completa per proteggere i diritti delle minoranze, i diritti linguistici e le differenti culture\u201d.<\/p>\n<p>La Commissione organizzer\u00e0 un&#8217;audizione pubblica al Parlamento Europeo entro il prossimo 10 aprile ed entro il 10 luglio dovr\u00e0 decidere se introdurre una nuova normativa: \u201cNon tutte le minoranze in Europa hanno gli stessi standard di protezione e le stesse opportunit\u00e0 di sviluppo per una convivenza pacifica. &#8211; sottolinea ancora Dorfmann &#8211; La situazione di molte minoranze in Europa \u00e8 peggiorata notevolmente a causa dell&#8217;assimilazione e della discriminazione. La protezione delle minoranze dovrebbe quindi essere ancorata e rafforzata a livello europeo attraverso programmi di sostegno concreti\u201d.<\/p>\n<p>Giunge cos\u00ec a conclusione la prima parte del cammino dell&#8217;iniziativa \u201cMinority SafePack\u201d, avviata nel 2017, completata con successo nell&#8217;anno seguente e culminata nella cerimonia di consegna a Bruxelles.<\/p>\n<p>All&#8217;incontro erano presenti la vicepresidente della Commissione europea, responsabile per i valori europei e la trasparenza, V\u0115ra Jourov\u00e1, e il commissario europeo per l&#8217;innovazione, la ricerca, la cultura, l&#8217;istruzione e la giovent\u00f9, Mariya Gabriel; a consegnare nelle loro mani le firme, il presidente e il vicepresidente della FUEN &#8211; Unione Federale delle Nazionalit\u00e0 Europee, Lor\u00e1nt Vincze e Daniel Alfreider: \u201cVogliamo che le dichiarazioni di Copenhagen sulla tutela dei diritti delle minoranze siano prese in considerazione anche dagli Stati membri dell&#8217;UE&#8221;, hanno dichiarato.<\/p>","protected":false},"excerpt":{"rendered":"<p>Sono state consegnate ieri mattina ai rappresentanti della Commissione Europea nella sede del Parlamento Europeo di Bruxelles le firme a sostegno dell&#8217;iniziativa \u201cMinority SafePack\u201d per chiedere maggiori diritti per le minoranze in Europa: una campagna di grandissimo successo, che ha portato i promotori a raccogliere oltre 1,2 milioni di firme in tutto il continente, oltre [&hellip;]<\/p>\n","protected":false},"author":2,"featured_media":0,"comment_status":"closed","ping_status":"open","sticky":false,"template":"","format":"standard","meta":{"footnotes":""},"categories":[1],"tags":[],"class_list":["post-111882","post","type-post","status-publish","format-standard","category-leo"],"yoast_head":"<!-- This site is optimized with the Yoast SEO plugin v28.4 - https:\/\/yoast.com\/product\/yoast-seo-wordpress\/ -->\n<title>Difesa delle minoranze. Consegnate a Bruxelles un milione e 200mila firme. Dorfmann: &quot;Chiediamo una legge a protezione dei diritti linguistici e le differenti culture&quot; - Bellunopress - Dolomiti<\/title>\n<meta name=\"robots\" content=\"index, follow, max-snippet:-1, max-image-preview:large, max-video-preview:-1\" \/>\n<link rel=\"canonical\" href=\"https:\/\/www.bellunopress.it\/fr\/2020\/02\/06\/difesa-delle-minoranze-consegnate-a-bruxelles-un-milione-e-200mila-firme-dorfmann-chiediamo-una-legge-a-protezione-dei-diritti-linguistici-e-le-differenti-culture\/\" \/>\n<meta property=\"og:locale\" content=\"fr_FR\" \/>\n<meta property=\"og:type\" content=\"article\" \/>\n<meta property=\"og:title\" content=\"Difesa delle minoranze. Consegnate a Bruxelles un milione e 200mila firme. Dorfmann: &quot;Chiediamo una legge a protezione dei diritti linguistici e le differenti culture&quot; - Bellunopress - Dolomiti\" \/>\n<meta property=\"og:description\" content=\"Sono state consegnate ieri mattina ai rappresentanti della Commissione Europea nella sede del Parlamento Europeo di Bruxelles le firme a sostegno dell&#8217;iniziativa \u201cMinority SafePack\u201d per chiedere maggiori diritti per le minoranze in Europa: una campagna di grandissimo successo, che ha portato i promotori a raccogliere oltre 1,2 milioni di firme in tutto il continente, oltre [&hellip;]\" \/>\n<meta property=\"og:url\" content=\"https:\/\/www.bellunopress.it\/fr\/2020\/02\/06\/difesa-delle-minoranze-consegnate-a-bruxelles-un-milione-e-200mila-firme-dorfmann-chiediamo-una-legge-a-protezione-dei-diritti-linguistici-e-le-differenti-culture\/\" \/>\n<meta property=\"og:site_name\" content=\"Bellunopress - Dolomiti\" \/>\n<meta property=\"article:publisher\" content=\"https:\/\/www.facebook.com\/profile.php?id=100008943462799\" \/>\n<meta property=\"article:published_time\" content=\"2020-02-06T09:46:05+00:00\" \/>\n<meta property=\"og:image\" content=\"http:\/\/www.bellunopress.it\/wp-content\/uploads\/2019\/07\/Herbert-Dorfmann-2.jpg\" \/>\n<meta name=\"author\" content=\"redazione\" \/>\n<meta name=\"twitter:card\" content=\"summary_large_image\" \/>\n<meta name=\"twitter:creator\" content=\"@bellunopress\" \/>\n<meta name=\"twitter:site\" content=\"@bellunopress\" \/>\n<meta name=\"twitter:label1\" content=\"\u00c9crit par\" \/>\n\t<meta name=\"twitter:data1\" content=\"redazione\" \/>\n\t<meta name=\"twitter:label2\" content=\"Dur\u00e9e de lecture estim\u00e9e\" \/>\n\t<meta name=\"twitter:data2\" content=\"2 minutes\" \/>\n<script type=\"application\/ld+json\" class=\"yoast-schema-graph\">{\"@context\":\"https:\\\/\\\/schema.org\",\"@graph\":[{\"@type\":\"Article\",\"@id\":\"https:\\\/\\\/www.bellunopress.it\\\/2020\\\/02\\\/06\\\/difesa-delle-minoranze-consegnate-a-bruxelles-un-milione-e-200mila-firme-dorfmann-chiediamo-una-legge-a-protezione-dei-diritti-linguistici-e-le-differenti-culture\\\/#article\",\"isPartOf\":{\"@id\":\"https:\\\/\\\/www.bellunopress.it\\\/2020\\\/02\\\/06\\\/difesa-delle-minoranze-consegnate-a-bruxelles-un-milione-e-200mila-firme-dorfmann-chiediamo-una-legge-a-protezione-dei-diritti-linguistici-e-le-differenti-culture\\\/\"},\"author\":{\"name\":\"redazione\",\"@id\":\"https:\\\/\\\/www.bellunopress.it\\\/#\\\/schema\\\/person\\\/79bb06722b37ece1c03d3e94beb30d73\"},\"headline\":\"Difesa delle minoranze. Consegnate a Bruxelles un milione e 200mila firme. Dorfmann: &#8220;Chiediamo una legge a protezione dei diritti linguistici e le differenti culture&#8221;\",\"datePublished\":\"2020-02-06T09:46:05+00:00\",\"mainEntityOfPage\":{\"@id\":\"https:\\\/\\\/www.bellunopress.it\\\/2020\\\/02\\\/06\\\/difesa-delle-minoranze-consegnate-a-bruxelles-un-milione-e-200mila-firme-dorfmann-chiediamo-una-legge-a-protezione-dei-diritti-linguistici-e-le-differenti-culture\\\/\"},\"wordCount\":398,\"publisher\":{\"@id\":\"https:\\\/\\\/www.bellunopress.it\\\/#organization\"},\"image\":{\"@id\":\"https:\\\/\\\/www.bellunopress.it\\\/2020\\\/02\\\/06\\\/difesa-delle-minoranze-consegnate-a-bruxelles-un-milione-e-200mila-firme-dorfmann-chiediamo-una-legge-a-protezione-dei-diritti-linguistici-e-le-differenti-culture\\\/#primaryimage\"},\"thumbnailUrl\":\"http:\\\/\\\/www.bellunopress.it\\\/wp-content\\\/uploads\\\/2019\\\/07\\\/Herbert-Dorfmann-2.jpg\",\"articleSection\":[\"Lettere Opinioni\"],\"inLanguage\":\"fr-FR\"},{\"@type\":\"WebPage\",\"@id\":\"https:\\\/\\\/www.bellunopress.it\\\/2020\\\/02\\\/06\\\/difesa-delle-minoranze-consegnate-a-bruxelles-un-milione-e-200mila-firme-dorfmann-chiediamo-una-legge-a-protezione-dei-diritti-linguistici-e-le-differenti-culture\\\/\",\"url\":\"https:\\\/\\\/www.bellunopress.it\\\/2020\\\/02\\\/06\\\/difesa-delle-minoranze-consegnate-a-bruxelles-un-milione-e-200mila-firme-dorfmann-chiediamo-una-legge-a-protezione-dei-diritti-linguistici-e-le-differenti-culture\\\/\",\"name\":\"Difesa delle minoranze. Consegnate a Bruxelles un milione e 200mila firme. Dorfmann: \\\"Chiediamo una legge a protezione dei diritti linguistici e le differenti culture\\\" - Bellunopress - Dolomiti\",\"isPartOf\":{\"@id\":\"https:\\\/\\\/www.bellunopress.it\\\/#website\"},\"primaryImageOfPage\":{\"@id\":\"https:\\\/\\\/www.bellunopress.it\\\/2020\\\/02\\\/06\\\/difesa-delle-minoranze-consegnate-a-bruxelles-un-milione-e-200mila-firme-dorfmann-chiediamo-una-legge-a-protezione-dei-diritti-linguistici-e-le-differenti-culture\\\/#primaryimage\"},\"image\":{\"@id\":\"https:\\\/\\\/www.bellunopress.it\\\/2020\\\/02\\\/06\\\/difesa-delle-minoranze-consegnate-a-bruxelles-un-milione-e-200mila-firme-dorfmann-chiediamo-una-legge-a-protezione-dei-diritti-linguistici-e-le-differenti-culture\\\/#primaryimage\"},\"thumbnailUrl\":\"http:\\\/\\\/www.bellunopress.it\\\/wp-content\\\/uploads\\\/2019\\\/07\\\/Herbert-Dorfmann-2.jpg\",\"datePublished\":\"2020-02-06T09:46:05+00:00\",\"breadcrumb\":{\"@id\":\"https:\\\/\\\/www.bellunopress.it\\\/2020\\\/02\\\/06\\\/difesa-delle-minoranze-consegnate-a-bruxelles-un-milione-e-200mila-firme-dorfmann-chiediamo-una-legge-a-protezione-dei-diritti-linguistici-e-le-differenti-culture\\\/#breadcrumb\"},\"inLanguage\":\"fr-FR\",\"potentialAction\":[{\"@type\":\"ReadAction\",\"target\":[\"https:\\\/\\\/www.bellunopress.it\\\/2020\\\/02\\\/06\\\/difesa-delle-minoranze-consegnate-a-bruxelles-un-milione-e-200mila-firme-dorfmann-chiediamo-una-legge-a-protezione-dei-diritti-linguistici-e-le-differenti-culture\\\/\"]}]},{\"@type\":\"ImageObject\",\"inLanguage\":\"fr-FR\",\"@id\":\"https:\\\/\\\/www.bellunopress.it\\\/2020\\\/02\\\/06\\\/difesa-delle-minoranze-consegnate-a-bruxelles-un-milione-e-200mila-firme-dorfmann-chiediamo-una-legge-a-protezione-dei-diritti-linguistici-e-le-differenti-culture\\\/#primaryimage\",\"url\":\"http:\\\/\\\/www.bellunopress.it\\\/wp-content\\\/uploads\\\/2019\\\/07\\\/Herbert-Dorfmann-2.jpg\",\"contentUrl\":\"http:\\\/\\\/www.bellunopress.it\\\/wp-content\\\/uploads\\\/2019\\\/07\\\/Herbert-Dorfmann-2.jpg\"},{\"@type\":\"BreadcrumbList\",\"@id\":\"https:\\\/\\\/www.bellunopress.it\\\/2020\\\/02\\\/06\\\/difesa-delle-minoranze-consegnate-a-bruxelles-un-milione-e-200mila-firme-dorfmann-chiediamo-una-legge-a-protezione-dei-diritti-linguistici-e-le-differenti-culture\\\/#breadcrumb\",\"itemListElement\":[{\"@type\":\"ListItem\",\"position\":1,\"name\":\"Home\",\"item\":\"https:\\\/\\\/www.bellunopress.it\\\/\"},{\"@type\":\"ListItem\",\"position\":2,\"name\":\"Difesa delle minoranze. Consegnate a Bruxelles un milione e 200mila firme. Dorfmann: &#8220;Chiediamo una legge a protezione dei diritti linguistici e le differenti culture&#8221;\"}]},{\"@type\":\"WebSite\",\"@id\":\"https:\\\/\\\/www.bellunopress.it\\\/#website\",\"url\":\"https:\\\/\\\/www.bellunopress.it\\\/\",\"name\":\"Bellunopress - Dolomiti\",\"description\":\"e-mail: redazione@bellunopress.it\",\"publisher\":{\"@id\":\"https:\\\/\\\/www.bellunopress.it\\\/#organization\"},\"potentialAction\":[{\"@type\":\"SearchAction\",\"target\":{\"@type\":\"EntryPoint\",\"urlTemplate\":\"https:\\\/\\\/www.bellunopress.it\\\/?s={search_term_string}\"},\"query-input\":{\"@type\":\"PropertyValueSpecification\",\"valueRequired\":true,\"valueName\":\"search_term_string\"}}],\"inLanguage\":\"fr-FR\"},{\"@type\":\"Organization\",\"@id\":\"https:\\\/\\\/www.bellunopress.it\\\/#organization\",\"name\":\"Bellunopress\",\"url\":\"https:\\\/\\\/www.bellunopress.it\\\/\",\"logo\":{\"@type\":\"ImageObject\",\"inLanguage\":\"fr-FR\",\"@id\":\"https:\\\/\\\/www.bellunopress.it\\\/#\\\/schema\\\/logo\\\/image\\\/\",\"url\":\"https:\\\/\\\/www.bellunopress.it\\\/wp-content\\\/uploads\\\/2011\\\/05\\\/cropped-logo-bellunopress-.jpg\",\"contentUrl\":\"https:\\\/\\\/www.bellunopress.it\\\/wp-content\\\/uploads\\\/2011\\\/05\\\/cropped-logo-bellunopress-.jpg\",\"width\":512,\"height\":512,\"caption\":\"Bellunopress\"},\"image\":{\"@id\":\"https:\\\/\\\/www.bellunopress.it\\\/#\\\/schema\\\/logo\\\/image\\\/\"},\"sameAs\":[\"https:\\\/\\\/www.facebook.com\\\/profile.php?id=100008943462799\",\"https:\\\/\\\/x.com\\\/bellunopress\",\"https:\\\/\\\/www.linkedin.com\\\/hp\\\/?dnr=JBzUWaJfMUw8vbXJJ2tVW5-I3jZKvC4wsoxE&amp;amp;amp;amp;amp;amp;trk=nav_responsive_tab_home\",\"https:\\\/\\\/www.youtube.com\\\/channel\\\/UCxL0wu1uN0_3_7hGG0306cw\"]},{\"@type\":\"Person\",\"@id\":\"https:\\\/\\\/www.bellunopress.it\\\/#\\\/schema\\\/person\\\/79bb06722b37ece1c03d3e94beb30d73\",\"name\":\"redazione\",\"image\":{\"@type\":\"ImageObject\",\"inLanguage\":\"fr-FR\",\"@id\":\"https:\\\/\\\/secure.gravatar.com\\\/avatar\\\/37d968a2e67a6fd04c169c4bdef102d0bc5d31b2546345219e348575eb80e9a0?s=96&d=mm&r=g\",\"url\":\"https:\\\/\\\/secure.gravatar.com\\\/avatar\\\/37d968a2e67a6fd04c169c4bdef102d0bc5d31b2546345219e348575eb80e9a0?s=96&d=mm&r=g\",\"contentUrl\":\"https:\\\/\\\/secure.gravatar.com\\\/avatar\\\/37d968a2e67a6fd04c169c4bdef102d0bc5d31b2546345219e348575eb80e9a0?s=96&d=mm&r=g\",\"caption\":\"redazione\"},\"sameAs\":[\"http:\\\/\\\/www.bellunopress.it\",\"https:\\\/\\\/x.com\\\/bellunopress\"],\"url\":\"https:\\\/\\\/www.bellunopress.it\\\/fr\\\/author\\\/redazione\\\/\"}]}<\/script>\n<!-- \/ Yoast SEO plugin. -->","yoast_head_json":{"title":"Difesa delle minoranze. Consegnate a Bruxelles un milione e 200mila firme. Dorfmann: \"Chiediamo una legge a protezione dei diritti linguistici e le differenti culture\" - Bellunopress - Dolomiti","robots":{"index":"index","follow":"follow","max-snippet":"max-snippet:-1","max-image-preview":"max-image-preview:large","max-video-preview":"max-video-preview:-1"},"canonical":"https:\/\/www.bellunopress.it\/fr\/2020\/02\/06\/difesa-delle-minoranze-consegnate-a-bruxelles-un-milione-e-200mila-firme-dorfmann-chiediamo-una-legge-a-protezione-dei-diritti-linguistici-e-le-differenti-culture\/","og_locale":"fr_FR","og_type":"article","og_title":"Difesa delle minoranze. Consegnate a Bruxelles un milione e 200mila firme. Dorfmann: \"Chiediamo una legge a protezione dei diritti linguistici e le differenti culture\" - Bellunopress - Dolomiti","og_description":"Sono state consegnate ieri mattina ai rappresentanti della Commissione Europea nella sede del Parlamento Europeo di Bruxelles le firme a sostegno dell&#8217;iniziativa \u201cMinority SafePack\u201d per chiedere maggiori diritti per le minoranze in Europa: una campagna di grandissimo successo, che ha portato i promotori a raccogliere oltre 1,2 milioni di firme in tutto il continente, oltre [&hellip;]","og_url":"https:\/\/www.bellunopress.it\/fr\/2020\/02\/06\/difesa-delle-minoranze-consegnate-a-bruxelles-un-milione-e-200mila-firme-dorfmann-chiediamo-una-legge-a-protezione-dei-diritti-linguistici-e-le-differenti-culture\/","og_site_name":"Bellunopress - Dolomiti","article_publisher":"https:\/\/www.facebook.com\/profile.php?id=100008943462799","article_published_time":"2020-02-06T09:46:05+00:00","og_image":[{"url":"http:\/\/www.bellunopress.it\/wp-content\/uploads\/2019\/07\/Herbert-Dorfmann-2.jpg","type":"","width":"","height":""}],"author":"redazione","twitter_card":"summary_large_image","twitter_creator":"@bellunopress","twitter_site":"@bellunopress","twitter_misc":{"\u00c9crit par":"redazione","Dur\u00e9e de lecture estim\u00e9e":"2 minutes"},"schema":{"@context":"https:\/\/schema.org","@graph":[{"@type":"Article","@id":"https:\/\/www.bellunopress.it\/2020\/02\/06\/difesa-delle-minoranze-consegnate-a-bruxelles-un-milione-e-200mila-firme-dorfmann-chiediamo-una-legge-a-protezione-dei-diritti-linguistici-e-le-differenti-culture\/#article","isPartOf":{"@id":"https:\/\/www.bellunopress.it\/2020\/02\/06\/difesa-delle-minoranze-consegnate-a-bruxelles-un-milione-e-200mila-firme-dorfmann-chiediamo-una-legge-a-protezione-dei-diritti-linguistici-e-le-differenti-culture\/"},"author":{"name":"redazione","@id":"https:\/\/www.bellunopress.it\/#\/schema\/person\/79bb06722b37ece1c03d3e94beb30d73"},"headline":"Difesa delle minoranze. Consegnate a Bruxelles un milione e 200mila firme. Dorfmann: &#8220;Chiediamo una legge a protezione dei diritti linguistici e le differenti culture&#8221;","datePublished":"2020-02-06T09:46:05+00:00","mainEntityOfPage":{"@id":"https:\/\/www.bellunopress.it\/2020\/02\/06\/difesa-delle-minoranze-consegnate-a-bruxelles-un-milione-e-200mila-firme-dorfmann-chiediamo-una-legge-a-protezione-dei-diritti-linguistici-e-le-differenti-culture\/"},"wordCount":398,"publisher":{"@id":"https:\/\/www.bellunopress.it\/#organization"},"image":{"@id":"https:\/\/www.bellunopress.it\/2020\/02\/06\/difesa-delle-minoranze-consegnate-a-bruxelles-un-milione-e-200mila-firme-dorfmann-chiediamo-una-legge-a-protezione-dei-diritti-linguistici-e-le-differenti-culture\/#primaryimage"},"thumbnailUrl":"http:\/\/www.bellunopress.it\/wp-content\/uploads\/2019\/07\/Herbert-Dorfmann-2.jpg","articleSection":["Lettere Opinioni"],"inLanguage":"fr-FR"},{"@type":"WebPage","@id":"https:\/\/www.bellunopress.it\/2020\/02\/06\/difesa-delle-minoranze-consegnate-a-bruxelles-un-milione-e-200mila-firme-dorfmann-chiediamo-una-legge-a-protezione-dei-diritti-linguistici-e-le-differenti-culture\/","url":"https:\/\/www.bellunopress.it\/2020\/02\/06\/difesa-delle-minoranze-consegnate-a-bruxelles-un-milione-e-200mila-firme-dorfmann-chiediamo-una-legge-a-protezione-dei-diritti-linguistici-e-le-differenti-culture\/","name":"Difesa delle minoranze. Consegnate a Bruxelles un milione e 200mila firme. Dorfmann: \"Chiediamo una legge a protezione dei diritti linguistici e le differenti culture\" - Bellunopress - Dolomiti","isPartOf":{"@id":"https:\/\/www.bellunopress.it\/#website"},"primaryImageOfPage":{"@id":"https:\/\/www.bellunopress.it\/2020\/02\/06\/difesa-delle-minoranze-consegnate-a-bruxelles-un-milione-e-200mila-firme-dorfmann-chiediamo-una-legge-a-protezione-dei-diritti-linguistici-e-le-differenti-culture\/#primaryimage"},"image":{"@id":"https:\/\/www.bellunopress.it\/2020\/02\/06\/difesa-delle-minoranze-consegnate-a-bruxelles-un-milione-e-200mila-firme-dorfmann-chiediamo-una-legge-a-protezione-dei-diritti-linguistici-e-le-differenti-culture\/#primaryimage"},"thumbnailUrl":"http:\/\/www.bellunopress.it\/wp-content\/uploads\/2019\/07\/Herbert-Dorfmann-2.jpg","datePublished":"2020-02-06T09:46:05+00:00","breadcrumb":{"@id":"https:\/\/www.bellunopress.it\/2020\/02\/06\/difesa-delle-minoranze-consegnate-a-bruxelles-un-milione-e-200mila-firme-dorfmann-chiediamo-una-legge-a-protezione-dei-diritti-linguistici-e-le-differenti-culture\/#breadcrumb"},"inLanguage":"fr-FR","potentialAction":[{"@type":"ReadAction","target":["https:\/\/www.bellunopress.it\/2020\/02\/06\/difesa-delle-minoranze-consegnate-a-bruxelles-un-milione-e-200mila-firme-dorfmann-chiediamo-una-legge-a-protezione-dei-diritti-linguistici-e-le-differenti-culture\/"]}]},{"@type":"ImageObject","inLanguage":"fr-FR","@id":"https:\/\/www.bellunopress.it\/2020\/02\/06\/difesa-delle-minoranze-consegnate-a-bruxelles-un-milione-e-200mila-firme-dorfmann-chiediamo-una-legge-a-protezione-dei-diritti-linguistici-e-le-differenti-culture\/#primaryimage","url":"http:\/\/www.bellunopress.it\/wp-content\/uploads\/2019\/07\/Herbert-Dorfmann-2.jpg","contentUrl":"http:\/\/www.bellunopress.it\/wp-content\/uploads\/2019\/07\/Herbert-Dorfmann-2.jpg"},{"@type":"BreadcrumbList","@id":"https:\/\/www.bellunopress.it\/2020\/02\/06\/difesa-delle-minoranze-consegnate-a-bruxelles-un-milione-e-200mila-firme-dorfmann-chiediamo-una-legge-a-protezione-dei-diritti-linguistici-e-le-differenti-culture\/#breadcrumb","itemListElement":[{"@type":"ListItem","position":1,"name":"Home","item":"https:\/\/www.bellunopress.it\/"},{"@type":"ListItem","position":2,"name":"Difesa delle minoranze. Consegnate a Bruxelles un milione e 200mila firme. Dorfmann: &#8220;Chiediamo una legge a protezione dei diritti linguistici e le differenti culture&#8221;"}]},{"@type":"WebSite","@id":"https:\/\/www.bellunopress.it\/#website","url":"https:\/\/www.bellunopress.it\/","name":"Bellunopress - Dolomiti","description":"e-mail: redazione@bellunopress.it","publisher":{"@id":"https:\/\/www.bellunopress.it\/#organization"},"potentialAction":[{"@type":"SearchAction","target":{"@type":"EntryPoint","urlTemplate":"https:\/\/www.bellunopress.it\/?s={search_term_string}"},"query-input":{"@type":"PropertyValueSpecification","valueRequired":true,"valueName":"search_term_string"}}],"inLanguage":"fr-FR"},{"@type":"Organization","@id":"https:\/\/www.bellunopress.it\/#organization","name":"Bellunopress","url":"https:\/\/www.bellunopress.it\/","logo":{"@type":"ImageObject","inLanguage":"fr-FR","@id":"https:\/\/www.bellunopress.it\/#\/schema\/logo\/image\/","url":"https:\/\/www.bellunopress.it\/wp-content\/uploads\/2011\/05\/cropped-logo-bellunopress-.jpg","contentUrl":"https:\/\/www.bellunopress.it\/wp-content\/uploads\/2011\/05\/cropped-logo-bellunopress-.jpg","width":512,"height":512,"caption":"Bellunopress"},"image":{"@id":"https:\/\/www.bellunopress.it\/#\/schema\/logo\/image\/"},"sameAs":["https:\/\/www.facebook.com\/profile.php?id=100008943462799","https:\/\/x.com\/bellunopress","https:\/\/www.linkedin.com\/hp\/?dnr=JBzUWaJfMUw8vbXJJ2tVW5-I3jZKvC4wsoxE&amp;amp;amp;amp;amp;amp;trk=nav_responsive_tab_home","https:\/\/www.youtube.com\/channel\/UCxL0wu1uN0_3_7hGG0306cw"]},{"@type":"Person","@id":"https:\/\/www.bellunopress.it\/#\/schema\/person\/79bb06722b37ece1c03d3e94beb30d73","name":"r\u00e9daction","image":{"@type":"ImageObject","inLanguage":"fr-FR","@id":"https:\/\/secure.gravatar.com\/avatar\/37d968a2e67a6fd04c169c4bdef102d0bc5d31b2546345219e348575eb80e9a0?s=96&d=mm&r=g","url":"https:\/\/secure.gravatar.com\/avatar\/37d968a2e67a6fd04c169c4bdef102d0bc5d31b2546345219e348575eb80e9a0?s=96&d=mm&r=g","contentUrl":"https:\/\/secure.gravatar.com\/avatar\/37d968a2e67a6fd04c169c4bdef102d0bc5d31b2546345219e348575eb80e9a0?s=96&d=mm&r=g","caption":"redazione"},"sameAs":["http:\/\/www.bellunopress.it","https:\/\/x.com\/bellunopress"],"url":"https:\/\/www.bellunopress.it\/fr\/author\/redazione\/"}]}},"_links":{"self":[{"href":"https:\/\/www.bellunopress.it\/fr\/wp-json\/wp\/v2\/posts\/111882","targetHints":{"allow":["GET"]}}],"collection":[{"href":"https:\/\/www.bellunopress.it\/fr\/wp-json\/wp\/v2\/posts"}],"about":[{"href":"https:\/\/www.bellunopress.it\/fr\/wp-json\/wp\/v2\/types\/post"}],"author":[{"embeddable":true,"href":"https:\/\/www.bellunopress.it\/fr\/wp-json\/wp\/v2\/users\/2"}],"replies":[{"embeddable":true,"href":"https:\/\/www.bellunopress.it\/fr\/wp-json\/wp\/v2\/comments?post=111882"}],"version-history":[{"count":1,"href":"https:\/\/www.bellunopress.it\/fr\/wp-json\/wp\/v2\/posts\/111882\/revisions"}],"predecessor-version":[{"id":111883,"href":"https:\/\/www.bellunopress.it\/fr\/wp-json\/wp\/v2\/posts\/111882\/revisions\/111883"}],"wp:attachment":[{"href":"https:\/\/www.bellunopress.it\/fr\/wp-json\/wp\/v2\/media?parent=111882"}],"wp:term":[{"taxonomy":"category","embeddable":true,"href":"https:\/\/www.bellunopress.it\/fr\/wp-json\/wp\/v2\/categories?post=111882"},{"taxonomy":"post_tag","embeddable":true,"href":"https:\/\/www.bellunopress.it\/fr\/wp-json\/wp\/v2\/tags?post=111882"}],"curies":[{"name":"wp","href":"https:\/\/api.w.org\/{rel}","templated":true}]}}