{"id":111879,"date":"2020-02-05T22:55:14","date_gmt":"2020-02-05T21:55:14","guid":{"rendered":"http:\/\/www.bellunopress.it\/?p=111879"},"modified":"2020-02-06T13:45:34","modified_gmt":"2020-02-06T12:45:34","slug":"gestione-distribuzione-gas-facciamo-il-punto-italgas-vincitrice-del-bando-e-in-attesa-dellesito-del-ricorso-al-tar-del-veneto-interrogazione-del-consigliere-massimo-de-pellegrin","status":"publish","type":"post","link":"https:\/\/www.bellunopress.it\/fr\/2020\/02\/05\/gestione-distribuzione-gas-facciamo-il-punto-italgas-vincitrice-del-bando-e-in-attesa-dellesito-del-ricorso-al-tar-del-veneto-interrogazione-del-consigliere-massimo-de-pellegrin\/","title":{"rendered":"Gestione distribuzione gas: facciamo il punto. Italgas, vincitrice del bando \u00e8 in attesa dell&#8217;esito del ricorso al Tar del Veneto. Interrogazione del consigliere Massimo De Pellegrin"},"content":{"rendered":"<p><a href=\"http:\/\/www.bellunopress.it\/fr\/2019\/12\/20\/la-grana-dellaffidamento-del-servizio-di-distribuzione-del-gas-a-buste-aperte-i-comuni-della-provincia-sfiduciano-belluno-per-impedire-laggiudicazione\/gas\/\" rel=\"attachment wp-att-110615\"><img loading=\"lazy\" decoding=\"async\" class=\"alignleft size-full wp-image-110615\" src=\"http:\/\/www.bellunopress.it\/wp-content\/uploads\/2019\/12\/gas-.jpg\" alt=\"\" width=\"300\" height=\"212\" \/><\/a>Partiamo dalla fine. Il 17 gennaio 2020 Italgas (societ\u00e0 che fa parte del colosso Cassa Depositi e Prestiti spa, controllata per circa l\u201983% dal Ministero dell\u2019economia e delle finanze e per circa il 16% da diverse fondazioni bancarie) risultata miglior offerente del bando, presenta il <a href=\"https:\/\/www.sciara.eu\/wordpress\/wp-content\/uploads\/2020\/01\/ITALGAS-IMPUGNAZIONE-VERBALE-ASSEMBLEA-ATEM.pdf\">ricorso al Tar del Veneto<\/a> contro i Comuni dell\u2019Ambito territoriale bellunese per il gas naturale (cosiddetto Atem) e nei confronti di Bim Belluno spa (societ\u00e0 partecipata al 100% dai 65 Comuni bellunesi esclusi Arsi\u00e9 e Lamon, con amministratore unico Bruno Zanolla) societ\u00e0 che attualmente gestisce la distribuzione del gas.<br \/>\nIl ricorso di Italgas tende ad annullare la decisione dell&#8217;assemblea dell\u2019Atem del 19 dicembre 2019 nella quale i sindaci dei comuni decidevano di revocare al Comune di Belluno, il ruolo di stazione appaltante del bando per la distribuzione del gas. Oltre ad una serie di altri vizi formali e dettagli sui quali non ci soffermiamo.<\/p>\n<p>Diciamo subito che la qualit\u00e0 di stazione appaltante al Comune di Belluno discende dalla legge, in quanto Belluno \u00e8 il Comune capoluogo di Provincia. E quindi, come eccepiscono gli avvocati di Italgas Fabio Todarello e Andrea Conforto del Foro di Milano, l&#8217;assemblea dei comuni Atem non ha il potere di revocare l&#8217;incarico al Comune di Belluno in quanto soggetto preposto ex lege.<br \/>\nTale decisione dei Comuni dell\u2019Atem di revocare l&#8217;incarico di stazione appaltante al Comune di Belluno, sarebbe stata determinata da un errore nella valutazione del valore della rete del gas, ossia 75 milioni anzich\u00e9 60 milioni che Italgas, quale vincitrice, dovrebbe rimborsare al gestore uscente Bim Belluno Infrastrutture. Un&#8217;errata stima dunque che cagionerebbe un danno di 15 milioni a Bim Belluno Infrastrutture e quindi ai Comuni Atem quali soci.<\/p>\n<p>Questa situazione nasce l\u20198 gennaio 2015 quando tra il Comune di Belluno e Bim Belluno Infrestrutture spa ha inizio l&#8217;iter per la determinazione del Vir, il valore industriale della rete del gas. Dopo sei mesi di confronto, il Comune di Belluno e Bim Belluno Infrastrutture, tenuto conto del prezzario della Regione Veneto concordano insieme il valore della rete del gas in circa 60 milioni di euro. A gennaio del 2016 tale valore viene confermato dall\u2019autorit\u00e0 di vigilanza del gas. E fino a questo momento sono tutti d\u2019accordo, sindaci, Bim Infrastrutture, e stazione appaltante (Comune di Belluno).<\/p>\n<p>L&#8217;iter prosegue. Il 10 maggio 2019 il Comune di Belluno comunica ai Comuni dell\u2019Atem l\u2019elenco delle societ\u00e0 ammesse alla gara, che sono: 2i Rete Gas spa, Italgas Reti, AP Reti Gas spa, Erogasmet spa. Sempre a maggio 2019 l\u2019autorit\u00e0 del gas conferma la correttezza delle procedure adottate.<\/p>\n<p>Il 22 novembre 2019, 48 sindaci riuniti in assemblea Atem (Belluno astenuto), chiedono alla stazione appaltante, ossia al Comune di Belluno, di interrompere la gara perch\u00e9 secondo una nuova stima basata sul prezzario della Camera di Commercio di Trento il valore della rete del gas sarebbe salito di 75 milioni, 15 in pi\u00f9 della cifra concordata da tutti in prima battuta nel 2016.<\/p>\n<p>La richiesta, tuttavia, appare tardiva e illegittima. Tra il 2018 e il 2019, infatti, sul tavolo tecnico nessuno ha mai presentato richieste volte ad aggiornare il valore della rete gas a 75 milioni. Lo dichiarano in consiglio comunale di Belluno del 27 dicembre 2019 gli ingegneri Valeriani e Romiti di Energas Enginering srl, confermando altres\u00ec la correttezza della procedura adottata dalla stazione appaltante, ossia il Comune di Belluno. Le \u201cLinee Guida su criteri e modalit\u00e0 applicative per la valutazione del valore di rimborso degli impianti di distribuzione del gas naturale\u201d approvate dal MSE con decreto ministeriale del 22.5.2014, inoltre, escludono che i valori di rimborso di Comuni della Provincia di Belluno possano essere determinati attraverso il prezzario della Provincia di Trento.<\/p>\n<p>Singolare, infine, la posizione adottata dalla societ\u00e0 Bim Belluno Infrastrutture, attuale gestore della rete di distribuzione, che decide di non partecipare al bando. Per\u00f2 fa di tutto attraverso i sindaci per impedire la legittima aggiudicazione di Italgas.<br \/>\nTant&#8217;\u00e8 che anche il consigliere Massimo De Pellegrin, al consiglio comunale di luned\u00ec 3 febbraio 2020 a Palazzo Rosso, interroga il sindaco e l&#8217;assessore competente per sapere:<br \/>\n1) perch\u00e9 il gestore uscente Bim Belluno Infrastrutture non ha partecipato alla gara?<br \/>\n2) chi ha assunto questa decisione e con quale atto?<\/p>\n<p>Roberto De Nart<\/p>","protected":false},"excerpt":{"rendered":"<p>Partiamo dalla fine. Il 17 gennaio 2020 Italgas (societ\u00e0 che fa parte del colosso Cassa Depositi e Prestiti spa, controllata per circa l\u201983% dal Ministero dell\u2019economia e delle finanze e per circa il 16% da diverse fondazioni bancarie) risultata miglior offerente del bando, presenta il ricorso al Tar del Veneto contro i Comuni dell\u2019Ambito territoriale [&hellip;]<\/p>\n","protected":false},"author":2,"featured_media":0,"comment_status":"closed","ping_status":"open","sticky":false,"template":"","format":"standard","meta":{"footnotes":""},"categories":[5,26],"tags":[],"class_list":["post-111879","post","type-post","status-publish","format-standard","category-cronaca","category-prima-pagina"],"yoast_head":"<!-- This site is optimized with the Yoast SEO plugin v28.4 - https:\/\/yoast.com\/product\/yoast-seo-wordpress\/ -->\n<title>Gestione distribuzione gas: facciamo il punto. Italgas, vincitrice del bando \u00e8 in attesa dell&#039;esito del ricorso al Tar del Veneto. Interrogazione del consigliere Massimo De Pellegrin - Bellunopress - Dolomiti<\/title>\n<meta name=\"robots\" content=\"index, follow, max-snippet:-1, max-image-preview:large, max-video-preview:-1\" \/>\n<link rel=\"canonical\" href=\"https:\/\/www.bellunopress.it\/fr\/2020\/02\/05\/gestione-distribuzione-gas-facciamo-il-punto-italgas-vincitrice-del-bando-e-in-attesa-dellesito-del-ricorso-al-tar-del-veneto-interrogazione-del-consigliere-massimo-de-pellegrin\/\" \/>\n<meta property=\"og:locale\" content=\"fr_FR\" \/>\n<meta property=\"og:type\" content=\"article\" \/>\n<meta property=\"og:title\" content=\"Gestione distribuzione gas: facciamo il punto. Italgas, vincitrice del bando \u00e8 in attesa dell&#039;esito del ricorso al Tar del Veneto. Interrogazione del consigliere Massimo De Pellegrin - Bellunopress - Dolomiti\" \/>\n<meta property=\"og:description\" content=\"Partiamo dalla fine. Il 17 gennaio 2020 Italgas (societ\u00e0 che fa parte del colosso Cassa Depositi e Prestiti spa, controllata per circa l\u201983% dal Ministero dell\u2019economia e delle finanze e per circa il 16% da diverse fondazioni bancarie) risultata miglior offerente del bando, presenta il ricorso al Tar del Veneto contro i Comuni dell\u2019Ambito territoriale [&hellip;]\" \/>\n<meta property=\"og:url\" content=\"https:\/\/www.bellunopress.it\/fr\/2020\/02\/05\/gestione-distribuzione-gas-facciamo-il-punto-italgas-vincitrice-del-bando-e-in-attesa-dellesito-del-ricorso-al-tar-del-veneto-interrogazione-del-consigliere-massimo-de-pellegrin\/\" \/>\n<meta property=\"og:site_name\" content=\"Bellunopress - Dolomiti\" \/>\n<meta property=\"article:publisher\" content=\"https:\/\/www.facebook.com\/profile.php?id=100008943462799\" \/>\n<meta property=\"article:published_time\" content=\"2020-02-05T21:55:14+00:00\" \/>\n<meta property=\"article:modified_time\" content=\"2020-02-06T12:45:34+00:00\" \/>\n<meta property=\"og:image\" content=\"http:\/\/www.bellunopress.it\/wp-content\/uploads\/2019\/12\/gas-.jpg\" \/>\n<meta name=\"author\" content=\"redazione\" \/>\n<meta name=\"twitter:card\" content=\"summary_large_image\" \/>\n<meta name=\"twitter:creator\" content=\"@bellunopress\" \/>\n<meta name=\"twitter:site\" content=\"@bellunopress\" \/>\n<meta name=\"twitter:label1\" content=\"\u00c9crit par\" \/>\n\t<meta name=\"twitter:data1\" content=\"redazione\" \/>\n\t<meta name=\"twitter:label2\" content=\"Dur\u00e9e de lecture estim\u00e9e\" \/>\n\t<meta name=\"twitter:data2\" content=\"3 minutes\" \/>\n<script type=\"application\/ld+json\" class=\"yoast-schema-graph\">{\"@context\":\"https:\\\/\\\/schema.org\",\"@graph\":[{\"@type\":\"Article\",\"@id\":\"https:\\\/\\\/www.bellunopress.it\\\/2020\\\/02\\\/05\\\/gestione-distribuzione-gas-facciamo-il-punto-italgas-vincitrice-del-bando-e-in-attesa-dellesito-del-ricorso-al-tar-del-veneto-interrogazione-del-consigliere-massimo-de-pellegrin\\\/#article\",\"isPartOf\":{\"@id\":\"https:\\\/\\\/www.bellunopress.it\\\/2020\\\/02\\\/05\\\/gestione-distribuzione-gas-facciamo-il-punto-italgas-vincitrice-del-bando-e-in-attesa-dellesito-del-ricorso-al-tar-del-veneto-interrogazione-del-consigliere-massimo-de-pellegrin\\\/\"},\"author\":{\"name\":\"redazione\",\"@id\":\"https:\\\/\\\/www.bellunopress.it\\\/#\\\/schema\\\/person\\\/79bb06722b37ece1c03d3e94beb30d73\"},\"headline\":\"Gestione distribuzione gas: facciamo il punto. Italgas, vincitrice del bando \u00e8 in attesa dell&#8217;esito del ricorso al Tar del Veneto. Interrogazione del consigliere Massimo De Pellegrin\",\"datePublished\":\"2020-02-05T21:55:14+00:00\",\"dateModified\":\"2020-02-06T12:45:34+00:00\",\"mainEntityOfPage\":{\"@id\":\"https:\\\/\\\/www.bellunopress.it\\\/2020\\\/02\\\/05\\\/gestione-distribuzione-gas-facciamo-il-punto-italgas-vincitrice-del-bando-e-in-attesa-dellesito-del-ricorso-al-tar-del-veneto-interrogazione-del-consigliere-massimo-de-pellegrin\\\/\"},\"wordCount\":706,\"publisher\":{\"@id\":\"https:\\\/\\\/www.bellunopress.it\\\/#organization\"},\"image\":{\"@id\":\"https:\\\/\\\/www.bellunopress.it\\\/2020\\\/02\\\/05\\\/gestione-distribuzione-gas-facciamo-il-punto-italgas-vincitrice-del-bando-e-in-attesa-dellesito-del-ricorso-al-tar-del-veneto-interrogazione-del-consigliere-massimo-de-pellegrin\\\/#primaryimage\"},\"thumbnailUrl\":\"http:\\\/\\\/www.bellunopress.it\\\/wp-content\\\/uploads\\\/2019\\\/12\\\/gas-.jpg\",\"articleSection\":[\"Cronaca\\\/Politica\",\"Prima Pagina\"],\"inLanguage\":\"fr-FR\"},{\"@type\":\"WebPage\",\"@id\":\"https:\\\/\\\/www.bellunopress.it\\\/2020\\\/02\\\/05\\\/gestione-distribuzione-gas-facciamo-il-punto-italgas-vincitrice-del-bando-e-in-attesa-dellesito-del-ricorso-al-tar-del-veneto-interrogazione-del-consigliere-massimo-de-pellegrin\\\/\",\"url\":\"https:\\\/\\\/www.bellunopress.it\\\/2020\\\/02\\\/05\\\/gestione-distribuzione-gas-facciamo-il-punto-italgas-vincitrice-del-bando-e-in-attesa-dellesito-del-ricorso-al-tar-del-veneto-interrogazione-del-consigliere-massimo-de-pellegrin\\\/\",\"name\":\"Gestione distribuzione gas: facciamo il punto. Italgas, vincitrice del bando \u00e8 in attesa dell'esito del ricorso al Tar del Veneto. Interrogazione del consigliere Massimo De Pellegrin - Bellunopress - Dolomiti\",\"isPartOf\":{\"@id\":\"https:\\\/\\\/www.bellunopress.it\\\/#website\"},\"primaryImageOfPage\":{\"@id\":\"https:\\\/\\\/www.bellunopress.it\\\/2020\\\/02\\\/05\\\/gestione-distribuzione-gas-facciamo-il-punto-italgas-vincitrice-del-bando-e-in-attesa-dellesito-del-ricorso-al-tar-del-veneto-interrogazione-del-consigliere-massimo-de-pellegrin\\\/#primaryimage\"},\"image\":{\"@id\":\"https:\\\/\\\/www.bellunopress.it\\\/2020\\\/02\\\/05\\\/gestione-distribuzione-gas-facciamo-il-punto-italgas-vincitrice-del-bando-e-in-attesa-dellesito-del-ricorso-al-tar-del-veneto-interrogazione-del-consigliere-massimo-de-pellegrin\\\/#primaryimage\"},\"thumbnailUrl\":\"http:\\\/\\\/www.bellunopress.it\\\/wp-content\\\/uploads\\\/2019\\\/12\\\/gas-.jpg\",\"datePublished\":\"2020-02-05T21:55:14+00:00\",\"dateModified\":\"2020-02-06T12:45:34+00:00\",\"breadcrumb\":{\"@id\":\"https:\\\/\\\/www.bellunopress.it\\\/2020\\\/02\\\/05\\\/gestione-distribuzione-gas-facciamo-il-punto-italgas-vincitrice-del-bando-e-in-attesa-dellesito-del-ricorso-al-tar-del-veneto-interrogazione-del-consigliere-massimo-de-pellegrin\\\/#breadcrumb\"},\"inLanguage\":\"fr-FR\",\"potentialAction\":[{\"@type\":\"ReadAction\",\"target\":[\"https:\\\/\\\/www.bellunopress.it\\\/2020\\\/02\\\/05\\\/gestione-distribuzione-gas-facciamo-il-punto-italgas-vincitrice-del-bando-e-in-attesa-dellesito-del-ricorso-al-tar-del-veneto-interrogazione-del-consigliere-massimo-de-pellegrin\\\/\"]}]},{\"@type\":\"ImageObject\",\"inLanguage\":\"fr-FR\",\"@id\":\"https:\\\/\\\/www.bellunopress.it\\\/2020\\\/02\\\/05\\\/gestione-distribuzione-gas-facciamo-il-punto-italgas-vincitrice-del-bando-e-in-attesa-dellesito-del-ricorso-al-tar-del-veneto-interrogazione-del-consigliere-massimo-de-pellegrin\\\/#primaryimage\",\"url\":\"http:\\\/\\\/www.bellunopress.it\\\/wp-content\\\/uploads\\\/2019\\\/12\\\/gas-.jpg\",\"contentUrl\":\"http:\\\/\\\/www.bellunopress.it\\\/wp-content\\\/uploads\\\/2019\\\/12\\\/gas-.jpg\"},{\"@type\":\"BreadcrumbList\",\"@id\":\"https:\\\/\\\/www.bellunopress.it\\\/2020\\\/02\\\/05\\\/gestione-distribuzione-gas-facciamo-il-punto-italgas-vincitrice-del-bando-e-in-attesa-dellesito-del-ricorso-al-tar-del-veneto-interrogazione-del-consigliere-massimo-de-pellegrin\\\/#breadcrumb\",\"itemListElement\":[{\"@type\":\"ListItem\",\"position\":1,\"name\":\"Home\",\"item\":\"https:\\\/\\\/www.bellunopress.it\\\/\"},{\"@type\":\"ListItem\",\"position\":2,\"name\":\"Gestione distribuzione gas: facciamo il punto. Italgas, vincitrice del bando \u00e8 in attesa dell&#8217;esito del ricorso al Tar del Veneto. Interrogazione del consigliere Massimo De Pellegrin\"}]},{\"@type\":\"WebSite\",\"@id\":\"https:\\\/\\\/www.bellunopress.it\\\/#website\",\"url\":\"https:\\\/\\\/www.bellunopress.it\\\/\",\"name\":\"Bellunopress - Dolomiti\",\"description\":\"e-mail: redazione@bellunopress.it\",\"publisher\":{\"@id\":\"https:\\\/\\\/www.bellunopress.it\\\/#organization\"},\"potentialAction\":[{\"@type\":\"SearchAction\",\"target\":{\"@type\":\"EntryPoint\",\"urlTemplate\":\"https:\\\/\\\/www.bellunopress.it\\\/?s={search_term_string}\"},\"query-input\":{\"@type\":\"PropertyValueSpecification\",\"valueRequired\":true,\"valueName\":\"search_term_string\"}}],\"inLanguage\":\"fr-FR\"},{\"@type\":\"Organization\",\"@id\":\"https:\\\/\\\/www.bellunopress.it\\\/#organization\",\"name\":\"Bellunopress\",\"url\":\"https:\\\/\\\/www.bellunopress.it\\\/\",\"logo\":{\"@type\":\"ImageObject\",\"inLanguage\":\"fr-FR\",\"@id\":\"https:\\\/\\\/www.bellunopress.it\\\/#\\\/schema\\\/logo\\\/image\\\/\",\"url\":\"https:\\\/\\\/www.bellunopress.it\\\/wp-content\\\/uploads\\\/2011\\\/05\\\/cropped-logo-bellunopress-.jpg\",\"contentUrl\":\"https:\\\/\\\/www.bellunopress.it\\\/wp-content\\\/uploads\\\/2011\\\/05\\\/cropped-logo-bellunopress-.jpg\",\"width\":512,\"height\":512,\"caption\":\"Bellunopress\"},\"image\":{\"@id\":\"https:\\\/\\\/www.bellunopress.it\\\/#\\\/schema\\\/logo\\\/image\\\/\"},\"sameAs\":[\"https:\\\/\\\/www.facebook.com\\\/profile.php?id=100008943462799\",\"https:\\\/\\\/x.com\\\/bellunopress\",\"https:\\\/\\\/www.linkedin.com\\\/hp\\\/?dnr=JBzUWaJfMUw8vbXJJ2tVW5-I3jZKvC4wsoxE&amp;amp;amp;amp;amp;amp;trk=nav_responsive_tab_home\",\"https:\\\/\\\/www.youtube.com\\\/channel\\\/UCxL0wu1uN0_3_7hGG0306cw\"]},{\"@type\":\"Person\",\"@id\":\"https:\\\/\\\/www.bellunopress.it\\\/#\\\/schema\\\/person\\\/79bb06722b37ece1c03d3e94beb30d73\",\"name\":\"redazione\",\"image\":{\"@type\":\"ImageObject\",\"inLanguage\":\"fr-FR\",\"@id\":\"https:\\\/\\\/secure.gravatar.com\\\/avatar\\\/37d968a2e67a6fd04c169c4bdef102d0bc5d31b2546345219e348575eb80e9a0?s=96&d=mm&r=g\",\"url\":\"https:\\\/\\\/secure.gravatar.com\\\/avatar\\\/37d968a2e67a6fd04c169c4bdef102d0bc5d31b2546345219e348575eb80e9a0?s=96&d=mm&r=g\",\"contentUrl\":\"https:\\\/\\\/secure.gravatar.com\\\/avatar\\\/37d968a2e67a6fd04c169c4bdef102d0bc5d31b2546345219e348575eb80e9a0?s=96&d=mm&r=g\",\"caption\":\"redazione\"},\"sameAs\":[\"http:\\\/\\\/www.bellunopress.it\",\"https:\\\/\\\/x.com\\\/bellunopress\"],\"url\":\"https:\\\/\\\/www.bellunopress.it\\\/fr\\\/author\\\/redazione\\\/\"}]}<\/script>\n<!-- \/ Yoast SEO plugin. -->","yoast_head_json":{"title":"Gestione distribuzione gas: facciamo il punto. Italgas, vincitrice del bando \u00e8 in attesa dell'esito del ricorso al Tar del Veneto. Interrogazione del consigliere Massimo De Pellegrin - Bellunopress - Dolomiti","robots":{"index":"index","follow":"follow","max-snippet":"max-snippet:-1","max-image-preview":"max-image-preview:large","max-video-preview":"max-video-preview:-1"},"canonical":"https:\/\/www.bellunopress.it\/fr\/2020\/02\/05\/gestione-distribuzione-gas-facciamo-il-punto-italgas-vincitrice-del-bando-e-in-attesa-dellesito-del-ricorso-al-tar-del-veneto-interrogazione-del-consigliere-massimo-de-pellegrin\/","og_locale":"fr_FR","og_type":"article","og_title":"Gestione distribuzione gas: facciamo il punto. Italgas, vincitrice del bando \u00e8 in attesa dell'esito del ricorso al Tar del Veneto. Interrogazione del consigliere Massimo De Pellegrin - Bellunopress - Dolomiti","og_description":"Partiamo dalla fine. Il 17 gennaio 2020 Italgas (societ\u00e0 che fa parte del colosso Cassa Depositi e Prestiti spa, controllata per circa l\u201983% dal Ministero dell\u2019economia e delle finanze e per circa il 16% da diverse fondazioni bancarie) risultata miglior offerente del bando, presenta il ricorso al Tar del Veneto contro i Comuni dell\u2019Ambito territoriale [&hellip;]","og_url":"https:\/\/www.bellunopress.it\/fr\/2020\/02\/05\/gestione-distribuzione-gas-facciamo-il-punto-italgas-vincitrice-del-bando-e-in-attesa-dellesito-del-ricorso-al-tar-del-veneto-interrogazione-del-consigliere-massimo-de-pellegrin\/","og_site_name":"Bellunopress - Dolomiti","article_publisher":"https:\/\/www.facebook.com\/profile.php?id=100008943462799","article_published_time":"2020-02-05T21:55:14+00:00","article_modified_time":"2020-02-06T12:45:34+00:00","og_image":[{"url":"http:\/\/www.bellunopress.it\/wp-content\/uploads\/2019\/12\/gas-.jpg","type":"","width":"","height":""}],"author":"redazione","twitter_card":"summary_large_image","twitter_creator":"@bellunopress","twitter_site":"@bellunopress","twitter_misc":{"\u00c9crit par":"redazione","Dur\u00e9e de lecture estim\u00e9e":"3 minutes"},"schema":{"@context":"https:\/\/schema.org","@graph":[{"@type":"Article","@id":"https:\/\/www.bellunopress.it\/2020\/02\/05\/gestione-distribuzione-gas-facciamo-il-punto-italgas-vincitrice-del-bando-e-in-attesa-dellesito-del-ricorso-al-tar-del-veneto-interrogazione-del-consigliere-massimo-de-pellegrin\/#article","isPartOf":{"@id":"https:\/\/www.bellunopress.it\/2020\/02\/05\/gestione-distribuzione-gas-facciamo-il-punto-italgas-vincitrice-del-bando-e-in-attesa-dellesito-del-ricorso-al-tar-del-veneto-interrogazione-del-consigliere-massimo-de-pellegrin\/"},"author":{"name":"redazione","@id":"https:\/\/www.bellunopress.it\/#\/schema\/person\/79bb06722b37ece1c03d3e94beb30d73"},"headline":"Gestione distribuzione gas: facciamo il punto. Italgas, vincitrice del bando \u00e8 in attesa dell&#8217;esito del ricorso al Tar del Veneto. Interrogazione del consigliere Massimo De Pellegrin","datePublished":"2020-02-05T21:55:14+00:00","dateModified":"2020-02-06T12:45:34+00:00","mainEntityOfPage":{"@id":"https:\/\/www.bellunopress.it\/2020\/02\/05\/gestione-distribuzione-gas-facciamo-il-punto-italgas-vincitrice-del-bando-e-in-attesa-dellesito-del-ricorso-al-tar-del-veneto-interrogazione-del-consigliere-massimo-de-pellegrin\/"},"wordCount":706,"publisher":{"@id":"https:\/\/www.bellunopress.it\/#organization"},"image":{"@id":"https:\/\/www.bellunopress.it\/2020\/02\/05\/gestione-distribuzione-gas-facciamo-il-punto-italgas-vincitrice-del-bando-e-in-attesa-dellesito-del-ricorso-al-tar-del-veneto-interrogazione-del-consigliere-massimo-de-pellegrin\/#primaryimage"},"thumbnailUrl":"http:\/\/www.bellunopress.it\/wp-content\/uploads\/2019\/12\/gas-.jpg","articleSection":["Cronaca\/Politica","Prima Pagina"],"inLanguage":"fr-FR"},{"@type":"WebPage","@id":"https:\/\/www.bellunopress.it\/2020\/02\/05\/gestione-distribuzione-gas-facciamo-il-punto-italgas-vincitrice-del-bando-e-in-attesa-dellesito-del-ricorso-al-tar-del-veneto-interrogazione-del-consigliere-massimo-de-pellegrin\/","url":"https:\/\/www.bellunopress.it\/2020\/02\/05\/gestione-distribuzione-gas-facciamo-il-punto-italgas-vincitrice-del-bando-e-in-attesa-dellesito-del-ricorso-al-tar-del-veneto-interrogazione-del-consigliere-massimo-de-pellegrin\/","name":"Gestione distribuzione gas: facciamo il punto. Italgas, vincitrice del bando \u00e8 in attesa dell'esito del ricorso al Tar del Veneto. Interrogazione del consigliere Massimo De Pellegrin - Bellunopress - Dolomiti","isPartOf":{"@id":"https:\/\/www.bellunopress.it\/#website"},"primaryImageOfPage":{"@id":"https:\/\/www.bellunopress.it\/2020\/02\/05\/gestione-distribuzione-gas-facciamo-il-punto-italgas-vincitrice-del-bando-e-in-attesa-dellesito-del-ricorso-al-tar-del-veneto-interrogazione-del-consigliere-massimo-de-pellegrin\/#primaryimage"},"image":{"@id":"https:\/\/www.bellunopress.it\/2020\/02\/05\/gestione-distribuzione-gas-facciamo-il-punto-italgas-vincitrice-del-bando-e-in-attesa-dellesito-del-ricorso-al-tar-del-veneto-interrogazione-del-consigliere-massimo-de-pellegrin\/#primaryimage"},"thumbnailUrl":"http:\/\/www.bellunopress.it\/wp-content\/uploads\/2019\/12\/gas-.jpg","datePublished":"2020-02-05T21:55:14+00:00","dateModified":"2020-02-06T12:45:34+00:00","breadcrumb":{"@id":"https:\/\/www.bellunopress.it\/2020\/02\/05\/gestione-distribuzione-gas-facciamo-il-punto-italgas-vincitrice-del-bando-e-in-attesa-dellesito-del-ricorso-al-tar-del-veneto-interrogazione-del-consigliere-massimo-de-pellegrin\/#breadcrumb"},"inLanguage":"fr-FR","potentialAction":[{"@type":"ReadAction","target":["https:\/\/www.bellunopress.it\/2020\/02\/05\/gestione-distribuzione-gas-facciamo-il-punto-italgas-vincitrice-del-bando-e-in-attesa-dellesito-del-ricorso-al-tar-del-veneto-interrogazione-del-consigliere-massimo-de-pellegrin\/"]}]},{"@type":"ImageObject","inLanguage":"fr-FR","@id":"https:\/\/www.bellunopress.it\/2020\/02\/05\/gestione-distribuzione-gas-facciamo-il-punto-italgas-vincitrice-del-bando-e-in-attesa-dellesito-del-ricorso-al-tar-del-veneto-interrogazione-del-consigliere-massimo-de-pellegrin\/#primaryimage","url":"http:\/\/www.bellunopress.it\/wp-content\/uploads\/2019\/12\/gas-.jpg","contentUrl":"http:\/\/www.bellunopress.it\/wp-content\/uploads\/2019\/12\/gas-.jpg"},{"@type":"BreadcrumbList","@id":"https:\/\/www.bellunopress.it\/2020\/02\/05\/gestione-distribuzione-gas-facciamo-il-punto-italgas-vincitrice-del-bando-e-in-attesa-dellesito-del-ricorso-al-tar-del-veneto-interrogazione-del-consigliere-massimo-de-pellegrin\/#breadcrumb","itemListElement":[{"@type":"ListItem","position":1,"name":"Home","item":"https:\/\/www.bellunopress.it\/"},{"@type":"ListItem","position":2,"name":"Gestione distribuzione gas: facciamo il punto. Italgas, vincitrice del bando \u00e8 in attesa dell&#8217;esito del ricorso al Tar del Veneto. Interrogazione del consigliere Massimo De Pellegrin"}]},{"@type":"WebSite","@id":"https:\/\/www.bellunopress.it\/#website","url":"https:\/\/www.bellunopress.it\/","name":"Bellunopress - Dolomiti","description":"e-mail: redazione@bellunopress.it","publisher":{"@id":"https:\/\/www.bellunopress.it\/#organization"},"potentialAction":[{"@type":"SearchAction","target":{"@type":"EntryPoint","urlTemplate":"https:\/\/www.bellunopress.it\/?s={search_term_string}"},"query-input":{"@type":"PropertyValueSpecification","valueRequired":true,"valueName":"search_term_string"}}],"inLanguage":"fr-FR"},{"@type":"Organization","@id":"https:\/\/www.bellunopress.it\/#organization","name":"Bellunopress","url":"https:\/\/www.bellunopress.it\/","logo":{"@type":"ImageObject","inLanguage":"fr-FR","@id":"https:\/\/www.bellunopress.it\/#\/schema\/logo\/image\/","url":"https:\/\/www.bellunopress.it\/wp-content\/uploads\/2011\/05\/cropped-logo-bellunopress-.jpg","contentUrl":"https:\/\/www.bellunopress.it\/wp-content\/uploads\/2011\/05\/cropped-logo-bellunopress-.jpg","width":512,"height":512,"caption":"Bellunopress"},"image":{"@id":"https:\/\/www.bellunopress.it\/#\/schema\/logo\/image\/"},"sameAs":["https:\/\/www.facebook.com\/profile.php?id=100008943462799","https:\/\/x.com\/bellunopress","https:\/\/www.linkedin.com\/hp\/?dnr=JBzUWaJfMUw8vbXJJ2tVW5-I3jZKvC4wsoxE&amp;amp;amp;amp;amp;amp;trk=nav_responsive_tab_home","https:\/\/www.youtube.com\/channel\/UCxL0wu1uN0_3_7hGG0306cw"]},{"@type":"Person","@id":"https:\/\/www.bellunopress.it\/#\/schema\/person\/79bb06722b37ece1c03d3e94beb30d73","name":"r\u00e9daction","image":{"@type":"ImageObject","inLanguage":"fr-FR","@id":"https:\/\/secure.gravatar.com\/avatar\/37d968a2e67a6fd04c169c4bdef102d0bc5d31b2546345219e348575eb80e9a0?s=96&d=mm&r=g","url":"https:\/\/secure.gravatar.com\/avatar\/37d968a2e67a6fd04c169c4bdef102d0bc5d31b2546345219e348575eb80e9a0?s=96&d=mm&r=g","contentUrl":"https:\/\/secure.gravatar.com\/avatar\/37d968a2e67a6fd04c169c4bdef102d0bc5d31b2546345219e348575eb80e9a0?s=96&d=mm&r=g","caption":"redazione"},"sameAs":["http:\/\/www.bellunopress.it","https:\/\/x.com\/bellunopress"],"url":"https:\/\/www.bellunopress.it\/fr\/author\/redazione\/"}]}},"_links":{"self":[{"href":"https:\/\/www.bellunopress.it\/fr\/wp-json\/wp\/v2\/posts\/111879","targetHints":{"allow":["GET"]}}],"collection":[{"href":"https:\/\/www.bellunopress.it\/fr\/wp-json\/wp\/v2\/posts"}],"about":[{"href":"https:\/\/www.bellunopress.it\/fr\/wp-json\/wp\/v2\/types\/post"}],"author":[{"embeddable":true,"href":"https:\/\/www.bellunopress.it\/fr\/wp-json\/wp\/v2\/users\/2"}],"replies":[{"embeddable":true,"href":"https:\/\/www.bellunopress.it\/fr\/wp-json\/wp\/v2\/comments?post=111879"}],"version-history":[{"count":3,"href":"https:\/\/www.bellunopress.it\/fr\/wp-json\/wp\/v2\/posts\/111879\/revisions"}],"predecessor-version":[{"id":111892,"href":"https:\/\/www.bellunopress.it\/fr\/wp-json\/wp\/v2\/posts\/111879\/revisions\/111892"}],"wp:attachment":[{"href":"https:\/\/www.bellunopress.it\/fr\/wp-json\/wp\/v2\/media?parent=111879"}],"wp:term":[{"taxonomy":"category","embeddable":true,"href":"https:\/\/www.bellunopress.it\/fr\/wp-json\/wp\/v2\/categories?post=111879"},{"taxonomy":"post_tag","embeddable":true,"href":"https:\/\/www.bellunopress.it\/fr\/wp-json\/wp\/v2\/tags?post=111879"}],"curies":[{"name":"wp","href":"https:\/\/api.w.org\/{rel}","templated":true}]}}