{"id":111875,"date":"2020-02-05T16:19:36","date_gmt":"2020-02-05T15:19:36","guid":{"rendered":"http:\/\/www.bellunopress.it\/?p=111875"},"modified":"2020-02-05T16:19:36","modified_gmt":"2020-02-05T15:19:36","slug":"inquinamento-atmosferico-zanoni-da-bottacin-accuse-e-numeri-senza-senso-anziche-attaccare-il-governo-pensi-a-cosa-non-ha-fatto-la-regione","status":"publish","type":"post","link":"https:\/\/www.bellunopress.it\/fr\/2020\/02\/05\/inquinamento-atmosferico-zanoni-da-bottacin-accuse-e-numeri-senza-senso-anziche-attaccare-il-governo-pensi-a-cosa-non-ha-fatto-la-regione\/","title":{"rendered":"Inquinamento atmosferico. Zanoni: &#8220;Da Bottacin accuse e numeri senza senso. Anzich\u00e9 attaccare il Governo pensi a cosa non ha fatto la Regione&#8221;"},"content":{"rendered":"<figure id=\"attachment_99292\" aria-describedby=\"caption-attachment-99292\" style=\"width: 213px\" class=\"wp-caption alignleft\"><a href=\"http:\/\/www.bellunopress.it\/fr\/2018\/11\/04\/bracconaggio-dilagante-in-veneto-su-animali-decimati-abbattuto-anche-un-raro-esemplare-di-marangone-minore-zanoni-pd-guarda-amp-e-bartelle-m5s-il-responsabile-politico-e-zaia-che-ha\/andrea-zanoni-4\/\" rel=\"attachment wp-att-99292\"><img loading=\"lazy\" decoding=\"async\" class=\"size-full wp-image-99292\" src=\"http:\/\/www.bellunopress.it\/wp-content\/uploads\/2018\/11\/andrea-zanoni.jpg\" alt=\"\" width=\"213\" height=\"300\" \/><\/a><figcaption id=\"caption-attachment-99292\" class=\"wp-caption-text\">Andrea Zanoni, consigliere regionale<\/figcaption><\/figure>\n<p>Venezia, 5 febbraio 2020\u00a0 &#8211;\u00a0\u00a0&#8220;Bottacin risponda di quanto non ha fatto in Regione, anzich\u00e9 attaccare sempre gli altri, ora il Governo, ora l&#8217;Unione Europea. Il metodo scaricabarile usato dalla Giunta Zaia ha stancato. Il Veneto ha adesso 41 milioni da spendere contro lo smog, si occupi di questo invece di continuare a polemizzare&#8221;.<\/p>\n<p>Cos\u00ec Andrea Zanoni, consigliere del PD e vicepresidente della commissione Ambiente, torna a chiedere interventi concreti contro l&#8217;inquinamento dell&#8217;aria e replica alle esternazioni dell&#8217;assessore regionale. &#8220;I soldi da Roma sono stati stanziati a fine anno con decreto governativo, non so con che coraggio Bottacin possa affermare che sia stata determinante la recente &#8216;sfuriata&#8217; delle Regioni. La realt\u00e0 \u00e8 che le politiche del Veneto, anche su questo versante, sono carenti: in tre anni per gli interventi diretti per il risanamento dell&#8217;aria e le energie rinnovabili sono stati stanziati poco pi\u00f9 di 10 milioni e mezzo, niente in confronto ai 600 milioni destinati al settore vitivinicolo&#8221;, attacca Zanoni.<\/p>\n<p>&#8220;Bottacin dice che la Regione ha investito nell&#8217;ultimo triennio quasi un miliardo di euro per interventi rivolti ad abbassare l&#8217;inquinamento atmosferico, ma i numeri sono un po&#8217; diversi e dovrebbe conoscerli: un milione e mezzo per la rottamazione automobili, un milione e centotrentatremila euro per rottamare i veicoli commerciali, uno per rottamare le vecchie stufe e sette milioni per l&#8217;acquisto di nuovi accumulatori per impianti fotovoltaici. Nel conto l&#8217;assessore considera invece anche altre azioni di diverso genere, azioni messe normalmente in campo pure da Regioni che non hanno problemi di smog come il Veneto e che servono per l&#8217;ammodernamento di una regione indipendentemente dallo smog&#8221;, evidenzia il consigliere del PD.<\/p>\n<p>&#8220;Non pago di questa balla, rimprovera ancora il Governo per la mancanza di fondi destinati all&#8217;inquinamento prodotto da agricoltura e riscaldamento domestico. Se non fosse un tema cos\u00ec serio, verrebbe da ridere: non se la prenda con Roma, ma con Zaia, la Lega e anche se stesso, visto che il Piano Energia approvato dalla Regione punta tutto sulle biomasse, indicate proprio da Bottacin come fonte primaria di inquinamento da Pm 10. Prima di sparare sul Governo, dove i suoi colleghi di partito erano seduti fino a pochi mesi fa e lo smog non \u00e8 un problema nato con l&#8217;attuale esecutivo, faccia il mea culpa&#8221;.<\/p>\n<p>&#8220;\u00c8 ovvio che un tema cos\u00ec enorme richiama l&#8217;impegno di tutte le istituzioni, ma la Regione in primis deve fare molto di pi\u00f9, perch\u00e9 \u00e8 la vera emergenza veneta, altro che immigrati o coronavirus! A Treviso, dove l&#8217;aria da inizio gennaio \u00e8 pi\u00f9 inquinata di Pechino, ci sono scuole che non fanno pi\u00f9 uscire i bambini durante la ricreazione a causa del Pm10 e, davvero, la sola cosa che sa fare la Giunta \u00e8 battere cassa con Roma?&#8221;<\/p>","protected":false},"excerpt":{"rendered":"<p>Venezia, 5 febbraio 2020\u00a0 &#8211;\u00a0\u00a0&#8220;Bottacin risponda di quanto non ha fatto in Regione, anzich\u00e9 attaccare sempre gli altri, ora il Governo, ora l&#8217;Unione Europea. Il metodo scaricabarile usato dalla Giunta Zaia ha stancato. Il Veneto ha adesso 41 milioni da spendere contro lo smog, si occupi di questo invece di continuare a polemizzare&#8221;. Cos\u00ec Andrea [&hellip;]<\/p>\n","protected":false},"author":2,"featured_media":0,"comment_status":"closed","ping_status":"open","sticky":false,"template":"","format":"standard","meta":{"footnotes":""},"categories":[5,38,26],"tags":[],"class_list":["post-111875","post","type-post","status-publish","format-standard","category-cronaca","category-natura-ambiente","category-prima-pagina"],"yoast_head":"<!-- This site is optimized with the Yoast SEO plugin v28.4 - https:\/\/yoast.com\/product\/yoast-seo-wordpress\/ -->\n<title>Inquinamento atmosferico. Zanoni: &quot;Da Bottacin accuse e numeri senza senso. Anzich\u00e9 attaccare il Governo pensi a cosa non ha fatto la Regione&quot; - Bellunopress - Dolomiti<\/title>\n<meta name=\"robots\" content=\"index, follow, max-snippet:-1, max-image-preview:large, max-video-preview:-1\" \/>\n<link rel=\"canonical\" href=\"https:\/\/www.bellunopress.it\/fr\/2020\/02\/05\/inquinamento-atmosferico-zanoni-da-bottacin-accuse-e-numeri-senza-senso-anziche-attaccare-il-governo-pensi-a-cosa-non-ha-fatto-la-regione\/\" \/>\n<meta property=\"og:locale\" content=\"fr_FR\" \/>\n<meta property=\"og:type\" content=\"article\" \/>\n<meta property=\"og:title\" content=\"Inquinamento atmosferico. Zanoni: &quot;Da Bottacin accuse e numeri senza senso. Anzich\u00e9 attaccare il Governo pensi a cosa non ha fatto la Regione&quot; - Bellunopress - Dolomiti\" \/>\n<meta property=\"og:description\" content=\"Venezia, 5 febbraio 2020\u00a0 &#8211;\u00a0\u00a0&#8220;Bottacin risponda di quanto non ha fatto in Regione, anzich\u00e9 attaccare sempre gli altri, ora il Governo, ora l&#8217;Unione Europea. Il metodo scaricabarile usato dalla Giunta Zaia ha stancato. Il Veneto ha adesso 41 milioni da spendere contro lo smog, si occupi di questo invece di continuare a polemizzare&#8221;. Cos\u00ec Andrea [&hellip;]\" \/>\n<meta property=\"og:url\" content=\"https:\/\/www.bellunopress.it\/fr\/2020\/02\/05\/inquinamento-atmosferico-zanoni-da-bottacin-accuse-e-numeri-senza-senso-anziche-attaccare-il-governo-pensi-a-cosa-non-ha-fatto-la-regione\/\" \/>\n<meta property=\"og:site_name\" content=\"Bellunopress - Dolomiti\" \/>\n<meta property=\"article:publisher\" content=\"https:\/\/www.facebook.com\/profile.php?id=100008943462799\" \/>\n<meta property=\"article:published_time\" content=\"2020-02-05T15:19:36+00:00\" \/>\n<meta property=\"og:image\" content=\"http:\/\/www.bellunopress.it\/wp-content\/uploads\/2018\/11\/andrea-zanoni.jpg\" \/>\n<meta name=\"author\" content=\"redazione\" \/>\n<meta name=\"twitter:card\" content=\"summary_large_image\" \/>\n<meta name=\"twitter:creator\" content=\"@bellunopress\" \/>\n<meta name=\"twitter:site\" content=\"@bellunopress\" \/>\n<meta name=\"twitter:label1\" content=\"\u00c9crit par\" \/>\n\t<meta name=\"twitter:data1\" content=\"redazione\" \/>\n\t<meta name=\"twitter:label2\" content=\"Dur\u00e9e de lecture estim\u00e9e\" \/>\n\t<meta name=\"twitter:data2\" content=\"2 minutes\" \/>\n<script type=\"application\/ld+json\" class=\"yoast-schema-graph\">{\"@context\":\"https:\\\/\\\/schema.org\",\"@graph\":[{\"@type\":\"Article\",\"@id\":\"https:\\\/\\\/www.bellunopress.it\\\/2020\\\/02\\\/05\\\/inquinamento-atmosferico-zanoni-da-bottacin-accuse-e-numeri-senza-senso-anziche-attaccare-il-governo-pensi-a-cosa-non-ha-fatto-la-regione\\\/#article\",\"isPartOf\":{\"@id\":\"https:\\\/\\\/www.bellunopress.it\\\/2020\\\/02\\\/05\\\/inquinamento-atmosferico-zanoni-da-bottacin-accuse-e-numeri-senza-senso-anziche-attaccare-il-governo-pensi-a-cosa-non-ha-fatto-la-regione\\\/\"},\"author\":{\"name\":\"redazione\",\"@id\":\"https:\\\/\\\/www.bellunopress.it\\\/#\\\/schema\\\/person\\\/79bb06722b37ece1c03d3e94beb30d73\"},\"headline\":\"Inquinamento atmosferico. Zanoni: &#8220;Da Bottacin accuse e numeri senza senso. Anzich\u00e9 attaccare il Governo pensi a cosa non ha fatto la Regione&#8221;\",\"datePublished\":\"2020-02-05T15:19:36+00:00\",\"mainEntityOfPage\":{\"@id\":\"https:\\\/\\\/www.bellunopress.it\\\/2020\\\/02\\\/05\\\/inquinamento-atmosferico-zanoni-da-bottacin-accuse-e-numeri-senza-senso-anziche-attaccare-il-governo-pensi-a-cosa-non-ha-fatto-la-regione\\\/\"},\"wordCount\":487,\"publisher\":{\"@id\":\"https:\\\/\\\/www.bellunopress.it\\\/#organization\"},\"image\":{\"@id\":\"https:\\\/\\\/www.bellunopress.it\\\/2020\\\/02\\\/05\\\/inquinamento-atmosferico-zanoni-da-bottacin-accuse-e-numeri-senza-senso-anziche-attaccare-il-governo-pensi-a-cosa-non-ha-fatto-la-regione\\\/#primaryimage\"},\"thumbnailUrl\":\"http:\\\/\\\/www.bellunopress.it\\\/wp-content\\\/uploads\\\/2018\\\/11\\\/andrea-zanoni.jpg\",\"articleSection\":[\"Cronaca\\\/Politica\",\"Meteo, natura, ambiente, animali\",\"Prima Pagina\"],\"inLanguage\":\"fr-FR\"},{\"@type\":\"WebPage\",\"@id\":\"https:\\\/\\\/www.bellunopress.it\\\/2020\\\/02\\\/05\\\/inquinamento-atmosferico-zanoni-da-bottacin-accuse-e-numeri-senza-senso-anziche-attaccare-il-governo-pensi-a-cosa-non-ha-fatto-la-regione\\\/\",\"url\":\"https:\\\/\\\/www.bellunopress.it\\\/2020\\\/02\\\/05\\\/inquinamento-atmosferico-zanoni-da-bottacin-accuse-e-numeri-senza-senso-anziche-attaccare-il-governo-pensi-a-cosa-non-ha-fatto-la-regione\\\/\",\"name\":\"Inquinamento atmosferico. Zanoni: \\\"Da Bottacin accuse e numeri senza senso. Anzich\u00e9 attaccare il Governo pensi a cosa non ha fatto la Regione\\\" - Bellunopress - Dolomiti\",\"isPartOf\":{\"@id\":\"https:\\\/\\\/www.bellunopress.it\\\/#website\"},\"primaryImageOfPage\":{\"@id\":\"https:\\\/\\\/www.bellunopress.it\\\/2020\\\/02\\\/05\\\/inquinamento-atmosferico-zanoni-da-bottacin-accuse-e-numeri-senza-senso-anziche-attaccare-il-governo-pensi-a-cosa-non-ha-fatto-la-regione\\\/#primaryimage\"},\"image\":{\"@id\":\"https:\\\/\\\/www.bellunopress.it\\\/2020\\\/02\\\/05\\\/inquinamento-atmosferico-zanoni-da-bottacin-accuse-e-numeri-senza-senso-anziche-attaccare-il-governo-pensi-a-cosa-non-ha-fatto-la-regione\\\/#primaryimage\"},\"thumbnailUrl\":\"http:\\\/\\\/www.bellunopress.it\\\/wp-content\\\/uploads\\\/2018\\\/11\\\/andrea-zanoni.jpg\",\"datePublished\":\"2020-02-05T15:19:36+00:00\",\"breadcrumb\":{\"@id\":\"https:\\\/\\\/www.bellunopress.it\\\/2020\\\/02\\\/05\\\/inquinamento-atmosferico-zanoni-da-bottacin-accuse-e-numeri-senza-senso-anziche-attaccare-il-governo-pensi-a-cosa-non-ha-fatto-la-regione\\\/#breadcrumb\"},\"inLanguage\":\"fr-FR\",\"potentialAction\":[{\"@type\":\"ReadAction\",\"target\":[\"https:\\\/\\\/www.bellunopress.it\\\/2020\\\/02\\\/05\\\/inquinamento-atmosferico-zanoni-da-bottacin-accuse-e-numeri-senza-senso-anziche-attaccare-il-governo-pensi-a-cosa-non-ha-fatto-la-regione\\\/\"]}]},{\"@type\":\"ImageObject\",\"inLanguage\":\"fr-FR\",\"@id\":\"https:\\\/\\\/www.bellunopress.it\\\/2020\\\/02\\\/05\\\/inquinamento-atmosferico-zanoni-da-bottacin-accuse-e-numeri-senza-senso-anziche-attaccare-il-governo-pensi-a-cosa-non-ha-fatto-la-regione\\\/#primaryimage\",\"url\":\"http:\\\/\\\/www.bellunopress.it\\\/wp-content\\\/uploads\\\/2018\\\/11\\\/andrea-zanoni.jpg\",\"contentUrl\":\"http:\\\/\\\/www.bellunopress.it\\\/wp-content\\\/uploads\\\/2018\\\/11\\\/andrea-zanoni.jpg\"},{\"@type\":\"BreadcrumbList\",\"@id\":\"https:\\\/\\\/www.bellunopress.it\\\/2020\\\/02\\\/05\\\/inquinamento-atmosferico-zanoni-da-bottacin-accuse-e-numeri-senza-senso-anziche-attaccare-il-governo-pensi-a-cosa-non-ha-fatto-la-regione\\\/#breadcrumb\",\"itemListElement\":[{\"@type\":\"ListItem\",\"position\":1,\"name\":\"Home\",\"item\":\"https:\\\/\\\/www.bellunopress.it\\\/\"},{\"@type\":\"ListItem\",\"position\":2,\"name\":\"Inquinamento atmosferico. Zanoni: &#8220;Da Bottacin accuse e numeri senza senso. Anzich\u00e9 attaccare il Governo pensi a cosa non ha fatto la Regione&#8221;\"}]},{\"@type\":\"WebSite\",\"@id\":\"https:\\\/\\\/www.bellunopress.it\\\/#website\",\"url\":\"https:\\\/\\\/www.bellunopress.it\\\/\",\"name\":\"Bellunopress - Dolomiti\",\"description\":\"e-mail: redazione@bellunopress.it\",\"publisher\":{\"@id\":\"https:\\\/\\\/www.bellunopress.it\\\/#organization\"},\"potentialAction\":[{\"@type\":\"SearchAction\",\"target\":{\"@type\":\"EntryPoint\",\"urlTemplate\":\"https:\\\/\\\/www.bellunopress.it\\\/?s={search_term_string}\"},\"query-input\":{\"@type\":\"PropertyValueSpecification\",\"valueRequired\":true,\"valueName\":\"search_term_string\"}}],\"inLanguage\":\"fr-FR\"},{\"@type\":\"Organization\",\"@id\":\"https:\\\/\\\/www.bellunopress.it\\\/#organization\",\"name\":\"Bellunopress\",\"url\":\"https:\\\/\\\/www.bellunopress.it\\\/\",\"logo\":{\"@type\":\"ImageObject\",\"inLanguage\":\"fr-FR\",\"@id\":\"https:\\\/\\\/www.bellunopress.it\\\/#\\\/schema\\\/logo\\\/image\\\/\",\"url\":\"https:\\\/\\\/www.bellunopress.it\\\/wp-content\\\/uploads\\\/2011\\\/05\\\/cropped-logo-bellunopress-.jpg\",\"contentUrl\":\"https:\\\/\\\/www.bellunopress.it\\\/wp-content\\\/uploads\\\/2011\\\/05\\\/cropped-logo-bellunopress-.jpg\",\"width\":512,\"height\":512,\"caption\":\"Bellunopress\"},\"image\":{\"@id\":\"https:\\\/\\\/www.bellunopress.it\\\/#\\\/schema\\\/logo\\\/image\\\/\"},\"sameAs\":[\"https:\\\/\\\/www.facebook.com\\\/profile.php?id=100008943462799\",\"https:\\\/\\\/x.com\\\/bellunopress\",\"https:\\\/\\\/www.linkedin.com\\\/hp\\\/?dnr=JBzUWaJfMUw8vbXJJ2tVW5-I3jZKvC4wsoxE&amp;amp;amp;amp;amp;amp;trk=nav_responsive_tab_home\",\"https:\\\/\\\/www.youtube.com\\\/channel\\\/UCxL0wu1uN0_3_7hGG0306cw\"]},{\"@type\":\"Person\",\"@id\":\"https:\\\/\\\/www.bellunopress.it\\\/#\\\/schema\\\/person\\\/79bb06722b37ece1c03d3e94beb30d73\",\"name\":\"redazione\",\"image\":{\"@type\":\"ImageObject\",\"inLanguage\":\"fr-FR\",\"@id\":\"https:\\\/\\\/secure.gravatar.com\\\/avatar\\\/37d968a2e67a6fd04c169c4bdef102d0bc5d31b2546345219e348575eb80e9a0?s=96&d=mm&r=g\",\"url\":\"https:\\\/\\\/secure.gravatar.com\\\/avatar\\\/37d968a2e67a6fd04c169c4bdef102d0bc5d31b2546345219e348575eb80e9a0?s=96&d=mm&r=g\",\"contentUrl\":\"https:\\\/\\\/secure.gravatar.com\\\/avatar\\\/37d968a2e67a6fd04c169c4bdef102d0bc5d31b2546345219e348575eb80e9a0?s=96&d=mm&r=g\",\"caption\":\"redazione\"},\"sameAs\":[\"http:\\\/\\\/www.bellunopress.it\",\"https:\\\/\\\/x.com\\\/bellunopress\"],\"url\":\"https:\\\/\\\/www.bellunopress.it\\\/fr\\\/author\\\/redazione\\\/\"}]}<\/script>\n<!-- \/ Yoast SEO plugin. -->","yoast_head_json":{"title":"Inquinamento atmosferico. Zanoni: \"Da Bottacin accuse e numeri senza senso. Anzich\u00e9 attaccare il Governo pensi a cosa non ha fatto la Regione\" - Bellunopress - Dolomiti","robots":{"index":"index","follow":"follow","max-snippet":"max-snippet:-1","max-image-preview":"max-image-preview:large","max-video-preview":"max-video-preview:-1"},"canonical":"https:\/\/www.bellunopress.it\/fr\/2020\/02\/05\/inquinamento-atmosferico-zanoni-da-bottacin-accuse-e-numeri-senza-senso-anziche-attaccare-il-governo-pensi-a-cosa-non-ha-fatto-la-regione\/","og_locale":"fr_FR","og_type":"article","og_title":"Inquinamento atmosferico. Zanoni: \"Da Bottacin accuse e numeri senza senso. Anzich\u00e9 attaccare il Governo pensi a cosa non ha fatto la Regione\" - Bellunopress - Dolomiti","og_description":"Venezia, 5 febbraio 2020\u00a0 &#8211;\u00a0\u00a0&#8220;Bottacin risponda di quanto non ha fatto in Regione, anzich\u00e9 attaccare sempre gli altri, ora il Governo, ora l&#8217;Unione Europea. Il metodo scaricabarile usato dalla Giunta Zaia ha stancato. Il Veneto ha adesso 41 milioni da spendere contro lo smog, si occupi di questo invece di continuare a polemizzare&#8221;. Cos\u00ec Andrea [&hellip;]","og_url":"https:\/\/www.bellunopress.it\/fr\/2020\/02\/05\/inquinamento-atmosferico-zanoni-da-bottacin-accuse-e-numeri-senza-senso-anziche-attaccare-il-governo-pensi-a-cosa-non-ha-fatto-la-regione\/","og_site_name":"Bellunopress - Dolomiti","article_publisher":"https:\/\/www.facebook.com\/profile.php?id=100008943462799","article_published_time":"2020-02-05T15:19:36+00:00","og_image":[{"url":"http:\/\/www.bellunopress.it\/wp-content\/uploads\/2018\/11\/andrea-zanoni.jpg","type":"","width":"","height":""}],"author":"redazione","twitter_card":"summary_large_image","twitter_creator":"@bellunopress","twitter_site":"@bellunopress","twitter_misc":{"\u00c9crit par":"redazione","Dur\u00e9e de lecture estim\u00e9e":"2 minutes"},"schema":{"@context":"https:\/\/schema.org","@graph":[{"@type":"Article","@id":"https:\/\/www.bellunopress.it\/2020\/02\/05\/inquinamento-atmosferico-zanoni-da-bottacin-accuse-e-numeri-senza-senso-anziche-attaccare-il-governo-pensi-a-cosa-non-ha-fatto-la-regione\/#article","isPartOf":{"@id":"https:\/\/www.bellunopress.it\/2020\/02\/05\/inquinamento-atmosferico-zanoni-da-bottacin-accuse-e-numeri-senza-senso-anziche-attaccare-il-governo-pensi-a-cosa-non-ha-fatto-la-regione\/"},"author":{"name":"redazione","@id":"https:\/\/www.bellunopress.it\/#\/schema\/person\/79bb06722b37ece1c03d3e94beb30d73"},"headline":"Inquinamento atmosferico. Zanoni: &#8220;Da Bottacin accuse e numeri senza senso. Anzich\u00e9 attaccare il Governo pensi a cosa non ha fatto la Regione&#8221;","datePublished":"2020-02-05T15:19:36+00:00","mainEntityOfPage":{"@id":"https:\/\/www.bellunopress.it\/2020\/02\/05\/inquinamento-atmosferico-zanoni-da-bottacin-accuse-e-numeri-senza-senso-anziche-attaccare-il-governo-pensi-a-cosa-non-ha-fatto-la-regione\/"},"wordCount":487,"publisher":{"@id":"https:\/\/www.bellunopress.it\/#organization"},"image":{"@id":"https:\/\/www.bellunopress.it\/2020\/02\/05\/inquinamento-atmosferico-zanoni-da-bottacin-accuse-e-numeri-senza-senso-anziche-attaccare-il-governo-pensi-a-cosa-non-ha-fatto-la-regione\/#primaryimage"},"thumbnailUrl":"http:\/\/www.bellunopress.it\/wp-content\/uploads\/2018\/11\/andrea-zanoni.jpg","articleSection":["Cronaca\/Politica","Meteo, natura, ambiente, animali","Prima Pagina"],"inLanguage":"fr-FR"},{"@type":"WebPage","@id":"https:\/\/www.bellunopress.it\/2020\/02\/05\/inquinamento-atmosferico-zanoni-da-bottacin-accuse-e-numeri-senza-senso-anziche-attaccare-il-governo-pensi-a-cosa-non-ha-fatto-la-regione\/","url":"https:\/\/www.bellunopress.it\/2020\/02\/05\/inquinamento-atmosferico-zanoni-da-bottacin-accuse-e-numeri-senza-senso-anziche-attaccare-il-governo-pensi-a-cosa-non-ha-fatto-la-regione\/","name":"Inquinamento atmosferico. Zanoni: \"Da Bottacin accuse e numeri senza senso. Anzich\u00e9 attaccare il Governo pensi a cosa non ha fatto la Regione\" - Bellunopress - Dolomiti","isPartOf":{"@id":"https:\/\/www.bellunopress.it\/#website"},"primaryImageOfPage":{"@id":"https:\/\/www.bellunopress.it\/2020\/02\/05\/inquinamento-atmosferico-zanoni-da-bottacin-accuse-e-numeri-senza-senso-anziche-attaccare-il-governo-pensi-a-cosa-non-ha-fatto-la-regione\/#primaryimage"},"image":{"@id":"https:\/\/www.bellunopress.it\/2020\/02\/05\/inquinamento-atmosferico-zanoni-da-bottacin-accuse-e-numeri-senza-senso-anziche-attaccare-il-governo-pensi-a-cosa-non-ha-fatto-la-regione\/#primaryimage"},"thumbnailUrl":"http:\/\/www.bellunopress.it\/wp-content\/uploads\/2018\/11\/andrea-zanoni.jpg","datePublished":"2020-02-05T15:19:36+00:00","breadcrumb":{"@id":"https:\/\/www.bellunopress.it\/2020\/02\/05\/inquinamento-atmosferico-zanoni-da-bottacin-accuse-e-numeri-senza-senso-anziche-attaccare-il-governo-pensi-a-cosa-non-ha-fatto-la-regione\/#breadcrumb"},"inLanguage":"fr-FR","potentialAction":[{"@type":"ReadAction","target":["https:\/\/www.bellunopress.it\/2020\/02\/05\/inquinamento-atmosferico-zanoni-da-bottacin-accuse-e-numeri-senza-senso-anziche-attaccare-il-governo-pensi-a-cosa-non-ha-fatto-la-regione\/"]}]},{"@type":"ImageObject","inLanguage":"fr-FR","@id":"https:\/\/www.bellunopress.it\/2020\/02\/05\/inquinamento-atmosferico-zanoni-da-bottacin-accuse-e-numeri-senza-senso-anziche-attaccare-il-governo-pensi-a-cosa-non-ha-fatto-la-regione\/#primaryimage","url":"http:\/\/www.bellunopress.it\/wp-content\/uploads\/2018\/11\/andrea-zanoni.jpg","contentUrl":"http:\/\/www.bellunopress.it\/wp-content\/uploads\/2018\/11\/andrea-zanoni.jpg"},{"@type":"BreadcrumbList","@id":"https:\/\/www.bellunopress.it\/2020\/02\/05\/inquinamento-atmosferico-zanoni-da-bottacin-accuse-e-numeri-senza-senso-anziche-attaccare-il-governo-pensi-a-cosa-non-ha-fatto-la-regione\/#breadcrumb","itemListElement":[{"@type":"ListItem","position":1,"name":"Home","item":"https:\/\/www.bellunopress.it\/"},{"@type":"ListItem","position":2,"name":"Inquinamento atmosferico. Zanoni: &#8220;Da Bottacin accuse e numeri senza senso. Anzich\u00e9 attaccare il Governo pensi a cosa non ha fatto la Regione&#8221;"}]},{"@type":"WebSite","@id":"https:\/\/www.bellunopress.it\/#website","url":"https:\/\/www.bellunopress.it\/","name":"Bellunopress - Dolomiti","description":"e-mail: redazione@bellunopress.it","publisher":{"@id":"https:\/\/www.bellunopress.it\/#organization"},"potentialAction":[{"@type":"SearchAction","target":{"@type":"EntryPoint","urlTemplate":"https:\/\/www.bellunopress.it\/?s={search_term_string}"},"query-input":{"@type":"PropertyValueSpecification","valueRequired":true,"valueName":"search_term_string"}}],"inLanguage":"fr-FR"},{"@type":"Organization","@id":"https:\/\/www.bellunopress.it\/#organization","name":"Bellunopress","url":"https:\/\/www.bellunopress.it\/","logo":{"@type":"ImageObject","inLanguage":"fr-FR","@id":"https:\/\/www.bellunopress.it\/#\/schema\/logo\/image\/","url":"https:\/\/www.bellunopress.it\/wp-content\/uploads\/2011\/05\/cropped-logo-bellunopress-.jpg","contentUrl":"https:\/\/www.bellunopress.it\/wp-content\/uploads\/2011\/05\/cropped-logo-bellunopress-.jpg","width":512,"height":512,"caption":"Bellunopress"},"image":{"@id":"https:\/\/www.bellunopress.it\/#\/schema\/logo\/image\/"},"sameAs":["https:\/\/www.facebook.com\/profile.php?id=100008943462799","https:\/\/x.com\/bellunopress","https:\/\/www.linkedin.com\/hp\/?dnr=JBzUWaJfMUw8vbXJJ2tVW5-I3jZKvC4wsoxE&amp;amp;amp;amp;amp;amp;trk=nav_responsive_tab_home","https:\/\/www.youtube.com\/channel\/UCxL0wu1uN0_3_7hGG0306cw"]},{"@type":"Person","@id":"https:\/\/www.bellunopress.it\/#\/schema\/person\/79bb06722b37ece1c03d3e94beb30d73","name":"r\u00e9daction","image":{"@type":"ImageObject","inLanguage":"fr-FR","@id":"https:\/\/secure.gravatar.com\/avatar\/37d968a2e67a6fd04c169c4bdef102d0bc5d31b2546345219e348575eb80e9a0?s=96&d=mm&r=g","url":"https:\/\/secure.gravatar.com\/avatar\/37d968a2e67a6fd04c169c4bdef102d0bc5d31b2546345219e348575eb80e9a0?s=96&d=mm&r=g","contentUrl":"https:\/\/secure.gravatar.com\/avatar\/37d968a2e67a6fd04c169c4bdef102d0bc5d31b2546345219e348575eb80e9a0?s=96&d=mm&r=g","caption":"redazione"},"sameAs":["http:\/\/www.bellunopress.it","https:\/\/x.com\/bellunopress"],"url":"https:\/\/www.bellunopress.it\/fr\/author\/redazione\/"}]}},"_links":{"self":[{"href":"https:\/\/www.bellunopress.it\/fr\/wp-json\/wp\/v2\/posts\/111875","targetHints":{"allow":["GET"]}}],"collection":[{"href":"https:\/\/www.bellunopress.it\/fr\/wp-json\/wp\/v2\/posts"}],"about":[{"href":"https:\/\/www.bellunopress.it\/fr\/wp-json\/wp\/v2\/types\/post"}],"author":[{"embeddable":true,"href":"https:\/\/www.bellunopress.it\/fr\/wp-json\/wp\/v2\/users\/2"}],"replies":[{"embeddable":true,"href":"https:\/\/www.bellunopress.it\/fr\/wp-json\/wp\/v2\/comments?post=111875"}],"version-history":[{"count":1,"href":"https:\/\/www.bellunopress.it\/fr\/wp-json\/wp\/v2\/posts\/111875\/revisions"}],"predecessor-version":[{"id":111876,"href":"https:\/\/www.bellunopress.it\/fr\/wp-json\/wp\/v2\/posts\/111875\/revisions\/111876"}],"wp:attachment":[{"href":"https:\/\/www.bellunopress.it\/fr\/wp-json\/wp\/v2\/media?parent=111875"}],"wp:term":[{"taxonomy":"category","embeddable":true,"href":"https:\/\/www.bellunopress.it\/fr\/wp-json\/wp\/v2\/categories?post=111875"},{"taxonomy":"post_tag","embeddable":true,"href":"https:\/\/www.bellunopress.it\/fr\/wp-json\/wp\/v2\/tags?post=111875"}],"curies":[{"name":"wp","href":"https:\/\/api.w.org\/{rel}","templated":true}]}}