{"id":111863,"date":"2020-02-05T13:21:56","date_gmt":"2020-02-05T12:21:56","guid":{"rendered":"http:\/\/www.bellunopress.it\/?p=111863"},"modified":"2020-02-05T13:21:56","modified_gmt":"2020-02-05T12:21:56","slug":"assunzione-di-ricercatori-la-giunta-regionale-incrementa-il-budget-di-oltre-4-milioni","status":"publish","type":"post","link":"https:\/\/www.bellunopress.it\/fr\/2020\/02\/05\/assunzione-di-ricercatori-la-giunta-regionale-incrementa-il-budget-di-oltre-4-milioni\/","title":{"rendered":"Assunzione di ricercatori: la giunta regionale incrementa il budget di oltre 4 milioni"},"content":{"rendered":"<p>Venezia, 5 febbraio 2020\u00a0 &#8211;\u00a0\u00a0La Giunta regionale ha approvato la delibera che d\u00e0 il via libera all\u2019incremento pari a 4.062.539,82 euro della dotazione finanziaria iniziale legata al bando \u201cSostegno a progetti di ricerca alle imprese che prevedono l\u2019impiego di ricercatori (dottori di ricerca e laureati magistrali con profili tecnico scientifici) presso le imprese stesse\u201d.<\/p>\n<figure id=\"attachment_70205\" aria-describedby=\"caption-attachment-70205\" style=\"width: 150px\" class=\"wp-caption alignleft\"><a href=\"http:\/\/www.bellunopress.it\/fr\/2015\/07\/20\/nuova-camera-di-commercio-venezia-rovigo-delta-lagunare-in-veneto-il-primo-accorpamento\/roberto-marcato-assessore\/\" rel=\"attachment wp-att-70205\"><img loading=\"lazy\" decoding=\"async\" class=\"size-thumbnail wp-image-70205\" src=\"http:\/\/www.bellunopress.it\/wp-content\/uploads\/2015\/07\/roberto-marcato-assessore-150x150.jpg\" alt=\"\" width=\"150\" height=\"150\" \/><\/a><figcaption id=\"caption-attachment-70205\" class=\"wp-caption-text\">Roberto Marcato<\/figcaption><\/figure>\n<p>\u201cQuesta \u00e8 un\u2019altra delle nostre risposte concrete alla fuga di cervelli, \u2013 sottolinea l\u2019assessore allo sviluppo economico ed energia Roberto Marcato \u2013 la Regione del Veneto investe su giovani laureati e dottori di ricerca, dando loro la possibilit\u00e0 di restare nella nostra regione, supportando gli imprenditori in progetti di ricerca, creando valore aggiunto per tutti: imprese, risorse umane e territorio\u201d.<\/p>\n<p>Il bando, approvato con DGR n.805 l\u201911 giugno 2019, infatti, intende incentivare la ricerca e lo sviluppo all\u2019interno delle aziende, favorendo l\u2019inserimento di nuovi profili tecnico scientifici di alta professionalit\u00e0 i quali contribuiranno all\u2019innovazione di nuovi prodotti o processi, apportando nuove conoscenze e competenze. Si tratta del terzo bando su questa linea di azione per la quale sono gi\u00e0 stati stanziati circa 4 milioni di euro.<\/p>\n<p>Alla chiusura del bando sono giunte 144 domande, delle quali 129 ritenute ammissibili con una richiesta di contributi per oltre 8 milioni di euro. A dicembre sono state finanziate le prime 57 imprese con lo stanziamento iniziale di 4.500.000 di euro. La nuova delibera di giunta permette il completo scorrimento della graduatoria.<\/p>\n<p>\u201cLa numerosit\u00e0 delle domande pervenute dimostra l\u2019interesse e l\u2019attenzione degli imprenditori veneti verso gli investimenti in ricerca, volano per lo sviluppo economico \u2013evidenzia ancora l\u2019assessore allo sviluppo economico &#8211; abbiamo ritenuto importante poter assegnare risorse aggiuntive che consentano il totale scorrimento della graduatoria. Si tratta di incentivare l\u2019utilizzo di risorse professionali altamente qualificate per promuovere, nel tessuto produttivo veneto, l\u2019attivit\u00e0 di ricerca specializzata, incrementando cos\u00ec il numero di ricercatori impiegati nelle imprese\u201d.<\/p>\n<p>\u201cQuesto \u00e8 uno dei modi concreti di rispondere alla fuga di cervelli, \u2013 conclude l\u2019assessore \u2013 offrire strumenti di sviluppo alle imprese e occasioni di carriera ai nostri giovani pi\u00f9 talentuosi e desiderosi di mettere in pratica quando appreso in ambito accademico\u201d.<\/p>","protected":false},"excerpt":{"rendered":"<p>Venezia, 5 febbraio 2020\u00a0 &#8211;\u00a0\u00a0La Giunta regionale ha approvato la delibera che d\u00e0 il via libera all\u2019incremento pari a 4.062.539,82 euro della dotazione finanziaria iniziale legata al bando \u201cSostegno a progetti di ricerca alle imprese che prevedono l\u2019impiego di ricercatori (dottori di ricerca e laureati magistrali con profili tecnico scientifici) presso le imprese stesse\u201d. \u201cQuesta [&hellip;]<\/p>\n","protected":false},"author":2,"featured_media":0,"comment_status":"closed","ping_status":"open","sticky":false,"template":"","format":"standard","meta":{"footnotes":""},"categories":[5,26],"tags":[],"class_list":["post-111863","post","type-post","status-publish","format-standard","category-cronaca","category-prima-pagina"],"yoast_head":"<!-- This site is optimized with the Yoast SEO plugin v28.4 - https:\/\/yoast.com\/product\/yoast-seo-wordpress\/ -->\n<title>Assunzione di ricercatori: la giunta regionale incrementa il budget di oltre 4 milioni - Bellunopress - Dolomiti<\/title>\n<meta name=\"robots\" content=\"index, follow, max-snippet:-1, max-image-preview:large, max-video-preview:-1\" \/>\n<link rel=\"canonical\" href=\"https:\/\/www.bellunopress.it\/fr\/2020\/02\/05\/assunzione-di-ricercatori-la-giunta-regionale-incrementa-il-budget-di-oltre-4-milioni\/\" \/>\n<meta property=\"og:locale\" content=\"fr_FR\" \/>\n<meta property=\"og:type\" content=\"article\" \/>\n<meta property=\"og:title\" content=\"Assunzione di ricercatori: la giunta regionale incrementa il budget di oltre 4 milioni - Bellunopress - Dolomiti\" \/>\n<meta property=\"og:description\" content=\"Venezia, 5 febbraio 2020\u00a0 &#8211;\u00a0\u00a0La Giunta regionale ha approvato la delibera che d\u00e0 il via libera all\u2019incremento pari a 4.062.539,82 euro della dotazione finanziaria iniziale legata al bando \u201cSostegno a progetti di ricerca alle imprese che prevedono l\u2019impiego di ricercatori (dottori di ricerca e laureati magistrali con profili tecnico scientifici) presso le imprese stesse\u201d. \u201cQuesta [&hellip;]\" \/>\n<meta property=\"og:url\" content=\"https:\/\/www.bellunopress.it\/fr\/2020\/02\/05\/assunzione-di-ricercatori-la-giunta-regionale-incrementa-il-budget-di-oltre-4-milioni\/\" \/>\n<meta property=\"og:site_name\" content=\"Bellunopress - Dolomiti\" \/>\n<meta property=\"article:publisher\" content=\"https:\/\/www.facebook.com\/profile.php?id=100008943462799\" \/>\n<meta property=\"article:published_time\" content=\"2020-02-05T12:21:56+00:00\" \/>\n<meta property=\"og:image\" content=\"http:\/\/www.bellunopress.it\/wp-content\/uploads\/2015\/07\/roberto-marcato-assessore-150x150.jpg\" \/>\n<meta name=\"author\" content=\"redazione\" \/>\n<meta name=\"twitter:card\" content=\"summary_large_image\" \/>\n<meta name=\"twitter:creator\" content=\"@bellunopress\" \/>\n<meta name=\"twitter:site\" content=\"@bellunopress\" \/>\n<meta name=\"twitter:label1\" content=\"\u00c9crit par\" \/>\n\t<meta name=\"twitter:data1\" content=\"redazione\" \/>\n\t<meta name=\"twitter:label2\" content=\"Dur\u00e9e de lecture estim\u00e9e\" \/>\n\t<meta name=\"twitter:data2\" content=\"2 minutes\" \/>\n<script type=\"application\/ld+json\" class=\"yoast-schema-graph\">{\"@context\":\"https:\\\/\\\/schema.org\",\"@graph\":[{\"@type\":\"Article\",\"@id\":\"https:\\\/\\\/www.bellunopress.it\\\/2020\\\/02\\\/05\\\/assunzione-di-ricercatori-la-giunta-regionale-incrementa-il-budget-di-oltre-4-milioni\\\/#article\",\"isPartOf\":{\"@id\":\"https:\\\/\\\/www.bellunopress.it\\\/2020\\\/02\\\/05\\\/assunzione-di-ricercatori-la-giunta-regionale-incrementa-il-budget-di-oltre-4-milioni\\\/\"},\"author\":{\"name\":\"redazione\",\"@id\":\"https:\\\/\\\/www.bellunopress.it\\\/#\\\/schema\\\/person\\\/79bb06722b37ece1c03d3e94beb30d73\"},\"headline\":\"Assunzione di ricercatori: la giunta regionale incrementa il budget di oltre 4 milioni\",\"datePublished\":\"2020-02-05T12:21:56+00:00\",\"mainEntityOfPage\":{\"@id\":\"https:\\\/\\\/www.bellunopress.it\\\/2020\\\/02\\\/05\\\/assunzione-di-ricercatori-la-giunta-regionale-incrementa-il-budget-di-oltre-4-milioni\\\/\"},\"wordCount\":365,\"publisher\":{\"@id\":\"https:\\\/\\\/www.bellunopress.it\\\/#organization\"},\"image\":{\"@id\":\"https:\\\/\\\/www.bellunopress.it\\\/2020\\\/02\\\/05\\\/assunzione-di-ricercatori-la-giunta-regionale-incrementa-il-budget-di-oltre-4-milioni\\\/#primaryimage\"},\"thumbnailUrl\":\"http:\\\/\\\/www.bellunopress.it\\\/wp-content\\\/uploads\\\/2015\\\/07\\\/roberto-marcato-assessore-150x150.jpg\",\"articleSection\":[\"Cronaca\\\/Politica\",\"Prima Pagina\"],\"inLanguage\":\"fr-FR\"},{\"@type\":\"WebPage\",\"@id\":\"https:\\\/\\\/www.bellunopress.it\\\/2020\\\/02\\\/05\\\/assunzione-di-ricercatori-la-giunta-regionale-incrementa-il-budget-di-oltre-4-milioni\\\/\",\"url\":\"https:\\\/\\\/www.bellunopress.it\\\/2020\\\/02\\\/05\\\/assunzione-di-ricercatori-la-giunta-regionale-incrementa-il-budget-di-oltre-4-milioni\\\/\",\"name\":\"Assunzione di ricercatori: la giunta regionale incrementa il budget di oltre 4 milioni - Bellunopress - Dolomiti\",\"isPartOf\":{\"@id\":\"https:\\\/\\\/www.bellunopress.it\\\/#website\"},\"primaryImageOfPage\":{\"@id\":\"https:\\\/\\\/www.bellunopress.it\\\/2020\\\/02\\\/05\\\/assunzione-di-ricercatori-la-giunta-regionale-incrementa-il-budget-di-oltre-4-milioni\\\/#primaryimage\"},\"image\":{\"@id\":\"https:\\\/\\\/www.bellunopress.it\\\/2020\\\/02\\\/05\\\/assunzione-di-ricercatori-la-giunta-regionale-incrementa-il-budget-di-oltre-4-milioni\\\/#primaryimage\"},\"thumbnailUrl\":\"http:\\\/\\\/www.bellunopress.it\\\/wp-content\\\/uploads\\\/2015\\\/07\\\/roberto-marcato-assessore-150x150.jpg\",\"datePublished\":\"2020-02-05T12:21:56+00:00\",\"breadcrumb\":{\"@id\":\"https:\\\/\\\/www.bellunopress.it\\\/2020\\\/02\\\/05\\\/assunzione-di-ricercatori-la-giunta-regionale-incrementa-il-budget-di-oltre-4-milioni\\\/#breadcrumb\"},\"inLanguage\":\"fr-FR\",\"potentialAction\":[{\"@type\":\"ReadAction\",\"target\":[\"https:\\\/\\\/www.bellunopress.it\\\/2020\\\/02\\\/05\\\/assunzione-di-ricercatori-la-giunta-regionale-incrementa-il-budget-di-oltre-4-milioni\\\/\"]}]},{\"@type\":\"ImageObject\",\"inLanguage\":\"fr-FR\",\"@id\":\"https:\\\/\\\/www.bellunopress.it\\\/2020\\\/02\\\/05\\\/assunzione-di-ricercatori-la-giunta-regionale-incrementa-il-budget-di-oltre-4-milioni\\\/#primaryimage\",\"url\":\"http:\\\/\\\/www.bellunopress.it\\\/wp-content\\\/uploads\\\/2015\\\/07\\\/roberto-marcato-assessore-150x150.jpg\",\"contentUrl\":\"http:\\\/\\\/www.bellunopress.it\\\/wp-content\\\/uploads\\\/2015\\\/07\\\/roberto-marcato-assessore-150x150.jpg\"},{\"@type\":\"BreadcrumbList\",\"@id\":\"https:\\\/\\\/www.bellunopress.it\\\/2020\\\/02\\\/05\\\/assunzione-di-ricercatori-la-giunta-regionale-incrementa-il-budget-di-oltre-4-milioni\\\/#breadcrumb\",\"itemListElement\":[{\"@type\":\"ListItem\",\"position\":1,\"name\":\"Home\",\"item\":\"https:\\\/\\\/www.bellunopress.it\\\/\"},{\"@type\":\"ListItem\",\"position\":2,\"name\":\"Assunzione di ricercatori: la giunta regionale incrementa il budget di oltre 4 milioni\"}]},{\"@type\":\"WebSite\",\"@id\":\"https:\\\/\\\/www.bellunopress.it\\\/#website\",\"url\":\"https:\\\/\\\/www.bellunopress.it\\\/\",\"name\":\"Bellunopress - Dolomiti\",\"description\":\"e-mail: redazione@bellunopress.it\",\"publisher\":{\"@id\":\"https:\\\/\\\/www.bellunopress.it\\\/#organization\"},\"potentialAction\":[{\"@type\":\"SearchAction\",\"target\":{\"@type\":\"EntryPoint\",\"urlTemplate\":\"https:\\\/\\\/www.bellunopress.it\\\/?s={search_term_string}\"},\"query-input\":{\"@type\":\"PropertyValueSpecification\",\"valueRequired\":true,\"valueName\":\"search_term_string\"}}],\"inLanguage\":\"fr-FR\"},{\"@type\":\"Organization\",\"@id\":\"https:\\\/\\\/www.bellunopress.it\\\/#organization\",\"name\":\"Bellunopress\",\"url\":\"https:\\\/\\\/www.bellunopress.it\\\/\",\"logo\":{\"@type\":\"ImageObject\",\"inLanguage\":\"fr-FR\",\"@id\":\"https:\\\/\\\/www.bellunopress.it\\\/#\\\/schema\\\/logo\\\/image\\\/\",\"url\":\"https:\\\/\\\/www.bellunopress.it\\\/wp-content\\\/uploads\\\/2011\\\/05\\\/cropped-logo-bellunopress-.jpg\",\"contentUrl\":\"https:\\\/\\\/www.bellunopress.it\\\/wp-content\\\/uploads\\\/2011\\\/05\\\/cropped-logo-bellunopress-.jpg\",\"width\":512,\"height\":512,\"caption\":\"Bellunopress\"},\"image\":{\"@id\":\"https:\\\/\\\/www.bellunopress.it\\\/#\\\/schema\\\/logo\\\/image\\\/\"},\"sameAs\":[\"https:\\\/\\\/www.facebook.com\\\/profile.php?id=100008943462799\",\"https:\\\/\\\/x.com\\\/bellunopress\",\"https:\\\/\\\/www.linkedin.com\\\/hp\\\/?dnr=JBzUWaJfMUw8vbXJJ2tVW5-I3jZKvC4wsoxE&amp;amp;amp;amp;amp;amp;trk=nav_responsive_tab_home\",\"https:\\\/\\\/www.youtube.com\\\/channel\\\/UCxL0wu1uN0_3_7hGG0306cw\"]},{\"@type\":\"Person\",\"@id\":\"https:\\\/\\\/www.bellunopress.it\\\/#\\\/schema\\\/person\\\/79bb06722b37ece1c03d3e94beb30d73\",\"name\":\"redazione\",\"image\":{\"@type\":\"ImageObject\",\"inLanguage\":\"fr-FR\",\"@id\":\"https:\\\/\\\/secure.gravatar.com\\\/avatar\\\/37d968a2e67a6fd04c169c4bdef102d0bc5d31b2546345219e348575eb80e9a0?s=96&d=mm&r=g\",\"url\":\"https:\\\/\\\/secure.gravatar.com\\\/avatar\\\/37d968a2e67a6fd04c169c4bdef102d0bc5d31b2546345219e348575eb80e9a0?s=96&d=mm&r=g\",\"contentUrl\":\"https:\\\/\\\/secure.gravatar.com\\\/avatar\\\/37d968a2e67a6fd04c169c4bdef102d0bc5d31b2546345219e348575eb80e9a0?s=96&d=mm&r=g\",\"caption\":\"redazione\"},\"sameAs\":[\"http:\\\/\\\/www.bellunopress.it\",\"https:\\\/\\\/x.com\\\/bellunopress\"],\"url\":\"https:\\\/\\\/www.bellunopress.it\\\/fr\\\/author\\\/redazione\\\/\"}]}<\/script>\n<!-- \/ Yoast SEO plugin. -->","yoast_head_json":{"title":"Assunzione di ricercatori: la giunta regionale incrementa il budget di oltre 4 milioni - Bellunopress - Dolomiti","robots":{"index":"index","follow":"follow","max-snippet":"max-snippet:-1","max-image-preview":"max-image-preview:large","max-video-preview":"max-video-preview:-1"},"canonical":"https:\/\/www.bellunopress.it\/fr\/2020\/02\/05\/assunzione-di-ricercatori-la-giunta-regionale-incrementa-il-budget-di-oltre-4-milioni\/","og_locale":"fr_FR","og_type":"article","og_title":"Assunzione di ricercatori: la giunta regionale incrementa il budget di oltre 4 milioni - Bellunopress - Dolomiti","og_description":"Venezia, 5 febbraio 2020\u00a0 &#8211;\u00a0\u00a0La Giunta regionale ha approvato la delibera che d\u00e0 il via libera all\u2019incremento pari a 4.062.539,82 euro della dotazione finanziaria iniziale legata al bando \u201cSostegno a progetti di ricerca alle imprese che prevedono l\u2019impiego di ricercatori (dottori di ricerca e laureati magistrali con profili tecnico scientifici) presso le imprese stesse\u201d. \u201cQuesta [&hellip;]","og_url":"https:\/\/www.bellunopress.it\/fr\/2020\/02\/05\/assunzione-di-ricercatori-la-giunta-regionale-incrementa-il-budget-di-oltre-4-milioni\/","og_site_name":"Bellunopress - Dolomiti","article_publisher":"https:\/\/www.facebook.com\/profile.php?id=100008943462799","article_published_time":"2020-02-05T12:21:56+00:00","og_image":[{"url":"http:\/\/www.bellunopress.it\/wp-content\/uploads\/2015\/07\/roberto-marcato-assessore-150x150.jpg","type":"","width":"","height":""}],"author":"redazione","twitter_card":"summary_large_image","twitter_creator":"@bellunopress","twitter_site":"@bellunopress","twitter_misc":{"\u00c9crit par":"redazione","Dur\u00e9e de lecture estim\u00e9e":"2 minutes"},"schema":{"@context":"https:\/\/schema.org","@graph":[{"@type":"Article","@id":"https:\/\/www.bellunopress.it\/2020\/02\/05\/assunzione-di-ricercatori-la-giunta-regionale-incrementa-il-budget-di-oltre-4-milioni\/#article","isPartOf":{"@id":"https:\/\/www.bellunopress.it\/2020\/02\/05\/assunzione-di-ricercatori-la-giunta-regionale-incrementa-il-budget-di-oltre-4-milioni\/"},"author":{"name":"redazione","@id":"https:\/\/www.bellunopress.it\/#\/schema\/person\/79bb06722b37ece1c03d3e94beb30d73"},"headline":"Assunzione di ricercatori: la giunta regionale incrementa il budget di oltre 4 milioni","datePublished":"2020-02-05T12:21:56+00:00","mainEntityOfPage":{"@id":"https:\/\/www.bellunopress.it\/2020\/02\/05\/assunzione-di-ricercatori-la-giunta-regionale-incrementa-il-budget-di-oltre-4-milioni\/"},"wordCount":365,"publisher":{"@id":"https:\/\/www.bellunopress.it\/#organization"},"image":{"@id":"https:\/\/www.bellunopress.it\/2020\/02\/05\/assunzione-di-ricercatori-la-giunta-regionale-incrementa-il-budget-di-oltre-4-milioni\/#primaryimage"},"thumbnailUrl":"http:\/\/www.bellunopress.it\/wp-content\/uploads\/2015\/07\/roberto-marcato-assessore-150x150.jpg","articleSection":["Cronaca\/Politica","Prima Pagina"],"inLanguage":"fr-FR"},{"@type":"WebPage","@id":"https:\/\/www.bellunopress.it\/2020\/02\/05\/assunzione-di-ricercatori-la-giunta-regionale-incrementa-il-budget-di-oltre-4-milioni\/","url":"https:\/\/www.bellunopress.it\/2020\/02\/05\/assunzione-di-ricercatori-la-giunta-regionale-incrementa-il-budget-di-oltre-4-milioni\/","name":"Assunzione di ricercatori: la giunta regionale incrementa il budget di oltre 4 milioni - Bellunopress - Dolomiti","isPartOf":{"@id":"https:\/\/www.bellunopress.it\/#website"},"primaryImageOfPage":{"@id":"https:\/\/www.bellunopress.it\/2020\/02\/05\/assunzione-di-ricercatori-la-giunta-regionale-incrementa-il-budget-di-oltre-4-milioni\/#primaryimage"},"image":{"@id":"https:\/\/www.bellunopress.it\/2020\/02\/05\/assunzione-di-ricercatori-la-giunta-regionale-incrementa-il-budget-di-oltre-4-milioni\/#primaryimage"},"thumbnailUrl":"http:\/\/www.bellunopress.it\/wp-content\/uploads\/2015\/07\/roberto-marcato-assessore-150x150.jpg","datePublished":"2020-02-05T12:21:56+00:00","breadcrumb":{"@id":"https:\/\/www.bellunopress.it\/2020\/02\/05\/assunzione-di-ricercatori-la-giunta-regionale-incrementa-il-budget-di-oltre-4-milioni\/#breadcrumb"},"inLanguage":"fr-FR","potentialAction":[{"@type":"ReadAction","target":["https:\/\/www.bellunopress.it\/2020\/02\/05\/assunzione-di-ricercatori-la-giunta-regionale-incrementa-il-budget-di-oltre-4-milioni\/"]}]},{"@type":"ImageObject","inLanguage":"fr-FR","@id":"https:\/\/www.bellunopress.it\/2020\/02\/05\/assunzione-di-ricercatori-la-giunta-regionale-incrementa-il-budget-di-oltre-4-milioni\/#primaryimage","url":"http:\/\/www.bellunopress.it\/wp-content\/uploads\/2015\/07\/roberto-marcato-assessore-150x150.jpg","contentUrl":"http:\/\/www.bellunopress.it\/wp-content\/uploads\/2015\/07\/roberto-marcato-assessore-150x150.jpg"},{"@type":"BreadcrumbList","@id":"https:\/\/www.bellunopress.it\/2020\/02\/05\/assunzione-di-ricercatori-la-giunta-regionale-incrementa-il-budget-di-oltre-4-milioni\/#breadcrumb","itemListElement":[{"@type":"ListItem","position":1,"name":"Home","item":"https:\/\/www.bellunopress.it\/"},{"@type":"ListItem","position":2,"name":"Assunzione di ricercatori: la giunta regionale incrementa il budget di oltre 4 milioni"}]},{"@type":"WebSite","@id":"https:\/\/www.bellunopress.it\/#website","url":"https:\/\/www.bellunopress.it\/","name":"Bellunopress - Dolomiti","description":"e-mail: redazione@bellunopress.it","publisher":{"@id":"https:\/\/www.bellunopress.it\/#organization"},"potentialAction":[{"@type":"SearchAction","target":{"@type":"EntryPoint","urlTemplate":"https:\/\/www.bellunopress.it\/?s={search_term_string}"},"query-input":{"@type":"PropertyValueSpecification","valueRequired":true,"valueName":"search_term_string"}}],"inLanguage":"fr-FR"},{"@type":"Organization","@id":"https:\/\/www.bellunopress.it\/#organization","name":"Bellunopress","url":"https:\/\/www.bellunopress.it\/","logo":{"@type":"ImageObject","inLanguage":"fr-FR","@id":"https:\/\/www.bellunopress.it\/#\/schema\/logo\/image\/","url":"https:\/\/www.bellunopress.it\/wp-content\/uploads\/2011\/05\/cropped-logo-bellunopress-.jpg","contentUrl":"https:\/\/www.bellunopress.it\/wp-content\/uploads\/2011\/05\/cropped-logo-bellunopress-.jpg","width":512,"height":512,"caption":"Bellunopress"},"image":{"@id":"https:\/\/www.bellunopress.it\/#\/schema\/logo\/image\/"},"sameAs":["https:\/\/www.facebook.com\/profile.php?id=100008943462799","https:\/\/x.com\/bellunopress","https:\/\/www.linkedin.com\/hp\/?dnr=JBzUWaJfMUw8vbXJJ2tVW5-I3jZKvC4wsoxE&amp;amp;amp;amp;amp;amp;trk=nav_responsive_tab_home","https:\/\/www.youtube.com\/channel\/UCxL0wu1uN0_3_7hGG0306cw"]},{"@type":"Person","@id":"https:\/\/www.bellunopress.it\/#\/schema\/person\/79bb06722b37ece1c03d3e94beb30d73","name":"r\u00e9daction","image":{"@type":"ImageObject","inLanguage":"fr-FR","@id":"https:\/\/secure.gravatar.com\/avatar\/37d968a2e67a6fd04c169c4bdef102d0bc5d31b2546345219e348575eb80e9a0?s=96&d=mm&r=g","url":"https:\/\/secure.gravatar.com\/avatar\/37d968a2e67a6fd04c169c4bdef102d0bc5d31b2546345219e348575eb80e9a0?s=96&d=mm&r=g","contentUrl":"https:\/\/secure.gravatar.com\/avatar\/37d968a2e67a6fd04c169c4bdef102d0bc5d31b2546345219e348575eb80e9a0?s=96&d=mm&r=g","caption":"redazione"},"sameAs":["http:\/\/www.bellunopress.it","https:\/\/x.com\/bellunopress"],"url":"https:\/\/www.bellunopress.it\/fr\/author\/redazione\/"}]}},"_links":{"self":[{"href":"https:\/\/www.bellunopress.it\/fr\/wp-json\/wp\/v2\/posts\/111863","targetHints":{"allow":["GET"]}}],"collection":[{"href":"https:\/\/www.bellunopress.it\/fr\/wp-json\/wp\/v2\/posts"}],"about":[{"href":"https:\/\/www.bellunopress.it\/fr\/wp-json\/wp\/v2\/types\/post"}],"author":[{"embeddable":true,"href":"https:\/\/www.bellunopress.it\/fr\/wp-json\/wp\/v2\/users\/2"}],"replies":[{"embeddable":true,"href":"https:\/\/www.bellunopress.it\/fr\/wp-json\/wp\/v2\/comments?post=111863"}],"version-history":[{"count":1,"href":"https:\/\/www.bellunopress.it\/fr\/wp-json\/wp\/v2\/posts\/111863\/revisions"}],"predecessor-version":[{"id":111864,"href":"https:\/\/www.bellunopress.it\/fr\/wp-json\/wp\/v2\/posts\/111863\/revisions\/111864"}],"wp:attachment":[{"href":"https:\/\/www.bellunopress.it\/fr\/wp-json\/wp\/v2\/media?parent=111863"}],"wp:term":[{"taxonomy":"category","embeddable":true,"href":"https:\/\/www.bellunopress.it\/fr\/wp-json\/wp\/v2\/categories?post=111863"},{"taxonomy":"post_tag","embeddable":true,"href":"https:\/\/www.bellunopress.it\/fr\/wp-json\/wp\/v2\/tags?post=111863"}],"curies":[{"name":"wp","href":"https:\/\/api.w.org\/{rel}","templated":true}]}}