{"id":111861,"date":"2020-02-05T13:15:18","date_gmt":"2020-02-05T12:15:18","guid":{"rendered":"http:\/\/www.bellunopress.it\/?p=111861"},"modified":"2020-02-05T13:15:18","modified_gmt":"2020-02-05T12:15:18","slug":"cortinametraggio-annuncia-la-collaborazione-con-afrodite-short","status":"publish","type":"post","link":"https:\/\/www.bellunopress.it\/fr\/2020\/02\/05\/cortinametraggio-annuncia-la-collaborazione-con-afrodite-short\/","title":{"rendered":"Cortinametraggio annuncia la collaborazione con Afrodite Short"},"content":{"rendered":"<p>Cortinametraggio, il Festival ideato e diretto da Maddalena Mayneri, che si terr\u00e0 a Cortina dal 23 al 29 marzo 2020, annuncia la collaborazione con Afrodite Shorts, principale manifestazione italiana dedicata ai cortometraggi a tematica femminile o girati da registe donne, diretto da Cristina Zucchiatti e Paola Poli.<\/p>\n<p><a href=\"http:\/\/www.bellunopress.it\/fr\/2015\/11\/23\/cortinametraggio-2016-dal-14-al-20-marzo\/logo-cortinametraggio-1\/\" rel=\"attachment wp-att-73332\"><img loading=\"lazy\" decoding=\"async\" class=\"alignleft size-thumbnail wp-image-73332\" src=\"http:\/\/www.bellunopress.it\/wp-content\/uploads\/2015\/11\/logo-cortinametraggio-1-150x150.png\" alt=\"\" width=\"150\" height=\"150\" \/><\/a>Il cortometraggio vincitore della quarta edizione di Afrodite Shorts, &#8220;Delitto naturale&#8221; di Valentina Bertuzzi, entra direttamente tra i finalisti della XV edizione di Cortinametraggio, saltando l&#8217;intera fase di preselezione.<br \/>\n&#8220;Delitto naturale&#8221; \u00e8 un horror psicologico, una piccola fiaba nera interamente ambientata nei meandri nascosti di una vecchia scuola, girata al &#8220;Carlo Pisacane&#8221; di Roma. Nel ruolo da protagonista una ex allieva della scuola, Alida Baldari Calabria, insieme a Olivia Magnani, Rosa Pianeta e la piccola Cecilia Scifoni al suo esordio cinematografico. &#8220;Delitto naturale&#8221;, un &#8220;The Goonies&#8221; al femminile in chiave dark, nasce da un&#8217;idea di Valentina Bertuzzi, scritto a quattro mani con Francesca Bertuzzi, affermata scrittrice thriller e noir.<\/p>\n<p>&nbsp;<\/p>","protected":false},"excerpt":{"rendered":"<p>Cortinametraggio, il Festival ideato e diretto da Maddalena Mayneri, che si terr\u00e0 a Cortina dal 23 al 29 marzo 2020, annuncia la collaborazione con Afrodite Shorts, principale manifestazione italiana dedicata ai cortometraggi a tematica femminile o girati da registe donne, diretto da Cristina Zucchiatti e Paola Poli. Il cortometraggio vincitore della quarta edizione di Afrodite [&hellip;]<\/p>\n","protected":false},"author":2,"featured_media":0,"comment_status":"closed","ping_status":"open","sticky":false,"template":"","format":"standard","meta":{"footnotes":""},"categories":[27,3,25],"tags":[],"class_list":["post-111861","post","type-post","status-publish","format-standard","category-appuntamenti","category-arte-cultura-spettacoli-scienza-archivi","category-pausa-caffe"],"yoast_head":"<!-- This site is optimized with the Yoast SEO plugin v28.4 - https:\/\/yoast.com\/product\/yoast-seo-wordpress\/ -->\n<title>Cortinametraggio annuncia la collaborazione con Afrodite Short - Bellunopress - Dolomiti<\/title>\n<meta name=\"robots\" content=\"index, follow, max-snippet:-1, max-image-preview:large, max-video-preview:-1\" \/>\n<link rel=\"canonical\" href=\"https:\/\/www.bellunopress.it\/fr\/2020\/02\/05\/cortinametraggio-annuncia-la-collaborazione-con-afrodite-short\/\" \/>\n<meta property=\"og:locale\" content=\"fr_FR\" \/>\n<meta property=\"og:type\" content=\"article\" \/>\n<meta property=\"og:title\" content=\"Cortinametraggio annuncia la collaborazione con Afrodite Short - Bellunopress - Dolomiti\" \/>\n<meta property=\"og:description\" content=\"Cortinametraggio, il Festival ideato e diretto da Maddalena Mayneri, che si terr\u00e0 a Cortina dal 23 al 29 marzo 2020, annuncia la collaborazione con Afrodite Shorts, principale manifestazione italiana dedicata ai cortometraggi a tematica femminile o girati da registe donne, diretto da Cristina Zucchiatti e Paola Poli. Il cortometraggio vincitore della quarta edizione di Afrodite [&hellip;]\" \/>\n<meta property=\"og:url\" content=\"https:\/\/www.bellunopress.it\/fr\/2020\/02\/05\/cortinametraggio-annuncia-la-collaborazione-con-afrodite-short\/\" \/>\n<meta property=\"og:site_name\" content=\"Bellunopress - Dolomiti\" \/>\n<meta property=\"article:publisher\" content=\"https:\/\/www.facebook.com\/profile.php?id=100008943462799\" \/>\n<meta property=\"article:published_time\" content=\"2020-02-05T12:15:18+00:00\" \/>\n<meta property=\"og:image\" content=\"http:\/\/www.bellunopress.it\/wp-content\/uploads\/2015\/11\/logo-cortinametraggio-1-150x150.png\" \/>\n<meta name=\"author\" content=\"redazione\" \/>\n<meta name=\"twitter:card\" content=\"summary_large_image\" \/>\n<meta name=\"twitter:creator\" content=\"@bellunopress\" \/>\n<meta name=\"twitter:site\" content=\"@bellunopress\" \/>\n<meta name=\"twitter:label1\" content=\"\u00c9crit par\" \/>\n\t<meta name=\"twitter:data1\" content=\"redazione\" \/>\n\t<meta name=\"twitter:label2\" content=\"Dur\u00e9e de lecture estim\u00e9e\" \/>\n\t<meta name=\"twitter:data2\" content=\"1 minute\" \/>\n<script type=\"application\/ld+json\" class=\"yoast-schema-graph\">{\"@context\":\"https:\\\/\\\/schema.org\",\"@graph\":[{\"@type\":\"Article\",\"@id\":\"https:\\\/\\\/www.bellunopress.it\\\/2020\\\/02\\\/05\\\/cortinametraggio-annuncia-la-collaborazione-con-afrodite-short\\\/#article\",\"isPartOf\":{\"@id\":\"https:\\\/\\\/www.bellunopress.it\\\/2020\\\/02\\\/05\\\/cortinametraggio-annuncia-la-collaborazione-con-afrodite-short\\\/\"},\"author\":{\"name\":\"redazione\",\"@id\":\"https:\\\/\\\/www.bellunopress.it\\\/#\\\/schema\\\/person\\\/79bb06722b37ece1c03d3e94beb30d73\"},\"headline\":\"Cortinametraggio annuncia la collaborazione con Afrodite Short\",\"datePublished\":\"2020-02-05T12:15:18+00:00\",\"mainEntityOfPage\":{\"@id\":\"https:\\\/\\\/www.bellunopress.it\\\/2020\\\/02\\\/05\\\/cortinametraggio-annuncia-la-collaborazione-con-afrodite-short\\\/\"},\"wordCount\":162,\"publisher\":{\"@id\":\"https:\\\/\\\/www.bellunopress.it\\\/#organization\"},\"image\":{\"@id\":\"https:\\\/\\\/www.bellunopress.it\\\/2020\\\/02\\\/05\\\/cortinametraggio-annuncia-la-collaborazione-con-afrodite-short\\\/#primaryimage\"},\"thumbnailUrl\":\"http:\\\/\\\/www.bellunopress.it\\\/wp-content\\\/uploads\\\/2015\\\/11\\\/logo-cortinametraggio-1-150x150.png\",\"articleSection\":[\"Appuntamenti, Eventi\",\"Arte, Cultura, Spettacoli, Scienza\",\"Pausa Caff\u00e8\"],\"inLanguage\":\"fr-FR\"},{\"@type\":\"WebPage\",\"@id\":\"https:\\\/\\\/www.bellunopress.it\\\/2020\\\/02\\\/05\\\/cortinametraggio-annuncia-la-collaborazione-con-afrodite-short\\\/\",\"url\":\"https:\\\/\\\/www.bellunopress.it\\\/2020\\\/02\\\/05\\\/cortinametraggio-annuncia-la-collaborazione-con-afrodite-short\\\/\",\"name\":\"Cortinametraggio annuncia la collaborazione con Afrodite Short - Bellunopress - Dolomiti\",\"isPartOf\":{\"@id\":\"https:\\\/\\\/www.bellunopress.it\\\/#website\"},\"primaryImageOfPage\":{\"@id\":\"https:\\\/\\\/www.bellunopress.it\\\/2020\\\/02\\\/05\\\/cortinametraggio-annuncia-la-collaborazione-con-afrodite-short\\\/#primaryimage\"},\"image\":{\"@id\":\"https:\\\/\\\/www.bellunopress.it\\\/2020\\\/02\\\/05\\\/cortinametraggio-annuncia-la-collaborazione-con-afrodite-short\\\/#primaryimage\"},\"thumbnailUrl\":\"http:\\\/\\\/www.bellunopress.it\\\/wp-content\\\/uploads\\\/2015\\\/11\\\/logo-cortinametraggio-1-150x150.png\",\"datePublished\":\"2020-02-05T12:15:18+00:00\",\"breadcrumb\":{\"@id\":\"https:\\\/\\\/www.bellunopress.it\\\/2020\\\/02\\\/05\\\/cortinametraggio-annuncia-la-collaborazione-con-afrodite-short\\\/#breadcrumb\"},\"inLanguage\":\"fr-FR\",\"potentialAction\":[{\"@type\":\"ReadAction\",\"target\":[\"https:\\\/\\\/www.bellunopress.it\\\/2020\\\/02\\\/05\\\/cortinametraggio-annuncia-la-collaborazione-con-afrodite-short\\\/\"]}]},{\"@type\":\"ImageObject\",\"inLanguage\":\"fr-FR\",\"@id\":\"https:\\\/\\\/www.bellunopress.it\\\/2020\\\/02\\\/05\\\/cortinametraggio-annuncia-la-collaborazione-con-afrodite-short\\\/#primaryimage\",\"url\":\"http:\\\/\\\/www.bellunopress.it\\\/wp-content\\\/uploads\\\/2015\\\/11\\\/logo-cortinametraggio-1-150x150.png\",\"contentUrl\":\"http:\\\/\\\/www.bellunopress.it\\\/wp-content\\\/uploads\\\/2015\\\/11\\\/logo-cortinametraggio-1-150x150.png\"},{\"@type\":\"BreadcrumbList\",\"@id\":\"https:\\\/\\\/www.bellunopress.it\\\/2020\\\/02\\\/05\\\/cortinametraggio-annuncia-la-collaborazione-con-afrodite-short\\\/#breadcrumb\",\"itemListElement\":[{\"@type\":\"ListItem\",\"position\":1,\"name\":\"Home\",\"item\":\"https:\\\/\\\/www.bellunopress.it\\\/\"},{\"@type\":\"ListItem\",\"position\":2,\"name\":\"Cortinametraggio annuncia la collaborazione con Afrodite Short\"}]},{\"@type\":\"WebSite\",\"@id\":\"https:\\\/\\\/www.bellunopress.it\\\/#website\",\"url\":\"https:\\\/\\\/www.bellunopress.it\\\/\",\"name\":\"Bellunopress - Dolomiti\",\"description\":\"e-mail: redazione@bellunopress.it\",\"publisher\":{\"@id\":\"https:\\\/\\\/www.bellunopress.it\\\/#organization\"},\"potentialAction\":[{\"@type\":\"SearchAction\",\"target\":{\"@type\":\"EntryPoint\",\"urlTemplate\":\"https:\\\/\\\/www.bellunopress.it\\\/?s={search_term_string}\"},\"query-input\":{\"@type\":\"PropertyValueSpecification\",\"valueRequired\":true,\"valueName\":\"search_term_string\"}}],\"inLanguage\":\"fr-FR\"},{\"@type\":\"Organization\",\"@id\":\"https:\\\/\\\/www.bellunopress.it\\\/#organization\",\"name\":\"Bellunopress\",\"url\":\"https:\\\/\\\/www.bellunopress.it\\\/\",\"logo\":{\"@type\":\"ImageObject\",\"inLanguage\":\"fr-FR\",\"@id\":\"https:\\\/\\\/www.bellunopress.it\\\/#\\\/schema\\\/logo\\\/image\\\/\",\"url\":\"https:\\\/\\\/www.bellunopress.it\\\/wp-content\\\/uploads\\\/2011\\\/05\\\/cropped-logo-bellunopress-.jpg\",\"contentUrl\":\"https:\\\/\\\/www.bellunopress.it\\\/wp-content\\\/uploads\\\/2011\\\/05\\\/cropped-logo-bellunopress-.jpg\",\"width\":512,\"height\":512,\"caption\":\"Bellunopress\"},\"image\":{\"@id\":\"https:\\\/\\\/www.bellunopress.it\\\/#\\\/schema\\\/logo\\\/image\\\/\"},\"sameAs\":[\"https:\\\/\\\/www.facebook.com\\\/profile.php?id=100008943462799\",\"https:\\\/\\\/x.com\\\/bellunopress\",\"https:\\\/\\\/www.linkedin.com\\\/hp\\\/?dnr=JBzUWaJfMUw8vbXJJ2tVW5-I3jZKvC4wsoxE&amp;amp;amp;amp;amp;amp;trk=nav_responsive_tab_home\",\"https:\\\/\\\/www.youtube.com\\\/channel\\\/UCxL0wu1uN0_3_7hGG0306cw\"]},{\"@type\":\"Person\",\"@id\":\"https:\\\/\\\/www.bellunopress.it\\\/#\\\/schema\\\/person\\\/79bb06722b37ece1c03d3e94beb30d73\",\"name\":\"redazione\",\"image\":{\"@type\":\"ImageObject\",\"inLanguage\":\"fr-FR\",\"@id\":\"https:\\\/\\\/secure.gravatar.com\\\/avatar\\\/37d968a2e67a6fd04c169c4bdef102d0bc5d31b2546345219e348575eb80e9a0?s=96&d=mm&r=g\",\"url\":\"https:\\\/\\\/secure.gravatar.com\\\/avatar\\\/37d968a2e67a6fd04c169c4bdef102d0bc5d31b2546345219e348575eb80e9a0?s=96&d=mm&r=g\",\"contentUrl\":\"https:\\\/\\\/secure.gravatar.com\\\/avatar\\\/37d968a2e67a6fd04c169c4bdef102d0bc5d31b2546345219e348575eb80e9a0?s=96&d=mm&r=g\",\"caption\":\"redazione\"},\"sameAs\":[\"http:\\\/\\\/www.bellunopress.it\",\"https:\\\/\\\/x.com\\\/bellunopress\"],\"url\":\"https:\\\/\\\/www.bellunopress.it\\\/fr\\\/author\\\/redazione\\\/\"}]}<\/script>\n<!-- \/ Yoast SEO plugin. -->","yoast_head_json":{"title":"Cortinametraggio annuncia la collaborazione con Afrodite Short - Bellunopress - Dolomiti","robots":{"index":"index","follow":"follow","max-snippet":"max-snippet:-1","max-image-preview":"max-image-preview:large","max-video-preview":"max-video-preview:-1"},"canonical":"https:\/\/www.bellunopress.it\/fr\/2020\/02\/05\/cortinametraggio-annuncia-la-collaborazione-con-afrodite-short\/","og_locale":"fr_FR","og_type":"article","og_title":"Cortinametraggio annuncia la collaborazione con Afrodite Short - Bellunopress - Dolomiti","og_description":"Cortinametraggio, il Festival ideato e diretto da Maddalena Mayneri, che si terr\u00e0 a Cortina dal 23 al 29 marzo 2020, annuncia la collaborazione con Afrodite Shorts, principale manifestazione italiana dedicata ai cortometraggi a tematica femminile o girati da registe donne, diretto da Cristina Zucchiatti e Paola Poli. Il cortometraggio vincitore della quarta edizione di Afrodite [&hellip;]","og_url":"https:\/\/www.bellunopress.it\/fr\/2020\/02\/05\/cortinametraggio-annuncia-la-collaborazione-con-afrodite-short\/","og_site_name":"Bellunopress - Dolomiti","article_publisher":"https:\/\/www.facebook.com\/profile.php?id=100008943462799","article_published_time":"2020-02-05T12:15:18+00:00","og_image":[{"url":"http:\/\/www.bellunopress.it\/wp-content\/uploads\/2015\/11\/logo-cortinametraggio-1-150x150.png","type":"","width":"","height":""}],"author":"redazione","twitter_card":"summary_large_image","twitter_creator":"@bellunopress","twitter_site":"@bellunopress","twitter_misc":{"\u00c9crit par":"redazione","Dur\u00e9e de lecture estim\u00e9e":"1 minute"},"schema":{"@context":"https:\/\/schema.org","@graph":[{"@type":"Article","@id":"https:\/\/www.bellunopress.it\/2020\/02\/05\/cortinametraggio-annuncia-la-collaborazione-con-afrodite-short\/#article","isPartOf":{"@id":"https:\/\/www.bellunopress.it\/2020\/02\/05\/cortinametraggio-annuncia-la-collaborazione-con-afrodite-short\/"},"author":{"name":"redazione","@id":"https:\/\/www.bellunopress.it\/#\/schema\/person\/79bb06722b37ece1c03d3e94beb30d73"},"headline":"Cortinametraggio annuncia la collaborazione con Afrodite Short","datePublished":"2020-02-05T12:15:18+00:00","mainEntityOfPage":{"@id":"https:\/\/www.bellunopress.it\/2020\/02\/05\/cortinametraggio-annuncia-la-collaborazione-con-afrodite-short\/"},"wordCount":162,"publisher":{"@id":"https:\/\/www.bellunopress.it\/#organization"},"image":{"@id":"https:\/\/www.bellunopress.it\/2020\/02\/05\/cortinametraggio-annuncia-la-collaborazione-con-afrodite-short\/#primaryimage"},"thumbnailUrl":"http:\/\/www.bellunopress.it\/wp-content\/uploads\/2015\/11\/logo-cortinametraggio-1-150x150.png","articleSection":["Appuntamenti, Eventi","Arte, Cultura, Spettacoli, Scienza","Pausa Caff\u00e8"],"inLanguage":"fr-FR"},{"@type":"WebPage","@id":"https:\/\/www.bellunopress.it\/2020\/02\/05\/cortinametraggio-annuncia-la-collaborazione-con-afrodite-short\/","url":"https:\/\/www.bellunopress.it\/2020\/02\/05\/cortinametraggio-annuncia-la-collaborazione-con-afrodite-short\/","name":"Cortinametraggio annuncia la collaborazione con Afrodite Short - Bellunopress - Dolomiti","isPartOf":{"@id":"https:\/\/www.bellunopress.it\/#website"},"primaryImageOfPage":{"@id":"https:\/\/www.bellunopress.it\/2020\/02\/05\/cortinametraggio-annuncia-la-collaborazione-con-afrodite-short\/#primaryimage"},"image":{"@id":"https:\/\/www.bellunopress.it\/2020\/02\/05\/cortinametraggio-annuncia-la-collaborazione-con-afrodite-short\/#primaryimage"},"thumbnailUrl":"http:\/\/www.bellunopress.it\/wp-content\/uploads\/2015\/11\/logo-cortinametraggio-1-150x150.png","datePublished":"2020-02-05T12:15:18+00:00","breadcrumb":{"@id":"https:\/\/www.bellunopress.it\/2020\/02\/05\/cortinametraggio-annuncia-la-collaborazione-con-afrodite-short\/#breadcrumb"},"inLanguage":"fr-FR","potentialAction":[{"@type":"ReadAction","target":["https:\/\/www.bellunopress.it\/2020\/02\/05\/cortinametraggio-annuncia-la-collaborazione-con-afrodite-short\/"]}]},{"@type":"ImageObject","inLanguage":"fr-FR","@id":"https:\/\/www.bellunopress.it\/2020\/02\/05\/cortinametraggio-annuncia-la-collaborazione-con-afrodite-short\/#primaryimage","url":"http:\/\/www.bellunopress.it\/wp-content\/uploads\/2015\/11\/logo-cortinametraggio-1-150x150.png","contentUrl":"http:\/\/www.bellunopress.it\/wp-content\/uploads\/2015\/11\/logo-cortinametraggio-1-150x150.png"},{"@type":"BreadcrumbList","@id":"https:\/\/www.bellunopress.it\/2020\/02\/05\/cortinametraggio-annuncia-la-collaborazione-con-afrodite-short\/#breadcrumb","itemListElement":[{"@type":"ListItem","position":1,"name":"Home","item":"https:\/\/www.bellunopress.it\/"},{"@type":"ListItem","position":2,"name":"Cortinametraggio annuncia la collaborazione con Afrodite Short"}]},{"@type":"WebSite","@id":"https:\/\/www.bellunopress.it\/#website","url":"https:\/\/www.bellunopress.it\/","name":"Bellunopress - Dolomiti","description":"e-mail: redazione@bellunopress.it","publisher":{"@id":"https:\/\/www.bellunopress.it\/#organization"},"potentialAction":[{"@type":"SearchAction","target":{"@type":"EntryPoint","urlTemplate":"https:\/\/www.bellunopress.it\/?s={search_term_string}"},"query-input":{"@type":"PropertyValueSpecification","valueRequired":true,"valueName":"search_term_string"}}],"inLanguage":"fr-FR"},{"@type":"Organization","@id":"https:\/\/www.bellunopress.it\/#organization","name":"Bellunopress","url":"https:\/\/www.bellunopress.it\/","logo":{"@type":"ImageObject","inLanguage":"fr-FR","@id":"https:\/\/www.bellunopress.it\/#\/schema\/logo\/image\/","url":"https:\/\/www.bellunopress.it\/wp-content\/uploads\/2011\/05\/cropped-logo-bellunopress-.jpg","contentUrl":"https:\/\/www.bellunopress.it\/wp-content\/uploads\/2011\/05\/cropped-logo-bellunopress-.jpg","width":512,"height":512,"caption":"Bellunopress"},"image":{"@id":"https:\/\/www.bellunopress.it\/#\/schema\/logo\/image\/"},"sameAs":["https:\/\/www.facebook.com\/profile.php?id=100008943462799","https:\/\/x.com\/bellunopress","https:\/\/www.linkedin.com\/hp\/?dnr=JBzUWaJfMUw8vbXJJ2tVW5-I3jZKvC4wsoxE&amp;amp;amp;amp;amp;amp;trk=nav_responsive_tab_home","https:\/\/www.youtube.com\/channel\/UCxL0wu1uN0_3_7hGG0306cw"]},{"@type":"Person","@id":"https:\/\/www.bellunopress.it\/#\/schema\/person\/79bb06722b37ece1c03d3e94beb30d73","name":"r\u00e9daction","image":{"@type":"ImageObject","inLanguage":"fr-FR","@id":"https:\/\/secure.gravatar.com\/avatar\/37d968a2e67a6fd04c169c4bdef102d0bc5d31b2546345219e348575eb80e9a0?s=96&d=mm&r=g","url":"https:\/\/secure.gravatar.com\/avatar\/37d968a2e67a6fd04c169c4bdef102d0bc5d31b2546345219e348575eb80e9a0?s=96&d=mm&r=g","contentUrl":"https:\/\/secure.gravatar.com\/avatar\/37d968a2e67a6fd04c169c4bdef102d0bc5d31b2546345219e348575eb80e9a0?s=96&d=mm&r=g","caption":"redazione"},"sameAs":["http:\/\/www.bellunopress.it","https:\/\/x.com\/bellunopress"],"url":"https:\/\/www.bellunopress.it\/fr\/author\/redazione\/"}]}},"_links":{"self":[{"href":"https:\/\/www.bellunopress.it\/fr\/wp-json\/wp\/v2\/posts\/111861","targetHints":{"allow":["GET"]}}],"collection":[{"href":"https:\/\/www.bellunopress.it\/fr\/wp-json\/wp\/v2\/posts"}],"about":[{"href":"https:\/\/www.bellunopress.it\/fr\/wp-json\/wp\/v2\/types\/post"}],"author":[{"embeddable":true,"href":"https:\/\/www.bellunopress.it\/fr\/wp-json\/wp\/v2\/users\/2"}],"replies":[{"embeddable":true,"href":"https:\/\/www.bellunopress.it\/fr\/wp-json\/wp\/v2\/comments?post=111861"}],"version-history":[{"count":1,"href":"https:\/\/www.bellunopress.it\/fr\/wp-json\/wp\/v2\/posts\/111861\/revisions"}],"predecessor-version":[{"id":111862,"href":"https:\/\/www.bellunopress.it\/fr\/wp-json\/wp\/v2\/posts\/111861\/revisions\/111862"}],"wp:attachment":[{"href":"https:\/\/www.bellunopress.it\/fr\/wp-json\/wp\/v2\/media?parent=111861"}],"wp:term":[{"taxonomy":"category","embeddable":true,"href":"https:\/\/www.bellunopress.it\/fr\/wp-json\/wp\/v2\/categories?post=111861"},{"taxonomy":"post_tag","embeddable":true,"href":"https:\/\/www.bellunopress.it\/fr\/wp-json\/wp\/v2\/tags?post=111861"}],"curies":[{"name":"wp","href":"https:\/\/api.w.org\/{rel}","templated":true}]}}