{"id":111859,"date":"2020-02-05T13:08:50","date_gmt":"2020-02-05T12:08:50","guid":{"rendered":"http:\/\/www.bellunopress.it\/?p=111859"},"modified":"2020-02-05T13:08:50","modified_gmt":"2020-02-05T12:08:50","slug":"la-provincia-pubblicizza-le-dolomiti-con-50mila-euro-attraverso-la-compagnia-aerea-britannica-easyjet","status":"publish","type":"post","link":"https:\/\/www.bellunopress.it\/fr\/2020\/02\/05\/la-provincia-pubblicizza-le-dolomiti-con-50mila-euro-attraverso-la-compagnia-aerea-britannica-easyjet\/","title":{"rendered":"La Provincia pubblicizza le Dolomiti con 50mila euro attraverso la compagnia aerea britannica easyJet"},"content":{"rendered":"<figure id=\"attachment_111249\" aria-describedby=\"caption-attachment-111249\" style=\"width: 200px\" class=\"wp-caption alignleft\"><a href=\"http:\/\/www.bellunopress.it\/fr\/2020\/01\/15\/riclassificazione-delle-strade-padrin-bene-ma-si-mantenga-il-sistema-di-gestione-di-veneto-strade\/roberto-padrin-presidente-provincia\/\" rel=\"attachment wp-att-111249\"><img loading=\"lazy\" decoding=\"async\" class=\"size-full wp-image-111249\" src=\"http:\/\/www.bellunopress.it\/wp-content\/uploads\/2020\/01\/roberto-padrin-presidente-provincia.jpg\" alt=\"\" width=\"200\" height=\"279\" \/><\/a><figcaption id=\"caption-attachment-111249\" class=\"wp-caption-text\">Roberto Padrin &#8211; Presidente della Provincia<\/figcaption><\/figure>\n<p>Le Dolomiti bellunesi sbarcano nel Regno Unito, con una campagna promozionale lanciata da easyJet, in collaborazione con la Provincia di Belluno. L\u2019attivit\u00e0 di marketing avr\u00e0 come target preferenziale il pubblico inglese e partir\u00e0 nei prossimi mesi, in modo da promuovere l\u2019offerta turistica per l\u2019estate, attraverso i diversi canali della compagnia aerea low cost, che rappresenta il primo vettore dell\u2019aeroporto Marco Polo e che prevede nel 2020 un traffico di circa 3 milioni e mezzo di passeggeri solo su Venezia.<\/p>\n<p>\u00abCon questa collaborazione, intendiamo ampliare il raggio d\u2019azione del nostro marketing territoriale &#8211; spiega il presidente della Provincia Roberto Padrin -. Il mercato inglese \u00e8 importante per il turismo estivo delle nostre montagne e il fatto di poter contare sui canali promozionali di un marchio riconosciuto come easyJet ci consentir\u00e0 di incrementare l\u2019afflusso sulle Dolomiti durante i prossimi mesi. La vicinanza con l\u2019aeroporto di Venezia rende la nostra provincia facilmente accessibile e credo che sempre di pi\u00f9 dovremo puntare su questa strategicit\u00e0 logistica. Le Dolomiti, come sottolinea il marchio della Dmo, sono le montagne di Venezia, perch\u00e9 si trovano a poco pi\u00f9 di un\u2019ora di macchina dall\u2019aeroporto. Per un londinese, o per chi \u00e8 abituato al traffico delle metropoli, \u00e8 una distanza minima\u00bb<br \/>\nLa Provincia aderisce al progetto di promozione attraverso i fondi dedicati al marketing territoriale. La spesa prevista \u00e8 di circa 50mila euro. La campagna per l\u2019estate 2020 inizier\u00e0 in primavera (tra aprile e maggio) e durer\u00e0 un periodo di 4\/6 settimane, con l\u2019obiettivo di sponsorizzare la stagione estiva nell\u2019area dolomitica. easyJet ha gi\u00e0 sperimentato la promozione delle Dolomiti per la stagione invernale, attraverso i suoi i canali digitali (easyJet website, applicazione per telefono, social media, programmatic). Tra aprile e maggio, amplier\u00e0 il suo raggio d\u2019azione utilizzando ulteriori strumenti promozionali, con particolare riferimento al pubblico inglese.<\/p>\n<p>\u00abLa campagna far\u00e0 uso di materiale fotografico e testi forniti direttamente dalla Provincia e dalla Dmo &#8211; conclude il presidente della Provincia -. Sar\u00e0 nostra cura far vedere le bellezze delle nostre Dolomiti e i panorami del nostro territorio. Il turismo pu\u00f2 e deve diventare sempre pi\u00f9 uno dei business del Bellunese. La Provincia ci crede\u00bb.<\/p>","protected":false},"excerpt":{"rendered":"<p>Le Dolomiti bellunesi sbarcano nel Regno Unito, con una campagna promozionale lanciata da easyJet, in collaborazione con la Provincia di Belluno. L\u2019attivit\u00e0 di marketing avr\u00e0 come target preferenziale il pubblico inglese e partir\u00e0 nei prossimi mesi, in modo da promuovere l\u2019offerta turistica per l\u2019estate, attraverso i diversi canali della compagnia aerea low cost, che rappresenta [&hellip;]<\/p>\n","protected":false},"author":2,"featured_media":0,"comment_status":"closed","ping_status":"open","sticky":false,"template":"","format":"standard","meta":{"footnotes":""},"categories":[5,26],"tags":[],"class_list":["post-111859","post","type-post","status-publish","format-standard","category-cronaca","category-prima-pagina"],"yoast_head":"<!-- This site is optimized with the Yoast SEO plugin v28.4 - https:\/\/yoast.com\/product\/yoast-seo-wordpress\/ -->\n<title>La Provincia pubblicizza le Dolomiti con 50mila euro attraverso la compagnia aerea britannica easyJet - Bellunopress - Dolomiti<\/title>\n<meta name=\"robots\" content=\"index, follow, max-snippet:-1, max-image-preview:large, max-video-preview:-1\" \/>\n<link rel=\"canonical\" href=\"https:\/\/www.bellunopress.it\/fr\/2020\/02\/05\/la-provincia-pubblicizza-le-dolomiti-con-50mila-euro-attraverso-la-compagnia-aerea-britannica-easyjet\/\" \/>\n<meta property=\"og:locale\" content=\"fr_FR\" \/>\n<meta property=\"og:type\" content=\"article\" \/>\n<meta property=\"og:title\" content=\"La Provincia pubblicizza le Dolomiti con 50mila euro attraverso la compagnia aerea britannica easyJet - Bellunopress - Dolomiti\" \/>\n<meta property=\"og:description\" content=\"Le Dolomiti bellunesi sbarcano nel Regno Unito, con una campagna promozionale lanciata da easyJet, in collaborazione con la Provincia di Belluno. L\u2019attivit\u00e0 di marketing avr\u00e0 come target preferenziale il pubblico inglese e partir\u00e0 nei prossimi mesi, in modo da promuovere l\u2019offerta turistica per l\u2019estate, attraverso i diversi canali della compagnia aerea low cost, che rappresenta [&hellip;]\" \/>\n<meta property=\"og:url\" content=\"https:\/\/www.bellunopress.it\/fr\/2020\/02\/05\/la-provincia-pubblicizza-le-dolomiti-con-50mila-euro-attraverso-la-compagnia-aerea-britannica-easyjet\/\" \/>\n<meta property=\"og:site_name\" content=\"Bellunopress - Dolomiti\" \/>\n<meta property=\"article:publisher\" content=\"https:\/\/www.facebook.com\/profile.php?id=100008943462799\" \/>\n<meta property=\"article:published_time\" content=\"2020-02-05T12:08:50+00:00\" \/>\n<meta property=\"og:image\" content=\"http:\/\/www.bellunopress.it\/wp-content\/uploads\/2020\/01\/roberto-padrin-presidente-provincia.jpg\" \/>\n<meta name=\"author\" content=\"redazione\" \/>\n<meta name=\"twitter:card\" content=\"summary_large_image\" \/>\n<meta name=\"twitter:creator\" content=\"@bellunopress\" \/>\n<meta name=\"twitter:site\" content=\"@bellunopress\" \/>\n<meta name=\"twitter:label1\" content=\"\u00c9crit par\" \/>\n\t<meta name=\"twitter:data1\" content=\"redazione\" \/>\n\t<meta name=\"twitter:label2\" content=\"Dur\u00e9e de lecture estim\u00e9e\" \/>\n\t<meta name=\"twitter:data2\" content=\"2 minutes\" \/>\n<script type=\"application\/ld+json\" class=\"yoast-schema-graph\">{\"@context\":\"https:\\\/\\\/schema.org\",\"@graph\":[{\"@type\":\"Article\",\"@id\":\"https:\\\/\\\/www.bellunopress.it\\\/2020\\\/02\\\/05\\\/la-provincia-pubblicizza-le-dolomiti-con-50mila-euro-attraverso-la-compagnia-aerea-britannica-easyjet\\\/#article\",\"isPartOf\":{\"@id\":\"https:\\\/\\\/www.bellunopress.it\\\/2020\\\/02\\\/05\\\/la-provincia-pubblicizza-le-dolomiti-con-50mila-euro-attraverso-la-compagnia-aerea-britannica-easyjet\\\/\"},\"author\":{\"name\":\"redazione\",\"@id\":\"https:\\\/\\\/www.bellunopress.it\\\/#\\\/schema\\\/person\\\/79bb06722b37ece1c03d3e94beb30d73\"},\"headline\":\"La Provincia pubblicizza le Dolomiti con 50mila euro attraverso la compagnia aerea britannica easyJet\",\"datePublished\":\"2020-02-05T12:08:50+00:00\",\"mainEntityOfPage\":{\"@id\":\"https:\\\/\\\/www.bellunopress.it\\\/2020\\\/02\\\/05\\\/la-provincia-pubblicizza-le-dolomiti-con-50mila-euro-attraverso-la-compagnia-aerea-britannica-easyjet\\\/\"},\"wordCount\":385,\"publisher\":{\"@id\":\"https:\\\/\\\/www.bellunopress.it\\\/#organization\"},\"image\":{\"@id\":\"https:\\\/\\\/www.bellunopress.it\\\/2020\\\/02\\\/05\\\/la-provincia-pubblicizza-le-dolomiti-con-50mila-euro-attraverso-la-compagnia-aerea-britannica-easyjet\\\/#primaryimage\"},\"thumbnailUrl\":\"http:\\\/\\\/www.bellunopress.it\\\/wp-content\\\/uploads\\\/2020\\\/01\\\/roberto-padrin-presidente-provincia.jpg\",\"articleSection\":[\"Cronaca\\\/Politica\",\"Prima Pagina\"],\"inLanguage\":\"fr-FR\"},{\"@type\":\"WebPage\",\"@id\":\"https:\\\/\\\/www.bellunopress.it\\\/2020\\\/02\\\/05\\\/la-provincia-pubblicizza-le-dolomiti-con-50mila-euro-attraverso-la-compagnia-aerea-britannica-easyjet\\\/\",\"url\":\"https:\\\/\\\/www.bellunopress.it\\\/2020\\\/02\\\/05\\\/la-provincia-pubblicizza-le-dolomiti-con-50mila-euro-attraverso-la-compagnia-aerea-britannica-easyjet\\\/\",\"name\":\"La Provincia pubblicizza le Dolomiti con 50mila euro attraverso la compagnia aerea britannica easyJet - Bellunopress - Dolomiti\",\"isPartOf\":{\"@id\":\"https:\\\/\\\/www.bellunopress.it\\\/#website\"},\"primaryImageOfPage\":{\"@id\":\"https:\\\/\\\/www.bellunopress.it\\\/2020\\\/02\\\/05\\\/la-provincia-pubblicizza-le-dolomiti-con-50mila-euro-attraverso-la-compagnia-aerea-britannica-easyjet\\\/#primaryimage\"},\"image\":{\"@id\":\"https:\\\/\\\/www.bellunopress.it\\\/2020\\\/02\\\/05\\\/la-provincia-pubblicizza-le-dolomiti-con-50mila-euro-attraverso-la-compagnia-aerea-britannica-easyjet\\\/#primaryimage\"},\"thumbnailUrl\":\"http:\\\/\\\/www.bellunopress.it\\\/wp-content\\\/uploads\\\/2020\\\/01\\\/roberto-padrin-presidente-provincia.jpg\",\"datePublished\":\"2020-02-05T12:08:50+00:00\",\"breadcrumb\":{\"@id\":\"https:\\\/\\\/www.bellunopress.it\\\/2020\\\/02\\\/05\\\/la-provincia-pubblicizza-le-dolomiti-con-50mila-euro-attraverso-la-compagnia-aerea-britannica-easyjet\\\/#breadcrumb\"},\"inLanguage\":\"fr-FR\",\"potentialAction\":[{\"@type\":\"ReadAction\",\"target\":[\"https:\\\/\\\/www.bellunopress.it\\\/2020\\\/02\\\/05\\\/la-provincia-pubblicizza-le-dolomiti-con-50mila-euro-attraverso-la-compagnia-aerea-britannica-easyjet\\\/\"]}]},{\"@type\":\"ImageObject\",\"inLanguage\":\"fr-FR\",\"@id\":\"https:\\\/\\\/www.bellunopress.it\\\/2020\\\/02\\\/05\\\/la-provincia-pubblicizza-le-dolomiti-con-50mila-euro-attraverso-la-compagnia-aerea-britannica-easyjet\\\/#primaryimage\",\"url\":\"http:\\\/\\\/www.bellunopress.it\\\/wp-content\\\/uploads\\\/2020\\\/01\\\/roberto-padrin-presidente-provincia.jpg\",\"contentUrl\":\"http:\\\/\\\/www.bellunopress.it\\\/wp-content\\\/uploads\\\/2020\\\/01\\\/roberto-padrin-presidente-provincia.jpg\"},{\"@type\":\"BreadcrumbList\",\"@id\":\"https:\\\/\\\/www.bellunopress.it\\\/2020\\\/02\\\/05\\\/la-provincia-pubblicizza-le-dolomiti-con-50mila-euro-attraverso-la-compagnia-aerea-britannica-easyjet\\\/#breadcrumb\",\"itemListElement\":[{\"@type\":\"ListItem\",\"position\":1,\"name\":\"Home\",\"item\":\"https:\\\/\\\/www.bellunopress.it\\\/\"},{\"@type\":\"ListItem\",\"position\":2,\"name\":\"La Provincia pubblicizza le Dolomiti con 50mila euro attraverso la compagnia aerea britannica easyJet\"}]},{\"@type\":\"WebSite\",\"@id\":\"https:\\\/\\\/www.bellunopress.it\\\/#website\",\"url\":\"https:\\\/\\\/www.bellunopress.it\\\/\",\"name\":\"Bellunopress - Dolomiti\",\"description\":\"e-mail: redazione@bellunopress.it\",\"publisher\":{\"@id\":\"https:\\\/\\\/www.bellunopress.it\\\/#organization\"},\"potentialAction\":[{\"@type\":\"SearchAction\",\"target\":{\"@type\":\"EntryPoint\",\"urlTemplate\":\"https:\\\/\\\/www.bellunopress.it\\\/?s={search_term_string}\"},\"query-input\":{\"@type\":\"PropertyValueSpecification\",\"valueRequired\":true,\"valueName\":\"search_term_string\"}}],\"inLanguage\":\"fr-FR\"},{\"@type\":\"Organization\",\"@id\":\"https:\\\/\\\/www.bellunopress.it\\\/#organization\",\"name\":\"Bellunopress\",\"url\":\"https:\\\/\\\/www.bellunopress.it\\\/\",\"logo\":{\"@type\":\"ImageObject\",\"inLanguage\":\"fr-FR\",\"@id\":\"https:\\\/\\\/www.bellunopress.it\\\/#\\\/schema\\\/logo\\\/image\\\/\",\"url\":\"https:\\\/\\\/www.bellunopress.it\\\/wp-content\\\/uploads\\\/2011\\\/05\\\/cropped-logo-bellunopress-.jpg\",\"contentUrl\":\"https:\\\/\\\/www.bellunopress.it\\\/wp-content\\\/uploads\\\/2011\\\/05\\\/cropped-logo-bellunopress-.jpg\",\"width\":512,\"height\":512,\"caption\":\"Bellunopress\"},\"image\":{\"@id\":\"https:\\\/\\\/www.bellunopress.it\\\/#\\\/schema\\\/logo\\\/image\\\/\"},\"sameAs\":[\"https:\\\/\\\/www.facebook.com\\\/profile.php?id=100008943462799\",\"https:\\\/\\\/x.com\\\/bellunopress\",\"https:\\\/\\\/www.linkedin.com\\\/hp\\\/?dnr=JBzUWaJfMUw8vbXJJ2tVW5-I3jZKvC4wsoxE&amp;amp;amp;amp;amp;amp;trk=nav_responsive_tab_home\",\"https:\\\/\\\/www.youtube.com\\\/channel\\\/UCxL0wu1uN0_3_7hGG0306cw\"]},{\"@type\":\"Person\",\"@id\":\"https:\\\/\\\/www.bellunopress.it\\\/#\\\/schema\\\/person\\\/79bb06722b37ece1c03d3e94beb30d73\",\"name\":\"redazione\",\"image\":{\"@type\":\"ImageObject\",\"inLanguage\":\"fr-FR\",\"@id\":\"https:\\\/\\\/secure.gravatar.com\\\/avatar\\\/37d968a2e67a6fd04c169c4bdef102d0bc5d31b2546345219e348575eb80e9a0?s=96&d=mm&r=g\",\"url\":\"https:\\\/\\\/secure.gravatar.com\\\/avatar\\\/37d968a2e67a6fd04c169c4bdef102d0bc5d31b2546345219e348575eb80e9a0?s=96&d=mm&r=g\",\"contentUrl\":\"https:\\\/\\\/secure.gravatar.com\\\/avatar\\\/37d968a2e67a6fd04c169c4bdef102d0bc5d31b2546345219e348575eb80e9a0?s=96&d=mm&r=g\",\"caption\":\"redazione\"},\"sameAs\":[\"http:\\\/\\\/www.bellunopress.it\",\"https:\\\/\\\/x.com\\\/bellunopress\"],\"url\":\"https:\\\/\\\/www.bellunopress.it\\\/fr\\\/author\\\/redazione\\\/\"}]}<\/script>\n<!-- \/ Yoast SEO plugin. -->","yoast_head_json":{"title":"La Provincia pubblicizza le Dolomiti con 50mila euro attraverso la compagnia aerea britannica easyJet - Bellunopress - Dolomiti","robots":{"index":"index","follow":"follow","max-snippet":"max-snippet:-1","max-image-preview":"max-image-preview:large","max-video-preview":"max-video-preview:-1"},"canonical":"https:\/\/www.bellunopress.it\/fr\/2020\/02\/05\/la-provincia-pubblicizza-le-dolomiti-con-50mila-euro-attraverso-la-compagnia-aerea-britannica-easyjet\/","og_locale":"fr_FR","og_type":"article","og_title":"La Provincia pubblicizza le Dolomiti con 50mila euro attraverso la compagnia aerea britannica easyJet - Bellunopress - Dolomiti","og_description":"Le Dolomiti bellunesi sbarcano nel Regno Unito, con una campagna promozionale lanciata da easyJet, in collaborazione con la Provincia di Belluno. L\u2019attivit\u00e0 di marketing avr\u00e0 come target preferenziale il pubblico inglese e partir\u00e0 nei prossimi mesi, in modo da promuovere l\u2019offerta turistica per l\u2019estate, attraverso i diversi canali della compagnia aerea low cost, che rappresenta [&hellip;]","og_url":"https:\/\/www.bellunopress.it\/fr\/2020\/02\/05\/la-provincia-pubblicizza-le-dolomiti-con-50mila-euro-attraverso-la-compagnia-aerea-britannica-easyjet\/","og_site_name":"Bellunopress - Dolomiti","article_publisher":"https:\/\/www.facebook.com\/profile.php?id=100008943462799","article_published_time":"2020-02-05T12:08:50+00:00","og_image":[{"url":"http:\/\/www.bellunopress.it\/wp-content\/uploads\/2020\/01\/roberto-padrin-presidente-provincia.jpg","type":"","width":"","height":""}],"author":"redazione","twitter_card":"summary_large_image","twitter_creator":"@bellunopress","twitter_site":"@bellunopress","twitter_misc":{"\u00c9crit par":"redazione","Dur\u00e9e de lecture estim\u00e9e":"2 minutes"},"schema":{"@context":"https:\/\/schema.org","@graph":[{"@type":"Article","@id":"https:\/\/www.bellunopress.it\/2020\/02\/05\/la-provincia-pubblicizza-le-dolomiti-con-50mila-euro-attraverso-la-compagnia-aerea-britannica-easyjet\/#article","isPartOf":{"@id":"https:\/\/www.bellunopress.it\/2020\/02\/05\/la-provincia-pubblicizza-le-dolomiti-con-50mila-euro-attraverso-la-compagnia-aerea-britannica-easyjet\/"},"author":{"name":"redazione","@id":"https:\/\/www.bellunopress.it\/#\/schema\/person\/79bb06722b37ece1c03d3e94beb30d73"},"headline":"La Provincia pubblicizza le Dolomiti con 50mila euro attraverso la compagnia aerea britannica easyJet","datePublished":"2020-02-05T12:08:50+00:00","mainEntityOfPage":{"@id":"https:\/\/www.bellunopress.it\/2020\/02\/05\/la-provincia-pubblicizza-le-dolomiti-con-50mila-euro-attraverso-la-compagnia-aerea-britannica-easyjet\/"},"wordCount":385,"publisher":{"@id":"https:\/\/www.bellunopress.it\/#organization"},"image":{"@id":"https:\/\/www.bellunopress.it\/2020\/02\/05\/la-provincia-pubblicizza-le-dolomiti-con-50mila-euro-attraverso-la-compagnia-aerea-britannica-easyjet\/#primaryimage"},"thumbnailUrl":"http:\/\/www.bellunopress.it\/wp-content\/uploads\/2020\/01\/roberto-padrin-presidente-provincia.jpg","articleSection":["Cronaca\/Politica","Prima Pagina"],"inLanguage":"fr-FR"},{"@type":"WebPage","@id":"https:\/\/www.bellunopress.it\/2020\/02\/05\/la-provincia-pubblicizza-le-dolomiti-con-50mila-euro-attraverso-la-compagnia-aerea-britannica-easyjet\/","url":"https:\/\/www.bellunopress.it\/2020\/02\/05\/la-provincia-pubblicizza-le-dolomiti-con-50mila-euro-attraverso-la-compagnia-aerea-britannica-easyjet\/","name":"La Provincia pubblicizza le Dolomiti con 50mila euro attraverso la compagnia aerea britannica easyJet - Bellunopress - Dolomiti","isPartOf":{"@id":"https:\/\/www.bellunopress.it\/#website"},"primaryImageOfPage":{"@id":"https:\/\/www.bellunopress.it\/2020\/02\/05\/la-provincia-pubblicizza-le-dolomiti-con-50mila-euro-attraverso-la-compagnia-aerea-britannica-easyjet\/#primaryimage"},"image":{"@id":"https:\/\/www.bellunopress.it\/2020\/02\/05\/la-provincia-pubblicizza-le-dolomiti-con-50mila-euro-attraverso-la-compagnia-aerea-britannica-easyjet\/#primaryimage"},"thumbnailUrl":"http:\/\/www.bellunopress.it\/wp-content\/uploads\/2020\/01\/roberto-padrin-presidente-provincia.jpg","datePublished":"2020-02-05T12:08:50+00:00","breadcrumb":{"@id":"https:\/\/www.bellunopress.it\/2020\/02\/05\/la-provincia-pubblicizza-le-dolomiti-con-50mila-euro-attraverso-la-compagnia-aerea-britannica-easyjet\/#breadcrumb"},"inLanguage":"fr-FR","potentialAction":[{"@type":"ReadAction","target":["https:\/\/www.bellunopress.it\/2020\/02\/05\/la-provincia-pubblicizza-le-dolomiti-con-50mila-euro-attraverso-la-compagnia-aerea-britannica-easyjet\/"]}]},{"@type":"ImageObject","inLanguage":"fr-FR","@id":"https:\/\/www.bellunopress.it\/2020\/02\/05\/la-provincia-pubblicizza-le-dolomiti-con-50mila-euro-attraverso-la-compagnia-aerea-britannica-easyjet\/#primaryimage","url":"http:\/\/www.bellunopress.it\/wp-content\/uploads\/2020\/01\/roberto-padrin-presidente-provincia.jpg","contentUrl":"http:\/\/www.bellunopress.it\/wp-content\/uploads\/2020\/01\/roberto-padrin-presidente-provincia.jpg"},{"@type":"BreadcrumbList","@id":"https:\/\/www.bellunopress.it\/2020\/02\/05\/la-provincia-pubblicizza-le-dolomiti-con-50mila-euro-attraverso-la-compagnia-aerea-britannica-easyjet\/#breadcrumb","itemListElement":[{"@type":"ListItem","position":1,"name":"Home","item":"https:\/\/www.bellunopress.it\/"},{"@type":"ListItem","position":2,"name":"La Provincia pubblicizza le Dolomiti con 50mila euro attraverso la compagnia aerea britannica easyJet"}]},{"@type":"WebSite","@id":"https:\/\/www.bellunopress.it\/#website","url":"https:\/\/www.bellunopress.it\/","name":"Bellunopress - Dolomiti","description":"e-mail: redazione@bellunopress.it","publisher":{"@id":"https:\/\/www.bellunopress.it\/#organization"},"potentialAction":[{"@type":"SearchAction","target":{"@type":"EntryPoint","urlTemplate":"https:\/\/www.bellunopress.it\/?s={search_term_string}"},"query-input":{"@type":"PropertyValueSpecification","valueRequired":true,"valueName":"search_term_string"}}],"inLanguage":"fr-FR"},{"@type":"Organization","@id":"https:\/\/www.bellunopress.it\/#organization","name":"Bellunopress","url":"https:\/\/www.bellunopress.it\/","logo":{"@type":"ImageObject","inLanguage":"fr-FR","@id":"https:\/\/www.bellunopress.it\/#\/schema\/logo\/image\/","url":"https:\/\/www.bellunopress.it\/wp-content\/uploads\/2011\/05\/cropped-logo-bellunopress-.jpg","contentUrl":"https:\/\/www.bellunopress.it\/wp-content\/uploads\/2011\/05\/cropped-logo-bellunopress-.jpg","width":512,"height":512,"caption":"Bellunopress"},"image":{"@id":"https:\/\/www.bellunopress.it\/#\/schema\/logo\/image\/"},"sameAs":["https:\/\/www.facebook.com\/profile.php?id=100008943462799","https:\/\/x.com\/bellunopress","https:\/\/www.linkedin.com\/hp\/?dnr=JBzUWaJfMUw8vbXJJ2tVW5-I3jZKvC4wsoxE&amp;amp;amp;amp;amp;amp;trk=nav_responsive_tab_home","https:\/\/www.youtube.com\/channel\/UCxL0wu1uN0_3_7hGG0306cw"]},{"@type":"Person","@id":"https:\/\/www.bellunopress.it\/#\/schema\/person\/79bb06722b37ece1c03d3e94beb30d73","name":"r\u00e9daction","image":{"@type":"ImageObject","inLanguage":"fr-FR","@id":"https:\/\/secure.gravatar.com\/avatar\/37d968a2e67a6fd04c169c4bdef102d0bc5d31b2546345219e348575eb80e9a0?s=96&d=mm&r=g","url":"https:\/\/secure.gravatar.com\/avatar\/37d968a2e67a6fd04c169c4bdef102d0bc5d31b2546345219e348575eb80e9a0?s=96&d=mm&r=g","contentUrl":"https:\/\/secure.gravatar.com\/avatar\/37d968a2e67a6fd04c169c4bdef102d0bc5d31b2546345219e348575eb80e9a0?s=96&d=mm&r=g","caption":"redazione"},"sameAs":["http:\/\/www.bellunopress.it","https:\/\/x.com\/bellunopress"],"url":"https:\/\/www.bellunopress.it\/fr\/author\/redazione\/"}]}},"_links":{"self":[{"href":"https:\/\/www.bellunopress.it\/fr\/wp-json\/wp\/v2\/posts\/111859","targetHints":{"allow":["GET"]}}],"collection":[{"href":"https:\/\/www.bellunopress.it\/fr\/wp-json\/wp\/v2\/posts"}],"about":[{"href":"https:\/\/www.bellunopress.it\/fr\/wp-json\/wp\/v2\/types\/post"}],"author":[{"embeddable":true,"href":"https:\/\/www.bellunopress.it\/fr\/wp-json\/wp\/v2\/users\/2"}],"replies":[{"embeddable":true,"href":"https:\/\/www.bellunopress.it\/fr\/wp-json\/wp\/v2\/comments?post=111859"}],"version-history":[{"count":1,"href":"https:\/\/www.bellunopress.it\/fr\/wp-json\/wp\/v2\/posts\/111859\/revisions"}],"predecessor-version":[{"id":111860,"href":"https:\/\/www.bellunopress.it\/fr\/wp-json\/wp\/v2\/posts\/111859\/revisions\/111860"}],"wp:attachment":[{"href":"https:\/\/www.bellunopress.it\/fr\/wp-json\/wp\/v2\/media?parent=111859"}],"wp:term":[{"taxonomy":"category","embeddable":true,"href":"https:\/\/www.bellunopress.it\/fr\/wp-json\/wp\/v2\/categories?post=111859"},{"taxonomy":"post_tag","embeddable":true,"href":"https:\/\/www.bellunopress.it\/fr\/wp-json\/wp\/v2\/tags?post=111859"}],"curies":[{"name":"wp","href":"https:\/\/api.w.org\/{rel}","templated":true}]}}