{"id":111849,"date":"2020-02-09T09:31:59","date_gmt":"2020-02-09T08:31:59","guid":{"rendered":"http:\/\/www.bellunopress.it\/?p=111849"},"modified":"2020-02-05T09:50:56","modified_gmt":"2020-02-05T08:50:56","slug":"pachidermi-e-pappagalli-tutte-le-bufale-sulleconomia-venerdi-a-pedavena-lincontro-con-carlo-cottarelli","status":"publish","type":"post","link":"https:\/\/www.bellunopress.it\/fr\/2020\/02\/09\/pachidermi-e-pappagalli-tutte-le-bufale-sulleconomia-venerdi-a-pedavena-lincontro-con-carlo-cottarelli\/","title":{"rendered":"Pachidermi e pappagalli: tutte le bufale sull&#8217;economia. Venerd\u00ec a Pedavena l&#8217;incontro con Carlo Cottarelli"},"content":{"rendered":"<p>Intelligente, competente, schietto, umile, virtuoso ma allo stesso tempo semplice nel linguaggio, \u00e8 una personalit\u00e0 di tutto spessore. Carlo Cottarelli sar\u00e0 a Pedavena venerd\u00ec 14 febbraio alle ore 18.00 al Centro Culturale in Sala Guarnieri dove si terr\u00e0 la presentazione del suo ultimo libro \u201cPachidermi e pappagalli. Tutte le bufale sull\u2019economia a cui continuiamo a credere.\u201d<\/p>\n<p><a href=\"http:\/\/www.bellunopress.it\/fr\/?attachment_id=111850\" rel=\"attachment wp-att-111850\"><img loading=\"lazy\" decoding=\"async\" class=\"alignleft size-thumbnail wp-image-111850\" src=\"http:\/\/www.bellunopress.it\/wp-content\/uploads\/2020\/02\/carlo-cottarelli-300x300.jpg\" alt=\"\" width=\"300\" height=\"300\" \/><\/a>La pubblicazione si pone come obiettivo quello di affrontare l\u2019annosa questione delle \u201cbufale\u201d o \u201cfake news\u201d che, veicolate anche dalle nuove modalit\u00e0 di comunicazione possibili, ormai caratterizzano la nostra quotidianit\u00e0. L\u2019occasione \u00e8 quella giusta per sfatarne almeno alcune, per scindere il vero dal falso, per riportarci ad una corretta percezione della realt\u00e0 economica che stiamo vivendo.<\/p>\n<p>Carlo Cottarelli, noto economista ed editorialista italiano, nasce a Cremona il 18 agosto 1954.<br \/>\nLaureato in Scienze economiche e bancarie, intraprende da subito una carriera brillante che lo vede ricoprire posizioni apicali a livello internazionale, in particolare all\u2019interno del FMI (Fondo monetario internazionale), tra le quali si ricordano, senza alcuna pretesa di esaustivit\u00e0, la vicepresidenza del Dipartimento Europeo e del Dipartimento Strategia, Politica e Revisione, il ruolo di senior advisor nel Dipartimento Europeo come responsabile per la supervisione della attivit\u00e0 del FMI in una decina di Paesi nonch\u00e9 di direttore del Dipartimento Affari Fiscali del FMI.<br \/>\nAssume ruoli importanti anche nel panorama politico italiano, corteggiato dai vari partiti per le innegabili conoscenze e competenze tecniche, \u00e8 commissario straordinario per la revisione della spesa pubblica con il Governo Letta. Durante il Governo Renzi viene nominato direttore esecutivo nel Board (il Consiglio) del Fondo Monetario Internazionale. Tra le vicende pi\u00f9 note alle cronache vi \u00e8 quella che lo vede accettare, con riserva, il ruolo di Presidente del Consiglio conferitogli dal Presidente Mattarella il 28 maggio del 2018 con l\u2019obiettivo di formare un governo tecnico, stante le difficolt\u00e0 emerse nel tentativo di formare un Governo giallo-verde, incarico al quale (ahim\u00e8) rinuncia tre giorni dopo, essendosi venute e creare le condizioni per un governo politico.<br \/>\nMa non \u00e8 tutto qui. Carlo Cottarelli \u00e8 professore all\u2019Universit\u00e0 Bocconi di Milano ed editorialista per la Stampa. Negli anni scrive diversi saggi sulle politiche e istituzioni fiscali e monetarie, libri sull&#8217;inflazione, sulla politica monetaria e sui tassi di conversione.<\/p>\n<p>Si ringrazia l\u2019organizzazione Lions Club Feltre Host, in particolare la figura di Tullio Zangrando, che ha reso possibile questo interessante e stimolante incontro.<\/p>\n<p>&nbsp;<\/p>","protected":false},"excerpt":{"rendered":"<p>Intelligente, competente, schietto, umile, virtuoso ma allo stesso tempo semplice nel linguaggio, \u00e8 una personalit\u00e0 di tutto spessore. Carlo Cottarelli sar\u00e0 a Pedavena venerd\u00ec 14 febbraio alle ore 18.00 al Centro Culturale in Sala Guarnieri dove si terr\u00e0 la presentazione del suo ultimo libro \u201cPachidermi e pappagalli. Tutte le bufale sull\u2019economia a cui continuiamo a [&hellip;]<\/p>\n","protected":false},"author":2,"featured_media":0,"comment_status":"closed","ping_status":"open","sticky":false,"template":"","format":"standard","meta":{"footnotes":""},"categories":[27,3,25],"tags":[],"class_list":["post-111849","post","type-post","status-publish","format-standard","category-appuntamenti","category-arte-cultura-spettacoli-scienza-archivi","category-pausa-caffe"],"yoast_head":"<!-- This site is optimized with the Yoast SEO plugin v28.4 - https:\/\/yoast.com\/product\/yoast-seo-wordpress\/ -->\n<title>Pachidermi e pappagalli: tutte le bufale sull&#039;economia. Venerd\u00ec a Pedavena l&#039;incontro con Carlo Cottarelli - Bellunopress - Dolomiti<\/title>\n<meta name=\"robots\" content=\"index, follow, max-snippet:-1, max-image-preview:large, max-video-preview:-1\" \/>\n<link rel=\"canonical\" href=\"https:\/\/www.bellunopress.it\/fr\/2020\/02\/09\/pachidermi-e-pappagalli-tutte-le-bufale-sulleconomia-venerdi-a-pedavena-lincontro-con-carlo-cottarelli\/\" \/>\n<meta property=\"og:locale\" content=\"fr_FR\" \/>\n<meta property=\"og:type\" content=\"article\" \/>\n<meta property=\"og:title\" content=\"Pachidermi e pappagalli: tutte le bufale sull&#039;economia. Venerd\u00ec a Pedavena l&#039;incontro con Carlo Cottarelli - Bellunopress - Dolomiti\" \/>\n<meta property=\"og:description\" content=\"Intelligente, competente, schietto, umile, virtuoso ma allo stesso tempo semplice nel linguaggio, \u00e8 una personalit\u00e0 di tutto spessore. Carlo Cottarelli sar\u00e0 a Pedavena venerd\u00ec 14 febbraio alle ore 18.00 al Centro Culturale in Sala Guarnieri dove si terr\u00e0 la presentazione del suo ultimo libro \u201cPachidermi e pappagalli. Tutte le bufale sull\u2019economia a cui continuiamo a [&hellip;]\" \/>\n<meta property=\"og:url\" content=\"https:\/\/www.bellunopress.it\/fr\/2020\/02\/09\/pachidermi-e-pappagalli-tutte-le-bufale-sulleconomia-venerdi-a-pedavena-lincontro-con-carlo-cottarelli\/\" \/>\n<meta property=\"og:site_name\" content=\"Bellunopress - Dolomiti\" \/>\n<meta property=\"article:publisher\" content=\"https:\/\/www.facebook.com\/profile.php?id=100008943462799\" \/>\n<meta property=\"article:published_time\" content=\"2020-02-09T08:31:59+00:00\" \/>\n<meta property=\"og:image\" content=\"http:\/\/www.bellunopress.it\/wp-content\/uploads\/2020\/02\/carlo-cottarelli-300x300.jpg\" \/>\n<meta name=\"author\" content=\"redazione\" \/>\n<meta name=\"twitter:card\" content=\"summary_large_image\" \/>\n<meta name=\"twitter:creator\" content=\"@bellunopress\" \/>\n<meta name=\"twitter:site\" content=\"@bellunopress\" \/>\n<meta name=\"twitter:label1\" content=\"\u00c9crit par\" \/>\n\t<meta name=\"twitter:data1\" content=\"redazione\" \/>\n\t<meta name=\"twitter:label2\" content=\"Dur\u00e9e de lecture estim\u00e9e\" \/>\n\t<meta name=\"twitter:data2\" content=\"2 minutes\" \/>\n<script type=\"application\/ld+json\" class=\"yoast-schema-graph\">{\"@context\":\"https:\\\/\\\/schema.org\",\"@graph\":[{\"@type\":\"Article\",\"@id\":\"https:\\\/\\\/www.bellunopress.it\\\/2020\\\/02\\\/09\\\/pachidermi-e-pappagalli-tutte-le-bufale-sulleconomia-venerdi-a-pedavena-lincontro-con-carlo-cottarelli\\\/#article\",\"isPartOf\":{\"@id\":\"https:\\\/\\\/www.bellunopress.it\\\/2020\\\/02\\\/09\\\/pachidermi-e-pappagalli-tutte-le-bufale-sulleconomia-venerdi-a-pedavena-lincontro-con-carlo-cottarelli\\\/\"},\"author\":{\"name\":\"redazione\",\"@id\":\"https:\\\/\\\/www.bellunopress.it\\\/#\\\/schema\\\/person\\\/79bb06722b37ece1c03d3e94beb30d73\"},\"headline\":\"Pachidermi e pappagalli: tutte le bufale sull&#8217;economia. Venerd\u00ec a Pedavena l&#8217;incontro con Carlo Cottarelli\",\"datePublished\":\"2020-02-09T08:31:59+00:00\",\"mainEntityOfPage\":{\"@id\":\"https:\\\/\\\/www.bellunopress.it\\\/2020\\\/02\\\/09\\\/pachidermi-e-pappagalli-tutte-le-bufale-sulleconomia-venerdi-a-pedavena-lincontro-con-carlo-cottarelli\\\/\"},\"wordCount\":399,\"publisher\":{\"@id\":\"https:\\\/\\\/www.bellunopress.it\\\/#organization\"},\"image\":{\"@id\":\"https:\\\/\\\/www.bellunopress.it\\\/2020\\\/02\\\/09\\\/pachidermi-e-pappagalli-tutte-le-bufale-sulleconomia-venerdi-a-pedavena-lincontro-con-carlo-cottarelli\\\/#primaryimage\"},\"thumbnailUrl\":\"http:\\\/\\\/www.bellunopress.it\\\/wp-content\\\/uploads\\\/2020\\\/02\\\/carlo-cottarelli-300x300.jpg\",\"articleSection\":[\"Appuntamenti, Eventi\",\"Arte, Cultura, Spettacoli, Scienza\",\"Pausa Caff\u00e8\"],\"inLanguage\":\"fr-FR\"},{\"@type\":\"WebPage\",\"@id\":\"https:\\\/\\\/www.bellunopress.it\\\/2020\\\/02\\\/09\\\/pachidermi-e-pappagalli-tutte-le-bufale-sulleconomia-venerdi-a-pedavena-lincontro-con-carlo-cottarelli\\\/\",\"url\":\"https:\\\/\\\/www.bellunopress.it\\\/2020\\\/02\\\/09\\\/pachidermi-e-pappagalli-tutte-le-bufale-sulleconomia-venerdi-a-pedavena-lincontro-con-carlo-cottarelli\\\/\",\"name\":\"Pachidermi e pappagalli: tutte le bufale sull'economia. Venerd\u00ec a Pedavena l'incontro con Carlo Cottarelli - Bellunopress - Dolomiti\",\"isPartOf\":{\"@id\":\"https:\\\/\\\/www.bellunopress.it\\\/#website\"},\"primaryImageOfPage\":{\"@id\":\"https:\\\/\\\/www.bellunopress.it\\\/2020\\\/02\\\/09\\\/pachidermi-e-pappagalli-tutte-le-bufale-sulleconomia-venerdi-a-pedavena-lincontro-con-carlo-cottarelli\\\/#primaryimage\"},\"image\":{\"@id\":\"https:\\\/\\\/www.bellunopress.it\\\/2020\\\/02\\\/09\\\/pachidermi-e-pappagalli-tutte-le-bufale-sulleconomia-venerdi-a-pedavena-lincontro-con-carlo-cottarelli\\\/#primaryimage\"},\"thumbnailUrl\":\"http:\\\/\\\/www.bellunopress.it\\\/wp-content\\\/uploads\\\/2020\\\/02\\\/carlo-cottarelli-300x300.jpg\",\"datePublished\":\"2020-02-09T08:31:59+00:00\",\"breadcrumb\":{\"@id\":\"https:\\\/\\\/www.bellunopress.it\\\/2020\\\/02\\\/09\\\/pachidermi-e-pappagalli-tutte-le-bufale-sulleconomia-venerdi-a-pedavena-lincontro-con-carlo-cottarelli\\\/#breadcrumb\"},\"inLanguage\":\"fr-FR\",\"potentialAction\":[{\"@type\":\"ReadAction\",\"target\":[\"https:\\\/\\\/www.bellunopress.it\\\/2020\\\/02\\\/09\\\/pachidermi-e-pappagalli-tutte-le-bufale-sulleconomia-venerdi-a-pedavena-lincontro-con-carlo-cottarelli\\\/\"]}]},{\"@type\":\"ImageObject\",\"inLanguage\":\"fr-FR\",\"@id\":\"https:\\\/\\\/www.bellunopress.it\\\/2020\\\/02\\\/09\\\/pachidermi-e-pappagalli-tutte-le-bufale-sulleconomia-venerdi-a-pedavena-lincontro-con-carlo-cottarelli\\\/#primaryimage\",\"url\":\"http:\\\/\\\/www.bellunopress.it\\\/wp-content\\\/uploads\\\/2020\\\/02\\\/carlo-cottarelli-300x300.jpg\",\"contentUrl\":\"http:\\\/\\\/www.bellunopress.it\\\/wp-content\\\/uploads\\\/2020\\\/02\\\/carlo-cottarelli-300x300.jpg\"},{\"@type\":\"BreadcrumbList\",\"@id\":\"https:\\\/\\\/www.bellunopress.it\\\/2020\\\/02\\\/09\\\/pachidermi-e-pappagalli-tutte-le-bufale-sulleconomia-venerdi-a-pedavena-lincontro-con-carlo-cottarelli\\\/#breadcrumb\",\"itemListElement\":[{\"@type\":\"ListItem\",\"position\":1,\"name\":\"Home\",\"item\":\"https:\\\/\\\/www.bellunopress.it\\\/\"},{\"@type\":\"ListItem\",\"position\":2,\"name\":\"Pachidermi e pappagalli: tutte le bufale sull&#8217;economia. Venerd\u00ec a Pedavena l&#8217;incontro con Carlo Cottarelli\"}]},{\"@type\":\"WebSite\",\"@id\":\"https:\\\/\\\/www.bellunopress.it\\\/#website\",\"url\":\"https:\\\/\\\/www.bellunopress.it\\\/\",\"name\":\"Bellunopress - Dolomiti\",\"description\":\"e-mail: redazione@bellunopress.it\",\"publisher\":{\"@id\":\"https:\\\/\\\/www.bellunopress.it\\\/#organization\"},\"potentialAction\":[{\"@type\":\"SearchAction\",\"target\":{\"@type\":\"EntryPoint\",\"urlTemplate\":\"https:\\\/\\\/www.bellunopress.it\\\/?s={search_term_string}\"},\"query-input\":{\"@type\":\"PropertyValueSpecification\",\"valueRequired\":true,\"valueName\":\"search_term_string\"}}],\"inLanguage\":\"fr-FR\"},{\"@type\":\"Organization\",\"@id\":\"https:\\\/\\\/www.bellunopress.it\\\/#organization\",\"name\":\"Bellunopress\",\"url\":\"https:\\\/\\\/www.bellunopress.it\\\/\",\"logo\":{\"@type\":\"ImageObject\",\"inLanguage\":\"fr-FR\",\"@id\":\"https:\\\/\\\/www.bellunopress.it\\\/#\\\/schema\\\/logo\\\/image\\\/\",\"url\":\"https:\\\/\\\/www.bellunopress.it\\\/wp-content\\\/uploads\\\/2011\\\/05\\\/cropped-logo-bellunopress-.jpg\",\"contentUrl\":\"https:\\\/\\\/www.bellunopress.it\\\/wp-content\\\/uploads\\\/2011\\\/05\\\/cropped-logo-bellunopress-.jpg\",\"width\":512,\"height\":512,\"caption\":\"Bellunopress\"},\"image\":{\"@id\":\"https:\\\/\\\/www.bellunopress.it\\\/#\\\/schema\\\/logo\\\/image\\\/\"},\"sameAs\":[\"https:\\\/\\\/www.facebook.com\\\/profile.php?id=100008943462799\",\"https:\\\/\\\/x.com\\\/bellunopress\",\"https:\\\/\\\/www.linkedin.com\\\/hp\\\/?dnr=JBzUWaJfMUw8vbXJJ2tVW5-I3jZKvC4wsoxE&amp;amp;amp;amp;amp;amp;trk=nav_responsive_tab_home\",\"https:\\\/\\\/www.youtube.com\\\/channel\\\/UCxL0wu1uN0_3_7hGG0306cw\"]},{\"@type\":\"Person\",\"@id\":\"https:\\\/\\\/www.bellunopress.it\\\/#\\\/schema\\\/person\\\/79bb06722b37ece1c03d3e94beb30d73\",\"name\":\"redazione\",\"image\":{\"@type\":\"ImageObject\",\"inLanguage\":\"fr-FR\",\"@id\":\"https:\\\/\\\/secure.gravatar.com\\\/avatar\\\/37d968a2e67a6fd04c169c4bdef102d0bc5d31b2546345219e348575eb80e9a0?s=96&d=mm&r=g\",\"url\":\"https:\\\/\\\/secure.gravatar.com\\\/avatar\\\/37d968a2e67a6fd04c169c4bdef102d0bc5d31b2546345219e348575eb80e9a0?s=96&d=mm&r=g\",\"contentUrl\":\"https:\\\/\\\/secure.gravatar.com\\\/avatar\\\/37d968a2e67a6fd04c169c4bdef102d0bc5d31b2546345219e348575eb80e9a0?s=96&d=mm&r=g\",\"caption\":\"redazione\"},\"sameAs\":[\"http:\\\/\\\/www.bellunopress.it\",\"https:\\\/\\\/x.com\\\/bellunopress\"],\"url\":\"https:\\\/\\\/www.bellunopress.it\\\/fr\\\/author\\\/redazione\\\/\"}]}<\/script>\n<!-- \/ Yoast SEO plugin. -->","yoast_head_json":{"title":"Pachidermi e pappagalli: tutte le bufale sull'economia. Venerd\u00ec a Pedavena l'incontro con Carlo Cottarelli - Bellunopress - Dolomiti","robots":{"index":"index","follow":"follow","max-snippet":"max-snippet:-1","max-image-preview":"max-image-preview:large","max-video-preview":"max-video-preview:-1"},"canonical":"https:\/\/www.bellunopress.it\/fr\/2020\/02\/09\/pachidermi-e-pappagalli-tutte-le-bufale-sulleconomia-venerdi-a-pedavena-lincontro-con-carlo-cottarelli\/","og_locale":"fr_FR","og_type":"article","og_title":"Pachidermi e pappagalli: tutte le bufale sull'economia. Venerd\u00ec a Pedavena l'incontro con Carlo Cottarelli - Bellunopress - Dolomiti","og_description":"Intelligente, competente, schietto, umile, virtuoso ma allo stesso tempo semplice nel linguaggio, \u00e8 una personalit\u00e0 di tutto spessore. Carlo Cottarelli sar\u00e0 a Pedavena venerd\u00ec 14 febbraio alle ore 18.00 al Centro Culturale in Sala Guarnieri dove si terr\u00e0 la presentazione del suo ultimo libro \u201cPachidermi e pappagalli. Tutte le bufale sull\u2019economia a cui continuiamo a [&hellip;]","og_url":"https:\/\/www.bellunopress.it\/fr\/2020\/02\/09\/pachidermi-e-pappagalli-tutte-le-bufale-sulleconomia-venerdi-a-pedavena-lincontro-con-carlo-cottarelli\/","og_site_name":"Bellunopress - Dolomiti","article_publisher":"https:\/\/www.facebook.com\/profile.php?id=100008943462799","article_published_time":"2020-02-09T08:31:59+00:00","og_image":[{"url":"http:\/\/www.bellunopress.it\/wp-content\/uploads\/2020\/02\/carlo-cottarelli-300x300.jpg","type":"","width":"","height":""}],"author":"redazione","twitter_card":"summary_large_image","twitter_creator":"@bellunopress","twitter_site":"@bellunopress","twitter_misc":{"\u00c9crit par":"redazione","Dur\u00e9e de lecture estim\u00e9e":"2 minutes"},"schema":{"@context":"https:\/\/schema.org","@graph":[{"@type":"Article","@id":"https:\/\/www.bellunopress.it\/2020\/02\/09\/pachidermi-e-pappagalli-tutte-le-bufale-sulleconomia-venerdi-a-pedavena-lincontro-con-carlo-cottarelli\/#article","isPartOf":{"@id":"https:\/\/www.bellunopress.it\/2020\/02\/09\/pachidermi-e-pappagalli-tutte-le-bufale-sulleconomia-venerdi-a-pedavena-lincontro-con-carlo-cottarelli\/"},"author":{"name":"redazione","@id":"https:\/\/www.bellunopress.it\/#\/schema\/person\/79bb06722b37ece1c03d3e94beb30d73"},"headline":"Pachidermi e pappagalli: tutte le bufale sull&#8217;economia. Venerd\u00ec a Pedavena l&#8217;incontro con Carlo Cottarelli","datePublished":"2020-02-09T08:31:59+00:00","mainEntityOfPage":{"@id":"https:\/\/www.bellunopress.it\/2020\/02\/09\/pachidermi-e-pappagalli-tutte-le-bufale-sulleconomia-venerdi-a-pedavena-lincontro-con-carlo-cottarelli\/"},"wordCount":399,"publisher":{"@id":"https:\/\/www.bellunopress.it\/#organization"},"image":{"@id":"https:\/\/www.bellunopress.it\/2020\/02\/09\/pachidermi-e-pappagalli-tutte-le-bufale-sulleconomia-venerdi-a-pedavena-lincontro-con-carlo-cottarelli\/#primaryimage"},"thumbnailUrl":"http:\/\/www.bellunopress.it\/wp-content\/uploads\/2020\/02\/carlo-cottarelli-300x300.jpg","articleSection":["Appuntamenti, Eventi","Arte, Cultura, Spettacoli, Scienza","Pausa Caff\u00e8"],"inLanguage":"fr-FR"},{"@type":"WebPage","@id":"https:\/\/www.bellunopress.it\/2020\/02\/09\/pachidermi-e-pappagalli-tutte-le-bufale-sulleconomia-venerdi-a-pedavena-lincontro-con-carlo-cottarelli\/","url":"https:\/\/www.bellunopress.it\/2020\/02\/09\/pachidermi-e-pappagalli-tutte-le-bufale-sulleconomia-venerdi-a-pedavena-lincontro-con-carlo-cottarelli\/","name":"Pachidermi e pappagalli: tutte le bufale sull'economia. Venerd\u00ec a Pedavena l'incontro con Carlo Cottarelli - Bellunopress - Dolomiti","isPartOf":{"@id":"https:\/\/www.bellunopress.it\/#website"},"primaryImageOfPage":{"@id":"https:\/\/www.bellunopress.it\/2020\/02\/09\/pachidermi-e-pappagalli-tutte-le-bufale-sulleconomia-venerdi-a-pedavena-lincontro-con-carlo-cottarelli\/#primaryimage"},"image":{"@id":"https:\/\/www.bellunopress.it\/2020\/02\/09\/pachidermi-e-pappagalli-tutte-le-bufale-sulleconomia-venerdi-a-pedavena-lincontro-con-carlo-cottarelli\/#primaryimage"},"thumbnailUrl":"http:\/\/www.bellunopress.it\/wp-content\/uploads\/2020\/02\/carlo-cottarelli-300x300.jpg","datePublished":"2020-02-09T08:31:59+00:00","breadcrumb":{"@id":"https:\/\/www.bellunopress.it\/2020\/02\/09\/pachidermi-e-pappagalli-tutte-le-bufale-sulleconomia-venerdi-a-pedavena-lincontro-con-carlo-cottarelli\/#breadcrumb"},"inLanguage":"fr-FR","potentialAction":[{"@type":"ReadAction","target":["https:\/\/www.bellunopress.it\/2020\/02\/09\/pachidermi-e-pappagalli-tutte-le-bufale-sulleconomia-venerdi-a-pedavena-lincontro-con-carlo-cottarelli\/"]}]},{"@type":"ImageObject","inLanguage":"fr-FR","@id":"https:\/\/www.bellunopress.it\/2020\/02\/09\/pachidermi-e-pappagalli-tutte-le-bufale-sulleconomia-venerdi-a-pedavena-lincontro-con-carlo-cottarelli\/#primaryimage","url":"http:\/\/www.bellunopress.it\/wp-content\/uploads\/2020\/02\/carlo-cottarelli-300x300.jpg","contentUrl":"http:\/\/www.bellunopress.it\/wp-content\/uploads\/2020\/02\/carlo-cottarelli-300x300.jpg"},{"@type":"BreadcrumbList","@id":"https:\/\/www.bellunopress.it\/2020\/02\/09\/pachidermi-e-pappagalli-tutte-le-bufale-sulleconomia-venerdi-a-pedavena-lincontro-con-carlo-cottarelli\/#breadcrumb","itemListElement":[{"@type":"ListItem","position":1,"name":"Home","item":"https:\/\/www.bellunopress.it\/"},{"@type":"ListItem","position":2,"name":"Pachidermi e pappagalli: tutte le bufale sull&#8217;economia. Venerd\u00ec a Pedavena l&#8217;incontro con Carlo Cottarelli"}]},{"@type":"WebSite","@id":"https:\/\/www.bellunopress.it\/#website","url":"https:\/\/www.bellunopress.it\/","name":"Bellunopress - Dolomiti","description":"e-mail: redazione@bellunopress.it","publisher":{"@id":"https:\/\/www.bellunopress.it\/#organization"},"potentialAction":[{"@type":"SearchAction","target":{"@type":"EntryPoint","urlTemplate":"https:\/\/www.bellunopress.it\/?s={search_term_string}"},"query-input":{"@type":"PropertyValueSpecification","valueRequired":true,"valueName":"search_term_string"}}],"inLanguage":"fr-FR"},{"@type":"Organization","@id":"https:\/\/www.bellunopress.it\/#organization","name":"Bellunopress","url":"https:\/\/www.bellunopress.it\/","logo":{"@type":"ImageObject","inLanguage":"fr-FR","@id":"https:\/\/www.bellunopress.it\/#\/schema\/logo\/image\/","url":"https:\/\/www.bellunopress.it\/wp-content\/uploads\/2011\/05\/cropped-logo-bellunopress-.jpg","contentUrl":"https:\/\/www.bellunopress.it\/wp-content\/uploads\/2011\/05\/cropped-logo-bellunopress-.jpg","width":512,"height":512,"caption":"Bellunopress"},"image":{"@id":"https:\/\/www.bellunopress.it\/#\/schema\/logo\/image\/"},"sameAs":["https:\/\/www.facebook.com\/profile.php?id=100008943462799","https:\/\/x.com\/bellunopress","https:\/\/www.linkedin.com\/hp\/?dnr=JBzUWaJfMUw8vbXJJ2tVW5-I3jZKvC4wsoxE&amp;amp;amp;amp;amp;amp;trk=nav_responsive_tab_home","https:\/\/www.youtube.com\/channel\/UCxL0wu1uN0_3_7hGG0306cw"]},{"@type":"Person","@id":"https:\/\/www.bellunopress.it\/#\/schema\/person\/79bb06722b37ece1c03d3e94beb30d73","name":"r\u00e9daction","image":{"@type":"ImageObject","inLanguage":"fr-FR","@id":"https:\/\/secure.gravatar.com\/avatar\/37d968a2e67a6fd04c169c4bdef102d0bc5d31b2546345219e348575eb80e9a0?s=96&d=mm&r=g","url":"https:\/\/secure.gravatar.com\/avatar\/37d968a2e67a6fd04c169c4bdef102d0bc5d31b2546345219e348575eb80e9a0?s=96&d=mm&r=g","contentUrl":"https:\/\/secure.gravatar.com\/avatar\/37d968a2e67a6fd04c169c4bdef102d0bc5d31b2546345219e348575eb80e9a0?s=96&d=mm&r=g","caption":"redazione"},"sameAs":["http:\/\/www.bellunopress.it","https:\/\/x.com\/bellunopress"],"url":"https:\/\/www.bellunopress.it\/fr\/author\/redazione\/"}]}},"_links":{"self":[{"href":"https:\/\/www.bellunopress.it\/fr\/wp-json\/wp\/v2\/posts\/111849","targetHints":{"allow":["GET"]}}],"collection":[{"href":"https:\/\/www.bellunopress.it\/fr\/wp-json\/wp\/v2\/posts"}],"about":[{"href":"https:\/\/www.bellunopress.it\/fr\/wp-json\/wp\/v2\/types\/post"}],"author":[{"embeddable":true,"href":"https:\/\/www.bellunopress.it\/fr\/wp-json\/wp\/v2\/users\/2"}],"replies":[{"embeddable":true,"href":"https:\/\/www.bellunopress.it\/fr\/wp-json\/wp\/v2\/comments?post=111849"}],"version-history":[{"count":1,"href":"https:\/\/www.bellunopress.it\/fr\/wp-json\/wp\/v2\/posts\/111849\/revisions"}],"predecessor-version":[{"id":111851,"href":"https:\/\/www.bellunopress.it\/fr\/wp-json\/wp\/v2\/posts\/111849\/revisions\/111851"}],"wp:attachment":[{"href":"https:\/\/www.bellunopress.it\/fr\/wp-json\/wp\/v2\/media?parent=111849"}],"wp:term":[{"taxonomy":"category","embeddable":true,"href":"https:\/\/www.bellunopress.it\/fr\/wp-json\/wp\/v2\/categories?post=111849"},{"taxonomy":"post_tag","embeddable":true,"href":"https:\/\/www.bellunopress.it\/fr\/wp-json\/wp\/v2\/tags?post=111849"}],"curies":[{"name":"wp","href":"https:\/\/api.w.org\/{rel}","templated":true}]}}