{"id":111765,"date":"2020-02-01T20:24:56","date_gmt":"2020-02-01T19:24:56","guid":{"rendered":"http:\/\/www.bellunopress.it\/?p=111765"},"modified":"2020-02-01T20:27:03","modified_gmt":"2020-02-01T19:27:03","slug":"visite-guidate-il-martedi-a-feltre-alla-mostra-trame-di-colore-di-dianora-marandino","status":"publish","type":"post","link":"https:\/\/www.bellunopress.it\/fr\/2020\/02\/01\/visite-guidate-il-martedi-a-feltre-alla-mostra-trame-di-colore-di-dianora-marandino\/","title":{"rendered":"Visite guidate il marted\u00ec a Feltre, alla mostra &#8220;Trame di colore&#8221; di Dianora Marandino"},"content":{"rendered":"<p>Per tutto il mese di febbraio, ogni marted\u00ec, vengono proposte visite guidate alla mostra &#8220;Trame di colore&#8221; di Dianora Marandino in Galleria d&#8217;arte moderna \u201cRizzarda\u201d, in via Paradiso a Feltre. La spiegazione, a cura dell&#8217;Associazione Fenice arte cultura turismo onlus, inizier\u00e0 alle ore 16.00 e si terr\u00e0 con la partecipazione di un minimo di 10 e un massimo di 30 persone per gruppo.<\/p>\n<p><a href=\"http:\/\/www.bellunopress.it\/fr\/2020\/01\/25\/trame-di-colore-inaugurata-alla-galleria-darte-moderna-c-rizzarda-di-feltre-la-mostra-della-stilista-dianora-marandino-in-esposizione-i-58-abiti-della-collezione-donata-a\/marandino-mostra-feltre\/\" rel=\"attachment wp-att-111573\"><img loading=\"lazy\" decoding=\"async\" class=\"alignleft size-full wp-image-111573\" src=\"http:\/\/www.bellunopress.it\/wp-content\/uploads\/2020\/01\/Marandino-mostra-feltre.jpg\" alt=\"\" width=\"300\" height=\"229\" \/><\/a>L&#8217;evento espositivo, organizzato dall&#8217;Amministrazione comunale tramite la direzione dei Musei, consente di ripercorrere il percorso creativo dell&#8217;artigiana del tessuto fiorentina che realizzava abiti completamente dipinti a mano dagli accostamenti cromatici inediti che piacquero alle dive e alle signore del jet set: da Liz Taylor ad Anna Magnani, da Geraldine Chaplin a Susan Loret e Gabriella di Savoia. Esso consentir\u00e0 di scoprire l&#8217;affascinante figura di Dianora Marandino e la sua cerchia di legami affettivi e d&#8217;amicizia: dal marito Enzo Faraoni, pittore di vaglia che la ritrasse pi\u00f9 volte, Thayaht, Fosco Maraini, il gruppo Forma 1 con Carla Accardi e Piero Dorazio agli amici della Galleria Vigna Nuova.<\/p>\n<p>La mostra, inaugurata lo scorso 25 gennaio, rester\u00e0 visitabile fino al 26 aprile prossimo dal marted\u00ec alla domenica dalle 10.30 alle 12.30 e dalle 15.00 alle 18.00. \u00c8 possibile concordare visite in orari diversi prendendo accordi con l&#8217;Ufficio Musei.<br \/>\nPer info e prenotazioni (tel. 0439\/885242-234)<\/p>","protected":false},"excerpt":{"rendered":"<p>Per tutto il mese di febbraio, ogni marted\u00ec, vengono proposte visite guidate alla mostra &#8220;Trame di colore&#8221; di Dianora Marandino in Galleria d&#8217;arte moderna \u201cRizzarda\u201d, in via Paradiso a Feltre. La spiegazione, a cura dell&#8217;Associazione Fenice arte cultura turismo onlus, inizier\u00e0 alle ore 16.00 e si terr\u00e0 con la partecipazione di un minimo di 10 [&hellip;]<\/p>\n","protected":false},"author":2,"featured_media":0,"comment_status":"closed","ping_status":"open","sticky":false,"template":"","format":"standard","meta":{"footnotes":""},"categories":[27,3,25],"tags":[],"class_list":["post-111765","post","type-post","status-publish","format-standard","category-appuntamenti","category-arte-cultura-spettacoli-scienza-archivi","category-pausa-caffe"],"yoast_head":"<!-- This site is optimized with the Yoast SEO plugin v28.4 - https:\/\/yoast.com\/product\/yoast-seo-wordpress\/ -->\n<title>Visite guidate il marted\u00ec a Feltre, alla mostra &quot;Trame di colore&quot; di Dianora Marandino - Bellunopress - Dolomiti<\/title>\n<meta name=\"robots\" content=\"index, follow, max-snippet:-1, max-image-preview:large, max-video-preview:-1\" \/>\n<link rel=\"canonical\" href=\"https:\/\/www.bellunopress.it\/fr\/2020\/02\/01\/visite-guidate-il-martedi-a-feltre-alla-mostra-trame-di-colore-di-dianora-marandino\/\" \/>\n<meta property=\"og:locale\" content=\"fr_FR\" \/>\n<meta property=\"og:type\" content=\"article\" \/>\n<meta property=\"og:title\" content=\"Visite guidate il marted\u00ec a Feltre, alla mostra &quot;Trame di colore&quot; di Dianora Marandino - Bellunopress - Dolomiti\" \/>\n<meta property=\"og:description\" content=\"Per tutto il mese di febbraio, ogni marted\u00ec, vengono proposte visite guidate alla mostra &#8220;Trame di colore&#8221; di Dianora Marandino in Galleria d&#8217;arte moderna \u201cRizzarda\u201d, in via Paradiso a Feltre. La spiegazione, a cura dell&#8217;Associazione Fenice arte cultura turismo onlus, inizier\u00e0 alle ore 16.00 e si terr\u00e0 con la partecipazione di un minimo di 10 [&hellip;]\" \/>\n<meta property=\"og:url\" content=\"https:\/\/www.bellunopress.it\/fr\/2020\/02\/01\/visite-guidate-il-martedi-a-feltre-alla-mostra-trame-di-colore-di-dianora-marandino\/\" \/>\n<meta property=\"og:site_name\" content=\"Bellunopress - Dolomiti\" \/>\n<meta property=\"article:publisher\" content=\"https:\/\/www.facebook.com\/profile.php?id=100008943462799\" \/>\n<meta property=\"article:published_time\" content=\"2020-02-01T19:24:56+00:00\" \/>\n<meta property=\"article:modified_time\" content=\"2020-02-01T19:27:03+00:00\" \/>\n<meta property=\"og:image\" content=\"http:\/\/www.bellunopress.it\/wp-content\/uploads\/2020\/01\/Marandino-mostra-feltre.jpg\" \/>\n<meta name=\"author\" content=\"redazione\" \/>\n<meta name=\"twitter:card\" content=\"summary_large_image\" \/>\n<meta name=\"twitter:creator\" content=\"@bellunopress\" \/>\n<meta name=\"twitter:site\" content=\"@bellunopress\" \/>\n<meta name=\"twitter:label1\" content=\"\u00c9crit par\" \/>\n\t<meta name=\"twitter:data1\" content=\"redazione\" \/>\n\t<meta name=\"twitter:label2\" content=\"Dur\u00e9e de lecture estim\u00e9e\" \/>\n\t<meta name=\"twitter:data2\" content=\"1 minute\" \/>\n<script type=\"application\/ld+json\" class=\"yoast-schema-graph\">{\"@context\":\"https:\\\/\\\/schema.org\",\"@graph\":[{\"@type\":\"Article\",\"@id\":\"https:\\\/\\\/www.bellunopress.it\\\/2020\\\/02\\\/01\\\/visite-guidate-il-martedi-a-feltre-alla-mostra-trame-di-colore-di-dianora-marandino\\\/#article\",\"isPartOf\":{\"@id\":\"https:\\\/\\\/www.bellunopress.it\\\/2020\\\/02\\\/01\\\/visite-guidate-il-martedi-a-feltre-alla-mostra-trame-di-colore-di-dianora-marandino\\\/\"},\"author\":{\"name\":\"redazione\",\"@id\":\"https:\\\/\\\/www.bellunopress.it\\\/#\\\/schema\\\/person\\\/79bb06722b37ece1c03d3e94beb30d73\"},\"headline\":\"Visite guidate il marted\u00ec a Feltre, alla mostra &#8220;Trame di colore&#8221; di Dianora Marandino\",\"datePublished\":\"2020-02-01T19:24:56+00:00\",\"dateModified\":\"2020-02-01T19:27:03+00:00\",\"mainEntityOfPage\":{\"@id\":\"https:\\\/\\\/www.bellunopress.it\\\/2020\\\/02\\\/01\\\/visite-guidate-il-martedi-a-feltre-alla-mostra-trame-di-colore-di-dianora-marandino\\\/\"},\"wordCount\":225,\"publisher\":{\"@id\":\"https:\\\/\\\/www.bellunopress.it\\\/#organization\"},\"image\":{\"@id\":\"https:\\\/\\\/www.bellunopress.it\\\/2020\\\/02\\\/01\\\/visite-guidate-il-martedi-a-feltre-alla-mostra-trame-di-colore-di-dianora-marandino\\\/#primaryimage\"},\"thumbnailUrl\":\"http:\\\/\\\/www.bellunopress.it\\\/wp-content\\\/uploads\\\/2020\\\/01\\\/Marandino-mostra-feltre.jpg\",\"articleSection\":[\"Appuntamenti, Eventi\",\"Arte, Cultura, Spettacoli, Scienza\",\"Pausa Caff\u00e8\"],\"inLanguage\":\"fr-FR\"},{\"@type\":\"WebPage\",\"@id\":\"https:\\\/\\\/www.bellunopress.it\\\/2020\\\/02\\\/01\\\/visite-guidate-il-martedi-a-feltre-alla-mostra-trame-di-colore-di-dianora-marandino\\\/\",\"url\":\"https:\\\/\\\/www.bellunopress.it\\\/2020\\\/02\\\/01\\\/visite-guidate-il-martedi-a-feltre-alla-mostra-trame-di-colore-di-dianora-marandino\\\/\",\"name\":\"Visite guidate il marted\u00ec a Feltre, alla mostra \\\"Trame di colore\\\" di Dianora Marandino - Bellunopress - Dolomiti\",\"isPartOf\":{\"@id\":\"https:\\\/\\\/www.bellunopress.it\\\/#website\"},\"primaryImageOfPage\":{\"@id\":\"https:\\\/\\\/www.bellunopress.it\\\/2020\\\/02\\\/01\\\/visite-guidate-il-martedi-a-feltre-alla-mostra-trame-di-colore-di-dianora-marandino\\\/#primaryimage\"},\"image\":{\"@id\":\"https:\\\/\\\/www.bellunopress.it\\\/2020\\\/02\\\/01\\\/visite-guidate-il-martedi-a-feltre-alla-mostra-trame-di-colore-di-dianora-marandino\\\/#primaryimage\"},\"thumbnailUrl\":\"http:\\\/\\\/www.bellunopress.it\\\/wp-content\\\/uploads\\\/2020\\\/01\\\/Marandino-mostra-feltre.jpg\",\"datePublished\":\"2020-02-01T19:24:56+00:00\",\"dateModified\":\"2020-02-01T19:27:03+00:00\",\"breadcrumb\":{\"@id\":\"https:\\\/\\\/www.bellunopress.it\\\/2020\\\/02\\\/01\\\/visite-guidate-il-martedi-a-feltre-alla-mostra-trame-di-colore-di-dianora-marandino\\\/#breadcrumb\"},\"inLanguage\":\"fr-FR\",\"potentialAction\":[{\"@type\":\"ReadAction\",\"target\":[\"https:\\\/\\\/www.bellunopress.it\\\/2020\\\/02\\\/01\\\/visite-guidate-il-martedi-a-feltre-alla-mostra-trame-di-colore-di-dianora-marandino\\\/\"]}]},{\"@type\":\"ImageObject\",\"inLanguage\":\"fr-FR\",\"@id\":\"https:\\\/\\\/www.bellunopress.it\\\/2020\\\/02\\\/01\\\/visite-guidate-il-martedi-a-feltre-alla-mostra-trame-di-colore-di-dianora-marandino\\\/#primaryimage\",\"url\":\"http:\\\/\\\/www.bellunopress.it\\\/wp-content\\\/uploads\\\/2020\\\/01\\\/Marandino-mostra-feltre.jpg\",\"contentUrl\":\"http:\\\/\\\/www.bellunopress.it\\\/wp-content\\\/uploads\\\/2020\\\/01\\\/Marandino-mostra-feltre.jpg\"},{\"@type\":\"BreadcrumbList\",\"@id\":\"https:\\\/\\\/www.bellunopress.it\\\/2020\\\/02\\\/01\\\/visite-guidate-il-martedi-a-feltre-alla-mostra-trame-di-colore-di-dianora-marandino\\\/#breadcrumb\",\"itemListElement\":[{\"@type\":\"ListItem\",\"position\":1,\"name\":\"Home\",\"item\":\"https:\\\/\\\/www.bellunopress.it\\\/\"},{\"@type\":\"ListItem\",\"position\":2,\"name\":\"Visite guidate il marted\u00ec a Feltre, alla mostra &#8220;Trame di colore&#8221; di Dianora Marandino\"}]},{\"@type\":\"WebSite\",\"@id\":\"https:\\\/\\\/www.bellunopress.it\\\/#website\",\"url\":\"https:\\\/\\\/www.bellunopress.it\\\/\",\"name\":\"Bellunopress - Dolomiti\",\"description\":\"e-mail: redazione@bellunopress.it\",\"publisher\":{\"@id\":\"https:\\\/\\\/www.bellunopress.it\\\/#organization\"},\"potentialAction\":[{\"@type\":\"SearchAction\",\"target\":{\"@type\":\"EntryPoint\",\"urlTemplate\":\"https:\\\/\\\/www.bellunopress.it\\\/?s={search_term_string}\"},\"query-input\":{\"@type\":\"PropertyValueSpecification\",\"valueRequired\":true,\"valueName\":\"search_term_string\"}}],\"inLanguage\":\"fr-FR\"},{\"@type\":\"Organization\",\"@id\":\"https:\\\/\\\/www.bellunopress.it\\\/#organization\",\"name\":\"Bellunopress\",\"url\":\"https:\\\/\\\/www.bellunopress.it\\\/\",\"logo\":{\"@type\":\"ImageObject\",\"inLanguage\":\"fr-FR\",\"@id\":\"https:\\\/\\\/www.bellunopress.it\\\/#\\\/schema\\\/logo\\\/image\\\/\",\"url\":\"https:\\\/\\\/www.bellunopress.it\\\/wp-content\\\/uploads\\\/2011\\\/05\\\/cropped-logo-bellunopress-.jpg\",\"contentUrl\":\"https:\\\/\\\/www.bellunopress.it\\\/wp-content\\\/uploads\\\/2011\\\/05\\\/cropped-logo-bellunopress-.jpg\",\"width\":512,\"height\":512,\"caption\":\"Bellunopress\"},\"image\":{\"@id\":\"https:\\\/\\\/www.bellunopress.it\\\/#\\\/schema\\\/logo\\\/image\\\/\"},\"sameAs\":[\"https:\\\/\\\/www.facebook.com\\\/profile.php?id=100008943462799\",\"https:\\\/\\\/x.com\\\/bellunopress\",\"https:\\\/\\\/www.linkedin.com\\\/hp\\\/?dnr=JBzUWaJfMUw8vbXJJ2tVW5-I3jZKvC4wsoxE&amp;amp;amp;amp;amp;amp;trk=nav_responsive_tab_home\",\"https:\\\/\\\/www.youtube.com\\\/channel\\\/UCxL0wu1uN0_3_7hGG0306cw\"]},{\"@type\":\"Person\",\"@id\":\"https:\\\/\\\/www.bellunopress.it\\\/#\\\/schema\\\/person\\\/79bb06722b37ece1c03d3e94beb30d73\",\"name\":\"redazione\",\"image\":{\"@type\":\"ImageObject\",\"inLanguage\":\"fr-FR\",\"@id\":\"https:\\\/\\\/secure.gravatar.com\\\/avatar\\\/37d968a2e67a6fd04c169c4bdef102d0bc5d31b2546345219e348575eb80e9a0?s=96&d=mm&r=g\",\"url\":\"https:\\\/\\\/secure.gravatar.com\\\/avatar\\\/37d968a2e67a6fd04c169c4bdef102d0bc5d31b2546345219e348575eb80e9a0?s=96&d=mm&r=g\",\"contentUrl\":\"https:\\\/\\\/secure.gravatar.com\\\/avatar\\\/37d968a2e67a6fd04c169c4bdef102d0bc5d31b2546345219e348575eb80e9a0?s=96&d=mm&r=g\",\"caption\":\"redazione\"},\"sameAs\":[\"http:\\\/\\\/www.bellunopress.it\",\"https:\\\/\\\/x.com\\\/bellunopress\"],\"url\":\"https:\\\/\\\/www.bellunopress.it\\\/fr\\\/author\\\/redazione\\\/\"}]}<\/script>\n<!-- \/ Yoast SEO plugin. -->","yoast_head_json":{"title":"Visite guidate il marted\u00ec a Feltre, alla mostra \"Trame di colore\" di Dianora Marandino - Bellunopress - Dolomiti","robots":{"index":"index","follow":"follow","max-snippet":"max-snippet:-1","max-image-preview":"max-image-preview:large","max-video-preview":"max-video-preview:-1"},"canonical":"https:\/\/www.bellunopress.it\/fr\/2020\/02\/01\/visite-guidate-il-martedi-a-feltre-alla-mostra-trame-di-colore-di-dianora-marandino\/","og_locale":"fr_FR","og_type":"article","og_title":"Visite guidate il marted\u00ec a Feltre, alla mostra \"Trame di colore\" di Dianora Marandino - Bellunopress - Dolomiti","og_description":"Per tutto il mese di febbraio, ogni marted\u00ec, vengono proposte visite guidate alla mostra &#8220;Trame di colore&#8221; di Dianora Marandino in Galleria d&#8217;arte moderna \u201cRizzarda\u201d, in via Paradiso a Feltre. La spiegazione, a cura dell&#8217;Associazione Fenice arte cultura turismo onlus, inizier\u00e0 alle ore 16.00 e si terr\u00e0 con la partecipazione di un minimo di 10 [&hellip;]","og_url":"https:\/\/www.bellunopress.it\/fr\/2020\/02\/01\/visite-guidate-il-martedi-a-feltre-alla-mostra-trame-di-colore-di-dianora-marandino\/","og_site_name":"Bellunopress - Dolomiti","article_publisher":"https:\/\/www.facebook.com\/profile.php?id=100008943462799","article_published_time":"2020-02-01T19:24:56+00:00","article_modified_time":"2020-02-01T19:27:03+00:00","og_image":[{"url":"http:\/\/www.bellunopress.it\/wp-content\/uploads\/2020\/01\/Marandino-mostra-feltre.jpg","type":"","width":"","height":""}],"author":"redazione","twitter_card":"summary_large_image","twitter_creator":"@bellunopress","twitter_site":"@bellunopress","twitter_misc":{"\u00c9crit par":"redazione","Dur\u00e9e de lecture estim\u00e9e":"1 minute"},"schema":{"@context":"https:\/\/schema.org","@graph":[{"@type":"Article","@id":"https:\/\/www.bellunopress.it\/2020\/02\/01\/visite-guidate-il-martedi-a-feltre-alla-mostra-trame-di-colore-di-dianora-marandino\/#article","isPartOf":{"@id":"https:\/\/www.bellunopress.it\/2020\/02\/01\/visite-guidate-il-martedi-a-feltre-alla-mostra-trame-di-colore-di-dianora-marandino\/"},"author":{"name":"redazione","@id":"https:\/\/www.bellunopress.it\/#\/schema\/person\/79bb06722b37ece1c03d3e94beb30d73"},"headline":"Visite guidate il marted\u00ec a Feltre, alla mostra &#8220;Trame di colore&#8221; di Dianora Marandino","datePublished":"2020-02-01T19:24:56+00:00","dateModified":"2020-02-01T19:27:03+00:00","mainEntityOfPage":{"@id":"https:\/\/www.bellunopress.it\/2020\/02\/01\/visite-guidate-il-martedi-a-feltre-alla-mostra-trame-di-colore-di-dianora-marandino\/"},"wordCount":225,"publisher":{"@id":"https:\/\/www.bellunopress.it\/#organization"},"image":{"@id":"https:\/\/www.bellunopress.it\/2020\/02\/01\/visite-guidate-il-martedi-a-feltre-alla-mostra-trame-di-colore-di-dianora-marandino\/#primaryimage"},"thumbnailUrl":"http:\/\/www.bellunopress.it\/wp-content\/uploads\/2020\/01\/Marandino-mostra-feltre.jpg","articleSection":["Appuntamenti, Eventi","Arte, Cultura, Spettacoli, Scienza","Pausa Caff\u00e8"],"inLanguage":"fr-FR"},{"@type":"WebPage","@id":"https:\/\/www.bellunopress.it\/2020\/02\/01\/visite-guidate-il-martedi-a-feltre-alla-mostra-trame-di-colore-di-dianora-marandino\/","url":"https:\/\/www.bellunopress.it\/2020\/02\/01\/visite-guidate-il-martedi-a-feltre-alla-mostra-trame-di-colore-di-dianora-marandino\/","name":"Visite guidate il marted\u00ec a Feltre, alla mostra \"Trame di colore\" di Dianora Marandino - Bellunopress - Dolomiti","isPartOf":{"@id":"https:\/\/www.bellunopress.it\/#website"},"primaryImageOfPage":{"@id":"https:\/\/www.bellunopress.it\/2020\/02\/01\/visite-guidate-il-martedi-a-feltre-alla-mostra-trame-di-colore-di-dianora-marandino\/#primaryimage"},"image":{"@id":"https:\/\/www.bellunopress.it\/2020\/02\/01\/visite-guidate-il-martedi-a-feltre-alla-mostra-trame-di-colore-di-dianora-marandino\/#primaryimage"},"thumbnailUrl":"http:\/\/www.bellunopress.it\/wp-content\/uploads\/2020\/01\/Marandino-mostra-feltre.jpg","datePublished":"2020-02-01T19:24:56+00:00","dateModified":"2020-02-01T19:27:03+00:00","breadcrumb":{"@id":"https:\/\/www.bellunopress.it\/2020\/02\/01\/visite-guidate-il-martedi-a-feltre-alla-mostra-trame-di-colore-di-dianora-marandino\/#breadcrumb"},"inLanguage":"fr-FR","potentialAction":[{"@type":"ReadAction","target":["https:\/\/www.bellunopress.it\/2020\/02\/01\/visite-guidate-il-martedi-a-feltre-alla-mostra-trame-di-colore-di-dianora-marandino\/"]}]},{"@type":"ImageObject","inLanguage":"fr-FR","@id":"https:\/\/www.bellunopress.it\/2020\/02\/01\/visite-guidate-il-martedi-a-feltre-alla-mostra-trame-di-colore-di-dianora-marandino\/#primaryimage","url":"http:\/\/www.bellunopress.it\/wp-content\/uploads\/2020\/01\/Marandino-mostra-feltre.jpg","contentUrl":"http:\/\/www.bellunopress.it\/wp-content\/uploads\/2020\/01\/Marandino-mostra-feltre.jpg"},{"@type":"BreadcrumbList","@id":"https:\/\/www.bellunopress.it\/2020\/02\/01\/visite-guidate-il-martedi-a-feltre-alla-mostra-trame-di-colore-di-dianora-marandino\/#breadcrumb","itemListElement":[{"@type":"ListItem","position":1,"name":"Home","item":"https:\/\/www.bellunopress.it\/"},{"@type":"ListItem","position":2,"name":"Visite guidate il marted\u00ec a Feltre, alla mostra &#8220;Trame di colore&#8221; di Dianora Marandino"}]},{"@type":"WebSite","@id":"https:\/\/www.bellunopress.it\/#website","url":"https:\/\/www.bellunopress.it\/","name":"Bellunopress - Dolomiti","description":"e-mail: redazione@bellunopress.it","publisher":{"@id":"https:\/\/www.bellunopress.it\/#organization"},"potentialAction":[{"@type":"SearchAction","target":{"@type":"EntryPoint","urlTemplate":"https:\/\/www.bellunopress.it\/?s={search_term_string}"},"query-input":{"@type":"PropertyValueSpecification","valueRequired":true,"valueName":"search_term_string"}}],"inLanguage":"fr-FR"},{"@type":"Organization","@id":"https:\/\/www.bellunopress.it\/#organization","name":"Bellunopress","url":"https:\/\/www.bellunopress.it\/","logo":{"@type":"ImageObject","inLanguage":"fr-FR","@id":"https:\/\/www.bellunopress.it\/#\/schema\/logo\/image\/","url":"https:\/\/www.bellunopress.it\/wp-content\/uploads\/2011\/05\/cropped-logo-bellunopress-.jpg","contentUrl":"https:\/\/www.bellunopress.it\/wp-content\/uploads\/2011\/05\/cropped-logo-bellunopress-.jpg","width":512,"height":512,"caption":"Bellunopress"},"image":{"@id":"https:\/\/www.bellunopress.it\/#\/schema\/logo\/image\/"},"sameAs":["https:\/\/www.facebook.com\/profile.php?id=100008943462799","https:\/\/x.com\/bellunopress","https:\/\/www.linkedin.com\/hp\/?dnr=JBzUWaJfMUw8vbXJJ2tVW5-I3jZKvC4wsoxE&amp;amp;amp;amp;amp;amp;trk=nav_responsive_tab_home","https:\/\/www.youtube.com\/channel\/UCxL0wu1uN0_3_7hGG0306cw"]},{"@type":"Person","@id":"https:\/\/www.bellunopress.it\/#\/schema\/person\/79bb06722b37ece1c03d3e94beb30d73","name":"r\u00e9daction","image":{"@type":"ImageObject","inLanguage":"fr-FR","@id":"https:\/\/secure.gravatar.com\/avatar\/37d968a2e67a6fd04c169c4bdef102d0bc5d31b2546345219e348575eb80e9a0?s=96&d=mm&r=g","url":"https:\/\/secure.gravatar.com\/avatar\/37d968a2e67a6fd04c169c4bdef102d0bc5d31b2546345219e348575eb80e9a0?s=96&d=mm&r=g","contentUrl":"https:\/\/secure.gravatar.com\/avatar\/37d968a2e67a6fd04c169c4bdef102d0bc5d31b2546345219e348575eb80e9a0?s=96&d=mm&r=g","caption":"redazione"},"sameAs":["http:\/\/www.bellunopress.it","https:\/\/x.com\/bellunopress"],"url":"https:\/\/www.bellunopress.it\/fr\/author\/redazione\/"}]}},"_links":{"self":[{"href":"https:\/\/www.bellunopress.it\/fr\/wp-json\/wp\/v2\/posts\/111765","targetHints":{"allow":["GET"]}}],"collection":[{"href":"https:\/\/www.bellunopress.it\/fr\/wp-json\/wp\/v2\/posts"}],"about":[{"href":"https:\/\/www.bellunopress.it\/fr\/wp-json\/wp\/v2\/types\/post"}],"author":[{"embeddable":true,"href":"https:\/\/www.bellunopress.it\/fr\/wp-json\/wp\/v2\/users\/2"}],"replies":[{"embeddable":true,"href":"https:\/\/www.bellunopress.it\/fr\/wp-json\/wp\/v2\/comments?post=111765"}],"version-history":[{"count":3,"href":"https:\/\/www.bellunopress.it\/fr\/wp-json\/wp\/v2\/posts\/111765\/revisions"}],"predecessor-version":[{"id":111768,"href":"https:\/\/www.bellunopress.it\/fr\/wp-json\/wp\/v2\/posts\/111765\/revisions\/111768"}],"wp:attachment":[{"href":"https:\/\/www.bellunopress.it\/fr\/wp-json\/wp\/v2\/media?parent=111765"}],"wp:term":[{"taxonomy":"category","embeddable":true,"href":"https:\/\/www.bellunopress.it\/fr\/wp-json\/wp\/v2\/categories?post=111765"},{"taxonomy":"post_tag","embeddable":true,"href":"https:\/\/www.bellunopress.it\/fr\/wp-json\/wp\/v2\/tags?post=111765"}],"curies":[{"name":"wp","href":"https:\/\/api.w.org\/{rel}","templated":true}]}}