{"id":111759,"date":"2020-02-01T15:21:41","date_gmt":"2020-02-01T14:21:41","guid":{"rendered":"http:\/\/www.bellunopress.it\/?p=111759"},"modified":"2020-02-01T15:21:41","modified_gmt":"2020-02-01T14:21:41","slug":"terminata-lantartic-expedition-2020-rientrati-in-italia-i-tre-alpinisti-cavalli-sanguineti-dellagnola","status":"publish","type":"post","link":"https:\/\/www.bellunopress.it\/fr\/2020\/02\/01\/terminata-lantartic-expedition-2020-rientrati-in-italia-i-tre-alpinisti-cavalli-sanguineti-dellagnola\/","title":{"rendered":"Terminata l&#8217;Antartic Expedition 2020, rientrati in Italia i tre alpinisti Cavalli, Sanguineti, Dell&#8217;Agnola"},"content":{"rendered":"<figure id=\"attachment_111760\" aria-describedby=\"caption-attachment-111760\" style=\"width: 500px\" class=\"wp-caption alignleft\"><a href=\"http:\/\/www.bellunopress.it\/fr\/2020\/02\/01\/terminata-lantartic-expedition-2020-rientrati-in-italia-i-tre-alpinisti-cavalli-sanguineti-dellagnola\/antartide-seracchi_sopra_la_borgen_bay\/\" rel=\"attachment wp-att-111760\"><img loading=\"lazy\" decoding=\"async\" class=\"size-medium wp-image-111760\" src=\"http:\/\/www.bellunopress.it\/wp-content\/uploads\/2020\/02\/Antartide-seracchi_sopra_la_Borgen_Bay-500x346.jpg\" alt=\"\" width=\"500\" height=\"346\" srcset=\"https:\/\/www.bellunopress.it\/wp-content\/uploads\/2020\/02\/Antartide-seracchi_sopra_la_Borgen_Bay-500x346.jpg 500w, https:\/\/www.bellunopress.it\/wp-content\/uploads\/2020\/02\/Antartide-seracchi_sopra_la_Borgen_Bay-1000x692.jpg 1000w, https:\/\/www.bellunopress.it\/wp-content\/uploads\/2020\/02\/Antartide-seracchi_sopra_la_Borgen_Bay.jpg 1068w\" sizes=\"auto, (max-width: 500px) 100vw, 500px\" \/><\/a><figcaption id=\"caption-attachment-111760\" class=\"wp-caption-text\">Scalata Seracchi, sopra la Borgen Bay<\/figcaption><\/figure>\n<p>Milano, 1 febbraio 2020\u00a0 &#8211;\u00a0\u00a0I tre alpinisti dell&#8217;Antartic Expedition 2020, il biellese Gian Luca Cavalli, Marcello Sanguineti di Chiavari (GE) e Manrico Dell&#8217;Agnola di Agordo (BL), tutti accademici del Cai, sono tornati a casa. La spedizione, promossa dalla Sezione di Biella del Club alpino italiano, dal Cai centrale, dal Consiglio Nazionale delle Ricerche (Cnr) con il patrocinio di Citt\u00e0 di Biella e di Fondazione Cassa di Risparmio di Biella, aveva obiettivi scientifico-esplorativo-alpinistico: i tre alpinisti hanno infatti raccolto campioni di ghiaccio che saranno analizzati dall&#8217;Istituto di Scienze Polari del Cnr per verificare la presenza microplastiche e testato nuovi capi prodotti con tessuti innovativi.<\/p>\n<p>Cavalli, Sanguineti e Dell&#8217;Agnola per\u00f2 si sono spinti oltre, con la salita al Gateway Ridge (700m), dedicata al &#8220;Terzo Paradiso&#8221;, opera artistica di Michelangelo Pistoletto.\u2008E proprio dopo una simile impresa, i tre alpinisti si sono concessi una giornata di riposo.<\/p>\n<p>\u00abAbbiamo girovagato con l&#8217;Ice Bird\u00bb scrivono nelle loro cronache \u00ablungo Neumayer Channel e la Borgen Bay, binocolando le pareti e i ghiacciai: Harbour Glacier, William Glacier, Hooper Glacier, Thunder Glacier&#8230; Di tanto in tanto facciamo riprese con il drone. Intorno a noi, balene che spuntano e si immergono di nuovo, pinguini che balzano fuori dall&#8217;acqua e saltano sugli iceberg, foche che condividono gli iceberg con i pinguini. Per i giorni successivi prevediamo di effettuare in nuove zone i prelievi per il progetto con il Consiglio Nazionale delle Ricerche; per questo programmiamo un paio di salite scialpinistiche che, tra l&#8217;altro, ci regaleranno qualche bella discesa in sci. Il 19 gennaio saliamo sul Noble Peak (720m). Come al solito, la partenza \u00e8 rigorosamente in ramponi dal filo dell&#8217;acqua, per risalire un pendio a 45\u00b0 e arrivare sul pianoro glaciale. Dapprima saliamo lungo il versante nord. I grandi crepacci perpendicolari alla linea di salita ci costringono a continui zig-zag, visto che spesso, quasi come se il ghiacciaio volesse prendersi gioco di noi, i ponti si trovano alternativamente all&#8217;estrema sinistra e all&#8217;estrema destra. Poi, per evitare alcune seraccate, scavalchiamo il filo di cresta e prendiamo un ripido pendio che conduce in prossimit\u00e0 delle cornici sommitali. Aggirandole sulla destra puntiamo alla vetta, prima della quale occorre nuovamente calzare i ramponi. La discesa sul versante nord-est \u00e8 strepitosa: le pendenze sono varie e ideali per provare tutti i raggi di curva, pur di far attenzione ai crepacci. Dopo il pick-up da parte di Dave, nello stesso punto in cui la mattina ci aveva lasciato il gommone, eccoci nuovamente a festeggiate sull&#8217;Ice Bird\u00bb.<\/p>\n<p>Cavalli, Sanguineti e Dell&#8217;Agnola il giorno dopo partono quindi per il Jabet Peak (545m), un&#8217;altra salita scialpinistica abbinata a prelievi. \u00abAnche questa volta la discesa \u00e8 puro godimento\u00bb, continuano nel racconto, \u00abcompreso l&#8217;ultimo pendio ghiacciato e ripido, che costringe a curve strette per non perdere il controllo e finire sulla scogliera di turno. Per non farci mancare nulla, decidiamo di dedicare il 20 gennaio al kayak. Modificando un po&#8217; uno spot pubblicitario di una nota carta di credito, mi viene da dire che calare le canoe dalla barca nelle acque antartiche non ha prezzo. Quello che viene dopo \u00e8 un&#8217;indimenticabile pagaiata in mezzo agli iceberg, di fronte a colonie di pinguini che ogni tanto si tuffano e riemergono uno dopo l&#8217;altro in prossimit\u00e0 dei kayak e fra le foche leopardo che vengono a curiosare. Rientrati sull&#8217;Ice Bird, facciamo il punto della situazione ancorati vicino a Damoy Point. Scarichiamo l&#8217;aggiornamento meteo con la connessione satellitare. Per i tre giorni successivi le previsioni sono buone, poi dovrebbero arrivare tre perturbazioni, che sembrerebbero convergere proprio nello Stretto di Drake. Potremmo fermarci in Antartide ancora 2-3 giornate, ma questo significherebbe o affrontare la traversata del Drake nelle peggiori condizioni immaginabili o il rischio di dover aspettare altri giorni il ritorno di una finestra favorevole e perdere il volo di rientro da Ushuaia. Decidiamo quindi di partire, in modo da avere alle spalle il tratto pi\u00f9 critico della navigazione quando arriver\u00e0 il maltempo. Togliamo le ancore e costeggiamo il versante sud-ovest dell&#8217;Anvers Island, lungo il Bismark Strait, tra la Biscoe Bay, dove arriva il gigantesco ghiacciaio Marr Ice Piedmont e le Wauwermans Islands. Alle nostre spalle spuntano Cape Errera e il Dayne Peak verso nord e le torri di Cape Renard verso sud. \u00c8 iniziato il nostro rientro attraverso lo stretto di Drake\u00bb.<\/p>\n<p>Il 28 gennaio infine l&#8217;ultima tappa: \u00abL&#8217;attraversamento dello stretto di Drake \u00e8 pi\u00f9 tormentato che all&#8217;andata. Ci riserva un bel po&#8217; di sballottamenti e, sinceramente, facciamo il conto alla rovescia per terminarlo. Riusciamo a superare Cape Horn prima dell&#8217;arrivo della perturbazione annunciata. In attesa di un miglioramento delle condizioni del mare, ci ancoriamo a Puerto Williams e dedichiamo un paio di giorni a rilassarci e a un po&#8217; di trekking. Il 27 pomeriggio \u00e8 la volta di un&#8217;indimenticabile cavalcata nell&#8217;infinit\u00e0 patagonica. Il 28 mattina ci imbarchiamo alla volta di Ushuaia\u00bb.<\/p>","protected":false},"excerpt":{"rendered":"<p>Milano, 1 febbraio 2020\u00a0 &#8211;\u00a0\u00a0I tre alpinisti dell&#8217;Antartic Expedition 2020, il biellese Gian Luca Cavalli, Marcello Sanguineti di Chiavari (GE) e Manrico Dell&#8217;Agnola di Agordo (BL), tutti accademici del Cai, sono tornati a casa. La spedizione, promossa dalla Sezione di Biella del Club alpino italiano, dal Cai centrale, dal Consiglio Nazionale delle Ricerche (Cnr) con [&hellip;]<\/p>\n","protected":false},"author":2,"featured_media":0,"comment_status":"closed","ping_status":"open","sticky":false,"template":"","format":"standard","meta":{"footnotes":""},"categories":[1],"tags":[],"class_list":["post-111759","post","type-post","status-publish","format-standard","category-leo"],"yoast_head":"<!-- This site is optimized with the Yoast SEO plugin v28.4 - https:\/\/yoast.com\/product\/yoast-seo-wordpress\/ -->\n<title>Terminata l&#039;Antartic Expedition 2020, rientrati in Italia i tre alpinisti Cavalli, Sanguineti, Dell&#039;Agnola - Bellunopress - Dolomiti<\/title>\n<meta name=\"robots\" content=\"index, follow, max-snippet:-1, max-image-preview:large, max-video-preview:-1\" \/>\n<link rel=\"canonical\" href=\"https:\/\/www.bellunopress.it\/fr\/2020\/02\/01\/terminata-lantartic-expedition-2020-rientrati-in-italia-i-tre-alpinisti-cavalli-sanguineti-dellagnola\/\" \/>\n<meta property=\"og:locale\" content=\"fr_FR\" \/>\n<meta property=\"og:type\" content=\"article\" \/>\n<meta property=\"og:title\" content=\"Terminata l&#039;Antartic Expedition 2020, rientrati in Italia i tre alpinisti Cavalli, Sanguineti, Dell&#039;Agnola - Bellunopress - Dolomiti\" \/>\n<meta property=\"og:description\" content=\"Milano, 1 febbraio 2020\u00a0 &#8211;\u00a0\u00a0I tre alpinisti dell&#8217;Antartic Expedition 2020, il biellese Gian Luca Cavalli, Marcello Sanguineti di Chiavari (GE) e Manrico Dell&#8217;Agnola di Agordo (BL), tutti accademici del Cai, sono tornati a casa. La spedizione, promossa dalla Sezione di Biella del Club alpino italiano, dal Cai centrale, dal Consiglio Nazionale delle Ricerche (Cnr) con [&hellip;]\" \/>\n<meta property=\"og:url\" content=\"https:\/\/www.bellunopress.it\/fr\/2020\/02\/01\/terminata-lantartic-expedition-2020-rientrati-in-italia-i-tre-alpinisti-cavalli-sanguineti-dellagnola\/\" \/>\n<meta property=\"og:site_name\" content=\"Bellunopress - Dolomiti\" \/>\n<meta property=\"article:publisher\" content=\"https:\/\/www.facebook.com\/profile.php?id=100008943462799\" \/>\n<meta property=\"article:published_time\" content=\"2020-02-01T14:21:41+00:00\" \/>\n<meta property=\"og:image\" content=\"http:\/\/www.bellunopress.it\/wp-content\/uploads\/2020\/02\/Antartide-seracchi_sopra_la_Borgen_Bay-500x346.jpg\" \/>\n<meta name=\"author\" content=\"redazione\" \/>\n<meta name=\"twitter:card\" content=\"summary_large_image\" \/>\n<meta name=\"twitter:creator\" content=\"@bellunopress\" \/>\n<meta name=\"twitter:site\" content=\"@bellunopress\" \/>\n<meta name=\"twitter:label1\" content=\"\u00c9crit par\" \/>\n\t<meta name=\"twitter:data1\" content=\"redazione\" \/>\n\t<meta name=\"twitter:label2\" content=\"Dur\u00e9e de lecture estim\u00e9e\" \/>\n\t<meta name=\"twitter:data2\" content=\"4 minutes\" \/>\n<script type=\"application\/ld+json\" class=\"yoast-schema-graph\">{\"@context\":\"https:\\\/\\\/schema.org\",\"@graph\":[{\"@type\":\"Article\",\"@id\":\"https:\\\/\\\/www.bellunopress.it\\\/2020\\\/02\\\/01\\\/terminata-lantartic-expedition-2020-rientrati-in-italia-i-tre-alpinisti-cavalli-sanguineti-dellagnola\\\/#article\",\"isPartOf\":{\"@id\":\"https:\\\/\\\/www.bellunopress.it\\\/2020\\\/02\\\/01\\\/terminata-lantartic-expedition-2020-rientrati-in-italia-i-tre-alpinisti-cavalli-sanguineti-dellagnola\\\/\"},\"author\":{\"name\":\"redazione\",\"@id\":\"https:\\\/\\\/www.bellunopress.it\\\/#\\\/schema\\\/person\\\/79bb06722b37ece1c03d3e94beb30d73\"},\"headline\":\"Terminata l&#8217;Antartic Expedition 2020, rientrati in Italia i tre alpinisti Cavalli, Sanguineti, Dell&#8217;Agnola\",\"datePublished\":\"2020-02-01T14:21:41+00:00\",\"mainEntityOfPage\":{\"@id\":\"https:\\\/\\\/www.bellunopress.it\\\/2020\\\/02\\\/01\\\/terminata-lantartic-expedition-2020-rientrati-in-italia-i-tre-alpinisti-cavalli-sanguineti-dellagnola\\\/\"},\"wordCount\":835,\"publisher\":{\"@id\":\"https:\\\/\\\/www.bellunopress.it\\\/#organization\"},\"image\":{\"@id\":\"https:\\\/\\\/www.bellunopress.it\\\/2020\\\/02\\\/01\\\/terminata-lantartic-expedition-2020-rientrati-in-italia-i-tre-alpinisti-cavalli-sanguineti-dellagnola\\\/#primaryimage\"},\"thumbnailUrl\":\"http:\\\/\\\/www.bellunopress.it\\\/wp-content\\\/uploads\\\/2020\\\/02\\\/Antartide-seracchi_sopra_la_Borgen_Bay-500x346.jpg\",\"articleSection\":[\"Lettere Opinioni\"],\"inLanguage\":\"fr-FR\"},{\"@type\":\"WebPage\",\"@id\":\"https:\\\/\\\/www.bellunopress.it\\\/2020\\\/02\\\/01\\\/terminata-lantartic-expedition-2020-rientrati-in-italia-i-tre-alpinisti-cavalli-sanguineti-dellagnola\\\/\",\"url\":\"https:\\\/\\\/www.bellunopress.it\\\/2020\\\/02\\\/01\\\/terminata-lantartic-expedition-2020-rientrati-in-italia-i-tre-alpinisti-cavalli-sanguineti-dellagnola\\\/\",\"name\":\"Terminata l'Antartic Expedition 2020, rientrati in Italia i tre alpinisti Cavalli, Sanguineti, Dell'Agnola - Bellunopress - Dolomiti\",\"isPartOf\":{\"@id\":\"https:\\\/\\\/www.bellunopress.it\\\/#website\"},\"primaryImageOfPage\":{\"@id\":\"https:\\\/\\\/www.bellunopress.it\\\/2020\\\/02\\\/01\\\/terminata-lantartic-expedition-2020-rientrati-in-italia-i-tre-alpinisti-cavalli-sanguineti-dellagnola\\\/#primaryimage\"},\"image\":{\"@id\":\"https:\\\/\\\/www.bellunopress.it\\\/2020\\\/02\\\/01\\\/terminata-lantartic-expedition-2020-rientrati-in-italia-i-tre-alpinisti-cavalli-sanguineti-dellagnola\\\/#primaryimage\"},\"thumbnailUrl\":\"http:\\\/\\\/www.bellunopress.it\\\/wp-content\\\/uploads\\\/2020\\\/02\\\/Antartide-seracchi_sopra_la_Borgen_Bay-500x346.jpg\",\"datePublished\":\"2020-02-01T14:21:41+00:00\",\"breadcrumb\":{\"@id\":\"https:\\\/\\\/www.bellunopress.it\\\/2020\\\/02\\\/01\\\/terminata-lantartic-expedition-2020-rientrati-in-italia-i-tre-alpinisti-cavalli-sanguineti-dellagnola\\\/#breadcrumb\"},\"inLanguage\":\"fr-FR\",\"potentialAction\":[{\"@type\":\"ReadAction\",\"target\":[\"https:\\\/\\\/www.bellunopress.it\\\/2020\\\/02\\\/01\\\/terminata-lantartic-expedition-2020-rientrati-in-italia-i-tre-alpinisti-cavalli-sanguineti-dellagnola\\\/\"]}]},{\"@type\":\"ImageObject\",\"inLanguage\":\"fr-FR\",\"@id\":\"https:\\\/\\\/www.bellunopress.it\\\/2020\\\/02\\\/01\\\/terminata-lantartic-expedition-2020-rientrati-in-italia-i-tre-alpinisti-cavalli-sanguineti-dellagnola\\\/#primaryimage\",\"url\":\"http:\\\/\\\/www.bellunopress.it\\\/wp-content\\\/uploads\\\/2020\\\/02\\\/Antartide-seracchi_sopra_la_Borgen_Bay-500x346.jpg\",\"contentUrl\":\"http:\\\/\\\/www.bellunopress.it\\\/wp-content\\\/uploads\\\/2020\\\/02\\\/Antartide-seracchi_sopra_la_Borgen_Bay-500x346.jpg\"},{\"@type\":\"BreadcrumbList\",\"@id\":\"https:\\\/\\\/www.bellunopress.it\\\/2020\\\/02\\\/01\\\/terminata-lantartic-expedition-2020-rientrati-in-italia-i-tre-alpinisti-cavalli-sanguineti-dellagnola\\\/#breadcrumb\",\"itemListElement\":[{\"@type\":\"ListItem\",\"position\":1,\"name\":\"Home\",\"item\":\"https:\\\/\\\/www.bellunopress.it\\\/\"},{\"@type\":\"ListItem\",\"position\":2,\"name\":\"Terminata l&#8217;Antartic Expedition 2020, rientrati in Italia i tre alpinisti Cavalli, Sanguineti, Dell&#8217;Agnola\"}]},{\"@type\":\"WebSite\",\"@id\":\"https:\\\/\\\/www.bellunopress.it\\\/#website\",\"url\":\"https:\\\/\\\/www.bellunopress.it\\\/\",\"name\":\"Bellunopress - Dolomiti\",\"description\":\"e-mail: redazione@bellunopress.it\",\"publisher\":{\"@id\":\"https:\\\/\\\/www.bellunopress.it\\\/#organization\"},\"potentialAction\":[{\"@type\":\"SearchAction\",\"target\":{\"@type\":\"EntryPoint\",\"urlTemplate\":\"https:\\\/\\\/www.bellunopress.it\\\/?s={search_term_string}\"},\"query-input\":{\"@type\":\"PropertyValueSpecification\",\"valueRequired\":true,\"valueName\":\"search_term_string\"}}],\"inLanguage\":\"fr-FR\"},{\"@type\":\"Organization\",\"@id\":\"https:\\\/\\\/www.bellunopress.it\\\/#organization\",\"name\":\"Bellunopress\",\"url\":\"https:\\\/\\\/www.bellunopress.it\\\/\",\"logo\":{\"@type\":\"ImageObject\",\"inLanguage\":\"fr-FR\",\"@id\":\"https:\\\/\\\/www.bellunopress.it\\\/#\\\/schema\\\/logo\\\/image\\\/\",\"url\":\"https:\\\/\\\/www.bellunopress.it\\\/wp-content\\\/uploads\\\/2011\\\/05\\\/cropped-logo-bellunopress-.jpg\",\"contentUrl\":\"https:\\\/\\\/www.bellunopress.it\\\/wp-content\\\/uploads\\\/2011\\\/05\\\/cropped-logo-bellunopress-.jpg\",\"width\":512,\"height\":512,\"caption\":\"Bellunopress\"},\"image\":{\"@id\":\"https:\\\/\\\/www.bellunopress.it\\\/#\\\/schema\\\/logo\\\/image\\\/\"},\"sameAs\":[\"https:\\\/\\\/www.facebook.com\\\/profile.php?id=100008943462799\",\"https:\\\/\\\/x.com\\\/bellunopress\",\"https:\\\/\\\/www.linkedin.com\\\/hp\\\/?dnr=JBzUWaJfMUw8vbXJJ2tVW5-I3jZKvC4wsoxE&amp;amp;amp;amp;amp;amp;trk=nav_responsive_tab_home\",\"https:\\\/\\\/www.youtube.com\\\/channel\\\/UCxL0wu1uN0_3_7hGG0306cw\"]},{\"@type\":\"Person\",\"@id\":\"https:\\\/\\\/www.bellunopress.it\\\/#\\\/schema\\\/person\\\/79bb06722b37ece1c03d3e94beb30d73\",\"name\":\"redazione\",\"image\":{\"@type\":\"ImageObject\",\"inLanguage\":\"fr-FR\",\"@id\":\"https:\\\/\\\/secure.gravatar.com\\\/avatar\\\/37d968a2e67a6fd04c169c4bdef102d0bc5d31b2546345219e348575eb80e9a0?s=96&d=mm&r=g\",\"url\":\"https:\\\/\\\/secure.gravatar.com\\\/avatar\\\/37d968a2e67a6fd04c169c4bdef102d0bc5d31b2546345219e348575eb80e9a0?s=96&d=mm&r=g\",\"contentUrl\":\"https:\\\/\\\/secure.gravatar.com\\\/avatar\\\/37d968a2e67a6fd04c169c4bdef102d0bc5d31b2546345219e348575eb80e9a0?s=96&d=mm&r=g\",\"caption\":\"redazione\"},\"sameAs\":[\"http:\\\/\\\/www.bellunopress.it\",\"https:\\\/\\\/x.com\\\/bellunopress\"],\"url\":\"https:\\\/\\\/www.bellunopress.it\\\/fr\\\/author\\\/redazione\\\/\"}]}<\/script>\n<!-- \/ Yoast SEO plugin. -->","yoast_head_json":{"title":"Terminata l'Antartic Expedition 2020, rientrati in Italia i tre alpinisti Cavalli, Sanguineti, Dell'Agnola - Bellunopress - Dolomiti","robots":{"index":"index","follow":"follow","max-snippet":"max-snippet:-1","max-image-preview":"max-image-preview:large","max-video-preview":"max-video-preview:-1"},"canonical":"https:\/\/www.bellunopress.it\/fr\/2020\/02\/01\/terminata-lantartic-expedition-2020-rientrati-in-italia-i-tre-alpinisti-cavalli-sanguineti-dellagnola\/","og_locale":"fr_FR","og_type":"article","og_title":"Terminata l'Antartic Expedition 2020, rientrati in Italia i tre alpinisti Cavalli, Sanguineti, Dell'Agnola - Bellunopress - Dolomiti","og_description":"Milano, 1 febbraio 2020\u00a0 &#8211;\u00a0\u00a0I tre alpinisti dell&#8217;Antartic Expedition 2020, il biellese Gian Luca Cavalli, Marcello Sanguineti di Chiavari (GE) e Manrico Dell&#8217;Agnola di Agordo (BL), tutti accademici del Cai, sono tornati a casa. La spedizione, promossa dalla Sezione di Biella del Club alpino italiano, dal Cai centrale, dal Consiglio Nazionale delle Ricerche (Cnr) con [&hellip;]","og_url":"https:\/\/www.bellunopress.it\/fr\/2020\/02\/01\/terminata-lantartic-expedition-2020-rientrati-in-italia-i-tre-alpinisti-cavalli-sanguineti-dellagnola\/","og_site_name":"Bellunopress - Dolomiti","article_publisher":"https:\/\/www.facebook.com\/profile.php?id=100008943462799","article_published_time":"2020-02-01T14:21:41+00:00","og_image":[{"url":"http:\/\/www.bellunopress.it\/wp-content\/uploads\/2020\/02\/Antartide-seracchi_sopra_la_Borgen_Bay-500x346.jpg","type":"","width":"","height":""}],"author":"redazione","twitter_card":"summary_large_image","twitter_creator":"@bellunopress","twitter_site":"@bellunopress","twitter_misc":{"\u00c9crit par":"redazione","Dur\u00e9e de lecture estim\u00e9e":"4 minutes"},"schema":{"@context":"https:\/\/schema.org","@graph":[{"@type":"Article","@id":"https:\/\/www.bellunopress.it\/2020\/02\/01\/terminata-lantartic-expedition-2020-rientrati-in-italia-i-tre-alpinisti-cavalli-sanguineti-dellagnola\/#article","isPartOf":{"@id":"https:\/\/www.bellunopress.it\/2020\/02\/01\/terminata-lantartic-expedition-2020-rientrati-in-italia-i-tre-alpinisti-cavalli-sanguineti-dellagnola\/"},"author":{"name":"redazione","@id":"https:\/\/www.bellunopress.it\/#\/schema\/person\/79bb06722b37ece1c03d3e94beb30d73"},"headline":"Terminata l&#8217;Antartic Expedition 2020, rientrati in Italia i tre alpinisti Cavalli, Sanguineti, Dell&#8217;Agnola","datePublished":"2020-02-01T14:21:41+00:00","mainEntityOfPage":{"@id":"https:\/\/www.bellunopress.it\/2020\/02\/01\/terminata-lantartic-expedition-2020-rientrati-in-italia-i-tre-alpinisti-cavalli-sanguineti-dellagnola\/"},"wordCount":835,"publisher":{"@id":"https:\/\/www.bellunopress.it\/#organization"},"image":{"@id":"https:\/\/www.bellunopress.it\/2020\/02\/01\/terminata-lantartic-expedition-2020-rientrati-in-italia-i-tre-alpinisti-cavalli-sanguineti-dellagnola\/#primaryimage"},"thumbnailUrl":"http:\/\/www.bellunopress.it\/wp-content\/uploads\/2020\/02\/Antartide-seracchi_sopra_la_Borgen_Bay-500x346.jpg","articleSection":["Lettere Opinioni"],"inLanguage":"fr-FR"},{"@type":"WebPage","@id":"https:\/\/www.bellunopress.it\/2020\/02\/01\/terminata-lantartic-expedition-2020-rientrati-in-italia-i-tre-alpinisti-cavalli-sanguineti-dellagnola\/","url":"https:\/\/www.bellunopress.it\/2020\/02\/01\/terminata-lantartic-expedition-2020-rientrati-in-italia-i-tre-alpinisti-cavalli-sanguineti-dellagnola\/","name":"Terminata l'Antartic Expedition 2020, rientrati in Italia i tre alpinisti Cavalli, Sanguineti, Dell'Agnola - Bellunopress - Dolomiti","isPartOf":{"@id":"https:\/\/www.bellunopress.it\/#website"},"primaryImageOfPage":{"@id":"https:\/\/www.bellunopress.it\/2020\/02\/01\/terminata-lantartic-expedition-2020-rientrati-in-italia-i-tre-alpinisti-cavalli-sanguineti-dellagnola\/#primaryimage"},"image":{"@id":"https:\/\/www.bellunopress.it\/2020\/02\/01\/terminata-lantartic-expedition-2020-rientrati-in-italia-i-tre-alpinisti-cavalli-sanguineti-dellagnola\/#primaryimage"},"thumbnailUrl":"http:\/\/www.bellunopress.it\/wp-content\/uploads\/2020\/02\/Antartide-seracchi_sopra_la_Borgen_Bay-500x346.jpg","datePublished":"2020-02-01T14:21:41+00:00","breadcrumb":{"@id":"https:\/\/www.bellunopress.it\/2020\/02\/01\/terminata-lantartic-expedition-2020-rientrati-in-italia-i-tre-alpinisti-cavalli-sanguineti-dellagnola\/#breadcrumb"},"inLanguage":"fr-FR","potentialAction":[{"@type":"ReadAction","target":["https:\/\/www.bellunopress.it\/2020\/02\/01\/terminata-lantartic-expedition-2020-rientrati-in-italia-i-tre-alpinisti-cavalli-sanguineti-dellagnola\/"]}]},{"@type":"ImageObject","inLanguage":"fr-FR","@id":"https:\/\/www.bellunopress.it\/2020\/02\/01\/terminata-lantartic-expedition-2020-rientrati-in-italia-i-tre-alpinisti-cavalli-sanguineti-dellagnola\/#primaryimage","url":"http:\/\/www.bellunopress.it\/wp-content\/uploads\/2020\/02\/Antartide-seracchi_sopra_la_Borgen_Bay-500x346.jpg","contentUrl":"http:\/\/www.bellunopress.it\/wp-content\/uploads\/2020\/02\/Antartide-seracchi_sopra_la_Borgen_Bay-500x346.jpg"},{"@type":"BreadcrumbList","@id":"https:\/\/www.bellunopress.it\/2020\/02\/01\/terminata-lantartic-expedition-2020-rientrati-in-italia-i-tre-alpinisti-cavalli-sanguineti-dellagnola\/#breadcrumb","itemListElement":[{"@type":"ListItem","position":1,"name":"Home","item":"https:\/\/www.bellunopress.it\/"},{"@type":"ListItem","position":2,"name":"Terminata l&#8217;Antartic Expedition 2020, rientrati in Italia i tre alpinisti Cavalli, Sanguineti, Dell&#8217;Agnola"}]},{"@type":"WebSite","@id":"https:\/\/www.bellunopress.it\/#website","url":"https:\/\/www.bellunopress.it\/","name":"Bellunopress - Dolomiti","description":"e-mail: redazione@bellunopress.it","publisher":{"@id":"https:\/\/www.bellunopress.it\/#organization"},"potentialAction":[{"@type":"SearchAction","target":{"@type":"EntryPoint","urlTemplate":"https:\/\/www.bellunopress.it\/?s={search_term_string}"},"query-input":{"@type":"PropertyValueSpecification","valueRequired":true,"valueName":"search_term_string"}}],"inLanguage":"fr-FR"},{"@type":"Organization","@id":"https:\/\/www.bellunopress.it\/#organization","name":"Bellunopress","url":"https:\/\/www.bellunopress.it\/","logo":{"@type":"ImageObject","inLanguage":"fr-FR","@id":"https:\/\/www.bellunopress.it\/#\/schema\/logo\/image\/","url":"https:\/\/www.bellunopress.it\/wp-content\/uploads\/2011\/05\/cropped-logo-bellunopress-.jpg","contentUrl":"https:\/\/www.bellunopress.it\/wp-content\/uploads\/2011\/05\/cropped-logo-bellunopress-.jpg","width":512,"height":512,"caption":"Bellunopress"},"image":{"@id":"https:\/\/www.bellunopress.it\/#\/schema\/logo\/image\/"},"sameAs":["https:\/\/www.facebook.com\/profile.php?id=100008943462799","https:\/\/x.com\/bellunopress","https:\/\/www.linkedin.com\/hp\/?dnr=JBzUWaJfMUw8vbXJJ2tVW5-I3jZKvC4wsoxE&amp;amp;amp;amp;amp;amp;trk=nav_responsive_tab_home","https:\/\/www.youtube.com\/channel\/UCxL0wu1uN0_3_7hGG0306cw"]},{"@type":"Person","@id":"https:\/\/www.bellunopress.it\/#\/schema\/person\/79bb06722b37ece1c03d3e94beb30d73","name":"r\u00e9daction","image":{"@type":"ImageObject","inLanguage":"fr-FR","@id":"https:\/\/secure.gravatar.com\/avatar\/37d968a2e67a6fd04c169c4bdef102d0bc5d31b2546345219e348575eb80e9a0?s=96&d=mm&r=g","url":"https:\/\/secure.gravatar.com\/avatar\/37d968a2e67a6fd04c169c4bdef102d0bc5d31b2546345219e348575eb80e9a0?s=96&d=mm&r=g","contentUrl":"https:\/\/secure.gravatar.com\/avatar\/37d968a2e67a6fd04c169c4bdef102d0bc5d31b2546345219e348575eb80e9a0?s=96&d=mm&r=g","caption":"redazione"},"sameAs":["http:\/\/www.bellunopress.it","https:\/\/x.com\/bellunopress"],"url":"https:\/\/www.bellunopress.it\/fr\/author\/redazione\/"}]}},"_links":{"self":[{"href":"https:\/\/www.bellunopress.it\/fr\/wp-json\/wp\/v2\/posts\/111759","targetHints":{"allow":["GET"]}}],"collection":[{"href":"https:\/\/www.bellunopress.it\/fr\/wp-json\/wp\/v2\/posts"}],"about":[{"href":"https:\/\/www.bellunopress.it\/fr\/wp-json\/wp\/v2\/types\/post"}],"author":[{"embeddable":true,"href":"https:\/\/www.bellunopress.it\/fr\/wp-json\/wp\/v2\/users\/2"}],"replies":[{"embeddable":true,"href":"https:\/\/www.bellunopress.it\/fr\/wp-json\/wp\/v2\/comments?post=111759"}],"version-history":[{"count":2,"href":"https:\/\/www.bellunopress.it\/fr\/wp-json\/wp\/v2\/posts\/111759\/revisions"}],"predecessor-version":[{"id":111762,"href":"https:\/\/www.bellunopress.it\/fr\/wp-json\/wp\/v2\/posts\/111759\/revisions\/111762"}],"wp:attachment":[{"href":"https:\/\/www.bellunopress.it\/fr\/wp-json\/wp\/v2\/media?parent=111759"}],"wp:term":[{"taxonomy":"category","embeddable":true,"href":"https:\/\/www.bellunopress.it\/fr\/wp-json\/wp\/v2\/categories?post=111759"},{"taxonomy":"post_tag","embeddable":true,"href":"https:\/\/www.bellunopress.it\/fr\/wp-json\/wp\/v2\/tags?post=111759"}],"curies":[{"name":"wp","href":"https:\/\/api.w.org\/{rel}","templated":true}]}}