{"id":111719,"date":"2020-01-31T09:30:42","date_gmt":"2020-01-31T08:30:42","guid":{"rendered":"http:\/\/www.bellunopress.it\/?p=111719"},"modified":"2020-01-31T09:30:42","modified_gmt":"2020-01-31T08:30:42","slug":"tutti-in-sella-partenza-domenica-ad-arabba","status":"publish","type":"post","link":"https:\/\/www.bellunopress.it\/fr\/2020\/01\/31\/tutti-in-sella-partenza-domenica-ad-arabba\/","title":{"rendered":"Tutti in sella. Partenza domenica ad Arabba"},"content":{"rendered":"<p>Partenza in pole position per Axel Bassani. Il pilota feltrino di motociclismo in arte AB47 intraprende domenica 2 febbraio 2020 la sua stagione sportiva in pole position ma non da una griglia di partenza bens\u00ec dalle vette delle nostre Dolomiti.<\/p>\n<p><a href=\"http:\/\/www.bellunopress.it\/fr\/2020\/01\/31\/tutti-in-sella-partenza-domenica-ad-arabba\/axel-bassani\/\" rel=\"attachment wp-att-111720\"><img loading=\"lazy\" decoding=\"async\" class=\"alignleft size-thumbnail wp-image-111720\" src=\"http:\/\/www.bellunopress.it\/wp-content\/uploads\/2020\/01\/Axel-Bassani-300x300.jpg\" alt=\"\" width=\"300\" height=\"300\" \/><\/a>Alle 11.30 sar\u00e0 il rifugio Luigi Gorza con i suoi 2478 mt. in localit\u00e0 Portavescovo ad Arabba (BL) a dare l\u2019inizio di questa nuova avventura nel Motomondiale superbike cat. 600 Supersport. Ma fin qui tutto rientra nell\u2019ordinario. Di straordinario \u00e8 che far\u00e0 sulla sella della sua moto, virtualmente tutti i bambini di una intera citt\u00e0. La Citt\u00e0 della Speranza di Padova. Infatti per la stagione agonistica 2020 Axel \u00e8 il testimonial per la ricerca scientifica italiana promossa dalla fondazione Citt\u00e0 della Speranza di Padova. Un incarico decisamente importante quello che il pilota feltrino porter\u00e0 con s\u00e9 nel mondo e considerata la sua giovane et\u00e0 siamo certi che l\u2019obbiettivo di far sorridere i bambini colpiti da patologie oncologiche non tarder\u00e0 ad arrivare. La forte velocit\u00e0 della sua Yamaha certamente li far\u00e0 divertire e sorridere come rappresentato dal disegno realizzato ad hoc dal pap\u00e0 delle formiche Fabio Vettori, amico da sempre dei bambini.<\/p>\n<p>\u201cTutti in sella\u201d il nome del nuovo progetto del Team della Velocit\u00e0 della Speranza che dal 2008 sostiene con tante iniziative la ricerca scientifica in et\u00e0 pediatrica promossa dalla fondazione Citt\u00e0 della Speranza di Padova alla quale sono stati donati con soddisfazione nel primo decennio di attivit\u00e0 importi che ripagano l\u2019impegno di un gruppo semplice ma che crede che il piccolo impegno di ognuno di noi permetta di realizzare grandi cose. Questo \u00e8 lo slogan che Enzo Slongo referente del Team sostiene e aggiunge che i momenti pi\u00f9 belli della tua vita sono quelli che rendono bella anche quella degli altri. Il perch\u00e9 di una presentazione in quota viene spontaneo racconta Slongo che oltre dieci anni fa aveva promesso ai bambini della citt\u00e0 della Speranza di poter toccare un giorno il cielo con un dito e questa \u00e8 l\u2019occasione per mantenere le promesse. Perch\u00e9 le dolomiti sono la cosa pi\u00f9 bella e regalano emozioni positive. Da qui, con il sorriso lanceremo nel mondo un messaggio di solidariet\u00e0 la cui partenza sia gi\u00e0 posta il pi\u00f9 alto possibile. Un evento realizzato in sinergia e con il contributo di grandi e piccini. Per l\u2019occasione la salita e discesa dei partecipanti all\u2019evento sar\u00e0 gratuita.<\/p>\n<p>&nbsp;<\/p>","protected":false},"excerpt":{"rendered":"<p>Partenza in pole position per Axel Bassani. Il pilota feltrino di motociclismo in arte AB47 intraprende domenica 2 febbraio 2020 la sua stagione sportiva in pole position ma non da una griglia di partenza bens\u00ec dalle vette delle nostre Dolomiti. Alle 11.30 sar\u00e0 il rifugio Luigi Gorza con i suoi 2478 mt. in localit\u00e0 Portavescovo [&hellip;]<\/p>\n","protected":false},"author":2,"featured_media":0,"comment_status":"closed","ping_status":"open","sticky":false,"template":"","format":"standard","meta":{"footnotes":""},"categories":[27,25,4],"tags":[],"class_list":["post-111719","post","type-post","status-publish","format-standard","category-appuntamenti","category-pausa-caffe","category-sport"],"yoast_head":"<!-- This site is optimized with the Yoast SEO plugin v28.4 - https:\/\/yoast.com\/product\/yoast-seo-wordpress\/ -->\n<title>Tutti in sella. Partenza domenica ad Arabba - Bellunopress - Dolomiti<\/title>\n<meta name=\"robots\" content=\"index, follow, max-snippet:-1, max-image-preview:large, max-video-preview:-1\" \/>\n<link rel=\"canonical\" href=\"https:\/\/www.bellunopress.it\/fr\/2020\/01\/31\/tutti-in-sella-partenza-domenica-ad-arabba\/\" \/>\n<meta property=\"og:locale\" content=\"fr_FR\" \/>\n<meta property=\"og:type\" content=\"article\" \/>\n<meta property=\"og:title\" content=\"Tutti in sella. Partenza domenica ad Arabba - Bellunopress - Dolomiti\" \/>\n<meta property=\"og:description\" content=\"Partenza in pole position per Axel Bassani. Il pilota feltrino di motociclismo in arte AB47 intraprende domenica 2 febbraio 2020 la sua stagione sportiva in pole position ma non da una griglia di partenza bens\u00ec dalle vette delle nostre Dolomiti. Alle 11.30 sar\u00e0 il rifugio Luigi Gorza con i suoi 2478 mt. in localit\u00e0 Portavescovo [&hellip;]\" \/>\n<meta property=\"og:url\" content=\"https:\/\/www.bellunopress.it\/fr\/2020\/01\/31\/tutti-in-sella-partenza-domenica-ad-arabba\/\" \/>\n<meta property=\"og:site_name\" content=\"Bellunopress - Dolomiti\" \/>\n<meta property=\"article:publisher\" content=\"https:\/\/www.facebook.com\/profile.php?id=100008943462799\" \/>\n<meta property=\"article:published_time\" content=\"2020-01-31T08:30:42+00:00\" \/>\n<meta property=\"og:image\" content=\"http:\/\/www.bellunopress.it\/wp-content\/uploads\/2020\/01\/Axel-Bassani-300x300.jpg\" \/>\n<meta name=\"author\" content=\"redazione\" \/>\n<meta name=\"twitter:card\" content=\"summary_large_image\" \/>\n<meta name=\"twitter:creator\" content=\"@bellunopress\" \/>\n<meta name=\"twitter:site\" content=\"@bellunopress\" \/>\n<meta name=\"twitter:label1\" content=\"\u00c9crit par\" \/>\n\t<meta name=\"twitter:data1\" content=\"redazione\" \/>\n\t<meta name=\"twitter:label2\" content=\"Dur\u00e9e de lecture estim\u00e9e\" \/>\n\t<meta name=\"twitter:data2\" content=\"2 minutes\" \/>\n<script type=\"application\/ld+json\" class=\"yoast-schema-graph\">{\"@context\":\"https:\\\/\\\/schema.org\",\"@graph\":[{\"@type\":\"Article\",\"@id\":\"https:\\\/\\\/www.bellunopress.it\\\/2020\\\/01\\\/31\\\/tutti-in-sella-partenza-domenica-ad-arabba\\\/#article\",\"isPartOf\":{\"@id\":\"https:\\\/\\\/www.bellunopress.it\\\/2020\\\/01\\\/31\\\/tutti-in-sella-partenza-domenica-ad-arabba\\\/\"},\"author\":{\"name\":\"redazione\",\"@id\":\"https:\\\/\\\/www.bellunopress.it\\\/#\\\/schema\\\/person\\\/79bb06722b37ece1c03d3e94beb30d73\"},\"headline\":\"Tutti in sella. Partenza domenica ad Arabba\",\"datePublished\":\"2020-01-31T08:30:42+00:00\",\"mainEntityOfPage\":{\"@id\":\"https:\\\/\\\/www.bellunopress.it\\\/2020\\\/01\\\/31\\\/tutti-in-sella-partenza-domenica-ad-arabba\\\/\"},\"wordCount\":396,\"publisher\":{\"@id\":\"https:\\\/\\\/www.bellunopress.it\\\/#organization\"},\"image\":{\"@id\":\"https:\\\/\\\/www.bellunopress.it\\\/2020\\\/01\\\/31\\\/tutti-in-sella-partenza-domenica-ad-arabba\\\/#primaryimage\"},\"thumbnailUrl\":\"http:\\\/\\\/www.bellunopress.it\\\/wp-content\\\/uploads\\\/2020\\\/01\\\/Axel-Bassani-300x300.jpg\",\"articleSection\":[\"Appuntamenti, Eventi\",\"Pausa Caff\u00e8\",\"Sport, tempo libero\"],\"inLanguage\":\"fr-FR\"},{\"@type\":\"WebPage\",\"@id\":\"https:\\\/\\\/www.bellunopress.it\\\/2020\\\/01\\\/31\\\/tutti-in-sella-partenza-domenica-ad-arabba\\\/\",\"url\":\"https:\\\/\\\/www.bellunopress.it\\\/2020\\\/01\\\/31\\\/tutti-in-sella-partenza-domenica-ad-arabba\\\/\",\"name\":\"Tutti in sella. Partenza domenica ad Arabba - Bellunopress - Dolomiti\",\"isPartOf\":{\"@id\":\"https:\\\/\\\/www.bellunopress.it\\\/#website\"},\"primaryImageOfPage\":{\"@id\":\"https:\\\/\\\/www.bellunopress.it\\\/2020\\\/01\\\/31\\\/tutti-in-sella-partenza-domenica-ad-arabba\\\/#primaryimage\"},\"image\":{\"@id\":\"https:\\\/\\\/www.bellunopress.it\\\/2020\\\/01\\\/31\\\/tutti-in-sella-partenza-domenica-ad-arabba\\\/#primaryimage\"},\"thumbnailUrl\":\"http:\\\/\\\/www.bellunopress.it\\\/wp-content\\\/uploads\\\/2020\\\/01\\\/Axel-Bassani-300x300.jpg\",\"datePublished\":\"2020-01-31T08:30:42+00:00\",\"breadcrumb\":{\"@id\":\"https:\\\/\\\/www.bellunopress.it\\\/2020\\\/01\\\/31\\\/tutti-in-sella-partenza-domenica-ad-arabba\\\/#breadcrumb\"},\"inLanguage\":\"fr-FR\",\"potentialAction\":[{\"@type\":\"ReadAction\",\"target\":[\"https:\\\/\\\/www.bellunopress.it\\\/2020\\\/01\\\/31\\\/tutti-in-sella-partenza-domenica-ad-arabba\\\/\"]}]},{\"@type\":\"ImageObject\",\"inLanguage\":\"fr-FR\",\"@id\":\"https:\\\/\\\/www.bellunopress.it\\\/2020\\\/01\\\/31\\\/tutti-in-sella-partenza-domenica-ad-arabba\\\/#primaryimage\",\"url\":\"http:\\\/\\\/www.bellunopress.it\\\/wp-content\\\/uploads\\\/2020\\\/01\\\/Axel-Bassani-300x300.jpg\",\"contentUrl\":\"http:\\\/\\\/www.bellunopress.it\\\/wp-content\\\/uploads\\\/2020\\\/01\\\/Axel-Bassani-300x300.jpg\"},{\"@type\":\"BreadcrumbList\",\"@id\":\"https:\\\/\\\/www.bellunopress.it\\\/2020\\\/01\\\/31\\\/tutti-in-sella-partenza-domenica-ad-arabba\\\/#breadcrumb\",\"itemListElement\":[{\"@type\":\"ListItem\",\"position\":1,\"name\":\"Home\",\"item\":\"https:\\\/\\\/www.bellunopress.it\\\/\"},{\"@type\":\"ListItem\",\"position\":2,\"name\":\"Tutti in sella. Partenza domenica ad Arabba\"}]},{\"@type\":\"WebSite\",\"@id\":\"https:\\\/\\\/www.bellunopress.it\\\/#website\",\"url\":\"https:\\\/\\\/www.bellunopress.it\\\/\",\"name\":\"Bellunopress - Dolomiti\",\"description\":\"e-mail: redazione@bellunopress.it\",\"publisher\":{\"@id\":\"https:\\\/\\\/www.bellunopress.it\\\/#organization\"},\"potentialAction\":[{\"@type\":\"SearchAction\",\"target\":{\"@type\":\"EntryPoint\",\"urlTemplate\":\"https:\\\/\\\/www.bellunopress.it\\\/?s={search_term_string}\"},\"query-input\":{\"@type\":\"PropertyValueSpecification\",\"valueRequired\":true,\"valueName\":\"search_term_string\"}}],\"inLanguage\":\"fr-FR\"},{\"@type\":\"Organization\",\"@id\":\"https:\\\/\\\/www.bellunopress.it\\\/#organization\",\"name\":\"Bellunopress\",\"url\":\"https:\\\/\\\/www.bellunopress.it\\\/\",\"logo\":{\"@type\":\"ImageObject\",\"inLanguage\":\"fr-FR\",\"@id\":\"https:\\\/\\\/www.bellunopress.it\\\/#\\\/schema\\\/logo\\\/image\\\/\",\"url\":\"https:\\\/\\\/www.bellunopress.it\\\/wp-content\\\/uploads\\\/2011\\\/05\\\/cropped-logo-bellunopress-.jpg\",\"contentUrl\":\"https:\\\/\\\/www.bellunopress.it\\\/wp-content\\\/uploads\\\/2011\\\/05\\\/cropped-logo-bellunopress-.jpg\",\"width\":512,\"height\":512,\"caption\":\"Bellunopress\"},\"image\":{\"@id\":\"https:\\\/\\\/www.bellunopress.it\\\/#\\\/schema\\\/logo\\\/image\\\/\"},\"sameAs\":[\"https:\\\/\\\/www.facebook.com\\\/profile.php?id=100008943462799\",\"https:\\\/\\\/x.com\\\/bellunopress\",\"https:\\\/\\\/www.linkedin.com\\\/hp\\\/?dnr=JBzUWaJfMUw8vbXJJ2tVW5-I3jZKvC4wsoxE&amp;amp;amp;amp;amp;amp;trk=nav_responsive_tab_home\",\"https:\\\/\\\/www.youtube.com\\\/channel\\\/UCxL0wu1uN0_3_7hGG0306cw\"]},{\"@type\":\"Person\",\"@id\":\"https:\\\/\\\/www.bellunopress.it\\\/#\\\/schema\\\/person\\\/79bb06722b37ece1c03d3e94beb30d73\",\"name\":\"redazione\",\"image\":{\"@type\":\"ImageObject\",\"inLanguage\":\"fr-FR\",\"@id\":\"https:\\\/\\\/secure.gravatar.com\\\/avatar\\\/37d968a2e67a6fd04c169c4bdef102d0bc5d31b2546345219e348575eb80e9a0?s=96&d=mm&r=g\",\"url\":\"https:\\\/\\\/secure.gravatar.com\\\/avatar\\\/37d968a2e67a6fd04c169c4bdef102d0bc5d31b2546345219e348575eb80e9a0?s=96&d=mm&r=g\",\"contentUrl\":\"https:\\\/\\\/secure.gravatar.com\\\/avatar\\\/37d968a2e67a6fd04c169c4bdef102d0bc5d31b2546345219e348575eb80e9a0?s=96&d=mm&r=g\",\"caption\":\"redazione\"},\"sameAs\":[\"http:\\\/\\\/www.bellunopress.it\",\"https:\\\/\\\/x.com\\\/bellunopress\"],\"url\":\"https:\\\/\\\/www.bellunopress.it\\\/fr\\\/author\\\/redazione\\\/\"}]}<\/script>\n<!-- \/ Yoast SEO plugin. -->","yoast_head_json":{"title":"Tutti in sella. Partenza domenica ad Arabba - Bellunopress - Dolomiti","robots":{"index":"index","follow":"follow","max-snippet":"max-snippet:-1","max-image-preview":"max-image-preview:large","max-video-preview":"max-video-preview:-1"},"canonical":"https:\/\/www.bellunopress.it\/fr\/2020\/01\/31\/tutti-in-sella-partenza-domenica-ad-arabba\/","og_locale":"fr_FR","og_type":"article","og_title":"Tutti in sella. Partenza domenica ad Arabba - Bellunopress - Dolomiti","og_description":"Partenza in pole position per Axel Bassani. Il pilota feltrino di motociclismo in arte AB47 intraprende domenica 2 febbraio 2020 la sua stagione sportiva in pole position ma non da una griglia di partenza bens\u00ec dalle vette delle nostre Dolomiti. Alle 11.30 sar\u00e0 il rifugio Luigi Gorza con i suoi 2478 mt. in localit\u00e0 Portavescovo [&hellip;]","og_url":"https:\/\/www.bellunopress.it\/fr\/2020\/01\/31\/tutti-in-sella-partenza-domenica-ad-arabba\/","og_site_name":"Bellunopress - Dolomiti","article_publisher":"https:\/\/www.facebook.com\/profile.php?id=100008943462799","article_published_time":"2020-01-31T08:30:42+00:00","og_image":[{"url":"http:\/\/www.bellunopress.it\/wp-content\/uploads\/2020\/01\/Axel-Bassani-300x300.jpg","type":"","width":"","height":""}],"author":"redazione","twitter_card":"summary_large_image","twitter_creator":"@bellunopress","twitter_site":"@bellunopress","twitter_misc":{"\u00c9crit par":"redazione","Dur\u00e9e de lecture estim\u00e9e":"2 minutes"},"schema":{"@context":"https:\/\/schema.org","@graph":[{"@type":"Article","@id":"https:\/\/www.bellunopress.it\/2020\/01\/31\/tutti-in-sella-partenza-domenica-ad-arabba\/#article","isPartOf":{"@id":"https:\/\/www.bellunopress.it\/2020\/01\/31\/tutti-in-sella-partenza-domenica-ad-arabba\/"},"author":{"name":"redazione","@id":"https:\/\/www.bellunopress.it\/#\/schema\/person\/79bb06722b37ece1c03d3e94beb30d73"},"headline":"Tutti in sella. Partenza domenica ad Arabba","datePublished":"2020-01-31T08:30:42+00:00","mainEntityOfPage":{"@id":"https:\/\/www.bellunopress.it\/2020\/01\/31\/tutti-in-sella-partenza-domenica-ad-arabba\/"},"wordCount":396,"publisher":{"@id":"https:\/\/www.bellunopress.it\/#organization"},"image":{"@id":"https:\/\/www.bellunopress.it\/2020\/01\/31\/tutti-in-sella-partenza-domenica-ad-arabba\/#primaryimage"},"thumbnailUrl":"http:\/\/www.bellunopress.it\/wp-content\/uploads\/2020\/01\/Axel-Bassani-300x300.jpg","articleSection":["Appuntamenti, Eventi","Pausa Caff\u00e8","Sport, tempo libero"],"inLanguage":"fr-FR"},{"@type":"WebPage","@id":"https:\/\/www.bellunopress.it\/2020\/01\/31\/tutti-in-sella-partenza-domenica-ad-arabba\/","url":"https:\/\/www.bellunopress.it\/2020\/01\/31\/tutti-in-sella-partenza-domenica-ad-arabba\/","name":"Tutti in sella. Partenza domenica ad Arabba - Bellunopress - Dolomiti","isPartOf":{"@id":"https:\/\/www.bellunopress.it\/#website"},"primaryImageOfPage":{"@id":"https:\/\/www.bellunopress.it\/2020\/01\/31\/tutti-in-sella-partenza-domenica-ad-arabba\/#primaryimage"},"image":{"@id":"https:\/\/www.bellunopress.it\/2020\/01\/31\/tutti-in-sella-partenza-domenica-ad-arabba\/#primaryimage"},"thumbnailUrl":"http:\/\/www.bellunopress.it\/wp-content\/uploads\/2020\/01\/Axel-Bassani-300x300.jpg","datePublished":"2020-01-31T08:30:42+00:00","breadcrumb":{"@id":"https:\/\/www.bellunopress.it\/2020\/01\/31\/tutti-in-sella-partenza-domenica-ad-arabba\/#breadcrumb"},"inLanguage":"fr-FR","potentialAction":[{"@type":"ReadAction","target":["https:\/\/www.bellunopress.it\/2020\/01\/31\/tutti-in-sella-partenza-domenica-ad-arabba\/"]}]},{"@type":"ImageObject","inLanguage":"fr-FR","@id":"https:\/\/www.bellunopress.it\/2020\/01\/31\/tutti-in-sella-partenza-domenica-ad-arabba\/#primaryimage","url":"http:\/\/www.bellunopress.it\/wp-content\/uploads\/2020\/01\/Axel-Bassani-300x300.jpg","contentUrl":"http:\/\/www.bellunopress.it\/wp-content\/uploads\/2020\/01\/Axel-Bassani-300x300.jpg"},{"@type":"BreadcrumbList","@id":"https:\/\/www.bellunopress.it\/2020\/01\/31\/tutti-in-sella-partenza-domenica-ad-arabba\/#breadcrumb","itemListElement":[{"@type":"ListItem","position":1,"name":"Home","item":"https:\/\/www.bellunopress.it\/"},{"@type":"ListItem","position":2,"name":"Tutti in sella. Partenza domenica ad Arabba"}]},{"@type":"WebSite","@id":"https:\/\/www.bellunopress.it\/#website","url":"https:\/\/www.bellunopress.it\/","name":"Bellunopress - Dolomiti","description":"e-mail: redazione@bellunopress.it","publisher":{"@id":"https:\/\/www.bellunopress.it\/#organization"},"potentialAction":[{"@type":"SearchAction","target":{"@type":"EntryPoint","urlTemplate":"https:\/\/www.bellunopress.it\/?s={search_term_string}"},"query-input":{"@type":"PropertyValueSpecification","valueRequired":true,"valueName":"search_term_string"}}],"inLanguage":"fr-FR"},{"@type":"Organization","@id":"https:\/\/www.bellunopress.it\/#organization","name":"Bellunopress","url":"https:\/\/www.bellunopress.it\/","logo":{"@type":"ImageObject","inLanguage":"fr-FR","@id":"https:\/\/www.bellunopress.it\/#\/schema\/logo\/image\/","url":"https:\/\/www.bellunopress.it\/wp-content\/uploads\/2011\/05\/cropped-logo-bellunopress-.jpg","contentUrl":"https:\/\/www.bellunopress.it\/wp-content\/uploads\/2011\/05\/cropped-logo-bellunopress-.jpg","width":512,"height":512,"caption":"Bellunopress"},"image":{"@id":"https:\/\/www.bellunopress.it\/#\/schema\/logo\/image\/"},"sameAs":["https:\/\/www.facebook.com\/profile.php?id=100008943462799","https:\/\/x.com\/bellunopress","https:\/\/www.linkedin.com\/hp\/?dnr=JBzUWaJfMUw8vbXJJ2tVW5-I3jZKvC4wsoxE&amp;amp;amp;amp;amp;amp;trk=nav_responsive_tab_home","https:\/\/www.youtube.com\/channel\/UCxL0wu1uN0_3_7hGG0306cw"]},{"@type":"Person","@id":"https:\/\/www.bellunopress.it\/#\/schema\/person\/79bb06722b37ece1c03d3e94beb30d73","name":"r\u00e9daction","image":{"@type":"ImageObject","inLanguage":"fr-FR","@id":"https:\/\/secure.gravatar.com\/avatar\/37d968a2e67a6fd04c169c4bdef102d0bc5d31b2546345219e348575eb80e9a0?s=96&d=mm&r=g","url":"https:\/\/secure.gravatar.com\/avatar\/37d968a2e67a6fd04c169c4bdef102d0bc5d31b2546345219e348575eb80e9a0?s=96&d=mm&r=g","contentUrl":"https:\/\/secure.gravatar.com\/avatar\/37d968a2e67a6fd04c169c4bdef102d0bc5d31b2546345219e348575eb80e9a0?s=96&d=mm&r=g","caption":"redazione"},"sameAs":["http:\/\/www.bellunopress.it","https:\/\/x.com\/bellunopress"],"url":"https:\/\/www.bellunopress.it\/fr\/author\/redazione\/"}]}},"_links":{"self":[{"href":"https:\/\/www.bellunopress.it\/fr\/wp-json\/wp\/v2\/posts\/111719","targetHints":{"allow":["GET"]}}],"collection":[{"href":"https:\/\/www.bellunopress.it\/fr\/wp-json\/wp\/v2\/posts"}],"about":[{"href":"https:\/\/www.bellunopress.it\/fr\/wp-json\/wp\/v2\/types\/post"}],"author":[{"embeddable":true,"href":"https:\/\/www.bellunopress.it\/fr\/wp-json\/wp\/v2\/users\/2"}],"replies":[{"embeddable":true,"href":"https:\/\/www.bellunopress.it\/fr\/wp-json\/wp\/v2\/comments?post=111719"}],"version-history":[{"count":2,"href":"https:\/\/www.bellunopress.it\/fr\/wp-json\/wp\/v2\/posts\/111719\/revisions"}],"predecessor-version":[{"id":111722,"href":"https:\/\/www.bellunopress.it\/fr\/wp-json\/wp\/v2\/posts\/111719\/revisions\/111722"}],"wp:attachment":[{"href":"https:\/\/www.bellunopress.it\/fr\/wp-json\/wp\/v2\/media?parent=111719"}],"wp:term":[{"taxonomy":"category","embeddable":true,"href":"https:\/\/www.bellunopress.it\/fr\/wp-json\/wp\/v2\/categories?post=111719"},{"taxonomy":"post_tag","embeddable":true,"href":"https:\/\/www.bellunopress.it\/fr\/wp-json\/wp\/v2\/tags?post=111719"}],"curies":[{"name":"wp","href":"https:\/\/api.w.org\/{rel}","templated":true}]}}