{"id":111708,"date":"2020-01-30T21:31:21","date_gmt":"2020-01-30T20:31:21","guid":{"rendered":"http:\/\/www.bellunopress.it\/?p=111708"},"modified":"2020-01-30T21:31:22","modified_gmt":"2020-01-30T20:31:22","slug":"valbelluna-armi-non-denunciate-nei-guai-padre-e-figlio","status":"publish","type":"post","link":"https:\/\/www.bellunopress.it\/fr\/2020\/01\/30\/valbelluna-armi-non-denunciate-nei-guai-padre-e-figlio\/","title":{"rendered":"Valbelluna. Armi non denunciate, nei guai padre e figlio"},"content":{"rendered":"<p><a href=\"http:\/\/www.bellunopress.it\/fr\/2020\/01\/30\/valbelluna-armi-non-denunciate-nei-guai-padre-e-figlio\/armi-sequestrate-2\/\" rel=\"attachment wp-att-111709\"><img loading=\"lazy\" decoding=\"async\" class=\"alignleft size-medium wp-image-111709\" src=\"http:\/\/www.bellunopress.it\/wp-content\/uploads\/2020\/01\/armi-sequestrate-500x207.jpg\" alt=\"\" width=\"500\" height=\"207\" srcset=\"https:\/\/www.bellunopress.it\/wp-content\/uploads\/2020\/01\/armi-sequestrate-500x207.jpg 500w, https:\/\/www.bellunopress.it\/wp-content\/uploads\/2020\/01\/armi-sequestrate-1000x414.jpg 1000w, https:\/\/www.bellunopress.it\/wp-content\/uploads\/2020\/01\/armi-sequestrate.jpg 1068w\" sizes=\"auto, (max-width: 500px) 100vw, 500px\" \/><\/a>Nel tardo pomeriggio di ieri, mercoled\u00ec 29 gennaio, i carabinieri della Compagnia di Feltre hanno arrestato padre e figlio residenti in un Comune della Valbelluna per detenzione abusiva di armi.<\/p>\n<p>A seguito di informazioni raccolte sul territorio, i militari decidevano di eseguire un controllo nell&#8217;abitazione dei due, anche in considerazione che gli stessi erano comunque autorizzati a detenere armi per uso caccia. Nel corso del controllo venivano rinvenute e sequestrate una carabina Mauser g33\/40, 5 carabine Steyer m95, una carabina priva di matricola e marca, una carabina Mannlincher modello 1186\/1888, un revolver privo di marca e matricola, due fucili ad avancarica privi di marca e matricola, una doppietta combinata a cani esterni, 5 baionette e alcuni foderi,\u00a0 500 cartucce di varie tipologie e calibro.<\/p>\n<p>Le armi presumibilmente risalgono alla Prima e Seconda guerra mondiale. Al termine dell&#8217;attivit\u00e0, il pubblico ministero disponeva la remissione in libert\u00e0 dei due uomini.<\/p>","protected":false},"excerpt":{"rendered":"<p>Nel tardo pomeriggio di ieri, mercoled\u00ec 29 gennaio, i carabinieri della Compagnia di Feltre hanno arrestato padre e figlio residenti in un Comune della Valbelluna per detenzione abusiva di armi. A seguito di informazioni raccolte sul territorio, i militari decidevano di eseguire un controllo nell&#8217;abitazione dei due, anche in considerazione che gli stessi erano comunque [&hellip;]<\/p>\n","protected":false},"author":2,"featured_media":0,"comment_status":"closed","ping_status":"open","sticky":false,"template":"","format":"standard","meta":{"footnotes":""},"categories":[5,26],"tags":[],"class_list":["post-111708","post","type-post","status-publish","format-standard","category-cronaca","category-prima-pagina"],"yoast_head":"<!-- This site is optimized with the Yoast SEO plugin v28.4 - https:\/\/yoast.com\/product\/yoast-seo-wordpress\/ -->\n<title>Valbelluna. Armi non denunciate, nei guai padre e figlio - Bellunopress - Dolomiti<\/title>\n<meta name=\"robots\" content=\"index, follow, max-snippet:-1, max-image-preview:large, max-video-preview:-1\" \/>\n<link rel=\"canonical\" href=\"https:\/\/www.bellunopress.it\/fr\/2020\/01\/30\/valbelluna-armi-non-denunciate-nei-guai-padre-e-figlio\/\" \/>\n<meta property=\"og:locale\" content=\"fr_FR\" \/>\n<meta property=\"og:type\" content=\"article\" \/>\n<meta property=\"og:title\" content=\"Valbelluna. Armi non denunciate, nei guai padre e figlio - Bellunopress - Dolomiti\" \/>\n<meta property=\"og:description\" content=\"Nel tardo pomeriggio di ieri, mercoled\u00ec 29 gennaio, i carabinieri della Compagnia di Feltre hanno arrestato padre e figlio residenti in un Comune della Valbelluna per detenzione abusiva di armi. A seguito di informazioni raccolte sul territorio, i militari decidevano di eseguire un controllo nell&#8217;abitazione dei due, anche in considerazione che gli stessi erano comunque [&hellip;]\" \/>\n<meta property=\"og:url\" content=\"https:\/\/www.bellunopress.it\/fr\/2020\/01\/30\/valbelluna-armi-non-denunciate-nei-guai-padre-e-figlio\/\" \/>\n<meta property=\"og:site_name\" content=\"Bellunopress - Dolomiti\" \/>\n<meta property=\"article:publisher\" content=\"https:\/\/www.facebook.com\/profile.php?id=100008943462799\" \/>\n<meta property=\"article:published_time\" content=\"2020-01-30T20:31:21+00:00\" \/>\n<meta property=\"article:modified_time\" content=\"2020-01-30T20:31:22+00:00\" \/>\n<meta property=\"og:image\" content=\"http:\/\/www.bellunopress.it\/wp-content\/uploads\/2020\/01\/armi-sequestrate-500x207.jpg\" \/>\n<meta name=\"author\" content=\"redazione\" \/>\n<meta name=\"twitter:card\" content=\"summary_large_image\" \/>\n<meta name=\"twitter:creator\" content=\"@bellunopress\" \/>\n<meta name=\"twitter:site\" content=\"@bellunopress\" \/>\n<meta name=\"twitter:label1\" content=\"\u00c9crit par\" \/>\n\t<meta name=\"twitter:data1\" content=\"redazione\" \/>\n\t<meta name=\"twitter:label2\" content=\"Dur\u00e9e de lecture estim\u00e9e\" \/>\n\t<meta name=\"twitter:data2\" content=\"1 minute\" \/>\n<script type=\"application\/ld+json\" class=\"yoast-schema-graph\">{\"@context\":\"https:\\\/\\\/schema.org\",\"@graph\":[{\"@type\":\"Article\",\"@id\":\"https:\\\/\\\/www.bellunopress.it\\\/2020\\\/01\\\/30\\\/valbelluna-armi-non-denunciate-nei-guai-padre-e-figlio\\\/#article\",\"isPartOf\":{\"@id\":\"https:\\\/\\\/www.bellunopress.it\\\/2020\\\/01\\\/30\\\/valbelluna-armi-non-denunciate-nei-guai-padre-e-figlio\\\/\"},\"author\":{\"name\":\"redazione\",\"@id\":\"https:\\\/\\\/www.bellunopress.it\\\/#\\\/schema\\\/person\\\/79bb06722b37ece1c03d3e94beb30d73\"},\"headline\":\"Valbelluna. Armi non denunciate, nei guai padre e figlio\",\"datePublished\":\"2020-01-30T20:31:21+00:00\",\"dateModified\":\"2020-01-30T20:31:22+00:00\",\"mainEntityOfPage\":{\"@id\":\"https:\\\/\\\/www.bellunopress.it\\\/2020\\\/01\\\/30\\\/valbelluna-armi-non-denunciate-nei-guai-padre-e-figlio\\\/\"},\"wordCount\":154,\"publisher\":{\"@id\":\"https:\\\/\\\/www.bellunopress.it\\\/#organization\"},\"image\":{\"@id\":\"https:\\\/\\\/www.bellunopress.it\\\/2020\\\/01\\\/30\\\/valbelluna-armi-non-denunciate-nei-guai-padre-e-figlio\\\/#primaryimage\"},\"thumbnailUrl\":\"http:\\\/\\\/www.bellunopress.it\\\/wp-content\\\/uploads\\\/2020\\\/01\\\/armi-sequestrate-500x207.jpg\",\"articleSection\":[\"Cronaca\\\/Politica\",\"Prima Pagina\"],\"inLanguage\":\"fr-FR\"},{\"@type\":\"WebPage\",\"@id\":\"https:\\\/\\\/www.bellunopress.it\\\/2020\\\/01\\\/30\\\/valbelluna-armi-non-denunciate-nei-guai-padre-e-figlio\\\/\",\"url\":\"https:\\\/\\\/www.bellunopress.it\\\/2020\\\/01\\\/30\\\/valbelluna-armi-non-denunciate-nei-guai-padre-e-figlio\\\/\",\"name\":\"Valbelluna. Armi non denunciate, nei guai padre e figlio - Bellunopress - Dolomiti\",\"isPartOf\":{\"@id\":\"https:\\\/\\\/www.bellunopress.it\\\/#website\"},\"primaryImageOfPage\":{\"@id\":\"https:\\\/\\\/www.bellunopress.it\\\/2020\\\/01\\\/30\\\/valbelluna-armi-non-denunciate-nei-guai-padre-e-figlio\\\/#primaryimage\"},\"image\":{\"@id\":\"https:\\\/\\\/www.bellunopress.it\\\/2020\\\/01\\\/30\\\/valbelluna-armi-non-denunciate-nei-guai-padre-e-figlio\\\/#primaryimage\"},\"thumbnailUrl\":\"http:\\\/\\\/www.bellunopress.it\\\/wp-content\\\/uploads\\\/2020\\\/01\\\/armi-sequestrate-500x207.jpg\",\"datePublished\":\"2020-01-30T20:31:21+00:00\",\"dateModified\":\"2020-01-30T20:31:22+00:00\",\"breadcrumb\":{\"@id\":\"https:\\\/\\\/www.bellunopress.it\\\/2020\\\/01\\\/30\\\/valbelluna-armi-non-denunciate-nei-guai-padre-e-figlio\\\/#breadcrumb\"},\"inLanguage\":\"fr-FR\",\"potentialAction\":[{\"@type\":\"ReadAction\",\"target\":[\"https:\\\/\\\/www.bellunopress.it\\\/2020\\\/01\\\/30\\\/valbelluna-armi-non-denunciate-nei-guai-padre-e-figlio\\\/\"]}]},{\"@type\":\"ImageObject\",\"inLanguage\":\"fr-FR\",\"@id\":\"https:\\\/\\\/www.bellunopress.it\\\/2020\\\/01\\\/30\\\/valbelluna-armi-non-denunciate-nei-guai-padre-e-figlio\\\/#primaryimage\",\"url\":\"http:\\\/\\\/www.bellunopress.it\\\/wp-content\\\/uploads\\\/2020\\\/01\\\/armi-sequestrate-500x207.jpg\",\"contentUrl\":\"http:\\\/\\\/www.bellunopress.it\\\/wp-content\\\/uploads\\\/2020\\\/01\\\/armi-sequestrate-500x207.jpg\"},{\"@type\":\"BreadcrumbList\",\"@id\":\"https:\\\/\\\/www.bellunopress.it\\\/2020\\\/01\\\/30\\\/valbelluna-armi-non-denunciate-nei-guai-padre-e-figlio\\\/#breadcrumb\",\"itemListElement\":[{\"@type\":\"ListItem\",\"position\":1,\"name\":\"Home\",\"item\":\"https:\\\/\\\/www.bellunopress.it\\\/\"},{\"@type\":\"ListItem\",\"position\":2,\"name\":\"Valbelluna. Armi non denunciate, nei guai padre e figlio\"}]},{\"@type\":\"WebSite\",\"@id\":\"https:\\\/\\\/www.bellunopress.it\\\/#website\",\"url\":\"https:\\\/\\\/www.bellunopress.it\\\/\",\"name\":\"Bellunopress - Dolomiti\",\"description\":\"e-mail: redazione@bellunopress.it\",\"publisher\":{\"@id\":\"https:\\\/\\\/www.bellunopress.it\\\/#organization\"},\"potentialAction\":[{\"@type\":\"SearchAction\",\"target\":{\"@type\":\"EntryPoint\",\"urlTemplate\":\"https:\\\/\\\/www.bellunopress.it\\\/?s={search_term_string}\"},\"query-input\":{\"@type\":\"PropertyValueSpecification\",\"valueRequired\":true,\"valueName\":\"search_term_string\"}}],\"inLanguage\":\"fr-FR\"},{\"@type\":\"Organization\",\"@id\":\"https:\\\/\\\/www.bellunopress.it\\\/#organization\",\"name\":\"Bellunopress\",\"url\":\"https:\\\/\\\/www.bellunopress.it\\\/\",\"logo\":{\"@type\":\"ImageObject\",\"inLanguage\":\"fr-FR\",\"@id\":\"https:\\\/\\\/www.bellunopress.it\\\/#\\\/schema\\\/logo\\\/image\\\/\",\"url\":\"https:\\\/\\\/www.bellunopress.it\\\/wp-content\\\/uploads\\\/2011\\\/05\\\/cropped-logo-bellunopress-.jpg\",\"contentUrl\":\"https:\\\/\\\/www.bellunopress.it\\\/wp-content\\\/uploads\\\/2011\\\/05\\\/cropped-logo-bellunopress-.jpg\",\"width\":512,\"height\":512,\"caption\":\"Bellunopress\"},\"image\":{\"@id\":\"https:\\\/\\\/www.bellunopress.it\\\/#\\\/schema\\\/logo\\\/image\\\/\"},\"sameAs\":[\"https:\\\/\\\/www.facebook.com\\\/profile.php?id=100008943462799\",\"https:\\\/\\\/x.com\\\/bellunopress\",\"https:\\\/\\\/www.linkedin.com\\\/hp\\\/?dnr=JBzUWaJfMUw8vbXJJ2tVW5-I3jZKvC4wsoxE&amp;amp;amp;amp;amp;amp;trk=nav_responsive_tab_home\",\"https:\\\/\\\/www.youtube.com\\\/channel\\\/UCxL0wu1uN0_3_7hGG0306cw\"]},{\"@type\":\"Person\",\"@id\":\"https:\\\/\\\/www.bellunopress.it\\\/#\\\/schema\\\/person\\\/79bb06722b37ece1c03d3e94beb30d73\",\"name\":\"redazione\",\"image\":{\"@type\":\"ImageObject\",\"inLanguage\":\"fr-FR\",\"@id\":\"https:\\\/\\\/secure.gravatar.com\\\/avatar\\\/37d968a2e67a6fd04c169c4bdef102d0bc5d31b2546345219e348575eb80e9a0?s=96&d=mm&r=g\",\"url\":\"https:\\\/\\\/secure.gravatar.com\\\/avatar\\\/37d968a2e67a6fd04c169c4bdef102d0bc5d31b2546345219e348575eb80e9a0?s=96&d=mm&r=g\",\"contentUrl\":\"https:\\\/\\\/secure.gravatar.com\\\/avatar\\\/37d968a2e67a6fd04c169c4bdef102d0bc5d31b2546345219e348575eb80e9a0?s=96&d=mm&r=g\",\"caption\":\"redazione\"},\"sameAs\":[\"http:\\\/\\\/www.bellunopress.it\",\"https:\\\/\\\/x.com\\\/bellunopress\"],\"url\":\"https:\\\/\\\/www.bellunopress.it\\\/fr\\\/author\\\/redazione\\\/\"}]}<\/script>\n<!-- \/ Yoast SEO plugin. -->","yoast_head_json":{"title":"Valbelluna. Armi non denunciate, nei guai padre e figlio - Bellunopress - Dolomiti","robots":{"index":"index","follow":"follow","max-snippet":"max-snippet:-1","max-image-preview":"max-image-preview:large","max-video-preview":"max-video-preview:-1"},"canonical":"https:\/\/www.bellunopress.it\/fr\/2020\/01\/30\/valbelluna-armi-non-denunciate-nei-guai-padre-e-figlio\/","og_locale":"fr_FR","og_type":"article","og_title":"Valbelluna. Armi non denunciate, nei guai padre e figlio - Bellunopress - Dolomiti","og_description":"Nel tardo pomeriggio di ieri, mercoled\u00ec 29 gennaio, i carabinieri della Compagnia di Feltre hanno arrestato padre e figlio residenti in un Comune della Valbelluna per detenzione abusiva di armi. A seguito di informazioni raccolte sul territorio, i militari decidevano di eseguire un controllo nell&#8217;abitazione dei due, anche in considerazione che gli stessi erano comunque [&hellip;]","og_url":"https:\/\/www.bellunopress.it\/fr\/2020\/01\/30\/valbelluna-armi-non-denunciate-nei-guai-padre-e-figlio\/","og_site_name":"Bellunopress - Dolomiti","article_publisher":"https:\/\/www.facebook.com\/profile.php?id=100008943462799","article_published_time":"2020-01-30T20:31:21+00:00","article_modified_time":"2020-01-30T20:31:22+00:00","og_image":[{"url":"http:\/\/www.bellunopress.it\/wp-content\/uploads\/2020\/01\/armi-sequestrate-500x207.jpg","type":"","width":"","height":""}],"author":"redazione","twitter_card":"summary_large_image","twitter_creator":"@bellunopress","twitter_site":"@bellunopress","twitter_misc":{"\u00c9crit par":"redazione","Dur\u00e9e de lecture estim\u00e9e":"1 minute"},"schema":{"@context":"https:\/\/schema.org","@graph":[{"@type":"Article","@id":"https:\/\/www.bellunopress.it\/2020\/01\/30\/valbelluna-armi-non-denunciate-nei-guai-padre-e-figlio\/#article","isPartOf":{"@id":"https:\/\/www.bellunopress.it\/2020\/01\/30\/valbelluna-armi-non-denunciate-nei-guai-padre-e-figlio\/"},"author":{"name":"redazione","@id":"https:\/\/www.bellunopress.it\/#\/schema\/person\/79bb06722b37ece1c03d3e94beb30d73"},"headline":"Valbelluna. Armi non denunciate, nei guai padre e figlio","datePublished":"2020-01-30T20:31:21+00:00","dateModified":"2020-01-30T20:31:22+00:00","mainEntityOfPage":{"@id":"https:\/\/www.bellunopress.it\/2020\/01\/30\/valbelluna-armi-non-denunciate-nei-guai-padre-e-figlio\/"},"wordCount":154,"publisher":{"@id":"https:\/\/www.bellunopress.it\/#organization"},"image":{"@id":"https:\/\/www.bellunopress.it\/2020\/01\/30\/valbelluna-armi-non-denunciate-nei-guai-padre-e-figlio\/#primaryimage"},"thumbnailUrl":"http:\/\/www.bellunopress.it\/wp-content\/uploads\/2020\/01\/armi-sequestrate-500x207.jpg","articleSection":["Cronaca\/Politica","Prima Pagina"],"inLanguage":"fr-FR"},{"@type":"WebPage","@id":"https:\/\/www.bellunopress.it\/2020\/01\/30\/valbelluna-armi-non-denunciate-nei-guai-padre-e-figlio\/","url":"https:\/\/www.bellunopress.it\/2020\/01\/30\/valbelluna-armi-non-denunciate-nei-guai-padre-e-figlio\/","name":"Valbelluna. Armi non denunciate, nei guai padre e figlio - Bellunopress - Dolomiti","isPartOf":{"@id":"https:\/\/www.bellunopress.it\/#website"},"primaryImageOfPage":{"@id":"https:\/\/www.bellunopress.it\/2020\/01\/30\/valbelluna-armi-non-denunciate-nei-guai-padre-e-figlio\/#primaryimage"},"image":{"@id":"https:\/\/www.bellunopress.it\/2020\/01\/30\/valbelluna-armi-non-denunciate-nei-guai-padre-e-figlio\/#primaryimage"},"thumbnailUrl":"http:\/\/www.bellunopress.it\/wp-content\/uploads\/2020\/01\/armi-sequestrate-500x207.jpg","datePublished":"2020-01-30T20:31:21+00:00","dateModified":"2020-01-30T20:31:22+00:00","breadcrumb":{"@id":"https:\/\/www.bellunopress.it\/2020\/01\/30\/valbelluna-armi-non-denunciate-nei-guai-padre-e-figlio\/#breadcrumb"},"inLanguage":"fr-FR","potentialAction":[{"@type":"ReadAction","target":["https:\/\/www.bellunopress.it\/2020\/01\/30\/valbelluna-armi-non-denunciate-nei-guai-padre-e-figlio\/"]}]},{"@type":"ImageObject","inLanguage":"fr-FR","@id":"https:\/\/www.bellunopress.it\/2020\/01\/30\/valbelluna-armi-non-denunciate-nei-guai-padre-e-figlio\/#primaryimage","url":"http:\/\/www.bellunopress.it\/wp-content\/uploads\/2020\/01\/armi-sequestrate-500x207.jpg","contentUrl":"http:\/\/www.bellunopress.it\/wp-content\/uploads\/2020\/01\/armi-sequestrate-500x207.jpg"},{"@type":"BreadcrumbList","@id":"https:\/\/www.bellunopress.it\/2020\/01\/30\/valbelluna-armi-non-denunciate-nei-guai-padre-e-figlio\/#breadcrumb","itemListElement":[{"@type":"ListItem","position":1,"name":"Home","item":"https:\/\/www.bellunopress.it\/"},{"@type":"ListItem","position":2,"name":"Valbelluna. Armi non denunciate, nei guai padre e figlio"}]},{"@type":"WebSite","@id":"https:\/\/www.bellunopress.it\/#website","url":"https:\/\/www.bellunopress.it\/","name":"Bellunopress - Dolomiti","description":"e-mail: redazione@bellunopress.it","publisher":{"@id":"https:\/\/www.bellunopress.it\/#organization"},"potentialAction":[{"@type":"SearchAction","target":{"@type":"EntryPoint","urlTemplate":"https:\/\/www.bellunopress.it\/?s={search_term_string}"},"query-input":{"@type":"PropertyValueSpecification","valueRequired":true,"valueName":"search_term_string"}}],"inLanguage":"fr-FR"},{"@type":"Organization","@id":"https:\/\/www.bellunopress.it\/#organization","name":"Bellunopress","url":"https:\/\/www.bellunopress.it\/","logo":{"@type":"ImageObject","inLanguage":"fr-FR","@id":"https:\/\/www.bellunopress.it\/#\/schema\/logo\/image\/","url":"https:\/\/www.bellunopress.it\/wp-content\/uploads\/2011\/05\/cropped-logo-bellunopress-.jpg","contentUrl":"https:\/\/www.bellunopress.it\/wp-content\/uploads\/2011\/05\/cropped-logo-bellunopress-.jpg","width":512,"height":512,"caption":"Bellunopress"},"image":{"@id":"https:\/\/www.bellunopress.it\/#\/schema\/logo\/image\/"},"sameAs":["https:\/\/www.facebook.com\/profile.php?id=100008943462799","https:\/\/x.com\/bellunopress","https:\/\/www.linkedin.com\/hp\/?dnr=JBzUWaJfMUw8vbXJJ2tVW5-I3jZKvC4wsoxE&amp;amp;amp;amp;amp;amp;trk=nav_responsive_tab_home","https:\/\/www.youtube.com\/channel\/UCxL0wu1uN0_3_7hGG0306cw"]},{"@type":"Person","@id":"https:\/\/www.bellunopress.it\/#\/schema\/person\/79bb06722b37ece1c03d3e94beb30d73","name":"r\u00e9daction","image":{"@type":"ImageObject","inLanguage":"fr-FR","@id":"https:\/\/secure.gravatar.com\/avatar\/37d968a2e67a6fd04c169c4bdef102d0bc5d31b2546345219e348575eb80e9a0?s=96&d=mm&r=g","url":"https:\/\/secure.gravatar.com\/avatar\/37d968a2e67a6fd04c169c4bdef102d0bc5d31b2546345219e348575eb80e9a0?s=96&d=mm&r=g","contentUrl":"https:\/\/secure.gravatar.com\/avatar\/37d968a2e67a6fd04c169c4bdef102d0bc5d31b2546345219e348575eb80e9a0?s=96&d=mm&r=g","caption":"redazione"},"sameAs":["http:\/\/www.bellunopress.it","https:\/\/x.com\/bellunopress"],"url":"https:\/\/www.bellunopress.it\/fr\/author\/redazione\/"}]}},"_links":{"self":[{"href":"https:\/\/www.bellunopress.it\/fr\/wp-json\/wp\/v2\/posts\/111708","targetHints":{"allow":["GET"]}}],"collection":[{"href":"https:\/\/www.bellunopress.it\/fr\/wp-json\/wp\/v2\/posts"}],"about":[{"href":"https:\/\/www.bellunopress.it\/fr\/wp-json\/wp\/v2\/types\/post"}],"author":[{"embeddable":true,"href":"https:\/\/www.bellunopress.it\/fr\/wp-json\/wp\/v2\/users\/2"}],"replies":[{"embeddable":true,"href":"https:\/\/www.bellunopress.it\/fr\/wp-json\/wp\/v2\/comments?post=111708"}],"version-history":[{"count":2,"href":"https:\/\/www.bellunopress.it\/fr\/wp-json\/wp\/v2\/posts\/111708\/revisions"}],"predecessor-version":[{"id":111711,"href":"https:\/\/www.bellunopress.it\/fr\/wp-json\/wp\/v2\/posts\/111708\/revisions\/111711"}],"wp:attachment":[{"href":"https:\/\/www.bellunopress.it\/fr\/wp-json\/wp\/v2\/media?parent=111708"}],"wp:term":[{"taxonomy":"category","embeddable":true,"href":"https:\/\/www.bellunopress.it\/fr\/wp-json\/wp\/v2\/categories?post=111708"},{"taxonomy":"post_tag","embeddable":true,"href":"https:\/\/www.bellunopress.it\/fr\/wp-json\/wp\/v2\/tags?post=111708"}],"curies":[{"name":"wp","href":"https:\/\/api.w.org\/{rel}","templated":true}]}}