{"id":111704,"date":"2020-02-02T10:53:22","date_gmt":"2020-02-02T09:53:22","guid":{"rendered":"http:\/\/www.bellunopress.it\/?p=111704"},"modified":"2020-01-30T21:05:30","modified_gmt":"2020-01-30T20:05:30","slug":"il-pianista-russo-grigory-sokolov-giovedi-6-febbraio-2020-ore-2045-al-teatro-comunale-di-belluno","status":"publish","type":"post","link":"https:\/\/www.bellunopress.it\/fr\/2020\/02\/02\/il-pianista-russo-grigory-sokolov-giovedi-6-febbraio-2020-ore-2045-al-teatro-comunale-di-belluno\/","title":{"rendered":"Il pianista russo Grigory Sokolov gioved\u00ec 6 febbraio 2020, ore 20:45 al Teatro Comunale di Belluno"},"content":{"rendered":"<p>Inizia la 67a Stagione del Circolo Culturale Bellunese e parte alla grande, con il sempre atteso concerto del pianista Grigory Sokolov, gioved\u00ec 6 febbraio 2020, ore 20:45, Teatro Comunale di Belluno.<\/p>\n<p><a href=\"http:\/\/www.bellunopress.it\/fr\/2014\/01\/15\/parte-da-belluno-la-tournee-del-celebre-pianista-sokolov-domenica-26-gennaio-ore-20-30-il-concerto-del-musicista-russo\/sokolov\/\" rel=\"attachment wp-att-55528\"><img loading=\"lazy\" decoding=\"async\" class=\"alignleft size-full wp-image-55528\" src=\"http:\/\/www.bellunopress.it\/wp-content\/uploads\/2014\/01\/Sokolov.jpg\" alt=\"\" width=\"270\" height=\"249\" \/><\/a> Un appuntamento che il pubblico, non solo bellunese, onora ogni anno con grande partecipazione e affetto, ricambiato puntualmente da Grigory Sokolov, con serate di pura magia e con i suoi famosi e innumerevoli bis. In programma, Wolfgang Amadeus Mozart, con Preludio (Fantasia) e Fuga in do maggiore, KV 394; Sonata n. 11 in la maggiore, KV 331 op. 6 n. 2; Rond\u00f2 in la minore, KV 511; e Robert Schumann, Bunte Bl\u00e4tter op. 99.<br \/>\nTutte le informazioni e le note di sala su www.belcircolo.org.<\/p>\n<p>&#8220;L\u2019unica, irripetibile natura della musica suonata dal vivo \u00e8 centrale per la comprensione della bellezza espressiva e dell\u2019irresistibile onest\u00e0 dell\u2019arte di Grigory Sokolov&#8221;. Nato a Leningrado, ora San Pietroburgo, inizia a suonare il pianoforte all&#8217;et\u00e0 di 5 anni entrando due anni pi\u00f9 tardi alla Scuola Centrale Speciale del Conservatorio di Leningrado. A 16 anni, il pi\u00f9 giovane di sempre, vince il Primo Premio al Concorso Internazionale \u010cajkovskij di Mosca, rivelando al mondo il suo prodigioso talento.<br \/>\nSokolov tiene circa settanta concerti ogni stagione, immergendosi completamente in un singolo programma e presentandolo in tutte le principali sale d\u2019Europa. Nutre per il pianoforte un profondo interesse, tanto da passare molte ore di studio sul palcoscenico per cogliere la personalit\u00e0 e le possibilit\u00e0 dello strumento con cui dovr\u00e0 condividere il momento del concerto. La critica musicale \u00e8 sempre affascinata dalla misteriosa abilit\u00e0 di Sokolov di saper &#8220;rileggere&#8221; la partitura proponendo interpretazioni originali e sempre nuove dei pezzi che suona. La capacit\u00e0 di articolare le voci interne di una struttura polifonica, l\u2019infinita variet\u00e0 delle dinamiche e dei suoni che sa estrarre dallo strumento sono caratteristiche uniche di questo grande artista.<br \/>\nNel 2014, dopo un silenzio discografico durato quasi un ventennio, Sokolov ha iniziato una collaborazione con Deutsche Grammophon, che ad oggi ha pubblicato tre registrazioni, rigorosamente tutte dal vivo, di suoi concerti.<\/p>","protected":false},"excerpt":{"rendered":"<p>Inizia la 67a Stagione del Circolo Culturale Bellunese e parte alla grande, con il sempre atteso concerto del pianista Grigory Sokolov, gioved\u00ec 6 febbraio 2020, ore 20:45, Teatro Comunale di Belluno. Un appuntamento che il pubblico, non solo bellunese, onora ogni anno con grande partecipazione e affetto, ricambiato puntualmente da Grigory Sokolov, con serate di [&hellip;]<\/p>\n","protected":false},"author":2,"featured_media":0,"comment_status":"closed","ping_status":"open","sticky":false,"template":"","format":"standard","meta":{"footnotes":""},"categories":[1],"tags":[],"class_list":["post-111704","post","type-post","status-publish","format-standard","category-leo"],"yoast_head":"<!-- This site is optimized with the Yoast SEO plugin v28.4 - https:\/\/yoast.com\/product\/yoast-seo-wordpress\/ -->\n<title>Il pianista russo Grigory Sokolov gioved\u00ec 6 febbraio 2020, ore 20:45 al Teatro Comunale di Belluno - Bellunopress - Dolomiti<\/title>\n<meta name=\"robots\" content=\"index, follow, max-snippet:-1, max-image-preview:large, max-video-preview:-1\" \/>\n<link rel=\"canonical\" href=\"https:\/\/www.bellunopress.it\/fr\/2020\/02\/02\/il-pianista-russo-grigory-sokolov-giovedi-6-febbraio-2020-ore-2045-al-teatro-comunale-di-belluno\/\" \/>\n<meta property=\"og:locale\" content=\"fr_FR\" \/>\n<meta property=\"og:type\" content=\"article\" \/>\n<meta property=\"og:title\" content=\"Il pianista russo Grigory Sokolov gioved\u00ec 6 febbraio 2020, ore 20:45 al Teatro Comunale di Belluno - Bellunopress - Dolomiti\" \/>\n<meta property=\"og:description\" content=\"Inizia la 67a Stagione del Circolo Culturale Bellunese e parte alla grande, con il sempre atteso concerto del pianista Grigory Sokolov, gioved\u00ec 6 febbraio 2020, ore 20:45, Teatro Comunale di Belluno. Un appuntamento che il pubblico, non solo bellunese, onora ogni anno con grande partecipazione e affetto, ricambiato puntualmente da Grigory Sokolov, con serate di [&hellip;]\" \/>\n<meta property=\"og:url\" content=\"https:\/\/www.bellunopress.it\/fr\/2020\/02\/02\/il-pianista-russo-grigory-sokolov-giovedi-6-febbraio-2020-ore-2045-al-teatro-comunale-di-belluno\/\" \/>\n<meta property=\"og:site_name\" content=\"Bellunopress - Dolomiti\" \/>\n<meta property=\"article:publisher\" content=\"https:\/\/www.facebook.com\/profile.php?id=100008943462799\" \/>\n<meta property=\"article:published_time\" content=\"2020-02-02T09:53:22+00:00\" \/>\n<meta property=\"og:image\" content=\"http:\/\/www.bellunopress.it\/wp-content\/uploads\/2014\/01\/Sokolov.jpg\" \/>\n<meta name=\"author\" content=\"redazione\" \/>\n<meta name=\"twitter:card\" content=\"summary_large_image\" \/>\n<meta name=\"twitter:creator\" content=\"@bellunopress\" \/>\n<meta name=\"twitter:site\" content=\"@bellunopress\" \/>\n<meta name=\"twitter:label1\" content=\"\u00c9crit par\" \/>\n\t<meta name=\"twitter:data1\" content=\"redazione\" \/>\n\t<meta name=\"twitter:label2\" content=\"Dur\u00e9e de lecture estim\u00e9e\" \/>\n\t<meta name=\"twitter:data2\" content=\"2 minutes\" \/>\n<script type=\"application\/ld+json\" class=\"yoast-schema-graph\">{\"@context\":\"https:\\\/\\\/schema.org\",\"@graph\":[{\"@type\":\"Article\",\"@id\":\"https:\\\/\\\/www.bellunopress.it\\\/2020\\\/02\\\/02\\\/il-pianista-russo-grigory-sokolov-giovedi-6-febbraio-2020-ore-2045-al-teatro-comunale-di-belluno\\\/#article\",\"isPartOf\":{\"@id\":\"https:\\\/\\\/www.bellunopress.it\\\/2020\\\/02\\\/02\\\/il-pianista-russo-grigory-sokolov-giovedi-6-febbraio-2020-ore-2045-al-teatro-comunale-di-belluno\\\/\"},\"author\":{\"name\":\"redazione\",\"@id\":\"https:\\\/\\\/www.bellunopress.it\\\/#\\\/schema\\\/person\\\/79bb06722b37ece1c03d3e94beb30d73\"},\"headline\":\"Il pianista russo Grigory Sokolov gioved\u00ec 6 febbraio 2020, ore 20:45 al Teatro Comunale di Belluno\",\"datePublished\":\"2020-02-02T09:53:22+00:00\",\"mainEntityOfPage\":{\"@id\":\"https:\\\/\\\/www.bellunopress.it\\\/2020\\\/02\\\/02\\\/il-pianista-russo-grigory-sokolov-giovedi-6-febbraio-2020-ore-2045-al-teatro-comunale-di-belluno\\\/\"},\"wordCount\":340,\"publisher\":{\"@id\":\"https:\\\/\\\/www.bellunopress.it\\\/#organization\"},\"image\":{\"@id\":\"https:\\\/\\\/www.bellunopress.it\\\/2020\\\/02\\\/02\\\/il-pianista-russo-grigory-sokolov-giovedi-6-febbraio-2020-ore-2045-al-teatro-comunale-di-belluno\\\/#primaryimage\"},\"thumbnailUrl\":\"http:\\\/\\\/www.bellunopress.it\\\/wp-content\\\/uploads\\\/2014\\\/01\\\/Sokolov.jpg\",\"articleSection\":[\"Lettere Opinioni\"],\"inLanguage\":\"fr-FR\"},{\"@type\":\"WebPage\",\"@id\":\"https:\\\/\\\/www.bellunopress.it\\\/2020\\\/02\\\/02\\\/il-pianista-russo-grigory-sokolov-giovedi-6-febbraio-2020-ore-2045-al-teatro-comunale-di-belluno\\\/\",\"url\":\"https:\\\/\\\/www.bellunopress.it\\\/2020\\\/02\\\/02\\\/il-pianista-russo-grigory-sokolov-giovedi-6-febbraio-2020-ore-2045-al-teatro-comunale-di-belluno\\\/\",\"name\":\"Il pianista russo Grigory Sokolov gioved\u00ec 6 febbraio 2020, ore 20:45 al Teatro Comunale di Belluno - Bellunopress - Dolomiti\",\"isPartOf\":{\"@id\":\"https:\\\/\\\/www.bellunopress.it\\\/#website\"},\"primaryImageOfPage\":{\"@id\":\"https:\\\/\\\/www.bellunopress.it\\\/2020\\\/02\\\/02\\\/il-pianista-russo-grigory-sokolov-giovedi-6-febbraio-2020-ore-2045-al-teatro-comunale-di-belluno\\\/#primaryimage\"},\"image\":{\"@id\":\"https:\\\/\\\/www.bellunopress.it\\\/2020\\\/02\\\/02\\\/il-pianista-russo-grigory-sokolov-giovedi-6-febbraio-2020-ore-2045-al-teatro-comunale-di-belluno\\\/#primaryimage\"},\"thumbnailUrl\":\"http:\\\/\\\/www.bellunopress.it\\\/wp-content\\\/uploads\\\/2014\\\/01\\\/Sokolov.jpg\",\"datePublished\":\"2020-02-02T09:53:22+00:00\",\"breadcrumb\":{\"@id\":\"https:\\\/\\\/www.bellunopress.it\\\/2020\\\/02\\\/02\\\/il-pianista-russo-grigory-sokolov-giovedi-6-febbraio-2020-ore-2045-al-teatro-comunale-di-belluno\\\/#breadcrumb\"},\"inLanguage\":\"fr-FR\",\"potentialAction\":[{\"@type\":\"ReadAction\",\"target\":[\"https:\\\/\\\/www.bellunopress.it\\\/2020\\\/02\\\/02\\\/il-pianista-russo-grigory-sokolov-giovedi-6-febbraio-2020-ore-2045-al-teatro-comunale-di-belluno\\\/\"]}]},{\"@type\":\"ImageObject\",\"inLanguage\":\"fr-FR\",\"@id\":\"https:\\\/\\\/www.bellunopress.it\\\/2020\\\/02\\\/02\\\/il-pianista-russo-grigory-sokolov-giovedi-6-febbraio-2020-ore-2045-al-teatro-comunale-di-belluno\\\/#primaryimage\",\"url\":\"http:\\\/\\\/www.bellunopress.it\\\/wp-content\\\/uploads\\\/2014\\\/01\\\/Sokolov.jpg\",\"contentUrl\":\"http:\\\/\\\/www.bellunopress.it\\\/wp-content\\\/uploads\\\/2014\\\/01\\\/Sokolov.jpg\"},{\"@type\":\"BreadcrumbList\",\"@id\":\"https:\\\/\\\/www.bellunopress.it\\\/2020\\\/02\\\/02\\\/il-pianista-russo-grigory-sokolov-giovedi-6-febbraio-2020-ore-2045-al-teatro-comunale-di-belluno\\\/#breadcrumb\",\"itemListElement\":[{\"@type\":\"ListItem\",\"position\":1,\"name\":\"Home\",\"item\":\"https:\\\/\\\/www.bellunopress.it\\\/\"},{\"@type\":\"ListItem\",\"position\":2,\"name\":\"Il pianista russo Grigory Sokolov gioved\u00ec 6 febbraio 2020, ore 20:45 al Teatro Comunale di Belluno\"}]},{\"@type\":\"WebSite\",\"@id\":\"https:\\\/\\\/www.bellunopress.it\\\/#website\",\"url\":\"https:\\\/\\\/www.bellunopress.it\\\/\",\"name\":\"Bellunopress - Dolomiti\",\"description\":\"e-mail: redazione@bellunopress.it\",\"publisher\":{\"@id\":\"https:\\\/\\\/www.bellunopress.it\\\/#organization\"},\"potentialAction\":[{\"@type\":\"SearchAction\",\"target\":{\"@type\":\"EntryPoint\",\"urlTemplate\":\"https:\\\/\\\/www.bellunopress.it\\\/?s={search_term_string}\"},\"query-input\":{\"@type\":\"PropertyValueSpecification\",\"valueRequired\":true,\"valueName\":\"search_term_string\"}}],\"inLanguage\":\"fr-FR\"},{\"@type\":\"Organization\",\"@id\":\"https:\\\/\\\/www.bellunopress.it\\\/#organization\",\"name\":\"Bellunopress\",\"url\":\"https:\\\/\\\/www.bellunopress.it\\\/\",\"logo\":{\"@type\":\"ImageObject\",\"inLanguage\":\"fr-FR\",\"@id\":\"https:\\\/\\\/www.bellunopress.it\\\/#\\\/schema\\\/logo\\\/image\\\/\",\"url\":\"https:\\\/\\\/www.bellunopress.it\\\/wp-content\\\/uploads\\\/2011\\\/05\\\/cropped-logo-bellunopress-.jpg\",\"contentUrl\":\"https:\\\/\\\/www.bellunopress.it\\\/wp-content\\\/uploads\\\/2011\\\/05\\\/cropped-logo-bellunopress-.jpg\",\"width\":512,\"height\":512,\"caption\":\"Bellunopress\"},\"image\":{\"@id\":\"https:\\\/\\\/www.bellunopress.it\\\/#\\\/schema\\\/logo\\\/image\\\/\"},\"sameAs\":[\"https:\\\/\\\/www.facebook.com\\\/profile.php?id=100008943462799\",\"https:\\\/\\\/x.com\\\/bellunopress\",\"https:\\\/\\\/www.linkedin.com\\\/hp\\\/?dnr=JBzUWaJfMUw8vbXJJ2tVW5-I3jZKvC4wsoxE&amp;amp;amp;amp;amp;amp;trk=nav_responsive_tab_home\",\"https:\\\/\\\/www.youtube.com\\\/channel\\\/UCxL0wu1uN0_3_7hGG0306cw\"]},{\"@type\":\"Person\",\"@id\":\"https:\\\/\\\/www.bellunopress.it\\\/#\\\/schema\\\/person\\\/79bb06722b37ece1c03d3e94beb30d73\",\"name\":\"redazione\",\"image\":{\"@type\":\"ImageObject\",\"inLanguage\":\"fr-FR\",\"@id\":\"https:\\\/\\\/secure.gravatar.com\\\/avatar\\\/37d968a2e67a6fd04c169c4bdef102d0bc5d31b2546345219e348575eb80e9a0?s=96&d=mm&r=g\",\"url\":\"https:\\\/\\\/secure.gravatar.com\\\/avatar\\\/37d968a2e67a6fd04c169c4bdef102d0bc5d31b2546345219e348575eb80e9a0?s=96&d=mm&r=g\",\"contentUrl\":\"https:\\\/\\\/secure.gravatar.com\\\/avatar\\\/37d968a2e67a6fd04c169c4bdef102d0bc5d31b2546345219e348575eb80e9a0?s=96&d=mm&r=g\",\"caption\":\"redazione\"},\"sameAs\":[\"http:\\\/\\\/www.bellunopress.it\",\"https:\\\/\\\/x.com\\\/bellunopress\"],\"url\":\"https:\\\/\\\/www.bellunopress.it\\\/fr\\\/author\\\/redazione\\\/\"}]}<\/script>\n<!-- \/ Yoast SEO plugin. -->","yoast_head_json":{"title":"Il pianista russo Grigory Sokolov gioved\u00ec 6 febbraio 2020, ore 20:45 al Teatro Comunale di Belluno - Bellunopress - Dolomiti","robots":{"index":"index","follow":"follow","max-snippet":"max-snippet:-1","max-image-preview":"max-image-preview:large","max-video-preview":"max-video-preview:-1"},"canonical":"https:\/\/www.bellunopress.it\/fr\/2020\/02\/02\/il-pianista-russo-grigory-sokolov-giovedi-6-febbraio-2020-ore-2045-al-teatro-comunale-di-belluno\/","og_locale":"fr_FR","og_type":"article","og_title":"Il pianista russo Grigory Sokolov gioved\u00ec 6 febbraio 2020, ore 20:45 al Teatro Comunale di Belluno - Bellunopress - Dolomiti","og_description":"Inizia la 67a Stagione del Circolo Culturale Bellunese e parte alla grande, con il sempre atteso concerto del pianista Grigory Sokolov, gioved\u00ec 6 febbraio 2020, ore 20:45, Teatro Comunale di Belluno. Un appuntamento che il pubblico, non solo bellunese, onora ogni anno con grande partecipazione e affetto, ricambiato puntualmente da Grigory Sokolov, con serate di [&hellip;]","og_url":"https:\/\/www.bellunopress.it\/fr\/2020\/02\/02\/il-pianista-russo-grigory-sokolov-giovedi-6-febbraio-2020-ore-2045-al-teatro-comunale-di-belluno\/","og_site_name":"Bellunopress - Dolomiti","article_publisher":"https:\/\/www.facebook.com\/profile.php?id=100008943462799","article_published_time":"2020-02-02T09:53:22+00:00","og_image":[{"url":"http:\/\/www.bellunopress.it\/wp-content\/uploads\/2014\/01\/Sokolov.jpg","type":"","width":"","height":""}],"author":"redazione","twitter_card":"summary_large_image","twitter_creator":"@bellunopress","twitter_site":"@bellunopress","twitter_misc":{"\u00c9crit par":"redazione","Dur\u00e9e de lecture estim\u00e9e":"2 minutes"},"schema":{"@context":"https:\/\/schema.org","@graph":[{"@type":"Article","@id":"https:\/\/www.bellunopress.it\/2020\/02\/02\/il-pianista-russo-grigory-sokolov-giovedi-6-febbraio-2020-ore-2045-al-teatro-comunale-di-belluno\/#article","isPartOf":{"@id":"https:\/\/www.bellunopress.it\/2020\/02\/02\/il-pianista-russo-grigory-sokolov-giovedi-6-febbraio-2020-ore-2045-al-teatro-comunale-di-belluno\/"},"author":{"name":"redazione","@id":"https:\/\/www.bellunopress.it\/#\/schema\/person\/79bb06722b37ece1c03d3e94beb30d73"},"headline":"Il pianista russo Grigory Sokolov gioved\u00ec 6 febbraio 2020, ore 20:45 al Teatro Comunale di Belluno","datePublished":"2020-02-02T09:53:22+00:00","mainEntityOfPage":{"@id":"https:\/\/www.bellunopress.it\/2020\/02\/02\/il-pianista-russo-grigory-sokolov-giovedi-6-febbraio-2020-ore-2045-al-teatro-comunale-di-belluno\/"},"wordCount":340,"publisher":{"@id":"https:\/\/www.bellunopress.it\/#organization"},"image":{"@id":"https:\/\/www.bellunopress.it\/2020\/02\/02\/il-pianista-russo-grigory-sokolov-giovedi-6-febbraio-2020-ore-2045-al-teatro-comunale-di-belluno\/#primaryimage"},"thumbnailUrl":"http:\/\/www.bellunopress.it\/wp-content\/uploads\/2014\/01\/Sokolov.jpg","articleSection":["Lettere Opinioni"],"inLanguage":"fr-FR"},{"@type":"WebPage","@id":"https:\/\/www.bellunopress.it\/2020\/02\/02\/il-pianista-russo-grigory-sokolov-giovedi-6-febbraio-2020-ore-2045-al-teatro-comunale-di-belluno\/","url":"https:\/\/www.bellunopress.it\/2020\/02\/02\/il-pianista-russo-grigory-sokolov-giovedi-6-febbraio-2020-ore-2045-al-teatro-comunale-di-belluno\/","name":"Il pianista russo Grigory Sokolov gioved\u00ec 6 febbraio 2020, ore 20:45 al Teatro Comunale di Belluno - Bellunopress - Dolomiti","isPartOf":{"@id":"https:\/\/www.bellunopress.it\/#website"},"primaryImageOfPage":{"@id":"https:\/\/www.bellunopress.it\/2020\/02\/02\/il-pianista-russo-grigory-sokolov-giovedi-6-febbraio-2020-ore-2045-al-teatro-comunale-di-belluno\/#primaryimage"},"image":{"@id":"https:\/\/www.bellunopress.it\/2020\/02\/02\/il-pianista-russo-grigory-sokolov-giovedi-6-febbraio-2020-ore-2045-al-teatro-comunale-di-belluno\/#primaryimage"},"thumbnailUrl":"http:\/\/www.bellunopress.it\/wp-content\/uploads\/2014\/01\/Sokolov.jpg","datePublished":"2020-02-02T09:53:22+00:00","breadcrumb":{"@id":"https:\/\/www.bellunopress.it\/2020\/02\/02\/il-pianista-russo-grigory-sokolov-giovedi-6-febbraio-2020-ore-2045-al-teatro-comunale-di-belluno\/#breadcrumb"},"inLanguage":"fr-FR","potentialAction":[{"@type":"ReadAction","target":["https:\/\/www.bellunopress.it\/2020\/02\/02\/il-pianista-russo-grigory-sokolov-giovedi-6-febbraio-2020-ore-2045-al-teatro-comunale-di-belluno\/"]}]},{"@type":"ImageObject","inLanguage":"fr-FR","@id":"https:\/\/www.bellunopress.it\/2020\/02\/02\/il-pianista-russo-grigory-sokolov-giovedi-6-febbraio-2020-ore-2045-al-teatro-comunale-di-belluno\/#primaryimage","url":"http:\/\/www.bellunopress.it\/wp-content\/uploads\/2014\/01\/Sokolov.jpg","contentUrl":"http:\/\/www.bellunopress.it\/wp-content\/uploads\/2014\/01\/Sokolov.jpg"},{"@type":"BreadcrumbList","@id":"https:\/\/www.bellunopress.it\/2020\/02\/02\/il-pianista-russo-grigory-sokolov-giovedi-6-febbraio-2020-ore-2045-al-teatro-comunale-di-belluno\/#breadcrumb","itemListElement":[{"@type":"ListItem","position":1,"name":"Home","item":"https:\/\/www.bellunopress.it\/"},{"@type":"ListItem","position":2,"name":"Il pianista russo Grigory Sokolov gioved\u00ec 6 febbraio 2020, ore 20:45 al Teatro Comunale di Belluno"}]},{"@type":"WebSite","@id":"https:\/\/www.bellunopress.it\/#website","url":"https:\/\/www.bellunopress.it\/","name":"Bellunopress - Dolomiti","description":"e-mail: redazione@bellunopress.it","publisher":{"@id":"https:\/\/www.bellunopress.it\/#organization"},"potentialAction":[{"@type":"SearchAction","target":{"@type":"EntryPoint","urlTemplate":"https:\/\/www.bellunopress.it\/?s={search_term_string}"},"query-input":{"@type":"PropertyValueSpecification","valueRequired":true,"valueName":"search_term_string"}}],"inLanguage":"fr-FR"},{"@type":"Organization","@id":"https:\/\/www.bellunopress.it\/#organization","name":"Bellunopress","url":"https:\/\/www.bellunopress.it\/","logo":{"@type":"ImageObject","inLanguage":"fr-FR","@id":"https:\/\/www.bellunopress.it\/#\/schema\/logo\/image\/","url":"https:\/\/www.bellunopress.it\/wp-content\/uploads\/2011\/05\/cropped-logo-bellunopress-.jpg","contentUrl":"https:\/\/www.bellunopress.it\/wp-content\/uploads\/2011\/05\/cropped-logo-bellunopress-.jpg","width":512,"height":512,"caption":"Bellunopress"},"image":{"@id":"https:\/\/www.bellunopress.it\/#\/schema\/logo\/image\/"},"sameAs":["https:\/\/www.facebook.com\/profile.php?id=100008943462799","https:\/\/x.com\/bellunopress","https:\/\/www.linkedin.com\/hp\/?dnr=JBzUWaJfMUw8vbXJJ2tVW5-I3jZKvC4wsoxE&amp;amp;amp;amp;amp;amp;trk=nav_responsive_tab_home","https:\/\/www.youtube.com\/channel\/UCxL0wu1uN0_3_7hGG0306cw"]},{"@type":"Person","@id":"https:\/\/www.bellunopress.it\/#\/schema\/person\/79bb06722b37ece1c03d3e94beb30d73","name":"r\u00e9daction","image":{"@type":"ImageObject","inLanguage":"fr-FR","@id":"https:\/\/secure.gravatar.com\/avatar\/37d968a2e67a6fd04c169c4bdef102d0bc5d31b2546345219e348575eb80e9a0?s=96&d=mm&r=g","url":"https:\/\/secure.gravatar.com\/avatar\/37d968a2e67a6fd04c169c4bdef102d0bc5d31b2546345219e348575eb80e9a0?s=96&d=mm&r=g","contentUrl":"https:\/\/secure.gravatar.com\/avatar\/37d968a2e67a6fd04c169c4bdef102d0bc5d31b2546345219e348575eb80e9a0?s=96&d=mm&r=g","caption":"redazione"},"sameAs":["http:\/\/www.bellunopress.it","https:\/\/x.com\/bellunopress"],"url":"https:\/\/www.bellunopress.it\/fr\/author\/redazione\/"}]}},"_links":{"self":[{"href":"https:\/\/www.bellunopress.it\/fr\/wp-json\/wp\/v2\/posts\/111704","targetHints":{"allow":["GET"]}}],"collection":[{"href":"https:\/\/www.bellunopress.it\/fr\/wp-json\/wp\/v2\/posts"}],"about":[{"href":"https:\/\/www.bellunopress.it\/fr\/wp-json\/wp\/v2\/types\/post"}],"author":[{"embeddable":true,"href":"https:\/\/www.bellunopress.it\/fr\/wp-json\/wp\/v2\/users\/2"}],"replies":[{"embeddable":true,"href":"https:\/\/www.bellunopress.it\/fr\/wp-json\/wp\/v2\/comments?post=111704"}],"version-history":[{"count":1,"href":"https:\/\/www.bellunopress.it\/fr\/wp-json\/wp\/v2\/posts\/111704\/revisions"}],"predecessor-version":[{"id":111705,"href":"https:\/\/www.bellunopress.it\/fr\/wp-json\/wp\/v2\/posts\/111704\/revisions\/111705"}],"wp:attachment":[{"href":"https:\/\/www.bellunopress.it\/fr\/wp-json\/wp\/v2\/media?parent=111704"}],"wp:term":[{"taxonomy":"category","embeddable":true,"href":"https:\/\/www.bellunopress.it\/fr\/wp-json\/wp\/v2\/categories?post=111704"},{"taxonomy":"post_tag","embeddable":true,"href":"https:\/\/www.bellunopress.it\/fr\/wp-json\/wp\/v2\/tags?post=111704"}],"curies":[{"name":"wp","href":"https:\/\/api.w.org\/{rel}","templated":true}]}}