{"id":111702,"date":"2020-01-30T20:48:11","date_gmt":"2020-01-30T19:48:11","guid":{"rendered":"http:\/\/www.bellunopress.it\/?p=111702"},"modified":"2020-01-30T20:48:11","modified_gmt":"2020-01-30T19:48:11","slug":"amitav-ghosh-il-piu-amato-narratore-indiano-sabato-alle-18-al-miramonti-di-cortina","status":"publish","type":"post","link":"https:\/\/www.bellunopress.it\/fr\/2020\/01\/30\/amitav-ghosh-il-piu-amato-narratore-indiano-sabato-alle-18-al-miramonti-di-cortina\/","title":{"rendered":"Amitav Ghosh, il pi\u00f9 amato narratore indiano, sabato alle 18 al Miramonti di Cortina"},"content":{"rendered":"<p>Per la prima volta nelle Dolomiti ampezzane, \u00e8 il grande narratore indiano in lingua inglese Amitav Ghosh l\u2019ospite di eccezione di Una Montagna di Libri, la festa internazionale della letteratura di Cortina d\u2019Ampezzo. Autore di gioielli amati da centinaia di migliaia di lettori come \u201cIl cromosoma Calcutta\u201d, \u201cIl paese delle maree\u201d e la trilogia dell\u2019Ibis, Ghosh sar\u00e0 a Cortina per raccontare il suo nuovo romanzo, L\u2019Isola dei fucili (Neri Pozza), che porta un commerciante bengalese di libri rari, sulle tracce di antiche leggende, fino a Venezia.<\/p>\n<figure id=\"attachment_91878\" aria-describedby=\"caption-attachment-91878\" style=\"width: 300px\" class=\"wp-caption alignleft\"><a href=\"http:\/\/www.bellunopress.it\/fr\/2017\/12\/31\/gennaro-sangiuliano-racconta-il-successo-di-trump-sa-ascoltare-luomo-della-strada-sara-rieletto-mentana-litalia-una-piscina-confortevole-per-anziani-greco-trump-e-un-leader-avveduto\/miramonti-2\/\" rel=\"attachment wp-att-91878\"><img loading=\"lazy\" decoding=\"async\" class=\"size-full wp-image-91878\" src=\"http:\/\/www.bellunopress.it\/wp-content\/uploads\/2017\/12\/miramonti.jpg\" alt=\"\" width=\"300\" height=\"193\" \/><\/a><figcaption id=\"caption-attachment-91878\" class=\"wp-caption-text\">Grand Hotel Miramonti Majestic &#8211; Cortina d&#8217;Ampezzo<\/figcaption><\/figure>\n<p>L\u2019appuntamento \u00e8 per sabato 1 febbraio 2020, ore 18, presso il Miramonti Majestic Grand Hotel di Cortina d\u2019Ampezzo. Con Francesco Chiamulera. Traduzione dall\u2019inglese di Sarah Cuminetti.<\/p>\n<p>Amitav Ghosh<\/p>\n<p>Amitav Ghosh \u00e8 nato a Calcutta nel 1956, ha studiato a Oxford e attualmente vive tra l\u2019India e New York. Considerato uno dei pi\u00f9 grandi scrittori indiani, ha pubblicato Il paese delle maree (2005), Circostanze incendiarie (2006), Il Palazzo degli specchi (2007), Mare di papaveri (2008), Il cromosoma Calcutta (2008), Lo schiavo del manoscritto (2009), Le linee d&#8217;ombra (2010), Il fiume dell&#8217;oppio (2011), Diluvio di fuoco (2015) e La grande cecit\u00e0 (2017).<\/p>\n<p>Il libro<\/p>\n<p>Commerciante di libri rari e oggetti d\u2019antiquariato, Deen vive e lavora a Brooklyn, ma \u00e8 nato nel Bengala. In uno dei suoi ritorni a Calcutta, Deen incontra un lontano parente che gli narra la storia di Bonduki Sadagar, il \u00abmercante di fucili\u00bb, che aveva fatto infuriare Manasa Devi, la dea dei serpenti, rifiutando di diventare suo devoto. Tormentato dai serpenti e perseguitato da alluvioni e carestie, era fuggito, trovando riparo al di l\u00e0 del mare in una terra chiamata \u00abIsola dei fucili\u00bb. Comincia cos\u00ec, per il commerciante di Brooklyn, uno straordinario viaggio che dalle isole Sundarban lo porter\u00e0 a Los Angeles, fino a Venezia. Attraverser\u00e0 secoli e terre, mentre antiche leggende e miti acquistano un nuovo significato in un mondo come il nostro, dove la guerra tra profitto e Natura sembra ormai non lasciare pi\u00f9 vie di scampo al di l\u00e0 dei mari.<\/p>\n<p>L\u2019incontro con Amitav Ghosh \u00e8 quindi per sabato 1 febbraio 2020, ore 18, presso il Miramonti Majestic Grand Hotel di Cortina d\u2019Ampezzo. Ingresso libero fino a esaurimento posti.<\/p>\n<p>Save the date<\/p>\n<p>Il prossimo incontro di Una Montagna di Libri \u00e8 per sabato 8 febbraio 2020 alle 18 con Paolo Mieli, uno dei pi\u00f9 grandi scrittori indiani, per la prima volta a Cortina, che presenter\u00e0 il suo libro L\u2019Isola dei fucili (Neri Pozza). Per maggiori informazioni: unamontagnadilibri.it.<\/p>\n<p>30 gennaio 2020<\/p>\n<p>Powered by<\/p>\n<p>&#8212;&#8212;&#8212;&#8212;<\/p>\n<p>Una Montagna di Libri ha luogo a Cortina d\u2019Ampezzo d\u2019estate e d\u2019inverno, in due edizioni. Con oltre settanta incontri annuali, \u00e8 la manifestazione protagonista della stagione letteraria cortinese. Ospiti delle precedenti edizioni della rassegna sono stati, tra gli altri, Emmanuel Carr\u00e8re, Hanif Kureishi, Alessandro Piperno, Peter Cameron, Paolo Sorrentino, Azar Nafisi, Alberto Arbasino, Serge Latouche, Goli Taraghi, Marco Paolini, Sonallah Ibrahim, Boris Pahor, Mogol, Pietro Citati, Raffaele La Capria, Renzo Arbore, Dacia Maraini, Kenneth Minogue. La manifestazione \u00e8 realizzata in convenzione con il Comune di Cortina d\u2019Ampezzo e in collaborazione con la Regione del Veneto. Responsabile della manifestazione \u00e8 Francesco Chiamulera.<\/p>","protected":false},"excerpt":{"rendered":"<p>Per la prima volta nelle Dolomiti ampezzane, \u00e8 il grande narratore indiano in lingua inglese Amitav Ghosh l\u2019ospite di eccezione di Una Montagna di Libri, la festa internazionale della letteratura di Cortina d\u2019Ampezzo. Autore di gioielli amati da centinaia di migliaia di lettori come \u201cIl cromosoma Calcutta\u201d, \u201cIl paese delle maree\u201d e la trilogia dell\u2019Ibis, [&hellip;]<\/p>\n","protected":false},"author":2,"featured_media":0,"comment_status":"closed","ping_status":"open","sticky":false,"template":"","format":"standard","meta":{"footnotes":""},"categories":[27,3,25],"tags":[],"class_list":["post-111702","post","type-post","status-publish","format-standard","category-appuntamenti","category-arte-cultura-spettacoli-scienza-archivi","category-pausa-caffe"],"yoast_head":"<!-- This site is optimized with the Yoast SEO plugin v28.4 - https:\/\/yoast.com\/product\/yoast-seo-wordpress\/ -->\n<title>Amitav Ghosh, il pi\u00f9 amato narratore indiano, sabato alle 18 al Miramonti di Cortina - Bellunopress - Dolomiti<\/title>\n<meta name=\"robots\" content=\"index, follow, max-snippet:-1, max-image-preview:large, max-video-preview:-1\" \/>\n<link rel=\"canonical\" href=\"https:\/\/www.bellunopress.it\/fr\/2020\/01\/30\/amitav-ghosh-il-piu-amato-narratore-indiano-sabato-alle-18-al-miramonti-di-cortina\/\" \/>\n<meta property=\"og:locale\" content=\"fr_FR\" \/>\n<meta property=\"og:type\" content=\"article\" \/>\n<meta property=\"og:title\" content=\"Amitav Ghosh, il pi\u00f9 amato narratore indiano, sabato alle 18 al Miramonti di Cortina - Bellunopress - Dolomiti\" \/>\n<meta property=\"og:description\" content=\"Per la prima volta nelle Dolomiti ampezzane, \u00e8 il grande narratore indiano in lingua inglese Amitav Ghosh l\u2019ospite di eccezione di Una Montagna di Libri, la festa internazionale della letteratura di Cortina d\u2019Ampezzo. Autore di gioielli amati da centinaia di migliaia di lettori come \u201cIl cromosoma Calcutta\u201d, \u201cIl paese delle maree\u201d e la trilogia dell\u2019Ibis, [&hellip;]\" \/>\n<meta property=\"og:url\" content=\"https:\/\/www.bellunopress.it\/fr\/2020\/01\/30\/amitav-ghosh-il-piu-amato-narratore-indiano-sabato-alle-18-al-miramonti-di-cortina\/\" \/>\n<meta property=\"og:site_name\" content=\"Bellunopress - Dolomiti\" \/>\n<meta property=\"article:publisher\" content=\"https:\/\/www.facebook.com\/profile.php?id=100008943462799\" \/>\n<meta property=\"article:published_time\" content=\"2020-01-30T19:48:11+00:00\" \/>\n<meta property=\"og:image\" content=\"http:\/\/www.bellunopress.it\/wp-content\/uploads\/2017\/12\/miramonti.jpg\" \/>\n<meta name=\"author\" content=\"redazione\" \/>\n<meta name=\"twitter:card\" content=\"summary_large_image\" \/>\n<meta name=\"twitter:creator\" content=\"@bellunopress\" \/>\n<meta name=\"twitter:site\" content=\"@bellunopress\" \/>\n<meta name=\"twitter:label1\" content=\"\u00c9crit par\" \/>\n\t<meta name=\"twitter:data1\" content=\"redazione\" \/>\n\t<meta name=\"twitter:label2\" content=\"Dur\u00e9e de lecture estim\u00e9e\" \/>\n\t<meta name=\"twitter:data2\" content=\"3 minutes\" \/>\n<script type=\"application\/ld+json\" class=\"yoast-schema-graph\">{\"@context\":\"https:\\\/\\\/schema.org\",\"@graph\":[{\"@type\":\"Article\",\"@id\":\"https:\\\/\\\/www.bellunopress.it\\\/2020\\\/01\\\/30\\\/amitav-ghosh-il-piu-amato-narratore-indiano-sabato-alle-18-al-miramonti-di-cortina\\\/#article\",\"isPartOf\":{\"@id\":\"https:\\\/\\\/www.bellunopress.it\\\/2020\\\/01\\\/30\\\/amitav-ghosh-il-piu-amato-narratore-indiano-sabato-alle-18-al-miramonti-di-cortina\\\/\"},\"author\":{\"name\":\"redazione\",\"@id\":\"https:\\\/\\\/www.bellunopress.it\\\/#\\\/schema\\\/person\\\/79bb06722b37ece1c03d3e94beb30d73\"},\"headline\":\"Amitav Ghosh, il pi\u00f9 amato narratore indiano, sabato alle 18 al Miramonti di Cortina\",\"datePublished\":\"2020-01-30T19:48:11+00:00\",\"mainEntityOfPage\":{\"@id\":\"https:\\\/\\\/www.bellunopress.it\\\/2020\\\/01\\\/30\\\/amitav-ghosh-il-piu-amato-narratore-indiano-sabato-alle-18-al-miramonti-di-cortina\\\/\"},\"wordCount\":531,\"publisher\":{\"@id\":\"https:\\\/\\\/www.bellunopress.it\\\/#organization\"},\"image\":{\"@id\":\"https:\\\/\\\/www.bellunopress.it\\\/2020\\\/01\\\/30\\\/amitav-ghosh-il-piu-amato-narratore-indiano-sabato-alle-18-al-miramonti-di-cortina\\\/#primaryimage\"},\"thumbnailUrl\":\"http:\\\/\\\/www.bellunopress.it\\\/wp-content\\\/uploads\\\/2017\\\/12\\\/miramonti.jpg\",\"articleSection\":[\"Appuntamenti, Eventi\",\"Arte, Cultura, Spettacoli, Scienza\",\"Pausa Caff\u00e8\"],\"inLanguage\":\"fr-FR\"},{\"@type\":\"WebPage\",\"@id\":\"https:\\\/\\\/www.bellunopress.it\\\/2020\\\/01\\\/30\\\/amitav-ghosh-il-piu-amato-narratore-indiano-sabato-alle-18-al-miramonti-di-cortina\\\/\",\"url\":\"https:\\\/\\\/www.bellunopress.it\\\/2020\\\/01\\\/30\\\/amitav-ghosh-il-piu-amato-narratore-indiano-sabato-alle-18-al-miramonti-di-cortina\\\/\",\"name\":\"Amitav Ghosh, il pi\u00f9 amato narratore indiano, sabato alle 18 al Miramonti di Cortina - Bellunopress - Dolomiti\",\"isPartOf\":{\"@id\":\"https:\\\/\\\/www.bellunopress.it\\\/#website\"},\"primaryImageOfPage\":{\"@id\":\"https:\\\/\\\/www.bellunopress.it\\\/2020\\\/01\\\/30\\\/amitav-ghosh-il-piu-amato-narratore-indiano-sabato-alle-18-al-miramonti-di-cortina\\\/#primaryimage\"},\"image\":{\"@id\":\"https:\\\/\\\/www.bellunopress.it\\\/2020\\\/01\\\/30\\\/amitav-ghosh-il-piu-amato-narratore-indiano-sabato-alle-18-al-miramonti-di-cortina\\\/#primaryimage\"},\"thumbnailUrl\":\"http:\\\/\\\/www.bellunopress.it\\\/wp-content\\\/uploads\\\/2017\\\/12\\\/miramonti.jpg\",\"datePublished\":\"2020-01-30T19:48:11+00:00\",\"breadcrumb\":{\"@id\":\"https:\\\/\\\/www.bellunopress.it\\\/2020\\\/01\\\/30\\\/amitav-ghosh-il-piu-amato-narratore-indiano-sabato-alle-18-al-miramonti-di-cortina\\\/#breadcrumb\"},\"inLanguage\":\"fr-FR\",\"potentialAction\":[{\"@type\":\"ReadAction\",\"target\":[\"https:\\\/\\\/www.bellunopress.it\\\/2020\\\/01\\\/30\\\/amitav-ghosh-il-piu-amato-narratore-indiano-sabato-alle-18-al-miramonti-di-cortina\\\/\"]}]},{\"@type\":\"ImageObject\",\"inLanguage\":\"fr-FR\",\"@id\":\"https:\\\/\\\/www.bellunopress.it\\\/2020\\\/01\\\/30\\\/amitav-ghosh-il-piu-amato-narratore-indiano-sabato-alle-18-al-miramonti-di-cortina\\\/#primaryimage\",\"url\":\"http:\\\/\\\/www.bellunopress.it\\\/wp-content\\\/uploads\\\/2017\\\/12\\\/miramonti.jpg\",\"contentUrl\":\"http:\\\/\\\/www.bellunopress.it\\\/wp-content\\\/uploads\\\/2017\\\/12\\\/miramonti.jpg\"},{\"@type\":\"BreadcrumbList\",\"@id\":\"https:\\\/\\\/www.bellunopress.it\\\/2020\\\/01\\\/30\\\/amitav-ghosh-il-piu-amato-narratore-indiano-sabato-alle-18-al-miramonti-di-cortina\\\/#breadcrumb\",\"itemListElement\":[{\"@type\":\"ListItem\",\"position\":1,\"name\":\"Home\",\"item\":\"https:\\\/\\\/www.bellunopress.it\\\/\"},{\"@type\":\"ListItem\",\"position\":2,\"name\":\"Amitav Ghosh, il pi\u00f9 amato narratore indiano, sabato alle 18 al Miramonti di Cortina\"}]},{\"@type\":\"WebSite\",\"@id\":\"https:\\\/\\\/www.bellunopress.it\\\/#website\",\"url\":\"https:\\\/\\\/www.bellunopress.it\\\/\",\"name\":\"Bellunopress - Dolomiti\",\"description\":\"e-mail: redazione@bellunopress.it\",\"publisher\":{\"@id\":\"https:\\\/\\\/www.bellunopress.it\\\/#organization\"},\"potentialAction\":[{\"@type\":\"SearchAction\",\"target\":{\"@type\":\"EntryPoint\",\"urlTemplate\":\"https:\\\/\\\/www.bellunopress.it\\\/?s={search_term_string}\"},\"query-input\":{\"@type\":\"PropertyValueSpecification\",\"valueRequired\":true,\"valueName\":\"search_term_string\"}}],\"inLanguage\":\"fr-FR\"},{\"@type\":\"Organization\",\"@id\":\"https:\\\/\\\/www.bellunopress.it\\\/#organization\",\"name\":\"Bellunopress\",\"url\":\"https:\\\/\\\/www.bellunopress.it\\\/\",\"logo\":{\"@type\":\"ImageObject\",\"inLanguage\":\"fr-FR\",\"@id\":\"https:\\\/\\\/www.bellunopress.it\\\/#\\\/schema\\\/logo\\\/image\\\/\",\"url\":\"https:\\\/\\\/www.bellunopress.it\\\/wp-content\\\/uploads\\\/2011\\\/05\\\/cropped-logo-bellunopress-.jpg\",\"contentUrl\":\"https:\\\/\\\/www.bellunopress.it\\\/wp-content\\\/uploads\\\/2011\\\/05\\\/cropped-logo-bellunopress-.jpg\",\"width\":512,\"height\":512,\"caption\":\"Bellunopress\"},\"image\":{\"@id\":\"https:\\\/\\\/www.bellunopress.it\\\/#\\\/schema\\\/logo\\\/image\\\/\"},\"sameAs\":[\"https:\\\/\\\/www.facebook.com\\\/profile.php?id=100008943462799\",\"https:\\\/\\\/x.com\\\/bellunopress\",\"https:\\\/\\\/www.linkedin.com\\\/hp\\\/?dnr=JBzUWaJfMUw8vbXJJ2tVW5-I3jZKvC4wsoxE&amp;amp;amp;amp;amp;amp;trk=nav_responsive_tab_home\",\"https:\\\/\\\/www.youtube.com\\\/channel\\\/UCxL0wu1uN0_3_7hGG0306cw\"]},{\"@type\":\"Person\",\"@id\":\"https:\\\/\\\/www.bellunopress.it\\\/#\\\/schema\\\/person\\\/79bb06722b37ece1c03d3e94beb30d73\",\"name\":\"redazione\",\"image\":{\"@type\":\"ImageObject\",\"inLanguage\":\"fr-FR\",\"@id\":\"https:\\\/\\\/secure.gravatar.com\\\/avatar\\\/37d968a2e67a6fd04c169c4bdef102d0bc5d31b2546345219e348575eb80e9a0?s=96&d=mm&r=g\",\"url\":\"https:\\\/\\\/secure.gravatar.com\\\/avatar\\\/37d968a2e67a6fd04c169c4bdef102d0bc5d31b2546345219e348575eb80e9a0?s=96&d=mm&r=g\",\"contentUrl\":\"https:\\\/\\\/secure.gravatar.com\\\/avatar\\\/37d968a2e67a6fd04c169c4bdef102d0bc5d31b2546345219e348575eb80e9a0?s=96&d=mm&r=g\",\"caption\":\"redazione\"},\"sameAs\":[\"http:\\\/\\\/www.bellunopress.it\",\"https:\\\/\\\/x.com\\\/bellunopress\"],\"url\":\"https:\\\/\\\/www.bellunopress.it\\\/fr\\\/author\\\/redazione\\\/\"}]}<\/script>\n<!-- \/ Yoast SEO plugin. -->","yoast_head_json":{"title":"Amitav Ghosh, il pi\u00f9 amato narratore indiano, sabato alle 18 al Miramonti di Cortina - Bellunopress - Dolomiti","robots":{"index":"index","follow":"follow","max-snippet":"max-snippet:-1","max-image-preview":"max-image-preview:large","max-video-preview":"max-video-preview:-1"},"canonical":"https:\/\/www.bellunopress.it\/fr\/2020\/01\/30\/amitav-ghosh-il-piu-amato-narratore-indiano-sabato-alle-18-al-miramonti-di-cortina\/","og_locale":"fr_FR","og_type":"article","og_title":"Amitav Ghosh, il pi\u00f9 amato narratore indiano, sabato alle 18 al Miramonti di Cortina - Bellunopress - Dolomiti","og_description":"Per la prima volta nelle Dolomiti ampezzane, \u00e8 il grande narratore indiano in lingua inglese Amitav Ghosh l\u2019ospite di eccezione di Una Montagna di Libri, la festa internazionale della letteratura di Cortina d\u2019Ampezzo. Autore di gioielli amati da centinaia di migliaia di lettori come \u201cIl cromosoma Calcutta\u201d, \u201cIl paese delle maree\u201d e la trilogia dell\u2019Ibis, [&hellip;]","og_url":"https:\/\/www.bellunopress.it\/fr\/2020\/01\/30\/amitav-ghosh-il-piu-amato-narratore-indiano-sabato-alle-18-al-miramonti-di-cortina\/","og_site_name":"Bellunopress - Dolomiti","article_publisher":"https:\/\/www.facebook.com\/profile.php?id=100008943462799","article_published_time":"2020-01-30T19:48:11+00:00","og_image":[{"url":"http:\/\/www.bellunopress.it\/wp-content\/uploads\/2017\/12\/miramonti.jpg","type":"","width":"","height":""}],"author":"redazione","twitter_card":"summary_large_image","twitter_creator":"@bellunopress","twitter_site":"@bellunopress","twitter_misc":{"\u00c9crit par":"redazione","Dur\u00e9e de lecture estim\u00e9e":"3 minutes"},"schema":{"@context":"https:\/\/schema.org","@graph":[{"@type":"Article","@id":"https:\/\/www.bellunopress.it\/2020\/01\/30\/amitav-ghosh-il-piu-amato-narratore-indiano-sabato-alle-18-al-miramonti-di-cortina\/#article","isPartOf":{"@id":"https:\/\/www.bellunopress.it\/2020\/01\/30\/amitav-ghosh-il-piu-amato-narratore-indiano-sabato-alle-18-al-miramonti-di-cortina\/"},"author":{"name":"redazione","@id":"https:\/\/www.bellunopress.it\/#\/schema\/person\/79bb06722b37ece1c03d3e94beb30d73"},"headline":"Amitav Ghosh, il pi\u00f9 amato narratore indiano, sabato alle 18 al Miramonti di Cortina","datePublished":"2020-01-30T19:48:11+00:00","mainEntityOfPage":{"@id":"https:\/\/www.bellunopress.it\/2020\/01\/30\/amitav-ghosh-il-piu-amato-narratore-indiano-sabato-alle-18-al-miramonti-di-cortina\/"},"wordCount":531,"publisher":{"@id":"https:\/\/www.bellunopress.it\/#organization"},"image":{"@id":"https:\/\/www.bellunopress.it\/2020\/01\/30\/amitav-ghosh-il-piu-amato-narratore-indiano-sabato-alle-18-al-miramonti-di-cortina\/#primaryimage"},"thumbnailUrl":"http:\/\/www.bellunopress.it\/wp-content\/uploads\/2017\/12\/miramonti.jpg","articleSection":["Appuntamenti, Eventi","Arte, Cultura, Spettacoli, Scienza","Pausa Caff\u00e8"],"inLanguage":"fr-FR"},{"@type":"WebPage","@id":"https:\/\/www.bellunopress.it\/2020\/01\/30\/amitav-ghosh-il-piu-amato-narratore-indiano-sabato-alle-18-al-miramonti-di-cortina\/","url":"https:\/\/www.bellunopress.it\/2020\/01\/30\/amitav-ghosh-il-piu-amato-narratore-indiano-sabato-alle-18-al-miramonti-di-cortina\/","name":"Amitav Ghosh, il pi\u00f9 amato narratore indiano, sabato alle 18 al Miramonti di Cortina - Bellunopress - Dolomiti","isPartOf":{"@id":"https:\/\/www.bellunopress.it\/#website"},"primaryImageOfPage":{"@id":"https:\/\/www.bellunopress.it\/2020\/01\/30\/amitav-ghosh-il-piu-amato-narratore-indiano-sabato-alle-18-al-miramonti-di-cortina\/#primaryimage"},"image":{"@id":"https:\/\/www.bellunopress.it\/2020\/01\/30\/amitav-ghosh-il-piu-amato-narratore-indiano-sabato-alle-18-al-miramonti-di-cortina\/#primaryimage"},"thumbnailUrl":"http:\/\/www.bellunopress.it\/wp-content\/uploads\/2017\/12\/miramonti.jpg","datePublished":"2020-01-30T19:48:11+00:00","breadcrumb":{"@id":"https:\/\/www.bellunopress.it\/2020\/01\/30\/amitav-ghosh-il-piu-amato-narratore-indiano-sabato-alle-18-al-miramonti-di-cortina\/#breadcrumb"},"inLanguage":"fr-FR","potentialAction":[{"@type":"ReadAction","target":["https:\/\/www.bellunopress.it\/2020\/01\/30\/amitav-ghosh-il-piu-amato-narratore-indiano-sabato-alle-18-al-miramonti-di-cortina\/"]}]},{"@type":"ImageObject","inLanguage":"fr-FR","@id":"https:\/\/www.bellunopress.it\/2020\/01\/30\/amitav-ghosh-il-piu-amato-narratore-indiano-sabato-alle-18-al-miramonti-di-cortina\/#primaryimage","url":"http:\/\/www.bellunopress.it\/wp-content\/uploads\/2017\/12\/miramonti.jpg","contentUrl":"http:\/\/www.bellunopress.it\/wp-content\/uploads\/2017\/12\/miramonti.jpg"},{"@type":"BreadcrumbList","@id":"https:\/\/www.bellunopress.it\/2020\/01\/30\/amitav-ghosh-il-piu-amato-narratore-indiano-sabato-alle-18-al-miramonti-di-cortina\/#breadcrumb","itemListElement":[{"@type":"ListItem","position":1,"name":"Home","item":"https:\/\/www.bellunopress.it\/"},{"@type":"ListItem","position":2,"name":"Amitav Ghosh, il pi\u00f9 amato narratore indiano, sabato alle 18 al Miramonti di Cortina"}]},{"@type":"WebSite","@id":"https:\/\/www.bellunopress.it\/#website","url":"https:\/\/www.bellunopress.it\/","name":"Bellunopress - Dolomiti","description":"e-mail: redazione@bellunopress.it","publisher":{"@id":"https:\/\/www.bellunopress.it\/#organization"},"potentialAction":[{"@type":"SearchAction","target":{"@type":"EntryPoint","urlTemplate":"https:\/\/www.bellunopress.it\/?s={search_term_string}"},"query-input":{"@type":"PropertyValueSpecification","valueRequired":true,"valueName":"search_term_string"}}],"inLanguage":"fr-FR"},{"@type":"Organization","@id":"https:\/\/www.bellunopress.it\/#organization","name":"Bellunopress","url":"https:\/\/www.bellunopress.it\/","logo":{"@type":"ImageObject","inLanguage":"fr-FR","@id":"https:\/\/www.bellunopress.it\/#\/schema\/logo\/image\/","url":"https:\/\/www.bellunopress.it\/wp-content\/uploads\/2011\/05\/cropped-logo-bellunopress-.jpg","contentUrl":"https:\/\/www.bellunopress.it\/wp-content\/uploads\/2011\/05\/cropped-logo-bellunopress-.jpg","width":512,"height":512,"caption":"Bellunopress"},"image":{"@id":"https:\/\/www.bellunopress.it\/#\/schema\/logo\/image\/"},"sameAs":["https:\/\/www.facebook.com\/profile.php?id=100008943462799","https:\/\/x.com\/bellunopress","https:\/\/www.linkedin.com\/hp\/?dnr=JBzUWaJfMUw8vbXJJ2tVW5-I3jZKvC4wsoxE&amp;amp;amp;amp;amp;amp;trk=nav_responsive_tab_home","https:\/\/www.youtube.com\/channel\/UCxL0wu1uN0_3_7hGG0306cw"]},{"@type":"Person","@id":"https:\/\/www.bellunopress.it\/#\/schema\/person\/79bb06722b37ece1c03d3e94beb30d73","name":"r\u00e9daction","image":{"@type":"ImageObject","inLanguage":"fr-FR","@id":"https:\/\/secure.gravatar.com\/avatar\/37d968a2e67a6fd04c169c4bdef102d0bc5d31b2546345219e348575eb80e9a0?s=96&d=mm&r=g","url":"https:\/\/secure.gravatar.com\/avatar\/37d968a2e67a6fd04c169c4bdef102d0bc5d31b2546345219e348575eb80e9a0?s=96&d=mm&r=g","contentUrl":"https:\/\/secure.gravatar.com\/avatar\/37d968a2e67a6fd04c169c4bdef102d0bc5d31b2546345219e348575eb80e9a0?s=96&d=mm&r=g","caption":"redazione"},"sameAs":["http:\/\/www.bellunopress.it","https:\/\/x.com\/bellunopress"],"url":"https:\/\/www.bellunopress.it\/fr\/author\/redazione\/"}]}},"_links":{"self":[{"href":"https:\/\/www.bellunopress.it\/fr\/wp-json\/wp\/v2\/posts\/111702","targetHints":{"allow":["GET"]}}],"collection":[{"href":"https:\/\/www.bellunopress.it\/fr\/wp-json\/wp\/v2\/posts"}],"about":[{"href":"https:\/\/www.bellunopress.it\/fr\/wp-json\/wp\/v2\/types\/post"}],"author":[{"embeddable":true,"href":"https:\/\/www.bellunopress.it\/fr\/wp-json\/wp\/v2\/users\/2"}],"replies":[{"embeddable":true,"href":"https:\/\/www.bellunopress.it\/fr\/wp-json\/wp\/v2\/comments?post=111702"}],"version-history":[{"count":1,"href":"https:\/\/www.bellunopress.it\/fr\/wp-json\/wp\/v2\/posts\/111702\/revisions"}],"predecessor-version":[{"id":111703,"href":"https:\/\/www.bellunopress.it\/fr\/wp-json\/wp\/v2\/posts\/111702\/revisions\/111703"}],"wp:attachment":[{"href":"https:\/\/www.bellunopress.it\/fr\/wp-json\/wp\/v2\/media?parent=111702"}],"wp:term":[{"taxonomy":"category","embeddable":true,"href":"https:\/\/www.bellunopress.it\/fr\/wp-json\/wp\/v2\/categories?post=111702"},{"taxonomy":"post_tag","embeddable":true,"href":"https:\/\/www.bellunopress.it\/fr\/wp-json\/wp\/v2\/tags?post=111702"}],"curies":[{"name":"wp","href":"https:\/\/api.w.org\/{rel}","templated":true}]}}