{"id":111694,"date":"2020-01-30T19:06:01","date_gmt":"2020-01-30T18:06:01","guid":{"rendered":"http:\/\/www.bellunopress.it\/?p=111694"},"modified":"2020-01-30T19:06:01","modified_gmt":"2020-01-30T18:06:01","slug":"iperconnessi-sfide-educative-per-genitori-di-nativi-digitali-al-via-domani-al-colotti-di-feltre-lincontro-con-pellai","status":"publish","type":"post","link":"https:\/\/www.bellunopress.it\/fr\/2020\/01\/30\/iperconnessi-sfide-educative-per-genitori-di-nativi-digitali-al-via-domani-al-colotti-di-feltre-lincontro-con-pellai\/","title":{"rendered":"&#8220;Iperconnessi. Sfide educative per genitori di nativi digitali&#8221;. Al via domani al &#8220;Colotti&#8221; di Feltre l&#8217;incontro con Pellai"},"content":{"rendered":"<figure id=\"attachment_26034\" aria-describedby=\"caption-attachment-26034\" style=\"width: 280px\" class=\"wp-caption alignleft\"><a href=\"http:\/\/www.bellunopress.it\/fr\/2011\/04\/26\/impari-o-dispari-per-un-progetto-di-rete-sulla-dislessia-giornata-formativa-per-operatori-insegnanti-e-famiglie-feltre-istituto-colotti-29-aprile-ore-15-18\/itc-colotti-feltre\/\" rel=\"attachment wp-att-26034\"><img loading=\"lazy\" decoding=\"async\" class=\"size-full wp-image-26034\" src=\"http:\/\/www.bellunopress.it\/wp-content\/uploads\/2011\/04\/itc-colotti-feltre.jpg\" alt=\"\" width=\"280\" height=\"210\" \/><\/a><figcaption id=\"caption-attachment-26034\" class=\"wp-caption-text\">ITC &#8220;Colotti&#8221; Feltre<\/figcaption><\/figure>\n<p>Alle 17 l&#8217;Aula Magna dell&#8217;Istituto Colotti ospiter\u00e0 l&#8217;incontro con Alberto Pellai dal titolo &#8220;Iperconnessi. Sfide educative per genitori di nativi digitali&#8221;<\/p>\n<p>Prender\u00e0 il via domani pomeriggio alle 17 presso l&#8217;Aula Magna dell&#8217;Istituto Colotti &#8220;Aver cura di crescere&#8221;, il ciclo di incontri formativi sull&#8217;et\u00e0 evolutiva promosso dal Comune di Feltre con il patrocinio dell&#8217;ULSS 1 Dolomiti.<\/p>\n<p>Al tavolo dei relatori in questo primo appuntamento sar\u00e0 Alberto Pellai, medico e psicoterapeuta, tra le voci di riferimento oggi in Italia sulle tematiche legate alle sfide educative per i genitori di nativi digitali e sulla promozione alla salute dei minori. Noto al grande pubblico anche per le sue presenze su Radio 24 con Nicoletta Carbone e su Famiglia Cristiana, dove cura la rubrica &#8220;Essere genitori&#8221;, Pellai parler\u00e0 di come educare bambini e ragazzi ad un corretto ed equilibrato rapporto con internet e i nuovi media. Un tema quanto mai attuale, e sul quale \u2013 avverte Pellai \u2013 \u00e8 fondamentale agire con consapevolezza sin dalla primissima infanzia&#8221;.<\/p>\n<p>Su richiesta sar\u00e0 consegnato un attestato di partecipazione all&#8217;incontro.<\/p>","protected":false},"excerpt":{"rendered":"<p>Alle 17 l&#8217;Aula Magna dell&#8217;Istituto Colotti ospiter\u00e0 l&#8217;incontro con Alberto Pellai dal titolo &#8220;Iperconnessi. Sfide educative per genitori di nativi digitali&#8221; Prender\u00e0 il via domani pomeriggio alle 17 presso l&#8217;Aula Magna dell&#8217;Istituto Colotti &#8220;Aver cura di crescere&#8221;, il ciclo di incontri formativi sull&#8217;et\u00e0 evolutiva promosso dal Comune di Feltre con il patrocinio dell&#8217;ULSS 1 Dolomiti. [&hellip;]<\/p>\n","protected":false},"author":2,"featured_media":0,"comment_status":"closed","ping_status":"open","sticky":false,"template":"","format":"standard","meta":{"footnotes":""},"categories":[27,26,15],"tags":[],"class_list":["post-111694","post","type-post","status-publish","format-standard","category-appuntamenti","category-prima-pagina","category-scuola"],"yoast_head":"<!-- This site is optimized with the Yoast SEO plugin v28.4 - https:\/\/yoast.com\/product\/yoast-seo-wordpress\/ -->\n<title>&quot;Iperconnessi. Sfide educative per genitori di nativi digitali&quot;. Al via domani al &quot;Colotti&quot; di Feltre l&#039;incontro con Pellai - Bellunopress - Dolomiti<\/title>\n<meta name=\"robots\" content=\"index, follow, max-snippet:-1, max-image-preview:large, max-video-preview:-1\" \/>\n<link rel=\"canonical\" href=\"https:\/\/www.bellunopress.it\/fr\/2020\/01\/30\/iperconnessi-sfide-educative-per-genitori-di-nativi-digitali-al-via-domani-al-colotti-di-feltre-lincontro-con-pellai\/\" \/>\n<meta property=\"og:locale\" content=\"fr_FR\" \/>\n<meta property=\"og:type\" content=\"article\" \/>\n<meta property=\"og:title\" content=\"&quot;Iperconnessi. Sfide educative per genitori di nativi digitali&quot;. Al via domani al &quot;Colotti&quot; di Feltre l&#039;incontro con Pellai - Bellunopress - Dolomiti\" \/>\n<meta property=\"og:description\" content=\"Alle 17 l&#8217;Aula Magna dell&#8217;Istituto Colotti ospiter\u00e0 l&#8217;incontro con Alberto Pellai dal titolo &#8220;Iperconnessi. Sfide educative per genitori di nativi digitali&#8221; Prender\u00e0 il via domani pomeriggio alle 17 presso l&#8217;Aula Magna dell&#8217;Istituto Colotti &#8220;Aver cura di crescere&#8221;, il ciclo di incontri formativi sull&#8217;et\u00e0 evolutiva promosso dal Comune di Feltre con il patrocinio dell&#8217;ULSS 1 Dolomiti. [&hellip;]\" \/>\n<meta property=\"og:url\" content=\"https:\/\/www.bellunopress.it\/fr\/2020\/01\/30\/iperconnessi-sfide-educative-per-genitori-di-nativi-digitali-al-via-domani-al-colotti-di-feltre-lincontro-con-pellai\/\" \/>\n<meta property=\"og:site_name\" content=\"Bellunopress - Dolomiti\" \/>\n<meta property=\"article:publisher\" content=\"https:\/\/www.facebook.com\/profile.php?id=100008943462799\" \/>\n<meta property=\"article:published_time\" content=\"2020-01-30T18:06:01+00:00\" \/>\n<meta property=\"og:image\" content=\"http:\/\/www.bellunopress.it\/wp-content\/uploads\/2011\/04\/itc-colotti-feltre.jpg\" \/>\n<meta name=\"author\" content=\"redazione\" \/>\n<meta name=\"twitter:card\" content=\"summary_large_image\" \/>\n<meta name=\"twitter:creator\" content=\"@bellunopress\" \/>\n<meta name=\"twitter:site\" content=\"@bellunopress\" \/>\n<meta name=\"twitter:label1\" content=\"\u00c9crit par\" \/>\n\t<meta name=\"twitter:data1\" content=\"redazione\" \/>\n\t<meta name=\"twitter:label2\" content=\"Dur\u00e9e de lecture estim\u00e9e\" \/>\n\t<meta name=\"twitter:data2\" content=\"1 minute\" \/>\n<script type=\"application\/ld+json\" class=\"yoast-schema-graph\">{\"@context\":\"https:\\\/\\\/schema.org\",\"@graph\":[{\"@type\":\"Article\",\"@id\":\"https:\\\/\\\/www.bellunopress.it\\\/2020\\\/01\\\/30\\\/iperconnessi-sfide-educative-per-genitori-di-nativi-digitali-al-via-domani-al-colotti-di-feltre-lincontro-con-pellai\\\/#article\",\"isPartOf\":{\"@id\":\"https:\\\/\\\/www.bellunopress.it\\\/2020\\\/01\\\/30\\\/iperconnessi-sfide-educative-per-genitori-di-nativi-digitali-al-via-domani-al-colotti-di-feltre-lincontro-con-pellai\\\/\"},\"author\":{\"name\":\"redazione\",\"@id\":\"https:\\\/\\\/www.bellunopress.it\\\/#\\\/schema\\\/person\\\/79bb06722b37ece1c03d3e94beb30d73\"},\"headline\":\"&#8220;Iperconnessi. Sfide educative per genitori di nativi digitali&#8221;. Al via domani al &#8220;Colotti&#8221; di Feltre l&#8217;incontro con Pellai\",\"datePublished\":\"2020-01-30T18:06:01+00:00\",\"mainEntityOfPage\":{\"@id\":\"https:\\\/\\\/www.bellunopress.it\\\/2020\\\/01\\\/30\\\/iperconnessi-sfide-educative-per-genitori-di-nativi-digitali-al-via-domani-al-colotti-di-feltre-lincontro-con-pellai\\\/\"},\"wordCount\":201,\"publisher\":{\"@id\":\"https:\\\/\\\/www.bellunopress.it\\\/#organization\"},\"image\":{\"@id\":\"https:\\\/\\\/www.bellunopress.it\\\/2020\\\/01\\\/30\\\/iperconnessi-sfide-educative-per-genitori-di-nativi-digitali-al-via-domani-al-colotti-di-feltre-lincontro-con-pellai\\\/#primaryimage\"},\"thumbnailUrl\":\"http:\\\/\\\/www.bellunopress.it\\\/wp-content\\\/uploads\\\/2011\\\/04\\\/itc-colotti-feltre.jpg\",\"articleSection\":[\"Appuntamenti, Eventi\",\"Prima Pagina\",\"Scuola\"],\"inLanguage\":\"fr-FR\"},{\"@type\":\"WebPage\",\"@id\":\"https:\\\/\\\/www.bellunopress.it\\\/2020\\\/01\\\/30\\\/iperconnessi-sfide-educative-per-genitori-di-nativi-digitali-al-via-domani-al-colotti-di-feltre-lincontro-con-pellai\\\/\",\"url\":\"https:\\\/\\\/www.bellunopress.it\\\/2020\\\/01\\\/30\\\/iperconnessi-sfide-educative-per-genitori-di-nativi-digitali-al-via-domani-al-colotti-di-feltre-lincontro-con-pellai\\\/\",\"name\":\"\\\"Iperconnessi. Sfide educative per genitori di nativi digitali\\\". Al via domani al \\\"Colotti\\\" di Feltre l'incontro con Pellai - Bellunopress - Dolomiti\",\"isPartOf\":{\"@id\":\"https:\\\/\\\/www.bellunopress.it\\\/#website\"},\"primaryImageOfPage\":{\"@id\":\"https:\\\/\\\/www.bellunopress.it\\\/2020\\\/01\\\/30\\\/iperconnessi-sfide-educative-per-genitori-di-nativi-digitali-al-via-domani-al-colotti-di-feltre-lincontro-con-pellai\\\/#primaryimage\"},\"image\":{\"@id\":\"https:\\\/\\\/www.bellunopress.it\\\/2020\\\/01\\\/30\\\/iperconnessi-sfide-educative-per-genitori-di-nativi-digitali-al-via-domani-al-colotti-di-feltre-lincontro-con-pellai\\\/#primaryimage\"},\"thumbnailUrl\":\"http:\\\/\\\/www.bellunopress.it\\\/wp-content\\\/uploads\\\/2011\\\/04\\\/itc-colotti-feltre.jpg\",\"datePublished\":\"2020-01-30T18:06:01+00:00\",\"breadcrumb\":{\"@id\":\"https:\\\/\\\/www.bellunopress.it\\\/2020\\\/01\\\/30\\\/iperconnessi-sfide-educative-per-genitori-di-nativi-digitali-al-via-domani-al-colotti-di-feltre-lincontro-con-pellai\\\/#breadcrumb\"},\"inLanguage\":\"fr-FR\",\"potentialAction\":[{\"@type\":\"ReadAction\",\"target\":[\"https:\\\/\\\/www.bellunopress.it\\\/2020\\\/01\\\/30\\\/iperconnessi-sfide-educative-per-genitori-di-nativi-digitali-al-via-domani-al-colotti-di-feltre-lincontro-con-pellai\\\/\"]}]},{\"@type\":\"ImageObject\",\"inLanguage\":\"fr-FR\",\"@id\":\"https:\\\/\\\/www.bellunopress.it\\\/2020\\\/01\\\/30\\\/iperconnessi-sfide-educative-per-genitori-di-nativi-digitali-al-via-domani-al-colotti-di-feltre-lincontro-con-pellai\\\/#primaryimage\",\"url\":\"http:\\\/\\\/www.bellunopress.it\\\/wp-content\\\/uploads\\\/2011\\\/04\\\/itc-colotti-feltre.jpg\",\"contentUrl\":\"http:\\\/\\\/www.bellunopress.it\\\/wp-content\\\/uploads\\\/2011\\\/04\\\/itc-colotti-feltre.jpg\"},{\"@type\":\"BreadcrumbList\",\"@id\":\"https:\\\/\\\/www.bellunopress.it\\\/2020\\\/01\\\/30\\\/iperconnessi-sfide-educative-per-genitori-di-nativi-digitali-al-via-domani-al-colotti-di-feltre-lincontro-con-pellai\\\/#breadcrumb\",\"itemListElement\":[{\"@type\":\"ListItem\",\"position\":1,\"name\":\"Home\",\"item\":\"https:\\\/\\\/www.bellunopress.it\\\/\"},{\"@type\":\"ListItem\",\"position\":2,\"name\":\"&#8220;Iperconnessi. Sfide educative per genitori di nativi digitali&#8221;. Al via domani al &#8220;Colotti&#8221; di Feltre l&#8217;incontro con Pellai\"}]},{\"@type\":\"WebSite\",\"@id\":\"https:\\\/\\\/www.bellunopress.it\\\/#website\",\"url\":\"https:\\\/\\\/www.bellunopress.it\\\/\",\"name\":\"Bellunopress - Dolomiti\",\"description\":\"e-mail: redazione@bellunopress.it\",\"publisher\":{\"@id\":\"https:\\\/\\\/www.bellunopress.it\\\/#organization\"},\"potentialAction\":[{\"@type\":\"SearchAction\",\"target\":{\"@type\":\"EntryPoint\",\"urlTemplate\":\"https:\\\/\\\/www.bellunopress.it\\\/?s={search_term_string}\"},\"query-input\":{\"@type\":\"PropertyValueSpecification\",\"valueRequired\":true,\"valueName\":\"search_term_string\"}}],\"inLanguage\":\"fr-FR\"},{\"@type\":\"Organization\",\"@id\":\"https:\\\/\\\/www.bellunopress.it\\\/#organization\",\"name\":\"Bellunopress\",\"url\":\"https:\\\/\\\/www.bellunopress.it\\\/\",\"logo\":{\"@type\":\"ImageObject\",\"inLanguage\":\"fr-FR\",\"@id\":\"https:\\\/\\\/www.bellunopress.it\\\/#\\\/schema\\\/logo\\\/image\\\/\",\"url\":\"https:\\\/\\\/www.bellunopress.it\\\/wp-content\\\/uploads\\\/2011\\\/05\\\/cropped-logo-bellunopress-.jpg\",\"contentUrl\":\"https:\\\/\\\/www.bellunopress.it\\\/wp-content\\\/uploads\\\/2011\\\/05\\\/cropped-logo-bellunopress-.jpg\",\"width\":512,\"height\":512,\"caption\":\"Bellunopress\"},\"image\":{\"@id\":\"https:\\\/\\\/www.bellunopress.it\\\/#\\\/schema\\\/logo\\\/image\\\/\"},\"sameAs\":[\"https:\\\/\\\/www.facebook.com\\\/profile.php?id=100008943462799\",\"https:\\\/\\\/x.com\\\/bellunopress\",\"https:\\\/\\\/www.linkedin.com\\\/hp\\\/?dnr=JBzUWaJfMUw8vbXJJ2tVW5-I3jZKvC4wsoxE&amp;amp;amp;amp;amp;amp;trk=nav_responsive_tab_home\",\"https:\\\/\\\/www.youtube.com\\\/channel\\\/UCxL0wu1uN0_3_7hGG0306cw\"]},{\"@type\":\"Person\",\"@id\":\"https:\\\/\\\/www.bellunopress.it\\\/#\\\/schema\\\/person\\\/79bb06722b37ece1c03d3e94beb30d73\",\"name\":\"redazione\",\"image\":{\"@type\":\"ImageObject\",\"inLanguage\":\"fr-FR\",\"@id\":\"https:\\\/\\\/secure.gravatar.com\\\/avatar\\\/37d968a2e67a6fd04c169c4bdef102d0bc5d31b2546345219e348575eb80e9a0?s=96&d=mm&r=g\",\"url\":\"https:\\\/\\\/secure.gravatar.com\\\/avatar\\\/37d968a2e67a6fd04c169c4bdef102d0bc5d31b2546345219e348575eb80e9a0?s=96&d=mm&r=g\",\"contentUrl\":\"https:\\\/\\\/secure.gravatar.com\\\/avatar\\\/37d968a2e67a6fd04c169c4bdef102d0bc5d31b2546345219e348575eb80e9a0?s=96&d=mm&r=g\",\"caption\":\"redazione\"},\"sameAs\":[\"http:\\\/\\\/www.bellunopress.it\",\"https:\\\/\\\/x.com\\\/bellunopress\"],\"url\":\"https:\\\/\\\/www.bellunopress.it\\\/fr\\\/author\\\/redazione\\\/\"}]}<\/script>\n<!-- \/ Yoast SEO plugin. -->","yoast_head_json":{"title":"\"Iperconnessi. Sfide educative per genitori di nativi digitali\". Al via domani al \"Colotti\" di Feltre l'incontro con Pellai - Bellunopress - Dolomiti","robots":{"index":"index","follow":"follow","max-snippet":"max-snippet:-1","max-image-preview":"max-image-preview:large","max-video-preview":"max-video-preview:-1"},"canonical":"https:\/\/www.bellunopress.it\/fr\/2020\/01\/30\/iperconnessi-sfide-educative-per-genitori-di-nativi-digitali-al-via-domani-al-colotti-di-feltre-lincontro-con-pellai\/","og_locale":"fr_FR","og_type":"article","og_title":"\"Iperconnessi. Sfide educative per genitori di nativi digitali\". Al via domani al \"Colotti\" di Feltre l'incontro con Pellai - Bellunopress - Dolomiti","og_description":"Alle 17 l&#8217;Aula Magna dell&#8217;Istituto Colotti ospiter\u00e0 l&#8217;incontro con Alberto Pellai dal titolo &#8220;Iperconnessi. Sfide educative per genitori di nativi digitali&#8221; Prender\u00e0 il via domani pomeriggio alle 17 presso l&#8217;Aula Magna dell&#8217;Istituto Colotti &#8220;Aver cura di crescere&#8221;, il ciclo di incontri formativi sull&#8217;et\u00e0 evolutiva promosso dal Comune di Feltre con il patrocinio dell&#8217;ULSS 1 Dolomiti. [&hellip;]","og_url":"https:\/\/www.bellunopress.it\/fr\/2020\/01\/30\/iperconnessi-sfide-educative-per-genitori-di-nativi-digitali-al-via-domani-al-colotti-di-feltre-lincontro-con-pellai\/","og_site_name":"Bellunopress - Dolomiti","article_publisher":"https:\/\/www.facebook.com\/profile.php?id=100008943462799","article_published_time":"2020-01-30T18:06:01+00:00","og_image":[{"url":"http:\/\/www.bellunopress.it\/wp-content\/uploads\/2011\/04\/itc-colotti-feltre.jpg","type":"","width":"","height":""}],"author":"redazione","twitter_card":"summary_large_image","twitter_creator":"@bellunopress","twitter_site":"@bellunopress","twitter_misc":{"\u00c9crit par":"redazione","Dur\u00e9e de lecture estim\u00e9e":"1 minute"},"schema":{"@context":"https:\/\/schema.org","@graph":[{"@type":"Article","@id":"https:\/\/www.bellunopress.it\/2020\/01\/30\/iperconnessi-sfide-educative-per-genitori-di-nativi-digitali-al-via-domani-al-colotti-di-feltre-lincontro-con-pellai\/#article","isPartOf":{"@id":"https:\/\/www.bellunopress.it\/2020\/01\/30\/iperconnessi-sfide-educative-per-genitori-di-nativi-digitali-al-via-domani-al-colotti-di-feltre-lincontro-con-pellai\/"},"author":{"name":"redazione","@id":"https:\/\/www.bellunopress.it\/#\/schema\/person\/79bb06722b37ece1c03d3e94beb30d73"},"headline":"&#8220;Iperconnessi. Sfide educative per genitori di nativi digitali&#8221;. Al via domani al &#8220;Colotti&#8221; di Feltre l&#8217;incontro con Pellai","datePublished":"2020-01-30T18:06:01+00:00","mainEntityOfPage":{"@id":"https:\/\/www.bellunopress.it\/2020\/01\/30\/iperconnessi-sfide-educative-per-genitori-di-nativi-digitali-al-via-domani-al-colotti-di-feltre-lincontro-con-pellai\/"},"wordCount":201,"publisher":{"@id":"https:\/\/www.bellunopress.it\/#organization"},"image":{"@id":"https:\/\/www.bellunopress.it\/2020\/01\/30\/iperconnessi-sfide-educative-per-genitori-di-nativi-digitali-al-via-domani-al-colotti-di-feltre-lincontro-con-pellai\/#primaryimage"},"thumbnailUrl":"http:\/\/www.bellunopress.it\/wp-content\/uploads\/2011\/04\/itc-colotti-feltre.jpg","articleSection":["Appuntamenti, Eventi","Prima Pagina","Scuola"],"inLanguage":"fr-FR"},{"@type":"WebPage","@id":"https:\/\/www.bellunopress.it\/2020\/01\/30\/iperconnessi-sfide-educative-per-genitori-di-nativi-digitali-al-via-domani-al-colotti-di-feltre-lincontro-con-pellai\/","url":"https:\/\/www.bellunopress.it\/2020\/01\/30\/iperconnessi-sfide-educative-per-genitori-di-nativi-digitali-al-via-domani-al-colotti-di-feltre-lincontro-con-pellai\/","name":"\"Iperconnessi. Sfide educative per genitori di nativi digitali\". Al via domani al \"Colotti\" di Feltre l'incontro con Pellai - Bellunopress - Dolomiti","isPartOf":{"@id":"https:\/\/www.bellunopress.it\/#website"},"primaryImageOfPage":{"@id":"https:\/\/www.bellunopress.it\/2020\/01\/30\/iperconnessi-sfide-educative-per-genitori-di-nativi-digitali-al-via-domani-al-colotti-di-feltre-lincontro-con-pellai\/#primaryimage"},"image":{"@id":"https:\/\/www.bellunopress.it\/2020\/01\/30\/iperconnessi-sfide-educative-per-genitori-di-nativi-digitali-al-via-domani-al-colotti-di-feltre-lincontro-con-pellai\/#primaryimage"},"thumbnailUrl":"http:\/\/www.bellunopress.it\/wp-content\/uploads\/2011\/04\/itc-colotti-feltre.jpg","datePublished":"2020-01-30T18:06:01+00:00","breadcrumb":{"@id":"https:\/\/www.bellunopress.it\/2020\/01\/30\/iperconnessi-sfide-educative-per-genitori-di-nativi-digitali-al-via-domani-al-colotti-di-feltre-lincontro-con-pellai\/#breadcrumb"},"inLanguage":"fr-FR","potentialAction":[{"@type":"ReadAction","target":["https:\/\/www.bellunopress.it\/2020\/01\/30\/iperconnessi-sfide-educative-per-genitori-di-nativi-digitali-al-via-domani-al-colotti-di-feltre-lincontro-con-pellai\/"]}]},{"@type":"ImageObject","inLanguage":"fr-FR","@id":"https:\/\/www.bellunopress.it\/2020\/01\/30\/iperconnessi-sfide-educative-per-genitori-di-nativi-digitali-al-via-domani-al-colotti-di-feltre-lincontro-con-pellai\/#primaryimage","url":"http:\/\/www.bellunopress.it\/wp-content\/uploads\/2011\/04\/itc-colotti-feltre.jpg","contentUrl":"http:\/\/www.bellunopress.it\/wp-content\/uploads\/2011\/04\/itc-colotti-feltre.jpg"},{"@type":"BreadcrumbList","@id":"https:\/\/www.bellunopress.it\/2020\/01\/30\/iperconnessi-sfide-educative-per-genitori-di-nativi-digitali-al-via-domani-al-colotti-di-feltre-lincontro-con-pellai\/#breadcrumb","itemListElement":[{"@type":"ListItem","position":1,"name":"Home","item":"https:\/\/www.bellunopress.it\/"},{"@type":"ListItem","position":2,"name":"&#8220;Iperconnessi. Sfide educative per genitori di nativi digitali&#8221;. Al via domani al &#8220;Colotti&#8221; di Feltre l&#8217;incontro con Pellai"}]},{"@type":"WebSite","@id":"https:\/\/www.bellunopress.it\/#website","url":"https:\/\/www.bellunopress.it\/","name":"Bellunopress - Dolomiti","description":"e-mail: redazione@bellunopress.it","publisher":{"@id":"https:\/\/www.bellunopress.it\/#organization"},"potentialAction":[{"@type":"SearchAction","target":{"@type":"EntryPoint","urlTemplate":"https:\/\/www.bellunopress.it\/?s={search_term_string}"},"query-input":{"@type":"PropertyValueSpecification","valueRequired":true,"valueName":"search_term_string"}}],"inLanguage":"fr-FR"},{"@type":"Organization","@id":"https:\/\/www.bellunopress.it\/#organization","name":"Bellunopress","url":"https:\/\/www.bellunopress.it\/","logo":{"@type":"ImageObject","inLanguage":"fr-FR","@id":"https:\/\/www.bellunopress.it\/#\/schema\/logo\/image\/","url":"https:\/\/www.bellunopress.it\/wp-content\/uploads\/2011\/05\/cropped-logo-bellunopress-.jpg","contentUrl":"https:\/\/www.bellunopress.it\/wp-content\/uploads\/2011\/05\/cropped-logo-bellunopress-.jpg","width":512,"height":512,"caption":"Bellunopress"},"image":{"@id":"https:\/\/www.bellunopress.it\/#\/schema\/logo\/image\/"},"sameAs":["https:\/\/www.facebook.com\/profile.php?id=100008943462799","https:\/\/x.com\/bellunopress","https:\/\/www.linkedin.com\/hp\/?dnr=JBzUWaJfMUw8vbXJJ2tVW5-I3jZKvC4wsoxE&amp;amp;amp;amp;amp;amp;trk=nav_responsive_tab_home","https:\/\/www.youtube.com\/channel\/UCxL0wu1uN0_3_7hGG0306cw"]},{"@type":"Person","@id":"https:\/\/www.bellunopress.it\/#\/schema\/person\/79bb06722b37ece1c03d3e94beb30d73","name":"r\u00e9daction","image":{"@type":"ImageObject","inLanguage":"fr-FR","@id":"https:\/\/secure.gravatar.com\/avatar\/37d968a2e67a6fd04c169c4bdef102d0bc5d31b2546345219e348575eb80e9a0?s=96&d=mm&r=g","url":"https:\/\/secure.gravatar.com\/avatar\/37d968a2e67a6fd04c169c4bdef102d0bc5d31b2546345219e348575eb80e9a0?s=96&d=mm&r=g","contentUrl":"https:\/\/secure.gravatar.com\/avatar\/37d968a2e67a6fd04c169c4bdef102d0bc5d31b2546345219e348575eb80e9a0?s=96&d=mm&r=g","caption":"redazione"},"sameAs":["http:\/\/www.bellunopress.it","https:\/\/x.com\/bellunopress"],"url":"https:\/\/www.bellunopress.it\/fr\/author\/redazione\/"}]}},"_links":{"self":[{"href":"https:\/\/www.bellunopress.it\/fr\/wp-json\/wp\/v2\/posts\/111694","targetHints":{"allow":["GET"]}}],"collection":[{"href":"https:\/\/www.bellunopress.it\/fr\/wp-json\/wp\/v2\/posts"}],"about":[{"href":"https:\/\/www.bellunopress.it\/fr\/wp-json\/wp\/v2\/types\/post"}],"author":[{"embeddable":true,"href":"https:\/\/www.bellunopress.it\/fr\/wp-json\/wp\/v2\/users\/2"}],"replies":[{"embeddable":true,"href":"https:\/\/www.bellunopress.it\/fr\/wp-json\/wp\/v2\/comments?post=111694"}],"version-history":[{"count":1,"href":"https:\/\/www.bellunopress.it\/fr\/wp-json\/wp\/v2\/posts\/111694\/revisions"}],"predecessor-version":[{"id":111695,"href":"https:\/\/www.bellunopress.it\/fr\/wp-json\/wp\/v2\/posts\/111694\/revisions\/111695"}],"wp:attachment":[{"href":"https:\/\/www.bellunopress.it\/fr\/wp-json\/wp\/v2\/media?parent=111694"}],"wp:term":[{"taxonomy":"category","embeddable":true,"href":"https:\/\/www.bellunopress.it\/fr\/wp-json\/wp\/v2\/categories?post=111694"},{"taxonomy":"post_tag","embeddable":true,"href":"https:\/\/www.bellunopress.it\/fr\/wp-json\/wp\/v2\/tags?post=111694"}],"curies":[{"name":"wp","href":"https:\/\/api.w.org\/{rel}","templated":true}]}}