{"id":111682,"date":"2020-01-29T16:25:21","date_gmt":"2020-01-29T15:25:21","guid":{"rendered":"http:\/\/www.bellunopress.it\/?p=111682"},"modified":"2020-01-29T16:25:21","modified_gmt":"2020-01-29T15:25:21","slug":"riunione-del-consiglio-comunale-di-belluno-lunedi-3-febbraio-ore-16-00","status":"publish","type":"post","link":"https:\/\/www.bellunopress.it\/fr\/2020\/01\/29\/riunione-del-consiglio-comunale-di-belluno-lunedi-3-febbraio-ore-16-00\/","title":{"rendered":"Riunione del Consiglio comunale di Belluno, luned\u00ec 3 febbraio, ore 16.00"},"content":{"rendered":"<figure id=\"attachment_11092\" aria-describedby=\"caption-attachment-11092\" style=\"width: 218px\" class=\"wp-caption alignleft\"><a href=\"http:\/\/www.bellunopress.it\/fr\/2009\/12\/30\/prade-spegnero-palazzo-rosso-per-protesta\/palazzo-rosso-280x220\/\" rel=\"attachment wp-att-11092\"><img loading=\"lazy\" decoding=\"async\" class=\"size-full wp-image-11092\" src=\"http:\/\/www.bellunopress.it\/wp-content\/uploads\/2009\/12\/palazzo-rosso-280x220.jpg\" alt=\"\" width=\"218\" height=\"290\" \/><\/a><figcaption id=\"caption-attachment-11092\" class=\"wp-caption-text\">Palazzo Rosso, sede del Comune di Belluno<\/figcaption><\/figure>\n<p>Luned\u00ec 3 febbraio, alle ore 16.00, nella Sala Consiliare di Palazzo Rosso, si terr\u00e0 la riunione del Consiglio comunale, per la trattazione del seguente ordine del giorno:<\/p>\n<p>1. Surroga del Consigliere dimissionario Alberto Simiele (gruppo In movimento &#8211; Massaro Sindaco);<br \/>\n2. Processo verbale del Consiglio Comunale del 29 novembre 2019 &#8211; Approvazione ai sensi dell&#8217;art. 56 del Regolamento per il funzionamento del Consiglio Comunale;<br \/>\n3. Comunicazione di modifica della composizione della Giunta;<br \/>\n4. Comunicazione, ai sensi dell&#8217;art. 166 e ss.mm.ii. del D.Lgs. 267\/2000 e dell&#8217;art. 23 del Regolamento di contabilit\u00e0, della deliberazione della Giunta Comunale 20\/01\/2020 n. 7, ad oggetto: &#8220;Bilancio di previsione 2020\/2022 prelievo dal fondo di riserva per l&#8217;esercizio 2020, relativa variazione di cassa&#8221;;<br \/>\n5. Complesso edilizio denominato (Ex) Monte di Pieta&#8217; di Belluno. Accettazione donazione trentennale della propriet\u00e0 superficiaria da parte di Fondazione Cassa di Risparmio di Verona, Vicenza, Belluno e Ancona;<br \/>\n6. Convenzione con stazione unica appaltante della provincia di Vicenza per i lavori e le forniture di beni e servizi: approvazione;<br \/>\n7. Nuovo regolamento per i servizi di gestione dei rifiuti urbani. Approvazione;<br \/>\n8. Mitigazione del rischio idraulico in via Pietriboni. Approvazione del progetto definitivo\/esecutivo anche ai fini dell&#8217;adozione della variante urbanistica per l&#8217;apposizione del vincolo espropriativo. C.U.P.: i33h19000450009;<br \/>\n9. Variazione al Bilancio di previsione 2020\/2022 e documenti programmatici correlati. Approvazione;<br \/>\n10. Atto di indirizzo per insediamento sul territorio comunale di nuove strutture denominate Casa Funeraria e Sala del Commiato;<br \/>\n11. Rg 1057\/2017 &#8211; Tribunale di Belluno &#8211; Controversia relativa ad usucapione di terreno sito nel Comune di Belluno, in localit\u00e0 Cavarzano, censito nel catasto terreni al fg 59 con il mappale 262 &#8211; Approvazione schema di accordo di conciliazione giudiziale;<br \/>\n12. Petizione popolare presentata ai sensi dell\u2019art. 63 dello Statuto Comunale;<\/p>\n<p>13. Ordine del giorno presentato dai Consiglieri Franco Roccon (Civilt\u00e0 Bellunese \u2013 Liga Veneta Repubblica) e Raffaele Addamiano (Obiettivo Belluno) relativo a \u201cBelluno Comune Capoluogo di Provincia. Necessario il supporto politico alle istanze del Comitato di cittadini del Comelico per l&#8217;annullamento del Decreto DG ABAP del 5\/12\/2019\/1676<br \/>\n14. Interrogazione presentata dai Consiglieri Luciano Da Pian, Andrea Stella e Maria Filippin (Lega Nord Liga Veneta Salvini) relativa a \u201cSistemazione porta con ingresso a scivolo di palazzo Bembo\u201d;<br \/>\n15. Interrogazione presentata dai Consiglieri Luciano Da Pian, Andrea Stella e Maria Filippin (Lega Nord Liga Veneta Salvini) relativa a \u201cValorizzazione capitelli cittadini\u201d;<br \/>\n16. Interrogazione presentata dai Consiglieri Luciano Da Pian, Andrea Stella e Maria Filippin (Lega Nord Liga Veneta Salvini) relativa a \u201cPerfezionamento segnaletica stradale tra via Carrera e piazza Santo Stefano\u201d;<br \/>\n17. Interrogazione presentata dai Consiglieri Luciano Da Pian, Andrea Stella e Maria Filippin (Lega Nord Liga Veneta Salvini) relativa a \u201cMessa in sicurezza passerella ferroviaria di Belluno\u201d.<\/p>","protected":false},"excerpt":{"rendered":"<p>Luned\u00ec 3 febbraio, alle ore 16.00, nella Sala Consiliare di Palazzo Rosso, si terr\u00e0 la riunione del Consiglio comunale, per la trattazione del seguente ordine del giorno: 1. Surroga del Consigliere dimissionario Alberto Simiele (gruppo In movimento &#8211; Massaro Sindaco); 2. Processo verbale del Consiglio Comunale del 29 novembre 2019 &#8211; Approvazione ai sensi dell&#8217;art. [&hellip;]<\/p>\n","protected":false},"author":2,"featured_media":0,"comment_status":"closed","ping_status":"open","sticky":false,"template":"","format":"standard","meta":{"footnotes":""},"categories":[27,5,26],"tags":[],"class_list":["post-111682","post","type-post","status-publish","format-standard","category-appuntamenti","category-cronaca","category-prima-pagina"],"yoast_head":"<!-- This site is optimized with the Yoast SEO plugin v28.4 - https:\/\/yoast.com\/product\/yoast-seo-wordpress\/ -->\n<title>Riunione del Consiglio comunale di Belluno, luned\u00ec 3 febbraio, ore 16.00 - Bellunopress - Dolomiti<\/title>\n<meta name=\"robots\" content=\"index, follow, max-snippet:-1, max-image-preview:large, max-video-preview:-1\" \/>\n<link rel=\"canonical\" href=\"https:\/\/www.bellunopress.it\/fr\/2020\/01\/29\/riunione-del-consiglio-comunale-di-belluno-lunedi-3-febbraio-ore-16-00\/\" \/>\n<meta property=\"og:locale\" content=\"fr_FR\" \/>\n<meta property=\"og:type\" content=\"article\" \/>\n<meta property=\"og:title\" content=\"Riunione del Consiglio comunale di Belluno, luned\u00ec 3 febbraio, ore 16.00 - Bellunopress - Dolomiti\" \/>\n<meta property=\"og:description\" content=\"Luned\u00ec 3 febbraio, alle ore 16.00, nella Sala Consiliare di Palazzo Rosso, si terr\u00e0 la riunione del Consiglio comunale, per la trattazione del seguente ordine del giorno: 1. Surroga del Consigliere dimissionario Alberto Simiele (gruppo In movimento &#8211; Massaro Sindaco); 2. Processo verbale del Consiglio Comunale del 29 novembre 2019 &#8211; Approvazione ai sensi dell&#8217;art. [&hellip;]\" \/>\n<meta property=\"og:url\" content=\"https:\/\/www.bellunopress.it\/fr\/2020\/01\/29\/riunione-del-consiglio-comunale-di-belluno-lunedi-3-febbraio-ore-16-00\/\" \/>\n<meta property=\"og:site_name\" content=\"Bellunopress - Dolomiti\" \/>\n<meta property=\"article:publisher\" content=\"https:\/\/www.facebook.com\/profile.php?id=100008943462799\" \/>\n<meta property=\"article:published_time\" content=\"2020-01-29T15:25:21+00:00\" \/>\n<meta property=\"og:image\" content=\"http:\/\/www.bellunopress.it\/wp-content\/uploads\/2009\/12\/palazzo-rosso-280x220.jpg\" \/>\n<meta name=\"author\" content=\"redazione\" \/>\n<meta name=\"twitter:card\" content=\"summary_large_image\" \/>\n<meta name=\"twitter:creator\" content=\"@bellunopress\" \/>\n<meta name=\"twitter:site\" content=\"@bellunopress\" \/>\n<meta name=\"twitter:label1\" content=\"\u00c9crit par\" \/>\n\t<meta name=\"twitter:data1\" content=\"redazione\" \/>\n\t<meta name=\"twitter:label2\" content=\"Dur\u00e9e de lecture estim\u00e9e\" \/>\n\t<meta name=\"twitter:data2\" content=\"2 minutes\" \/>\n<script type=\"application\/ld+json\" class=\"yoast-schema-graph\">{\"@context\":\"https:\\\/\\\/schema.org\",\"@graph\":[{\"@type\":\"Article\",\"@id\":\"https:\\\/\\\/www.bellunopress.it\\\/2020\\\/01\\\/29\\\/riunione-del-consiglio-comunale-di-belluno-lunedi-3-febbraio-ore-16-00\\\/#article\",\"isPartOf\":{\"@id\":\"https:\\\/\\\/www.bellunopress.it\\\/2020\\\/01\\\/29\\\/riunione-del-consiglio-comunale-di-belluno-lunedi-3-febbraio-ore-16-00\\\/\"},\"author\":{\"name\":\"redazione\",\"@id\":\"https:\\\/\\\/www.bellunopress.it\\\/#\\\/schema\\\/person\\\/79bb06722b37ece1c03d3e94beb30d73\"},\"headline\":\"Riunione del Consiglio comunale di Belluno, luned\u00ec 3 febbraio, ore 16.00\",\"datePublished\":\"2020-01-29T15:25:21+00:00\",\"mainEntityOfPage\":{\"@id\":\"https:\\\/\\\/www.bellunopress.it\\\/2020\\\/01\\\/29\\\/riunione-del-consiglio-comunale-di-belluno-lunedi-3-febbraio-ore-16-00\\\/\"},\"wordCount\":445,\"publisher\":{\"@id\":\"https:\\\/\\\/www.bellunopress.it\\\/#organization\"},\"image\":{\"@id\":\"https:\\\/\\\/www.bellunopress.it\\\/2020\\\/01\\\/29\\\/riunione-del-consiglio-comunale-di-belluno-lunedi-3-febbraio-ore-16-00\\\/#primaryimage\"},\"thumbnailUrl\":\"http:\\\/\\\/www.bellunopress.it\\\/wp-content\\\/uploads\\\/2009\\\/12\\\/palazzo-rosso-280x220.jpg\",\"articleSection\":[\"Appuntamenti, Eventi\",\"Cronaca\\\/Politica\",\"Prima Pagina\"],\"inLanguage\":\"fr-FR\"},{\"@type\":\"WebPage\",\"@id\":\"https:\\\/\\\/www.bellunopress.it\\\/2020\\\/01\\\/29\\\/riunione-del-consiglio-comunale-di-belluno-lunedi-3-febbraio-ore-16-00\\\/\",\"url\":\"https:\\\/\\\/www.bellunopress.it\\\/2020\\\/01\\\/29\\\/riunione-del-consiglio-comunale-di-belluno-lunedi-3-febbraio-ore-16-00\\\/\",\"name\":\"Riunione del Consiglio comunale di Belluno, luned\u00ec 3 febbraio, ore 16.00 - Bellunopress - Dolomiti\",\"isPartOf\":{\"@id\":\"https:\\\/\\\/www.bellunopress.it\\\/#website\"},\"primaryImageOfPage\":{\"@id\":\"https:\\\/\\\/www.bellunopress.it\\\/2020\\\/01\\\/29\\\/riunione-del-consiglio-comunale-di-belluno-lunedi-3-febbraio-ore-16-00\\\/#primaryimage\"},\"image\":{\"@id\":\"https:\\\/\\\/www.bellunopress.it\\\/2020\\\/01\\\/29\\\/riunione-del-consiglio-comunale-di-belluno-lunedi-3-febbraio-ore-16-00\\\/#primaryimage\"},\"thumbnailUrl\":\"http:\\\/\\\/www.bellunopress.it\\\/wp-content\\\/uploads\\\/2009\\\/12\\\/palazzo-rosso-280x220.jpg\",\"datePublished\":\"2020-01-29T15:25:21+00:00\",\"breadcrumb\":{\"@id\":\"https:\\\/\\\/www.bellunopress.it\\\/2020\\\/01\\\/29\\\/riunione-del-consiglio-comunale-di-belluno-lunedi-3-febbraio-ore-16-00\\\/#breadcrumb\"},\"inLanguage\":\"fr-FR\",\"potentialAction\":[{\"@type\":\"ReadAction\",\"target\":[\"https:\\\/\\\/www.bellunopress.it\\\/2020\\\/01\\\/29\\\/riunione-del-consiglio-comunale-di-belluno-lunedi-3-febbraio-ore-16-00\\\/\"]}]},{\"@type\":\"ImageObject\",\"inLanguage\":\"fr-FR\",\"@id\":\"https:\\\/\\\/www.bellunopress.it\\\/2020\\\/01\\\/29\\\/riunione-del-consiglio-comunale-di-belluno-lunedi-3-febbraio-ore-16-00\\\/#primaryimage\",\"url\":\"http:\\\/\\\/www.bellunopress.it\\\/wp-content\\\/uploads\\\/2009\\\/12\\\/palazzo-rosso-280x220.jpg\",\"contentUrl\":\"http:\\\/\\\/www.bellunopress.it\\\/wp-content\\\/uploads\\\/2009\\\/12\\\/palazzo-rosso-280x220.jpg\"},{\"@type\":\"BreadcrumbList\",\"@id\":\"https:\\\/\\\/www.bellunopress.it\\\/2020\\\/01\\\/29\\\/riunione-del-consiglio-comunale-di-belluno-lunedi-3-febbraio-ore-16-00\\\/#breadcrumb\",\"itemListElement\":[{\"@type\":\"ListItem\",\"position\":1,\"name\":\"Home\",\"item\":\"https:\\\/\\\/www.bellunopress.it\\\/\"},{\"@type\":\"ListItem\",\"position\":2,\"name\":\"Riunione del Consiglio comunale di Belluno, luned\u00ec 3 febbraio, ore 16.00\"}]},{\"@type\":\"WebSite\",\"@id\":\"https:\\\/\\\/www.bellunopress.it\\\/#website\",\"url\":\"https:\\\/\\\/www.bellunopress.it\\\/\",\"name\":\"Bellunopress - Dolomiti\",\"description\":\"e-mail: redazione@bellunopress.it\",\"publisher\":{\"@id\":\"https:\\\/\\\/www.bellunopress.it\\\/#organization\"},\"potentialAction\":[{\"@type\":\"SearchAction\",\"target\":{\"@type\":\"EntryPoint\",\"urlTemplate\":\"https:\\\/\\\/www.bellunopress.it\\\/?s={search_term_string}\"},\"query-input\":{\"@type\":\"PropertyValueSpecification\",\"valueRequired\":true,\"valueName\":\"search_term_string\"}}],\"inLanguage\":\"fr-FR\"},{\"@type\":\"Organization\",\"@id\":\"https:\\\/\\\/www.bellunopress.it\\\/#organization\",\"name\":\"Bellunopress\",\"url\":\"https:\\\/\\\/www.bellunopress.it\\\/\",\"logo\":{\"@type\":\"ImageObject\",\"inLanguage\":\"fr-FR\",\"@id\":\"https:\\\/\\\/www.bellunopress.it\\\/#\\\/schema\\\/logo\\\/image\\\/\",\"url\":\"https:\\\/\\\/www.bellunopress.it\\\/wp-content\\\/uploads\\\/2011\\\/05\\\/cropped-logo-bellunopress-.jpg\",\"contentUrl\":\"https:\\\/\\\/www.bellunopress.it\\\/wp-content\\\/uploads\\\/2011\\\/05\\\/cropped-logo-bellunopress-.jpg\",\"width\":512,\"height\":512,\"caption\":\"Bellunopress\"},\"image\":{\"@id\":\"https:\\\/\\\/www.bellunopress.it\\\/#\\\/schema\\\/logo\\\/image\\\/\"},\"sameAs\":[\"https:\\\/\\\/www.facebook.com\\\/profile.php?id=100008943462799\",\"https:\\\/\\\/x.com\\\/bellunopress\",\"https:\\\/\\\/www.linkedin.com\\\/hp\\\/?dnr=JBzUWaJfMUw8vbXJJ2tVW5-I3jZKvC4wsoxE&amp;amp;amp;amp;amp;amp;trk=nav_responsive_tab_home\",\"https:\\\/\\\/www.youtube.com\\\/channel\\\/UCxL0wu1uN0_3_7hGG0306cw\"]},{\"@type\":\"Person\",\"@id\":\"https:\\\/\\\/www.bellunopress.it\\\/#\\\/schema\\\/person\\\/79bb06722b37ece1c03d3e94beb30d73\",\"name\":\"redazione\",\"image\":{\"@type\":\"ImageObject\",\"inLanguage\":\"fr-FR\",\"@id\":\"https:\\\/\\\/secure.gravatar.com\\\/avatar\\\/37d968a2e67a6fd04c169c4bdef102d0bc5d31b2546345219e348575eb80e9a0?s=96&d=mm&r=g\",\"url\":\"https:\\\/\\\/secure.gravatar.com\\\/avatar\\\/37d968a2e67a6fd04c169c4bdef102d0bc5d31b2546345219e348575eb80e9a0?s=96&d=mm&r=g\",\"contentUrl\":\"https:\\\/\\\/secure.gravatar.com\\\/avatar\\\/37d968a2e67a6fd04c169c4bdef102d0bc5d31b2546345219e348575eb80e9a0?s=96&d=mm&r=g\",\"caption\":\"redazione\"},\"sameAs\":[\"http:\\\/\\\/www.bellunopress.it\",\"https:\\\/\\\/x.com\\\/bellunopress\"],\"url\":\"https:\\\/\\\/www.bellunopress.it\\\/fr\\\/author\\\/redazione\\\/\"}]}<\/script>\n<!-- \/ Yoast SEO plugin. -->","yoast_head_json":{"title":"Riunione del Consiglio comunale di Belluno, luned\u00ec 3 febbraio, ore 16.00 - Bellunopress - Dolomiti","robots":{"index":"index","follow":"follow","max-snippet":"max-snippet:-1","max-image-preview":"max-image-preview:large","max-video-preview":"max-video-preview:-1"},"canonical":"https:\/\/www.bellunopress.it\/fr\/2020\/01\/29\/riunione-del-consiglio-comunale-di-belluno-lunedi-3-febbraio-ore-16-00\/","og_locale":"fr_FR","og_type":"article","og_title":"Riunione del Consiglio comunale di Belluno, luned\u00ec 3 febbraio, ore 16.00 - Bellunopress - Dolomiti","og_description":"Luned\u00ec 3 febbraio, alle ore 16.00, nella Sala Consiliare di Palazzo Rosso, si terr\u00e0 la riunione del Consiglio comunale, per la trattazione del seguente ordine del giorno: 1. Surroga del Consigliere dimissionario Alberto Simiele (gruppo In movimento &#8211; Massaro Sindaco); 2. Processo verbale del Consiglio Comunale del 29 novembre 2019 &#8211; Approvazione ai sensi dell&#8217;art. [&hellip;]","og_url":"https:\/\/www.bellunopress.it\/fr\/2020\/01\/29\/riunione-del-consiglio-comunale-di-belluno-lunedi-3-febbraio-ore-16-00\/","og_site_name":"Bellunopress - Dolomiti","article_publisher":"https:\/\/www.facebook.com\/profile.php?id=100008943462799","article_published_time":"2020-01-29T15:25:21+00:00","og_image":[{"url":"http:\/\/www.bellunopress.it\/wp-content\/uploads\/2009\/12\/palazzo-rosso-280x220.jpg","type":"","width":"","height":""}],"author":"redazione","twitter_card":"summary_large_image","twitter_creator":"@bellunopress","twitter_site":"@bellunopress","twitter_misc":{"\u00c9crit par":"redazione","Dur\u00e9e de lecture estim\u00e9e":"2 minutes"},"schema":{"@context":"https:\/\/schema.org","@graph":[{"@type":"Article","@id":"https:\/\/www.bellunopress.it\/2020\/01\/29\/riunione-del-consiglio-comunale-di-belluno-lunedi-3-febbraio-ore-16-00\/#article","isPartOf":{"@id":"https:\/\/www.bellunopress.it\/2020\/01\/29\/riunione-del-consiglio-comunale-di-belluno-lunedi-3-febbraio-ore-16-00\/"},"author":{"name":"redazione","@id":"https:\/\/www.bellunopress.it\/#\/schema\/person\/79bb06722b37ece1c03d3e94beb30d73"},"headline":"Riunione del Consiglio comunale di Belluno, luned\u00ec 3 febbraio, ore 16.00","datePublished":"2020-01-29T15:25:21+00:00","mainEntityOfPage":{"@id":"https:\/\/www.bellunopress.it\/2020\/01\/29\/riunione-del-consiglio-comunale-di-belluno-lunedi-3-febbraio-ore-16-00\/"},"wordCount":445,"publisher":{"@id":"https:\/\/www.bellunopress.it\/#organization"},"image":{"@id":"https:\/\/www.bellunopress.it\/2020\/01\/29\/riunione-del-consiglio-comunale-di-belluno-lunedi-3-febbraio-ore-16-00\/#primaryimage"},"thumbnailUrl":"http:\/\/www.bellunopress.it\/wp-content\/uploads\/2009\/12\/palazzo-rosso-280x220.jpg","articleSection":["Appuntamenti, Eventi","Cronaca\/Politica","Prima Pagina"],"inLanguage":"fr-FR"},{"@type":"WebPage","@id":"https:\/\/www.bellunopress.it\/2020\/01\/29\/riunione-del-consiglio-comunale-di-belluno-lunedi-3-febbraio-ore-16-00\/","url":"https:\/\/www.bellunopress.it\/2020\/01\/29\/riunione-del-consiglio-comunale-di-belluno-lunedi-3-febbraio-ore-16-00\/","name":"Riunione del Consiglio comunale di Belluno, luned\u00ec 3 febbraio, ore 16.00 - Bellunopress - Dolomiti","isPartOf":{"@id":"https:\/\/www.bellunopress.it\/#website"},"primaryImageOfPage":{"@id":"https:\/\/www.bellunopress.it\/2020\/01\/29\/riunione-del-consiglio-comunale-di-belluno-lunedi-3-febbraio-ore-16-00\/#primaryimage"},"image":{"@id":"https:\/\/www.bellunopress.it\/2020\/01\/29\/riunione-del-consiglio-comunale-di-belluno-lunedi-3-febbraio-ore-16-00\/#primaryimage"},"thumbnailUrl":"http:\/\/www.bellunopress.it\/wp-content\/uploads\/2009\/12\/palazzo-rosso-280x220.jpg","datePublished":"2020-01-29T15:25:21+00:00","breadcrumb":{"@id":"https:\/\/www.bellunopress.it\/2020\/01\/29\/riunione-del-consiglio-comunale-di-belluno-lunedi-3-febbraio-ore-16-00\/#breadcrumb"},"inLanguage":"fr-FR","potentialAction":[{"@type":"ReadAction","target":["https:\/\/www.bellunopress.it\/2020\/01\/29\/riunione-del-consiglio-comunale-di-belluno-lunedi-3-febbraio-ore-16-00\/"]}]},{"@type":"ImageObject","inLanguage":"fr-FR","@id":"https:\/\/www.bellunopress.it\/2020\/01\/29\/riunione-del-consiglio-comunale-di-belluno-lunedi-3-febbraio-ore-16-00\/#primaryimage","url":"http:\/\/www.bellunopress.it\/wp-content\/uploads\/2009\/12\/palazzo-rosso-280x220.jpg","contentUrl":"http:\/\/www.bellunopress.it\/wp-content\/uploads\/2009\/12\/palazzo-rosso-280x220.jpg"},{"@type":"BreadcrumbList","@id":"https:\/\/www.bellunopress.it\/2020\/01\/29\/riunione-del-consiglio-comunale-di-belluno-lunedi-3-febbraio-ore-16-00\/#breadcrumb","itemListElement":[{"@type":"ListItem","position":1,"name":"Home","item":"https:\/\/www.bellunopress.it\/"},{"@type":"ListItem","position":2,"name":"Riunione del Consiglio comunale di Belluno, luned\u00ec 3 febbraio, ore 16.00"}]},{"@type":"WebSite","@id":"https:\/\/www.bellunopress.it\/#website","url":"https:\/\/www.bellunopress.it\/","name":"Bellunopress - Dolomiti","description":"e-mail: redazione@bellunopress.it","publisher":{"@id":"https:\/\/www.bellunopress.it\/#organization"},"potentialAction":[{"@type":"SearchAction","target":{"@type":"EntryPoint","urlTemplate":"https:\/\/www.bellunopress.it\/?s={search_term_string}"},"query-input":{"@type":"PropertyValueSpecification","valueRequired":true,"valueName":"search_term_string"}}],"inLanguage":"fr-FR"},{"@type":"Organization","@id":"https:\/\/www.bellunopress.it\/#organization","name":"Bellunopress","url":"https:\/\/www.bellunopress.it\/","logo":{"@type":"ImageObject","inLanguage":"fr-FR","@id":"https:\/\/www.bellunopress.it\/#\/schema\/logo\/image\/","url":"https:\/\/www.bellunopress.it\/wp-content\/uploads\/2011\/05\/cropped-logo-bellunopress-.jpg","contentUrl":"https:\/\/www.bellunopress.it\/wp-content\/uploads\/2011\/05\/cropped-logo-bellunopress-.jpg","width":512,"height":512,"caption":"Bellunopress"},"image":{"@id":"https:\/\/www.bellunopress.it\/#\/schema\/logo\/image\/"},"sameAs":["https:\/\/www.facebook.com\/profile.php?id=100008943462799","https:\/\/x.com\/bellunopress","https:\/\/www.linkedin.com\/hp\/?dnr=JBzUWaJfMUw8vbXJJ2tVW5-I3jZKvC4wsoxE&amp;amp;amp;amp;amp;amp;trk=nav_responsive_tab_home","https:\/\/www.youtube.com\/channel\/UCxL0wu1uN0_3_7hGG0306cw"]},{"@type":"Person","@id":"https:\/\/www.bellunopress.it\/#\/schema\/person\/79bb06722b37ece1c03d3e94beb30d73","name":"r\u00e9daction","image":{"@type":"ImageObject","inLanguage":"fr-FR","@id":"https:\/\/secure.gravatar.com\/avatar\/37d968a2e67a6fd04c169c4bdef102d0bc5d31b2546345219e348575eb80e9a0?s=96&d=mm&r=g","url":"https:\/\/secure.gravatar.com\/avatar\/37d968a2e67a6fd04c169c4bdef102d0bc5d31b2546345219e348575eb80e9a0?s=96&d=mm&r=g","contentUrl":"https:\/\/secure.gravatar.com\/avatar\/37d968a2e67a6fd04c169c4bdef102d0bc5d31b2546345219e348575eb80e9a0?s=96&d=mm&r=g","caption":"redazione"},"sameAs":["http:\/\/www.bellunopress.it","https:\/\/x.com\/bellunopress"],"url":"https:\/\/www.bellunopress.it\/fr\/author\/redazione\/"}]}},"_links":{"self":[{"href":"https:\/\/www.bellunopress.it\/fr\/wp-json\/wp\/v2\/posts\/111682","targetHints":{"allow":["GET"]}}],"collection":[{"href":"https:\/\/www.bellunopress.it\/fr\/wp-json\/wp\/v2\/posts"}],"about":[{"href":"https:\/\/www.bellunopress.it\/fr\/wp-json\/wp\/v2\/types\/post"}],"author":[{"embeddable":true,"href":"https:\/\/www.bellunopress.it\/fr\/wp-json\/wp\/v2\/users\/2"}],"replies":[{"embeddable":true,"href":"https:\/\/www.bellunopress.it\/fr\/wp-json\/wp\/v2\/comments?post=111682"}],"version-history":[{"count":1,"href":"https:\/\/www.bellunopress.it\/fr\/wp-json\/wp\/v2\/posts\/111682\/revisions"}],"predecessor-version":[{"id":111683,"href":"https:\/\/www.bellunopress.it\/fr\/wp-json\/wp\/v2\/posts\/111682\/revisions\/111683"}],"wp:attachment":[{"href":"https:\/\/www.bellunopress.it\/fr\/wp-json\/wp\/v2\/media?parent=111682"}],"wp:term":[{"taxonomy":"category","embeddable":true,"href":"https:\/\/www.bellunopress.it\/fr\/wp-json\/wp\/v2\/categories?post=111682"},{"taxonomy":"post_tag","embeddable":true,"href":"https:\/\/www.bellunopress.it\/fr\/wp-json\/wp\/v2\/tags?post=111682"}],"curies":[{"name":"wp","href":"https:\/\/api.w.org\/{rel}","templated":true}]}}