{"id":111633,"date":"2020-01-28T18:28:05","date_gmt":"2020-01-28T17:28:05","guid":{"rendered":"http:\/\/www.bellunopress.it\/?p=111633"},"modified":"2020-01-28T20:56:14","modified_gmt":"2020-01-28T19:56:14","slug":"la-relazione-della-presidente-di-confindustria-belluno-dolomiti-loreraine-berton-al-tetaro-comunale","status":"publish","type":"post","link":"https:\/\/www.bellunopress.it\/fr\/2020\/01\/28\/la-relazione-della-presidente-di-confindustria-belluno-dolomiti-loreraine-berton-al-tetaro-comunale\/","title":{"rendered":"La relazione della presidente di Confindustria Belluno Dolomiti  Lorraine Berton al Tetaro Comunale"},"content":{"rendered":"<figure id=\"attachment_111634\" aria-describedby=\"caption-attachment-111634\" style=\"width: 215px\" class=\"wp-caption alignleft\"><a href=\"http:\/\/www.bellunopress.it\/fr\/2020\/01\/28\/la-relazione-della-presidente-di-confindustria-belluno-dolomiti-loreraine-berton-al-tetaro-comunale\/lorraine-berton-presidente-industriali\/\" rel=\"attachment wp-att-111634\"><img loading=\"lazy\" decoding=\"async\" class=\"size-full wp-image-111634\" src=\"http:\/\/www.bellunopress.it\/wp-content\/uploads\/2020\/01\/Lorraine-Berton-presidente-industriali.jpg\" alt=\"\" width=\"215\" height=\"300\" \/><\/a><figcaption id=\"caption-attachment-111634\" class=\"wp-caption-text\">Lorraine Berton<\/figcaption><\/figure>\n<p>Belluno, 28 gennaio 2020\u00a0 &#8211;\u00a0 Ecco la relazione della presidente Lorraine Berton all\u2019Assemblea Generale 2020 di Confindustria Belluno Dolomiti che si \u00e8 tenuta nel pomeriggio di oggi al Teatro comunale di Belluno.<\/p>\n<p>&#8220;Un momento importante per riflettere insieme sul futuro economico e sociale della nostra provincia, anche in vista degli eventi sportivi dei prossimi anni: le finali di Coppa del Mondo, i Mondiali di Sci Alpino e i Giochi Olimpici Invernali Milano \u2013 Cortina del 2026.<br \/>\nI grandi appuntamenti internazionali, che avranno in Cortina d\u2019Ampezzo la capitale, garantiranno al nostro territorio una rinnovata visibilit\u00e0 in Italia e all\u2019estero.<br \/>\nMa Belluno si \u00e8 ricavata un ruolo nazionale anche grazie ad alcune iniziative strategiche della nostra Associazione, subito sposate e sostenute dal Presidente degli industriali Vincenzo Boccia e dal suo Consiglio di Presidenza, che ringrazio.<br \/>\nRicordo, innanzitutto, l\u2019idea di creare, dentro il sistema confindustriale, quella rete che abbiamo chiamato \u201cConfindustria per la Montagna\u201d, lanciata nel marzo del 2018 \u2013 con lungimiranza &#8211; proprio a Cortina d\u2019Ampezzo.<br \/>\nPer la prima volta l\u2019Associazione, a livello nazionale, \u00e8 scesa ufficialmente in campo per sostenere le Terre Alte, con la convinzione che questo sia un tema strategico per lo sviluppo del Paese.<br \/>\nA seguito di questa iniziativa, il Governo ha convocato gli \u201cStati Generali della Montagna\u201d, riunendo tutti gli attori e cercando di condividere politiche concrete da attuare a favore di questi territori, che non possono essere lasciati ai margini dello sviluppo. A fine gennaio saremo nuovamente a Roma dal Ministro Francesco Boccia per riprendere il percorso interrotto, con l\u2019auspicio che al confronto seguano finalmente azioni concrete.<br \/>\nConfindustria Belluno Dolomiti continuer\u00e0 a svolgere, con determinazione, un ruolo attivo, nell\u2019interesse di tutta la montagna italiana.<br \/>\nDi valenza storica \u00e8 la decisione della Luiss Business School di aprire a Belluno la sua terza sede, dopo quelle di Roma e Milano.<br \/>\nL\u2019Hub Veneto delle Dolomiti sar\u00e0 un punto di riferimento per i nostri giovani, per le nostre imprese e per l\u2019intero Nord Est. E ci permetter\u00e0 di entrare in una rete di eccellenza internazionale dell\u2019alta formazione, come confermato anche dalla recente acquisizione dell\u2019Amsterdam Fashion Accademy.<br \/>\nPer questo devo ringraziare: il Presidente Boccia, il Presidente Abete e il Direttore Boccardelli.<br \/>\nQuesta scelta \u00e8 il riconoscimento a uno dei tessuti industriali pi\u00f9 importanti del Paese e cambier\u00e0 in meglio il volto del capoluogo e dell\u2019intera provincia.<br \/>\nE\u2019 un risultato che abbiamo perseguito con forza e raggiunto giocando di squadra, pubblico e privato insieme.<br \/>\nQuesto HUB dovr\u00e0 essere inoltre la base sulla quale costruire un progetto ancora pi\u00f9 ambizioso, che metta in rete tutti i poli di eccellenza dell\u2019innovazione, dell\u2019alta formazione e della ricerca che operano nello spazio alpino compreso tra il Trentino Alto Adige, il Veneto e il Friuli Venezia Giulia.<br \/>\nUna \u201cDolomiti Innovation Valley\u201d che possa essere attrattiva per i talenti e i capitali, e contrastare cos\u00ec lo spopolamento della montagna.<br \/>\nLa presenza della Luiss a Belluno avr\u00e0 ricadute enormi per la nostra provincia.<br \/>\nPer tutte le Terre Alte \u00e8 un segnale immenso: significa che queste aree non sono affatto condannate alla marginalit\u00e0.<br \/>\nAbbiamo dimostrato che \u00e8 possibile progettare e costruire il futuro, anche con idee e proposte che, all\u2019inizio, possono apparire perfino folli.<br \/>\n\u201cIl futuro appartiene a chi crede nella bellezza dei propri sogni\u201d &#8211; come disse Eleanor Roosevelt.<br \/>\nDopo i Mondiali di Sci Alpino del 2021, le Olimpiadi Invernali del 2026 sono un altro sogno bellissimo che \u00e8 diventato realt\u00e0, grazie anche a lei Presidente Zaia.<br \/>\nAnche in quest\u2019ambito, intendiamo giocare un ruolo da protagonisti, nella convinzione che i grandi eventi sportivi siano un volano di crescita per le economie dei territori.<br \/>\nCon il presidente Boccia abbiamo perci\u00f2 istituito un Gruppo Tecnico \u201cSport e Grandi Eventi\u201d, perch\u00e9 queste manifestazioni rappresenteranno un\u2019opportunit\u00e0 storica.<br \/>\nPer il Bellunese, in particolare, sono un\u2019occasione unica per rendere il territorio pi\u00f9 competitivo, attrattivo, accessibile, bello e facile da vivere.<br \/>\nAbbiamo davanti anni intensi: c\u2019\u00e8 una promozione integrata da creare, lo scatto in avanti del sistema turismo, lo studio di una mobilit\u00e0 efficace che ci colleghi ai grandi aeroporti e alle principali direttrici europee.<br \/>\nC\u2019\u00e8 un futuro da pensare e costruire insieme, avendo ben presente il tema della sostenibilit\u00e0.<br \/>\nLa crescente attenzione delle giovani generazioni verso l\u2019ambiente e la lotta ai cambiamenti climatici deve essere vista non solo come una nuova opportunit\u00e0 di business, ma soprattutto come un forte richiamo al nostro senso di<br \/>\nresponsabilit\u00e0: dobbiamo immaginare, gi\u00e0 da ora, modelli di sviluppo alternativi, che possono trovare proprio nelle zone montane gli spazi per essere sperimentati, generando una nuova crescita.<br \/>\nIn tal senso, con il nostro consorzio in materia ambientale CIPA, stiamo lavorando a un importante progetto di economia circolare, che ha gi\u00e0 interessato le pi\u00f9 grandi aziende del distretto.<br \/>\nC\u2019\u00e8 ovviamente un filo che unisce tutto questo in una visione ben chiara del nostro futuro: viviamo in un\u2019epoca di profondi mutamenti, con grandi sfide e grandi opportunit\u00e0.<br \/>\nSappiamo che la globalizzazione e le trasformazioni tecnologiche stanno ridisegnando la geografia economica, concentrando in poche aree, prevalentemente urbane, competenze e innovazione, ovvero gli ingredienti<br \/>\ndecisivi per la crescita economica e sociale dei prossimi decenni.<br \/>\nNelle ultime settimane, in Veneto, si \u00e8 riaperto il dibattito sulla necessit\u00e0 di dar vita a un\u2019ampia area metropolitana per non assistere passivamente allo spostamento del baricentro economico.<br \/>\nE\u2019 un\u2019idea strategica che condividiamo, ma con una premessa ben chiara: le nostre bellissime montagne NON possono e NON devono pi\u00f9 essere \u201cluoghi che non contano\u201d, dove la nostalgia prevale sulla speranza e il<br \/>\nrancore sulla fiducia.<br \/>\nLa ricchezza del patrimonio ambientale, storico e culturale, il saper fare e il senso di comunit\u00e0, l\u2019attenzione alla bellezza e alla qualit\u00e0 sono un insieme di valori e risorse capaci di generare modelli di crescita diversi e complementari a quelli delle grandi citt\u00e0.<br \/>\nQualsiasi progetto di citt\u00e0 metropolitana veneta NON potr\u00e0 dunque prescindere dalla creazione di un sistema \u201cmetro-montano\u201d. Ricco di flussi, processi e relazioni che vanno necessariamente governate.<br \/>\nPrima ancora, per\u00f2, dobbiamo superare quei luoghi comuni sulla montagna come \u201cparco giochi\u201d o \u201criserva indiana\u201d che purtroppo condizionano le decisioni di politici e burocrati, spesso con il sostegno di ambientalisti da salotto e contro la volont\u00e0 delle comunit\u00e0 locali.<br \/>\nIn tal senso, \u00e8 emblematico il caso degli assurdi vincoli in Comelico, dove un\u2019intera valle rischia di morire soffocata dall\u2019arroganza di chi decide sulla pelle della gente di montagna.<br \/>\nDobbiamo inoltre cancellare quel pregiudizio che vede negli spazi urbani i luoghi esclusivi del dinamismo economico e dell\u2019innovazione. Non \u00e8 cos\u00ec.<br \/>\nE non lasceremo che sia cos\u00ec.<br \/>\nTra queste montagne patrimonio dell\u2019umanit\u00e0 c\u2019\u00e8 un tessuto industriale tra i pi\u00f9 importanti del mondo, con aziende leader: multinazionali, piccole e medie imprese che sono riuscite a ricavarsi spazi, enormi nicchie e nicchie importanti di mercato in settori diversi.<br \/>\nClivet, EPTA-Costan, De Rigo, Dixell, Eliwell, Faloria, Fedon, Gatto Astucci, Giorik, Ista, Lattebusche, Luxottica, Manifattura Valcismon, Marchon, Marcolin, Meccanostampi, Pramaor, Sinteco, senza dimenticare Errebi, Galvalux, Hydro, Imap, Impianti Falcade, Nuova Procond, Pandolfo Alluminio, Piave Maitex, S\u00e0filo, Sicet, Sofma, Sosvi, Thelios, Tofana, Unifarco, Technowrapp, Vitec-Manfrotto \u2026<br \/>\nSolo per citarne alcune\u2026 \u2026 queste e tante altre aziende sono un vero patrimonio delle nostre comunit\u00e0, guidate da imprenditori e manager illuminati e \u2013 lasciatemi dire &#8211; eroici\u2026 perch\u00e9 fare impresa qui \u00e8 una sfida tutta in salita, dove i costi e le difficolt\u00e0 sono maggiori rispetto alla pianura.<br \/>\nPenso, innanzitutto, alle infrastrutture: alle strade, alla ferrovia, alla banda larga. Non \u00e8 con le vuote parole o i proclami elettorali che si contrasta lo spopolamento delle nostre montagne.<br \/>\nIn un mondo che corre e che ci obbliga a essere sempre pi\u00f9 competitivi non possiamo pi\u00f9 viaggiare e sportarci come nell\u2019Ottocento.<br \/>\nServe una programmazione seria, che faccia sue le richieste gi\u00e0 avanzate in maniera unitaria dal Tavolo provinciale delle Infrastrutture: sistemazione della viabilit\u00e0 ordinaria, manutenzione del territorio, banda larga e il vitale sbocco a Nord\u2026<br \/>\nSenza collegamenti adeguati, il declino sar\u00e0 inevitabile, anche sotto la stella dei Giochi Olimpici.<br \/>\nSu tutti questi temi, chiediamo alle istituzioni attenzione, coraggio, rispetto e senso di responsabilit\u00e0.<br \/>\nBisogna uscire dalle logiche miopi, dal campanilismo e dall\u2019ossessione per il consenso, per fare scelte chiare e coerenti con un\u2019idea di sviluppo.<br \/>\nCon una visione del nostro futuro.<br \/>\nAl Governo chiediamo una politica industriale degna di questo nome.<br \/>\nLe maggioranze cambiano, ma le misure restano inadeguate, se non addirittura deleterie.<br \/>\nBasti pensare a \u201cQuota 100\u201d o al reddito di cittadinanza.<br \/>\nL\u2019Italia \u00e8 la seconda manifattura d\u2019Europa, ma \u00e8 tristemente in coda alle classifiche internazionali sulla crescita.<br \/>\n\u00c8 dal 2016 che, come Confindustria, indichiamo in pi\u00f9 crescita, meno deficit e meno debito pubblico i tre capisaldi di una politica economica capace di rimettere in moto il Paese tenendo i conti sotto controllo.<br \/>\n\u00c8 prioritario abbattere il cuneo fiscale per aumentare le retribuzioni nette dei lavoratori e diminuire il costo per le imprese\u2026 quello che \u00e8 stato annunciato non ci soddisfa.<br \/>\nImportante \u00e8 anche una riforma complessiva del sistema delle autonomie locali, nel rispetto di quel principio di sussidiariet\u00e0 troppo spesso dimenticato.<br \/>\nBasta con i proclami e gli annunci buoni per ogni tornata elettorale.<br \/>\n\u201cPolitica vuol dire realizzare\u201d, come disse Alcide de Gasperi, uno degli ultimi grandi statisti di questo Paese, padre di quell\u2019Europa unita che deve rimanere un patrimonio da tramandare anche alle generazioni future.<br \/>\nNOI continueremo ad essere un interlocutore serio, propositivo e pragmatico.<br \/>\nAbbiamo realizzato progetti concreti, a vantaggio delle imprese e della provincia nel suo insieme, a conferma dell\u2019importanza dei corpi intermedi, troppo spesso non ascoltati.<br \/>\nDobbiamo puntare sui fattori strategici dell\u2019economia del XXI secolo: innovazione, sostenibilit\u00e0, competenze.<br \/>\nSta a noi, e a voi, lavorare per una nuova centralit\u00e0 delle Terre Alte, dove sono massimi quei valori ambientali e culturali che riempiono di significati anche le produzioni delle nostre imprese.<br \/>\nUna montagna che vuole vivere e non sopravvivere.<br \/>\nForte delle sue aziende, della sua gente, del suo profondo senso civico.<br \/>\nBelluno \u00e8 tra le province con una pi\u00f9 elevata qualit\u00e0 della vita, anche grazie ai minimi livelli di criminalit\u00e0.<br \/>\nMa le recenti indagini sulle infiltrazioni mafiose in Veneto non possono lasciarci indifferenti, anche pensando alle grandi manifestazioni sportive del prossimo futuro.<br \/>\nE qui saluto e ringrazio Mauro Esposito, oggi tra noi: la sua storia di coraggio e di ribellione deve essere da esempio e monito per tutti noi.<br \/>\nCome sistema industriale Bellunese, saremo attenti al disagio sociale e alle situazioni di crisi che oggi viviamo anche nelle imprese, agiremo all\u2019insegna della massima inclusivit\u00e0 e nel rispetto di tutte le diversit\u00e0.<br \/>\nAnche per questo, mi sia concesso ricordare quanto questa provincia sia sempre pi\u00f9 rosa.<br \/>\nPenso al nuovo Prefetto, al nuovo Questore e alla sua Vice.<br \/>\nPenso alle tante colleghe che fanno impresa e penso alla manodopera femminile che nel Bellunese \u00e8 sempre stata molto pi\u00f9 alta che altrove.<br \/>\nL\u2019occhialeria, del resto, \u00e8 cresciuta anche grazie alla dedizione, ai sacrifici e al lavoro sapiente delle nostre mamme e delle nostre nonne.<br \/>\nA loro va oggi il mio pensiero.<br \/>\nMa va anche alle donne di domani.<br \/>\nAlle \u201cbambine ribelli\u201d che sapranno farsi strada nella vita professionale e privata.<br \/>\nVorrei chiudere il mio intervento con una frase tratta proprio da quel bellissimo libro sulle bambine ribelli, che rivolgo in particolare alle studentesse e agli studenti oggi qui presenti:<br \/>\n\u201cRicordatevi sempre che se dovete scegliere tra una strada facile e una difficile, di solito quella difficile \u00e8 molto pi\u00f9 divertente\u201d.<br \/>\nNon abbiate paura&#8221;.<\/p>","protected":false},"excerpt":{"rendered":"<p>Belluno, 28 gennaio 2020\u00a0 &#8211;\u00a0 Ecco la relazione della presidente Lorraine Berton all\u2019Assemblea Generale 2020 di Confindustria Belluno Dolomiti che si \u00e8 tenuta nel pomeriggio di oggi al Teatro comunale di Belluno. &#8220;Un momento importante per riflettere insieme sul futuro economico e sociale della nostra provincia, anche in vista degli eventi sportivi dei prossimi anni: [&hellip;]<\/p>\n","protected":false},"author":2,"featured_media":0,"comment_status":"closed","ping_status":"open","sticky":false,"template":"","format":"standard","meta":{"footnotes":""},"categories":[36,26],"tags":[],"class_list":["post-111633","post","type-post","status-publish","format-standard","category-lavoro-economia","category-prima-pagina"],"yoast_head":"<!-- This site is optimized with the Yoast SEO plugin v28.4 - https:\/\/yoast.com\/product\/yoast-seo-wordpress\/ -->\n<title>La relazione della presidente di Confindustria Belluno Dolomiti Lorraine Berton al Tetaro Comunale - Bellunopress - Dolomiti<\/title>\n<meta name=\"robots\" content=\"index, follow, max-snippet:-1, max-image-preview:large, max-video-preview:-1\" \/>\n<link rel=\"canonical\" href=\"https:\/\/www.bellunopress.it\/fr\/2020\/01\/28\/la-relazione-della-presidente-di-confindustria-belluno-dolomiti-loreraine-berton-al-tetaro-comunale\/\" \/>\n<meta property=\"og:locale\" content=\"fr_FR\" \/>\n<meta property=\"og:type\" content=\"article\" \/>\n<meta property=\"og:title\" content=\"La relazione della presidente di Confindustria Belluno Dolomiti Lorraine Berton al Tetaro Comunale - Bellunopress - Dolomiti\" \/>\n<meta property=\"og:description\" content=\"Belluno, 28 gennaio 2020\u00a0 &#8211;\u00a0 Ecco la relazione della presidente Lorraine Berton all\u2019Assemblea Generale 2020 di Confindustria Belluno Dolomiti che si \u00e8 tenuta nel pomeriggio di oggi al Teatro comunale di Belluno. &#8220;Un momento importante per riflettere insieme sul futuro economico e sociale della nostra provincia, anche in vista degli eventi sportivi dei prossimi anni: [&hellip;]\" \/>\n<meta property=\"og:url\" content=\"https:\/\/www.bellunopress.it\/fr\/2020\/01\/28\/la-relazione-della-presidente-di-confindustria-belluno-dolomiti-loreraine-berton-al-tetaro-comunale\/\" \/>\n<meta property=\"og:site_name\" content=\"Bellunopress - Dolomiti\" \/>\n<meta property=\"article:publisher\" content=\"https:\/\/www.facebook.com\/profile.php?id=100008943462799\" \/>\n<meta property=\"article:published_time\" content=\"2020-01-28T17:28:05+00:00\" \/>\n<meta property=\"article:modified_time\" content=\"2020-01-28T19:56:14+00:00\" \/>\n<meta property=\"og:image\" content=\"http:\/\/www.bellunopress.it\/wp-content\/uploads\/2020\/01\/Lorraine-Berton-presidente-industriali.jpg\" \/>\n<meta name=\"author\" content=\"redazione\" \/>\n<meta name=\"twitter:card\" content=\"summary_large_image\" \/>\n<meta name=\"twitter:creator\" content=\"@bellunopress\" \/>\n<meta name=\"twitter:site\" content=\"@bellunopress\" \/>\n<meta name=\"twitter:label1\" content=\"\u00c9crit par\" \/>\n\t<meta name=\"twitter:data1\" content=\"redazione\" \/>\n\t<meta name=\"twitter:label2\" content=\"Dur\u00e9e de lecture estim\u00e9e\" \/>\n\t<meta name=\"twitter:data2\" content=\"9 minutes\" \/>\n<script type=\"application\/ld+json\" class=\"yoast-schema-graph\">{\"@context\":\"https:\\\/\\\/schema.org\",\"@graph\":[{\"@type\":\"Article\",\"@id\":\"https:\\\/\\\/www.bellunopress.it\\\/2020\\\/01\\\/28\\\/la-relazione-della-presidente-di-confindustria-belluno-dolomiti-loreraine-berton-al-tetaro-comunale\\\/#article\",\"isPartOf\":{\"@id\":\"https:\\\/\\\/www.bellunopress.it\\\/2020\\\/01\\\/28\\\/la-relazione-della-presidente-di-confindustria-belluno-dolomiti-loreraine-berton-al-tetaro-comunale\\\/\"},\"author\":{\"name\":\"redazione\",\"@id\":\"https:\\\/\\\/www.bellunopress.it\\\/#\\\/schema\\\/person\\\/79bb06722b37ece1c03d3e94beb30d73\"},\"headline\":\"La relazione della presidente di Confindustria Belluno Dolomiti Lorraine Berton al Tetaro Comunale\",\"datePublished\":\"2020-01-28T17:28:05+00:00\",\"dateModified\":\"2020-01-28T19:56:14+00:00\",\"mainEntityOfPage\":{\"@id\":\"https:\\\/\\\/www.bellunopress.it\\\/2020\\\/01\\\/28\\\/la-relazione-della-presidente-di-confindustria-belluno-dolomiti-loreraine-berton-al-tetaro-comunale\\\/\"},\"wordCount\":1890,\"publisher\":{\"@id\":\"https:\\\/\\\/www.bellunopress.it\\\/#organization\"},\"image\":{\"@id\":\"https:\\\/\\\/www.bellunopress.it\\\/2020\\\/01\\\/28\\\/la-relazione-della-presidente-di-confindustria-belluno-dolomiti-loreraine-berton-al-tetaro-comunale\\\/#primaryimage\"},\"thumbnailUrl\":\"http:\\\/\\\/www.bellunopress.it\\\/wp-content\\\/uploads\\\/2020\\\/01\\\/Lorraine-Berton-presidente-industriali.jpg\",\"articleSection\":[\"Lavoro, Economia, Turismo\",\"Prima Pagina\"],\"inLanguage\":\"fr-FR\"},{\"@type\":\"WebPage\",\"@id\":\"https:\\\/\\\/www.bellunopress.it\\\/2020\\\/01\\\/28\\\/la-relazione-della-presidente-di-confindustria-belluno-dolomiti-loreraine-berton-al-tetaro-comunale\\\/\",\"url\":\"https:\\\/\\\/www.bellunopress.it\\\/2020\\\/01\\\/28\\\/la-relazione-della-presidente-di-confindustria-belluno-dolomiti-loreraine-berton-al-tetaro-comunale\\\/\",\"name\":\"La relazione della presidente di Confindustria Belluno Dolomiti Lorraine Berton al Tetaro Comunale - Bellunopress - Dolomiti\",\"isPartOf\":{\"@id\":\"https:\\\/\\\/www.bellunopress.it\\\/#website\"},\"primaryImageOfPage\":{\"@id\":\"https:\\\/\\\/www.bellunopress.it\\\/2020\\\/01\\\/28\\\/la-relazione-della-presidente-di-confindustria-belluno-dolomiti-loreraine-berton-al-tetaro-comunale\\\/#primaryimage\"},\"image\":{\"@id\":\"https:\\\/\\\/www.bellunopress.it\\\/2020\\\/01\\\/28\\\/la-relazione-della-presidente-di-confindustria-belluno-dolomiti-loreraine-berton-al-tetaro-comunale\\\/#primaryimage\"},\"thumbnailUrl\":\"http:\\\/\\\/www.bellunopress.it\\\/wp-content\\\/uploads\\\/2020\\\/01\\\/Lorraine-Berton-presidente-industriali.jpg\",\"datePublished\":\"2020-01-28T17:28:05+00:00\",\"dateModified\":\"2020-01-28T19:56:14+00:00\",\"breadcrumb\":{\"@id\":\"https:\\\/\\\/www.bellunopress.it\\\/2020\\\/01\\\/28\\\/la-relazione-della-presidente-di-confindustria-belluno-dolomiti-loreraine-berton-al-tetaro-comunale\\\/#breadcrumb\"},\"inLanguage\":\"fr-FR\",\"potentialAction\":[{\"@type\":\"ReadAction\",\"target\":[\"https:\\\/\\\/www.bellunopress.it\\\/2020\\\/01\\\/28\\\/la-relazione-della-presidente-di-confindustria-belluno-dolomiti-loreraine-berton-al-tetaro-comunale\\\/\"]}]},{\"@type\":\"ImageObject\",\"inLanguage\":\"fr-FR\",\"@id\":\"https:\\\/\\\/www.bellunopress.it\\\/2020\\\/01\\\/28\\\/la-relazione-della-presidente-di-confindustria-belluno-dolomiti-loreraine-berton-al-tetaro-comunale\\\/#primaryimage\",\"url\":\"http:\\\/\\\/www.bellunopress.it\\\/wp-content\\\/uploads\\\/2020\\\/01\\\/Lorraine-Berton-presidente-industriali.jpg\",\"contentUrl\":\"http:\\\/\\\/www.bellunopress.it\\\/wp-content\\\/uploads\\\/2020\\\/01\\\/Lorraine-Berton-presidente-industriali.jpg\"},{\"@type\":\"BreadcrumbList\",\"@id\":\"https:\\\/\\\/www.bellunopress.it\\\/2020\\\/01\\\/28\\\/la-relazione-della-presidente-di-confindustria-belluno-dolomiti-loreraine-berton-al-tetaro-comunale\\\/#breadcrumb\",\"itemListElement\":[{\"@type\":\"ListItem\",\"position\":1,\"name\":\"Home\",\"item\":\"https:\\\/\\\/www.bellunopress.it\\\/\"},{\"@type\":\"ListItem\",\"position\":2,\"name\":\"La relazione della presidente di Confindustria Belluno Dolomiti Lorraine Berton al Tetaro Comunale\"}]},{\"@type\":\"WebSite\",\"@id\":\"https:\\\/\\\/www.bellunopress.it\\\/#website\",\"url\":\"https:\\\/\\\/www.bellunopress.it\\\/\",\"name\":\"Bellunopress - Dolomiti\",\"description\":\"e-mail: redazione@bellunopress.it\",\"publisher\":{\"@id\":\"https:\\\/\\\/www.bellunopress.it\\\/#organization\"},\"potentialAction\":[{\"@type\":\"SearchAction\",\"target\":{\"@type\":\"EntryPoint\",\"urlTemplate\":\"https:\\\/\\\/www.bellunopress.it\\\/?s={search_term_string}\"},\"query-input\":{\"@type\":\"PropertyValueSpecification\",\"valueRequired\":true,\"valueName\":\"search_term_string\"}}],\"inLanguage\":\"fr-FR\"},{\"@type\":\"Organization\",\"@id\":\"https:\\\/\\\/www.bellunopress.it\\\/#organization\",\"name\":\"Bellunopress\",\"url\":\"https:\\\/\\\/www.bellunopress.it\\\/\",\"logo\":{\"@type\":\"ImageObject\",\"inLanguage\":\"fr-FR\",\"@id\":\"https:\\\/\\\/www.bellunopress.it\\\/#\\\/schema\\\/logo\\\/image\\\/\",\"url\":\"https:\\\/\\\/www.bellunopress.it\\\/wp-content\\\/uploads\\\/2011\\\/05\\\/cropped-logo-bellunopress-.jpg\",\"contentUrl\":\"https:\\\/\\\/www.bellunopress.it\\\/wp-content\\\/uploads\\\/2011\\\/05\\\/cropped-logo-bellunopress-.jpg\",\"width\":512,\"height\":512,\"caption\":\"Bellunopress\"},\"image\":{\"@id\":\"https:\\\/\\\/www.bellunopress.it\\\/#\\\/schema\\\/logo\\\/image\\\/\"},\"sameAs\":[\"https:\\\/\\\/www.facebook.com\\\/profile.php?id=100008943462799\",\"https:\\\/\\\/x.com\\\/bellunopress\",\"https:\\\/\\\/www.linkedin.com\\\/hp\\\/?dnr=JBzUWaJfMUw8vbXJJ2tVW5-I3jZKvC4wsoxE&amp;amp;amp;amp;amp;amp;trk=nav_responsive_tab_home\",\"https:\\\/\\\/www.youtube.com\\\/channel\\\/UCxL0wu1uN0_3_7hGG0306cw\"]},{\"@type\":\"Person\",\"@id\":\"https:\\\/\\\/www.bellunopress.it\\\/#\\\/schema\\\/person\\\/79bb06722b37ece1c03d3e94beb30d73\",\"name\":\"redazione\",\"image\":{\"@type\":\"ImageObject\",\"inLanguage\":\"fr-FR\",\"@id\":\"https:\\\/\\\/secure.gravatar.com\\\/avatar\\\/37d968a2e67a6fd04c169c4bdef102d0bc5d31b2546345219e348575eb80e9a0?s=96&d=mm&r=g\",\"url\":\"https:\\\/\\\/secure.gravatar.com\\\/avatar\\\/37d968a2e67a6fd04c169c4bdef102d0bc5d31b2546345219e348575eb80e9a0?s=96&d=mm&r=g\",\"contentUrl\":\"https:\\\/\\\/secure.gravatar.com\\\/avatar\\\/37d968a2e67a6fd04c169c4bdef102d0bc5d31b2546345219e348575eb80e9a0?s=96&d=mm&r=g\",\"caption\":\"redazione\"},\"sameAs\":[\"http:\\\/\\\/www.bellunopress.it\",\"https:\\\/\\\/x.com\\\/bellunopress\"],\"url\":\"https:\\\/\\\/www.bellunopress.it\\\/fr\\\/author\\\/redazione\\\/\"}]}<\/script>\n<!-- \/ Yoast SEO plugin. -->","yoast_head_json":{"title":"La relazione della presidente di Confindustria Belluno Dolomiti Lorraine Berton al Tetaro Comunale - Bellunopress - Dolomiti","robots":{"index":"index","follow":"follow","max-snippet":"max-snippet:-1","max-image-preview":"max-image-preview:large","max-video-preview":"max-video-preview:-1"},"canonical":"https:\/\/www.bellunopress.it\/fr\/2020\/01\/28\/la-relazione-della-presidente-di-confindustria-belluno-dolomiti-loreraine-berton-al-tetaro-comunale\/","og_locale":"fr_FR","og_type":"article","og_title":"La relazione della presidente di Confindustria Belluno Dolomiti Lorraine Berton al Tetaro Comunale - Bellunopress - Dolomiti","og_description":"Belluno, 28 gennaio 2020\u00a0 &#8211;\u00a0 Ecco la relazione della presidente Lorraine Berton all\u2019Assemblea Generale 2020 di Confindustria Belluno Dolomiti che si \u00e8 tenuta nel pomeriggio di oggi al Teatro comunale di Belluno. &#8220;Un momento importante per riflettere insieme sul futuro economico e sociale della nostra provincia, anche in vista degli eventi sportivi dei prossimi anni: [&hellip;]","og_url":"https:\/\/www.bellunopress.it\/fr\/2020\/01\/28\/la-relazione-della-presidente-di-confindustria-belluno-dolomiti-loreraine-berton-al-tetaro-comunale\/","og_site_name":"Bellunopress - Dolomiti","article_publisher":"https:\/\/www.facebook.com\/profile.php?id=100008943462799","article_published_time":"2020-01-28T17:28:05+00:00","article_modified_time":"2020-01-28T19:56:14+00:00","og_image":[{"url":"http:\/\/www.bellunopress.it\/wp-content\/uploads\/2020\/01\/Lorraine-Berton-presidente-industriali.jpg","type":"","width":"","height":""}],"author":"redazione","twitter_card":"summary_large_image","twitter_creator":"@bellunopress","twitter_site":"@bellunopress","twitter_misc":{"\u00c9crit par":"redazione","Dur\u00e9e de lecture estim\u00e9e":"9 minutes"},"schema":{"@context":"https:\/\/schema.org","@graph":[{"@type":"Article","@id":"https:\/\/www.bellunopress.it\/2020\/01\/28\/la-relazione-della-presidente-di-confindustria-belluno-dolomiti-loreraine-berton-al-tetaro-comunale\/#article","isPartOf":{"@id":"https:\/\/www.bellunopress.it\/2020\/01\/28\/la-relazione-della-presidente-di-confindustria-belluno-dolomiti-loreraine-berton-al-tetaro-comunale\/"},"author":{"name":"redazione","@id":"https:\/\/www.bellunopress.it\/#\/schema\/person\/79bb06722b37ece1c03d3e94beb30d73"},"headline":"La relazione della presidente di Confindustria Belluno Dolomiti Lorraine Berton al Tetaro Comunale","datePublished":"2020-01-28T17:28:05+00:00","dateModified":"2020-01-28T19:56:14+00:00","mainEntityOfPage":{"@id":"https:\/\/www.bellunopress.it\/2020\/01\/28\/la-relazione-della-presidente-di-confindustria-belluno-dolomiti-loreraine-berton-al-tetaro-comunale\/"},"wordCount":1890,"publisher":{"@id":"https:\/\/www.bellunopress.it\/#organization"},"image":{"@id":"https:\/\/www.bellunopress.it\/2020\/01\/28\/la-relazione-della-presidente-di-confindustria-belluno-dolomiti-loreraine-berton-al-tetaro-comunale\/#primaryimage"},"thumbnailUrl":"http:\/\/www.bellunopress.it\/wp-content\/uploads\/2020\/01\/Lorraine-Berton-presidente-industriali.jpg","articleSection":["Lavoro, Economia, Turismo","Prima Pagina"],"inLanguage":"fr-FR"},{"@type":"WebPage","@id":"https:\/\/www.bellunopress.it\/2020\/01\/28\/la-relazione-della-presidente-di-confindustria-belluno-dolomiti-loreraine-berton-al-tetaro-comunale\/","url":"https:\/\/www.bellunopress.it\/2020\/01\/28\/la-relazione-della-presidente-di-confindustria-belluno-dolomiti-loreraine-berton-al-tetaro-comunale\/","name":"La relazione della presidente di Confindustria Belluno Dolomiti Lorraine Berton al Tetaro Comunale - Bellunopress - Dolomiti","isPartOf":{"@id":"https:\/\/www.bellunopress.it\/#website"},"primaryImageOfPage":{"@id":"https:\/\/www.bellunopress.it\/2020\/01\/28\/la-relazione-della-presidente-di-confindustria-belluno-dolomiti-loreraine-berton-al-tetaro-comunale\/#primaryimage"},"image":{"@id":"https:\/\/www.bellunopress.it\/2020\/01\/28\/la-relazione-della-presidente-di-confindustria-belluno-dolomiti-loreraine-berton-al-tetaro-comunale\/#primaryimage"},"thumbnailUrl":"http:\/\/www.bellunopress.it\/wp-content\/uploads\/2020\/01\/Lorraine-Berton-presidente-industriali.jpg","datePublished":"2020-01-28T17:28:05+00:00","dateModified":"2020-01-28T19:56:14+00:00","breadcrumb":{"@id":"https:\/\/www.bellunopress.it\/2020\/01\/28\/la-relazione-della-presidente-di-confindustria-belluno-dolomiti-loreraine-berton-al-tetaro-comunale\/#breadcrumb"},"inLanguage":"fr-FR","potentialAction":[{"@type":"ReadAction","target":["https:\/\/www.bellunopress.it\/2020\/01\/28\/la-relazione-della-presidente-di-confindustria-belluno-dolomiti-loreraine-berton-al-tetaro-comunale\/"]}]},{"@type":"ImageObject","inLanguage":"fr-FR","@id":"https:\/\/www.bellunopress.it\/2020\/01\/28\/la-relazione-della-presidente-di-confindustria-belluno-dolomiti-loreraine-berton-al-tetaro-comunale\/#primaryimage","url":"http:\/\/www.bellunopress.it\/wp-content\/uploads\/2020\/01\/Lorraine-Berton-presidente-industriali.jpg","contentUrl":"http:\/\/www.bellunopress.it\/wp-content\/uploads\/2020\/01\/Lorraine-Berton-presidente-industriali.jpg"},{"@type":"BreadcrumbList","@id":"https:\/\/www.bellunopress.it\/2020\/01\/28\/la-relazione-della-presidente-di-confindustria-belluno-dolomiti-loreraine-berton-al-tetaro-comunale\/#breadcrumb","itemListElement":[{"@type":"ListItem","position":1,"name":"Home","item":"https:\/\/www.bellunopress.it\/"},{"@type":"ListItem","position":2,"name":"La relazione della presidente di Confindustria Belluno Dolomiti Lorraine Berton al Tetaro Comunale"}]},{"@type":"WebSite","@id":"https:\/\/www.bellunopress.it\/#website","url":"https:\/\/www.bellunopress.it\/","name":"Bellunopress - Dolomiti","description":"e-mail: redazione@bellunopress.it","publisher":{"@id":"https:\/\/www.bellunopress.it\/#organization"},"potentialAction":[{"@type":"SearchAction","target":{"@type":"EntryPoint","urlTemplate":"https:\/\/www.bellunopress.it\/?s={search_term_string}"},"query-input":{"@type":"PropertyValueSpecification","valueRequired":true,"valueName":"search_term_string"}}],"inLanguage":"fr-FR"},{"@type":"Organization","@id":"https:\/\/www.bellunopress.it\/#organization","name":"Bellunopress","url":"https:\/\/www.bellunopress.it\/","logo":{"@type":"ImageObject","inLanguage":"fr-FR","@id":"https:\/\/www.bellunopress.it\/#\/schema\/logo\/image\/","url":"https:\/\/www.bellunopress.it\/wp-content\/uploads\/2011\/05\/cropped-logo-bellunopress-.jpg","contentUrl":"https:\/\/www.bellunopress.it\/wp-content\/uploads\/2011\/05\/cropped-logo-bellunopress-.jpg","width":512,"height":512,"caption":"Bellunopress"},"image":{"@id":"https:\/\/www.bellunopress.it\/#\/schema\/logo\/image\/"},"sameAs":["https:\/\/www.facebook.com\/profile.php?id=100008943462799","https:\/\/x.com\/bellunopress","https:\/\/www.linkedin.com\/hp\/?dnr=JBzUWaJfMUw8vbXJJ2tVW5-I3jZKvC4wsoxE&amp;amp;amp;amp;amp;amp;trk=nav_responsive_tab_home","https:\/\/www.youtube.com\/channel\/UCxL0wu1uN0_3_7hGG0306cw"]},{"@type":"Person","@id":"https:\/\/www.bellunopress.it\/#\/schema\/person\/79bb06722b37ece1c03d3e94beb30d73","name":"r\u00e9daction","image":{"@type":"ImageObject","inLanguage":"fr-FR","@id":"https:\/\/secure.gravatar.com\/avatar\/37d968a2e67a6fd04c169c4bdef102d0bc5d31b2546345219e348575eb80e9a0?s=96&d=mm&r=g","url":"https:\/\/secure.gravatar.com\/avatar\/37d968a2e67a6fd04c169c4bdef102d0bc5d31b2546345219e348575eb80e9a0?s=96&d=mm&r=g","contentUrl":"https:\/\/secure.gravatar.com\/avatar\/37d968a2e67a6fd04c169c4bdef102d0bc5d31b2546345219e348575eb80e9a0?s=96&d=mm&r=g","caption":"redazione"},"sameAs":["http:\/\/www.bellunopress.it","https:\/\/x.com\/bellunopress"],"url":"https:\/\/www.bellunopress.it\/fr\/author\/redazione\/"}]}},"_links":{"self":[{"href":"https:\/\/www.bellunopress.it\/fr\/wp-json\/wp\/v2\/posts\/111633","targetHints":{"allow":["GET"]}}],"collection":[{"href":"https:\/\/www.bellunopress.it\/fr\/wp-json\/wp\/v2\/posts"}],"about":[{"href":"https:\/\/www.bellunopress.it\/fr\/wp-json\/wp\/v2\/types\/post"}],"author":[{"embeddable":true,"href":"https:\/\/www.bellunopress.it\/fr\/wp-json\/wp\/v2\/users\/2"}],"replies":[{"embeddable":true,"href":"https:\/\/www.bellunopress.it\/fr\/wp-json\/wp\/v2\/comments?post=111633"}],"version-history":[{"count":3,"href":"https:\/\/www.bellunopress.it\/fr\/wp-json\/wp\/v2\/posts\/111633\/revisions"}],"predecessor-version":[{"id":111645,"href":"https:\/\/www.bellunopress.it\/fr\/wp-json\/wp\/v2\/posts\/111633\/revisions\/111645"}],"wp:attachment":[{"href":"https:\/\/www.bellunopress.it\/fr\/wp-json\/wp\/v2\/media?parent=111633"}],"wp:term":[{"taxonomy":"category","embeddable":true,"href":"https:\/\/www.bellunopress.it\/fr\/wp-json\/wp\/v2\/categories?post=111633"},{"taxonomy":"post_tag","embeddable":true,"href":"https:\/\/www.bellunopress.it\/fr\/wp-json\/wp\/v2\/tags?post=111633"}],"curies":[{"name":"wp","href":"https:\/\/api.w.org\/{rel}","templated":true}]}}