{"id":111539,"date":"2020-01-24T14:47:21","date_gmt":"2020-01-24T13:47:21","guid":{"rendered":"http:\/\/www.bellunopress.it\/?p=111539"},"modified":"2020-01-24T14:47:21","modified_gmt":"2020-01-24T13:47:21","slug":"carta-europea-del-turismo-sostenibile-il-comune-di-belluno-tra-i-firmatari","status":"publish","type":"post","link":"https:\/\/www.bellunopress.it\/fr\/2020\/01\/24\/carta-europea-del-turismo-sostenibile-il-comune-di-belluno-tra-i-firmatari\/","title":{"rendered":"Carta Europea del Turismo Sostenibile: il\u00a0Comune di Belluno tra i firmatari"},"content":{"rendered":"<figure id=\"attachment_108355\" aria-describedby=\"caption-attachment-108355\" style=\"width: 224px\" class=\"wp-caption alignleft\"><a href=\"http:\/\/www.bellunopress.it\/fr\/2019\/10\/01\/belluno-porta-sulle-dolomiti-turismo-ancora-in-crescita-yuki-demilia-i-dati-del-2018-segnano-un-miglioramento-rispetto-al-2017-e-i-primi-numeri-del-2019-confermano-il-trend-positivo-museo-fulc\/yuki-demilia-assessore\/\" rel=\"attachment wp-att-108355\"><img loading=\"lazy\" decoding=\"async\" class=\"size-full wp-image-108355\" src=\"http:\/\/www.bellunopress.it\/wp-content\/uploads\/2019\/10\/Yuki-dEmilia-assessore.jpg\" alt=\"\" width=\"224\" height=\"300\" \/><\/a><figcaption id=\"caption-attachment-108355\" class=\"wp-caption-text\">Yuki d&#8217;Emilia, assessore<\/figcaption><\/figure>\n<p>\u00c8 stata sottoscritta nella serata di ieri, gioved\u00ec 23 gennaio, la presentazione della ricandidatura del Parco Nazionale delle Dolomiti Bellunesi alla Carta Europea del Turismo Sostenibile \u2013 CETS, strumento per promuovere lo sviluppo turistico sostenibile basato sulla collaborazione tra tutte le parti, pubbliche e private.<br \/>\nTra i protagonisti del quinquennio 2020-2024 ci sar\u00e0 anche il Comune di Belluno, che per la prima volta sottoscrive il documento e parteciper\u00e0 con tre \u201cschede azione\u201d; a mettere nero su bianco l&#8217;impegno del capoluogo \u00e8 stata l&#8217;assessore al turismo, Yuki d&#8217;Emilia.<\/p>\n<p>\u00abL&#8217;adesione alla CETS \u00e8 un passo importante per noi, perch\u00e9 andiamo cos\u00ec ad affrontare una sorta di percorso di certificazione verso una migliore gestione delle aree protette per lo sviluppo del turismo sostenibile. &#8211; spiega d&#8217;Emilia \u2013 Sono infatti oltre 100 le aree protette in 16 diversi Paesi europei che hanno ottenuto la Carta, e il Parco Nazionale delle Dolomiti Bellunesi dal 2014 \u00e8 uno di questi\u00bb<\/p>\n<p>55 le schede azione sottoscritte da enti pubblici e realt\u00e0 private; delle 12 proposte pubbliche, tre, come anticipato, quelle che vedranno impegnato il Comune di Belluno, frutto del lavoro coordinato degli assessorati al turismo, all&#8217;ambiente e alle politiche educative: si tratta delle iniziative \u201cBelluno per una mobilit\u00e0 sostenibile\u201d, \u201cPer una promozione di green events\u201d e \u201cLa Belluno sostenibile dei bambini e dei ragazzi\u201d.<\/p>\n<p>\u00abNel primo caso, il Comune continuer\u00e0 la sua azione di ampliamento e miglioramento della rete ciclabile e della sua promozione, organizzando eventi di illustrazione delle nuove tratte realizzate, riproponendo giornate della mobilit\u00e0 sostenibile e confermando la propria adesione all\u2019iniziativa della FIAB \u201cComuniCiclabili\u201d. &#8211; spiega d&#8217;Emilia \u2013 Per gli eventi, invece, vogliamo incentivare e sostenere manifestazioni che seguano criteri sostenibili, riducendo il loro impatto ambientale; per questo, raccoglieremo le buone pratiche ed elaboreremo una linea guida e una campagna di comunicazione e sensibilizzazione rivolta agli organizzatori di eventi, mirata a promuovere l\u2019utilizzo di prodotti provenienti dal territorio e modalit\u00e0 virtuose di riduzione, riciclo e smaltimento dei rifiuti\u00bb.<\/p>\n<p>Infine, la \u201cBelluno sostenibile dei bambini e dei ragazzi\u201d prevede un arricchimento della tradizionale iniziativa indirizzata ai bambini e ragazzi delle scuole del capoluogo con progetti legati al \u201cTurismo sostenibile nelle Dolomiti Bellunesi\u201d per i pi\u00f9 grandi, raccogliendo le loro proposte in materia e ai \u201cComportamenti sostenibili nelle Dolomiti Bellunesi\u201d per i pi\u00f9 piccoli, ossia la creazione da parte dei bambini di un vademecum su come comportarsi entro il Parco da distribuire ai turisti.<\/p>\n<p>\u00abL&#8217;adesione alla CETS \u2013 conclude d&#8217;Emilia \u2013 sar\u00e0 quindi uno strumento per potenziare ancora la nostra attivit\u00e0 nel settore turistico e per valorizzare la nostra sensibilit\u00e0 ambientale; inoltre sar\u00e0 un ottimo mezzo di visibilit\u00e0 e di promozione a livello nazionale ed internazionale\u00bb.<\/p>","protected":false},"excerpt":{"rendered":"<p>\u00c8 stata sottoscritta nella serata di ieri, gioved\u00ec 23 gennaio, la presentazione della ricandidatura del Parco Nazionale delle Dolomiti Bellunesi alla Carta Europea del Turismo Sostenibile \u2013 CETS, strumento per promuovere lo sviluppo turistico sostenibile basato sulla collaborazione tra tutte le parti, pubbliche e private. Tra i protagonisti del quinquennio 2020-2024 ci sar\u00e0 anche il [&hellip;]<\/p>\n","protected":false},"author":2,"featured_media":0,"comment_status":"closed","ping_status":"open","sticky":false,"template":"","format":"standard","meta":{"footnotes":""},"categories":[5,26],"tags":[],"class_list":["post-111539","post","type-post","status-publish","format-standard","category-cronaca","category-prima-pagina"],"yoast_head":"<!-- This site is optimized with the Yoast SEO plugin v28.4 - https:\/\/yoast.com\/product\/yoast-seo-wordpress\/ -->\n<title>Carta Europea del Turismo Sostenibile: il\u00a0Comune di Belluno tra i firmatari - Bellunopress - Dolomiti<\/title>\n<meta name=\"robots\" content=\"index, follow, max-snippet:-1, max-image-preview:large, max-video-preview:-1\" \/>\n<link rel=\"canonical\" href=\"https:\/\/www.bellunopress.it\/fr\/2020\/01\/24\/carta-europea-del-turismo-sostenibile-il-comune-di-belluno-tra-i-firmatari\/\" \/>\n<meta property=\"og:locale\" content=\"fr_FR\" \/>\n<meta property=\"og:type\" content=\"article\" \/>\n<meta property=\"og:title\" content=\"Carta Europea del Turismo Sostenibile: il\u00a0Comune di Belluno tra i firmatari - Bellunopress - Dolomiti\" \/>\n<meta property=\"og:description\" content=\"\u00c8 stata sottoscritta nella serata di ieri, gioved\u00ec 23 gennaio, la presentazione della ricandidatura del Parco Nazionale delle Dolomiti Bellunesi alla Carta Europea del Turismo Sostenibile \u2013 CETS, strumento per promuovere lo sviluppo turistico sostenibile basato sulla collaborazione tra tutte le parti, pubbliche e private. Tra i protagonisti del quinquennio 2020-2024 ci sar\u00e0 anche il [&hellip;]\" \/>\n<meta property=\"og:url\" content=\"https:\/\/www.bellunopress.it\/fr\/2020\/01\/24\/carta-europea-del-turismo-sostenibile-il-comune-di-belluno-tra-i-firmatari\/\" \/>\n<meta property=\"og:site_name\" content=\"Bellunopress - Dolomiti\" \/>\n<meta property=\"article:publisher\" content=\"https:\/\/www.facebook.com\/profile.php?id=100008943462799\" \/>\n<meta property=\"article:published_time\" content=\"2020-01-24T13:47:21+00:00\" \/>\n<meta property=\"og:image\" content=\"http:\/\/www.bellunopress.it\/wp-content\/uploads\/2019\/10\/Yuki-dEmilia-assessore.jpg\" \/>\n<meta name=\"author\" content=\"redazione\" \/>\n<meta name=\"twitter:card\" content=\"summary_large_image\" \/>\n<meta name=\"twitter:creator\" content=\"@bellunopress\" \/>\n<meta name=\"twitter:site\" content=\"@bellunopress\" \/>\n<meta name=\"twitter:label1\" content=\"\u00c9crit par\" \/>\n\t<meta name=\"twitter:data1\" content=\"redazione\" \/>\n\t<meta name=\"twitter:label2\" content=\"Dur\u00e9e de lecture estim\u00e9e\" \/>\n\t<meta name=\"twitter:data2\" content=\"2 minutes\" \/>\n<script type=\"application\/ld+json\" class=\"yoast-schema-graph\">{\"@context\":\"https:\\\/\\\/schema.org\",\"@graph\":[{\"@type\":\"Article\",\"@id\":\"https:\\\/\\\/www.bellunopress.it\\\/2020\\\/01\\\/24\\\/carta-europea-del-turismo-sostenibile-il-comune-di-belluno-tra-i-firmatari\\\/#article\",\"isPartOf\":{\"@id\":\"https:\\\/\\\/www.bellunopress.it\\\/2020\\\/01\\\/24\\\/carta-europea-del-turismo-sostenibile-il-comune-di-belluno-tra-i-firmatari\\\/\"},\"author\":{\"name\":\"redazione\",\"@id\":\"https:\\\/\\\/www.bellunopress.it\\\/#\\\/schema\\\/person\\\/79bb06722b37ece1c03d3e94beb30d73\"},\"headline\":\"Carta Europea del Turismo Sostenibile: il\u00a0Comune di Belluno tra i firmatari\",\"datePublished\":\"2020-01-24T13:47:21+00:00\",\"mainEntityOfPage\":{\"@id\":\"https:\\\/\\\/www.bellunopress.it\\\/2020\\\/01\\\/24\\\/carta-europea-del-turismo-sostenibile-il-comune-di-belluno-tra-i-firmatari\\\/\"},\"wordCount\":458,\"publisher\":{\"@id\":\"https:\\\/\\\/www.bellunopress.it\\\/#organization\"},\"image\":{\"@id\":\"https:\\\/\\\/www.bellunopress.it\\\/2020\\\/01\\\/24\\\/carta-europea-del-turismo-sostenibile-il-comune-di-belluno-tra-i-firmatari\\\/#primaryimage\"},\"thumbnailUrl\":\"http:\\\/\\\/www.bellunopress.it\\\/wp-content\\\/uploads\\\/2019\\\/10\\\/Yuki-dEmilia-assessore.jpg\",\"articleSection\":[\"Cronaca\\\/Politica\",\"Prima Pagina\"],\"inLanguage\":\"fr-FR\"},{\"@type\":\"WebPage\",\"@id\":\"https:\\\/\\\/www.bellunopress.it\\\/2020\\\/01\\\/24\\\/carta-europea-del-turismo-sostenibile-il-comune-di-belluno-tra-i-firmatari\\\/\",\"url\":\"https:\\\/\\\/www.bellunopress.it\\\/2020\\\/01\\\/24\\\/carta-europea-del-turismo-sostenibile-il-comune-di-belluno-tra-i-firmatari\\\/\",\"name\":\"Carta Europea del Turismo Sostenibile: il\u00a0Comune di Belluno tra i firmatari - Bellunopress - Dolomiti\",\"isPartOf\":{\"@id\":\"https:\\\/\\\/www.bellunopress.it\\\/#website\"},\"primaryImageOfPage\":{\"@id\":\"https:\\\/\\\/www.bellunopress.it\\\/2020\\\/01\\\/24\\\/carta-europea-del-turismo-sostenibile-il-comune-di-belluno-tra-i-firmatari\\\/#primaryimage\"},\"image\":{\"@id\":\"https:\\\/\\\/www.bellunopress.it\\\/2020\\\/01\\\/24\\\/carta-europea-del-turismo-sostenibile-il-comune-di-belluno-tra-i-firmatari\\\/#primaryimage\"},\"thumbnailUrl\":\"http:\\\/\\\/www.bellunopress.it\\\/wp-content\\\/uploads\\\/2019\\\/10\\\/Yuki-dEmilia-assessore.jpg\",\"datePublished\":\"2020-01-24T13:47:21+00:00\",\"breadcrumb\":{\"@id\":\"https:\\\/\\\/www.bellunopress.it\\\/2020\\\/01\\\/24\\\/carta-europea-del-turismo-sostenibile-il-comune-di-belluno-tra-i-firmatari\\\/#breadcrumb\"},\"inLanguage\":\"fr-FR\",\"potentialAction\":[{\"@type\":\"ReadAction\",\"target\":[\"https:\\\/\\\/www.bellunopress.it\\\/2020\\\/01\\\/24\\\/carta-europea-del-turismo-sostenibile-il-comune-di-belluno-tra-i-firmatari\\\/\"]}]},{\"@type\":\"ImageObject\",\"inLanguage\":\"fr-FR\",\"@id\":\"https:\\\/\\\/www.bellunopress.it\\\/2020\\\/01\\\/24\\\/carta-europea-del-turismo-sostenibile-il-comune-di-belluno-tra-i-firmatari\\\/#primaryimage\",\"url\":\"http:\\\/\\\/www.bellunopress.it\\\/wp-content\\\/uploads\\\/2019\\\/10\\\/Yuki-dEmilia-assessore.jpg\",\"contentUrl\":\"http:\\\/\\\/www.bellunopress.it\\\/wp-content\\\/uploads\\\/2019\\\/10\\\/Yuki-dEmilia-assessore.jpg\"},{\"@type\":\"BreadcrumbList\",\"@id\":\"https:\\\/\\\/www.bellunopress.it\\\/2020\\\/01\\\/24\\\/carta-europea-del-turismo-sostenibile-il-comune-di-belluno-tra-i-firmatari\\\/#breadcrumb\",\"itemListElement\":[{\"@type\":\"ListItem\",\"position\":1,\"name\":\"Home\",\"item\":\"https:\\\/\\\/www.bellunopress.it\\\/\"},{\"@type\":\"ListItem\",\"position\":2,\"name\":\"Carta Europea del Turismo Sostenibile: il\u00a0Comune di Belluno tra i firmatari\"}]},{\"@type\":\"WebSite\",\"@id\":\"https:\\\/\\\/www.bellunopress.it\\\/#website\",\"url\":\"https:\\\/\\\/www.bellunopress.it\\\/\",\"name\":\"Bellunopress - Dolomiti\",\"description\":\"e-mail: redazione@bellunopress.it\",\"publisher\":{\"@id\":\"https:\\\/\\\/www.bellunopress.it\\\/#organization\"},\"potentialAction\":[{\"@type\":\"SearchAction\",\"target\":{\"@type\":\"EntryPoint\",\"urlTemplate\":\"https:\\\/\\\/www.bellunopress.it\\\/?s={search_term_string}\"},\"query-input\":{\"@type\":\"PropertyValueSpecification\",\"valueRequired\":true,\"valueName\":\"search_term_string\"}}],\"inLanguage\":\"fr-FR\"},{\"@type\":\"Organization\",\"@id\":\"https:\\\/\\\/www.bellunopress.it\\\/#organization\",\"name\":\"Bellunopress\",\"url\":\"https:\\\/\\\/www.bellunopress.it\\\/\",\"logo\":{\"@type\":\"ImageObject\",\"inLanguage\":\"fr-FR\",\"@id\":\"https:\\\/\\\/www.bellunopress.it\\\/#\\\/schema\\\/logo\\\/image\\\/\",\"url\":\"https:\\\/\\\/www.bellunopress.it\\\/wp-content\\\/uploads\\\/2011\\\/05\\\/cropped-logo-bellunopress-.jpg\",\"contentUrl\":\"https:\\\/\\\/www.bellunopress.it\\\/wp-content\\\/uploads\\\/2011\\\/05\\\/cropped-logo-bellunopress-.jpg\",\"width\":512,\"height\":512,\"caption\":\"Bellunopress\"},\"image\":{\"@id\":\"https:\\\/\\\/www.bellunopress.it\\\/#\\\/schema\\\/logo\\\/image\\\/\"},\"sameAs\":[\"https:\\\/\\\/www.facebook.com\\\/profile.php?id=100008943462799\",\"https:\\\/\\\/x.com\\\/bellunopress\",\"https:\\\/\\\/www.linkedin.com\\\/hp\\\/?dnr=JBzUWaJfMUw8vbXJJ2tVW5-I3jZKvC4wsoxE&amp;amp;amp;amp;amp;amp;trk=nav_responsive_tab_home\",\"https:\\\/\\\/www.youtube.com\\\/channel\\\/UCxL0wu1uN0_3_7hGG0306cw\"]},{\"@type\":\"Person\",\"@id\":\"https:\\\/\\\/www.bellunopress.it\\\/#\\\/schema\\\/person\\\/79bb06722b37ece1c03d3e94beb30d73\",\"name\":\"redazione\",\"image\":{\"@type\":\"ImageObject\",\"inLanguage\":\"fr-FR\",\"@id\":\"https:\\\/\\\/secure.gravatar.com\\\/avatar\\\/37d968a2e67a6fd04c169c4bdef102d0bc5d31b2546345219e348575eb80e9a0?s=96&d=mm&r=g\",\"url\":\"https:\\\/\\\/secure.gravatar.com\\\/avatar\\\/37d968a2e67a6fd04c169c4bdef102d0bc5d31b2546345219e348575eb80e9a0?s=96&d=mm&r=g\",\"contentUrl\":\"https:\\\/\\\/secure.gravatar.com\\\/avatar\\\/37d968a2e67a6fd04c169c4bdef102d0bc5d31b2546345219e348575eb80e9a0?s=96&d=mm&r=g\",\"caption\":\"redazione\"},\"sameAs\":[\"http:\\\/\\\/www.bellunopress.it\",\"https:\\\/\\\/x.com\\\/bellunopress\"],\"url\":\"https:\\\/\\\/www.bellunopress.it\\\/fr\\\/author\\\/redazione\\\/\"}]}<\/script>\n<!-- \/ Yoast SEO plugin. -->","yoast_head_json":{"title":"Carta Europea del Turismo Sostenibile: il\u00a0Comune di Belluno tra i firmatari - Bellunopress - Dolomiti","robots":{"index":"index","follow":"follow","max-snippet":"max-snippet:-1","max-image-preview":"max-image-preview:large","max-video-preview":"max-video-preview:-1"},"canonical":"https:\/\/www.bellunopress.it\/fr\/2020\/01\/24\/carta-europea-del-turismo-sostenibile-il-comune-di-belluno-tra-i-firmatari\/","og_locale":"fr_FR","og_type":"article","og_title":"Carta Europea del Turismo Sostenibile: il\u00a0Comune di Belluno tra i firmatari - Bellunopress - Dolomiti","og_description":"\u00c8 stata sottoscritta nella serata di ieri, gioved\u00ec 23 gennaio, la presentazione della ricandidatura del Parco Nazionale delle Dolomiti Bellunesi alla Carta Europea del Turismo Sostenibile \u2013 CETS, strumento per promuovere lo sviluppo turistico sostenibile basato sulla collaborazione tra tutte le parti, pubbliche e private. Tra i protagonisti del quinquennio 2020-2024 ci sar\u00e0 anche il [&hellip;]","og_url":"https:\/\/www.bellunopress.it\/fr\/2020\/01\/24\/carta-europea-del-turismo-sostenibile-il-comune-di-belluno-tra-i-firmatari\/","og_site_name":"Bellunopress - Dolomiti","article_publisher":"https:\/\/www.facebook.com\/profile.php?id=100008943462799","article_published_time":"2020-01-24T13:47:21+00:00","og_image":[{"url":"http:\/\/www.bellunopress.it\/wp-content\/uploads\/2019\/10\/Yuki-dEmilia-assessore.jpg","type":"","width":"","height":""}],"author":"redazione","twitter_card":"summary_large_image","twitter_creator":"@bellunopress","twitter_site":"@bellunopress","twitter_misc":{"\u00c9crit par":"redazione","Dur\u00e9e de lecture estim\u00e9e":"2 minutes"},"schema":{"@context":"https:\/\/schema.org","@graph":[{"@type":"Article","@id":"https:\/\/www.bellunopress.it\/2020\/01\/24\/carta-europea-del-turismo-sostenibile-il-comune-di-belluno-tra-i-firmatari\/#article","isPartOf":{"@id":"https:\/\/www.bellunopress.it\/2020\/01\/24\/carta-europea-del-turismo-sostenibile-il-comune-di-belluno-tra-i-firmatari\/"},"author":{"name":"redazione","@id":"https:\/\/www.bellunopress.it\/#\/schema\/person\/79bb06722b37ece1c03d3e94beb30d73"},"headline":"Carta Europea del Turismo Sostenibile: il\u00a0Comune di Belluno tra i firmatari","datePublished":"2020-01-24T13:47:21+00:00","mainEntityOfPage":{"@id":"https:\/\/www.bellunopress.it\/2020\/01\/24\/carta-europea-del-turismo-sostenibile-il-comune-di-belluno-tra-i-firmatari\/"},"wordCount":458,"publisher":{"@id":"https:\/\/www.bellunopress.it\/#organization"},"image":{"@id":"https:\/\/www.bellunopress.it\/2020\/01\/24\/carta-europea-del-turismo-sostenibile-il-comune-di-belluno-tra-i-firmatari\/#primaryimage"},"thumbnailUrl":"http:\/\/www.bellunopress.it\/wp-content\/uploads\/2019\/10\/Yuki-dEmilia-assessore.jpg","articleSection":["Cronaca\/Politica","Prima Pagina"],"inLanguage":"fr-FR"},{"@type":"WebPage","@id":"https:\/\/www.bellunopress.it\/2020\/01\/24\/carta-europea-del-turismo-sostenibile-il-comune-di-belluno-tra-i-firmatari\/","url":"https:\/\/www.bellunopress.it\/2020\/01\/24\/carta-europea-del-turismo-sostenibile-il-comune-di-belluno-tra-i-firmatari\/","name":"Carta Europea del Turismo Sostenibile: il\u00a0Comune di Belluno tra i firmatari - Bellunopress - Dolomiti","isPartOf":{"@id":"https:\/\/www.bellunopress.it\/#website"},"primaryImageOfPage":{"@id":"https:\/\/www.bellunopress.it\/2020\/01\/24\/carta-europea-del-turismo-sostenibile-il-comune-di-belluno-tra-i-firmatari\/#primaryimage"},"image":{"@id":"https:\/\/www.bellunopress.it\/2020\/01\/24\/carta-europea-del-turismo-sostenibile-il-comune-di-belluno-tra-i-firmatari\/#primaryimage"},"thumbnailUrl":"http:\/\/www.bellunopress.it\/wp-content\/uploads\/2019\/10\/Yuki-dEmilia-assessore.jpg","datePublished":"2020-01-24T13:47:21+00:00","breadcrumb":{"@id":"https:\/\/www.bellunopress.it\/2020\/01\/24\/carta-europea-del-turismo-sostenibile-il-comune-di-belluno-tra-i-firmatari\/#breadcrumb"},"inLanguage":"fr-FR","potentialAction":[{"@type":"ReadAction","target":["https:\/\/www.bellunopress.it\/2020\/01\/24\/carta-europea-del-turismo-sostenibile-il-comune-di-belluno-tra-i-firmatari\/"]}]},{"@type":"ImageObject","inLanguage":"fr-FR","@id":"https:\/\/www.bellunopress.it\/2020\/01\/24\/carta-europea-del-turismo-sostenibile-il-comune-di-belluno-tra-i-firmatari\/#primaryimage","url":"http:\/\/www.bellunopress.it\/wp-content\/uploads\/2019\/10\/Yuki-dEmilia-assessore.jpg","contentUrl":"http:\/\/www.bellunopress.it\/wp-content\/uploads\/2019\/10\/Yuki-dEmilia-assessore.jpg"},{"@type":"BreadcrumbList","@id":"https:\/\/www.bellunopress.it\/2020\/01\/24\/carta-europea-del-turismo-sostenibile-il-comune-di-belluno-tra-i-firmatari\/#breadcrumb","itemListElement":[{"@type":"ListItem","position":1,"name":"Home","item":"https:\/\/www.bellunopress.it\/"},{"@type":"ListItem","position":2,"name":"Carta Europea del Turismo Sostenibile: il\u00a0Comune di Belluno tra i firmatari"}]},{"@type":"WebSite","@id":"https:\/\/www.bellunopress.it\/#website","url":"https:\/\/www.bellunopress.it\/","name":"Bellunopress - Dolomiti","description":"e-mail: redazione@bellunopress.it","publisher":{"@id":"https:\/\/www.bellunopress.it\/#organization"},"potentialAction":[{"@type":"SearchAction","target":{"@type":"EntryPoint","urlTemplate":"https:\/\/www.bellunopress.it\/?s={search_term_string}"},"query-input":{"@type":"PropertyValueSpecification","valueRequired":true,"valueName":"search_term_string"}}],"inLanguage":"fr-FR"},{"@type":"Organization","@id":"https:\/\/www.bellunopress.it\/#organization","name":"Bellunopress","url":"https:\/\/www.bellunopress.it\/","logo":{"@type":"ImageObject","inLanguage":"fr-FR","@id":"https:\/\/www.bellunopress.it\/#\/schema\/logo\/image\/","url":"https:\/\/www.bellunopress.it\/wp-content\/uploads\/2011\/05\/cropped-logo-bellunopress-.jpg","contentUrl":"https:\/\/www.bellunopress.it\/wp-content\/uploads\/2011\/05\/cropped-logo-bellunopress-.jpg","width":512,"height":512,"caption":"Bellunopress"},"image":{"@id":"https:\/\/www.bellunopress.it\/#\/schema\/logo\/image\/"},"sameAs":["https:\/\/www.facebook.com\/profile.php?id=100008943462799","https:\/\/x.com\/bellunopress","https:\/\/www.linkedin.com\/hp\/?dnr=JBzUWaJfMUw8vbXJJ2tVW5-I3jZKvC4wsoxE&amp;amp;amp;amp;amp;amp;trk=nav_responsive_tab_home","https:\/\/www.youtube.com\/channel\/UCxL0wu1uN0_3_7hGG0306cw"]},{"@type":"Person","@id":"https:\/\/www.bellunopress.it\/#\/schema\/person\/79bb06722b37ece1c03d3e94beb30d73","name":"r\u00e9daction","image":{"@type":"ImageObject","inLanguage":"fr-FR","@id":"https:\/\/secure.gravatar.com\/avatar\/37d968a2e67a6fd04c169c4bdef102d0bc5d31b2546345219e348575eb80e9a0?s=96&d=mm&r=g","url":"https:\/\/secure.gravatar.com\/avatar\/37d968a2e67a6fd04c169c4bdef102d0bc5d31b2546345219e348575eb80e9a0?s=96&d=mm&r=g","contentUrl":"https:\/\/secure.gravatar.com\/avatar\/37d968a2e67a6fd04c169c4bdef102d0bc5d31b2546345219e348575eb80e9a0?s=96&d=mm&r=g","caption":"redazione"},"sameAs":["http:\/\/www.bellunopress.it","https:\/\/x.com\/bellunopress"],"url":"https:\/\/www.bellunopress.it\/fr\/author\/redazione\/"}]}},"_links":{"self":[{"href":"https:\/\/www.bellunopress.it\/fr\/wp-json\/wp\/v2\/posts\/111539","targetHints":{"allow":["GET"]}}],"collection":[{"href":"https:\/\/www.bellunopress.it\/fr\/wp-json\/wp\/v2\/posts"}],"about":[{"href":"https:\/\/www.bellunopress.it\/fr\/wp-json\/wp\/v2\/types\/post"}],"author":[{"embeddable":true,"href":"https:\/\/www.bellunopress.it\/fr\/wp-json\/wp\/v2\/users\/2"}],"replies":[{"embeddable":true,"href":"https:\/\/www.bellunopress.it\/fr\/wp-json\/wp\/v2\/comments?post=111539"}],"version-history":[{"count":1,"href":"https:\/\/www.bellunopress.it\/fr\/wp-json\/wp\/v2\/posts\/111539\/revisions"}],"predecessor-version":[{"id":111540,"href":"https:\/\/www.bellunopress.it\/fr\/wp-json\/wp\/v2\/posts\/111539\/revisions\/111540"}],"wp:attachment":[{"href":"https:\/\/www.bellunopress.it\/fr\/wp-json\/wp\/v2\/media?parent=111539"}],"wp:term":[{"taxonomy":"category","embeddable":true,"href":"https:\/\/www.bellunopress.it\/fr\/wp-json\/wp\/v2\/categories?post=111539"},{"taxonomy":"post_tag","embeddable":true,"href":"https:\/\/www.bellunopress.it\/fr\/wp-json\/wp\/v2\/tags?post=111539"}],"curies":[{"name":"wp","href":"https:\/\/api.w.org\/{rel}","templated":true}]}}