{"id":111537,"date":"2020-01-24T13:35:05","date_gmt":"2020-01-24T12:35:05","guid":{"rendered":"http:\/\/www.bellunopress.it\/?p=111537"},"modified":"2020-01-24T13:35:05","modified_gmt":"2020-01-24T12:35:05","slug":"treno-delle-dolomiti-padrin-attendiamo-gli-approfondimenti-della-regione-solo-dopo-si-potra-scegliere","status":"publish","type":"post","link":"https:\/\/www.bellunopress.it\/fr\/2020\/01\/24\/treno-delle-dolomiti-padrin-attendiamo-gli-approfondimenti-della-regione-solo-dopo-si-potra-scegliere\/","title":{"rendered":"Treno delle Dolomiti. Padrin: &#8220;Attendiamo gli approfondimenti della Regione. Solo dopo si potr\u00e0 scegliere&#8221;"},"content":{"rendered":"<figure id=\"attachment_111249\" aria-describedby=\"caption-attachment-111249\" style=\"width: 200px\" class=\"wp-caption alignleft\"><a href=\"http:\/\/www.bellunopress.it\/fr\/2020\/01\/15\/riclassificazione-delle-strade-padrin-bene-ma-si-mantenga-il-sistema-di-gestione-di-veneto-strade\/roberto-padrin-presidente-provincia\/\" rel=\"attachment wp-att-111249\"><img loading=\"lazy\" decoding=\"async\" class=\"size-full wp-image-111249\" src=\"http:\/\/www.bellunopress.it\/wp-content\/uploads\/2020\/01\/roberto-padrin-presidente-provincia.jpg\" alt=\"\" width=\"200\" height=\"279\" \/><\/a><figcaption id=\"caption-attachment-111249\" class=\"wp-caption-text\">Roberto Padrin &#8211; Presidente della Provincia<\/figcaption><\/figure>\n<p>\u00abAttendiamo lo studio di fattibilit\u00e0 che la Regione Veneto sta preparando sul treno delle Dolomiti. \u00c8 l\u2019unico strumento che ci consentir\u00e0 di verificare se la ferrovia \u00e8 un progetto realizzabile e soprattutto se il treno potr\u00e0 essere il mezzo pi\u00f9 utile a risolvere i problemi infrastrutturali del Bellunese\u00bb.<\/p>\n<p>\u00c8 quanto afferma il presidente della Provincia, Roberto Padrin.<\/p>\n<p>Il tema del treno delle Dolomiti, che comunque \u00e8 un progetto a lungo termine di cui probabilmente nessuno dei politici oggi sulla scena potr\u00e0 tagliare il nastro d&#8217;inaugurazione, \u00e8 tornato prepotentemente d\u2019attualit\u00e0, dopo che l\u2019Agordino ha avanzato l\u2019ipotesi del quarto tracciato.<\/p>\n<p>\u00abAlcuni sindaci dell\u2019Agordino hanno pensato a un nuovo tracciato e sono stati a colloquio con l\u2019assessore regionale De Berti, per presentarle il progetto; e lei lo ha accolto favorevolmente &#8211; spiega il presidente Padrin -. Poi, quell\u2019idea \u00e8 stata presentata anche alla Provincia, con un documento prodotto dall\u2019Unione Montana Agordina e la preghiera di inviarlo alla Regione per lo studio di fattibilit\u00e0. Ed \u00e8 quello che ho fatto, in quanto si tratta di una proposta che nasce dal territorio e la Provincia ha il dovere di fare da collettore delle richieste dei sindaci\u00bb.<\/p>\n<p>\u00abAdesso aspettiamo di vedere le elaborazioni tecniche dell\u2019ingegner Moroder, l\u2019incaricato dalla Regione Veneto di eseguire tutti gli approfondimenti sull\u2019idea del treno &#8211; continua il presidente Padrin -. Se l\u2019obiettivo \u00e8 un collegamento rapido tra Cortina e Venezia, bisogner\u00e0 scegliere il tracciato migliore per la rapidit\u00e0. Se invece l\u2019obiettivo \u00e8 quello di un trenino turistico, serviranno considerazioni di altro tipo. Bisogna per\u00f2 affrontare prioritariamente un altra questione, perch\u00e9 da anni si parla del treno delle Dolomiti come della soluzione di gran parte dei problemi infrastrutturali della nostra provincia e vogliamo capire se \u00e8 davvero cos\u00ec. La Provincia \u00e8 stata criticata per non aver scelto. Ma per scegliere bisogna prima sapere cosa si va a scegliere e conoscere tutte le alternative; soprattutto bisogna avere in mano studi e ricerche su quale \u00e8 il mezzo di trasporto pi\u00f9 funzionale alle esigenze del nostro territorio e alle sfide future del Bellunese.<\/p>\n<p>Se dagli studi della Regione &#8211; conclude il presidente della Provincia Padrin &#8211;\u00a0 emerger\u00e0 che il treno non \u00e8 il mezzo pi\u00f9 funzionale, bisogner\u00e0 concentrarsi su altri ragionamenti. Quello sar\u00e0 il momento della scelta\u00bb.<\/p>","protected":false},"excerpt":{"rendered":"<p>\u00abAttendiamo lo studio di fattibilit\u00e0 che la Regione Veneto sta preparando sul treno delle Dolomiti. \u00c8 l\u2019unico strumento che ci consentir\u00e0 di verificare se la ferrovia \u00e8 un progetto realizzabile e soprattutto se il treno potr\u00e0 essere il mezzo pi\u00f9 utile a risolvere i problemi infrastrutturali del Bellunese\u00bb. \u00c8 quanto afferma il presidente della Provincia, [&hellip;]<\/p>\n","protected":false},"author":2,"featured_media":0,"comment_status":"closed","ping_status":"open","sticky":false,"template":"","format":"standard","meta":{"footnotes":""},"categories":[1],"tags":[],"class_list":["post-111537","post","type-post","status-publish","format-standard","category-leo"],"yoast_head":"<!-- This site is optimized with the Yoast SEO plugin v28.4 - https:\/\/yoast.com\/product\/yoast-seo-wordpress\/ -->\n<title>Treno delle Dolomiti. Padrin: &quot;Attendiamo gli approfondimenti della Regione. Solo dopo si potr\u00e0 scegliere&quot; - Bellunopress - Dolomiti<\/title>\n<meta name=\"robots\" content=\"index, follow, max-snippet:-1, max-image-preview:large, max-video-preview:-1\" \/>\n<link rel=\"canonical\" href=\"https:\/\/www.bellunopress.it\/fr\/2020\/01\/24\/treno-delle-dolomiti-padrin-attendiamo-gli-approfondimenti-della-regione-solo-dopo-si-potra-scegliere\/\" \/>\n<meta property=\"og:locale\" content=\"fr_FR\" \/>\n<meta property=\"og:type\" content=\"article\" \/>\n<meta property=\"og:title\" content=\"Treno delle Dolomiti. Padrin: &quot;Attendiamo gli approfondimenti della Regione. Solo dopo si potr\u00e0 scegliere&quot; - Bellunopress - Dolomiti\" \/>\n<meta property=\"og:description\" content=\"\u00abAttendiamo lo studio di fattibilit\u00e0 che la Regione Veneto sta preparando sul treno delle Dolomiti. \u00c8 l\u2019unico strumento che ci consentir\u00e0 di verificare se la ferrovia \u00e8 un progetto realizzabile e soprattutto se il treno potr\u00e0 essere il mezzo pi\u00f9 utile a risolvere i problemi infrastrutturali del Bellunese\u00bb. \u00c8 quanto afferma il presidente della Provincia, [&hellip;]\" \/>\n<meta property=\"og:url\" content=\"https:\/\/www.bellunopress.it\/fr\/2020\/01\/24\/treno-delle-dolomiti-padrin-attendiamo-gli-approfondimenti-della-regione-solo-dopo-si-potra-scegliere\/\" \/>\n<meta property=\"og:site_name\" content=\"Bellunopress - Dolomiti\" \/>\n<meta property=\"article:publisher\" content=\"https:\/\/www.facebook.com\/profile.php?id=100008943462799\" \/>\n<meta property=\"article:published_time\" content=\"2020-01-24T12:35:05+00:00\" \/>\n<meta property=\"og:image\" content=\"http:\/\/www.bellunopress.it\/wp-content\/uploads\/2020\/01\/roberto-padrin-presidente-provincia.jpg\" \/>\n<meta name=\"author\" content=\"redazione\" \/>\n<meta name=\"twitter:card\" content=\"summary_large_image\" \/>\n<meta name=\"twitter:creator\" content=\"@bellunopress\" \/>\n<meta name=\"twitter:site\" content=\"@bellunopress\" \/>\n<meta name=\"twitter:label1\" content=\"\u00c9crit par\" \/>\n\t<meta name=\"twitter:data1\" content=\"redazione\" \/>\n\t<meta name=\"twitter:label2\" content=\"Dur\u00e9e de lecture estim\u00e9e\" \/>\n\t<meta name=\"twitter:data2\" content=\"2 minutes\" \/>\n<script type=\"application\/ld+json\" class=\"yoast-schema-graph\">{\"@context\":\"https:\\\/\\\/schema.org\",\"@graph\":[{\"@type\":\"Article\",\"@id\":\"https:\\\/\\\/www.bellunopress.it\\\/2020\\\/01\\\/24\\\/treno-delle-dolomiti-padrin-attendiamo-gli-approfondimenti-della-regione-solo-dopo-si-potra-scegliere\\\/#article\",\"isPartOf\":{\"@id\":\"https:\\\/\\\/www.bellunopress.it\\\/2020\\\/01\\\/24\\\/treno-delle-dolomiti-padrin-attendiamo-gli-approfondimenti-della-regione-solo-dopo-si-potra-scegliere\\\/\"},\"author\":{\"name\":\"redazione\",\"@id\":\"https:\\\/\\\/www.bellunopress.it\\\/#\\\/schema\\\/person\\\/79bb06722b37ece1c03d3e94beb30d73\"},\"headline\":\"Treno delle Dolomiti. Padrin: &#8220;Attendiamo gli approfondimenti della Regione. Solo dopo si potr\u00e0 scegliere&#8221;\",\"datePublished\":\"2020-01-24T12:35:05+00:00\",\"mainEntityOfPage\":{\"@id\":\"https:\\\/\\\/www.bellunopress.it\\\/2020\\\/01\\\/24\\\/treno-delle-dolomiti-padrin-attendiamo-gli-approfondimenti-della-regione-solo-dopo-si-potra-scegliere\\\/\"},\"wordCount\":400,\"publisher\":{\"@id\":\"https:\\\/\\\/www.bellunopress.it\\\/#organization\"},\"image\":{\"@id\":\"https:\\\/\\\/www.bellunopress.it\\\/2020\\\/01\\\/24\\\/treno-delle-dolomiti-padrin-attendiamo-gli-approfondimenti-della-regione-solo-dopo-si-potra-scegliere\\\/#primaryimage\"},\"thumbnailUrl\":\"http:\\\/\\\/www.bellunopress.it\\\/wp-content\\\/uploads\\\/2020\\\/01\\\/roberto-padrin-presidente-provincia.jpg\",\"articleSection\":[\"Lettere Opinioni\"],\"inLanguage\":\"fr-FR\"},{\"@type\":\"WebPage\",\"@id\":\"https:\\\/\\\/www.bellunopress.it\\\/2020\\\/01\\\/24\\\/treno-delle-dolomiti-padrin-attendiamo-gli-approfondimenti-della-regione-solo-dopo-si-potra-scegliere\\\/\",\"url\":\"https:\\\/\\\/www.bellunopress.it\\\/2020\\\/01\\\/24\\\/treno-delle-dolomiti-padrin-attendiamo-gli-approfondimenti-della-regione-solo-dopo-si-potra-scegliere\\\/\",\"name\":\"Treno delle Dolomiti. Padrin: \\\"Attendiamo gli approfondimenti della Regione. Solo dopo si potr\u00e0 scegliere\\\" - Bellunopress - Dolomiti\",\"isPartOf\":{\"@id\":\"https:\\\/\\\/www.bellunopress.it\\\/#website\"},\"primaryImageOfPage\":{\"@id\":\"https:\\\/\\\/www.bellunopress.it\\\/2020\\\/01\\\/24\\\/treno-delle-dolomiti-padrin-attendiamo-gli-approfondimenti-della-regione-solo-dopo-si-potra-scegliere\\\/#primaryimage\"},\"image\":{\"@id\":\"https:\\\/\\\/www.bellunopress.it\\\/2020\\\/01\\\/24\\\/treno-delle-dolomiti-padrin-attendiamo-gli-approfondimenti-della-regione-solo-dopo-si-potra-scegliere\\\/#primaryimage\"},\"thumbnailUrl\":\"http:\\\/\\\/www.bellunopress.it\\\/wp-content\\\/uploads\\\/2020\\\/01\\\/roberto-padrin-presidente-provincia.jpg\",\"datePublished\":\"2020-01-24T12:35:05+00:00\",\"breadcrumb\":{\"@id\":\"https:\\\/\\\/www.bellunopress.it\\\/2020\\\/01\\\/24\\\/treno-delle-dolomiti-padrin-attendiamo-gli-approfondimenti-della-regione-solo-dopo-si-potra-scegliere\\\/#breadcrumb\"},\"inLanguage\":\"fr-FR\",\"potentialAction\":[{\"@type\":\"ReadAction\",\"target\":[\"https:\\\/\\\/www.bellunopress.it\\\/2020\\\/01\\\/24\\\/treno-delle-dolomiti-padrin-attendiamo-gli-approfondimenti-della-regione-solo-dopo-si-potra-scegliere\\\/\"]}]},{\"@type\":\"ImageObject\",\"inLanguage\":\"fr-FR\",\"@id\":\"https:\\\/\\\/www.bellunopress.it\\\/2020\\\/01\\\/24\\\/treno-delle-dolomiti-padrin-attendiamo-gli-approfondimenti-della-regione-solo-dopo-si-potra-scegliere\\\/#primaryimage\",\"url\":\"http:\\\/\\\/www.bellunopress.it\\\/wp-content\\\/uploads\\\/2020\\\/01\\\/roberto-padrin-presidente-provincia.jpg\",\"contentUrl\":\"http:\\\/\\\/www.bellunopress.it\\\/wp-content\\\/uploads\\\/2020\\\/01\\\/roberto-padrin-presidente-provincia.jpg\"},{\"@type\":\"BreadcrumbList\",\"@id\":\"https:\\\/\\\/www.bellunopress.it\\\/2020\\\/01\\\/24\\\/treno-delle-dolomiti-padrin-attendiamo-gli-approfondimenti-della-regione-solo-dopo-si-potra-scegliere\\\/#breadcrumb\",\"itemListElement\":[{\"@type\":\"ListItem\",\"position\":1,\"name\":\"Home\",\"item\":\"https:\\\/\\\/www.bellunopress.it\\\/\"},{\"@type\":\"ListItem\",\"position\":2,\"name\":\"Treno delle Dolomiti. Padrin: &#8220;Attendiamo gli approfondimenti della Regione. Solo dopo si potr\u00e0 scegliere&#8221;\"}]},{\"@type\":\"WebSite\",\"@id\":\"https:\\\/\\\/www.bellunopress.it\\\/#website\",\"url\":\"https:\\\/\\\/www.bellunopress.it\\\/\",\"name\":\"Bellunopress - Dolomiti\",\"description\":\"e-mail: redazione@bellunopress.it\",\"publisher\":{\"@id\":\"https:\\\/\\\/www.bellunopress.it\\\/#organization\"},\"potentialAction\":[{\"@type\":\"SearchAction\",\"target\":{\"@type\":\"EntryPoint\",\"urlTemplate\":\"https:\\\/\\\/www.bellunopress.it\\\/?s={search_term_string}\"},\"query-input\":{\"@type\":\"PropertyValueSpecification\",\"valueRequired\":true,\"valueName\":\"search_term_string\"}}],\"inLanguage\":\"fr-FR\"},{\"@type\":\"Organization\",\"@id\":\"https:\\\/\\\/www.bellunopress.it\\\/#organization\",\"name\":\"Bellunopress\",\"url\":\"https:\\\/\\\/www.bellunopress.it\\\/\",\"logo\":{\"@type\":\"ImageObject\",\"inLanguage\":\"fr-FR\",\"@id\":\"https:\\\/\\\/www.bellunopress.it\\\/#\\\/schema\\\/logo\\\/image\\\/\",\"url\":\"https:\\\/\\\/www.bellunopress.it\\\/wp-content\\\/uploads\\\/2011\\\/05\\\/cropped-logo-bellunopress-.jpg\",\"contentUrl\":\"https:\\\/\\\/www.bellunopress.it\\\/wp-content\\\/uploads\\\/2011\\\/05\\\/cropped-logo-bellunopress-.jpg\",\"width\":512,\"height\":512,\"caption\":\"Bellunopress\"},\"image\":{\"@id\":\"https:\\\/\\\/www.bellunopress.it\\\/#\\\/schema\\\/logo\\\/image\\\/\"},\"sameAs\":[\"https:\\\/\\\/www.facebook.com\\\/profile.php?id=100008943462799\",\"https:\\\/\\\/x.com\\\/bellunopress\",\"https:\\\/\\\/www.linkedin.com\\\/hp\\\/?dnr=JBzUWaJfMUw8vbXJJ2tVW5-I3jZKvC4wsoxE&amp;amp;amp;amp;amp;amp;trk=nav_responsive_tab_home\",\"https:\\\/\\\/www.youtube.com\\\/channel\\\/UCxL0wu1uN0_3_7hGG0306cw\"]},{\"@type\":\"Person\",\"@id\":\"https:\\\/\\\/www.bellunopress.it\\\/#\\\/schema\\\/person\\\/79bb06722b37ece1c03d3e94beb30d73\",\"name\":\"redazione\",\"image\":{\"@type\":\"ImageObject\",\"inLanguage\":\"fr-FR\",\"@id\":\"https:\\\/\\\/secure.gravatar.com\\\/avatar\\\/37d968a2e67a6fd04c169c4bdef102d0bc5d31b2546345219e348575eb80e9a0?s=96&d=mm&r=g\",\"url\":\"https:\\\/\\\/secure.gravatar.com\\\/avatar\\\/37d968a2e67a6fd04c169c4bdef102d0bc5d31b2546345219e348575eb80e9a0?s=96&d=mm&r=g\",\"contentUrl\":\"https:\\\/\\\/secure.gravatar.com\\\/avatar\\\/37d968a2e67a6fd04c169c4bdef102d0bc5d31b2546345219e348575eb80e9a0?s=96&d=mm&r=g\",\"caption\":\"redazione\"},\"sameAs\":[\"http:\\\/\\\/www.bellunopress.it\",\"https:\\\/\\\/x.com\\\/bellunopress\"],\"url\":\"https:\\\/\\\/www.bellunopress.it\\\/fr\\\/author\\\/redazione\\\/\"}]}<\/script>\n<!-- \/ Yoast SEO plugin. -->","yoast_head_json":{"title":"Treno delle Dolomiti. Padrin: \"Attendiamo gli approfondimenti della Regione. Solo dopo si potr\u00e0 scegliere\" - Bellunopress - Dolomiti","robots":{"index":"index","follow":"follow","max-snippet":"max-snippet:-1","max-image-preview":"max-image-preview:large","max-video-preview":"max-video-preview:-1"},"canonical":"https:\/\/www.bellunopress.it\/fr\/2020\/01\/24\/treno-delle-dolomiti-padrin-attendiamo-gli-approfondimenti-della-regione-solo-dopo-si-potra-scegliere\/","og_locale":"fr_FR","og_type":"article","og_title":"Treno delle Dolomiti. Padrin: \"Attendiamo gli approfondimenti della Regione. Solo dopo si potr\u00e0 scegliere\" - Bellunopress - Dolomiti","og_description":"\u00abAttendiamo lo studio di fattibilit\u00e0 che la Regione Veneto sta preparando sul treno delle Dolomiti. \u00c8 l\u2019unico strumento che ci consentir\u00e0 di verificare se la ferrovia \u00e8 un progetto realizzabile e soprattutto se il treno potr\u00e0 essere il mezzo pi\u00f9 utile a risolvere i problemi infrastrutturali del Bellunese\u00bb. \u00c8 quanto afferma il presidente della Provincia, [&hellip;]","og_url":"https:\/\/www.bellunopress.it\/fr\/2020\/01\/24\/treno-delle-dolomiti-padrin-attendiamo-gli-approfondimenti-della-regione-solo-dopo-si-potra-scegliere\/","og_site_name":"Bellunopress - Dolomiti","article_publisher":"https:\/\/www.facebook.com\/profile.php?id=100008943462799","article_published_time":"2020-01-24T12:35:05+00:00","og_image":[{"url":"http:\/\/www.bellunopress.it\/wp-content\/uploads\/2020\/01\/roberto-padrin-presidente-provincia.jpg","type":"","width":"","height":""}],"author":"redazione","twitter_card":"summary_large_image","twitter_creator":"@bellunopress","twitter_site":"@bellunopress","twitter_misc":{"\u00c9crit par":"redazione","Dur\u00e9e de lecture estim\u00e9e":"2 minutes"},"schema":{"@context":"https:\/\/schema.org","@graph":[{"@type":"Article","@id":"https:\/\/www.bellunopress.it\/2020\/01\/24\/treno-delle-dolomiti-padrin-attendiamo-gli-approfondimenti-della-regione-solo-dopo-si-potra-scegliere\/#article","isPartOf":{"@id":"https:\/\/www.bellunopress.it\/2020\/01\/24\/treno-delle-dolomiti-padrin-attendiamo-gli-approfondimenti-della-regione-solo-dopo-si-potra-scegliere\/"},"author":{"name":"redazione","@id":"https:\/\/www.bellunopress.it\/#\/schema\/person\/79bb06722b37ece1c03d3e94beb30d73"},"headline":"Treno delle Dolomiti. Padrin: &#8220;Attendiamo gli approfondimenti della Regione. Solo dopo si potr\u00e0 scegliere&#8221;","datePublished":"2020-01-24T12:35:05+00:00","mainEntityOfPage":{"@id":"https:\/\/www.bellunopress.it\/2020\/01\/24\/treno-delle-dolomiti-padrin-attendiamo-gli-approfondimenti-della-regione-solo-dopo-si-potra-scegliere\/"},"wordCount":400,"publisher":{"@id":"https:\/\/www.bellunopress.it\/#organization"},"image":{"@id":"https:\/\/www.bellunopress.it\/2020\/01\/24\/treno-delle-dolomiti-padrin-attendiamo-gli-approfondimenti-della-regione-solo-dopo-si-potra-scegliere\/#primaryimage"},"thumbnailUrl":"http:\/\/www.bellunopress.it\/wp-content\/uploads\/2020\/01\/roberto-padrin-presidente-provincia.jpg","articleSection":["Lettere Opinioni"],"inLanguage":"fr-FR"},{"@type":"WebPage","@id":"https:\/\/www.bellunopress.it\/2020\/01\/24\/treno-delle-dolomiti-padrin-attendiamo-gli-approfondimenti-della-regione-solo-dopo-si-potra-scegliere\/","url":"https:\/\/www.bellunopress.it\/2020\/01\/24\/treno-delle-dolomiti-padrin-attendiamo-gli-approfondimenti-della-regione-solo-dopo-si-potra-scegliere\/","name":"Treno delle Dolomiti. Padrin: \"Attendiamo gli approfondimenti della Regione. Solo dopo si potr\u00e0 scegliere\" - Bellunopress - Dolomiti","isPartOf":{"@id":"https:\/\/www.bellunopress.it\/#website"},"primaryImageOfPage":{"@id":"https:\/\/www.bellunopress.it\/2020\/01\/24\/treno-delle-dolomiti-padrin-attendiamo-gli-approfondimenti-della-regione-solo-dopo-si-potra-scegliere\/#primaryimage"},"image":{"@id":"https:\/\/www.bellunopress.it\/2020\/01\/24\/treno-delle-dolomiti-padrin-attendiamo-gli-approfondimenti-della-regione-solo-dopo-si-potra-scegliere\/#primaryimage"},"thumbnailUrl":"http:\/\/www.bellunopress.it\/wp-content\/uploads\/2020\/01\/roberto-padrin-presidente-provincia.jpg","datePublished":"2020-01-24T12:35:05+00:00","breadcrumb":{"@id":"https:\/\/www.bellunopress.it\/2020\/01\/24\/treno-delle-dolomiti-padrin-attendiamo-gli-approfondimenti-della-regione-solo-dopo-si-potra-scegliere\/#breadcrumb"},"inLanguage":"fr-FR","potentialAction":[{"@type":"ReadAction","target":["https:\/\/www.bellunopress.it\/2020\/01\/24\/treno-delle-dolomiti-padrin-attendiamo-gli-approfondimenti-della-regione-solo-dopo-si-potra-scegliere\/"]}]},{"@type":"ImageObject","inLanguage":"fr-FR","@id":"https:\/\/www.bellunopress.it\/2020\/01\/24\/treno-delle-dolomiti-padrin-attendiamo-gli-approfondimenti-della-regione-solo-dopo-si-potra-scegliere\/#primaryimage","url":"http:\/\/www.bellunopress.it\/wp-content\/uploads\/2020\/01\/roberto-padrin-presidente-provincia.jpg","contentUrl":"http:\/\/www.bellunopress.it\/wp-content\/uploads\/2020\/01\/roberto-padrin-presidente-provincia.jpg"},{"@type":"BreadcrumbList","@id":"https:\/\/www.bellunopress.it\/2020\/01\/24\/treno-delle-dolomiti-padrin-attendiamo-gli-approfondimenti-della-regione-solo-dopo-si-potra-scegliere\/#breadcrumb","itemListElement":[{"@type":"ListItem","position":1,"name":"Home","item":"https:\/\/www.bellunopress.it\/"},{"@type":"ListItem","position":2,"name":"Treno delle Dolomiti. Padrin: &#8220;Attendiamo gli approfondimenti della Regione. Solo dopo si potr\u00e0 scegliere&#8221;"}]},{"@type":"WebSite","@id":"https:\/\/www.bellunopress.it\/#website","url":"https:\/\/www.bellunopress.it\/","name":"Bellunopress - Dolomiti","description":"e-mail: redazione@bellunopress.it","publisher":{"@id":"https:\/\/www.bellunopress.it\/#organization"},"potentialAction":[{"@type":"SearchAction","target":{"@type":"EntryPoint","urlTemplate":"https:\/\/www.bellunopress.it\/?s={search_term_string}"},"query-input":{"@type":"PropertyValueSpecification","valueRequired":true,"valueName":"search_term_string"}}],"inLanguage":"fr-FR"},{"@type":"Organization","@id":"https:\/\/www.bellunopress.it\/#organization","name":"Bellunopress","url":"https:\/\/www.bellunopress.it\/","logo":{"@type":"ImageObject","inLanguage":"fr-FR","@id":"https:\/\/www.bellunopress.it\/#\/schema\/logo\/image\/","url":"https:\/\/www.bellunopress.it\/wp-content\/uploads\/2011\/05\/cropped-logo-bellunopress-.jpg","contentUrl":"https:\/\/www.bellunopress.it\/wp-content\/uploads\/2011\/05\/cropped-logo-bellunopress-.jpg","width":512,"height":512,"caption":"Bellunopress"},"image":{"@id":"https:\/\/www.bellunopress.it\/#\/schema\/logo\/image\/"},"sameAs":["https:\/\/www.facebook.com\/profile.php?id=100008943462799","https:\/\/x.com\/bellunopress","https:\/\/www.linkedin.com\/hp\/?dnr=JBzUWaJfMUw8vbXJJ2tVW5-I3jZKvC4wsoxE&amp;amp;amp;amp;amp;amp;trk=nav_responsive_tab_home","https:\/\/www.youtube.com\/channel\/UCxL0wu1uN0_3_7hGG0306cw"]},{"@type":"Person","@id":"https:\/\/www.bellunopress.it\/#\/schema\/person\/79bb06722b37ece1c03d3e94beb30d73","name":"r\u00e9daction","image":{"@type":"ImageObject","inLanguage":"fr-FR","@id":"https:\/\/secure.gravatar.com\/avatar\/37d968a2e67a6fd04c169c4bdef102d0bc5d31b2546345219e348575eb80e9a0?s=96&d=mm&r=g","url":"https:\/\/secure.gravatar.com\/avatar\/37d968a2e67a6fd04c169c4bdef102d0bc5d31b2546345219e348575eb80e9a0?s=96&d=mm&r=g","contentUrl":"https:\/\/secure.gravatar.com\/avatar\/37d968a2e67a6fd04c169c4bdef102d0bc5d31b2546345219e348575eb80e9a0?s=96&d=mm&r=g","caption":"redazione"},"sameAs":["http:\/\/www.bellunopress.it","https:\/\/x.com\/bellunopress"],"url":"https:\/\/www.bellunopress.it\/fr\/author\/redazione\/"}]}},"_links":{"self":[{"href":"https:\/\/www.bellunopress.it\/fr\/wp-json\/wp\/v2\/posts\/111537","targetHints":{"allow":["GET"]}}],"collection":[{"href":"https:\/\/www.bellunopress.it\/fr\/wp-json\/wp\/v2\/posts"}],"about":[{"href":"https:\/\/www.bellunopress.it\/fr\/wp-json\/wp\/v2\/types\/post"}],"author":[{"embeddable":true,"href":"https:\/\/www.bellunopress.it\/fr\/wp-json\/wp\/v2\/users\/2"}],"replies":[{"embeddable":true,"href":"https:\/\/www.bellunopress.it\/fr\/wp-json\/wp\/v2\/comments?post=111537"}],"version-history":[{"count":1,"href":"https:\/\/www.bellunopress.it\/fr\/wp-json\/wp\/v2\/posts\/111537\/revisions"}],"predecessor-version":[{"id":111538,"href":"https:\/\/www.bellunopress.it\/fr\/wp-json\/wp\/v2\/posts\/111537\/revisions\/111538"}],"wp:attachment":[{"href":"https:\/\/www.bellunopress.it\/fr\/wp-json\/wp\/v2\/media?parent=111537"}],"wp:term":[{"taxonomy":"category","embeddable":true,"href":"https:\/\/www.bellunopress.it\/fr\/wp-json\/wp\/v2\/categories?post=111537"},{"taxonomy":"post_tag","embeddable":true,"href":"https:\/\/www.bellunopress.it\/fr\/wp-json\/wp\/v2\/tags?post=111537"}],"curies":[{"name":"wp","href":"https:\/\/api.w.org\/{rel}","templated":true}]}}