{"id":111511,"date":"2020-01-23T10:38:40","date_gmt":"2020-01-23T09:38:40","guid":{"rendered":"http:\/\/www.bellunopress.it\/?p=111511"},"modified":"2020-01-23T15:44:54","modified_gmt":"2020-01-23T14:44:54","slug":"commemorato-a-brunico-il-77-anniversario-della-battaglia-di-nikolajewka","status":"publish","type":"post","link":"https:\/\/www.bellunopress.it\/fr\/2020\/01\/23\/commemorato-a-brunico-il-77-anniversario-della-battaglia-di-nikolajewka\/","title":{"rendered":"Commemorato a Brunico il 77\u00b0 anniversario della battaglia di Nikolajewka"},"content":{"rendered":"<figure id=\"attachment_111512\" aria-describedby=\"caption-attachment-111512\" style=\"width: 300px\" class=\"wp-caption alignleft\"><a href=\"http:\/\/www.bellunopress.it\/fr\/2020\/01\/23\/commemorato-a-brunico-il-77-anniversario-della-battaglia-di-nikolajewka\/il-generale-gamba-con-pocchiesa-reduce-di-russia\/\" rel=\"attachment wp-att-111512\"><img loading=\"lazy\" decoding=\"async\" class=\"size-full wp-image-111512\" src=\"http:\/\/www.bellunopress.it\/wp-content\/uploads\/2020\/01\/Il-generale-Gamba-con-Pocchiesa-reduce-di-Russia.jpg\" alt=\"\" width=\"300\" height=\"286\" \/><\/a><figcaption id=\"caption-attachment-111512\" class=\"wp-caption-text\">Il generale Gamba con il reduce di Russia Pocchiesa<\/figcaption><\/figure>\n<p>Brunico, 23 gennaio 2020. Il 26 gennaio 1943, a Nikolajewka, gli Alpini della Divisione Tridentina scrissero l\u2019ultimo capitolo di una delle storie militari pi\u00f9 conosciute dell\u2019Esercito Italiano, l\u2019eroico ripiegamento dal fronte russo durante la 2^ Guerra Mondiale. Un\u2019ultima battaglia per uscire dopo giorni di estenuanti combattimenti dalla sacca dentro cui erano stati chiusi i soldati dell\u2019Asse in ritirata, che vide gli Alpini del 6\u00b0 reggimento &#8211; giunti per primi alle porte del paese ucraino \u2013 compiere un ennesimo determinante sforzo per consentire il ritorno a casa dei superstiti dell\u2019Armata Militare Italiana in Russia e degli eserciti alleati.<\/p>\n<p>Il loro sacrificio \u2013 e quello pi\u00f9 in generale di tutti i Caduti &#8211; \u00e8 stato ricordato nella caserma \u201cLugramani\u201d di Brunico, sede del Comando del 6\u00b0 reggimento Alpini, con una breve cerimonia commemorativa alla presenza del generale Ignazio Gamba, Vice Comandante delle Truppe Alpine per il territorio, delle Autorit\u00e0 civili locali, dei rappresentanti delle altre Forze Armate e dei Corpi militari dello Stato insistenti sul territorio e delle tante Associazioni combattentistiche e d\u2019Arma da sempre vicine al reggimento.<\/p>\n<p>Per quei fatti d\u2019arme alla Bandiera di Guerra del 6\u00b0 reggimento Alpini fu conferita una Medaglia d\u2019Oro al Valor Militare con la seguente motivazione:<\/p>\n<p>\u201cIn sette mesi di durissima campagna sul fronte russo si dimostrava granitica e potente unit\u00e0 di guerra, saldissimo fascio di indomite energie, di ferrea volont\u00e0 e di leggendario ardimento. Durante la difficilissima manovra di ripiegamento dal fronte del Don sempre vittoriosamente tenuto, i suoi battaglioni Vestone, Verona, Val Chiese, malgrado le eccezionali avverse condizioni di clima e di elementi, la mancanza assoluta di ogni rifornimento, davano continue fulgidissime prove delle loro fiere qualit\u00e0 guerriere. Operando con rara abilit\u00e0 in territorio insidiosissimo, pur spossati dalle pi\u00f9 aspre fatiche e privazioni, superando ogni umana possibilit\u00e0 di resistenza fisica e morale, a Posto jalyj, e Scheljakino, a Maiakeiewa, a Arnautowo, a Nikolajewka ed in altri numerosi durissimi combattimenti stroncavano sempre nuove e soverchianti forze nemiche appoggiate da potenti mezzi corazzati, e con furore leonino rompevano il cerchio di ferro e di fuoco in cui l\u2019avversario, rabbiosamente deciso ad annientarli, si illudeva di averli ormai chiusi. Col loro intrepido valore e con la loro travolgente irruenza, in nobile gara di abnegazione, di arditezza e di irresistibile slancio coi battaglioni del reggimento gemello, travolgevano le agguerrite e impetuose truppe nemiche, ne contenevano e ne arginavano la irruente avanzata, creando la indispensabile premessa alla ripresa ed aprivano la via della salvezza a numerose unit\u00e0 italiane ed alleate. Primi nell\u2019offerta, nella sofferenza e nel sacrificio, i tre ferrei battaglioni, sempre fedeli alla loro antica tradizione, hanno superato con pi\u00f9 che leggendario valore il loro eroico vittorioso passato di guerra.\u201d<\/p>\n<p>Significativa anche la presenza all\u2019evento di Dante Pocchiesa, classe 1920, reduce della Campagna di Russia che da diversi decenni vive nella cittadina pusterese.<\/p>","protected":false},"excerpt":{"rendered":"<p>Brunico, 23 gennaio 2020. Il 26 gennaio 1943, a Nikolajewka, gli Alpini della Divisione Tridentina scrissero l\u2019ultimo capitolo di una delle storie militari pi\u00f9 conosciute dell\u2019Esercito Italiano, l\u2019eroico ripiegamento dal fronte russo durante la 2^ Guerra Mondiale. Un\u2019ultima battaglia per uscire dopo giorni di estenuanti combattimenti dalla sacca dentro cui erano stati chiusi i soldati [&hellip;]<\/p>\n","protected":false},"author":2,"featured_media":0,"comment_status":"closed","ping_status":"open","sticky":false,"template":"","format":"standard","meta":{"footnotes":""},"categories":[5,26],"tags":[],"class_list":["post-111511","post","type-post","status-publish","format-standard","category-cronaca","category-prima-pagina"],"yoast_head":"<!-- This site is optimized with the Yoast SEO plugin v28.4 - https:\/\/yoast.com\/product\/yoast-seo-wordpress\/ -->\n<title>Commemorato a Brunico il 77\u00b0 anniversario della battaglia di Nikolajewka - Bellunopress - Dolomiti<\/title>\n<meta name=\"robots\" content=\"index, follow, max-snippet:-1, max-image-preview:large, max-video-preview:-1\" \/>\n<link rel=\"canonical\" href=\"https:\/\/www.bellunopress.it\/fr\/2020\/01\/23\/commemorato-a-brunico-il-77-anniversario-della-battaglia-di-nikolajewka\/\" \/>\n<meta property=\"og:locale\" content=\"fr_FR\" \/>\n<meta property=\"og:type\" content=\"article\" \/>\n<meta property=\"og:title\" content=\"Commemorato a Brunico il 77\u00b0 anniversario della battaglia di Nikolajewka - Bellunopress - Dolomiti\" \/>\n<meta property=\"og:description\" content=\"Brunico, 23 gennaio 2020. Il 26 gennaio 1943, a Nikolajewka, gli Alpini della Divisione Tridentina scrissero l\u2019ultimo capitolo di una delle storie militari pi\u00f9 conosciute dell\u2019Esercito Italiano, l\u2019eroico ripiegamento dal fronte russo durante la 2^ Guerra Mondiale. Un\u2019ultima battaglia per uscire dopo giorni di estenuanti combattimenti dalla sacca dentro cui erano stati chiusi i soldati [&hellip;]\" \/>\n<meta property=\"og:url\" content=\"https:\/\/www.bellunopress.it\/fr\/2020\/01\/23\/commemorato-a-brunico-il-77-anniversario-della-battaglia-di-nikolajewka\/\" \/>\n<meta property=\"og:site_name\" content=\"Bellunopress - Dolomiti\" \/>\n<meta property=\"article:publisher\" content=\"https:\/\/www.facebook.com\/profile.php?id=100008943462799\" \/>\n<meta property=\"article:published_time\" content=\"2020-01-23T09:38:40+00:00\" \/>\n<meta property=\"article:modified_time\" content=\"2020-01-23T14:44:54+00:00\" \/>\n<meta property=\"og:image\" content=\"http:\/\/www.bellunopress.it\/wp-content\/uploads\/2020\/01\/Il-generale-Gamba-con-Pocchiesa-reduce-di-Russia.jpg\" \/>\n<meta name=\"author\" content=\"redazione\" \/>\n<meta name=\"twitter:card\" content=\"summary_large_image\" \/>\n<meta name=\"twitter:creator\" content=\"@bellunopress\" \/>\n<meta name=\"twitter:site\" content=\"@bellunopress\" \/>\n<meta name=\"twitter:label1\" content=\"\u00c9crit par\" \/>\n\t<meta name=\"twitter:data1\" content=\"redazione\" \/>\n\t<meta name=\"twitter:label2\" content=\"Dur\u00e9e de lecture estim\u00e9e\" \/>\n\t<meta name=\"twitter:data2\" content=\"2 minutes\" \/>\n<script type=\"application\/ld+json\" class=\"yoast-schema-graph\">{\"@context\":\"https:\\\/\\\/schema.org\",\"@graph\":[{\"@type\":\"Article\",\"@id\":\"https:\\\/\\\/www.bellunopress.it\\\/2020\\\/01\\\/23\\\/commemorato-a-brunico-il-77-anniversario-della-battaglia-di-nikolajewka\\\/#article\",\"isPartOf\":{\"@id\":\"https:\\\/\\\/www.bellunopress.it\\\/2020\\\/01\\\/23\\\/commemorato-a-brunico-il-77-anniversario-della-battaglia-di-nikolajewka\\\/\"},\"author\":{\"name\":\"redazione\",\"@id\":\"https:\\\/\\\/www.bellunopress.it\\\/#\\\/schema\\\/person\\\/79bb06722b37ece1c03d3e94beb30d73\"},\"headline\":\"Commemorato a Brunico il 77\u00b0 anniversario della battaglia di Nikolajewka\",\"datePublished\":\"2020-01-23T09:38:40+00:00\",\"dateModified\":\"2020-01-23T14:44:54+00:00\",\"mainEntityOfPage\":{\"@id\":\"https:\\\/\\\/www.bellunopress.it\\\/2020\\\/01\\\/23\\\/commemorato-a-brunico-il-77-anniversario-della-battaglia-di-nikolajewka\\\/\"},\"wordCount\":490,\"publisher\":{\"@id\":\"https:\\\/\\\/www.bellunopress.it\\\/#organization\"},\"image\":{\"@id\":\"https:\\\/\\\/www.bellunopress.it\\\/2020\\\/01\\\/23\\\/commemorato-a-brunico-il-77-anniversario-della-battaglia-di-nikolajewka\\\/#primaryimage\"},\"thumbnailUrl\":\"http:\\\/\\\/www.bellunopress.it\\\/wp-content\\\/uploads\\\/2020\\\/01\\\/Il-generale-Gamba-con-Pocchiesa-reduce-di-Russia.jpg\",\"articleSection\":[\"Cronaca\\\/Politica\",\"Prima Pagina\"],\"inLanguage\":\"fr-FR\"},{\"@type\":\"WebPage\",\"@id\":\"https:\\\/\\\/www.bellunopress.it\\\/2020\\\/01\\\/23\\\/commemorato-a-brunico-il-77-anniversario-della-battaglia-di-nikolajewka\\\/\",\"url\":\"https:\\\/\\\/www.bellunopress.it\\\/2020\\\/01\\\/23\\\/commemorato-a-brunico-il-77-anniversario-della-battaglia-di-nikolajewka\\\/\",\"name\":\"Commemorato a Brunico il 77\u00b0 anniversario della battaglia di Nikolajewka - Bellunopress - Dolomiti\",\"isPartOf\":{\"@id\":\"https:\\\/\\\/www.bellunopress.it\\\/#website\"},\"primaryImageOfPage\":{\"@id\":\"https:\\\/\\\/www.bellunopress.it\\\/2020\\\/01\\\/23\\\/commemorato-a-brunico-il-77-anniversario-della-battaglia-di-nikolajewka\\\/#primaryimage\"},\"image\":{\"@id\":\"https:\\\/\\\/www.bellunopress.it\\\/2020\\\/01\\\/23\\\/commemorato-a-brunico-il-77-anniversario-della-battaglia-di-nikolajewka\\\/#primaryimage\"},\"thumbnailUrl\":\"http:\\\/\\\/www.bellunopress.it\\\/wp-content\\\/uploads\\\/2020\\\/01\\\/Il-generale-Gamba-con-Pocchiesa-reduce-di-Russia.jpg\",\"datePublished\":\"2020-01-23T09:38:40+00:00\",\"dateModified\":\"2020-01-23T14:44:54+00:00\",\"breadcrumb\":{\"@id\":\"https:\\\/\\\/www.bellunopress.it\\\/2020\\\/01\\\/23\\\/commemorato-a-brunico-il-77-anniversario-della-battaglia-di-nikolajewka\\\/#breadcrumb\"},\"inLanguage\":\"fr-FR\",\"potentialAction\":[{\"@type\":\"ReadAction\",\"target\":[\"https:\\\/\\\/www.bellunopress.it\\\/2020\\\/01\\\/23\\\/commemorato-a-brunico-il-77-anniversario-della-battaglia-di-nikolajewka\\\/\"]}]},{\"@type\":\"ImageObject\",\"inLanguage\":\"fr-FR\",\"@id\":\"https:\\\/\\\/www.bellunopress.it\\\/2020\\\/01\\\/23\\\/commemorato-a-brunico-il-77-anniversario-della-battaglia-di-nikolajewka\\\/#primaryimage\",\"url\":\"http:\\\/\\\/www.bellunopress.it\\\/wp-content\\\/uploads\\\/2020\\\/01\\\/Il-generale-Gamba-con-Pocchiesa-reduce-di-Russia.jpg\",\"contentUrl\":\"http:\\\/\\\/www.bellunopress.it\\\/wp-content\\\/uploads\\\/2020\\\/01\\\/Il-generale-Gamba-con-Pocchiesa-reduce-di-Russia.jpg\"},{\"@type\":\"BreadcrumbList\",\"@id\":\"https:\\\/\\\/www.bellunopress.it\\\/2020\\\/01\\\/23\\\/commemorato-a-brunico-il-77-anniversario-della-battaglia-di-nikolajewka\\\/#breadcrumb\",\"itemListElement\":[{\"@type\":\"ListItem\",\"position\":1,\"name\":\"Home\",\"item\":\"https:\\\/\\\/www.bellunopress.it\\\/\"},{\"@type\":\"ListItem\",\"position\":2,\"name\":\"Commemorato a Brunico il 77\u00b0 anniversario della battaglia di Nikolajewka\"}]},{\"@type\":\"WebSite\",\"@id\":\"https:\\\/\\\/www.bellunopress.it\\\/#website\",\"url\":\"https:\\\/\\\/www.bellunopress.it\\\/\",\"name\":\"Bellunopress - Dolomiti\",\"description\":\"e-mail: redazione@bellunopress.it\",\"publisher\":{\"@id\":\"https:\\\/\\\/www.bellunopress.it\\\/#organization\"},\"potentialAction\":[{\"@type\":\"SearchAction\",\"target\":{\"@type\":\"EntryPoint\",\"urlTemplate\":\"https:\\\/\\\/www.bellunopress.it\\\/?s={search_term_string}\"},\"query-input\":{\"@type\":\"PropertyValueSpecification\",\"valueRequired\":true,\"valueName\":\"search_term_string\"}}],\"inLanguage\":\"fr-FR\"},{\"@type\":\"Organization\",\"@id\":\"https:\\\/\\\/www.bellunopress.it\\\/#organization\",\"name\":\"Bellunopress\",\"url\":\"https:\\\/\\\/www.bellunopress.it\\\/\",\"logo\":{\"@type\":\"ImageObject\",\"inLanguage\":\"fr-FR\",\"@id\":\"https:\\\/\\\/www.bellunopress.it\\\/#\\\/schema\\\/logo\\\/image\\\/\",\"url\":\"https:\\\/\\\/www.bellunopress.it\\\/wp-content\\\/uploads\\\/2011\\\/05\\\/cropped-logo-bellunopress-.jpg\",\"contentUrl\":\"https:\\\/\\\/www.bellunopress.it\\\/wp-content\\\/uploads\\\/2011\\\/05\\\/cropped-logo-bellunopress-.jpg\",\"width\":512,\"height\":512,\"caption\":\"Bellunopress\"},\"image\":{\"@id\":\"https:\\\/\\\/www.bellunopress.it\\\/#\\\/schema\\\/logo\\\/image\\\/\"},\"sameAs\":[\"https:\\\/\\\/www.facebook.com\\\/profile.php?id=100008943462799\",\"https:\\\/\\\/x.com\\\/bellunopress\",\"https:\\\/\\\/www.linkedin.com\\\/hp\\\/?dnr=JBzUWaJfMUw8vbXJJ2tVW5-I3jZKvC4wsoxE&amp;amp;amp;amp;amp;amp;trk=nav_responsive_tab_home\",\"https:\\\/\\\/www.youtube.com\\\/channel\\\/UCxL0wu1uN0_3_7hGG0306cw\"]},{\"@type\":\"Person\",\"@id\":\"https:\\\/\\\/www.bellunopress.it\\\/#\\\/schema\\\/person\\\/79bb06722b37ece1c03d3e94beb30d73\",\"name\":\"redazione\",\"image\":{\"@type\":\"ImageObject\",\"inLanguage\":\"fr-FR\",\"@id\":\"https:\\\/\\\/secure.gravatar.com\\\/avatar\\\/37d968a2e67a6fd04c169c4bdef102d0bc5d31b2546345219e348575eb80e9a0?s=96&d=mm&r=g\",\"url\":\"https:\\\/\\\/secure.gravatar.com\\\/avatar\\\/37d968a2e67a6fd04c169c4bdef102d0bc5d31b2546345219e348575eb80e9a0?s=96&d=mm&r=g\",\"contentUrl\":\"https:\\\/\\\/secure.gravatar.com\\\/avatar\\\/37d968a2e67a6fd04c169c4bdef102d0bc5d31b2546345219e348575eb80e9a0?s=96&d=mm&r=g\",\"caption\":\"redazione\"},\"sameAs\":[\"http:\\\/\\\/www.bellunopress.it\",\"https:\\\/\\\/x.com\\\/bellunopress\"],\"url\":\"https:\\\/\\\/www.bellunopress.it\\\/fr\\\/author\\\/redazione\\\/\"}]}<\/script>\n<!-- \/ Yoast SEO plugin. -->","yoast_head_json":{"title":"Commemorato a Brunico il 77\u00b0 anniversario della battaglia di Nikolajewka - Bellunopress - Dolomiti","robots":{"index":"index","follow":"follow","max-snippet":"max-snippet:-1","max-image-preview":"max-image-preview:large","max-video-preview":"max-video-preview:-1"},"canonical":"https:\/\/www.bellunopress.it\/fr\/2020\/01\/23\/commemorato-a-brunico-il-77-anniversario-della-battaglia-di-nikolajewka\/","og_locale":"fr_FR","og_type":"article","og_title":"Commemorato a Brunico il 77\u00b0 anniversario della battaglia di Nikolajewka - Bellunopress - Dolomiti","og_description":"Brunico, 23 gennaio 2020. Il 26 gennaio 1943, a Nikolajewka, gli Alpini della Divisione Tridentina scrissero l\u2019ultimo capitolo di una delle storie militari pi\u00f9 conosciute dell\u2019Esercito Italiano, l\u2019eroico ripiegamento dal fronte russo durante la 2^ Guerra Mondiale. Un\u2019ultima battaglia per uscire dopo giorni di estenuanti combattimenti dalla sacca dentro cui erano stati chiusi i soldati [&hellip;]","og_url":"https:\/\/www.bellunopress.it\/fr\/2020\/01\/23\/commemorato-a-brunico-il-77-anniversario-della-battaglia-di-nikolajewka\/","og_site_name":"Bellunopress - Dolomiti","article_publisher":"https:\/\/www.facebook.com\/profile.php?id=100008943462799","article_published_time":"2020-01-23T09:38:40+00:00","article_modified_time":"2020-01-23T14:44:54+00:00","og_image":[{"url":"http:\/\/www.bellunopress.it\/wp-content\/uploads\/2020\/01\/Il-generale-Gamba-con-Pocchiesa-reduce-di-Russia.jpg","type":"","width":"","height":""}],"author":"redazione","twitter_card":"summary_large_image","twitter_creator":"@bellunopress","twitter_site":"@bellunopress","twitter_misc":{"\u00c9crit par":"redazione","Dur\u00e9e de lecture estim\u00e9e":"2 minutes"},"schema":{"@context":"https:\/\/schema.org","@graph":[{"@type":"Article","@id":"https:\/\/www.bellunopress.it\/2020\/01\/23\/commemorato-a-brunico-il-77-anniversario-della-battaglia-di-nikolajewka\/#article","isPartOf":{"@id":"https:\/\/www.bellunopress.it\/2020\/01\/23\/commemorato-a-brunico-il-77-anniversario-della-battaglia-di-nikolajewka\/"},"author":{"name":"redazione","@id":"https:\/\/www.bellunopress.it\/#\/schema\/person\/79bb06722b37ece1c03d3e94beb30d73"},"headline":"Commemorato a Brunico il 77\u00b0 anniversario della battaglia di Nikolajewka","datePublished":"2020-01-23T09:38:40+00:00","dateModified":"2020-01-23T14:44:54+00:00","mainEntityOfPage":{"@id":"https:\/\/www.bellunopress.it\/2020\/01\/23\/commemorato-a-brunico-il-77-anniversario-della-battaglia-di-nikolajewka\/"},"wordCount":490,"publisher":{"@id":"https:\/\/www.bellunopress.it\/#organization"},"image":{"@id":"https:\/\/www.bellunopress.it\/2020\/01\/23\/commemorato-a-brunico-il-77-anniversario-della-battaglia-di-nikolajewka\/#primaryimage"},"thumbnailUrl":"http:\/\/www.bellunopress.it\/wp-content\/uploads\/2020\/01\/Il-generale-Gamba-con-Pocchiesa-reduce-di-Russia.jpg","articleSection":["Cronaca\/Politica","Prima Pagina"],"inLanguage":"fr-FR"},{"@type":"WebPage","@id":"https:\/\/www.bellunopress.it\/2020\/01\/23\/commemorato-a-brunico-il-77-anniversario-della-battaglia-di-nikolajewka\/","url":"https:\/\/www.bellunopress.it\/2020\/01\/23\/commemorato-a-brunico-il-77-anniversario-della-battaglia-di-nikolajewka\/","name":"Commemorato a Brunico il 77\u00b0 anniversario della battaglia di Nikolajewka - Bellunopress - Dolomiti","isPartOf":{"@id":"https:\/\/www.bellunopress.it\/#website"},"primaryImageOfPage":{"@id":"https:\/\/www.bellunopress.it\/2020\/01\/23\/commemorato-a-brunico-il-77-anniversario-della-battaglia-di-nikolajewka\/#primaryimage"},"image":{"@id":"https:\/\/www.bellunopress.it\/2020\/01\/23\/commemorato-a-brunico-il-77-anniversario-della-battaglia-di-nikolajewka\/#primaryimage"},"thumbnailUrl":"http:\/\/www.bellunopress.it\/wp-content\/uploads\/2020\/01\/Il-generale-Gamba-con-Pocchiesa-reduce-di-Russia.jpg","datePublished":"2020-01-23T09:38:40+00:00","dateModified":"2020-01-23T14:44:54+00:00","breadcrumb":{"@id":"https:\/\/www.bellunopress.it\/2020\/01\/23\/commemorato-a-brunico-il-77-anniversario-della-battaglia-di-nikolajewka\/#breadcrumb"},"inLanguage":"fr-FR","potentialAction":[{"@type":"ReadAction","target":["https:\/\/www.bellunopress.it\/2020\/01\/23\/commemorato-a-brunico-il-77-anniversario-della-battaglia-di-nikolajewka\/"]}]},{"@type":"ImageObject","inLanguage":"fr-FR","@id":"https:\/\/www.bellunopress.it\/2020\/01\/23\/commemorato-a-brunico-il-77-anniversario-della-battaglia-di-nikolajewka\/#primaryimage","url":"http:\/\/www.bellunopress.it\/wp-content\/uploads\/2020\/01\/Il-generale-Gamba-con-Pocchiesa-reduce-di-Russia.jpg","contentUrl":"http:\/\/www.bellunopress.it\/wp-content\/uploads\/2020\/01\/Il-generale-Gamba-con-Pocchiesa-reduce-di-Russia.jpg"},{"@type":"BreadcrumbList","@id":"https:\/\/www.bellunopress.it\/2020\/01\/23\/commemorato-a-brunico-il-77-anniversario-della-battaglia-di-nikolajewka\/#breadcrumb","itemListElement":[{"@type":"ListItem","position":1,"name":"Home","item":"https:\/\/www.bellunopress.it\/"},{"@type":"ListItem","position":2,"name":"Commemorato a Brunico il 77\u00b0 anniversario della battaglia di Nikolajewka"}]},{"@type":"WebSite","@id":"https:\/\/www.bellunopress.it\/#website","url":"https:\/\/www.bellunopress.it\/","name":"Bellunopress - Dolomiti","description":"e-mail: redazione@bellunopress.it","publisher":{"@id":"https:\/\/www.bellunopress.it\/#organization"},"potentialAction":[{"@type":"SearchAction","target":{"@type":"EntryPoint","urlTemplate":"https:\/\/www.bellunopress.it\/?s={search_term_string}"},"query-input":{"@type":"PropertyValueSpecification","valueRequired":true,"valueName":"search_term_string"}}],"inLanguage":"fr-FR"},{"@type":"Organization","@id":"https:\/\/www.bellunopress.it\/#organization","name":"Bellunopress","url":"https:\/\/www.bellunopress.it\/","logo":{"@type":"ImageObject","inLanguage":"fr-FR","@id":"https:\/\/www.bellunopress.it\/#\/schema\/logo\/image\/","url":"https:\/\/www.bellunopress.it\/wp-content\/uploads\/2011\/05\/cropped-logo-bellunopress-.jpg","contentUrl":"https:\/\/www.bellunopress.it\/wp-content\/uploads\/2011\/05\/cropped-logo-bellunopress-.jpg","width":512,"height":512,"caption":"Bellunopress"},"image":{"@id":"https:\/\/www.bellunopress.it\/#\/schema\/logo\/image\/"},"sameAs":["https:\/\/www.facebook.com\/profile.php?id=100008943462799","https:\/\/x.com\/bellunopress","https:\/\/www.linkedin.com\/hp\/?dnr=JBzUWaJfMUw8vbXJJ2tVW5-I3jZKvC4wsoxE&amp;amp;amp;amp;amp;amp;trk=nav_responsive_tab_home","https:\/\/www.youtube.com\/channel\/UCxL0wu1uN0_3_7hGG0306cw"]},{"@type":"Person","@id":"https:\/\/www.bellunopress.it\/#\/schema\/person\/79bb06722b37ece1c03d3e94beb30d73","name":"r\u00e9daction","image":{"@type":"ImageObject","inLanguage":"fr-FR","@id":"https:\/\/secure.gravatar.com\/avatar\/37d968a2e67a6fd04c169c4bdef102d0bc5d31b2546345219e348575eb80e9a0?s=96&d=mm&r=g","url":"https:\/\/secure.gravatar.com\/avatar\/37d968a2e67a6fd04c169c4bdef102d0bc5d31b2546345219e348575eb80e9a0?s=96&d=mm&r=g","contentUrl":"https:\/\/secure.gravatar.com\/avatar\/37d968a2e67a6fd04c169c4bdef102d0bc5d31b2546345219e348575eb80e9a0?s=96&d=mm&r=g","caption":"redazione"},"sameAs":["http:\/\/www.bellunopress.it","https:\/\/x.com\/bellunopress"],"url":"https:\/\/www.bellunopress.it\/fr\/author\/redazione\/"}]}},"_links":{"self":[{"href":"https:\/\/www.bellunopress.it\/fr\/wp-json\/wp\/v2\/posts\/111511","targetHints":{"allow":["GET"]}}],"collection":[{"href":"https:\/\/www.bellunopress.it\/fr\/wp-json\/wp\/v2\/posts"}],"about":[{"href":"https:\/\/www.bellunopress.it\/fr\/wp-json\/wp\/v2\/types\/post"}],"author":[{"embeddable":true,"href":"https:\/\/www.bellunopress.it\/fr\/wp-json\/wp\/v2\/users\/2"}],"replies":[{"embeddable":true,"href":"https:\/\/www.bellunopress.it\/fr\/wp-json\/wp\/v2\/comments?post=111511"}],"version-history":[{"count":2,"href":"https:\/\/www.bellunopress.it\/fr\/wp-json\/wp\/v2\/posts\/111511\/revisions"}],"predecessor-version":[{"id":111514,"href":"https:\/\/www.bellunopress.it\/fr\/wp-json\/wp\/v2\/posts\/111511\/revisions\/111514"}],"wp:attachment":[{"href":"https:\/\/www.bellunopress.it\/fr\/wp-json\/wp\/v2\/media?parent=111511"}],"wp:term":[{"taxonomy":"category","embeddable":true,"href":"https:\/\/www.bellunopress.it\/fr\/wp-json\/wp\/v2\/categories?post=111511"},{"taxonomy":"post_tag","embeddable":true,"href":"https:\/\/www.bellunopress.it\/fr\/wp-json\/wp\/v2\/tags?post=111511"}],"curies":[{"name":"wp","href":"https:\/\/api.w.org\/{rel}","templated":true}]}}