{"id":111474,"date":"2020-01-24T16:11:43","date_gmt":"2020-01-24T15:11:43","guid":{"rendered":"http:\/\/www.bellunopress.it\/?p=111474"},"modified":"2020-01-25T15:44:59","modified_gmt":"2020-01-25T14:44:59","slug":"sabato-mattina-in-piazza-martiri-il-flash-mob-e-la-postazione-informativa-sul-5g","status":"publish","type":"post","link":"https:\/\/www.bellunopress.it\/fr\/2020\/01\/24\/sabato-mattina-in-piazza-martiri-il-flash-mob-e-la-postazione-informativa-sul-5g\/","title":{"rendered":"Sabato mattina in piazza Martiri il flash mob  e la postazione informativa sul 5G"},"content":{"rendered":"<p>Sabato 25 gennaio in piazza dei Martiri a Belluno dalle ore 10 alle ore 13 ci sar\u00e0 una gazebo informativo sulla tecnologia 5G.<\/p>\n<p><a href=\"http:\/\/www.bellunopress.it\/fr\/2019\/08\/19\/il-rapporto-dellistituto-superiore-di-sanita-sui-rapporti-tra-utilizzo-dei-cellulari-e-cancro-e-inadeguato-a-garantire-al-meglio-la-salute-pubblica-promossa-una-raccolta-di-firme-per-chiedere\/5g\/\" rel=\"attachment wp-att-107196\"><img loading=\"lazy\" decoding=\"async\" class=\"alignleft size-full wp-image-107196\" src=\"http:\/\/www.bellunopress.it\/wp-content\/uploads\/2019\/08\/5g.jpg\" alt=\"\" width=\"300\" height=\"175\" \/><\/a>L&#8217;iniziativa cade in occasione della Giornata mondiale Stop 5G, che vedr\u00e0 impegnati diversi paesi del mondo ed in Italia diverse citt\u00e0 anche con Convegni, come quello pi\u00f9 importante del Veneto che verr\u00e0 realizzato a Verona.<\/p>\n<p>La postazione verr\u00e0 realizzata da un comitato spontaneo di cittadini della provincia di Belluno.<\/p>","protected":false},"excerpt":{"rendered":"<p>Sabato 25 gennaio in piazza dei Martiri a Belluno dalle ore 10 alle ore 13 ci sar\u00e0 una gazebo informativo sulla tecnologia 5G. L&#8217;iniziativa cade in occasione della Giornata mondiale Stop 5G, che vedr\u00e0 impegnati diversi paesi del mondo ed in Italia diverse citt\u00e0 anche con Convegni, come quello pi\u00f9 importante del Veneto che verr\u00e0 [&hellip;]<\/p>\n","protected":false},"author":2,"featured_media":0,"comment_status":"closed","ping_status":"open","sticky":false,"template":"","format":"standard","meta":{"footnotes":""},"categories":[27,8],"tags":[],"class_list":["post-111474","post","type-post","status-publish","format-standard","category-appuntamenti","category-societa-istituzioni"],"yoast_head":"<!-- This site is optimized with the Yoast SEO plugin v28.4 - https:\/\/yoast.com\/product\/yoast-seo-wordpress\/ -->\n<title>Sabato mattina in piazza Martiri il flash mob e la postazione informativa sul 5G - Bellunopress - Dolomiti<\/title>\n<meta name=\"robots\" content=\"index, follow, max-snippet:-1, max-image-preview:large, max-video-preview:-1\" \/>\n<link rel=\"canonical\" href=\"https:\/\/www.bellunopress.it\/fr\/2020\/01\/24\/sabato-mattina-in-piazza-martiri-il-flash-mob-e-la-postazione-informativa-sul-5g\/\" \/>\n<meta property=\"og:locale\" content=\"fr_FR\" \/>\n<meta property=\"og:type\" content=\"article\" \/>\n<meta property=\"og:title\" content=\"Sabato mattina in piazza Martiri il flash mob e la postazione informativa sul 5G - Bellunopress - Dolomiti\" \/>\n<meta property=\"og:description\" content=\"Sabato 25 gennaio in piazza dei Martiri a Belluno dalle ore 10 alle ore 13 ci sar\u00e0 una gazebo informativo sulla tecnologia 5G. L&#8217;iniziativa cade in occasione della Giornata mondiale Stop 5G, che vedr\u00e0 impegnati diversi paesi del mondo ed in Italia diverse citt\u00e0 anche con Convegni, come quello pi\u00f9 importante del Veneto che verr\u00e0 [&hellip;]\" \/>\n<meta property=\"og:url\" content=\"https:\/\/www.bellunopress.it\/fr\/2020\/01\/24\/sabato-mattina-in-piazza-martiri-il-flash-mob-e-la-postazione-informativa-sul-5g\/\" \/>\n<meta property=\"og:site_name\" content=\"Bellunopress - Dolomiti\" \/>\n<meta property=\"article:publisher\" content=\"https:\/\/www.facebook.com\/profile.php?id=100008943462799\" \/>\n<meta property=\"article:published_time\" content=\"2020-01-24T15:11:43+00:00\" \/>\n<meta property=\"article:modified_time\" content=\"2020-01-25T14:44:59+00:00\" \/>\n<meta property=\"og:image\" content=\"http:\/\/www.bellunopress.it\/wp-content\/uploads\/2019\/08\/5g.jpg\" \/>\n<meta name=\"author\" content=\"redazione\" \/>\n<meta name=\"twitter:card\" content=\"summary_large_image\" \/>\n<meta name=\"twitter:creator\" content=\"@bellunopress\" \/>\n<meta name=\"twitter:site\" content=\"@bellunopress\" \/>\n<meta name=\"twitter:label1\" content=\"\u00c9crit par\" \/>\n\t<meta name=\"twitter:data1\" content=\"redazione\" \/>\n<script type=\"application\/ld+json\" class=\"yoast-schema-graph\">{\"@context\":\"https:\\\/\\\/schema.org\",\"@graph\":[{\"@type\":\"Article\",\"@id\":\"https:\\\/\\\/www.bellunopress.it\\\/2020\\\/01\\\/24\\\/sabato-mattina-in-piazza-martiri-il-flash-mob-e-la-postazione-informativa-sul-5g\\\/#article\",\"isPartOf\":{\"@id\":\"https:\\\/\\\/www.bellunopress.it\\\/2020\\\/01\\\/24\\\/sabato-mattina-in-piazza-martiri-il-flash-mob-e-la-postazione-informativa-sul-5g\\\/\"},\"author\":{\"name\":\"redazione\",\"@id\":\"https:\\\/\\\/www.bellunopress.it\\\/#\\\/schema\\\/person\\\/79bb06722b37ece1c03d3e94beb30d73\"},\"headline\":\"Sabato mattina in piazza Martiri il flash mob e la postazione informativa sul 5G\",\"datePublished\":\"2020-01-24T15:11:43+00:00\",\"dateModified\":\"2020-01-25T14:44:59+00:00\",\"mainEntityOfPage\":{\"@id\":\"https:\\\/\\\/www.bellunopress.it\\\/2020\\\/01\\\/24\\\/sabato-mattina-in-piazza-martiri-il-flash-mob-e-la-postazione-informativa-sul-5g\\\/\"},\"wordCount\":84,\"publisher\":{\"@id\":\"https:\\\/\\\/www.bellunopress.it\\\/#organization\"},\"image\":{\"@id\":\"https:\\\/\\\/www.bellunopress.it\\\/2020\\\/01\\\/24\\\/sabato-mattina-in-piazza-martiri-il-flash-mob-e-la-postazione-informativa-sul-5g\\\/#primaryimage\"},\"thumbnailUrl\":\"http:\\\/\\\/www.bellunopress.it\\\/wp-content\\\/uploads\\\/2019\\\/08\\\/5g.jpg\",\"articleSection\":[\"Appuntamenti, Eventi\",\"Societ\u00e0, Associazioni, Istituzioni\"],\"inLanguage\":\"fr-FR\"},{\"@type\":\"WebPage\",\"@id\":\"https:\\\/\\\/www.bellunopress.it\\\/2020\\\/01\\\/24\\\/sabato-mattina-in-piazza-martiri-il-flash-mob-e-la-postazione-informativa-sul-5g\\\/\",\"url\":\"https:\\\/\\\/www.bellunopress.it\\\/2020\\\/01\\\/24\\\/sabato-mattina-in-piazza-martiri-il-flash-mob-e-la-postazione-informativa-sul-5g\\\/\",\"name\":\"Sabato mattina in piazza Martiri il flash mob e la postazione informativa sul 5G - Bellunopress - Dolomiti\",\"isPartOf\":{\"@id\":\"https:\\\/\\\/www.bellunopress.it\\\/#website\"},\"primaryImageOfPage\":{\"@id\":\"https:\\\/\\\/www.bellunopress.it\\\/2020\\\/01\\\/24\\\/sabato-mattina-in-piazza-martiri-il-flash-mob-e-la-postazione-informativa-sul-5g\\\/#primaryimage\"},\"image\":{\"@id\":\"https:\\\/\\\/www.bellunopress.it\\\/2020\\\/01\\\/24\\\/sabato-mattina-in-piazza-martiri-il-flash-mob-e-la-postazione-informativa-sul-5g\\\/#primaryimage\"},\"thumbnailUrl\":\"http:\\\/\\\/www.bellunopress.it\\\/wp-content\\\/uploads\\\/2019\\\/08\\\/5g.jpg\",\"datePublished\":\"2020-01-24T15:11:43+00:00\",\"dateModified\":\"2020-01-25T14:44:59+00:00\",\"breadcrumb\":{\"@id\":\"https:\\\/\\\/www.bellunopress.it\\\/2020\\\/01\\\/24\\\/sabato-mattina-in-piazza-martiri-il-flash-mob-e-la-postazione-informativa-sul-5g\\\/#breadcrumb\"},\"inLanguage\":\"fr-FR\",\"potentialAction\":[{\"@type\":\"ReadAction\",\"target\":[\"https:\\\/\\\/www.bellunopress.it\\\/2020\\\/01\\\/24\\\/sabato-mattina-in-piazza-martiri-il-flash-mob-e-la-postazione-informativa-sul-5g\\\/\"]}]},{\"@type\":\"ImageObject\",\"inLanguage\":\"fr-FR\",\"@id\":\"https:\\\/\\\/www.bellunopress.it\\\/2020\\\/01\\\/24\\\/sabato-mattina-in-piazza-martiri-il-flash-mob-e-la-postazione-informativa-sul-5g\\\/#primaryimage\",\"url\":\"http:\\\/\\\/www.bellunopress.it\\\/wp-content\\\/uploads\\\/2019\\\/08\\\/5g.jpg\",\"contentUrl\":\"http:\\\/\\\/www.bellunopress.it\\\/wp-content\\\/uploads\\\/2019\\\/08\\\/5g.jpg\"},{\"@type\":\"BreadcrumbList\",\"@id\":\"https:\\\/\\\/www.bellunopress.it\\\/2020\\\/01\\\/24\\\/sabato-mattina-in-piazza-martiri-il-flash-mob-e-la-postazione-informativa-sul-5g\\\/#breadcrumb\",\"itemListElement\":[{\"@type\":\"ListItem\",\"position\":1,\"name\":\"Home\",\"item\":\"https:\\\/\\\/www.bellunopress.it\\\/\"},{\"@type\":\"ListItem\",\"position\":2,\"name\":\"Sabato mattina in piazza Martiri il flash mob e la postazione informativa sul 5G\"}]},{\"@type\":\"WebSite\",\"@id\":\"https:\\\/\\\/www.bellunopress.it\\\/#website\",\"url\":\"https:\\\/\\\/www.bellunopress.it\\\/\",\"name\":\"Bellunopress - Dolomiti\",\"description\":\"e-mail: redazione@bellunopress.it\",\"publisher\":{\"@id\":\"https:\\\/\\\/www.bellunopress.it\\\/#organization\"},\"potentialAction\":[{\"@type\":\"SearchAction\",\"target\":{\"@type\":\"EntryPoint\",\"urlTemplate\":\"https:\\\/\\\/www.bellunopress.it\\\/?s={search_term_string}\"},\"query-input\":{\"@type\":\"PropertyValueSpecification\",\"valueRequired\":true,\"valueName\":\"search_term_string\"}}],\"inLanguage\":\"fr-FR\"},{\"@type\":\"Organization\",\"@id\":\"https:\\\/\\\/www.bellunopress.it\\\/#organization\",\"name\":\"Bellunopress\",\"url\":\"https:\\\/\\\/www.bellunopress.it\\\/\",\"logo\":{\"@type\":\"ImageObject\",\"inLanguage\":\"fr-FR\",\"@id\":\"https:\\\/\\\/www.bellunopress.it\\\/#\\\/schema\\\/logo\\\/image\\\/\",\"url\":\"https:\\\/\\\/www.bellunopress.it\\\/wp-content\\\/uploads\\\/2011\\\/05\\\/cropped-logo-bellunopress-.jpg\",\"contentUrl\":\"https:\\\/\\\/www.bellunopress.it\\\/wp-content\\\/uploads\\\/2011\\\/05\\\/cropped-logo-bellunopress-.jpg\",\"width\":512,\"height\":512,\"caption\":\"Bellunopress\"},\"image\":{\"@id\":\"https:\\\/\\\/www.bellunopress.it\\\/#\\\/schema\\\/logo\\\/image\\\/\"},\"sameAs\":[\"https:\\\/\\\/www.facebook.com\\\/profile.php?id=100008943462799\",\"https:\\\/\\\/x.com\\\/bellunopress\",\"https:\\\/\\\/www.linkedin.com\\\/hp\\\/?dnr=JBzUWaJfMUw8vbXJJ2tVW5-I3jZKvC4wsoxE&amp;amp;amp;amp;amp;amp;trk=nav_responsive_tab_home\",\"https:\\\/\\\/www.youtube.com\\\/channel\\\/UCxL0wu1uN0_3_7hGG0306cw\"]},{\"@type\":\"Person\",\"@id\":\"https:\\\/\\\/www.bellunopress.it\\\/#\\\/schema\\\/person\\\/79bb06722b37ece1c03d3e94beb30d73\",\"name\":\"redazione\",\"image\":{\"@type\":\"ImageObject\",\"inLanguage\":\"fr-FR\",\"@id\":\"https:\\\/\\\/secure.gravatar.com\\\/avatar\\\/37d968a2e67a6fd04c169c4bdef102d0bc5d31b2546345219e348575eb80e9a0?s=96&d=mm&r=g\",\"url\":\"https:\\\/\\\/secure.gravatar.com\\\/avatar\\\/37d968a2e67a6fd04c169c4bdef102d0bc5d31b2546345219e348575eb80e9a0?s=96&d=mm&r=g\",\"contentUrl\":\"https:\\\/\\\/secure.gravatar.com\\\/avatar\\\/37d968a2e67a6fd04c169c4bdef102d0bc5d31b2546345219e348575eb80e9a0?s=96&d=mm&r=g\",\"caption\":\"redazione\"},\"sameAs\":[\"http:\\\/\\\/www.bellunopress.it\",\"https:\\\/\\\/x.com\\\/bellunopress\"],\"url\":\"https:\\\/\\\/www.bellunopress.it\\\/fr\\\/author\\\/redazione\\\/\"}]}<\/script>\n<!-- \/ Yoast SEO plugin. -->","yoast_head_json":{"title":"Sabato mattina in piazza Martiri il flash mob e la postazione informativa sul 5G - Bellunopress - Dolomiti","robots":{"index":"index","follow":"follow","max-snippet":"max-snippet:-1","max-image-preview":"max-image-preview:large","max-video-preview":"max-video-preview:-1"},"canonical":"https:\/\/www.bellunopress.it\/fr\/2020\/01\/24\/sabato-mattina-in-piazza-martiri-il-flash-mob-e-la-postazione-informativa-sul-5g\/","og_locale":"fr_FR","og_type":"article","og_title":"Sabato mattina in piazza Martiri il flash mob e la postazione informativa sul 5G - Bellunopress - Dolomiti","og_description":"Sabato 25 gennaio in piazza dei Martiri a Belluno dalle ore 10 alle ore 13 ci sar\u00e0 una gazebo informativo sulla tecnologia 5G. L&#8217;iniziativa cade in occasione della Giornata mondiale Stop 5G, che vedr\u00e0 impegnati diversi paesi del mondo ed in Italia diverse citt\u00e0 anche con Convegni, come quello pi\u00f9 importante del Veneto che verr\u00e0 [&hellip;]","og_url":"https:\/\/www.bellunopress.it\/fr\/2020\/01\/24\/sabato-mattina-in-piazza-martiri-il-flash-mob-e-la-postazione-informativa-sul-5g\/","og_site_name":"Bellunopress - Dolomiti","article_publisher":"https:\/\/www.facebook.com\/profile.php?id=100008943462799","article_published_time":"2020-01-24T15:11:43+00:00","article_modified_time":"2020-01-25T14:44:59+00:00","og_image":[{"url":"http:\/\/www.bellunopress.it\/wp-content\/uploads\/2019\/08\/5g.jpg","type":"","width":"","height":""}],"author":"redazione","twitter_card":"summary_large_image","twitter_creator":"@bellunopress","twitter_site":"@bellunopress","twitter_misc":{"\u00c9crit par":"redazione"},"schema":{"@context":"https:\/\/schema.org","@graph":[{"@type":"Article","@id":"https:\/\/www.bellunopress.it\/2020\/01\/24\/sabato-mattina-in-piazza-martiri-il-flash-mob-e-la-postazione-informativa-sul-5g\/#article","isPartOf":{"@id":"https:\/\/www.bellunopress.it\/2020\/01\/24\/sabato-mattina-in-piazza-martiri-il-flash-mob-e-la-postazione-informativa-sul-5g\/"},"author":{"name":"redazione","@id":"https:\/\/www.bellunopress.it\/#\/schema\/person\/79bb06722b37ece1c03d3e94beb30d73"},"headline":"Sabato mattina in piazza Martiri il flash mob e la postazione informativa sul 5G","datePublished":"2020-01-24T15:11:43+00:00","dateModified":"2020-01-25T14:44:59+00:00","mainEntityOfPage":{"@id":"https:\/\/www.bellunopress.it\/2020\/01\/24\/sabato-mattina-in-piazza-martiri-il-flash-mob-e-la-postazione-informativa-sul-5g\/"},"wordCount":84,"publisher":{"@id":"https:\/\/www.bellunopress.it\/#organization"},"image":{"@id":"https:\/\/www.bellunopress.it\/2020\/01\/24\/sabato-mattina-in-piazza-martiri-il-flash-mob-e-la-postazione-informativa-sul-5g\/#primaryimage"},"thumbnailUrl":"http:\/\/www.bellunopress.it\/wp-content\/uploads\/2019\/08\/5g.jpg","articleSection":["Appuntamenti, Eventi","Societ\u00e0, Associazioni, Istituzioni"],"inLanguage":"fr-FR"},{"@type":"WebPage","@id":"https:\/\/www.bellunopress.it\/2020\/01\/24\/sabato-mattina-in-piazza-martiri-il-flash-mob-e-la-postazione-informativa-sul-5g\/","url":"https:\/\/www.bellunopress.it\/2020\/01\/24\/sabato-mattina-in-piazza-martiri-il-flash-mob-e-la-postazione-informativa-sul-5g\/","name":"Sabato mattina in piazza Martiri il flash mob e la postazione informativa sul 5G - Bellunopress - Dolomiti","isPartOf":{"@id":"https:\/\/www.bellunopress.it\/#website"},"primaryImageOfPage":{"@id":"https:\/\/www.bellunopress.it\/2020\/01\/24\/sabato-mattina-in-piazza-martiri-il-flash-mob-e-la-postazione-informativa-sul-5g\/#primaryimage"},"image":{"@id":"https:\/\/www.bellunopress.it\/2020\/01\/24\/sabato-mattina-in-piazza-martiri-il-flash-mob-e-la-postazione-informativa-sul-5g\/#primaryimage"},"thumbnailUrl":"http:\/\/www.bellunopress.it\/wp-content\/uploads\/2019\/08\/5g.jpg","datePublished":"2020-01-24T15:11:43+00:00","dateModified":"2020-01-25T14:44:59+00:00","breadcrumb":{"@id":"https:\/\/www.bellunopress.it\/2020\/01\/24\/sabato-mattina-in-piazza-martiri-il-flash-mob-e-la-postazione-informativa-sul-5g\/#breadcrumb"},"inLanguage":"fr-FR","potentialAction":[{"@type":"ReadAction","target":["https:\/\/www.bellunopress.it\/2020\/01\/24\/sabato-mattina-in-piazza-martiri-il-flash-mob-e-la-postazione-informativa-sul-5g\/"]}]},{"@type":"ImageObject","inLanguage":"fr-FR","@id":"https:\/\/www.bellunopress.it\/2020\/01\/24\/sabato-mattina-in-piazza-martiri-il-flash-mob-e-la-postazione-informativa-sul-5g\/#primaryimage","url":"http:\/\/www.bellunopress.it\/wp-content\/uploads\/2019\/08\/5g.jpg","contentUrl":"http:\/\/www.bellunopress.it\/wp-content\/uploads\/2019\/08\/5g.jpg"},{"@type":"BreadcrumbList","@id":"https:\/\/www.bellunopress.it\/2020\/01\/24\/sabato-mattina-in-piazza-martiri-il-flash-mob-e-la-postazione-informativa-sul-5g\/#breadcrumb","itemListElement":[{"@type":"ListItem","position":1,"name":"Home","item":"https:\/\/www.bellunopress.it\/"},{"@type":"ListItem","position":2,"name":"Sabato mattina in piazza Martiri il flash mob e la postazione informativa sul 5G"}]},{"@type":"WebSite","@id":"https:\/\/www.bellunopress.it\/#website","url":"https:\/\/www.bellunopress.it\/","name":"Bellunopress - Dolomiti","description":"e-mail: redazione@bellunopress.it","publisher":{"@id":"https:\/\/www.bellunopress.it\/#organization"},"potentialAction":[{"@type":"SearchAction","target":{"@type":"EntryPoint","urlTemplate":"https:\/\/www.bellunopress.it\/?s={search_term_string}"},"query-input":{"@type":"PropertyValueSpecification","valueRequired":true,"valueName":"search_term_string"}}],"inLanguage":"fr-FR"},{"@type":"Organization","@id":"https:\/\/www.bellunopress.it\/#organization","name":"Bellunopress","url":"https:\/\/www.bellunopress.it\/","logo":{"@type":"ImageObject","inLanguage":"fr-FR","@id":"https:\/\/www.bellunopress.it\/#\/schema\/logo\/image\/","url":"https:\/\/www.bellunopress.it\/wp-content\/uploads\/2011\/05\/cropped-logo-bellunopress-.jpg","contentUrl":"https:\/\/www.bellunopress.it\/wp-content\/uploads\/2011\/05\/cropped-logo-bellunopress-.jpg","width":512,"height":512,"caption":"Bellunopress"},"image":{"@id":"https:\/\/www.bellunopress.it\/#\/schema\/logo\/image\/"},"sameAs":["https:\/\/www.facebook.com\/profile.php?id=100008943462799","https:\/\/x.com\/bellunopress","https:\/\/www.linkedin.com\/hp\/?dnr=JBzUWaJfMUw8vbXJJ2tVW5-I3jZKvC4wsoxE&amp;amp;amp;amp;amp;amp;trk=nav_responsive_tab_home","https:\/\/www.youtube.com\/channel\/UCxL0wu1uN0_3_7hGG0306cw"]},{"@type":"Person","@id":"https:\/\/www.bellunopress.it\/#\/schema\/person\/79bb06722b37ece1c03d3e94beb30d73","name":"r\u00e9daction","image":{"@type":"ImageObject","inLanguage":"fr-FR","@id":"https:\/\/secure.gravatar.com\/avatar\/37d968a2e67a6fd04c169c4bdef102d0bc5d31b2546345219e348575eb80e9a0?s=96&d=mm&r=g","url":"https:\/\/secure.gravatar.com\/avatar\/37d968a2e67a6fd04c169c4bdef102d0bc5d31b2546345219e348575eb80e9a0?s=96&d=mm&r=g","contentUrl":"https:\/\/secure.gravatar.com\/avatar\/37d968a2e67a6fd04c169c4bdef102d0bc5d31b2546345219e348575eb80e9a0?s=96&d=mm&r=g","caption":"redazione"},"sameAs":["http:\/\/www.bellunopress.it","https:\/\/x.com\/bellunopress"],"url":"https:\/\/www.bellunopress.it\/fr\/author\/redazione\/"}]}},"_links":{"self":[{"href":"https:\/\/www.bellunopress.it\/fr\/wp-json\/wp\/v2\/posts\/111474","targetHints":{"allow":["GET"]}}],"collection":[{"href":"https:\/\/www.bellunopress.it\/fr\/wp-json\/wp\/v2\/posts"}],"about":[{"href":"https:\/\/www.bellunopress.it\/fr\/wp-json\/wp\/v2\/types\/post"}],"author":[{"embeddable":true,"href":"https:\/\/www.bellunopress.it\/fr\/wp-json\/wp\/v2\/users\/2"}],"replies":[{"embeddable":true,"href":"https:\/\/www.bellunopress.it\/fr\/wp-json\/wp\/v2\/comments?post=111474"}],"version-history":[{"count":1,"href":"https:\/\/www.bellunopress.it\/fr\/wp-json\/wp\/v2\/posts\/111474\/revisions"}],"predecessor-version":[{"id":111475,"href":"https:\/\/www.bellunopress.it\/fr\/wp-json\/wp\/v2\/posts\/111474\/revisions\/111475"}],"wp:attachment":[{"href":"https:\/\/www.bellunopress.it\/fr\/wp-json\/wp\/v2\/media?parent=111474"}],"wp:term":[{"taxonomy":"category","embeddable":true,"href":"https:\/\/www.bellunopress.it\/fr\/wp-json\/wp\/v2\/categories?post=111474"},{"taxonomy":"post_tag","embeddable":true,"href":"https:\/\/www.bellunopress.it\/fr\/wp-json\/wp\/v2\/tags?post=111474"}],"curies":[{"name":"wp","href":"https:\/\/api.w.org\/{rel}","templated":true}]}}