{"id":111472,"date":"2020-01-22T18:59:14","date_gmt":"2020-01-22T17:59:14","guid":{"rendered":"http:\/\/www.bellunopress.it\/?p=111472"},"modified":"2020-01-28T22:44:27","modified_gmt":"2020-01-28T21:44:27","slug":"costellazioni-pronti-partenza-spazio-domenica-pomeriggio-al-teatro-comunale-di-belluno-per-la-rassegna-comincio-dai-3","status":"publish","type":"post","link":"https:\/\/www.bellunopress.it\/fr\/2020\/01\/22\/costellazioni-pronti-partenza-spazio-domenica-pomeriggio-al-teatro-comunale-di-belluno-per-la-rassegna-comincio-dai-3\/","title":{"rendered":"Costellazioni. Pronti, partenza&#8230;Spazio!  Domenica pomeriggio al Teatro comunale di Belluno per la rassegna Comincio dai 3"},"content":{"rendered":"<p>All\u2019insegna dell\u2019innovazione, per questa 27esima edizione Comincio dai 3 &#8211; Famiglie a teatro porter\u00e0 per la prima volta sul palcoscenico del Teatro Comunale di Belluno il Teatro Danza per tutti.<\/p>\n<figure id=\"attachment_104120\" aria-describedby=\"caption-attachment-104120\" style=\"width: 300px\" class=\"wp-caption alignleft\"><a href=\"http:\/\/www.bellunopress.it\/fr\/2019\/04\/29\/giovedi-9-maggio-gli-abbadreams-al-comunale-di-belluno-per-la-rassegna-parole-e-pensieri\/rbsh\/\" rel=\"attachment wp-att-104120\"><img loading=\"lazy\" decoding=\"async\" class=\"size-full wp-image-104120\" src=\"http:\/\/www.bellunopress.it\/wp-content\/uploads\/2019\/04\/teatro-comunale.jpg\" alt=\"\" width=\"300\" height=\"226\" \/><\/a><figcaption id=\"caption-attachment-104120\" class=\"wp-caption-text\">Teatro Comunale di Belluno<\/figcaption><\/figure>\n<p>Domenica 26 gennaio alle ore 17.00, per il quarto appuntamento della Stagione di teatro per le Nuove Generazioni sar\u00e0 infatti la volta di &#8220;Costellazioni. Pronti, partenza&#8230;Spazio!&#8221;, visionario spettacolo della compagnia Sosta Palmizi, una tra le primissime formazioni di danza contemporanea in Italia (1985)\u201a e oggi un punto di riferimento artistico e pedagogico importante per le nuove generazioni di danzatori e coreografi.<br \/>\nCostellazioni \u00e8 uno spettacolo dedicato alla scoperta dell\u2019Universo, un viaggio fantasioso e giocoso per tutta la famiglia, che parte dalla Terra per spingersi verso le stelle.<\/p>\n<p>Dopo anni e anni di studi e osservazioni dello spazio, il professor Radar, assieme alle professoresse Bussola e Calamita, mette finalmente in azione l\u2019invenzione del secolo: la Carrozzina Spaziale, una straordinaria invenzione che permetter\u00e0 loro di partire alla ricerca di un luogo simile alla Terra. In viaggio con loro fra pianeti e corpi celesti vivremo situazioni buffe ed ironiche, dove noi esseri umani non siamo altro che gocce in un oceano infinito, cercheremo di capire cosa ci succede sopra la testa e anche sotto!<br \/>\nQuesta ricerca infinita di conoscere \u00e8 forse il motore stesso della vita. Grazie alle scoperte di Einstein oggi sappiamo che il tempo, cos\u00ec come lo spazio, \u00e8 caratterizzato dal movimento. E la danza attraverso il suo movimento pu\u00f2 permetterci di svelare l\u2019Universo non distante da noi e di comprenderne le dinamiche.<\/p>\n<p>Sulle note di brani celebri e sempre coinvolgenti della musica classica, tra cui l\u2019ouverture del Guglielmo Tell di Rossini e il Bolero di Ravel, esploreremo il Sistema Solare e i suoi corpi celesti, scopriremo come tutto ci\u00f2 che ci circonda, o per meglio dire tutto ci\u00f2 in cui siamo immersi, ogni essere vivente, ogni pianeta, ogni asteroide, ogni singolo elemento seppur piccolissimo fa la sua parte e partecipa al funzionamento dell\u2019intero ingranaggio astrale.<br \/>\nE cos\u00ec professor Radar, Bussola e Calamita continueranno il loro viaggio nello spazio interstellare e chiss\u00e0 quante altre avventure vivranno, quali mondi nuovi e stelle e galassie scopriranno! E mentre li vediamo sparire, diventando piccolissimi punti luminosi, noi siamo qua, sapendo che la Terra e tutti noi facciamo parte del grande Spettacolo dell\u2019Universo. E per continuare a danzare insieme al nostro piccolo Mondo, \u00e8 importante averne cura, grandi e piccini insieme.<\/p>\n<p>La stagione \u00e8 organizzata da Tib Teatro per la direzione artistica di Daniela Nicosia e in collaborazione con Fondazione Teatri delle Dolomiti, Comune di Belluno, Ministero per i Beni e le Attivit\u00e0 Culturali, con il patrocinio del MIUR ufficio scolastico, Regione del Veneto, con il sostegno di Ascotrade e la presenza dell\u2019Associazione Bellunese Volontari del Sangue.<\/p>\n<p>INFO E PRENOTAZIONI: Tib Teatro 0437 950555 \u2013 info@tibteatro.it<\/p>\n<p>BIGLIETTERIA:<br \/>\nTeatro Comunale Belluno<br \/>\nDomenica 26 gennaio dalle ore 10.30 alle ore 12.30 e dalle ore 15.00<br \/>\nBiglietti: adulti 12 euro, bambini 8 euro<\/p>","protected":false},"excerpt":{"rendered":"<p>All\u2019insegna dell\u2019innovazione, per questa 27esima edizione Comincio dai 3 &#8211; Famiglie a teatro porter\u00e0 per la prima volta sul palcoscenico del Teatro Comunale di Belluno il Teatro Danza per tutti. Domenica 26 gennaio alle ore 17.00, per il quarto appuntamento della Stagione di teatro per le Nuove Generazioni sar\u00e0 infatti la volta di &#8220;Costellazioni. Pronti, [&hellip;]<\/p>\n","protected":false},"author":2,"featured_media":0,"comment_status":"closed","ping_status":"open","sticky":false,"template":"","format":"standard","meta":{"footnotes":""},"categories":[27,3,15],"tags":[],"class_list":["post-111472","post","type-post","status-publish","format-standard","category-appuntamenti","category-arte-cultura-spettacoli-scienza-archivi","category-scuola"],"yoast_head":"<!-- This site is optimized with the Yoast SEO plugin v28.4 - https:\/\/yoast.com\/product\/yoast-seo-wordpress\/ -->\n<title>Costellazioni. Pronti, partenza...Spazio! Domenica pomeriggio al Teatro comunale di Belluno per la rassegna Comincio dai 3 - Bellunopress - Dolomiti<\/title>\n<meta name=\"robots\" content=\"index, follow, max-snippet:-1, max-image-preview:large, max-video-preview:-1\" \/>\n<link rel=\"canonical\" href=\"https:\/\/www.bellunopress.it\/fr\/2020\/01\/22\/costellazioni-pronti-partenza-spazio-domenica-pomeriggio-al-teatro-comunale-di-belluno-per-la-rassegna-comincio-dai-3\/\" \/>\n<meta property=\"og:locale\" content=\"fr_FR\" \/>\n<meta property=\"og:type\" content=\"article\" \/>\n<meta property=\"og:title\" content=\"Costellazioni. Pronti, partenza...Spazio! Domenica pomeriggio al Teatro comunale di Belluno per la rassegna Comincio dai 3 - Bellunopress - Dolomiti\" \/>\n<meta property=\"og:description\" content=\"All\u2019insegna dell\u2019innovazione, per questa 27esima edizione Comincio dai 3 &#8211; Famiglie a teatro porter\u00e0 per la prima volta sul palcoscenico del Teatro Comunale di Belluno il Teatro Danza per tutti. Domenica 26 gennaio alle ore 17.00, per il quarto appuntamento della Stagione di teatro per le Nuove Generazioni sar\u00e0 infatti la volta di &#8220;Costellazioni. Pronti, [&hellip;]\" \/>\n<meta property=\"og:url\" content=\"https:\/\/www.bellunopress.it\/fr\/2020\/01\/22\/costellazioni-pronti-partenza-spazio-domenica-pomeriggio-al-teatro-comunale-di-belluno-per-la-rassegna-comincio-dai-3\/\" \/>\n<meta property=\"og:site_name\" content=\"Bellunopress - Dolomiti\" \/>\n<meta property=\"article:publisher\" content=\"https:\/\/www.facebook.com\/profile.php?id=100008943462799\" \/>\n<meta property=\"article:published_time\" content=\"2020-01-22T17:59:14+00:00\" \/>\n<meta property=\"article:modified_time\" content=\"2020-01-28T21:44:27+00:00\" \/>\n<meta property=\"og:image\" content=\"http:\/\/www.bellunopress.it\/wp-content\/uploads\/2019\/04\/teatro-comunale.jpg\" \/>\n<meta name=\"author\" content=\"redazione\" \/>\n<meta name=\"twitter:card\" content=\"summary_large_image\" \/>\n<meta name=\"twitter:creator\" content=\"@bellunopress\" \/>\n<meta name=\"twitter:site\" content=\"@bellunopress\" \/>\n<meta name=\"twitter:label1\" content=\"\u00c9crit par\" \/>\n\t<meta name=\"twitter:data1\" content=\"redazione\" \/>\n\t<meta name=\"twitter:label2\" content=\"Dur\u00e9e de lecture estim\u00e9e\" \/>\n\t<meta name=\"twitter:data2\" content=\"2 minutes\" \/>\n<script type=\"application\/ld+json\" class=\"yoast-schema-graph\">{\"@context\":\"https:\\\/\\\/schema.org\",\"@graph\":[{\"@type\":\"Article\",\"@id\":\"https:\\\/\\\/www.bellunopress.it\\\/2020\\\/01\\\/22\\\/costellazioni-pronti-partenza-spazio-domenica-pomeriggio-al-teatro-comunale-di-belluno-per-la-rassegna-comincio-dai-3\\\/#article\",\"isPartOf\":{\"@id\":\"https:\\\/\\\/www.bellunopress.it\\\/2020\\\/01\\\/22\\\/costellazioni-pronti-partenza-spazio-domenica-pomeriggio-al-teatro-comunale-di-belluno-per-la-rassegna-comincio-dai-3\\\/\"},\"author\":{\"name\":\"redazione\",\"@id\":\"https:\\\/\\\/www.bellunopress.it\\\/#\\\/schema\\\/person\\\/79bb06722b37ece1c03d3e94beb30d73\"},\"headline\":\"Costellazioni. Pronti, partenza&#8230;Spazio! Domenica pomeriggio al Teatro comunale di Belluno per la rassegna Comincio dai 3\",\"datePublished\":\"2020-01-22T17:59:14+00:00\",\"dateModified\":\"2020-01-28T21:44:27+00:00\",\"mainEntityOfPage\":{\"@id\":\"https:\\\/\\\/www.bellunopress.it\\\/2020\\\/01\\\/22\\\/costellazioni-pronti-partenza-spazio-domenica-pomeriggio-al-teatro-comunale-di-belluno-per-la-rassegna-comincio-dai-3\\\/\"},\"wordCount\":506,\"publisher\":{\"@id\":\"https:\\\/\\\/www.bellunopress.it\\\/#organization\"},\"image\":{\"@id\":\"https:\\\/\\\/www.bellunopress.it\\\/2020\\\/01\\\/22\\\/costellazioni-pronti-partenza-spazio-domenica-pomeriggio-al-teatro-comunale-di-belluno-per-la-rassegna-comincio-dai-3\\\/#primaryimage\"},\"thumbnailUrl\":\"http:\\\/\\\/www.bellunopress.it\\\/wp-content\\\/uploads\\\/2019\\\/04\\\/teatro-comunale.jpg\",\"articleSection\":[\"Appuntamenti, Eventi\",\"Arte, Cultura, Spettacoli, Scienza\",\"Scuola\"],\"inLanguage\":\"fr-FR\"},{\"@type\":\"WebPage\",\"@id\":\"https:\\\/\\\/www.bellunopress.it\\\/2020\\\/01\\\/22\\\/costellazioni-pronti-partenza-spazio-domenica-pomeriggio-al-teatro-comunale-di-belluno-per-la-rassegna-comincio-dai-3\\\/\",\"url\":\"https:\\\/\\\/www.bellunopress.it\\\/2020\\\/01\\\/22\\\/costellazioni-pronti-partenza-spazio-domenica-pomeriggio-al-teatro-comunale-di-belluno-per-la-rassegna-comincio-dai-3\\\/\",\"name\":\"Costellazioni. Pronti, partenza...Spazio! Domenica pomeriggio al Teatro comunale di Belluno per la rassegna Comincio dai 3 - Bellunopress - Dolomiti\",\"isPartOf\":{\"@id\":\"https:\\\/\\\/www.bellunopress.it\\\/#website\"},\"primaryImageOfPage\":{\"@id\":\"https:\\\/\\\/www.bellunopress.it\\\/2020\\\/01\\\/22\\\/costellazioni-pronti-partenza-spazio-domenica-pomeriggio-al-teatro-comunale-di-belluno-per-la-rassegna-comincio-dai-3\\\/#primaryimage\"},\"image\":{\"@id\":\"https:\\\/\\\/www.bellunopress.it\\\/2020\\\/01\\\/22\\\/costellazioni-pronti-partenza-spazio-domenica-pomeriggio-al-teatro-comunale-di-belluno-per-la-rassegna-comincio-dai-3\\\/#primaryimage\"},\"thumbnailUrl\":\"http:\\\/\\\/www.bellunopress.it\\\/wp-content\\\/uploads\\\/2019\\\/04\\\/teatro-comunale.jpg\",\"datePublished\":\"2020-01-22T17:59:14+00:00\",\"dateModified\":\"2020-01-28T21:44:27+00:00\",\"breadcrumb\":{\"@id\":\"https:\\\/\\\/www.bellunopress.it\\\/2020\\\/01\\\/22\\\/costellazioni-pronti-partenza-spazio-domenica-pomeriggio-al-teatro-comunale-di-belluno-per-la-rassegna-comincio-dai-3\\\/#breadcrumb\"},\"inLanguage\":\"fr-FR\",\"potentialAction\":[{\"@type\":\"ReadAction\",\"target\":[\"https:\\\/\\\/www.bellunopress.it\\\/2020\\\/01\\\/22\\\/costellazioni-pronti-partenza-spazio-domenica-pomeriggio-al-teatro-comunale-di-belluno-per-la-rassegna-comincio-dai-3\\\/\"]}]},{\"@type\":\"ImageObject\",\"inLanguage\":\"fr-FR\",\"@id\":\"https:\\\/\\\/www.bellunopress.it\\\/2020\\\/01\\\/22\\\/costellazioni-pronti-partenza-spazio-domenica-pomeriggio-al-teatro-comunale-di-belluno-per-la-rassegna-comincio-dai-3\\\/#primaryimage\",\"url\":\"http:\\\/\\\/www.bellunopress.it\\\/wp-content\\\/uploads\\\/2019\\\/04\\\/teatro-comunale.jpg\",\"contentUrl\":\"http:\\\/\\\/www.bellunopress.it\\\/wp-content\\\/uploads\\\/2019\\\/04\\\/teatro-comunale.jpg\"},{\"@type\":\"BreadcrumbList\",\"@id\":\"https:\\\/\\\/www.bellunopress.it\\\/2020\\\/01\\\/22\\\/costellazioni-pronti-partenza-spazio-domenica-pomeriggio-al-teatro-comunale-di-belluno-per-la-rassegna-comincio-dai-3\\\/#breadcrumb\",\"itemListElement\":[{\"@type\":\"ListItem\",\"position\":1,\"name\":\"Home\",\"item\":\"https:\\\/\\\/www.bellunopress.it\\\/\"},{\"@type\":\"ListItem\",\"position\":2,\"name\":\"Costellazioni. Pronti, partenza&#8230;Spazio! Domenica pomeriggio al Teatro comunale di Belluno per la rassegna Comincio dai 3\"}]},{\"@type\":\"WebSite\",\"@id\":\"https:\\\/\\\/www.bellunopress.it\\\/#website\",\"url\":\"https:\\\/\\\/www.bellunopress.it\\\/\",\"name\":\"Bellunopress - Dolomiti\",\"description\":\"e-mail: redazione@bellunopress.it\",\"publisher\":{\"@id\":\"https:\\\/\\\/www.bellunopress.it\\\/#organization\"},\"potentialAction\":[{\"@type\":\"SearchAction\",\"target\":{\"@type\":\"EntryPoint\",\"urlTemplate\":\"https:\\\/\\\/www.bellunopress.it\\\/?s={search_term_string}\"},\"query-input\":{\"@type\":\"PropertyValueSpecification\",\"valueRequired\":true,\"valueName\":\"search_term_string\"}}],\"inLanguage\":\"fr-FR\"},{\"@type\":\"Organization\",\"@id\":\"https:\\\/\\\/www.bellunopress.it\\\/#organization\",\"name\":\"Bellunopress\",\"url\":\"https:\\\/\\\/www.bellunopress.it\\\/\",\"logo\":{\"@type\":\"ImageObject\",\"inLanguage\":\"fr-FR\",\"@id\":\"https:\\\/\\\/www.bellunopress.it\\\/#\\\/schema\\\/logo\\\/image\\\/\",\"url\":\"https:\\\/\\\/www.bellunopress.it\\\/wp-content\\\/uploads\\\/2011\\\/05\\\/cropped-logo-bellunopress-.jpg\",\"contentUrl\":\"https:\\\/\\\/www.bellunopress.it\\\/wp-content\\\/uploads\\\/2011\\\/05\\\/cropped-logo-bellunopress-.jpg\",\"width\":512,\"height\":512,\"caption\":\"Bellunopress\"},\"image\":{\"@id\":\"https:\\\/\\\/www.bellunopress.it\\\/#\\\/schema\\\/logo\\\/image\\\/\"},\"sameAs\":[\"https:\\\/\\\/www.facebook.com\\\/profile.php?id=100008943462799\",\"https:\\\/\\\/x.com\\\/bellunopress\",\"https:\\\/\\\/www.linkedin.com\\\/hp\\\/?dnr=JBzUWaJfMUw8vbXJJ2tVW5-I3jZKvC4wsoxE&amp;amp;amp;amp;amp;amp;trk=nav_responsive_tab_home\",\"https:\\\/\\\/www.youtube.com\\\/channel\\\/UCxL0wu1uN0_3_7hGG0306cw\"]},{\"@type\":\"Person\",\"@id\":\"https:\\\/\\\/www.bellunopress.it\\\/#\\\/schema\\\/person\\\/79bb06722b37ece1c03d3e94beb30d73\",\"name\":\"redazione\",\"image\":{\"@type\":\"ImageObject\",\"inLanguage\":\"fr-FR\",\"@id\":\"https:\\\/\\\/secure.gravatar.com\\\/avatar\\\/37d968a2e67a6fd04c169c4bdef102d0bc5d31b2546345219e348575eb80e9a0?s=96&d=mm&r=g\",\"url\":\"https:\\\/\\\/secure.gravatar.com\\\/avatar\\\/37d968a2e67a6fd04c169c4bdef102d0bc5d31b2546345219e348575eb80e9a0?s=96&d=mm&r=g\",\"contentUrl\":\"https:\\\/\\\/secure.gravatar.com\\\/avatar\\\/37d968a2e67a6fd04c169c4bdef102d0bc5d31b2546345219e348575eb80e9a0?s=96&d=mm&r=g\",\"caption\":\"redazione\"},\"sameAs\":[\"http:\\\/\\\/www.bellunopress.it\",\"https:\\\/\\\/x.com\\\/bellunopress\"],\"url\":\"https:\\\/\\\/www.bellunopress.it\\\/fr\\\/author\\\/redazione\\\/\"}]}<\/script>\n<!-- \/ Yoast SEO plugin. -->","yoast_head_json":{"title":"Costellazioni. Pronti, partenza...Spazio! Domenica pomeriggio al Teatro comunale di Belluno per la rassegna Comincio dai 3 - Bellunopress - Dolomiti","robots":{"index":"index","follow":"follow","max-snippet":"max-snippet:-1","max-image-preview":"max-image-preview:large","max-video-preview":"max-video-preview:-1"},"canonical":"https:\/\/www.bellunopress.it\/fr\/2020\/01\/22\/costellazioni-pronti-partenza-spazio-domenica-pomeriggio-al-teatro-comunale-di-belluno-per-la-rassegna-comincio-dai-3\/","og_locale":"fr_FR","og_type":"article","og_title":"Costellazioni. Pronti, partenza...Spazio! Domenica pomeriggio al Teatro comunale di Belluno per la rassegna Comincio dai 3 - Bellunopress - Dolomiti","og_description":"All\u2019insegna dell\u2019innovazione, per questa 27esima edizione Comincio dai 3 &#8211; Famiglie a teatro porter\u00e0 per la prima volta sul palcoscenico del Teatro Comunale di Belluno il Teatro Danza per tutti. Domenica 26 gennaio alle ore 17.00, per il quarto appuntamento della Stagione di teatro per le Nuove Generazioni sar\u00e0 infatti la volta di &#8220;Costellazioni. Pronti, [&hellip;]","og_url":"https:\/\/www.bellunopress.it\/fr\/2020\/01\/22\/costellazioni-pronti-partenza-spazio-domenica-pomeriggio-al-teatro-comunale-di-belluno-per-la-rassegna-comincio-dai-3\/","og_site_name":"Bellunopress - Dolomiti","article_publisher":"https:\/\/www.facebook.com\/profile.php?id=100008943462799","article_published_time":"2020-01-22T17:59:14+00:00","article_modified_time":"2020-01-28T21:44:27+00:00","og_image":[{"url":"http:\/\/www.bellunopress.it\/wp-content\/uploads\/2019\/04\/teatro-comunale.jpg","type":"","width":"","height":""}],"author":"redazione","twitter_card":"summary_large_image","twitter_creator":"@bellunopress","twitter_site":"@bellunopress","twitter_misc":{"\u00c9crit par":"redazione","Dur\u00e9e de lecture estim\u00e9e":"2 minutes"},"schema":{"@context":"https:\/\/schema.org","@graph":[{"@type":"Article","@id":"https:\/\/www.bellunopress.it\/2020\/01\/22\/costellazioni-pronti-partenza-spazio-domenica-pomeriggio-al-teatro-comunale-di-belluno-per-la-rassegna-comincio-dai-3\/#article","isPartOf":{"@id":"https:\/\/www.bellunopress.it\/2020\/01\/22\/costellazioni-pronti-partenza-spazio-domenica-pomeriggio-al-teatro-comunale-di-belluno-per-la-rassegna-comincio-dai-3\/"},"author":{"name":"redazione","@id":"https:\/\/www.bellunopress.it\/#\/schema\/person\/79bb06722b37ece1c03d3e94beb30d73"},"headline":"Costellazioni. Pronti, partenza&#8230;Spazio! Domenica pomeriggio al Teatro comunale di Belluno per la rassegna Comincio dai 3","datePublished":"2020-01-22T17:59:14+00:00","dateModified":"2020-01-28T21:44:27+00:00","mainEntityOfPage":{"@id":"https:\/\/www.bellunopress.it\/2020\/01\/22\/costellazioni-pronti-partenza-spazio-domenica-pomeriggio-al-teatro-comunale-di-belluno-per-la-rassegna-comincio-dai-3\/"},"wordCount":506,"publisher":{"@id":"https:\/\/www.bellunopress.it\/#organization"},"image":{"@id":"https:\/\/www.bellunopress.it\/2020\/01\/22\/costellazioni-pronti-partenza-spazio-domenica-pomeriggio-al-teatro-comunale-di-belluno-per-la-rassegna-comincio-dai-3\/#primaryimage"},"thumbnailUrl":"http:\/\/www.bellunopress.it\/wp-content\/uploads\/2019\/04\/teatro-comunale.jpg","articleSection":["Appuntamenti, Eventi","Arte, Cultura, Spettacoli, Scienza","Scuola"],"inLanguage":"fr-FR"},{"@type":"WebPage","@id":"https:\/\/www.bellunopress.it\/2020\/01\/22\/costellazioni-pronti-partenza-spazio-domenica-pomeriggio-al-teatro-comunale-di-belluno-per-la-rassegna-comincio-dai-3\/","url":"https:\/\/www.bellunopress.it\/2020\/01\/22\/costellazioni-pronti-partenza-spazio-domenica-pomeriggio-al-teatro-comunale-di-belluno-per-la-rassegna-comincio-dai-3\/","name":"Costellazioni. Pronti, partenza...Spazio! Domenica pomeriggio al Teatro comunale di Belluno per la rassegna Comincio dai 3 - Bellunopress - Dolomiti","isPartOf":{"@id":"https:\/\/www.bellunopress.it\/#website"},"primaryImageOfPage":{"@id":"https:\/\/www.bellunopress.it\/2020\/01\/22\/costellazioni-pronti-partenza-spazio-domenica-pomeriggio-al-teatro-comunale-di-belluno-per-la-rassegna-comincio-dai-3\/#primaryimage"},"image":{"@id":"https:\/\/www.bellunopress.it\/2020\/01\/22\/costellazioni-pronti-partenza-spazio-domenica-pomeriggio-al-teatro-comunale-di-belluno-per-la-rassegna-comincio-dai-3\/#primaryimage"},"thumbnailUrl":"http:\/\/www.bellunopress.it\/wp-content\/uploads\/2019\/04\/teatro-comunale.jpg","datePublished":"2020-01-22T17:59:14+00:00","dateModified":"2020-01-28T21:44:27+00:00","breadcrumb":{"@id":"https:\/\/www.bellunopress.it\/2020\/01\/22\/costellazioni-pronti-partenza-spazio-domenica-pomeriggio-al-teatro-comunale-di-belluno-per-la-rassegna-comincio-dai-3\/#breadcrumb"},"inLanguage":"fr-FR","potentialAction":[{"@type":"ReadAction","target":["https:\/\/www.bellunopress.it\/2020\/01\/22\/costellazioni-pronti-partenza-spazio-domenica-pomeriggio-al-teatro-comunale-di-belluno-per-la-rassegna-comincio-dai-3\/"]}]},{"@type":"ImageObject","inLanguage":"fr-FR","@id":"https:\/\/www.bellunopress.it\/2020\/01\/22\/costellazioni-pronti-partenza-spazio-domenica-pomeriggio-al-teatro-comunale-di-belluno-per-la-rassegna-comincio-dai-3\/#primaryimage","url":"http:\/\/www.bellunopress.it\/wp-content\/uploads\/2019\/04\/teatro-comunale.jpg","contentUrl":"http:\/\/www.bellunopress.it\/wp-content\/uploads\/2019\/04\/teatro-comunale.jpg"},{"@type":"BreadcrumbList","@id":"https:\/\/www.bellunopress.it\/2020\/01\/22\/costellazioni-pronti-partenza-spazio-domenica-pomeriggio-al-teatro-comunale-di-belluno-per-la-rassegna-comincio-dai-3\/#breadcrumb","itemListElement":[{"@type":"ListItem","position":1,"name":"Home","item":"https:\/\/www.bellunopress.it\/"},{"@type":"ListItem","position":2,"name":"Costellazioni. Pronti, partenza&#8230;Spazio! Domenica pomeriggio al Teatro comunale di Belluno per la rassegna Comincio dai 3"}]},{"@type":"WebSite","@id":"https:\/\/www.bellunopress.it\/#website","url":"https:\/\/www.bellunopress.it\/","name":"Bellunopress - Dolomiti","description":"e-mail: redazione@bellunopress.it","publisher":{"@id":"https:\/\/www.bellunopress.it\/#organization"},"potentialAction":[{"@type":"SearchAction","target":{"@type":"EntryPoint","urlTemplate":"https:\/\/www.bellunopress.it\/?s={search_term_string}"},"query-input":{"@type":"PropertyValueSpecification","valueRequired":true,"valueName":"search_term_string"}}],"inLanguage":"fr-FR"},{"@type":"Organization","@id":"https:\/\/www.bellunopress.it\/#organization","name":"Bellunopress","url":"https:\/\/www.bellunopress.it\/","logo":{"@type":"ImageObject","inLanguage":"fr-FR","@id":"https:\/\/www.bellunopress.it\/#\/schema\/logo\/image\/","url":"https:\/\/www.bellunopress.it\/wp-content\/uploads\/2011\/05\/cropped-logo-bellunopress-.jpg","contentUrl":"https:\/\/www.bellunopress.it\/wp-content\/uploads\/2011\/05\/cropped-logo-bellunopress-.jpg","width":512,"height":512,"caption":"Bellunopress"},"image":{"@id":"https:\/\/www.bellunopress.it\/#\/schema\/logo\/image\/"},"sameAs":["https:\/\/www.facebook.com\/profile.php?id=100008943462799","https:\/\/x.com\/bellunopress","https:\/\/www.linkedin.com\/hp\/?dnr=JBzUWaJfMUw8vbXJJ2tVW5-I3jZKvC4wsoxE&amp;amp;amp;amp;amp;amp;trk=nav_responsive_tab_home","https:\/\/www.youtube.com\/channel\/UCxL0wu1uN0_3_7hGG0306cw"]},{"@type":"Person","@id":"https:\/\/www.bellunopress.it\/#\/schema\/person\/79bb06722b37ece1c03d3e94beb30d73","name":"r\u00e9daction","image":{"@type":"ImageObject","inLanguage":"fr-FR","@id":"https:\/\/secure.gravatar.com\/avatar\/37d968a2e67a6fd04c169c4bdef102d0bc5d31b2546345219e348575eb80e9a0?s=96&d=mm&r=g","url":"https:\/\/secure.gravatar.com\/avatar\/37d968a2e67a6fd04c169c4bdef102d0bc5d31b2546345219e348575eb80e9a0?s=96&d=mm&r=g","contentUrl":"https:\/\/secure.gravatar.com\/avatar\/37d968a2e67a6fd04c169c4bdef102d0bc5d31b2546345219e348575eb80e9a0?s=96&d=mm&r=g","caption":"redazione"},"sameAs":["http:\/\/www.bellunopress.it","https:\/\/x.com\/bellunopress"],"url":"https:\/\/www.bellunopress.it\/fr\/author\/redazione\/"}]}},"_links":{"self":[{"href":"https:\/\/www.bellunopress.it\/fr\/wp-json\/wp\/v2\/posts\/111472","targetHints":{"allow":["GET"]}}],"collection":[{"href":"https:\/\/www.bellunopress.it\/fr\/wp-json\/wp\/v2\/posts"}],"about":[{"href":"https:\/\/www.bellunopress.it\/fr\/wp-json\/wp\/v2\/types\/post"}],"author":[{"embeddable":true,"href":"https:\/\/www.bellunopress.it\/fr\/wp-json\/wp\/v2\/users\/2"}],"replies":[{"embeddable":true,"href":"https:\/\/www.bellunopress.it\/fr\/wp-json\/wp\/v2\/comments?post=111472"}],"version-history":[{"count":1,"href":"https:\/\/www.bellunopress.it\/fr\/wp-json\/wp\/v2\/posts\/111472\/revisions"}],"predecessor-version":[{"id":111473,"href":"https:\/\/www.bellunopress.it\/fr\/wp-json\/wp\/v2\/posts\/111472\/revisions\/111473"}],"wp:attachment":[{"href":"https:\/\/www.bellunopress.it\/fr\/wp-json\/wp\/v2\/media?parent=111472"}],"wp:term":[{"taxonomy":"category","embeddable":true,"href":"https:\/\/www.bellunopress.it\/fr\/wp-json\/wp\/v2\/categories?post=111472"},{"taxonomy":"post_tag","embeddable":true,"href":"https:\/\/www.bellunopress.it\/fr\/wp-json\/wp\/v2\/tags?post=111472"}],"curies":[{"name":"wp","href":"https:\/\/api.w.org\/{rel}","templated":true}]}}