{"id":111470,"date":"2020-02-02T07:46:47","date_gmt":"2020-02-02T06:46:47","guid":{"rendered":"http:\/\/www.bellunopress.it\/?p=111470"},"modified":"2020-01-22T15:51:00","modified_gmt":"2020-01-22T14:51:00","slug":"il-jazz-dellunisono-arriva-in-tv-dal-4-febbraio-su-telebelluno-un-programma-tutto-dedicato-alla-musica","status":"publish","type":"post","link":"https:\/\/www.bellunopress.it\/fr\/2020\/02\/02\/il-jazz-dellunisono-arriva-in-tv-dal-4-febbraio-su-telebelluno-un-programma-tutto-dedicato-alla-musica\/","title":{"rendered":"Il jazz dell&#8217;Unisono arriva in tv. Dal 4 febbraio su Telebelluno un programma tutto dedicato alla musica"},"content":{"rendered":"<p>Unisono approda in tv. Marted\u00ec 4 febbraio prende il via &#8220;Jazz Time&#8221;, un programma tutto dedicato al jazz. Andr\u00e0 in onda nell&#8217;emittente televisiva Telebelluno, visibile in tutto il Veneto e in tutto il Friuli. Le puntate avranno cadenza settimanale, ogni marted\u00ec alle 20.50, e replica la domenica alle 22.25.<\/p>\n<p><a href=\"http:\/\/www.bellunopress.it\/fr\/2014\/11\/19\/giornata-per-leliminazione-della-violenza-contro-le-donne-giovedi-sera-allunisono-jazz-cafe-di-feltre-proiezione-con-cena\/unisono-jazz\/\" rel=\"attachment wp-att-64280\"><img loading=\"lazy\" decoding=\"async\" class=\"alignleft size-full wp-image-64280\" src=\"http:\/\/www.bellunopress.it\/wp-content\/uploads\/2014\/11\/unisono-jazz.jpg\" alt=\"\" width=\"290\" height=\"249\" \/><\/a>Il format. Circa 25 minuti di musica e interviste, per scoprire dall&#8217;interno come nasce l&#8217;ispirazione, cosa significa improvvisare su un palco e chi sono i grandi artisti della scena jazz contemporanea. Attraverso i live dell&#8217;Unisono verranno di volta in volta proposti musicisti e gruppi diversi, ripresi dallo studio di registrazione del jazzclub. Si alterneranno cos\u00ec parole e musica, in un format unico a livello nazionale pensato per restituire l&#8217;atmosfera suggestiva dei jazzclub, l&#8217;adrenalina del palco e il talento di musicisti che, solitamente, si possono ascoltare nei teatri delle grandi citt\u00e0.<\/p>\n<p>&#8220;Seguo la realt\u00e0 di Unisono da anni e la trovo eccellente \u2013 le parole del direttore di Telebelluno, Andrea Cecchella -. Progetti culturali come questo vanno sostenuti in tutti i modi possibili, tanto pi\u00f9 quando la qualit\u00e0 \u00e8 altissima e la proposta si rivolge a settori considerati di nicchia. L&#8217;obiettivo \u00e8 proprio scardinare questa convinzione, l&#8217;idea che il jazz sia un genere difficile e noioso, e avvicinare il pubblico al suo ascolto&#8221;.<\/p>\n<p>&#8220;Siamo estremamente orgogliosi della nostra prima serie tv \u2013 aggiunta entusiasta il direttore artistico di Unisono, Nicol\u00f2 Ferrari Bravo -. Il programma nasce in un club, un luogo fondamentale per ascoltare il jazz, quello che pi\u00f9 di altri restituisce l&#8217;emozione e l&#8217;interazione tra musicista e pubblico. Le persone sono un elemento determinante nel processo creativo del jazz e in nessun luogo quanto il jazz club si instaura questa speciale connessione. La serie mostra i musicisti dal vivo e attraverso le interviste fa emergere i loro aspetti pi\u00f9 umani e divertenti. Il filo conduttore \u00e8 la passione, questa \u00e8 una musica con una forte componente artigianale, che viene creata ogni giorno e ogni giorno nasce e muore l\u00ec, sul palco. Passione non solo dei musicisti ma anche del pubblico. Il nostro auspicio \u00e8 allargare questo pubblico, contagiare anche i giovani e far capire loro che ascoltare un concerto jazz dal vivo \u00e8 un&#8217;esperienza unica&#8221;.<\/p>\n<figure id=\"attachment_108260\" aria-describedby=\"caption-attachment-108260\" style=\"width: 300px\" class=\"wp-caption alignleft\"><a href=\"http:\/\/www.bellunopress.it\/fr\/2019\/09\/27\/le-18-sonate-di-shubert-domenica-ore-18-a-palazzo-guarnieri-di-feltre\/palazzo-guarnieri-feltre\/\" rel=\"attachment wp-att-108260\"><img loading=\"lazy\" decoding=\"async\" class=\"size-full wp-image-108260\" src=\"http:\/\/www.bellunopress.it\/wp-content\/uploads\/2019\/09\/Palazzo-Guarnieri-feltre.jpg\" alt=\"\" width=\"300\" height=\"179\" \/><\/a><figcaption id=\"caption-attachment-108260\" class=\"wp-caption-text\">Palazzo Guarnieri &#8211; Feltre<\/figcaption><\/figure>\n<p>Il Centro di Musica Unisono \u00e8 nato 21 anni fa a Feltre. Ha sede a Palazzo Guarnieri, un antico edificio del 1500 in piazza Maggiore, nel cuore del centro storico. Propone ogni anno una ricca stagione di concerti jazz di richiamo extra regionale grazie ai nomi in cartellone, sempre artisti importanti sulla scena nazionale e internazionale. Ma non solo, coltiva la passione dei giovani per la musica con i corsi di strumento e di canto della scuola, e propone percorsi formativi con professionisti del settore, come &#8220;Sommelier della musica&#8221; tenuto dal direttore di &#8220;Jazzit&#8221; Luciano Vanni. Da qualche anno Unisono \u00e8 anche studio di registrazione. Diversi sono i live recording di jazz e classica gi\u00e0 realizzati e lo studio \u00e8 presente anche nei principali festival jazz italiani.<\/p>\n<p>Fuori provincia Telebelluno si trova sul canale 185. Il lancio del format \u00e8 visibile sui canali social del Centro di Musica Unisono e su quelli dell&#8217;emittente a partire da questa sera.<\/p>","protected":false},"excerpt":{"rendered":"<p>Unisono approda in tv. Marted\u00ec 4 febbraio prende il via &#8220;Jazz Time&#8221;, un programma tutto dedicato al jazz. Andr\u00e0 in onda nell&#8217;emittente televisiva Telebelluno, visibile in tutto il Veneto e in tutto il Friuli. Le puntate avranno cadenza settimanale, ogni marted\u00ec alle 20.50, e replica la domenica alle 22.25. Il format. Circa 25 minuti di [&hellip;]<\/p>\n","protected":false},"author":2,"featured_media":0,"comment_status":"closed","ping_status":"open","sticky":false,"template":"","format":"standard","meta":{"footnotes":""},"categories":[27,3,25],"tags":[],"class_list":["post-111470","post","type-post","status-publish","format-standard","category-appuntamenti","category-arte-cultura-spettacoli-scienza-archivi","category-pausa-caffe"],"yoast_head":"<!-- This site is optimized with the Yoast SEO plugin v28.4 - https:\/\/yoast.com\/product\/yoast-seo-wordpress\/ -->\n<title>Il jazz dell&#039;Unisono arriva in tv. Dal 4 febbraio su Telebelluno un programma tutto dedicato alla musica - Bellunopress - Dolomiti<\/title>\n<meta name=\"robots\" content=\"index, follow, max-snippet:-1, max-image-preview:large, max-video-preview:-1\" \/>\n<link rel=\"canonical\" href=\"https:\/\/www.bellunopress.it\/fr\/2020\/02\/02\/il-jazz-dellunisono-arriva-in-tv-dal-4-febbraio-su-telebelluno-un-programma-tutto-dedicato-alla-musica\/\" \/>\n<meta property=\"og:locale\" content=\"fr_FR\" \/>\n<meta property=\"og:type\" content=\"article\" \/>\n<meta property=\"og:title\" content=\"Il jazz dell&#039;Unisono arriva in tv. Dal 4 febbraio su Telebelluno un programma tutto dedicato alla musica - Bellunopress - Dolomiti\" \/>\n<meta property=\"og:description\" content=\"Unisono approda in tv. Marted\u00ec 4 febbraio prende il via &#8220;Jazz Time&#8221;, un programma tutto dedicato al jazz. Andr\u00e0 in onda nell&#8217;emittente televisiva Telebelluno, visibile in tutto il Veneto e in tutto il Friuli. Le puntate avranno cadenza settimanale, ogni marted\u00ec alle 20.50, e replica la domenica alle 22.25. Il format. Circa 25 minuti di [&hellip;]\" \/>\n<meta property=\"og:url\" content=\"https:\/\/www.bellunopress.it\/fr\/2020\/02\/02\/il-jazz-dellunisono-arriva-in-tv-dal-4-febbraio-su-telebelluno-un-programma-tutto-dedicato-alla-musica\/\" \/>\n<meta property=\"og:site_name\" content=\"Bellunopress - Dolomiti\" \/>\n<meta property=\"article:publisher\" content=\"https:\/\/www.facebook.com\/profile.php?id=100008943462799\" \/>\n<meta property=\"article:published_time\" content=\"2020-02-02T06:46:47+00:00\" \/>\n<meta property=\"og:image\" content=\"http:\/\/www.bellunopress.it\/wp-content\/uploads\/2014\/11\/unisono-jazz.jpg\" \/>\n<meta name=\"author\" content=\"redazione\" \/>\n<meta name=\"twitter:card\" content=\"summary_large_image\" \/>\n<meta name=\"twitter:creator\" content=\"@bellunopress\" \/>\n<meta name=\"twitter:site\" content=\"@bellunopress\" \/>\n<meta name=\"twitter:label1\" content=\"\u00c9crit par\" \/>\n\t<meta name=\"twitter:data1\" content=\"redazione\" \/>\n\t<meta name=\"twitter:label2\" content=\"Dur\u00e9e de lecture estim\u00e9e\" \/>\n\t<meta name=\"twitter:data2\" content=\"3 minutes\" \/>\n<script type=\"application\/ld+json\" class=\"yoast-schema-graph\">{\"@context\":\"https:\\\/\\\/schema.org\",\"@graph\":[{\"@type\":\"Article\",\"@id\":\"https:\\\/\\\/www.bellunopress.it\\\/2020\\\/02\\\/02\\\/il-jazz-dellunisono-arriva-in-tv-dal-4-febbraio-su-telebelluno-un-programma-tutto-dedicato-alla-musica\\\/#article\",\"isPartOf\":{\"@id\":\"https:\\\/\\\/www.bellunopress.it\\\/2020\\\/02\\\/02\\\/il-jazz-dellunisono-arriva-in-tv-dal-4-febbraio-su-telebelluno-un-programma-tutto-dedicato-alla-musica\\\/\"},\"author\":{\"name\":\"redazione\",\"@id\":\"https:\\\/\\\/www.bellunopress.it\\\/#\\\/schema\\\/person\\\/79bb06722b37ece1c03d3e94beb30d73\"},\"headline\":\"Il jazz dell&#8217;Unisono arriva in tv. Dal 4 febbraio su Telebelluno un programma tutto dedicato alla musica\",\"datePublished\":\"2020-02-02T06:46:47+00:00\",\"mainEntityOfPage\":{\"@id\":\"https:\\\/\\\/www.bellunopress.it\\\/2020\\\/02\\\/02\\\/il-jazz-dellunisono-arriva-in-tv-dal-4-febbraio-su-telebelluno-un-programma-tutto-dedicato-alla-musica\\\/\"},\"wordCount\":543,\"publisher\":{\"@id\":\"https:\\\/\\\/www.bellunopress.it\\\/#organization\"},\"image\":{\"@id\":\"https:\\\/\\\/www.bellunopress.it\\\/2020\\\/02\\\/02\\\/il-jazz-dellunisono-arriva-in-tv-dal-4-febbraio-su-telebelluno-un-programma-tutto-dedicato-alla-musica\\\/#primaryimage\"},\"thumbnailUrl\":\"http:\\\/\\\/www.bellunopress.it\\\/wp-content\\\/uploads\\\/2014\\\/11\\\/unisono-jazz.jpg\",\"articleSection\":[\"Appuntamenti, Eventi\",\"Arte, Cultura, Spettacoli, Scienza\",\"Pausa Caff\u00e8\"],\"inLanguage\":\"fr-FR\"},{\"@type\":\"WebPage\",\"@id\":\"https:\\\/\\\/www.bellunopress.it\\\/2020\\\/02\\\/02\\\/il-jazz-dellunisono-arriva-in-tv-dal-4-febbraio-su-telebelluno-un-programma-tutto-dedicato-alla-musica\\\/\",\"url\":\"https:\\\/\\\/www.bellunopress.it\\\/2020\\\/02\\\/02\\\/il-jazz-dellunisono-arriva-in-tv-dal-4-febbraio-su-telebelluno-un-programma-tutto-dedicato-alla-musica\\\/\",\"name\":\"Il jazz dell'Unisono arriva in tv. Dal 4 febbraio su Telebelluno un programma tutto dedicato alla musica - Bellunopress - Dolomiti\",\"isPartOf\":{\"@id\":\"https:\\\/\\\/www.bellunopress.it\\\/#website\"},\"primaryImageOfPage\":{\"@id\":\"https:\\\/\\\/www.bellunopress.it\\\/2020\\\/02\\\/02\\\/il-jazz-dellunisono-arriva-in-tv-dal-4-febbraio-su-telebelluno-un-programma-tutto-dedicato-alla-musica\\\/#primaryimage\"},\"image\":{\"@id\":\"https:\\\/\\\/www.bellunopress.it\\\/2020\\\/02\\\/02\\\/il-jazz-dellunisono-arriva-in-tv-dal-4-febbraio-su-telebelluno-un-programma-tutto-dedicato-alla-musica\\\/#primaryimage\"},\"thumbnailUrl\":\"http:\\\/\\\/www.bellunopress.it\\\/wp-content\\\/uploads\\\/2014\\\/11\\\/unisono-jazz.jpg\",\"datePublished\":\"2020-02-02T06:46:47+00:00\",\"breadcrumb\":{\"@id\":\"https:\\\/\\\/www.bellunopress.it\\\/2020\\\/02\\\/02\\\/il-jazz-dellunisono-arriva-in-tv-dal-4-febbraio-su-telebelluno-un-programma-tutto-dedicato-alla-musica\\\/#breadcrumb\"},\"inLanguage\":\"fr-FR\",\"potentialAction\":[{\"@type\":\"ReadAction\",\"target\":[\"https:\\\/\\\/www.bellunopress.it\\\/2020\\\/02\\\/02\\\/il-jazz-dellunisono-arriva-in-tv-dal-4-febbraio-su-telebelluno-un-programma-tutto-dedicato-alla-musica\\\/\"]}]},{\"@type\":\"ImageObject\",\"inLanguage\":\"fr-FR\",\"@id\":\"https:\\\/\\\/www.bellunopress.it\\\/2020\\\/02\\\/02\\\/il-jazz-dellunisono-arriva-in-tv-dal-4-febbraio-su-telebelluno-un-programma-tutto-dedicato-alla-musica\\\/#primaryimage\",\"url\":\"http:\\\/\\\/www.bellunopress.it\\\/wp-content\\\/uploads\\\/2014\\\/11\\\/unisono-jazz.jpg\",\"contentUrl\":\"http:\\\/\\\/www.bellunopress.it\\\/wp-content\\\/uploads\\\/2014\\\/11\\\/unisono-jazz.jpg\"},{\"@type\":\"BreadcrumbList\",\"@id\":\"https:\\\/\\\/www.bellunopress.it\\\/2020\\\/02\\\/02\\\/il-jazz-dellunisono-arriva-in-tv-dal-4-febbraio-su-telebelluno-un-programma-tutto-dedicato-alla-musica\\\/#breadcrumb\",\"itemListElement\":[{\"@type\":\"ListItem\",\"position\":1,\"name\":\"Home\",\"item\":\"https:\\\/\\\/www.bellunopress.it\\\/\"},{\"@type\":\"ListItem\",\"position\":2,\"name\":\"Il jazz dell&#8217;Unisono arriva in tv. Dal 4 febbraio su Telebelluno un programma tutto dedicato alla musica\"}]},{\"@type\":\"WebSite\",\"@id\":\"https:\\\/\\\/www.bellunopress.it\\\/#website\",\"url\":\"https:\\\/\\\/www.bellunopress.it\\\/\",\"name\":\"Bellunopress - Dolomiti\",\"description\":\"e-mail: redazione@bellunopress.it\",\"publisher\":{\"@id\":\"https:\\\/\\\/www.bellunopress.it\\\/#organization\"},\"potentialAction\":[{\"@type\":\"SearchAction\",\"target\":{\"@type\":\"EntryPoint\",\"urlTemplate\":\"https:\\\/\\\/www.bellunopress.it\\\/?s={search_term_string}\"},\"query-input\":{\"@type\":\"PropertyValueSpecification\",\"valueRequired\":true,\"valueName\":\"search_term_string\"}}],\"inLanguage\":\"fr-FR\"},{\"@type\":\"Organization\",\"@id\":\"https:\\\/\\\/www.bellunopress.it\\\/#organization\",\"name\":\"Bellunopress\",\"url\":\"https:\\\/\\\/www.bellunopress.it\\\/\",\"logo\":{\"@type\":\"ImageObject\",\"inLanguage\":\"fr-FR\",\"@id\":\"https:\\\/\\\/www.bellunopress.it\\\/#\\\/schema\\\/logo\\\/image\\\/\",\"url\":\"https:\\\/\\\/www.bellunopress.it\\\/wp-content\\\/uploads\\\/2011\\\/05\\\/cropped-logo-bellunopress-.jpg\",\"contentUrl\":\"https:\\\/\\\/www.bellunopress.it\\\/wp-content\\\/uploads\\\/2011\\\/05\\\/cropped-logo-bellunopress-.jpg\",\"width\":512,\"height\":512,\"caption\":\"Bellunopress\"},\"image\":{\"@id\":\"https:\\\/\\\/www.bellunopress.it\\\/#\\\/schema\\\/logo\\\/image\\\/\"},\"sameAs\":[\"https:\\\/\\\/www.facebook.com\\\/profile.php?id=100008943462799\",\"https:\\\/\\\/x.com\\\/bellunopress\",\"https:\\\/\\\/www.linkedin.com\\\/hp\\\/?dnr=JBzUWaJfMUw8vbXJJ2tVW5-I3jZKvC4wsoxE&amp;amp;amp;amp;amp;amp;trk=nav_responsive_tab_home\",\"https:\\\/\\\/www.youtube.com\\\/channel\\\/UCxL0wu1uN0_3_7hGG0306cw\"]},{\"@type\":\"Person\",\"@id\":\"https:\\\/\\\/www.bellunopress.it\\\/#\\\/schema\\\/person\\\/79bb06722b37ece1c03d3e94beb30d73\",\"name\":\"redazione\",\"image\":{\"@type\":\"ImageObject\",\"inLanguage\":\"fr-FR\",\"@id\":\"https:\\\/\\\/secure.gravatar.com\\\/avatar\\\/37d968a2e67a6fd04c169c4bdef102d0bc5d31b2546345219e348575eb80e9a0?s=96&d=mm&r=g\",\"url\":\"https:\\\/\\\/secure.gravatar.com\\\/avatar\\\/37d968a2e67a6fd04c169c4bdef102d0bc5d31b2546345219e348575eb80e9a0?s=96&d=mm&r=g\",\"contentUrl\":\"https:\\\/\\\/secure.gravatar.com\\\/avatar\\\/37d968a2e67a6fd04c169c4bdef102d0bc5d31b2546345219e348575eb80e9a0?s=96&d=mm&r=g\",\"caption\":\"redazione\"},\"sameAs\":[\"http:\\\/\\\/www.bellunopress.it\",\"https:\\\/\\\/x.com\\\/bellunopress\"],\"url\":\"https:\\\/\\\/www.bellunopress.it\\\/fr\\\/author\\\/redazione\\\/\"}]}<\/script>\n<!-- \/ Yoast SEO plugin. -->","yoast_head_json":{"title":"Il jazz dell'Unisono arriva in tv. Dal 4 febbraio su Telebelluno un programma tutto dedicato alla musica - Bellunopress - Dolomiti","robots":{"index":"index","follow":"follow","max-snippet":"max-snippet:-1","max-image-preview":"max-image-preview:large","max-video-preview":"max-video-preview:-1"},"canonical":"https:\/\/www.bellunopress.it\/fr\/2020\/02\/02\/il-jazz-dellunisono-arriva-in-tv-dal-4-febbraio-su-telebelluno-un-programma-tutto-dedicato-alla-musica\/","og_locale":"fr_FR","og_type":"article","og_title":"Il jazz dell'Unisono arriva in tv. Dal 4 febbraio su Telebelluno un programma tutto dedicato alla musica - Bellunopress - Dolomiti","og_description":"Unisono approda in tv. Marted\u00ec 4 febbraio prende il via &#8220;Jazz Time&#8221;, un programma tutto dedicato al jazz. Andr\u00e0 in onda nell&#8217;emittente televisiva Telebelluno, visibile in tutto il Veneto e in tutto il Friuli. Le puntate avranno cadenza settimanale, ogni marted\u00ec alle 20.50, e replica la domenica alle 22.25. Il format. Circa 25 minuti di [&hellip;]","og_url":"https:\/\/www.bellunopress.it\/fr\/2020\/02\/02\/il-jazz-dellunisono-arriva-in-tv-dal-4-febbraio-su-telebelluno-un-programma-tutto-dedicato-alla-musica\/","og_site_name":"Bellunopress - Dolomiti","article_publisher":"https:\/\/www.facebook.com\/profile.php?id=100008943462799","article_published_time":"2020-02-02T06:46:47+00:00","og_image":[{"url":"http:\/\/www.bellunopress.it\/wp-content\/uploads\/2014\/11\/unisono-jazz.jpg","type":"","width":"","height":""}],"author":"redazione","twitter_card":"summary_large_image","twitter_creator":"@bellunopress","twitter_site":"@bellunopress","twitter_misc":{"\u00c9crit par":"redazione","Dur\u00e9e de lecture estim\u00e9e":"3 minutes"},"schema":{"@context":"https:\/\/schema.org","@graph":[{"@type":"Article","@id":"https:\/\/www.bellunopress.it\/2020\/02\/02\/il-jazz-dellunisono-arriva-in-tv-dal-4-febbraio-su-telebelluno-un-programma-tutto-dedicato-alla-musica\/#article","isPartOf":{"@id":"https:\/\/www.bellunopress.it\/2020\/02\/02\/il-jazz-dellunisono-arriva-in-tv-dal-4-febbraio-su-telebelluno-un-programma-tutto-dedicato-alla-musica\/"},"author":{"name":"redazione","@id":"https:\/\/www.bellunopress.it\/#\/schema\/person\/79bb06722b37ece1c03d3e94beb30d73"},"headline":"Il jazz dell&#8217;Unisono arriva in tv. Dal 4 febbraio su Telebelluno un programma tutto dedicato alla musica","datePublished":"2020-02-02T06:46:47+00:00","mainEntityOfPage":{"@id":"https:\/\/www.bellunopress.it\/2020\/02\/02\/il-jazz-dellunisono-arriva-in-tv-dal-4-febbraio-su-telebelluno-un-programma-tutto-dedicato-alla-musica\/"},"wordCount":543,"publisher":{"@id":"https:\/\/www.bellunopress.it\/#organization"},"image":{"@id":"https:\/\/www.bellunopress.it\/2020\/02\/02\/il-jazz-dellunisono-arriva-in-tv-dal-4-febbraio-su-telebelluno-un-programma-tutto-dedicato-alla-musica\/#primaryimage"},"thumbnailUrl":"http:\/\/www.bellunopress.it\/wp-content\/uploads\/2014\/11\/unisono-jazz.jpg","articleSection":["Appuntamenti, Eventi","Arte, Cultura, Spettacoli, Scienza","Pausa Caff\u00e8"],"inLanguage":"fr-FR"},{"@type":"WebPage","@id":"https:\/\/www.bellunopress.it\/2020\/02\/02\/il-jazz-dellunisono-arriva-in-tv-dal-4-febbraio-su-telebelluno-un-programma-tutto-dedicato-alla-musica\/","url":"https:\/\/www.bellunopress.it\/2020\/02\/02\/il-jazz-dellunisono-arriva-in-tv-dal-4-febbraio-su-telebelluno-un-programma-tutto-dedicato-alla-musica\/","name":"Il jazz dell'Unisono arriva in tv. Dal 4 febbraio su Telebelluno un programma tutto dedicato alla musica - Bellunopress - Dolomiti","isPartOf":{"@id":"https:\/\/www.bellunopress.it\/#website"},"primaryImageOfPage":{"@id":"https:\/\/www.bellunopress.it\/2020\/02\/02\/il-jazz-dellunisono-arriva-in-tv-dal-4-febbraio-su-telebelluno-un-programma-tutto-dedicato-alla-musica\/#primaryimage"},"image":{"@id":"https:\/\/www.bellunopress.it\/2020\/02\/02\/il-jazz-dellunisono-arriva-in-tv-dal-4-febbraio-su-telebelluno-un-programma-tutto-dedicato-alla-musica\/#primaryimage"},"thumbnailUrl":"http:\/\/www.bellunopress.it\/wp-content\/uploads\/2014\/11\/unisono-jazz.jpg","datePublished":"2020-02-02T06:46:47+00:00","breadcrumb":{"@id":"https:\/\/www.bellunopress.it\/2020\/02\/02\/il-jazz-dellunisono-arriva-in-tv-dal-4-febbraio-su-telebelluno-un-programma-tutto-dedicato-alla-musica\/#breadcrumb"},"inLanguage":"fr-FR","potentialAction":[{"@type":"ReadAction","target":["https:\/\/www.bellunopress.it\/2020\/02\/02\/il-jazz-dellunisono-arriva-in-tv-dal-4-febbraio-su-telebelluno-un-programma-tutto-dedicato-alla-musica\/"]}]},{"@type":"ImageObject","inLanguage":"fr-FR","@id":"https:\/\/www.bellunopress.it\/2020\/02\/02\/il-jazz-dellunisono-arriva-in-tv-dal-4-febbraio-su-telebelluno-un-programma-tutto-dedicato-alla-musica\/#primaryimage","url":"http:\/\/www.bellunopress.it\/wp-content\/uploads\/2014\/11\/unisono-jazz.jpg","contentUrl":"http:\/\/www.bellunopress.it\/wp-content\/uploads\/2014\/11\/unisono-jazz.jpg"},{"@type":"BreadcrumbList","@id":"https:\/\/www.bellunopress.it\/2020\/02\/02\/il-jazz-dellunisono-arriva-in-tv-dal-4-febbraio-su-telebelluno-un-programma-tutto-dedicato-alla-musica\/#breadcrumb","itemListElement":[{"@type":"ListItem","position":1,"name":"Home","item":"https:\/\/www.bellunopress.it\/"},{"@type":"ListItem","position":2,"name":"Il jazz dell&#8217;Unisono arriva in tv. Dal 4 febbraio su Telebelluno un programma tutto dedicato alla musica"}]},{"@type":"WebSite","@id":"https:\/\/www.bellunopress.it\/#website","url":"https:\/\/www.bellunopress.it\/","name":"Bellunopress - Dolomiti","description":"e-mail: redazione@bellunopress.it","publisher":{"@id":"https:\/\/www.bellunopress.it\/#organization"},"potentialAction":[{"@type":"SearchAction","target":{"@type":"EntryPoint","urlTemplate":"https:\/\/www.bellunopress.it\/?s={search_term_string}"},"query-input":{"@type":"PropertyValueSpecification","valueRequired":true,"valueName":"search_term_string"}}],"inLanguage":"fr-FR"},{"@type":"Organization","@id":"https:\/\/www.bellunopress.it\/#organization","name":"Bellunopress","url":"https:\/\/www.bellunopress.it\/","logo":{"@type":"ImageObject","inLanguage":"fr-FR","@id":"https:\/\/www.bellunopress.it\/#\/schema\/logo\/image\/","url":"https:\/\/www.bellunopress.it\/wp-content\/uploads\/2011\/05\/cropped-logo-bellunopress-.jpg","contentUrl":"https:\/\/www.bellunopress.it\/wp-content\/uploads\/2011\/05\/cropped-logo-bellunopress-.jpg","width":512,"height":512,"caption":"Bellunopress"},"image":{"@id":"https:\/\/www.bellunopress.it\/#\/schema\/logo\/image\/"},"sameAs":["https:\/\/www.facebook.com\/profile.php?id=100008943462799","https:\/\/x.com\/bellunopress","https:\/\/www.linkedin.com\/hp\/?dnr=JBzUWaJfMUw8vbXJJ2tVW5-I3jZKvC4wsoxE&amp;amp;amp;amp;amp;amp;trk=nav_responsive_tab_home","https:\/\/www.youtube.com\/channel\/UCxL0wu1uN0_3_7hGG0306cw"]},{"@type":"Person","@id":"https:\/\/www.bellunopress.it\/#\/schema\/person\/79bb06722b37ece1c03d3e94beb30d73","name":"r\u00e9daction","image":{"@type":"ImageObject","inLanguage":"fr-FR","@id":"https:\/\/secure.gravatar.com\/avatar\/37d968a2e67a6fd04c169c4bdef102d0bc5d31b2546345219e348575eb80e9a0?s=96&d=mm&r=g","url":"https:\/\/secure.gravatar.com\/avatar\/37d968a2e67a6fd04c169c4bdef102d0bc5d31b2546345219e348575eb80e9a0?s=96&d=mm&r=g","contentUrl":"https:\/\/secure.gravatar.com\/avatar\/37d968a2e67a6fd04c169c4bdef102d0bc5d31b2546345219e348575eb80e9a0?s=96&d=mm&r=g","caption":"redazione"},"sameAs":["http:\/\/www.bellunopress.it","https:\/\/x.com\/bellunopress"],"url":"https:\/\/www.bellunopress.it\/fr\/author\/redazione\/"}]}},"_links":{"self":[{"href":"https:\/\/www.bellunopress.it\/fr\/wp-json\/wp\/v2\/posts\/111470","targetHints":{"allow":["GET"]}}],"collection":[{"href":"https:\/\/www.bellunopress.it\/fr\/wp-json\/wp\/v2\/posts"}],"about":[{"href":"https:\/\/www.bellunopress.it\/fr\/wp-json\/wp\/v2\/types\/post"}],"author":[{"embeddable":true,"href":"https:\/\/www.bellunopress.it\/fr\/wp-json\/wp\/v2\/users\/2"}],"replies":[{"embeddable":true,"href":"https:\/\/www.bellunopress.it\/fr\/wp-json\/wp\/v2\/comments?post=111470"}],"version-history":[{"count":1,"href":"https:\/\/www.bellunopress.it\/fr\/wp-json\/wp\/v2\/posts\/111470\/revisions"}],"predecessor-version":[{"id":111471,"href":"https:\/\/www.bellunopress.it\/fr\/wp-json\/wp\/v2\/posts\/111470\/revisions\/111471"}],"wp:attachment":[{"href":"https:\/\/www.bellunopress.it\/fr\/wp-json\/wp\/v2\/media?parent=111470"}],"wp:term":[{"taxonomy":"category","embeddable":true,"href":"https:\/\/www.bellunopress.it\/fr\/wp-json\/wp\/v2\/categories?post=111470"},{"taxonomy":"post_tag","embeddable":true,"href":"https:\/\/www.bellunopress.it\/fr\/wp-json\/wp\/v2\/tags?post=111470"}],"curies":[{"name":"wp","href":"https:\/\/api.w.org\/{rel}","templated":true}]}}