{"id":111456,"date":"2020-01-21T22:35:04","date_gmt":"2020-01-21T21:35:04","guid":{"rendered":"http:\/\/www.bellunopress.it\/?p=111456"},"modified":"2020-01-21T22:35:05","modified_gmt":"2020-01-21T21:35:05","slug":"difetti-speciali-di-fabio-puletti-e-claudio-rossi-sabato-linaugurazione-allocragialla-faber-di-conegliano","status":"publish","type":"post","link":"https:\/\/www.bellunopress.it\/fr\/2020\/01\/21\/difetti-speciali-di-fabio-puletti-e-claudio-rossi-sabato-linaugurazione-allocragialla-faber-di-conegliano\/","title":{"rendered":"\u201cDifetti Speciali\u201d di Fabio Puletti e Claudio Rossi. Sabato l&#8217;inaugurazione all&#8217;Ocragialla Faber di Conegliano"},"content":{"rendered":"<p>Due artisti bellunesi all\u2019Ocragialla Faber in via Ongaro 44 in centro di Conegliano. Sabato 25 gennaio alle ore 18.30 avr\u00e0 luogo l&#8217;inaugurazione di \u201cDifetti speciali\u201d la mostra di Fabio Puletti e Claudio Rossi, con i loro pi\u00f9 recenti lavori.<br \/>\n<a href=\"http:\/\/www.bellunopress.it\/fr\/2020\/01\/21\/difetti-speciali-di-fabio-puletti-e-claudio-rossi-sabato-linaugurazione-allocragialla-faber-di-conegliano\/puletti-e-rossi-mostra-conegliano\/\" rel=\"attachment wp-att-111457\"><img loading=\"lazy\" decoding=\"async\" class=\"alignleft size-full wp-image-111457\" src=\"http:\/\/www.bellunopress.it\/wp-content\/uploads\/2020\/01\/Puletti-e-Rossi-mostra-conegliano.jpg\" alt=\"\" width=\"300\" height=\"300\" \/><\/a>Fabio Puletti, percorrendo con sapienza i linguaggi della modernit\u00e0 pi\u00f9 attuale, ricerca un proprio mondo, una conoscenza di se stesso, profonda, che vuol essere universale.<br \/>\nClaudio Rossi, attratto dai segni della popolare arte, offre le sue immagini ironiche e colorate, in un dialogo creativo con lo spettatore.<br \/>\nEntrambi , datati nell\u2019approccio alla tecnica digitale dominante, ne avvertono le potenzialit\u00e0 ed il fascino, ma non ne colgono i pervasivi meccanismi. A debita distanza, l\u2019arte li difende, nella ricca raccolta di difetti speciali.<\/p>\n<p>La mostra si pu\u00f2 visitare fino al 22 febbraio nei giorni di venerd\u00ec, sabato e domenica dalle ore 16.00 alle 19.00<\/p>","protected":false},"excerpt":{"rendered":"<p>Due artisti bellunesi all\u2019Ocragialla Faber in via Ongaro 44 in centro di Conegliano. Sabato 25 gennaio alle ore 18.30 avr\u00e0 luogo l&#8217;inaugurazione di \u201cDifetti speciali\u201d la mostra di Fabio Puletti e Claudio Rossi, con i loro pi\u00f9 recenti lavori. Fabio Puletti, percorrendo con sapienza i linguaggi della modernit\u00e0 pi\u00f9 attuale, ricerca un proprio mondo, una [&hellip;]<\/p>\n","protected":false},"author":2,"featured_media":0,"comment_status":"closed","ping_status":"open","sticky":false,"template":"","format":"standard","meta":{"footnotes":""},"categories":[27,3,25],"tags":[],"class_list":["post-111456","post","type-post","status-publish","format-standard","category-appuntamenti","category-arte-cultura-spettacoli-scienza-archivi","category-pausa-caffe"],"yoast_head":"<!-- This site is optimized with the Yoast SEO plugin v28.4 - https:\/\/yoast.com\/product\/yoast-seo-wordpress\/ -->\n<title>\u201cDifetti Speciali\u201d di Fabio Puletti e Claudio Rossi. Sabato l&#039;inaugurazione all&#039;Ocragialla Faber di Conegliano - Bellunopress - Dolomiti<\/title>\n<meta name=\"robots\" content=\"index, follow, max-snippet:-1, max-image-preview:large, max-video-preview:-1\" \/>\n<link rel=\"canonical\" href=\"https:\/\/www.bellunopress.it\/fr\/2020\/01\/21\/difetti-speciali-di-fabio-puletti-e-claudio-rossi-sabato-linaugurazione-allocragialla-faber-di-conegliano\/\" \/>\n<meta property=\"og:locale\" content=\"fr_FR\" \/>\n<meta property=\"og:type\" content=\"article\" \/>\n<meta property=\"og:title\" content=\"\u201cDifetti Speciali\u201d di Fabio Puletti e Claudio Rossi. Sabato l&#039;inaugurazione all&#039;Ocragialla Faber di Conegliano - Bellunopress - Dolomiti\" \/>\n<meta property=\"og:description\" content=\"Due artisti bellunesi all\u2019Ocragialla Faber in via Ongaro 44 in centro di Conegliano. Sabato 25 gennaio alle ore 18.30 avr\u00e0 luogo l&#8217;inaugurazione di \u201cDifetti speciali\u201d la mostra di Fabio Puletti e Claudio Rossi, con i loro pi\u00f9 recenti lavori. Fabio Puletti, percorrendo con sapienza i linguaggi della modernit\u00e0 pi\u00f9 attuale, ricerca un proprio mondo, una [&hellip;]\" \/>\n<meta property=\"og:url\" content=\"https:\/\/www.bellunopress.it\/fr\/2020\/01\/21\/difetti-speciali-di-fabio-puletti-e-claudio-rossi-sabato-linaugurazione-allocragialla-faber-di-conegliano\/\" \/>\n<meta property=\"og:site_name\" content=\"Bellunopress - Dolomiti\" \/>\n<meta property=\"article:publisher\" content=\"https:\/\/www.facebook.com\/profile.php?id=100008943462799\" \/>\n<meta property=\"article:published_time\" content=\"2020-01-21T21:35:04+00:00\" \/>\n<meta property=\"article:modified_time\" content=\"2020-01-21T21:35:05+00:00\" \/>\n<meta property=\"og:image\" content=\"http:\/\/www.bellunopress.it\/wp-content\/uploads\/2020\/01\/Puletti-e-Rossi-mostra-conegliano.jpg\" \/>\n<meta name=\"author\" content=\"redazione\" \/>\n<meta name=\"twitter:card\" content=\"summary_large_image\" \/>\n<meta name=\"twitter:creator\" content=\"@bellunopress\" \/>\n<meta name=\"twitter:site\" content=\"@bellunopress\" \/>\n<meta name=\"twitter:label1\" content=\"\u00c9crit par\" \/>\n\t<meta name=\"twitter:data1\" content=\"redazione\" \/>\n\t<meta name=\"twitter:label2\" content=\"Dur\u00e9e de lecture estim\u00e9e\" \/>\n\t<meta name=\"twitter:data2\" content=\"1 minute\" \/>\n<script type=\"application\/ld+json\" class=\"yoast-schema-graph\">{\"@context\":\"https:\\\/\\\/schema.org\",\"@graph\":[{\"@type\":\"Article\",\"@id\":\"https:\\\/\\\/www.bellunopress.it\\\/2020\\\/01\\\/21\\\/difetti-speciali-di-fabio-puletti-e-claudio-rossi-sabato-linaugurazione-allocragialla-faber-di-conegliano\\\/#article\",\"isPartOf\":{\"@id\":\"https:\\\/\\\/www.bellunopress.it\\\/2020\\\/01\\\/21\\\/difetti-speciali-di-fabio-puletti-e-claudio-rossi-sabato-linaugurazione-allocragialla-faber-di-conegliano\\\/\"},\"author\":{\"name\":\"redazione\",\"@id\":\"https:\\\/\\\/www.bellunopress.it\\\/#\\\/schema\\\/person\\\/79bb06722b37ece1c03d3e94beb30d73\"},\"headline\":\"\u201cDifetti Speciali\u201d di Fabio Puletti e Claudio Rossi. Sabato l&#8217;inaugurazione all&#8217;Ocragialla Faber di Conegliano\",\"datePublished\":\"2020-01-21T21:35:04+00:00\",\"dateModified\":\"2020-01-21T21:35:05+00:00\",\"mainEntityOfPage\":{\"@id\":\"https:\\\/\\\/www.bellunopress.it\\\/2020\\\/01\\\/21\\\/difetti-speciali-di-fabio-puletti-e-claudio-rossi-sabato-linaugurazione-allocragialla-faber-di-conegliano\\\/\"},\"wordCount\":154,\"publisher\":{\"@id\":\"https:\\\/\\\/www.bellunopress.it\\\/#organization\"},\"image\":{\"@id\":\"https:\\\/\\\/www.bellunopress.it\\\/2020\\\/01\\\/21\\\/difetti-speciali-di-fabio-puletti-e-claudio-rossi-sabato-linaugurazione-allocragialla-faber-di-conegliano\\\/#primaryimage\"},\"thumbnailUrl\":\"http:\\\/\\\/www.bellunopress.it\\\/wp-content\\\/uploads\\\/2020\\\/01\\\/Puletti-e-Rossi-mostra-conegliano.jpg\",\"articleSection\":[\"Appuntamenti, Eventi\",\"Arte, Cultura, Spettacoli, Scienza\",\"Pausa Caff\u00e8\"],\"inLanguage\":\"fr-FR\"},{\"@type\":\"WebPage\",\"@id\":\"https:\\\/\\\/www.bellunopress.it\\\/2020\\\/01\\\/21\\\/difetti-speciali-di-fabio-puletti-e-claudio-rossi-sabato-linaugurazione-allocragialla-faber-di-conegliano\\\/\",\"url\":\"https:\\\/\\\/www.bellunopress.it\\\/2020\\\/01\\\/21\\\/difetti-speciali-di-fabio-puletti-e-claudio-rossi-sabato-linaugurazione-allocragialla-faber-di-conegliano\\\/\",\"name\":\"\u201cDifetti Speciali\u201d di Fabio Puletti e Claudio Rossi. Sabato l'inaugurazione all'Ocragialla Faber di Conegliano - Bellunopress - Dolomiti\",\"isPartOf\":{\"@id\":\"https:\\\/\\\/www.bellunopress.it\\\/#website\"},\"primaryImageOfPage\":{\"@id\":\"https:\\\/\\\/www.bellunopress.it\\\/2020\\\/01\\\/21\\\/difetti-speciali-di-fabio-puletti-e-claudio-rossi-sabato-linaugurazione-allocragialla-faber-di-conegliano\\\/#primaryimage\"},\"image\":{\"@id\":\"https:\\\/\\\/www.bellunopress.it\\\/2020\\\/01\\\/21\\\/difetti-speciali-di-fabio-puletti-e-claudio-rossi-sabato-linaugurazione-allocragialla-faber-di-conegliano\\\/#primaryimage\"},\"thumbnailUrl\":\"http:\\\/\\\/www.bellunopress.it\\\/wp-content\\\/uploads\\\/2020\\\/01\\\/Puletti-e-Rossi-mostra-conegliano.jpg\",\"datePublished\":\"2020-01-21T21:35:04+00:00\",\"dateModified\":\"2020-01-21T21:35:05+00:00\",\"breadcrumb\":{\"@id\":\"https:\\\/\\\/www.bellunopress.it\\\/2020\\\/01\\\/21\\\/difetti-speciali-di-fabio-puletti-e-claudio-rossi-sabato-linaugurazione-allocragialla-faber-di-conegliano\\\/#breadcrumb\"},\"inLanguage\":\"fr-FR\",\"potentialAction\":[{\"@type\":\"ReadAction\",\"target\":[\"https:\\\/\\\/www.bellunopress.it\\\/2020\\\/01\\\/21\\\/difetti-speciali-di-fabio-puletti-e-claudio-rossi-sabato-linaugurazione-allocragialla-faber-di-conegliano\\\/\"]}]},{\"@type\":\"ImageObject\",\"inLanguage\":\"fr-FR\",\"@id\":\"https:\\\/\\\/www.bellunopress.it\\\/2020\\\/01\\\/21\\\/difetti-speciali-di-fabio-puletti-e-claudio-rossi-sabato-linaugurazione-allocragialla-faber-di-conegliano\\\/#primaryimage\",\"url\":\"http:\\\/\\\/www.bellunopress.it\\\/wp-content\\\/uploads\\\/2020\\\/01\\\/Puletti-e-Rossi-mostra-conegliano.jpg\",\"contentUrl\":\"http:\\\/\\\/www.bellunopress.it\\\/wp-content\\\/uploads\\\/2020\\\/01\\\/Puletti-e-Rossi-mostra-conegliano.jpg\"},{\"@type\":\"BreadcrumbList\",\"@id\":\"https:\\\/\\\/www.bellunopress.it\\\/2020\\\/01\\\/21\\\/difetti-speciali-di-fabio-puletti-e-claudio-rossi-sabato-linaugurazione-allocragialla-faber-di-conegliano\\\/#breadcrumb\",\"itemListElement\":[{\"@type\":\"ListItem\",\"position\":1,\"name\":\"Home\",\"item\":\"https:\\\/\\\/www.bellunopress.it\\\/\"},{\"@type\":\"ListItem\",\"position\":2,\"name\":\"\u201cDifetti Speciali\u201d di Fabio Puletti e Claudio Rossi. Sabato l&#8217;inaugurazione all&#8217;Ocragialla Faber di Conegliano\"}]},{\"@type\":\"WebSite\",\"@id\":\"https:\\\/\\\/www.bellunopress.it\\\/#website\",\"url\":\"https:\\\/\\\/www.bellunopress.it\\\/\",\"name\":\"Bellunopress - Dolomiti\",\"description\":\"e-mail: redazione@bellunopress.it\",\"publisher\":{\"@id\":\"https:\\\/\\\/www.bellunopress.it\\\/#organization\"},\"potentialAction\":[{\"@type\":\"SearchAction\",\"target\":{\"@type\":\"EntryPoint\",\"urlTemplate\":\"https:\\\/\\\/www.bellunopress.it\\\/?s={search_term_string}\"},\"query-input\":{\"@type\":\"PropertyValueSpecification\",\"valueRequired\":true,\"valueName\":\"search_term_string\"}}],\"inLanguage\":\"fr-FR\"},{\"@type\":\"Organization\",\"@id\":\"https:\\\/\\\/www.bellunopress.it\\\/#organization\",\"name\":\"Bellunopress\",\"url\":\"https:\\\/\\\/www.bellunopress.it\\\/\",\"logo\":{\"@type\":\"ImageObject\",\"inLanguage\":\"fr-FR\",\"@id\":\"https:\\\/\\\/www.bellunopress.it\\\/#\\\/schema\\\/logo\\\/image\\\/\",\"url\":\"https:\\\/\\\/www.bellunopress.it\\\/wp-content\\\/uploads\\\/2011\\\/05\\\/cropped-logo-bellunopress-.jpg\",\"contentUrl\":\"https:\\\/\\\/www.bellunopress.it\\\/wp-content\\\/uploads\\\/2011\\\/05\\\/cropped-logo-bellunopress-.jpg\",\"width\":512,\"height\":512,\"caption\":\"Bellunopress\"},\"image\":{\"@id\":\"https:\\\/\\\/www.bellunopress.it\\\/#\\\/schema\\\/logo\\\/image\\\/\"},\"sameAs\":[\"https:\\\/\\\/www.facebook.com\\\/profile.php?id=100008943462799\",\"https:\\\/\\\/x.com\\\/bellunopress\",\"https:\\\/\\\/www.linkedin.com\\\/hp\\\/?dnr=JBzUWaJfMUw8vbXJJ2tVW5-I3jZKvC4wsoxE&amp;amp;amp;amp;amp;amp;trk=nav_responsive_tab_home\",\"https:\\\/\\\/www.youtube.com\\\/channel\\\/UCxL0wu1uN0_3_7hGG0306cw\"]},{\"@type\":\"Person\",\"@id\":\"https:\\\/\\\/www.bellunopress.it\\\/#\\\/schema\\\/person\\\/79bb06722b37ece1c03d3e94beb30d73\",\"name\":\"redazione\",\"image\":{\"@type\":\"ImageObject\",\"inLanguage\":\"fr-FR\",\"@id\":\"https:\\\/\\\/secure.gravatar.com\\\/avatar\\\/37d968a2e67a6fd04c169c4bdef102d0bc5d31b2546345219e348575eb80e9a0?s=96&d=mm&r=g\",\"url\":\"https:\\\/\\\/secure.gravatar.com\\\/avatar\\\/37d968a2e67a6fd04c169c4bdef102d0bc5d31b2546345219e348575eb80e9a0?s=96&d=mm&r=g\",\"contentUrl\":\"https:\\\/\\\/secure.gravatar.com\\\/avatar\\\/37d968a2e67a6fd04c169c4bdef102d0bc5d31b2546345219e348575eb80e9a0?s=96&d=mm&r=g\",\"caption\":\"redazione\"},\"sameAs\":[\"http:\\\/\\\/www.bellunopress.it\",\"https:\\\/\\\/x.com\\\/bellunopress\"],\"url\":\"https:\\\/\\\/www.bellunopress.it\\\/fr\\\/author\\\/redazione\\\/\"}]}<\/script>\n<!-- \/ Yoast SEO plugin. -->","yoast_head_json":{"title":"\u201cDifetti Speciali\u201d di Fabio Puletti e Claudio Rossi. Sabato l'inaugurazione all'Ocragialla Faber di Conegliano - Bellunopress - Dolomiti","robots":{"index":"index","follow":"follow","max-snippet":"max-snippet:-1","max-image-preview":"max-image-preview:large","max-video-preview":"max-video-preview:-1"},"canonical":"https:\/\/www.bellunopress.it\/fr\/2020\/01\/21\/difetti-speciali-di-fabio-puletti-e-claudio-rossi-sabato-linaugurazione-allocragialla-faber-di-conegliano\/","og_locale":"fr_FR","og_type":"article","og_title":"\u201cDifetti Speciali\u201d di Fabio Puletti e Claudio Rossi. Sabato l'inaugurazione all'Ocragialla Faber di Conegliano - Bellunopress - Dolomiti","og_description":"Due artisti bellunesi all\u2019Ocragialla Faber in via Ongaro 44 in centro di Conegliano. Sabato 25 gennaio alle ore 18.30 avr\u00e0 luogo l&#8217;inaugurazione di \u201cDifetti speciali\u201d la mostra di Fabio Puletti e Claudio Rossi, con i loro pi\u00f9 recenti lavori. Fabio Puletti, percorrendo con sapienza i linguaggi della modernit\u00e0 pi\u00f9 attuale, ricerca un proprio mondo, una [&hellip;]","og_url":"https:\/\/www.bellunopress.it\/fr\/2020\/01\/21\/difetti-speciali-di-fabio-puletti-e-claudio-rossi-sabato-linaugurazione-allocragialla-faber-di-conegliano\/","og_site_name":"Bellunopress - Dolomiti","article_publisher":"https:\/\/www.facebook.com\/profile.php?id=100008943462799","article_published_time":"2020-01-21T21:35:04+00:00","article_modified_time":"2020-01-21T21:35:05+00:00","og_image":[{"url":"http:\/\/www.bellunopress.it\/wp-content\/uploads\/2020\/01\/Puletti-e-Rossi-mostra-conegliano.jpg","type":"","width":"","height":""}],"author":"redazione","twitter_card":"summary_large_image","twitter_creator":"@bellunopress","twitter_site":"@bellunopress","twitter_misc":{"\u00c9crit par":"redazione","Dur\u00e9e de lecture estim\u00e9e":"1 minute"},"schema":{"@context":"https:\/\/schema.org","@graph":[{"@type":"Article","@id":"https:\/\/www.bellunopress.it\/2020\/01\/21\/difetti-speciali-di-fabio-puletti-e-claudio-rossi-sabato-linaugurazione-allocragialla-faber-di-conegliano\/#article","isPartOf":{"@id":"https:\/\/www.bellunopress.it\/2020\/01\/21\/difetti-speciali-di-fabio-puletti-e-claudio-rossi-sabato-linaugurazione-allocragialla-faber-di-conegliano\/"},"author":{"name":"redazione","@id":"https:\/\/www.bellunopress.it\/#\/schema\/person\/79bb06722b37ece1c03d3e94beb30d73"},"headline":"\u201cDifetti Speciali\u201d di Fabio Puletti e Claudio Rossi. Sabato l&#8217;inaugurazione all&#8217;Ocragialla Faber di Conegliano","datePublished":"2020-01-21T21:35:04+00:00","dateModified":"2020-01-21T21:35:05+00:00","mainEntityOfPage":{"@id":"https:\/\/www.bellunopress.it\/2020\/01\/21\/difetti-speciali-di-fabio-puletti-e-claudio-rossi-sabato-linaugurazione-allocragialla-faber-di-conegliano\/"},"wordCount":154,"publisher":{"@id":"https:\/\/www.bellunopress.it\/#organization"},"image":{"@id":"https:\/\/www.bellunopress.it\/2020\/01\/21\/difetti-speciali-di-fabio-puletti-e-claudio-rossi-sabato-linaugurazione-allocragialla-faber-di-conegliano\/#primaryimage"},"thumbnailUrl":"http:\/\/www.bellunopress.it\/wp-content\/uploads\/2020\/01\/Puletti-e-Rossi-mostra-conegliano.jpg","articleSection":["Appuntamenti, Eventi","Arte, Cultura, Spettacoli, Scienza","Pausa Caff\u00e8"],"inLanguage":"fr-FR"},{"@type":"WebPage","@id":"https:\/\/www.bellunopress.it\/2020\/01\/21\/difetti-speciali-di-fabio-puletti-e-claudio-rossi-sabato-linaugurazione-allocragialla-faber-di-conegliano\/","url":"https:\/\/www.bellunopress.it\/2020\/01\/21\/difetti-speciali-di-fabio-puletti-e-claudio-rossi-sabato-linaugurazione-allocragialla-faber-di-conegliano\/","name":"\u201cDifetti Speciali\u201d di Fabio Puletti e Claudio Rossi. Sabato l'inaugurazione all'Ocragialla Faber di Conegliano - Bellunopress - Dolomiti","isPartOf":{"@id":"https:\/\/www.bellunopress.it\/#website"},"primaryImageOfPage":{"@id":"https:\/\/www.bellunopress.it\/2020\/01\/21\/difetti-speciali-di-fabio-puletti-e-claudio-rossi-sabato-linaugurazione-allocragialla-faber-di-conegliano\/#primaryimage"},"image":{"@id":"https:\/\/www.bellunopress.it\/2020\/01\/21\/difetti-speciali-di-fabio-puletti-e-claudio-rossi-sabato-linaugurazione-allocragialla-faber-di-conegliano\/#primaryimage"},"thumbnailUrl":"http:\/\/www.bellunopress.it\/wp-content\/uploads\/2020\/01\/Puletti-e-Rossi-mostra-conegliano.jpg","datePublished":"2020-01-21T21:35:04+00:00","dateModified":"2020-01-21T21:35:05+00:00","breadcrumb":{"@id":"https:\/\/www.bellunopress.it\/2020\/01\/21\/difetti-speciali-di-fabio-puletti-e-claudio-rossi-sabato-linaugurazione-allocragialla-faber-di-conegliano\/#breadcrumb"},"inLanguage":"fr-FR","potentialAction":[{"@type":"ReadAction","target":["https:\/\/www.bellunopress.it\/2020\/01\/21\/difetti-speciali-di-fabio-puletti-e-claudio-rossi-sabato-linaugurazione-allocragialla-faber-di-conegliano\/"]}]},{"@type":"ImageObject","inLanguage":"fr-FR","@id":"https:\/\/www.bellunopress.it\/2020\/01\/21\/difetti-speciali-di-fabio-puletti-e-claudio-rossi-sabato-linaugurazione-allocragialla-faber-di-conegliano\/#primaryimage","url":"http:\/\/www.bellunopress.it\/wp-content\/uploads\/2020\/01\/Puletti-e-Rossi-mostra-conegliano.jpg","contentUrl":"http:\/\/www.bellunopress.it\/wp-content\/uploads\/2020\/01\/Puletti-e-Rossi-mostra-conegliano.jpg"},{"@type":"BreadcrumbList","@id":"https:\/\/www.bellunopress.it\/2020\/01\/21\/difetti-speciali-di-fabio-puletti-e-claudio-rossi-sabato-linaugurazione-allocragialla-faber-di-conegliano\/#breadcrumb","itemListElement":[{"@type":"ListItem","position":1,"name":"Home","item":"https:\/\/www.bellunopress.it\/"},{"@type":"ListItem","position":2,"name":"\u201cDifetti Speciali\u201d di Fabio Puletti e Claudio Rossi. Sabato l&#8217;inaugurazione all&#8217;Ocragialla Faber di Conegliano"}]},{"@type":"WebSite","@id":"https:\/\/www.bellunopress.it\/#website","url":"https:\/\/www.bellunopress.it\/","name":"Bellunopress - Dolomiti","description":"e-mail: redazione@bellunopress.it","publisher":{"@id":"https:\/\/www.bellunopress.it\/#organization"},"potentialAction":[{"@type":"SearchAction","target":{"@type":"EntryPoint","urlTemplate":"https:\/\/www.bellunopress.it\/?s={search_term_string}"},"query-input":{"@type":"PropertyValueSpecification","valueRequired":true,"valueName":"search_term_string"}}],"inLanguage":"fr-FR"},{"@type":"Organization","@id":"https:\/\/www.bellunopress.it\/#organization","name":"Bellunopress","url":"https:\/\/www.bellunopress.it\/","logo":{"@type":"ImageObject","inLanguage":"fr-FR","@id":"https:\/\/www.bellunopress.it\/#\/schema\/logo\/image\/","url":"https:\/\/www.bellunopress.it\/wp-content\/uploads\/2011\/05\/cropped-logo-bellunopress-.jpg","contentUrl":"https:\/\/www.bellunopress.it\/wp-content\/uploads\/2011\/05\/cropped-logo-bellunopress-.jpg","width":512,"height":512,"caption":"Bellunopress"},"image":{"@id":"https:\/\/www.bellunopress.it\/#\/schema\/logo\/image\/"},"sameAs":["https:\/\/www.facebook.com\/profile.php?id=100008943462799","https:\/\/x.com\/bellunopress","https:\/\/www.linkedin.com\/hp\/?dnr=JBzUWaJfMUw8vbXJJ2tVW5-I3jZKvC4wsoxE&amp;amp;amp;amp;amp;amp;trk=nav_responsive_tab_home","https:\/\/www.youtube.com\/channel\/UCxL0wu1uN0_3_7hGG0306cw"]},{"@type":"Person","@id":"https:\/\/www.bellunopress.it\/#\/schema\/person\/79bb06722b37ece1c03d3e94beb30d73","name":"r\u00e9daction","image":{"@type":"ImageObject","inLanguage":"fr-FR","@id":"https:\/\/secure.gravatar.com\/avatar\/37d968a2e67a6fd04c169c4bdef102d0bc5d31b2546345219e348575eb80e9a0?s=96&d=mm&r=g","url":"https:\/\/secure.gravatar.com\/avatar\/37d968a2e67a6fd04c169c4bdef102d0bc5d31b2546345219e348575eb80e9a0?s=96&d=mm&r=g","contentUrl":"https:\/\/secure.gravatar.com\/avatar\/37d968a2e67a6fd04c169c4bdef102d0bc5d31b2546345219e348575eb80e9a0?s=96&d=mm&r=g","caption":"redazione"},"sameAs":["http:\/\/www.bellunopress.it","https:\/\/x.com\/bellunopress"],"url":"https:\/\/www.bellunopress.it\/fr\/author\/redazione\/"}]}},"_links":{"self":[{"href":"https:\/\/www.bellunopress.it\/fr\/wp-json\/wp\/v2\/posts\/111456","targetHints":{"allow":["GET"]}}],"collection":[{"href":"https:\/\/www.bellunopress.it\/fr\/wp-json\/wp\/v2\/posts"}],"about":[{"href":"https:\/\/www.bellunopress.it\/fr\/wp-json\/wp\/v2\/types\/post"}],"author":[{"embeddable":true,"href":"https:\/\/www.bellunopress.it\/fr\/wp-json\/wp\/v2\/users\/2"}],"replies":[{"embeddable":true,"href":"https:\/\/www.bellunopress.it\/fr\/wp-json\/wp\/v2\/comments?post=111456"}],"version-history":[{"count":2,"href":"https:\/\/www.bellunopress.it\/fr\/wp-json\/wp\/v2\/posts\/111456\/revisions"}],"predecessor-version":[{"id":111459,"href":"https:\/\/www.bellunopress.it\/fr\/wp-json\/wp\/v2\/posts\/111456\/revisions\/111459"}],"wp:attachment":[{"href":"https:\/\/www.bellunopress.it\/fr\/wp-json\/wp\/v2\/media?parent=111456"}],"wp:term":[{"taxonomy":"category","embeddable":true,"href":"https:\/\/www.bellunopress.it\/fr\/wp-json\/wp\/v2\/categories?post=111456"},{"taxonomy":"post_tag","embeddable":true,"href":"https:\/\/www.bellunopress.it\/fr\/wp-json\/wp\/v2\/tags?post=111456"}],"curies":[{"name":"wp","href":"https:\/\/api.w.org\/{rel}","templated":true}]}}