{"id":111433,"date":"2020-01-21T12:53:44","date_gmt":"2020-01-21T11:53:44","guid":{"rendered":"http:\/\/www.bellunopress.it\/?p=111433"},"modified":"2020-01-21T12:53:44","modified_gmt":"2020-01-21T11:53:44","slug":"minorenni-e-droga-monica-mazzoccoli-fdi-solidarieta-alla-famiglia-della-ragazzina","status":"publish","type":"post","link":"https:\/\/www.bellunopress.it\/fr\/2020\/01\/21\/minorenni-e-droga-monica-mazzoccoli-fdi-solidarieta-alla-famiglia-della-ragazzina\/","title":{"rendered":"Minorenni e droga. Monica Mazzoccoli (FdI): &#8220;Solidariet\u00e0 alla famiglia della ragazzina&#8221;"},"content":{"rendered":"<figure id=\"attachment_78575\" aria-describedby=\"caption-attachment-78575\" style=\"width: 300px\" class=\"wp-caption alignleft\"><a href=\"http:\/\/www.bellunopress.it\/fr\/2016\/06\/22\/polizia-ferroviaria-2\/stazione-ferroviaria-2\/\" rel=\"attachment wp-att-78575\"><img loading=\"lazy\" decoding=\"async\" class=\"size-full wp-image-78575\" src=\"http:\/\/www.bellunopress.it\/wp-content\/uploads\/2016\/06\/stazione-ferroviaria.jpg\" alt=\"\" width=\"300\" height=\"225\" \/><\/a><figcaption id=\"caption-attachment-78575\" class=\"wp-caption-text\">Stazione ferroviaria di Belluno<\/figcaption><\/figure>\n<p><a href=\"http:\/\/www.bellunopress.it\/fr\/2018\/06\/01\/sovranismo-e-presidenzialismo-domenica-in-piazza-dei-martiri-due-iniziative-delle-destre-politiche\/fratelli-ditalia\/\" rel=\"attachment wp-att-95482\"><img loading=\"lazy\" decoding=\"async\" class=\"alignleft size-full wp-image-95482\" src=\"http:\/\/www.bellunopress.it\/wp-content\/uploads\/2018\/06\/fratelli-ditalia.jpg\" alt=\"\" width=\"225\" height=\"225\" \/><\/a><\/p>\n<p>La stampa locale di ieri riporta la segnalazione di un cittadino marocchino che denuncia fenomeni diffusi di spaccio nella Stazione di Belluno.<br \/>\nLa figlia adolescente dell\u2019uomo \u00e8 stata ritrovata in stato confusionale, sotto l\u2019effetto di sostanze stupefacenti, proprio nella stazione di quella che \u00e8 una citt\u00e0 che, fino a quest\u2019anno, ha svettato sempre in cima alle classifiche delle citt\u00e0 pi\u00f9 vivibili d\u2019Italia.<\/p>\n<p>\u201cMeno male che in questo caso \u00e8 un cittadino straniero che alza la voce, evidenziando che, da quando frotte non controllate, o quantomeno non adeguatamente monitorate, di immigrati stazionano in citt\u00e0, alcune problematiche sono cresciute in modo esponenziale! E proprio per la provenienza della segnalazione, ritengo non si possa parlare di razzismo.\u201d, afferma la presidente del Circolo cittadino di Fratelli d\u2019Italia, Monica Mazzoccoli.<\/p>\n<p>\u201cFratelli d\u2019Italia da sempre sostiene che l\u2019accoglienza incondizionata e la tolleranza senza controllo e senza misura, avrebbero portato il rischio di tirarci in casa certe problematiche.<br \/>\nIl blocco delle partenze di persone disperate dalle coste libiche e una selezione attenta di chi facciamo entrare in Italia appaiono sempre pi\u00f9 misure doverose. Forse a Belluno i fenomeni di spaccio, prostituzione, furti, scippi, non hanno le dimensioni che hanno in altre citt\u00e0, in cui ci sono interi quartieri in balia degli sbandati, ma io, come madre di figli adolescenti e come cittadina di una citt\u00e0\/gioiello come Belluno, non posso che avvertire forte preoccupazione e naturalmente esprimo tutta la solidariet\u00e0 mia personale e del Circolo Bellunese di FDI alla famiglia della ragazzina cui si faceva riferimento nell\u2019articolo di stampa\u201d<\/p>\n<p>\u201cLa denunzia del signore, padre di famiglia, ha acceso un faro su una realt\u00e0 che da troppo tempo si finge di non vedere: mi riferisco all\u2019inadeguata applicazione delle norme, che ha reso sempre pi\u00f9 difficile arrestare e trattenere in carcere delinquenti e spacciatori.<br \/>\nLo spaccio di stupefacenti \u00e8 il principale affare delle criminalit\u00e0 organizzate, non solo italiane. La lotta all\u2019illegalit\u00e0 \u00e8 un compito che spetta allo Stato e bloccare il flusso di sostanze stupefacenti attraverso i nostri confini, deve essere uno dei principali obiettivi. Ci rendiamo conto da tempo che la nostra realt\u00e0 bellunese non \u00e8 esente dalle problematiche che ormai colpiscono sempre pi\u00f9 tutti i centri abitati d\u2019Italia. Le azioni di contrasto sono indispensabili e devono essere costanti fornendo alle nostre forze dell\u2019ordine un ausilio per la deterrenza e la prevenzione. Questo per preservare i nostri figli, la legalit\u00e0 e la sicurezza delle nostre citt\u00e0.\u201d, commenta Alessandro Farina \u2013 responsabile Forze Armate per Fratelli d\u2019Italia Belluno.<\/p>\n<p>Chiosa Filippo Osnato, portavoce provinciale bellunese di FdI: \u201cChiudere gli occhi e fingere di non vedere i problemi che sempre pi\u00f9 montano nelle nostre citt\u00e0, accusando di razzismo chiunque sollevi una questione che coinvolga un immigrato, \u00e8 atteggiamento miope e pericoloso. Pericoloso soprattutto per quel processo di integrazione reale che tutti auspicano; e di questo, ormai, si rendono conto, per prime, proprio quelle persone che, provenendo da altri Stati e continenti, magari di seconda generazione, ormai in Italia si sono integrati.<br \/>\nSia chiaro, ove presente, il razzismo \u00e8 realmente una piaga che va combattuta ed estirpata, ma questa opera va fatta senza sterili preconcetti che leggono l\u2019immigrato sempre vittima e l\u2019italiano sempre cattivo\u201d.<\/p>","protected":false},"excerpt":{"rendered":"<p>La stampa locale di ieri riporta la segnalazione di un cittadino marocchino che denuncia fenomeni diffusi di spaccio nella Stazione di Belluno. La figlia adolescente dell\u2019uomo \u00e8 stata ritrovata in stato confusionale, sotto l\u2019effetto di sostanze stupefacenti, proprio nella stazione di quella che \u00e8 una citt\u00e0 che, fino a quest\u2019anno, ha svettato sempre in cima [&hellip;]<\/p>\n","protected":false},"author":2,"featured_media":0,"comment_status":"closed","ping_status":"open","sticky":false,"template":"","format":"standard","meta":{"footnotes":""},"categories":[5,26],"tags":[],"class_list":["post-111433","post","type-post","status-publish","format-standard","category-cronaca","category-prima-pagina"],"yoast_head":"<!-- This site is optimized with the Yoast SEO plugin v28.4 - https:\/\/yoast.com\/product\/yoast-seo-wordpress\/ -->\n<title>Minorenni e droga. Monica Mazzoccoli (FdI): &quot;Solidariet\u00e0 alla famiglia della ragazzina&quot; - Bellunopress - Dolomiti<\/title>\n<meta name=\"robots\" content=\"index, follow, max-snippet:-1, max-image-preview:large, max-video-preview:-1\" \/>\n<link rel=\"canonical\" href=\"https:\/\/www.bellunopress.it\/fr\/2020\/01\/21\/minorenni-e-droga-monica-mazzoccoli-fdi-solidarieta-alla-famiglia-della-ragazzina\/\" \/>\n<meta property=\"og:locale\" content=\"fr_FR\" \/>\n<meta property=\"og:type\" content=\"article\" \/>\n<meta property=\"og:title\" content=\"Minorenni e droga. Monica Mazzoccoli (FdI): &quot;Solidariet\u00e0 alla famiglia della ragazzina&quot; - Bellunopress - Dolomiti\" \/>\n<meta property=\"og:description\" content=\"La stampa locale di ieri riporta la segnalazione di un cittadino marocchino che denuncia fenomeni diffusi di spaccio nella Stazione di Belluno. La figlia adolescente dell\u2019uomo \u00e8 stata ritrovata in stato confusionale, sotto l\u2019effetto di sostanze stupefacenti, proprio nella stazione di quella che \u00e8 una citt\u00e0 che, fino a quest\u2019anno, ha svettato sempre in cima [&hellip;]\" \/>\n<meta property=\"og:url\" content=\"https:\/\/www.bellunopress.it\/fr\/2020\/01\/21\/minorenni-e-droga-monica-mazzoccoli-fdi-solidarieta-alla-famiglia-della-ragazzina\/\" \/>\n<meta property=\"og:site_name\" content=\"Bellunopress - Dolomiti\" \/>\n<meta property=\"article:publisher\" content=\"https:\/\/www.facebook.com\/profile.php?id=100008943462799\" \/>\n<meta property=\"article:published_time\" content=\"2020-01-21T11:53:44+00:00\" \/>\n<meta property=\"og:image\" content=\"http:\/\/www.bellunopress.it\/wp-content\/uploads\/2016\/06\/stazione-ferroviaria.jpg\" \/>\n<meta name=\"author\" content=\"redazione\" \/>\n<meta name=\"twitter:card\" content=\"summary_large_image\" \/>\n<meta name=\"twitter:creator\" content=\"@bellunopress\" \/>\n<meta name=\"twitter:site\" content=\"@bellunopress\" \/>\n<meta name=\"twitter:label1\" content=\"\u00c9crit par\" \/>\n\t<meta name=\"twitter:data1\" content=\"redazione\" \/>\n\t<meta name=\"twitter:label2\" content=\"Dur\u00e9e de lecture estim\u00e9e\" \/>\n\t<meta name=\"twitter:data2\" content=\"3 minutes\" \/>\n<script type=\"application\/ld+json\" class=\"yoast-schema-graph\">{\"@context\":\"https:\\\/\\\/schema.org\",\"@graph\":[{\"@type\":\"Article\",\"@id\":\"https:\\\/\\\/www.bellunopress.it\\\/2020\\\/01\\\/21\\\/minorenni-e-droga-monica-mazzoccoli-fdi-solidarieta-alla-famiglia-della-ragazzina\\\/#article\",\"isPartOf\":{\"@id\":\"https:\\\/\\\/www.bellunopress.it\\\/2020\\\/01\\\/21\\\/minorenni-e-droga-monica-mazzoccoli-fdi-solidarieta-alla-famiglia-della-ragazzina\\\/\"},\"author\":{\"name\":\"redazione\",\"@id\":\"https:\\\/\\\/www.bellunopress.it\\\/#\\\/schema\\\/person\\\/79bb06722b37ece1c03d3e94beb30d73\"},\"headline\":\"Minorenni e droga. Monica Mazzoccoli (FdI): &#8220;Solidariet\u00e0 alla famiglia della ragazzina&#8221;\",\"datePublished\":\"2020-01-21T11:53:44+00:00\",\"mainEntityOfPage\":{\"@id\":\"https:\\\/\\\/www.bellunopress.it\\\/2020\\\/01\\\/21\\\/minorenni-e-droga-monica-mazzoccoli-fdi-solidarieta-alla-famiglia-della-ragazzina\\\/\"},\"wordCount\":550,\"publisher\":{\"@id\":\"https:\\\/\\\/www.bellunopress.it\\\/#organization\"},\"image\":{\"@id\":\"https:\\\/\\\/www.bellunopress.it\\\/2020\\\/01\\\/21\\\/minorenni-e-droga-monica-mazzoccoli-fdi-solidarieta-alla-famiglia-della-ragazzina\\\/#primaryimage\"},\"thumbnailUrl\":\"http:\\\/\\\/www.bellunopress.it\\\/wp-content\\\/uploads\\\/2016\\\/06\\\/stazione-ferroviaria.jpg\",\"articleSection\":[\"Cronaca\\\/Politica\",\"Prima Pagina\"],\"inLanguage\":\"fr-FR\"},{\"@type\":\"WebPage\",\"@id\":\"https:\\\/\\\/www.bellunopress.it\\\/2020\\\/01\\\/21\\\/minorenni-e-droga-monica-mazzoccoli-fdi-solidarieta-alla-famiglia-della-ragazzina\\\/\",\"url\":\"https:\\\/\\\/www.bellunopress.it\\\/2020\\\/01\\\/21\\\/minorenni-e-droga-monica-mazzoccoli-fdi-solidarieta-alla-famiglia-della-ragazzina\\\/\",\"name\":\"Minorenni e droga. Monica Mazzoccoli (FdI): \\\"Solidariet\u00e0 alla famiglia della ragazzina\\\" - Bellunopress - Dolomiti\",\"isPartOf\":{\"@id\":\"https:\\\/\\\/www.bellunopress.it\\\/#website\"},\"primaryImageOfPage\":{\"@id\":\"https:\\\/\\\/www.bellunopress.it\\\/2020\\\/01\\\/21\\\/minorenni-e-droga-monica-mazzoccoli-fdi-solidarieta-alla-famiglia-della-ragazzina\\\/#primaryimage\"},\"image\":{\"@id\":\"https:\\\/\\\/www.bellunopress.it\\\/2020\\\/01\\\/21\\\/minorenni-e-droga-monica-mazzoccoli-fdi-solidarieta-alla-famiglia-della-ragazzina\\\/#primaryimage\"},\"thumbnailUrl\":\"http:\\\/\\\/www.bellunopress.it\\\/wp-content\\\/uploads\\\/2016\\\/06\\\/stazione-ferroviaria.jpg\",\"datePublished\":\"2020-01-21T11:53:44+00:00\",\"breadcrumb\":{\"@id\":\"https:\\\/\\\/www.bellunopress.it\\\/2020\\\/01\\\/21\\\/minorenni-e-droga-monica-mazzoccoli-fdi-solidarieta-alla-famiglia-della-ragazzina\\\/#breadcrumb\"},\"inLanguage\":\"fr-FR\",\"potentialAction\":[{\"@type\":\"ReadAction\",\"target\":[\"https:\\\/\\\/www.bellunopress.it\\\/2020\\\/01\\\/21\\\/minorenni-e-droga-monica-mazzoccoli-fdi-solidarieta-alla-famiglia-della-ragazzina\\\/\"]}]},{\"@type\":\"ImageObject\",\"inLanguage\":\"fr-FR\",\"@id\":\"https:\\\/\\\/www.bellunopress.it\\\/2020\\\/01\\\/21\\\/minorenni-e-droga-monica-mazzoccoli-fdi-solidarieta-alla-famiglia-della-ragazzina\\\/#primaryimage\",\"url\":\"http:\\\/\\\/www.bellunopress.it\\\/wp-content\\\/uploads\\\/2016\\\/06\\\/stazione-ferroviaria.jpg\",\"contentUrl\":\"http:\\\/\\\/www.bellunopress.it\\\/wp-content\\\/uploads\\\/2016\\\/06\\\/stazione-ferroviaria.jpg\"},{\"@type\":\"BreadcrumbList\",\"@id\":\"https:\\\/\\\/www.bellunopress.it\\\/2020\\\/01\\\/21\\\/minorenni-e-droga-monica-mazzoccoli-fdi-solidarieta-alla-famiglia-della-ragazzina\\\/#breadcrumb\",\"itemListElement\":[{\"@type\":\"ListItem\",\"position\":1,\"name\":\"Home\",\"item\":\"https:\\\/\\\/www.bellunopress.it\\\/\"},{\"@type\":\"ListItem\",\"position\":2,\"name\":\"Minorenni e droga. Monica Mazzoccoli (FdI): &#8220;Solidariet\u00e0 alla famiglia della ragazzina&#8221;\"}]},{\"@type\":\"WebSite\",\"@id\":\"https:\\\/\\\/www.bellunopress.it\\\/#website\",\"url\":\"https:\\\/\\\/www.bellunopress.it\\\/\",\"name\":\"Bellunopress - Dolomiti\",\"description\":\"e-mail: redazione@bellunopress.it\",\"publisher\":{\"@id\":\"https:\\\/\\\/www.bellunopress.it\\\/#organization\"},\"potentialAction\":[{\"@type\":\"SearchAction\",\"target\":{\"@type\":\"EntryPoint\",\"urlTemplate\":\"https:\\\/\\\/www.bellunopress.it\\\/?s={search_term_string}\"},\"query-input\":{\"@type\":\"PropertyValueSpecification\",\"valueRequired\":true,\"valueName\":\"search_term_string\"}}],\"inLanguage\":\"fr-FR\"},{\"@type\":\"Organization\",\"@id\":\"https:\\\/\\\/www.bellunopress.it\\\/#organization\",\"name\":\"Bellunopress\",\"url\":\"https:\\\/\\\/www.bellunopress.it\\\/\",\"logo\":{\"@type\":\"ImageObject\",\"inLanguage\":\"fr-FR\",\"@id\":\"https:\\\/\\\/www.bellunopress.it\\\/#\\\/schema\\\/logo\\\/image\\\/\",\"url\":\"https:\\\/\\\/www.bellunopress.it\\\/wp-content\\\/uploads\\\/2011\\\/05\\\/cropped-logo-bellunopress-.jpg\",\"contentUrl\":\"https:\\\/\\\/www.bellunopress.it\\\/wp-content\\\/uploads\\\/2011\\\/05\\\/cropped-logo-bellunopress-.jpg\",\"width\":512,\"height\":512,\"caption\":\"Bellunopress\"},\"image\":{\"@id\":\"https:\\\/\\\/www.bellunopress.it\\\/#\\\/schema\\\/logo\\\/image\\\/\"},\"sameAs\":[\"https:\\\/\\\/www.facebook.com\\\/profile.php?id=100008943462799\",\"https:\\\/\\\/x.com\\\/bellunopress\",\"https:\\\/\\\/www.linkedin.com\\\/hp\\\/?dnr=JBzUWaJfMUw8vbXJJ2tVW5-I3jZKvC4wsoxE&amp;amp;amp;amp;amp;amp;trk=nav_responsive_tab_home\",\"https:\\\/\\\/www.youtube.com\\\/channel\\\/UCxL0wu1uN0_3_7hGG0306cw\"]},{\"@type\":\"Person\",\"@id\":\"https:\\\/\\\/www.bellunopress.it\\\/#\\\/schema\\\/person\\\/79bb06722b37ece1c03d3e94beb30d73\",\"name\":\"redazione\",\"image\":{\"@type\":\"ImageObject\",\"inLanguage\":\"fr-FR\",\"@id\":\"https:\\\/\\\/secure.gravatar.com\\\/avatar\\\/37d968a2e67a6fd04c169c4bdef102d0bc5d31b2546345219e348575eb80e9a0?s=96&d=mm&r=g\",\"url\":\"https:\\\/\\\/secure.gravatar.com\\\/avatar\\\/37d968a2e67a6fd04c169c4bdef102d0bc5d31b2546345219e348575eb80e9a0?s=96&d=mm&r=g\",\"contentUrl\":\"https:\\\/\\\/secure.gravatar.com\\\/avatar\\\/37d968a2e67a6fd04c169c4bdef102d0bc5d31b2546345219e348575eb80e9a0?s=96&d=mm&r=g\",\"caption\":\"redazione\"},\"sameAs\":[\"http:\\\/\\\/www.bellunopress.it\",\"https:\\\/\\\/x.com\\\/bellunopress\"],\"url\":\"https:\\\/\\\/www.bellunopress.it\\\/fr\\\/author\\\/redazione\\\/\"}]}<\/script>\n<!-- \/ Yoast SEO plugin. -->","yoast_head_json":{"title":"Minorenni e droga. Monica Mazzoccoli (FdI): \"Solidariet\u00e0 alla famiglia della ragazzina\" - Bellunopress - Dolomiti","robots":{"index":"index","follow":"follow","max-snippet":"max-snippet:-1","max-image-preview":"max-image-preview:large","max-video-preview":"max-video-preview:-1"},"canonical":"https:\/\/www.bellunopress.it\/fr\/2020\/01\/21\/minorenni-e-droga-monica-mazzoccoli-fdi-solidarieta-alla-famiglia-della-ragazzina\/","og_locale":"fr_FR","og_type":"article","og_title":"Minorenni e droga. Monica Mazzoccoli (FdI): \"Solidariet\u00e0 alla famiglia della ragazzina\" - Bellunopress - Dolomiti","og_description":"La stampa locale di ieri riporta la segnalazione di un cittadino marocchino che denuncia fenomeni diffusi di spaccio nella Stazione di Belluno. La figlia adolescente dell\u2019uomo \u00e8 stata ritrovata in stato confusionale, sotto l\u2019effetto di sostanze stupefacenti, proprio nella stazione di quella che \u00e8 una citt\u00e0 che, fino a quest\u2019anno, ha svettato sempre in cima [&hellip;]","og_url":"https:\/\/www.bellunopress.it\/fr\/2020\/01\/21\/minorenni-e-droga-monica-mazzoccoli-fdi-solidarieta-alla-famiglia-della-ragazzina\/","og_site_name":"Bellunopress - Dolomiti","article_publisher":"https:\/\/www.facebook.com\/profile.php?id=100008943462799","article_published_time":"2020-01-21T11:53:44+00:00","og_image":[{"url":"http:\/\/www.bellunopress.it\/wp-content\/uploads\/2016\/06\/stazione-ferroviaria.jpg","type":"","width":"","height":""}],"author":"redazione","twitter_card":"summary_large_image","twitter_creator":"@bellunopress","twitter_site":"@bellunopress","twitter_misc":{"\u00c9crit par":"redazione","Dur\u00e9e de lecture estim\u00e9e":"3 minutes"},"schema":{"@context":"https:\/\/schema.org","@graph":[{"@type":"Article","@id":"https:\/\/www.bellunopress.it\/2020\/01\/21\/minorenni-e-droga-monica-mazzoccoli-fdi-solidarieta-alla-famiglia-della-ragazzina\/#article","isPartOf":{"@id":"https:\/\/www.bellunopress.it\/2020\/01\/21\/minorenni-e-droga-monica-mazzoccoli-fdi-solidarieta-alla-famiglia-della-ragazzina\/"},"author":{"name":"redazione","@id":"https:\/\/www.bellunopress.it\/#\/schema\/person\/79bb06722b37ece1c03d3e94beb30d73"},"headline":"Minorenni e droga. Monica Mazzoccoli (FdI): &#8220;Solidariet\u00e0 alla famiglia della ragazzina&#8221;","datePublished":"2020-01-21T11:53:44+00:00","mainEntityOfPage":{"@id":"https:\/\/www.bellunopress.it\/2020\/01\/21\/minorenni-e-droga-monica-mazzoccoli-fdi-solidarieta-alla-famiglia-della-ragazzina\/"},"wordCount":550,"publisher":{"@id":"https:\/\/www.bellunopress.it\/#organization"},"image":{"@id":"https:\/\/www.bellunopress.it\/2020\/01\/21\/minorenni-e-droga-monica-mazzoccoli-fdi-solidarieta-alla-famiglia-della-ragazzina\/#primaryimage"},"thumbnailUrl":"http:\/\/www.bellunopress.it\/wp-content\/uploads\/2016\/06\/stazione-ferroviaria.jpg","articleSection":["Cronaca\/Politica","Prima Pagina"],"inLanguage":"fr-FR"},{"@type":"WebPage","@id":"https:\/\/www.bellunopress.it\/2020\/01\/21\/minorenni-e-droga-monica-mazzoccoli-fdi-solidarieta-alla-famiglia-della-ragazzina\/","url":"https:\/\/www.bellunopress.it\/2020\/01\/21\/minorenni-e-droga-monica-mazzoccoli-fdi-solidarieta-alla-famiglia-della-ragazzina\/","name":"Minorenni e droga. Monica Mazzoccoli (FdI): \"Solidariet\u00e0 alla famiglia della ragazzina\" - Bellunopress - Dolomiti","isPartOf":{"@id":"https:\/\/www.bellunopress.it\/#website"},"primaryImageOfPage":{"@id":"https:\/\/www.bellunopress.it\/2020\/01\/21\/minorenni-e-droga-monica-mazzoccoli-fdi-solidarieta-alla-famiglia-della-ragazzina\/#primaryimage"},"image":{"@id":"https:\/\/www.bellunopress.it\/2020\/01\/21\/minorenni-e-droga-monica-mazzoccoli-fdi-solidarieta-alla-famiglia-della-ragazzina\/#primaryimage"},"thumbnailUrl":"http:\/\/www.bellunopress.it\/wp-content\/uploads\/2016\/06\/stazione-ferroviaria.jpg","datePublished":"2020-01-21T11:53:44+00:00","breadcrumb":{"@id":"https:\/\/www.bellunopress.it\/2020\/01\/21\/minorenni-e-droga-monica-mazzoccoli-fdi-solidarieta-alla-famiglia-della-ragazzina\/#breadcrumb"},"inLanguage":"fr-FR","potentialAction":[{"@type":"ReadAction","target":["https:\/\/www.bellunopress.it\/2020\/01\/21\/minorenni-e-droga-monica-mazzoccoli-fdi-solidarieta-alla-famiglia-della-ragazzina\/"]}]},{"@type":"ImageObject","inLanguage":"fr-FR","@id":"https:\/\/www.bellunopress.it\/2020\/01\/21\/minorenni-e-droga-monica-mazzoccoli-fdi-solidarieta-alla-famiglia-della-ragazzina\/#primaryimage","url":"http:\/\/www.bellunopress.it\/wp-content\/uploads\/2016\/06\/stazione-ferroviaria.jpg","contentUrl":"http:\/\/www.bellunopress.it\/wp-content\/uploads\/2016\/06\/stazione-ferroviaria.jpg"},{"@type":"BreadcrumbList","@id":"https:\/\/www.bellunopress.it\/2020\/01\/21\/minorenni-e-droga-monica-mazzoccoli-fdi-solidarieta-alla-famiglia-della-ragazzina\/#breadcrumb","itemListElement":[{"@type":"ListItem","position":1,"name":"Home","item":"https:\/\/www.bellunopress.it\/"},{"@type":"ListItem","position":2,"name":"Minorenni e droga. Monica Mazzoccoli (FdI): &#8220;Solidariet\u00e0 alla famiglia della ragazzina&#8221;"}]},{"@type":"WebSite","@id":"https:\/\/www.bellunopress.it\/#website","url":"https:\/\/www.bellunopress.it\/","name":"Bellunopress - Dolomiti","description":"e-mail: redazione@bellunopress.it","publisher":{"@id":"https:\/\/www.bellunopress.it\/#organization"},"potentialAction":[{"@type":"SearchAction","target":{"@type":"EntryPoint","urlTemplate":"https:\/\/www.bellunopress.it\/?s={search_term_string}"},"query-input":{"@type":"PropertyValueSpecification","valueRequired":true,"valueName":"search_term_string"}}],"inLanguage":"fr-FR"},{"@type":"Organization","@id":"https:\/\/www.bellunopress.it\/#organization","name":"Bellunopress","url":"https:\/\/www.bellunopress.it\/","logo":{"@type":"ImageObject","inLanguage":"fr-FR","@id":"https:\/\/www.bellunopress.it\/#\/schema\/logo\/image\/","url":"https:\/\/www.bellunopress.it\/wp-content\/uploads\/2011\/05\/cropped-logo-bellunopress-.jpg","contentUrl":"https:\/\/www.bellunopress.it\/wp-content\/uploads\/2011\/05\/cropped-logo-bellunopress-.jpg","width":512,"height":512,"caption":"Bellunopress"},"image":{"@id":"https:\/\/www.bellunopress.it\/#\/schema\/logo\/image\/"},"sameAs":["https:\/\/www.facebook.com\/profile.php?id=100008943462799","https:\/\/x.com\/bellunopress","https:\/\/www.linkedin.com\/hp\/?dnr=JBzUWaJfMUw8vbXJJ2tVW5-I3jZKvC4wsoxE&amp;amp;amp;amp;amp;amp;trk=nav_responsive_tab_home","https:\/\/www.youtube.com\/channel\/UCxL0wu1uN0_3_7hGG0306cw"]},{"@type":"Person","@id":"https:\/\/www.bellunopress.it\/#\/schema\/person\/79bb06722b37ece1c03d3e94beb30d73","name":"r\u00e9daction","image":{"@type":"ImageObject","inLanguage":"fr-FR","@id":"https:\/\/secure.gravatar.com\/avatar\/37d968a2e67a6fd04c169c4bdef102d0bc5d31b2546345219e348575eb80e9a0?s=96&d=mm&r=g","url":"https:\/\/secure.gravatar.com\/avatar\/37d968a2e67a6fd04c169c4bdef102d0bc5d31b2546345219e348575eb80e9a0?s=96&d=mm&r=g","contentUrl":"https:\/\/secure.gravatar.com\/avatar\/37d968a2e67a6fd04c169c4bdef102d0bc5d31b2546345219e348575eb80e9a0?s=96&d=mm&r=g","caption":"redazione"},"sameAs":["http:\/\/www.bellunopress.it","https:\/\/x.com\/bellunopress"],"url":"https:\/\/www.bellunopress.it\/fr\/author\/redazione\/"}]}},"_links":{"self":[{"href":"https:\/\/www.bellunopress.it\/fr\/wp-json\/wp\/v2\/posts\/111433","targetHints":{"allow":["GET"]}}],"collection":[{"href":"https:\/\/www.bellunopress.it\/fr\/wp-json\/wp\/v2\/posts"}],"about":[{"href":"https:\/\/www.bellunopress.it\/fr\/wp-json\/wp\/v2\/types\/post"}],"author":[{"embeddable":true,"href":"https:\/\/www.bellunopress.it\/fr\/wp-json\/wp\/v2\/users\/2"}],"replies":[{"embeddable":true,"href":"https:\/\/www.bellunopress.it\/fr\/wp-json\/wp\/v2\/comments?post=111433"}],"version-history":[{"count":1,"href":"https:\/\/www.bellunopress.it\/fr\/wp-json\/wp\/v2\/posts\/111433\/revisions"}],"predecessor-version":[{"id":111434,"href":"https:\/\/www.bellunopress.it\/fr\/wp-json\/wp\/v2\/posts\/111433\/revisions\/111434"}],"wp:attachment":[{"href":"https:\/\/www.bellunopress.it\/fr\/wp-json\/wp\/v2\/media?parent=111433"}],"wp:term":[{"taxonomy":"category","embeddable":true,"href":"https:\/\/www.bellunopress.it\/fr\/wp-json\/wp\/v2\/categories?post=111433"},{"taxonomy":"post_tag","embeddable":true,"href":"https:\/\/www.bellunopress.it\/fr\/wp-json\/wp\/v2\/tags?post=111433"}],"curies":[{"name":"wp","href":"https:\/\/api.w.org\/{rel}","templated":true}]}}