{"id":111422,"date":"2020-01-21T05:33:21","date_gmt":"2020-01-21T04:33:21","guid":{"rendered":"http:\/\/www.bellunopress.it\/?p=111422"},"modified":"2020-01-21T09:20:25","modified_gmt":"2020-01-21T08:20:25","slug":"studente-scivola-sul-pendio-ghiacciato-e-perde-la-vita","status":"publish","type":"post","link":"https:\/\/www.bellunopress.it\/fr\/2020\/01\/21\/studente-scivola-sul-pendio-ghiacciato-e-perde-la-vita\/","title":{"rendered":"Studente scivola sul pendio ghiacciato e perde la vita"},"content":{"rendered":"<p><a href=\"http:\/\/www.bellunopress.it\/fr\/2020\/01\/21\/studente-scivola-sul-pendio-ghiacciato-e-perde-la-vita\/soccorso-alpino-guardia-di-finanza-2\/\" rel=\"attachment wp-att-111423\"><img loading=\"lazy\" decoding=\"async\" class=\"alignleft size-full wp-image-111423\" src=\"http:\/\/www.bellunopress.it\/wp-content\/uploads\/2020\/01\/Soccorso-alpino-guardia-di-finanza.jpg\" alt=\"\" width=\"279\" height=\"276\" \/><\/a>Santo Stefano di Cadore, 21 gennaio 2020 &#8211; Ha perso la vita scivolando per centinaia di metri su un pendio ghiacciato in localit\u00e0 Bosconero nei pressi del sentiero Cai 331 nel Comune di Santo Stefano di Cadore, durante un&#8217;escursione con un amico in direzione Monte Col. A dare l&#8217;allarme l&#8217;altro ragazzo rientrato da solo, dopo aver rischiato anche lui la vita scivolando sul ghiaccio nel tentativo di soccorrere l&#8217;amico.<\/p>\n<p>Il corpo di Gabriele Comis, studente 18enne di Campolongo di Cadore \u00e8 stato rinvenuto alle ore 21.40 circa di ieri sera dal personale del Soccorso alpino della Guardia di Finanza di Auronzo, del Soccorso alpino della Val Comelico C.N.S.A.S. e personale medico Suem 118 che ne hanno constatato il decesso. La salma del giovane \u00e8 stata recuperata e trasportata presso camera mortuaria di Santo Stefano di Cadore a disposizione dell&#8217;autorit\u00e0 giudiziaria.<\/p>\n<p>&nbsp;<\/p>\n<p>&nbsp;<\/p>","protected":false},"excerpt":{"rendered":"<p>Santo Stefano di Cadore, 21 gennaio 2020 &#8211; Ha perso la vita scivolando per centinaia di metri su un pendio ghiacciato in localit\u00e0 Bosconero nei pressi del sentiero Cai 331 nel Comune di Santo Stefano di Cadore, durante un&#8217;escursione con un amico in direzione Monte Col. A dare l&#8217;allarme l&#8217;altro ragazzo rientrato da solo, dopo [&hellip;]<\/p>\n","protected":false},"author":2,"featured_media":0,"comment_status":"closed","ping_status":"open","sticky":false,"template":"","format":"standard","meta":{"footnotes":""},"categories":[5,26],"tags":[],"class_list":["post-111422","post","type-post","status-publish","format-standard","category-cronaca","category-prima-pagina"],"yoast_head":"<!-- This site is optimized with the Yoast SEO plugin v28.4 - https:\/\/yoast.com\/product\/yoast-seo-wordpress\/ -->\n<title>Studente scivola sul pendio ghiacciato e perde la vita - Bellunopress - Dolomiti<\/title>\n<meta name=\"robots\" content=\"index, follow, max-snippet:-1, max-image-preview:large, max-video-preview:-1\" \/>\n<link rel=\"canonical\" href=\"https:\/\/www.bellunopress.it\/fr\/2020\/01\/21\/studente-scivola-sul-pendio-ghiacciato-e-perde-la-vita\/\" \/>\n<meta property=\"og:locale\" content=\"fr_FR\" \/>\n<meta property=\"og:type\" content=\"article\" \/>\n<meta property=\"og:title\" content=\"Studente scivola sul pendio ghiacciato e perde la vita - Bellunopress - Dolomiti\" \/>\n<meta property=\"og:description\" content=\"Santo Stefano di Cadore, 21 gennaio 2020 &#8211; Ha perso la vita scivolando per centinaia di metri su un pendio ghiacciato in localit\u00e0 Bosconero nei pressi del sentiero Cai 331 nel Comune di Santo Stefano di Cadore, durante un&#8217;escursione con un amico in direzione Monte Col. A dare l&#8217;allarme l&#8217;altro ragazzo rientrato da solo, dopo [&hellip;]\" \/>\n<meta property=\"og:url\" content=\"https:\/\/www.bellunopress.it\/fr\/2020\/01\/21\/studente-scivola-sul-pendio-ghiacciato-e-perde-la-vita\/\" \/>\n<meta property=\"og:site_name\" content=\"Bellunopress - Dolomiti\" \/>\n<meta property=\"article:publisher\" content=\"https:\/\/www.facebook.com\/profile.php?id=100008943462799\" \/>\n<meta property=\"article:published_time\" content=\"2020-01-21T04:33:21+00:00\" \/>\n<meta property=\"article:modified_time\" content=\"2020-01-21T08:20:25+00:00\" \/>\n<meta property=\"og:image\" content=\"http:\/\/www.bellunopress.it\/wp-content\/uploads\/2020\/01\/Soccorso-alpino-guardia-di-finanza.jpg\" \/>\n<meta name=\"author\" content=\"redazione\" \/>\n<meta name=\"twitter:card\" content=\"summary_large_image\" \/>\n<meta name=\"twitter:creator\" content=\"@bellunopress\" \/>\n<meta name=\"twitter:site\" content=\"@bellunopress\" \/>\n<meta name=\"twitter:label1\" content=\"\u00c9crit par\" \/>\n\t<meta name=\"twitter:data1\" content=\"redazione\" \/>\n\t<meta name=\"twitter:label2\" content=\"Dur\u00e9e de lecture estim\u00e9e\" \/>\n\t<meta name=\"twitter:data2\" content=\"1 minute\" \/>\n<script type=\"application\/ld+json\" class=\"yoast-schema-graph\">{\"@context\":\"https:\\\/\\\/schema.org\",\"@graph\":[{\"@type\":\"Article\",\"@id\":\"https:\\\/\\\/www.bellunopress.it\\\/2020\\\/01\\\/21\\\/studente-scivola-sul-pendio-ghiacciato-e-perde-la-vita\\\/#article\",\"isPartOf\":{\"@id\":\"https:\\\/\\\/www.bellunopress.it\\\/2020\\\/01\\\/21\\\/studente-scivola-sul-pendio-ghiacciato-e-perde-la-vita\\\/\"},\"author\":{\"name\":\"redazione\",\"@id\":\"https:\\\/\\\/www.bellunopress.it\\\/#\\\/schema\\\/person\\\/79bb06722b37ece1c03d3e94beb30d73\"},\"headline\":\"Studente scivola sul pendio ghiacciato e perde la vita\",\"datePublished\":\"2020-01-21T04:33:21+00:00\",\"dateModified\":\"2020-01-21T08:20:25+00:00\",\"mainEntityOfPage\":{\"@id\":\"https:\\\/\\\/www.bellunopress.it\\\/2020\\\/01\\\/21\\\/studente-scivola-sul-pendio-ghiacciato-e-perde-la-vita\\\/\"},\"wordCount\":153,\"publisher\":{\"@id\":\"https:\\\/\\\/www.bellunopress.it\\\/#organization\"},\"image\":{\"@id\":\"https:\\\/\\\/www.bellunopress.it\\\/2020\\\/01\\\/21\\\/studente-scivola-sul-pendio-ghiacciato-e-perde-la-vita\\\/#primaryimage\"},\"thumbnailUrl\":\"http:\\\/\\\/www.bellunopress.it\\\/wp-content\\\/uploads\\\/2020\\\/01\\\/Soccorso-alpino-guardia-di-finanza.jpg\",\"articleSection\":[\"Cronaca\\\/Politica\",\"Prima Pagina\"],\"inLanguage\":\"fr-FR\"},{\"@type\":\"WebPage\",\"@id\":\"https:\\\/\\\/www.bellunopress.it\\\/2020\\\/01\\\/21\\\/studente-scivola-sul-pendio-ghiacciato-e-perde-la-vita\\\/\",\"url\":\"https:\\\/\\\/www.bellunopress.it\\\/2020\\\/01\\\/21\\\/studente-scivola-sul-pendio-ghiacciato-e-perde-la-vita\\\/\",\"name\":\"Studente scivola sul pendio ghiacciato e perde la vita - Bellunopress - Dolomiti\",\"isPartOf\":{\"@id\":\"https:\\\/\\\/www.bellunopress.it\\\/#website\"},\"primaryImageOfPage\":{\"@id\":\"https:\\\/\\\/www.bellunopress.it\\\/2020\\\/01\\\/21\\\/studente-scivola-sul-pendio-ghiacciato-e-perde-la-vita\\\/#primaryimage\"},\"image\":{\"@id\":\"https:\\\/\\\/www.bellunopress.it\\\/2020\\\/01\\\/21\\\/studente-scivola-sul-pendio-ghiacciato-e-perde-la-vita\\\/#primaryimage\"},\"thumbnailUrl\":\"http:\\\/\\\/www.bellunopress.it\\\/wp-content\\\/uploads\\\/2020\\\/01\\\/Soccorso-alpino-guardia-di-finanza.jpg\",\"datePublished\":\"2020-01-21T04:33:21+00:00\",\"dateModified\":\"2020-01-21T08:20:25+00:00\",\"breadcrumb\":{\"@id\":\"https:\\\/\\\/www.bellunopress.it\\\/2020\\\/01\\\/21\\\/studente-scivola-sul-pendio-ghiacciato-e-perde-la-vita\\\/#breadcrumb\"},\"inLanguage\":\"fr-FR\",\"potentialAction\":[{\"@type\":\"ReadAction\",\"target\":[\"https:\\\/\\\/www.bellunopress.it\\\/2020\\\/01\\\/21\\\/studente-scivola-sul-pendio-ghiacciato-e-perde-la-vita\\\/\"]}]},{\"@type\":\"ImageObject\",\"inLanguage\":\"fr-FR\",\"@id\":\"https:\\\/\\\/www.bellunopress.it\\\/2020\\\/01\\\/21\\\/studente-scivola-sul-pendio-ghiacciato-e-perde-la-vita\\\/#primaryimage\",\"url\":\"http:\\\/\\\/www.bellunopress.it\\\/wp-content\\\/uploads\\\/2020\\\/01\\\/Soccorso-alpino-guardia-di-finanza.jpg\",\"contentUrl\":\"http:\\\/\\\/www.bellunopress.it\\\/wp-content\\\/uploads\\\/2020\\\/01\\\/Soccorso-alpino-guardia-di-finanza.jpg\"},{\"@type\":\"BreadcrumbList\",\"@id\":\"https:\\\/\\\/www.bellunopress.it\\\/2020\\\/01\\\/21\\\/studente-scivola-sul-pendio-ghiacciato-e-perde-la-vita\\\/#breadcrumb\",\"itemListElement\":[{\"@type\":\"ListItem\",\"position\":1,\"name\":\"Home\",\"item\":\"https:\\\/\\\/www.bellunopress.it\\\/\"},{\"@type\":\"ListItem\",\"position\":2,\"name\":\"Studente scivola sul pendio ghiacciato e perde la vita\"}]},{\"@type\":\"WebSite\",\"@id\":\"https:\\\/\\\/www.bellunopress.it\\\/#website\",\"url\":\"https:\\\/\\\/www.bellunopress.it\\\/\",\"name\":\"Bellunopress - Dolomiti\",\"description\":\"e-mail: redazione@bellunopress.it\",\"publisher\":{\"@id\":\"https:\\\/\\\/www.bellunopress.it\\\/#organization\"},\"potentialAction\":[{\"@type\":\"SearchAction\",\"target\":{\"@type\":\"EntryPoint\",\"urlTemplate\":\"https:\\\/\\\/www.bellunopress.it\\\/?s={search_term_string}\"},\"query-input\":{\"@type\":\"PropertyValueSpecification\",\"valueRequired\":true,\"valueName\":\"search_term_string\"}}],\"inLanguage\":\"fr-FR\"},{\"@type\":\"Organization\",\"@id\":\"https:\\\/\\\/www.bellunopress.it\\\/#organization\",\"name\":\"Bellunopress\",\"url\":\"https:\\\/\\\/www.bellunopress.it\\\/\",\"logo\":{\"@type\":\"ImageObject\",\"inLanguage\":\"fr-FR\",\"@id\":\"https:\\\/\\\/www.bellunopress.it\\\/#\\\/schema\\\/logo\\\/image\\\/\",\"url\":\"https:\\\/\\\/www.bellunopress.it\\\/wp-content\\\/uploads\\\/2011\\\/05\\\/cropped-logo-bellunopress-.jpg\",\"contentUrl\":\"https:\\\/\\\/www.bellunopress.it\\\/wp-content\\\/uploads\\\/2011\\\/05\\\/cropped-logo-bellunopress-.jpg\",\"width\":512,\"height\":512,\"caption\":\"Bellunopress\"},\"image\":{\"@id\":\"https:\\\/\\\/www.bellunopress.it\\\/#\\\/schema\\\/logo\\\/image\\\/\"},\"sameAs\":[\"https:\\\/\\\/www.facebook.com\\\/profile.php?id=100008943462799\",\"https:\\\/\\\/x.com\\\/bellunopress\",\"https:\\\/\\\/www.linkedin.com\\\/hp\\\/?dnr=JBzUWaJfMUw8vbXJJ2tVW5-I3jZKvC4wsoxE&amp;amp;amp;amp;amp;amp;trk=nav_responsive_tab_home\",\"https:\\\/\\\/www.youtube.com\\\/channel\\\/UCxL0wu1uN0_3_7hGG0306cw\"]},{\"@type\":\"Person\",\"@id\":\"https:\\\/\\\/www.bellunopress.it\\\/#\\\/schema\\\/person\\\/79bb06722b37ece1c03d3e94beb30d73\",\"name\":\"redazione\",\"image\":{\"@type\":\"ImageObject\",\"inLanguage\":\"fr-FR\",\"@id\":\"https:\\\/\\\/secure.gravatar.com\\\/avatar\\\/37d968a2e67a6fd04c169c4bdef102d0bc5d31b2546345219e348575eb80e9a0?s=96&d=mm&r=g\",\"url\":\"https:\\\/\\\/secure.gravatar.com\\\/avatar\\\/37d968a2e67a6fd04c169c4bdef102d0bc5d31b2546345219e348575eb80e9a0?s=96&d=mm&r=g\",\"contentUrl\":\"https:\\\/\\\/secure.gravatar.com\\\/avatar\\\/37d968a2e67a6fd04c169c4bdef102d0bc5d31b2546345219e348575eb80e9a0?s=96&d=mm&r=g\",\"caption\":\"redazione\"},\"sameAs\":[\"http:\\\/\\\/www.bellunopress.it\",\"https:\\\/\\\/x.com\\\/bellunopress\"],\"url\":\"https:\\\/\\\/www.bellunopress.it\\\/fr\\\/author\\\/redazione\\\/\"}]}<\/script>\n<!-- \/ Yoast SEO plugin. -->","yoast_head_json":{"title":"Studente scivola sul pendio ghiacciato e perde la vita - Bellunopress - Dolomiti","robots":{"index":"index","follow":"follow","max-snippet":"max-snippet:-1","max-image-preview":"max-image-preview:large","max-video-preview":"max-video-preview:-1"},"canonical":"https:\/\/www.bellunopress.it\/fr\/2020\/01\/21\/studente-scivola-sul-pendio-ghiacciato-e-perde-la-vita\/","og_locale":"fr_FR","og_type":"article","og_title":"Studente scivola sul pendio ghiacciato e perde la vita - Bellunopress - Dolomiti","og_description":"Santo Stefano di Cadore, 21 gennaio 2020 &#8211; Ha perso la vita scivolando per centinaia di metri su un pendio ghiacciato in localit\u00e0 Bosconero nei pressi del sentiero Cai 331 nel Comune di Santo Stefano di Cadore, durante un&#8217;escursione con un amico in direzione Monte Col. A dare l&#8217;allarme l&#8217;altro ragazzo rientrato da solo, dopo [&hellip;]","og_url":"https:\/\/www.bellunopress.it\/fr\/2020\/01\/21\/studente-scivola-sul-pendio-ghiacciato-e-perde-la-vita\/","og_site_name":"Bellunopress - Dolomiti","article_publisher":"https:\/\/www.facebook.com\/profile.php?id=100008943462799","article_published_time":"2020-01-21T04:33:21+00:00","article_modified_time":"2020-01-21T08:20:25+00:00","og_image":[{"url":"http:\/\/www.bellunopress.it\/wp-content\/uploads\/2020\/01\/Soccorso-alpino-guardia-di-finanza.jpg","type":"","width":"","height":""}],"author":"redazione","twitter_card":"summary_large_image","twitter_creator":"@bellunopress","twitter_site":"@bellunopress","twitter_misc":{"\u00c9crit par":"redazione","Dur\u00e9e de lecture estim\u00e9e":"1 minute"},"schema":{"@context":"https:\/\/schema.org","@graph":[{"@type":"Article","@id":"https:\/\/www.bellunopress.it\/2020\/01\/21\/studente-scivola-sul-pendio-ghiacciato-e-perde-la-vita\/#article","isPartOf":{"@id":"https:\/\/www.bellunopress.it\/2020\/01\/21\/studente-scivola-sul-pendio-ghiacciato-e-perde-la-vita\/"},"author":{"name":"redazione","@id":"https:\/\/www.bellunopress.it\/#\/schema\/person\/79bb06722b37ece1c03d3e94beb30d73"},"headline":"Studente scivola sul pendio ghiacciato e perde la vita","datePublished":"2020-01-21T04:33:21+00:00","dateModified":"2020-01-21T08:20:25+00:00","mainEntityOfPage":{"@id":"https:\/\/www.bellunopress.it\/2020\/01\/21\/studente-scivola-sul-pendio-ghiacciato-e-perde-la-vita\/"},"wordCount":153,"publisher":{"@id":"https:\/\/www.bellunopress.it\/#organization"},"image":{"@id":"https:\/\/www.bellunopress.it\/2020\/01\/21\/studente-scivola-sul-pendio-ghiacciato-e-perde-la-vita\/#primaryimage"},"thumbnailUrl":"http:\/\/www.bellunopress.it\/wp-content\/uploads\/2020\/01\/Soccorso-alpino-guardia-di-finanza.jpg","articleSection":["Cronaca\/Politica","Prima Pagina"],"inLanguage":"fr-FR"},{"@type":"WebPage","@id":"https:\/\/www.bellunopress.it\/2020\/01\/21\/studente-scivola-sul-pendio-ghiacciato-e-perde-la-vita\/","url":"https:\/\/www.bellunopress.it\/2020\/01\/21\/studente-scivola-sul-pendio-ghiacciato-e-perde-la-vita\/","name":"Studente scivola sul pendio ghiacciato e perde la vita - Bellunopress - Dolomiti","isPartOf":{"@id":"https:\/\/www.bellunopress.it\/#website"},"primaryImageOfPage":{"@id":"https:\/\/www.bellunopress.it\/2020\/01\/21\/studente-scivola-sul-pendio-ghiacciato-e-perde-la-vita\/#primaryimage"},"image":{"@id":"https:\/\/www.bellunopress.it\/2020\/01\/21\/studente-scivola-sul-pendio-ghiacciato-e-perde-la-vita\/#primaryimage"},"thumbnailUrl":"http:\/\/www.bellunopress.it\/wp-content\/uploads\/2020\/01\/Soccorso-alpino-guardia-di-finanza.jpg","datePublished":"2020-01-21T04:33:21+00:00","dateModified":"2020-01-21T08:20:25+00:00","breadcrumb":{"@id":"https:\/\/www.bellunopress.it\/2020\/01\/21\/studente-scivola-sul-pendio-ghiacciato-e-perde-la-vita\/#breadcrumb"},"inLanguage":"fr-FR","potentialAction":[{"@type":"ReadAction","target":["https:\/\/www.bellunopress.it\/2020\/01\/21\/studente-scivola-sul-pendio-ghiacciato-e-perde-la-vita\/"]}]},{"@type":"ImageObject","inLanguage":"fr-FR","@id":"https:\/\/www.bellunopress.it\/2020\/01\/21\/studente-scivola-sul-pendio-ghiacciato-e-perde-la-vita\/#primaryimage","url":"http:\/\/www.bellunopress.it\/wp-content\/uploads\/2020\/01\/Soccorso-alpino-guardia-di-finanza.jpg","contentUrl":"http:\/\/www.bellunopress.it\/wp-content\/uploads\/2020\/01\/Soccorso-alpino-guardia-di-finanza.jpg"},{"@type":"BreadcrumbList","@id":"https:\/\/www.bellunopress.it\/2020\/01\/21\/studente-scivola-sul-pendio-ghiacciato-e-perde-la-vita\/#breadcrumb","itemListElement":[{"@type":"ListItem","position":1,"name":"Home","item":"https:\/\/www.bellunopress.it\/"},{"@type":"ListItem","position":2,"name":"Studente scivola sul pendio ghiacciato e perde la vita"}]},{"@type":"WebSite","@id":"https:\/\/www.bellunopress.it\/#website","url":"https:\/\/www.bellunopress.it\/","name":"Bellunopress - Dolomiti","description":"e-mail: redazione@bellunopress.it","publisher":{"@id":"https:\/\/www.bellunopress.it\/#organization"},"potentialAction":[{"@type":"SearchAction","target":{"@type":"EntryPoint","urlTemplate":"https:\/\/www.bellunopress.it\/?s={search_term_string}"},"query-input":{"@type":"PropertyValueSpecification","valueRequired":true,"valueName":"search_term_string"}}],"inLanguage":"fr-FR"},{"@type":"Organization","@id":"https:\/\/www.bellunopress.it\/#organization","name":"Bellunopress","url":"https:\/\/www.bellunopress.it\/","logo":{"@type":"ImageObject","inLanguage":"fr-FR","@id":"https:\/\/www.bellunopress.it\/#\/schema\/logo\/image\/","url":"https:\/\/www.bellunopress.it\/wp-content\/uploads\/2011\/05\/cropped-logo-bellunopress-.jpg","contentUrl":"https:\/\/www.bellunopress.it\/wp-content\/uploads\/2011\/05\/cropped-logo-bellunopress-.jpg","width":512,"height":512,"caption":"Bellunopress"},"image":{"@id":"https:\/\/www.bellunopress.it\/#\/schema\/logo\/image\/"},"sameAs":["https:\/\/www.facebook.com\/profile.php?id=100008943462799","https:\/\/x.com\/bellunopress","https:\/\/www.linkedin.com\/hp\/?dnr=JBzUWaJfMUw8vbXJJ2tVW5-I3jZKvC4wsoxE&amp;amp;amp;amp;amp;amp;trk=nav_responsive_tab_home","https:\/\/www.youtube.com\/channel\/UCxL0wu1uN0_3_7hGG0306cw"]},{"@type":"Person","@id":"https:\/\/www.bellunopress.it\/#\/schema\/person\/79bb06722b37ece1c03d3e94beb30d73","name":"r\u00e9daction","image":{"@type":"ImageObject","inLanguage":"fr-FR","@id":"https:\/\/secure.gravatar.com\/avatar\/37d968a2e67a6fd04c169c4bdef102d0bc5d31b2546345219e348575eb80e9a0?s=96&d=mm&r=g","url":"https:\/\/secure.gravatar.com\/avatar\/37d968a2e67a6fd04c169c4bdef102d0bc5d31b2546345219e348575eb80e9a0?s=96&d=mm&r=g","contentUrl":"https:\/\/secure.gravatar.com\/avatar\/37d968a2e67a6fd04c169c4bdef102d0bc5d31b2546345219e348575eb80e9a0?s=96&d=mm&r=g","caption":"redazione"},"sameAs":["http:\/\/www.bellunopress.it","https:\/\/x.com\/bellunopress"],"url":"https:\/\/www.bellunopress.it\/fr\/author\/redazione\/"}]}},"_links":{"self":[{"href":"https:\/\/www.bellunopress.it\/fr\/wp-json\/wp\/v2\/posts\/111422","targetHints":{"allow":["GET"]}}],"collection":[{"href":"https:\/\/www.bellunopress.it\/fr\/wp-json\/wp\/v2\/posts"}],"about":[{"href":"https:\/\/www.bellunopress.it\/fr\/wp-json\/wp\/v2\/types\/post"}],"author":[{"embeddable":true,"href":"https:\/\/www.bellunopress.it\/fr\/wp-json\/wp\/v2\/users\/2"}],"replies":[{"embeddable":true,"href":"https:\/\/www.bellunopress.it\/fr\/wp-json\/wp\/v2\/comments?post=111422"}],"version-history":[{"count":4,"href":"https:\/\/www.bellunopress.it\/fr\/wp-json\/wp\/v2\/posts\/111422\/revisions"}],"predecessor-version":[{"id":111428,"href":"https:\/\/www.bellunopress.it\/fr\/wp-json\/wp\/v2\/posts\/111422\/revisions\/111428"}],"wp:attachment":[{"href":"https:\/\/www.bellunopress.it\/fr\/wp-json\/wp\/v2\/media?parent=111422"}],"wp:term":[{"taxonomy":"category","embeddable":true,"href":"https:\/\/www.bellunopress.it\/fr\/wp-json\/wp\/v2\/categories?post=111422"},{"taxonomy":"post_tag","embeddable":true,"href":"https:\/\/www.bellunopress.it\/fr\/wp-json\/wp\/v2\/tags?post=111422"}],"curies":[{"name":"wp","href":"https:\/\/api.w.org\/{rel}","templated":true}]}}